{"id":111181,"date":"2022-02-02T11:56:57","date_gmt":"2022-02-02T10:56:57","guid":{"rendered":"https:\/\/radioljubuski.ba\/?p=111181"},"modified":"2022-02-02T11:56:58","modified_gmt":"2022-02-02T10:56:58","slug":"znakovi-da-ste-mozda-imali-omikron-a-da-niste-ni-znali","status":"publish","type":"post","link":"https:\/\/radioljubuski.ba\/index.php\/2022\/02\/02\/znakovi-da-ste-mozda-imali-omikron-a-da-niste-ni-znali\/","title":{"rendered":"Znakovi da ste mo\u017eda imali omikron, a da niste ni znali"},"content":{"rendered":"\n<p>Omikron se za sada pokazao kao varijanta koja uzrokuje bla\u017ee i podno\u0161ljivije simptome.<\/p>\n\n\n\n<p>On utje\u010de na gornji respiratorni sustav, \u0161to zna\u010di da su plu\u0107a kod ve\u0107ine ljudi zara\u017eenih omikronom, poste\u0111ena. Ipak, to sa sobom nosi simptome koje je sada te\u0161ko razlikovati od obi\u010dne prehlade, pa ljudi \u010desto i ne odu na testiranje.<\/p>\n\n\n\n<p>Ako ste u posljednje vrijeme bili bolesni, a niste se testirali ovi znakovi mogli bi ukazivati na to da ste imali ba\u0161 omikron.<\/p>\n\n\n\n<p><strong><em>Klju\u010dni simptomi<\/em><\/strong><\/p>\n\n\n\n<p>Dosad su temperatura, ka\u0161alj i gubitak mirisa bili sigurni znakovi da imate covid. To se s omikronom promijenilo. Sada su naj\u010de\u0161\u0107i simptomi bolno grlo ili peckanje u grlu, curenje nosa, glavobolja, umor i bolovi u tijelu. Professor Tim Spector, \u0161ef studije koja prati simptome covida, ka\u017ee da bi se svi s ovim simptomima trebali testirati.<\/p>\n\n\n\n<p><strong><em>1. Svi u obitelji razboljeli su se jedan za drugim<\/em><\/strong><\/p>\n\n\n\n<p>Respiratorni virusi op\u0107enito su jako zarazni, ipak, covid-19 trenutno je najdominantniji u svijetu. Tako\u0111er, za omikron se pokazalo da se prenosi puno lak\u0161e nego varijante prije i te\u0161ko je da se netko ne zarazi, a u kontaktu je sa zara\u017eenim.<\/p>\n\n\n\n<p>Stoga, ako ste bili bolesni i primijetili ste da vam se svi doma razbolijevaju jedan za drugim, vjerojatno je u pitanju bio omikron.<\/p>\n\n\n\n<p><strong><em>2. Probavni problemi<\/em><\/strong><\/p>\n\n\n\n<p>Prema najnovijim izvje\u0161\u0107ima, zara\u017eeni omikronom javljaju i da imaju probavne smetnje. Povra\u0107anje, mu\u010dnina i gubitak apetita ve\u017ee se za omikron.<\/p>\n\n\n\n<p><strong><em>3. Opadanje kose u velikim koli\u010dinama<\/em><\/strong><\/p>\n\n\n\n<p>Alopecija ili opadanje kose uobi\u010dajen je simptom kod mnogih koji su preboljeli covid. Stru\u010dnjaci ovo pripisuju emocionalnom stresu, lijekovima ili otpu\u0161tanju proinflamatornih citokina kao odgovor tijela na virus. Stoga, ako ste odjednom primijetili da vam opadaju grude kose, a niste se testirali, mogu\u0107e da ste preboljeli zarazu omikronom.<\/p>\n\n\n\n<p><strong><em>4. Infekcija oka ili osip<\/em><\/strong><\/p>\n\n\n\n<p>Prema pisanju Jerusalem Posta, o\u010dna infekcija ili \u010dudan osip na no\u017enim prstima, mo\u017ee biti znak da ste preboljeli omikron.<\/p>\n\n\n\n<p>Iako su blagi, ako osjetite simptome, ostanite kod ku\u0107e, izolirajte se i pratite simptome. Nosite maske i dr\u017eite distancu, posebno od onih najranjivijih, pi\u0161e Times of India.<\/p>\n\n\n\n<p>Izvor:pogled.ba<\/p>\n","protected":false},"excerpt":{"rendered":"<p>Omikron se za sada pokazao kao varijanta koja uzrokuje bla\u017ee i podno\u0161ljivije simptome. On utje\u010de na gornji respiratorni sustav, \u0161to zna\u010di da su plu\u0107a kod ve\u0107ine ljudi zara\u017eenih omikronom, poste\u0111ena. Ipak, to sa sobom nosi simptome koje je sada te\u0161ko razlikovati od obi\u010dne prehlade, pa ljudi \u010desto i ne odu na testiranje. Ako ste u [&hellip;]<\/p>\n","protected":false},"author":2,"featured_media":111182,"comment_status":"closed","ping_status":"closed","sticky":false,"template":"","format":"standard","meta":{"h5ap_radio_sources":[],"footnotes":""},"categories":[1],"tags":[],"class_list":["post-111181","post","type-post","status-publish","format-standard","has-post-thumbnail","hentry","category-bihiregija"],"yoast_head":"<!-- This site is optimized with the Yoast SEO plugin v27.5 - https:\/\/yoast.com\/product\/yoast-seo-wordpress\/ -->\n<title>Znakovi da ste mo\u017eda imali omikron, a da niste ni znali - RADIO LJUBU\u0160KI<\/title>\n<meta name=\"robots\" content=\"index, follow, max-snippet:-1, max-image-preview:large, max-video-preview:-1\" \/>\n<link rel=\"canonical\" href=\"https:\/\/radioljubuski.ba\/index.php\/2022\/02\/02\/znakovi-da-ste-mozda-imali-omikron-a-da-niste-ni-znali\/\" \/>\n<meta property=\"og:locale\" content=\"hr_HR\" \/>\n<meta property=\"og:type\" content=\"article\" \/>\n<meta property=\"og:title\" content=\"Znakovi da ste mo\u017eda imali omikron, a da niste ni znali - RADIO LJUBU\u0160KI\" \/>\n<meta property=\"og:description\" content=\"Omikron se za sada pokazao kao varijanta koja uzrokuje bla\u017ee i podno\u0161ljivije simptome. On utje\u010de na gornji respiratorni sustav, \u0161to zna\u010di da su plu\u0107a kod ve\u0107ine ljudi zara\u017eenih omikronom, poste\u0111ena. Ipak, to sa sobom nosi simptome koje je sada te\u0161ko razlikovati od obi\u010dne prehlade, pa ljudi \u010desto i ne odu na testiranje. Ako ste u [&hellip;]\" \/>\n<meta property=\"og:url\" content=\"https:\/\/radioljubuski.ba\/index.php\/2022\/02\/02\/znakovi-da-ste-mozda-imali-omikron-a-da-niste-ni-znali\/\" \/>\n<meta property=\"og:site_name\" content=\"RADIO LJUBU\u0160KI\" \/>\n<meta property=\"article:publisher\" content=\"https:\/\/www.facebook.com\/Radiio-Ljubuski-1490835324566332\" \/>\n<meta property=\"article:published_time\" content=\"2022-02-02T10:56:57+00:00\" \/>\n<meta property=\"article:modified_time\" content=\"2022-02-02T10:56:58+00:00\" \/>\n<meta property=\"og:image\" content=\"https:\/\/radioljubuski.ba\/wp-content\/uploads\/2022\/02\/cK8FDji4_gripa.jpg\" \/>\n\t<meta property=\"og:image:width\" content=\"1000\" \/>\n\t<meta property=\"og:image:height\" content=\"625\" \/>\n\t<meta property=\"og:image:type\" content=\"image\/jpeg\" \/>\n<meta name=\"author\" content=\"Radio Ljubu\u0161ki\" \/>\n<meta name=\"twitter:card\" content=\"summary_large_image\" \/>\n<meta name=\"twitter:creator\" content=\"@radioljubuski\" \/>\n<meta name=\"twitter:site\" content=\"@radioljubuski\" \/>\n<meta name=\"twitter:label1\" content=\"Napisao\/la\" \/>\n\t<meta name=\"twitter:data1\" content=\"Radio Ljubu\u0161ki\" \/>\n\t<meta name=\"twitter:label2\" content=\"Procijenjeno vrijeme \u010ditanja\" \/>\n\t<meta name=\"twitter:data2\" content=\"2 minute\" \/>\n<script type=\"application\/ld+json\" class=\"yoast-schema-graph\">{\"@context\":\"https:\\\/\\\/schema.org\",\"@graph\":[{\"@type\":\"Article\",\"@id\":\"https:\\\/\\\/radioljubuski.ba\\\/index.php\\\/2022\\\/02\\\/02\\\/znakovi-da-ste-mozda-imali-omikron-a-da-niste-ni-znali\\\/#article\",\"isPartOf\":{\"@id\":\"https:\\\/\\\/radioljubuski.ba\\\/index.php\\\/2022\\\/02\\\/02\\\/znakovi-da-ste-mozda-imali-omikron-a-da-niste-ni-znali\\\/\"},\"author\":{\"name\":\"Radio Ljubu\u0161ki\",\"@id\":\"https:\\\/\\\/radioljubuski.ba\\\/#\\\/schema\\\/person\\\/19fc700381a780f69665d7956c469e3b\"},\"headline\":\"Znakovi da ste mo\u017eda imali omikron, a da niste ni znali\",\"datePublished\":\"2022-02-02T10:56:57+00:00\",\"dateModified\":\"2022-02-02T10:56:58+00:00\",\"mainEntityOfPage\":{\"@id\":\"https:\\\/\\\/radioljubuski.ba\\\/index.php\\\/2022\\\/02\\\/02\\\/znakovi-da-ste-mozda-imali-omikron-a-da-niste-ni-znali\\\/\"},\"wordCount\":380,\"publisher\":{\"@id\":\"https:\\\/\\\/radioljubuski.ba\\\/#organization\"},\"image\":{\"@id\":\"https:\\\/\\\/radioljubuski.ba\\\/index.php\\\/2022\\\/02\\\/02\\\/znakovi-da-ste-mozda-imali-omikron-a-da-niste-ni-znali\\\/#primaryimage\"},\"thumbnailUrl\":\"https:\\\/\\\/radioljubuski.ba\\\/wp-content\\\/uploads\\\/2022\\\/02\\\/cK8FDji4_gripa.jpg\",\"articleSection\":[\"BIH i regija\"],\"inLanguage\":\"hr\"},{\"@type\":\"WebPage\",\"@id\":\"https:\\\/\\\/radioljubuski.ba\\\/index.php\\\/2022\\\/02\\\/02\\\/znakovi-da-ste-mozda-imali-omikron-a-da-niste-ni-znali\\\/\",\"url\":\"https:\\\/\\\/radioljubuski.ba\\\/index.php\\\/2022\\\/02\\\/02\\\/znakovi-da-ste-mozda-imali-omikron-a-da-niste-ni-znali\\\/\",\"name\":\"Znakovi da ste mo\u017eda imali omikron, a da niste ni znali - RADIO LJUBU\u0160KI\",\"isPartOf\":{\"@id\":\"https:\\\/\\\/radioljubuski.ba\\\/#website\"},\"primaryImageOfPage\":{\"@id\":\"https:\\\/\\\/radioljubuski.ba\\\/index.php\\\/2022\\\/02\\\/02\\\/znakovi-da-ste-mozda-imali-omikron-a-da-niste-ni-znali\\\/#primaryimage\"},\"image\":{\"@id\":\"https:\\\/\\\/radioljubuski.ba\\\/index.php\\\/2022\\\/02\\\/02\\\/znakovi-da-ste-mozda-imali-omikron-a-da-niste-ni-znali\\\/#primaryimage\"},\"thumbnailUrl\":\"https:\\\/\\\/radioljubuski.ba\\\/wp-content\\\/uploads\\\/2022\\\/02\\\/cK8FDji4_gripa.jpg\",\"datePublished\":\"2022-02-02T10:56:57+00:00\",\"dateModified\":\"2022-02-02T10:56:58+00:00\",\"breadcrumb\":{\"@id\":\"https:\\\/\\\/radioljubuski.ba\\\/index.php\\\/2022\\\/02\\\/02\\\/znakovi-da-ste-mozda-imali-omikron-a-da-niste-ni-znali\\\/#breadcrumb\"},\"inLanguage\":\"hr\",\"potentialAction\":[{\"@type\":\"ReadAction\",\"target\":[\"https:\\\/\\\/radioljubuski.ba\\\/index.php\\\/2022\\\/02\\\/02\\\/znakovi-da-ste-mozda-imali-omikron-a-da-niste-ni-znali\\\/\"]}]},{\"@type\":\"ImageObject\",\"inLanguage\":\"hr\",\"@id\":\"https:\\\/\\\/radioljubuski.ba\\\/index.php\\\/2022\\\/02\\\/02\\\/znakovi-da-ste-mozda-imali-omikron-a-da-niste-ni-znali\\\/#primaryimage\",\"url\":\"https:\\\/\\\/radioljubuski.ba\\\/wp-content\\\/uploads\\\/2022\\\/02\\\/cK8FDji4_gripa.jpg\",\"contentUrl\":\"https:\\\/\\\/radioljubuski.ba\\\/wp-content\\\/uploads\\\/2022\\\/02\\\/cK8FDji4_gripa.jpg\",\"width\":1000,\"height\":625},{\"@type\":\"BreadcrumbList\",\"@id\":\"https:\\\/\\\/radioljubuski.ba\\\/index.php\\\/2022\\\/02\\\/02\\\/znakovi-da-ste-mozda-imali-omikron-a-da-niste-ni-znali\\\/#breadcrumb\",\"itemListElement\":[{\"@type\":\"ListItem\",\"position\":1,\"name\":\"Po\u010detna stranica\",\"item\":\"https:\\\/\\\/radioljubuski.ba\\\/\"},{\"@type\":\"ListItem\",\"position\":2,\"name\":\"Znakovi da ste mo\u017eda imali omikron, a da niste ni znali\"}]},{\"@type\":\"WebSite\",\"@id\":\"https:\\\/\\\/radioljubuski.ba\\\/#website\",\"url\":\"https:\\\/\\\/radioljubuski.ba\\\/\",\"name\":\"Radio Ljubu\u0161ki\",\"description\":\"Sun\u010dana frekvencija Hercegovine\",\"publisher\":{\"@id\":\"https:\\\/\\\/radioljubuski.ba\\\/#organization\"},\"potentialAction\":[{\"@type\":\"SearchAction\",\"target\":{\"@type\":\"EntryPoint\",\"urlTemplate\":\"https:\\\/\\\/radioljubuski.ba\\\/?s={search_term_string}\"},\"query-input\":{\"@type\":\"PropertyValueSpecification\",\"valueRequired\":true,\"valueName\":\"search_term_string\"}}],\"inLanguage\":\"hr\"},{\"@type\":\"Organization\",\"@id\":\"https:\\\/\\\/radioljubuski.ba\\\/#organization\",\"name\":\"Radio Ljubu\u0161ki\",\"url\":\"https:\\\/\\\/radioljubuski.ba\\\/\",\"logo\":{\"@type\":\"ImageObject\",\"inLanguage\":\"hr\",\"@id\":\"https:\\\/\\\/radioljubuski.ba\\\/#\\\/schema\\\/logo\\\/image\\\/\",\"url\":\"https:\\\/\\\/radioljubuski.ba\\\/wp-content\\\/uploads\\\/2021\\\/02\\\/cropped-Radio_Ljubuski_logo1.jpg\",\"contentUrl\":\"https:\\\/\\\/radioljubuski.ba\\\/wp-content\\\/uploads\\\/2021\\\/02\\\/cropped-Radio_Ljubuski_logo1.jpg\",\"width\":512,\"height\":512,\"caption\":\"Radio Ljubu\u0161ki\"},\"image\":{\"@id\":\"https:\\\/\\\/radioljubuski.ba\\\/#\\\/schema\\\/logo\\\/image\\\/\"},\"sameAs\":[\"https:\\\/\\\/www.facebook.com\\\/Radiio-Ljubuski-1490835324566332\",\"https:\\\/\\\/x.com\\\/radioljubuski\",\"https:\\\/\\\/hr.linkedin.com\\\/company\\\/radio-ljubuski\",\"https:\\\/\\\/www.youtube.com\\\/channel\\\/UCHYaeO_n0Db3tjNGudGpXyw\"]},{\"@type\":\"Person\",\"@id\":\"https:\\\/\\\/radioljubuski.ba\\\/#\\\/schema\\\/person\\\/19fc700381a780f69665d7956c469e3b\",\"name\":\"Radio Ljubu\u0161ki\"}]}<\/script>\n<!-- \/ Yoast SEO plugin. -->","yoast_head_json":{"title":"Znakovi da ste mo\u017eda imali omikron, a da niste ni znali - RADIO LJUBU\u0160KI","robots":{"index":"index","follow":"follow","max-snippet":"max-snippet:-1","max-image-preview":"max-image-preview:large","max-video-preview":"max-video-preview:-1"},"canonical":"https:\/\/radioljubuski.ba\/index.php\/2022\/02\/02\/znakovi-da-ste-mozda-imali-omikron-a-da-niste-ni-znali\/","og_locale":"hr_HR","og_type":"article","og_title":"Znakovi da ste mo\u017eda imali omikron, a da niste ni znali - RADIO LJUBU\u0160KI","og_description":"Omikron se za sada pokazao kao varijanta koja uzrokuje bla\u017ee i podno\u0161ljivije simptome. On utje\u010de na gornji respiratorni sustav, \u0161to zna\u010di da su plu\u0107a kod ve\u0107ine ljudi zara\u017eenih omikronom, poste\u0111ena. Ipak, to sa sobom nosi simptome koje je sada te\u0161ko razlikovati od obi\u010dne prehlade, pa ljudi \u010desto i ne odu na testiranje. Ako ste u [&hellip;]","og_url":"https:\/\/radioljubuski.ba\/index.php\/2022\/02\/02\/znakovi-da-ste-mozda-imali-omikron-a-da-niste-ni-znali\/","og_site_name":"RADIO LJUBU\u0160KI","article_publisher":"https:\/\/www.facebook.com\/Radiio-Ljubuski-1490835324566332","article_published_time":"2022-02-02T10:56:57+00:00","article_modified_time":"2022-02-02T10:56:58+00:00","og_image":[{"width":1000,"height":625,"url":"https:\/\/radioljubuski.ba\/wp-content\/uploads\/2022\/02\/cK8FDji4_gripa.jpg","type":"image\/jpeg"}],"author":"Radio Ljubu\u0161ki","twitter_card":"summary_large_image","twitter_creator":"@radioljubuski","twitter_site":"@radioljubuski","twitter_misc":{"Napisao\/la":"Radio Ljubu\u0161ki","Procijenjeno vrijeme \u010ditanja":"2 minute"},"schema":{"@context":"https:\/\/schema.org","@graph":[{"@type":"Article","@id":"https:\/\/radioljubuski.ba\/index.php\/2022\/02\/02\/znakovi-da-ste-mozda-imali-omikron-a-da-niste-ni-znali\/#article","isPartOf":{"@id":"https:\/\/radioljubuski.ba\/index.php\/2022\/02\/02\/znakovi-da-ste-mozda-imali-omikron-a-da-niste-ni-znali\/"},"author":{"name":"Radio Ljubu\u0161ki","@id":"https:\/\/radioljubuski.ba\/#\/schema\/person\/19fc700381a780f69665d7956c469e3b"},"headline":"Znakovi da ste mo\u017eda imali omikron, a da niste ni znali","datePublished":"2022-02-02T10:56:57+00:00","dateModified":"2022-02-02T10:56:58+00:00","mainEntityOfPage":{"@id":"https:\/\/radioljubuski.ba\/index.php\/2022\/02\/02\/znakovi-da-ste-mozda-imali-omikron-a-da-niste-ni-znali\/"},"wordCount":380,"publisher":{"@id":"https:\/\/radioljubuski.ba\/#organization"},"image":{"@id":"https:\/\/radioljubuski.ba\/index.php\/2022\/02\/02\/znakovi-da-ste-mozda-imali-omikron-a-da-niste-ni-znali\/#primaryimage"},"thumbnailUrl":"https:\/\/radioljubuski.ba\/wp-content\/uploads\/2022\/02\/cK8FDji4_gripa.jpg","articleSection":["BIH i regija"],"inLanguage":"hr"},{"@type":"WebPage","@id":"https:\/\/radioljubuski.ba\/index.php\/2022\/02\/02\/znakovi-da-ste-mozda-imali-omikron-a-da-niste-ni-znali\/","url":"https:\/\/radioljubuski.ba\/index.php\/2022\/02\/02\/znakovi-da-ste-mozda-imali-omikron-a-da-niste-ni-znali\/","name":"Znakovi da ste mo\u017eda imali omikron, a da niste ni znali - RADIO LJUBU\u0160KI","isPartOf":{"@id":"https:\/\/radioljubuski.ba\/#website"},"primaryImageOfPage":{"@id":"https:\/\/radioljubuski.ba\/index.php\/2022\/02\/02\/znakovi-da-ste-mozda-imali-omikron-a-da-niste-ni-znali\/#primaryimage"},"image":{"@id":"https:\/\/radioljubuski.ba\/index.php\/2022\/02\/02\/znakovi-da-ste-mozda-imali-omikron-a-da-niste-ni-znali\/#primaryimage"},"thumbnailUrl":"https:\/\/radioljubuski.ba\/wp-content\/uploads\/2022\/02\/cK8FDji4_gripa.jpg","datePublished":"2022-02-02T10:56:57+00:00","dateModified":"2022-02-02T10:56:58+00:00","breadcrumb":{"@id":"https:\/\/radioljubuski.ba\/index.php\/2022\/02\/02\/znakovi-da-ste-mozda-imali-omikron-a-da-niste-ni-znali\/#breadcrumb"},"inLanguage":"hr","potentialAction":[{"@type":"ReadAction","target":["https:\/\/radioljubuski.ba\/index.php\/2022\/02\/02\/znakovi-da-ste-mozda-imali-omikron-a-da-niste-ni-znali\/"]}]},{"@type":"ImageObject","inLanguage":"hr","@id":"https:\/\/radioljubuski.ba\/index.php\/2022\/02\/02\/znakovi-da-ste-mozda-imali-omikron-a-da-niste-ni-znali\/#primaryimage","url":"https:\/\/radioljubuski.ba\/wp-content\/uploads\/2022\/02\/cK8FDji4_gripa.jpg","contentUrl":"https:\/\/radioljubuski.ba\/wp-content\/uploads\/2022\/02\/cK8FDji4_gripa.jpg","width":1000,"height":625},{"@type":"BreadcrumbList","@id":"https:\/\/radioljubuski.ba\/index.php\/2022\/02\/02\/znakovi-da-ste-mozda-imali-omikron-a-da-niste-ni-znali\/#breadcrumb","itemListElement":[{"@type":"ListItem","position":1,"name":"Po\u010detna stranica","item":"https:\/\/radioljubuski.ba\/"},{"@type":"ListItem","position":2,"name":"Znakovi da ste mo\u017eda imali omikron, a da niste ni znali"}]},{"@type":"WebSite","@id":"https:\/\/radioljubuski.ba\/#website","url":"https:\/\/radioljubuski.ba\/","name":"Radio Ljubu\u0161ki","description":"Sun\u010dana frekvencija Hercegovine","publisher":{"@id":"https:\/\/radioljubuski.ba\/#organization"},"potentialAction":[{"@type":"SearchAction","target":{"@type":"EntryPoint","urlTemplate":"https:\/\/radioljubuski.ba\/?s={search_term_string}"},"query-input":{"@type":"PropertyValueSpecification","valueRequired":true,"valueName":"search_term_string"}}],"inLanguage":"hr"},{"@type":"Organization","@id":"https:\/\/radioljubuski.ba\/#organization","name":"Radio Ljubu\u0161ki","url":"https:\/\/radioljubuski.ba\/","logo":{"@type":"ImageObject","inLanguage":"hr","@id":"https:\/\/radioljubuski.ba\/#\/schema\/logo\/image\/","url":"https:\/\/radioljubuski.ba\/wp-content\/uploads\/2021\/02\/cropped-Radio_Ljubuski_logo1.jpg","contentUrl":"https:\/\/radioljubuski.ba\/wp-content\/uploads\/2021\/02\/cropped-Radio_Ljubuski_logo1.jpg","width":512,"height":512,"caption":"Radio Ljubu\u0161ki"},"image":{"@id":"https:\/\/radioljubuski.ba\/#\/schema\/logo\/image\/"},"sameAs":["https:\/\/www.facebook.com\/Radiio-Ljubuski-1490835324566332","https:\/\/x.com\/radioljubuski","https:\/\/hr.linkedin.com\/company\/radio-ljubuski","https:\/\/www.youtube.com\/channel\/UCHYaeO_n0Db3tjNGudGpXyw"]},{"@type":"Person","@id":"https:\/\/radioljubuski.ba\/#\/schema\/person\/19fc700381a780f69665d7956c469e3b","name":"Radio Ljubu\u0161ki"}]}},"_links":{"self":[{"href":"https:\/\/radioljubuski.ba\/index.php\/wp-json\/wp\/v2\/posts\/111181","targetHints":{"allow":["GET"]}}],"collection":[{"href":"https:\/\/radioljubuski.ba\/index.php\/wp-json\/wp\/v2\/posts"}],"about":[{"href":"https:\/\/radioljubuski.ba\/index.php\/wp-json\/wp\/v2\/types\/post"}],"author":[{"embeddable":true,"href":"https:\/\/radioljubuski.ba\/index.php\/wp-json\/wp\/v2\/users\/2"}],"replies":[{"embeddable":true,"href":"https:\/\/radioljubuski.ba\/index.php\/wp-json\/wp\/v2\/comments?post=111181"}],"version-history":[{"count":1,"href":"https:\/\/radioljubuski.ba\/index.php\/wp-json\/wp\/v2\/posts\/111181\/revisions"}],"predecessor-version":[{"id":111183,"href":"https:\/\/radioljubuski.ba\/index.php\/wp-json\/wp\/v2\/posts\/111181\/revisions\/111183"}],"wp:featuredmedia":[{"embeddable":true,"href":"https:\/\/radioljubuski.ba\/index.php\/wp-json\/wp\/v2\/media\/111182"}],"wp:attachment":[{"href":"https:\/\/radioljubuski.ba\/index.php\/wp-json\/wp\/v2\/media?parent=111181"}],"wp:term":[{"taxonomy":"category","embeddable":true,"href":"https:\/\/radioljubuski.ba\/index.php\/wp-json\/wp\/v2\/categories?post=111181"},{"taxonomy":"post_tag","embeddable":true,"href":"https:\/\/radioljubuski.ba\/index.php\/wp-json\/wp\/v2\/tags?post=111181"}],"curies":[{"name":"wp","href":"https:\/\/api.w.org\/{rel}","templated":true}]}}