{"id":111240,"date":"2022-02-03T09:42:12","date_gmt":"2022-02-03T08:42:12","guid":{"rendered":"https:\/\/radioljubuski.ba\/?p=111240"},"modified":"2022-02-03T09:42:13","modified_gmt":"2022-02-03T08:42:13","slug":"srpski-su-mu-vojnici-zive-spalili-majku-djeda-i-rodake-a-on-je-odbio-provesti-zapovijed-o-likvidaciji-44-srbina-predlazu-me-za-nobela-a-u-gradu-koji-sam-obranio-jos-sam-nepozeljan","status":"publish","type":"post","link":"https:\/\/radioljubuski.ba\/index.php\/2022\/02\/03\/srpski-su-mu-vojnici-zive-spalili-majku-djeda-i-rodake-a-on-je-odbio-provesti-zapovijed-o-likvidaciji-44-srbina-predlazu-me-za-nobela-a-u-gradu-koji-sam-obranio-jos-sam-nepozeljan\/","title":{"rendered":"Srpski su mu vojnici \u017eive spalili majku, djeda i ro\u0111ake, a on je odbio provesti zapovijed o likvidaciji 44 Srbina: \u2018Predla\u017eu me za Nobela, a u gradu koji sam obranio jo\u0161 sam nepo\u017eeljan\u2018"},"content":{"rendered":"\n<p>Pove\u0107a skupina intelektulaca i humanitaraca sa svih strana svijeta, po\u010dev od rodne mu Bosne i Hercegovine, preko Srbije i Izraela, pa do daleke Indije izi\u0161la je s prijedlogom da se me\u0111u kandidatima za idu\u0107u Nobelovu nagradu za mir na\u0111e&nbsp;<strong>Amir Reko<\/strong>, biv\u0161i \u010dasnik Armije BiH.<\/p>\n\n\n\n<p>Znan je po nadimku Makedonac, koji nosi jo\u0161 iz slu\u017ebe u biv\u0161oj JNA, ali i istoimenom filmu snimljenu o njemu i njegovu juna\u010dkom djelu. Ne samo da je obranu Gora\u017eda, jednu od rijetkih bo\u0161nja\u010dkih enklava u isto\u010dnoj Bosni preuzeo kad je najte\u017ee bilo i obranio je, ve\u0107 je u lipnju 1992. odbio provesti naredbu nadre\u0111enih o likvidaciji 44 srpska stanovnika sela Bu\u010dje. Samo tri dana ranije srpski vojnici su u njegovim Gudama \u017eive spalili majku, djeda, ro\u0111ake, njih sedam me\u0111u ukupno 13 \u017ertava. Nije pokleknuo izazovu osvete, ali je ubrzo morao napustiti zapovjedno mjesto, Gora\u017ede i BiH.<\/p>\n\n\n\n<p>Skrasio se u \u0160vedskoj, ali ne zadugo, jer se nakon rata ponovno vratio u Bosnu i pokrenuo uspje\u0161an biznis s drvenim posu\u0111em i namje\u0161tajem. O ru\u017enim i ljep\u0161im stvarima iz tih godina nastavio je glasno pri\u010dati, istupati, pa je osnovao i politi\u010dku platformu &#8220;Most&#8221;, otvorenu za ljude sa svih strana. Ni to nije nekima u njegovu narodu dobro sjelo, pa je u jesen pro\u0161le godine slu\u017ebeno progla\u0161en nepo\u017eeljnim, personom non grata u istom onom Gora\u017edu koje je obranio.<\/p>\n\n\n\n<h2 class=\"wp-block-heading\">ISTINSKI BRANITELJI<\/h2>\n\n\n\n<p>Odluka koja je ve\u0107inski pro\u0161la u tijelima vlasti obja\u0161njena je Rekinim &#8220;izno\u0161enjem neistina te bacanjem ljage na istinske branitelje Gora\u017eda&#8221;.<\/p>\n\n\n\n<p>\u2013 U razgovoru s njim mogao sam se uvjeriti da se radi o \u010dovjeku izvanserijskog formata po pitanju karakternosti, plemenitosti i izvorne bosanske du\u0161evnosti. Iz njega zra\u010de dobrota, \u010dast i \u010destitost, hrabrost i odlu\u010dnost. Za pokazanu humanost i po\u0161tovanje \u017denevske konvencije o pravu ratnih zarobljenika, kad je u iznimno slo\u017eenim uvjetima i najosjetljivijem trenutku sa\u010duvao razum, pru\u017eio je fantasti\u010dan primjer pravog &#8220;\u010dojstva i juna\u0161tva&#8221;. Prema mom dubokom uvjerenju i intuitivnom osje\u0107anju, Amir Reko je zaslu\u017eio da bude nominiran za Nobelovu nagradu za mir \u2013 objasnio je za Deutsche Welle jedan od niza potpisnika prijedloga, profesor&nbsp;<strong>Marjan Hajnal&nbsp;<\/strong>iz Tel Aviva.<\/p>\n\n\n\n<p>Nakon onoga \u0161to je pro\u0161ao, sve ovo je Amiru Reki moralo do\u0107i kao neka vrsta melema na ljutu ranu.<\/p>\n\n\n\n<p>\u2013 Ja sam taj prijedlog \u2013 veli \u2013 primio vi\u0161e kao mogu\u0107nost da se prezentiraju mnogi dobri ljudi koji su \u010dinili sli\u010dne i puno ve\u0107e stvari od mene. \u017delio bih to staviti u prvi plan, ako i do\u0111e do toga, jer to bi bila nagrada svim dobrim ljudima, i \u017eivim i ne\u017eivim, koji su svoje \u017eivote dali za ljudskost. Takvih ljudi ima jako puno u okru\u017eenju, svih nacionalnosti. Ne dolaze u prvi plan, ali ja to znam. To bi me vi\u0161e ispunilo nego sama nagrada, jer bi bila podr\u0161ka dobrim ljudima da razmi\u0161ljaju prosperitetno, da nam je \u017eivjeti jedni pored drugih i s drugima, da je to na\u0161a sudbina. To \u0107e i nama i mladima koji ostaju olak\u0161ati \u017eivot. Dosta je mr\u017enje i gluposti.<\/p>\n\n\n\n<p>\u2013 Drago mi je zbog svega, ali ja osobno nemam vi\u0161e nekih velikih \u017eelja. Sve \u0161to je trebalo, desilo mi se. Nemam neke velike budu\u0107nosti, a Bog odlu\u010duje, od danas do sutra je \u017eivot. Jedina \u017eelja je bila i ostala da kroz svu ovu svoju borbu gradim spomenik svojoj majci, kao \u0161to svi gradimo svojim majkama, da budu ponosne na nas. Ja je ne mogu vratiti, bilo je kako je bilo, ali mi puno zna\u010di taj spomenik za nju. Ja toliko mogu u\u010diniti, vi\u0161e ne \u2013 jo\u0161 \u0107e dodati.<\/p>\n\n\n\n<p>Pitali smo ga i kako je u okru\u017eju u kojemu danas \u017eivi, Sarajevu i Bosni, do\u010dekan prijedlog da ga se uvrsti me\u0111u kandidate za presti\u017enu nagradu?<\/p>\n\n\n\n<p>\u2013 Jedan dio ljudi to je pozitivno primio, me\u0111utim postoji propaganda koja cijelo vrijeme dolazi iz krugova bliskih SDA\u200b i njezinih satelita i oni probaju omalova\u017eiti tako ne\u0161to, pa \u010dak skrnaviti i samo djelo, omalova\u017eavaju\u0107i ga na razne na\u010dine. Unato\u010d svemu, nisu uspjeli, jer tu postoje \u017eivi svjedoci. I dalje me napadaju, kao ja kaljam ugled Armije BiH. Svima sam im rekao da me ne interesira kako im se armije i vojske zovu, ali svi koji su zlo\u010dine \u010dinili nad neja\u010di, djecom i \u017eenama, za mene su neljudi. Masakr koji je Armija BiH napravila u Jo\u0161anici, selu blizu mog, nad srpskim civilima, od kojih 19 \u017eena i 4 djece, i to na na na\u010din da su strpani u jedan u WC i pobijeni, e ako je to njima ugled Armije \u200bBiH, ja onda s njima nemam \u0161to razgovarati \u2013 odgovorio je.<\/p>\n\n\n\n<h2 class=\"wp-block-heading\">SUO\u010cENJE S ISTINOM<\/h2>\n\n\n\n<p>Hrabar kakav je, ignorirao je odluku da je nepo\u017eeljan u Gora\u017edu, pa je nedavno i stao tamo, dok je putovao za Ustikolinu.<\/p>\n\n\n\n<p>\u2013 Imam namjeru opet, poslao sam dopis na\u010delniku da se organizira konferencija i do\u0111u ne samo mediji iz Sarajeva, ve\u0107 Republike Srpske i Mostara, te se jednom napokon suo\u010de s istinom. Ako \u0107e ti zlo\u010dinci, koji jo\u0161 \u017eive tamo i nisu sudski odgovarali, biti primjer na\u0161em narodu, onda ne\u0107emo dobro zavr\u0161iti. To kada sam bio, nisam imao neugodnosti. Sjeo sam u hotel, s prijateljem popio kavu, ali kada je on krenuo doma, susreo se na ulici s pitanjem &#8220;\u0160ta \u0107e\u0161 ti s tim izdajnikom?!&#8221;. Moju rodicu su isto tako presreli i rekli da nas Reke sve treba pobiti. Jako, jako ru\u017ene stvari, ali se ne \u010dudim, jer propaganda postoji 20 i kusur godina i te\u0161ko je prihvatiti neke \u010dinjenice i stvari. Kada potegnete pitanje bo\u0161nja\u010dkih zlo\u010dina, odmah vas do\u010dekaju pitanjem &#8220;A \u0161to su Srbi radili?&#8221;. Ja tako ne \u017eelim razmi\u0161ljati, jer svakoj majci je najte\u017ee kada izgubi sina. Ona je izgubila cijeli svijet. Ne mo\u017ee se, ne smije to stavljati na vagu i opravdavati zlo\u010din zlo\u010dinom. Nikako! \u2013 ka\u017ee Amir.<\/p>\n\n\n\n<p>Nominaciju za Nobelovu nagradu za mir dodjeljuje Odbor petorice norve\u0161kog parlamenta, ali kakva god ona bila, Reko ka\u017ee da ne\u0107e biti razo\u010daran.<\/p>\n\n\n\n<p>\u2013 Ja sam ve\u0107 ponosan \u010dovjek jer me zvalo jako puno ljudi iz regiona, znanih i neznanih, i \u010destitalo mi. Jedino se nadam da \u0107u kroz ovu svoju borbu protiv vjetrenja\u010da ohrabriti ljude u cijelom regionu i shvatiti ako smo ljudi, ako smo vjernici, onda smo du\u017eni za na\u0161eg \u017eivota u\u010diniti sve za dobrobit \u010dovjeka. Jednog dana kada nas crna zemlja pokrije, o nama \u0107e se govoriti onoliko koliko smo dobrih djela u\u010dinili \u2013 poru\u010dio je Amir Reko.<\/p>\n\n\n\n<p><strong>Izvor: Slobodna Dalmacija<\/strong><\/p>\n","protected":false},"excerpt":{"rendered":"<p>Pove\u0107a skupina intelektulaca i humanitaraca sa svih strana svijeta, po\u010dev od rodne mu Bosne i Hercegovine, preko Srbije i Izraela, pa do daleke Indije izi\u0161la je s prijedlogom da se me\u0111u kandidatima za idu\u0107u Nobelovu nagradu za mir na\u0111e&nbsp;Amir Reko, biv\u0161i \u010dasnik Armije BiH. Znan je po nadimku Makedonac, koji nosi jo\u0161 iz slu\u017ebe u [&hellip;]<\/p>\n","protected":false},"author":2,"featured_media":111241,"comment_status":"closed","ping_status":"closed","sticky":false,"template":"","format":"standard","meta":{"h5ap_radio_sources":[],"footnotes":""},"categories":[1],"tags":[],"class_list":["post-111240","post","type-post","status-publish","format-standard","has-post-thumbnail","hentry","category-bihiregija"],"yoast_head":"<!-- This site is optimized with the Yoast SEO plugin v27.4 - https:\/\/yoast.com\/product\/yoast-seo-wordpress\/ -->\n<title>Srpski su mu vojnici \u017eive spalili majku, djeda i ro\u0111ake, a on je odbio provesti zapovijed o likvidaciji 44 Srbina: \u2018Predla\u017eu me za Nobela, a u gradu koji sam obranio jo\u0161 sam nepo\u017eeljan\u2018 - RADIO LJUBU\u0160KI<\/title>\n<meta name=\"robots\" content=\"index, follow, max-snippet:-1, max-image-preview:large, max-video-preview:-1\" \/>\n<link rel=\"canonical\" href=\"https:\/\/radioljubuski.ba\/index.php\/2022\/02\/03\/srpski-su-mu-vojnici-zive-spalili-majku-djeda-i-rodake-a-on-je-odbio-provesti-zapovijed-o-likvidaciji-44-srbina-predlazu-me-za-nobela-a-u-gradu-koji-sam-obranio-jos-sam-nepozeljan\/\" \/>\n<meta property=\"og:locale\" content=\"hr_HR\" \/>\n<meta property=\"og:type\" content=\"article\" \/>\n<meta property=\"og:title\" content=\"Srpski su mu vojnici \u017eive spalili majku, djeda i ro\u0111ake, a on je odbio provesti zapovijed o likvidaciji 44 Srbina: \u2018Predla\u017eu me za Nobela, a u gradu koji sam obranio jo\u0161 sam nepo\u017eeljan\u2018 - RADIO LJUBU\u0160KI\" \/>\n<meta property=\"og:description\" content=\"Pove\u0107a skupina intelektulaca i humanitaraca sa svih strana svijeta, po\u010dev od rodne mu Bosne i Hercegovine, preko Srbije i Izraela, pa do daleke Indije izi\u0161la je s prijedlogom da se me\u0111u kandidatima za idu\u0107u Nobelovu nagradu za mir na\u0111e&nbsp;Amir Reko, biv\u0161i \u010dasnik Armije BiH. Znan je po nadimku Makedonac, koji nosi jo\u0161 iz slu\u017ebe u [&hellip;]\" \/>\n<meta property=\"og:url\" content=\"https:\/\/radioljubuski.ba\/index.php\/2022\/02\/03\/srpski-su-mu-vojnici-zive-spalili-majku-djeda-i-rodake-a-on-je-odbio-provesti-zapovijed-o-likvidaciji-44-srbina-predlazu-me-za-nobela-a-u-gradu-koji-sam-obranio-jos-sam-nepozeljan\/\" \/>\n<meta property=\"og:site_name\" content=\"RADIO LJUBU\u0160KI\" \/>\n<meta property=\"article:publisher\" content=\"https:\/\/www.facebook.com\/Radiio-Ljubuski-1490835324566332\" \/>\n<meta property=\"article:published_time\" content=\"2022-02-03T08:42:12+00:00\" \/>\n<meta property=\"article:modified_time\" content=\"2022-02-03T08:42:13+00:00\" \/>\n<meta property=\"og:image\" content=\"https:\/\/radioljubuski.ba\/wp-content\/uploads\/2022\/02\/almir-reko.jpg\" \/>\n\t<meta property=\"og:image:width\" content=\"994\" \/>\n\t<meta property=\"og:image:height\" content=\"605\" \/>\n\t<meta property=\"og:image:type\" content=\"image\/jpeg\" \/>\n<meta name=\"author\" content=\"Radio Ljubu\u0161ki\" \/>\n<meta name=\"twitter:card\" content=\"summary_large_image\" \/>\n<meta name=\"twitter:creator\" content=\"@radioljubuski\" \/>\n<meta name=\"twitter:site\" content=\"@radioljubuski\" \/>\n<meta name=\"twitter:label1\" content=\"Napisao\/la\" \/>\n\t<meta name=\"twitter:data1\" content=\"Radio Ljubu\u0161ki\" \/>\n\t<meta name=\"twitter:label2\" content=\"Procijenjeno vrijeme \u010ditanja\" \/>\n\t<meta name=\"twitter:data2\" content=\"5 minuta\" \/>\n<script type=\"application\/ld+json\" class=\"yoast-schema-graph\">{\"@context\":\"https:\\\/\\\/schema.org\",\"@graph\":[{\"@type\":\"Article\",\"@id\":\"https:\\\/\\\/radioljubuski.ba\\\/index.php\\\/2022\\\/02\\\/03\\\/srpski-su-mu-vojnici-zive-spalili-majku-djeda-i-rodake-a-on-je-odbio-provesti-zapovijed-o-likvidaciji-44-srbina-predlazu-me-za-nobela-a-u-gradu-koji-sam-obranio-jos-sam-nepozeljan\\\/#article\",\"isPartOf\":{\"@id\":\"https:\\\/\\\/radioljubuski.ba\\\/index.php\\\/2022\\\/02\\\/03\\\/srpski-su-mu-vojnici-zive-spalili-majku-djeda-i-rodake-a-on-je-odbio-provesti-zapovijed-o-likvidaciji-44-srbina-predlazu-me-za-nobela-a-u-gradu-koji-sam-obranio-jos-sam-nepozeljan\\\/\"},\"author\":{\"name\":\"Radio Ljubu\u0161ki\",\"@id\":\"https:\\\/\\\/radioljubuski.ba\\\/#\\\/schema\\\/person\\\/19fc700381a780f69665d7956c469e3b\"},\"headline\":\"Srpski su mu vojnici \u017eive spalili majku, djeda i ro\u0111ake, a on je odbio provesti zapovijed o likvidaciji 44 Srbina: \u2018Predla\u017eu me za Nobela, a u gradu koji sam obranio jo\u0161 sam nepo\u017eeljan\u2018\",\"datePublished\":\"2022-02-03T08:42:12+00:00\",\"dateModified\":\"2022-02-03T08:42:13+00:00\",\"mainEntityOfPage\":{\"@id\":\"https:\\\/\\\/radioljubuski.ba\\\/index.php\\\/2022\\\/02\\\/03\\\/srpski-su-mu-vojnici-zive-spalili-majku-djeda-i-rodake-a-on-je-odbio-provesti-zapovijed-o-likvidaciji-44-srbina-predlazu-me-za-nobela-a-u-gradu-koji-sam-obranio-jos-sam-nepozeljan\\\/\"},\"wordCount\":1173,\"publisher\":{\"@id\":\"https:\\\/\\\/radioljubuski.ba\\\/#organization\"},\"image\":{\"@id\":\"https:\\\/\\\/radioljubuski.ba\\\/index.php\\\/2022\\\/02\\\/03\\\/srpski-su-mu-vojnici-zive-spalili-majku-djeda-i-rodake-a-on-je-odbio-provesti-zapovijed-o-likvidaciji-44-srbina-predlazu-me-za-nobela-a-u-gradu-koji-sam-obranio-jos-sam-nepozeljan\\\/#primaryimage\"},\"thumbnailUrl\":\"https:\\\/\\\/radioljubuski.ba\\\/wp-content\\\/uploads\\\/2022\\\/02\\\/almir-reko.jpg\",\"articleSection\":[\"BIH i regija\"],\"inLanguage\":\"hr\"},{\"@type\":\"WebPage\",\"@id\":\"https:\\\/\\\/radioljubuski.ba\\\/index.php\\\/2022\\\/02\\\/03\\\/srpski-su-mu-vojnici-zive-spalili-majku-djeda-i-rodake-a-on-je-odbio-provesti-zapovijed-o-likvidaciji-44-srbina-predlazu-me-za-nobela-a-u-gradu-koji-sam-obranio-jos-sam-nepozeljan\\\/\",\"url\":\"https:\\\/\\\/radioljubuski.ba\\\/index.php\\\/2022\\\/02\\\/03\\\/srpski-su-mu-vojnici-zive-spalili-majku-djeda-i-rodake-a-on-je-odbio-provesti-zapovijed-o-likvidaciji-44-srbina-predlazu-me-za-nobela-a-u-gradu-koji-sam-obranio-jos-sam-nepozeljan\\\/\",\"name\":\"Srpski su mu vojnici \u017eive spalili majku, djeda i ro\u0111ake, a on je odbio provesti zapovijed o likvidaciji 44 Srbina: \u2018Predla\u017eu me za Nobela, a u gradu koji sam obranio jo\u0161 sam nepo\u017eeljan\u2018 - RADIO LJUBU\u0160KI\",\"isPartOf\":{\"@id\":\"https:\\\/\\\/radioljubuski.ba\\\/#website\"},\"primaryImageOfPage\":{\"@id\":\"https:\\\/\\\/radioljubuski.ba\\\/index.php\\\/2022\\\/02\\\/03\\\/srpski-su-mu-vojnici-zive-spalili-majku-djeda-i-rodake-a-on-je-odbio-provesti-zapovijed-o-likvidaciji-44-srbina-predlazu-me-za-nobela-a-u-gradu-koji-sam-obranio-jos-sam-nepozeljan\\\/#primaryimage\"},\"image\":{\"@id\":\"https:\\\/\\\/radioljubuski.ba\\\/index.php\\\/2022\\\/02\\\/03\\\/srpski-su-mu-vojnici-zive-spalili-majku-djeda-i-rodake-a-on-je-odbio-provesti-zapovijed-o-likvidaciji-44-srbina-predlazu-me-za-nobela-a-u-gradu-koji-sam-obranio-jos-sam-nepozeljan\\\/#primaryimage\"},\"thumbnailUrl\":\"https:\\\/\\\/radioljubuski.ba\\\/wp-content\\\/uploads\\\/2022\\\/02\\\/almir-reko.jpg\",\"datePublished\":\"2022-02-03T08:42:12+00:00\",\"dateModified\":\"2022-02-03T08:42:13+00:00\",\"breadcrumb\":{\"@id\":\"https:\\\/\\\/radioljubuski.ba\\\/index.php\\\/2022\\\/02\\\/03\\\/srpski-su-mu-vojnici-zive-spalili-majku-djeda-i-rodake-a-on-je-odbio-provesti-zapovijed-o-likvidaciji-44-srbina-predlazu-me-za-nobela-a-u-gradu-koji-sam-obranio-jos-sam-nepozeljan\\\/#breadcrumb\"},\"inLanguage\":\"hr\",\"potentialAction\":[{\"@type\":\"ReadAction\",\"target\":[\"https:\\\/\\\/radioljubuski.ba\\\/index.php\\\/2022\\\/02\\\/03\\\/srpski-su-mu-vojnici-zive-spalili-majku-djeda-i-rodake-a-on-je-odbio-provesti-zapovijed-o-likvidaciji-44-srbina-predlazu-me-za-nobela-a-u-gradu-koji-sam-obranio-jos-sam-nepozeljan\\\/\"]}]},{\"@type\":\"ImageObject\",\"inLanguage\":\"hr\",\"@id\":\"https:\\\/\\\/radioljubuski.ba\\\/index.php\\\/2022\\\/02\\\/03\\\/srpski-su-mu-vojnici-zive-spalili-majku-djeda-i-rodake-a-on-je-odbio-provesti-zapovijed-o-likvidaciji-44-srbina-predlazu-me-za-nobela-a-u-gradu-koji-sam-obranio-jos-sam-nepozeljan\\\/#primaryimage\",\"url\":\"https:\\\/\\\/radioljubuski.ba\\\/wp-content\\\/uploads\\\/2022\\\/02\\\/almir-reko.jpg\",\"contentUrl\":\"https:\\\/\\\/radioljubuski.ba\\\/wp-content\\\/uploads\\\/2022\\\/02\\\/almir-reko.jpg\",\"width\":994,\"height\":605},{\"@type\":\"BreadcrumbList\",\"@id\":\"https:\\\/\\\/radioljubuski.ba\\\/index.php\\\/2022\\\/02\\\/03\\\/srpski-su-mu-vojnici-zive-spalili-majku-djeda-i-rodake-a-on-je-odbio-provesti-zapovijed-o-likvidaciji-44-srbina-predlazu-me-za-nobela-a-u-gradu-koji-sam-obranio-jos-sam-nepozeljan\\\/#breadcrumb\",\"itemListElement\":[{\"@type\":\"ListItem\",\"position\":1,\"name\":\"Po\u010detna stranica\",\"item\":\"https:\\\/\\\/radioljubuski.ba\\\/\"},{\"@type\":\"ListItem\",\"position\":2,\"name\":\"Srpski su mu vojnici \u017eive spalili majku, djeda i ro\u0111ake, a on je odbio provesti zapovijed o likvidaciji 44 Srbina: \u2018Predla\u017eu me za Nobela, a u gradu koji sam obranio jo\u0161 sam nepo\u017eeljan\u2018\"}]},{\"@type\":\"WebSite\",\"@id\":\"https:\\\/\\\/radioljubuski.ba\\\/#website\",\"url\":\"https:\\\/\\\/radioljubuski.ba\\\/\",\"name\":\"Radio Ljubu\u0161ki\",\"description\":\"Sun\u010dana frekvencija Hercegovine\",\"publisher\":{\"@id\":\"https:\\\/\\\/radioljubuski.ba\\\/#organization\"},\"potentialAction\":[{\"@type\":\"SearchAction\",\"target\":{\"@type\":\"EntryPoint\",\"urlTemplate\":\"https:\\\/\\\/radioljubuski.ba\\\/?s={search_term_string}\"},\"query-input\":{\"@type\":\"PropertyValueSpecification\",\"valueRequired\":true,\"valueName\":\"search_term_string\"}}],\"inLanguage\":\"hr\"},{\"@type\":\"Organization\",\"@id\":\"https:\\\/\\\/radioljubuski.ba\\\/#organization\",\"name\":\"Radio Ljubu\u0161ki\",\"url\":\"https:\\\/\\\/radioljubuski.ba\\\/\",\"logo\":{\"@type\":\"ImageObject\",\"inLanguage\":\"hr\",\"@id\":\"https:\\\/\\\/radioljubuski.ba\\\/#\\\/schema\\\/logo\\\/image\\\/\",\"url\":\"https:\\\/\\\/radioljubuski.ba\\\/wp-content\\\/uploads\\\/2021\\\/02\\\/cropped-Radio_Ljubuski_logo1.jpg\",\"contentUrl\":\"https:\\\/\\\/radioljubuski.ba\\\/wp-content\\\/uploads\\\/2021\\\/02\\\/cropped-Radio_Ljubuski_logo1.jpg\",\"width\":512,\"height\":512,\"caption\":\"Radio Ljubu\u0161ki\"},\"image\":{\"@id\":\"https:\\\/\\\/radioljubuski.ba\\\/#\\\/schema\\\/logo\\\/image\\\/\"},\"sameAs\":[\"https:\\\/\\\/www.facebook.com\\\/Radiio-Ljubuski-1490835324566332\",\"https:\\\/\\\/x.com\\\/radioljubuski\",\"https:\\\/\\\/hr.linkedin.com\\\/company\\\/radio-ljubuski\",\"https:\\\/\\\/www.youtube.com\\\/channel\\\/UCHYaeO_n0Db3tjNGudGpXyw\"]},{\"@type\":\"Person\",\"@id\":\"https:\\\/\\\/radioljubuski.ba\\\/#\\\/schema\\\/person\\\/19fc700381a780f69665d7956c469e3b\",\"name\":\"Radio Ljubu\u0161ki\"}]}<\/script>\n<!-- \/ Yoast SEO plugin. -->","yoast_head_json":{"title":"Srpski su mu vojnici \u017eive spalili majku, djeda i ro\u0111ake, a on je odbio provesti zapovijed o likvidaciji 44 Srbina: \u2018Predla\u017eu me za Nobela, a u gradu koji sam obranio jo\u0161 sam nepo\u017eeljan\u2018 - RADIO LJUBU\u0160KI","robots":{"index":"index","follow":"follow","max-snippet":"max-snippet:-1","max-image-preview":"max-image-preview:large","max-video-preview":"max-video-preview:-1"},"canonical":"https:\/\/radioljubuski.ba\/index.php\/2022\/02\/03\/srpski-su-mu-vojnici-zive-spalili-majku-djeda-i-rodake-a-on-je-odbio-provesti-zapovijed-o-likvidaciji-44-srbina-predlazu-me-za-nobela-a-u-gradu-koji-sam-obranio-jos-sam-nepozeljan\/","og_locale":"hr_HR","og_type":"article","og_title":"Srpski su mu vojnici \u017eive spalili majku, djeda i ro\u0111ake, a on je odbio provesti zapovijed o likvidaciji 44 Srbina: \u2018Predla\u017eu me za Nobela, a u gradu koji sam obranio jo\u0161 sam nepo\u017eeljan\u2018 - RADIO LJUBU\u0160KI","og_description":"Pove\u0107a skupina intelektulaca i humanitaraca sa svih strana svijeta, po\u010dev od rodne mu Bosne i Hercegovine, preko Srbije i Izraela, pa do daleke Indije izi\u0161la je s prijedlogom da se me\u0111u kandidatima za idu\u0107u Nobelovu nagradu za mir na\u0111e&nbsp;Amir Reko, biv\u0161i \u010dasnik Armije BiH. Znan je po nadimku Makedonac, koji nosi jo\u0161 iz slu\u017ebe u [&hellip;]","og_url":"https:\/\/radioljubuski.ba\/index.php\/2022\/02\/03\/srpski-su-mu-vojnici-zive-spalili-majku-djeda-i-rodake-a-on-je-odbio-provesti-zapovijed-o-likvidaciji-44-srbina-predlazu-me-za-nobela-a-u-gradu-koji-sam-obranio-jos-sam-nepozeljan\/","og_site_name":"RADIO LJUBU\u0160KI","article_publisher":"https:\/\/www.facebook.com\/Radiio-Ljubuski-1490835324566332","article_published_time":"2022-02-03T08:42:12+00:00","article_modified_time":"2022-02-03T08:42:13+00:00","og_image":[{"width":994,"height":605,"url":"https:\/\/radioljubuski.ba\/wp-content\/uploads\/2022\/02\/almir-reko.jpg","type":"image\/jpeg"}],"author":"Radio Ljubu\u0161ki","twitter_card":"summary_large_image","twitter_creator":"@radioljubuski","twitter_site":"@radioljubuski","twitter_misc":{"Napisao\/la":"Radio Ljubu\u0161ki","Procijenjeno vrijeme \u010ditanja":"5 minuta"},"schema":{"@context":"https:\/\/schema.org","@graph":[{"@type":"Article","@id":"https:\/\/radioljubuski.ba\/index.php\/2022\/02\/03\/srpski-su-mu-vojnici-zive-spalili-majku-djeda-i-rodake-a-on-je-odbio-provesti-zapovijed-o-likvidaciji-44-srbina-predlazu-me-za-nobela-a-u-gradu-koji-sam-obranio-jos-sam-nepozeljan\/#article","isPartOf":{"@id":"https:\/\/radioljubuski.ba\/index.php\/2022\/02\/03\/srpski-su-mu-vojnici-zive-spalili-majku-djeda-i-rodake-a-on-je-odbio-provesti-zapovijed-o-likvidaciji-44-srbina-predlazu-me-za-nobela-a-u-gradu-koji-sam-obranio-jos-sam-nepozeljan\/"},"author":{"name":"Radio Ljubu\u0161ki","@id":"https:\/\/radioljubuski.ba\/#\/schema\/person\/19fc700381a780f69665d7956c469e3b"},"headline":"Srpski su mu vojnici \u017eive spalili majku, djeda i ro\u0111ake, a on je odbio provesti zapovijed o likvidaciji 44 Srbina: \u2018Predla\u017eu me za Nobela, a u gradu koji sam obranio jo\u0161 sam nepo\u017eeljan\u2018","datePublished":"2022-02-03T08:42:12+00:00","dateModified":"2022-02-03T08:42:13+00:00","mainEntityOfPage":{"@id":"https:\/\/radioljubuski.ba\/index.php\/2022\/02\/03\/srpski-su-mu-vojnici-zive-spalili-majku-djeda-i-rodake-a-on-je-odbio-provesti-zapovijed-o-likvidaciji-44-srbina-predlazu-me-za-nobela-a-u-gradu-koji-sam-obranio-jos-sam-nepozeljan\/"},"wordCount":1173,"publisher":{"@id":"https:\/\/radioljubuski.ba\/#organization"},"image":{"@id":"https:\/\/radioljubuski.ba\/index.php\/2022\/02\/03\/srpski-su-mu-vojnici-zive-spalili-majku-djeda-i-rodake-a-on-je-odbio-provesti-zapovijed-o-likvidaciji-44-srbina-predlazu-me-za-nobela-a-u-gradu-koji-sam-obranio-jos-sam-nepozeljan\/#primaryimage"},"thumbnailUrl":"https:\/\/radioljubuski.ba\/wp-content\/uploads\/2022\/02\/almir-reko.jpg","articleSection":["BIH i regija"],"inLanguage":"hr"},{"@type":"WebPage","@id":"https:\/\/radioljubuski.ba\/index.php\/2022\/02\/03\/srpski-su-mu-vojnici-zive-spalili-majku-djeda-i-rodake-a-on-je-odbio-provesti-zapovijed-o-likvidaciji-44-srbina-predlazu-me-za-nobela-a-u-gradu-koji-sam-obranio-jos-sam-nepozeljan\/","url":"https:\/\/radioljubuski.ba\/index.php\/2022\/02\/03\/srpski-su-mu-vojnici-zive-spalili-majku-djeda-i-rodake-a-on-je-odbio-provesti-zapovijed-o-likvidaciji-44-srbina-predlazu-me-za-nobela-a-u-gradu-koji-sam-obranio-jos-sam-nepozeljan\/","name":"Srpski su mu vojnici \u017eive spalili majku, djeda i ro\u0111ake, a on je odbio provesti zapovijed o likvidaciji 44 Srbina: \u2018Predla\u017eu me za Nobela, a u gradu koji sam obranio jo\u0161 sam nepo\u017eeljan\u2018 - RADIO LJUBU\u0160KI","isPartOf":{"@id":"https:\/\/radioljubuski.ba\/#website"},"primaryImageOfPage":{"@id":"https:\/\/radioljubuski.ba\/index.php\/2022\/02\/03\/srpski-su-mu-vojnici-zive-spalili-majku-djeda-i-rodake-a-on-je-odbio-provesti-zapovijed-o-likvidaciji-44-srbina-predlazu-me-za-nobela-a-u-gradu-koji-sam-obranio-jos-sam-nepozeljan\/#primaryimage"},"image":{"@id":"https:\/\/radioljubuski.ba\/index.php\/2022\/02\/03\/srpski-su-mu-vojnici-zive-spalili-majku-djeda-i-rodake-a-on-je-odbio-provesti-zapovijed-o-likvidaciji-44-srbina-predlazu-me-za-nobela-a-u-gradu-koji-sam-obranio-jos-sam-nepozeljan\/#primaryimage"},"thumbnailUrl":"https:\/\/radioljubuski.ba\/wp-content\/uploads\/2022\/02\/almir-reko.jpg","datePublished":"2022-02-03T08:42:12+00:00","dateModified":"2022-02-03T08:42:13+00:00","breadcrumb":{"@id":"https:\/\/radioljubuski.ba\/index.php\/2022\/02\/03\/srpski-su-mu-vojnici-zive-spalili-majku-djeda-i-rodake-a-on-je-odbio-provesti-zapovijed-o-likvidaciji-44-srbina-predlazu-me-za-nobela-a-u-gradu-koji-sam-obranio-jos-sam-nepozeljan\/#breadcrumb"},"inLanguage":"hr","potentialAction":[{"@type":"ReadAction","target":["https:\/\/radioljubuski.ba\/index.php\/2022\/02\/03\/srpski-su-mu-vojnici-zive-spalili-majku-djeda-i-rodake-a-on-je-odbio-provesti-zapovijed-o-likvidaciji-44-srbina-predlazu-me-za-nobela-a-u-gradu-koji-sam-obranio-jos-sam-nepozeljan\/"]}]},{"@type":"ImageObject","inLanguage":"hr","@id":"https:\/\/radioljubuski.ba\/index.php\/2022\/02\/03\/srpski-su-mu-vojnici-zive-spalili-majku-djeda-i-rodake-a-on-je-odbio-provesti-zapovijed-o-likvidaciji-44-srbina-predlazu-me-za-nobela-a-u-gradu-koji-sam-obranio-jos-sam-nepozeljan\/#primaryimage","url":"https:\/\/radioljubuski.ba\/wp-content\/uploads\/2022\/02\/almir-reko.jpg","contentUrl":"https:\/\/radioljubuski.ba\/wp-content\/uploads\/2022\/02\/almir-reko.jpg","width":994,"height":605},{"@type":"BreadcrumbList","@id":"https:\/\/radioljubuski.ba\/index.php\/2022\/02\/03\/srpski-su-mu-vojnici-zive-spalili-majku-djeda-i-rodake-a-on-je-odbio-provesti-zapovijed-o-likvidaciji-44-srbina-predlazu-me-za-nobela-a-u-gradu-koji-sam-obranio-jos-sam-nepozeljan\/#breadcrumb","itemListElement":[{"@type":"ListItem","position":1,"name":"Po\u010detna stranica","item":"https:\/\/radioljubuski.ba\/"},{"@type":"ListItem","position":2,"name":"Srpski su mu vojnici \u017eive spalili majku, djeda i ro\u0111ake, a on je odbio provesti zapovijed o likvidaciji 44 Srbina: \u2018Predla\u017eu me za Nobela, a u gradu koji sam obranio jo\u0161 sam nepo\u017eeljan\u2018"}]},{"@type":"WebSite","@id":"https:\/\/radioljubuski.ba\/#website","url":"https:\/\/radioljubuski.ba\/","name":"Radio Ljubu\u0161ki","description":"Sun\u010dana frekvencija Hercegovine","publisher":{"@id":"https:\/\/radioljubuski.ba\/#organization"},"potentialAction":[{"@type":"SearchAction","target":{"@type":"EntryPoint","urlTemplate":"https:\/\/radioljubuski.ba\/?s={search_term_string}"},"query-input":{"@type":"PropertyValueSpecification","valueRequired":true,"valueName":"search_term_string"}}],"inLanguage":"hr"},{"@type":"Organization","@id":"https:\/\/radioljubuski.ba\/#organization","name":"Radio Ljubu\u0161ki","url":"https:\/\/radioljubuski.ba\/","logo":{"@type":"ImageObject","inLanguage":"hr","@id":"https:\/\/radioljubuski.ba\/#\/schema\/logo\/image\/","url":"https:\/\/radioljubuski.ba\/wp-content\/uploads\/2021\/02\/cropped-Radio_Ljubuski_logo1.jpg","contentUrl":"https:\/\/radioljubuski.ba\/wp-content\/uploads\/2021\/02\/cropped-Radio_Ljubuski_logo1.jpg","width":512,"height":512,"caption":"Radio Ljubu\u0161ki"},"image":{"@id":"https:\/\/radioljubuski.ba\/#\/schema\/logo\/image\/"},"sameAs":["https:\/\/www.facebook.com\/Radiio-Ljubuski-1490835324566332","https:\/\/x.com\/radioljubuski","https:\/\/hr.linkedin.com\/company\/radio-ljubuski","https:\/\/www.youtube.com\/channel\/UCHYaeO_n0Db3tjNGudGpXyw"]},{"@type":"Person","@id":"https:\/\/radioljubuski.ba\/#\/schema\/person\/19fc700381a780f69665d7956c469e3b","name":"Radio Ljubu\u0161ki"}]}},"_links":{"self":[{"href":"https:\/\/radioljubuski.ba\/index.php\/wp-json\/wp\/v2\/posts\/111240","targetHints":{"allow":["GET"]}}],"collection":[{"href":"https:\/\/radioljubuski.ba\/index.php\/wp-json\/wp\/v2\/posts"}],"about":[{"href":"https:\/\/radioljubuski.ba\/index.php\/wp-json\/wp\/v2\/types\/post"}],"author":[{"embeddable":true,"href":"https:\/\/radioljubuski.ba\/index.php\/wp-json\/wp\/v2\/users\/2"}],"replies":[{"embeddable":true,"href":"https:\/\/radioljubuski.ba\/index.php\/wp-json\/wp\/v2\/comments?post=111240"}],"version-history":[{"count":1,"href":"https:\/\/radioljubuski.ba\/index.php\/wp-json\/wp\/v2\/posts\/111240\/revisions"}],"predecessor-version":[{"id":111242,"href":"https:\/\/radioljubuski.ba\/index.php\/wp-json\/wp\/v2\/posts\/111240\/revisions\/111242"}],"wp:featuredmedia":[{"embeddable":true,"href":"https:\/\/radioljubuski.ba\/index.php\/wp-json\/wp\/v2\/media\/111241"}],"wp:attachment":[{"href":"https:\/\/radioljubuski.ba\/index.php\/wp-json\/wp\/v2\/media?parent=111240"}],"wp:term":[{"taxonomy":"category","embeddable":true,"href":"https:\/\/radioljubuski.ba\/index.php\/wp-json\/wp\/v2\/categories?post=111240"},{"taxonomy":"post_tag","embeddable":true,"href":"https:\/\/radioljubuski.ba\/index.php\/wp-json\/wp\/v2\/tags?post=111240"}],"curies":[{"name":"wp","href":"https:\/\/api.w.org\/{rel}","templated":true}]}}