{"id":111262,"date":"2022-02-04T11:53:11","date_gmt":"2022-02-04T10:53:11","guid":{"rendered":"https:\/\/radioljubuski.ba\/?p=111262"},"modified":"2022-02-06T23:02:15","modified_gmt":"2022-02-06T22:02:15","slug":"tkd-klub-brezan-nizic-1976-ljubuski-nastavio-s-radom","status":"publish","type":"post","link":"https:\/\/radioljubuski.ba\/index.php\/2022\/02\/04\/tkd-klub-brezan-nizic-1976-ljubuski-nastavio-s-radom\/","title":{"rendered":"TKD klub \u201eBre\u017ean-Ni\u017ei\u0107 1976 Ljubu\u0161ki\u201c nastavio s radom &#8211; audio i foto"},"content":{"rendered":"\n<p>Taekwondo klub \u201eBre\u017ean-Ni\u017ei\u0107 1976 Ljubu\u0161ki\u201c je kao i ve\u0107ina sportskih klubova iz Ljubu\u0161kog s treninzima po\u010deo nakon novogodi\u0161njih blagdana. <\/p>\n\n\n\n<p>Kako su pro\u0161le godine po\u010deli raditi i s djecom pred\u0161kolske dobi, u vrti\u0107u u Ljubu\u0161kom, a potom i u Vitini, gdje je odaziv bio dobar i ove su godine nastavili s tom praksom.<\/p>\n\n\n\n<p>Klub je, tako\u0111er pro\u0161le godine, anga\u017eirao i mladu trenericu Vlatku \u017divku\u0161i\u0107 trenericu u TKD klubu Zrinjski iz Mostara koja dva puta tjedno dolazi trenirati, prije svega najmla\u0111e. <\/p>\n\n\n\n<p>Rekla da je s taekwondoom najbolje po\u010deti s pred\u0161kolskom djecom koja brzo u\u010de i upijaju sve \u0161to im treneri ka\u017eu. I Mostaru radi s najmla\u0111im uzrastima pa su joj prirasli srcu i u\u017eiva raditi s njima.<\/p>\n\n\n\n<p>Vlatka, po ocu Ljubu\u0161anka, dolazi u Ljubu\u0161ki dva puta tjedno, srijedom i petkom i u dvorani JU Dje\u010dji vrti\u0107 ima treninge s djecom gdje smo s njom i predsjednikom kluba Antom Ni\u017ei\u0107em i razgovarali. Treninzi su u \u201eve\u010dernjem terminu od 18,00 \u2013 19,00 sati, a u to vrijeme se vr\u0161i i upis novih \u010dlanova, s tim da je srijedom upis od 17,30 do 19,00 sati.<\/p>\n\n\n\n<p>Na treningu smo zatekli i jednog Ljubu\u0161aka koji se vratio iz dijaspore. Rije\u010d je o Stanku D\u017eevlanu s Mostarskih Vrata koji je boravio u Americi i Austriji, a majstor je taekwondoa. \u017deljeli smo malo popri\u010dati i snjim, ali je rekao \u201e\u010dekaj da ne\u0161to ovdje uradim, pa onda\u201c! Ima \u017eelju pomo\u0107i, a s prvim je treninzima zapo\u010deo u Ljubu\u0161kom sedamdesetih godina pro\u0161log stolje\u0107a.<\/p>\n\n\n\n<p>Poslu\u0161ajte \u0161to su rekli trenerica Vlatka \u017divku\u0161i\u0107 i predsjednik Ante Ni\u017ei\u0107<\/p>\n\n\n\n<iframe src=\"https:\/\/drive.google.com\/file\/d\/19Cjs61JKmkrJfIsHd1OVHEUSsp1Dji4K\/preview\" style=\"width: 100%; height: 100px;\"><\/iframe>\n\n\n\n<iframe src=\"https:\/\/drive.google.com\/file\/d\/1PZvHLWcktq1dskXHPPThMxZU7UzIK1jW\/preview\" style=\"width: 100%; height: 100px;\"><\/iframe>\n\n\n\n<iframe loading=\"lazy\" src=\"https:\/\/www.facebook.com\/plugins\/post.php?href=https%3A%2F%2Fwww.facebook.com%2Fpermalink.php%3Fstory_fbid%3D3059183321064850%26id%3D1490835324566332&amp;show_text=true&amp;width=500\" width=\"500\" height=\"665\" style=\"border:none;overflow:hidden\" scrolling=\"no\" frameborder=\"0\" allowfullscreen=\"true\" allow=\"autoplay; clipboard-write; encrypted-media; picture-in-picture; web-share\"><\/iframe>\n\n\n\n<p><strong>Mile Kraljevi\u0107 \/ Radio Ljubu\u0161ki<\/strong><\/p>\n","protected":false},"excerpt":{"rendered":"<p>Taekwondo klub \u201eBre\u017ean-Ni\u017ei\u0107 1976 Ljubu\u0161ki\u201c je kao i ve\u0107ina sportskih klubova iz Ljubu\u0161kog s treninzima po\u010deo nakon novogodi\u0161njih blagdana. Kako su pro\u0161le godine po\u010deli raditi i s djecom pred\u0161kolske dobi, u vrti\u0107u u Ljubu\u0161kom, a potom i u Vitini, gdje je odaziv bio dobar i ove su godine nastavili s tom praksom. Klub je, tako\u0111er [&hellip;]<\/p>\n","protected":false},"author":2,"featured_media":111263,"comment_status":"closed","ping_status":"closed","sticky":false,"template":"","format":"standard","meta":{"h5ap_radio_sources":[],"footnotes":""},"categories":[8],"tags":[],"class_list":["post-111262","post","type-post","status-publish","format-standard","has-post-thumbnail","hentry","category-rlj-audio"],"yoast_head":"<!-- This site is optimized with the Yoast SEO plugin v27.5 - https:\/\/yoast.com\/product\/yoast-seo-wordpress\/ -->\n<title>TKD klub \u201eBre\u017ean-Ni\u017ei\u0107 1976 Ljubu\u0161ki\u201c nastavio s radom - audio i foto - RADIO LJUBU\u0160KI<\/title>\n<meta name=\"robots\" content=\"index, follow, max-snippet:-1, max-image-preview:large, max-video-preview:-1\" \/>\n<link rel=\"canonical\" href=\"https:\/\/radioljubuski.ba\/index.php\/2022\/02\/04\/tkd-klub-brezan-nizic-1976-ljubuski-nastavio-s-radom\/\" \/>\n<meta property=\"og:locale\" content=\"hr_HR\" \/>\n<meta property=\"og:type\" content=\"article\" \/>\n<meta property=\"og:title\" content=\"TKD klub \u201eBre\u017ean-Ni\u017ei\u0107 1976 Ljubu\u0161ki\u201c nastavio s radom - audio i foto - RADIO LJUBU\u0160KI\" \/>\n<meta property=\"og:description\" content=\"Taekwondo klub \u201eBre\u017ean-Ni\u017ei\u0107 1976 Ljubu\u0161ki\u201c je kao i ve\u0107ina sportskih klubova iz Ljubu\u0161kog s treninzima po\u010deo nakon novogodi\u0161njih blagdana. Kako su pro\u0161le godine po\u010deli raditi i s djecom pred\u0161kolske dobi, u vrti\u0107u u Ljubu\u0161kom, a potom i u Vitini, gdje je odaziv bio dobar i ove su godine nastavili s tom praksom. Klub je, tako\u0111er [&hellip;]\" \/>\n<meta property=\"og:url\" content=\"https:\/\/radioljubuski.ba\/index.php\/2022\/02\/04\/tkd-klub-brezan-nizic-1976-ljubuski-nastavio-s-radom\/\" \/>\n<meta property=\"og:site_name\" content=\"RADIO LJUBU\u0160KI\" \/>\n<meta property=\"article:publisher\" content=\"https:\/\/www.facebook.com\/Radiio-Ljubuski-1490835324566332\" \/>\n<meta property=\"article:published_time\" content=\"2022-02-04T10:53:11+00:00\" \/>\n<meta property=\"article:modified_time\" content=\"2022-02-06T22:02:15+00:00\" \/>\n<meta property=\"og:image\" content=\"https:\/\/radioljubuski.ba\/wp-content\/uploads\/2022\/02\/tkd.jpg\" \/>\n\t<meta property=\"og:image:width\" content=\"1600\" \/>\n\t<meta property=\"og:image:height\" content=\"1200\" \/>\n\t<meta property=\"og:image:type\" content=\"image\/jpeg\" \/>\n<meta name=\"author\" content=\"Radio Ljubu\u0161ki\" \/>\n<meta name=\"twitter:card\" content=\"summary_large_image\" \/>\n<meta name=\"twitter:creator\" content=\"@radioljubuski\" \/>\n<meta name=\"twitter:site\" content=\"@radioljubuski\" \/>\n<meta name=\"twitter:label1\" content=\"Napisao\/la\" \/>\n\t<meta name=\"twitter:data1\" content=\"Radio Ljubu\u0161ki\" \/>\n\t<meta name=\"twitter:label2\" content=\"Procijenjeno vrijeme \u010ditanja\" \/>\n\t<meta name=\"twitter:data2\" content=\"2 minute\" \/>\n<script type=\"application\/ld+json\" class=\"yoast-schema-graph\">{\"@context\":\"https:\\\/\\\/schema.org\",\"@graph\":[{\"@type\":\"Article\",\"@id\":\"https:\\\/\\\/radioljubuski.ba\\\/index.php\\\/2022\\\/02\\\/04\\\/tkd-klub-brezan-nizic-1976-ljubuski-nastavio-s-radom\\\/#article\",\"isPartOf\":{\"@id\":\"https:\\\/\\\/radioljubuski.ba\\\/index.php\\\/2022\\\/02\\\/04\\\/tkd-klub-brezan-nizic-1976-ljubuski-nastavio-s-radom\\\/\"},\"author\":{\"name\":\"Radio Ljubu\u0161ki\",\"@id\":\"https:\\\/\\\/radioljubuski.ba\\\/#\\\/schema\\\/person\\\/19fc700381a780f69665d7956c469e3b\"},\"headline\":\"TKD klub \u201eBre\u017ean-Ni\u017ei\u0107 1976 Ljubu\u0161ki\u201c nastavio s radom &#8211; audio i foto\",\"datePublished\":\"2022-02-04T10:53:11+00:00\",\"dateModified\":\"2022-02-06T22:02:15+00:00\",\"mainEntityOfPage\":{\"@id\":\"https:\\\/\\\/radioljubuski.ba\\\/index.php\\\/2022\\\/02\\\/04\\\/tkd-klub-brezan-nizic-1976-ljubuski-nastavio-s-radom\\\/\"},\"wordCount\":308,\"publisher\":{\"@id\":\"https:\\\/\\\/radioljubuski.ba\\\/#organization\"},\"image\":{\"@id\":\"https:\\\/\\\/radioljubuski.ba\\\/index.php\\\/2022\\\/02\\\/04\\\/tkd-klub-brezan-nizic-1976-ljubuski-nastavio-s-radom\\\/#primaryimage\"},\"thumbnailUrl\":\"https:\\\/\\\/radioljubuski.ba\\\/wp-content\\\/uploads\\\/2022\\\/02\\\/tkd.jpg\",\"articleSection\":[\"RLJ Audio\"],\"inLanguage\":\"hr\"},{\"@type\":\"WebPage\",\"@id\":\"https:\\\/\\\/radioljubuski.ba\\\/index.php\\\/2022\\\/02\\\/04\\\/tkd-klub-brezan-nizic-1976-ljubuski-nastavio-s-radom\\\/\",\"url\":\"https:\\\/\\\/radioljubuski.ba\\\/index.php\\\/2022\\\/02\\\/04\\\/tkd-klub-brezan-nizic-1976-ljubuski-nastavio-s-radom\\\/\",\"name\":\"TKD klub \u201eBre\u017ean-Ni\u017ei\u0107 1976 Ljubu\u0161ki\u201c nastavio s radom - audio i foto - RADIO LJUBU\u0160KI\",\"isPartOf\":{\"@id\":\"https:\\\/\\\/radioljubuski.ba\\\/#website\"},\"primaryImageOfPage\":{\"@id\":\"https:\\\/\\\/radioljubuski.ba\\\/index.php\\\/2022\\\/02\\\/04\\\/tkd-klub-brezan-nizic-1976-ljubuski-nastavio-s-radom\\\/#primaryimage\"},\"image\":{\"@id\":\"https:\\\/\\\/radioljubuski.ba\\\/index.php\\\/2022\\\/02\\\/04\\\/tkd-klub-brezan-nizic-1976-ljubuski-nastavio-s-radom\\\/#primaryimage\"},\"thumbnailUrl\":\"https:\\\/\\\/radioljubuski.ba\\\/wp-content\\\/uploads\\\/2022\\\/02\\\/tkd.jpg\",\"datePublished\":\"2022-02-04T10:53:11+00:00\",\"dateModified\":\"2022-02-06T22:02:15+00:00\",\"breadcrumb\":{\"@id\":\"https:\\\/\\\/radioljubuski.ba\\\/index.php\\\/2022\\\/02\\\/04\\\/tkd-klub-brezan-nizic-1976-ljubuski-nastavio-s-radom\\\/#breadcrumb\"},\"inLanguage\":\"hr\",\"potentialAction\":[{\"@type\":\"ReadAction\",\"target\":[\"https:\\\/\\\/radioljubuski.ba\\\/index.php\\\/2022\\\/02\\\/04\\\/tkd-klub-brezan-nizic-1976-ljubuski-nastavio-s-radom\\\/\"]}]},{\"@type\":\"ImageObject\",\"inLanguage\":\"hr\",\"@id\":\"https:\\\/\\\/radioljubuski.ba\\\/index.php\\\/2022\\\/02\\\/04\\\/tkd-klub-brezan-nizic-1976-ljubuski-nastavio-s-radom\\\/#primaryimage\",\"url\":\"https:\\\/\\\/radioljubuski.ba\\\/wp-content\\\/uploads\\\/2022\\\/02\\\/tkd.jpg\",\"contentUrl\":\"https:\\\/\\\/radioljubuski.ba\\\/wp-content\\\/uploads\\\/2022\\\/02\\\/tkd.jpg\",\"width\":1600,\"height\":1200},{\"@type\":\"BreadcrumbList\",\"@id\":\"https:\\\/\\\/radioljubuski.ba\\\/index.php\\\/2022\\\/02\\\/04\\\/tkd-klub-brezan-nizic-1976-ljubuski-nastavio-s-radom\\\/#breadcrumb\",\"itemListElement\":[{\"@type\":\"ListItem\",\"position\":1,\"name\":\"Po\u010detna stranica\",\"item\":\"https:\\\/\\\/radioljubuski.ba\\\/\"},{\"@type\":\"ListItem\",\"position\":2,\"name\":\"TKD klub \u201eBre\u017ean-Ni\u017ei\u0107 1976 Ljubu\u0161ki\u201c nastavio s radom &#8211; audio i foto\"}]},{\"@type\":\"WebSite\",\"@id\":\"https:\\\/\\\/radioljubuski.ba\\\/#website\",\"url\":\"https:\\\/\\\/radioljubuski.ba\\\/\",\"name\":\"Radio Ljubu\u0161ki\",\"description\":\"Sun\u010dana frekvencija Hercegovine\",\"publisher\":{\"@id\":\"https:\\\/\\\/radioljubuski.ba\\\/#organization\"},\"potentialAction\":[{\"@type\":\"SearchAction\",\"target\":{\"@type\":\"EntryPoint\",\"urlTemplate\":\"https:\\\/\\\/radioljubuski.ba\\\/?s={search_term_string}\"},\"query-input\":{\"@type\":\"PropertyValueSpecification\",\"valueRequired\":true,\"valueName\":\"search_term_string\"}}],\"inLanguage\":\"hr\"},{\"@type\":\"Organization\",\"@id\":\"https:\\\/\\\/radioljubuski.ba\\\/#organization\",\"name\":\"Radio Ljubu\u0161ki\",\"url\":\"https:\\\/\\\/radioljubuski.ba\\\/\",\"logo\":{\"@type\":\"ImageObject\",\"inLanguage\":\"hr\",\"@id\":\"https:\\\/\\\/radioljubuski.ba\\\/#\\\/schema\\\/logo\\\/image\\\/\",\"url\":\"https:\\\/\\\/radioljubuski.ba\\\/wp-content\\\/uploads\\\/2021\\\/02\\\/cropped-Radio_Ljubuski_logo1.jpg\",\"contentUrl\":\"https:\\\/\\\/radioljubuski.ba\\\/wp-content\\\/uploads\\\/2021\\\/02\\\/cropped-Radio_Ljubuski_logo1.jpg\",\"width\":512,\"height\":512,\"caption\":\"Radio Ljubu\u0161ki\"},\"image\":{\"@id\":\"https:\\\/\\\/radioljubuski.ba\\\/#\\\/schema\\\/logo\\\/image\\\/\"},\"sameAs\":[\"https:\\\/\\\/www.facebook.com\\\/Radiio-Ljubuski-1490835324566332\",\"https:\\\/\\\/x.com\\\/radioljubuski\",\"https:\\\/\\\/hr.linkedin.com\\\/company\\\/radio-ljubuski\",\"https:\\\/\\\/www.youtube.com\\\/channel\\\/UCHYaeO_n0Db3tjNGudGpXyw\"]},{\"@type\":\"Person\",\"@id\":\"https:\\\/\\\/radioljubuski.ba\\\/#\\\/schema\\\/person\\\/19fc700381a780f69665d7956c469e3b\",\"name\":\"Radio Ljubu\u0161ki\"}]}<\/script>\n<!-- \/ Yoast SEO plugin. -->","yoast_head_json":{"title":"TKD klub \u201eBre\u017ean-Ni\u017ei\u0107 1976 Ljubu\u0161ki\u201c nastavio s radom - audio i foto - RADIO LJUBU\u0160KI","robots":{"index":"index","follow":"follow","max-snippet":"max-snippet:-1","max-image-preview":"max-image-preview:large","max-video-preview":"max-video-preview:-1"},"canonical":"https:\/\/radioljubuski.ba\/index.php\/2022\/02\/04\/tkd-klub-brezan-nizic-1976-ljubuski-nastavio-s-radom\/","og_locale":"hr_HR","og_type":"article","og_title":"TKD klub \u201eBre\u017ean-Ni\u017ei\u0107 1976 Ljubu\u0161ki\u201c nastavio s radom - audio i foto - RADIO LJUBU\u0160KI","og_description":"Taekwondo klub \u201eBre\u017ean-Ni\u017ei\u0107 1976 Ljubu\u0161ki\u201c je kao i ve\u0107ina sportskih klubova iz Ljubu\u0161kog s treninzima po\u010deo nakon novogodi\u0161njih blagdana. Kako su pro\u0161le godine po\u010deli raditi i s djecom pred\u0161kolske dobi, u vrti\u0107u u Ljubu\u0161kom, a potom i u Vitini, gdje je odaziv bio dobar i ove su godine nastavili s tom praksom. Klub je, tako\u0111er [&hellip;]","og_url":"https:\/\/radioljubuski.ba\/index.php\/2022\/02\/04\/tkd-klub-brezan-nizic-1976-ljubuski-nastavio-s-radom\/","og_site_name":"RADIO LJUBU\u0160KI","article_publisher":"https:\/\/www.facebook.com\/Radiio-Ljubuski-1490835324566332","article_published_time":"2022-02-04T10:53:11+00:00","article_modified_time":"2022-02-06T22:02:15+00:00","og_image":[{"width":1600,"height":1200,"url":"https:\/\/radioljubuski.ba\/wp-content\/uploads\/2022\/02\/tkd.jpg","type":"image\/jpeg"}],"author":"Radio Ljubu\u0161ki","twitter_card":"summary_large_image","twitter_creator":"@radioljubuski","twitter_site":"@radioljubuski","twitter_misc":{"Napisao\/la":"Radio Ljubu\u0161ki","Procijenjeno vrijeme \u010ditanja":"2 minute"},"schema":{"@context":"https:\/\/schema.org","@graph":[{"@type":"Article","@id":"https:\/\/radioljubuski.ba\/index.php\/2022\/02\/04\/tkd-klub-brezan-nizic-1976-ljubuski-nastavio-s-radom\/#article","isPartOf":{"@id":"https:\/\/radioljubuski.ba\/index.php\/2022\/02\/04\/tkd-klub-brezan-nizic-1976-ljubuski-nastavio-s-radom\/"},"author":{"name":"Radio Ljubu\u0161ki","@id":"https:\/\/radioljubuski.ba\/#\/schema\/person\/19fc700381a780f69665d7956c469e3b"},"headline":"TKD klub \u201eBre\u017ean-Ni\u017ei\u0107 1976 Ljubu\u0161ki\u201c nastavio s radom &#8211; audio i foto","datePublished":"2022-02-04T10:53:11+00:00","dateModified":"2022-02-06T22:02:15+00:00","mainEntityOfPage":{"@id":"https:\/\/radioljubuski.ba\/index.php\/2022\/02\/04\/tkd-klub-brezan-nizic-1976-ljubuski-nastavio-s-radom\/"},"wordCount":308,"publisher":{"@id":"https:\/\/radioljubuski.ba\/#organization"},"image":{"@id":"https:\/\/radioljubuski.ba\/index.php\/2022\/02\/04\/tkd-klub-brezan-nizic-1976-ljubuski-nastavio-s-radom\/#primaryimage"},"thumbnailUrl":"https:\/\/radioljubuski.ba\/wp-content\/uploads\/2022\/02\/tkd.jpg","articleSection":["RLJ Audio"],"inLanguage":"hr"},{"@type":"WebPage","@id":"https:\/\/radioljubuski.ba\/index.php\/2022\/02\/04\/tkd-klub-brezan-nizic-1976-ljubuski-nastavio-s-radom\/","url":"https:\/\/radioljubuski.ba\/index.php\/2022\/02\/04\/tkd-klub-brezan-nizic-1976-ljubuski-nastavio-s-radom\/","name":"TKD klub \u201eBre\u017ean-Ni\u017ei\u0107 1976 Ljubu\u0161ki\u201c nastavio s radom - audio i foto - RADIO LJUBU\u0160KI","isPartOf":{"@id":"https:\/\/radioljubuski.ba\/#website"},"primaryImageOfPage":{"@id":"https:\/\/radioljubuski.ba\/index.php\/2022\/02\/04\/tkd-klub-brezan-nizic-1976-ljubuski-nastavio-s-radom\/#primaryimage"},"image":{"@id":"https:\/\/radioljubuski.ba\/index.php\/2022\/02\/04\/tkd-klub-brezan-nizic-1976-ljubuski-nastavio-s-radom\/#primaryimage"},"thumbnailUrl":"https:\/\/radioljubuski.ba\/wp-content\/uploads\/2022\/02\/tkd.jpg","datePublished":"2022-02-04T10:53:11+00:00","dateModified":"2022-02-06T22:02:15+00:00","breadcrumb":{"@id":"https:\/\/radioljubuski.ba\/index.php\/2022\/02\/04\/tkd-klub-brezan-nizic-1976-ljubuski-nastavio-s-radom\/#breadcrumb"},"inLanguage":"hr","potentialAction":[{"@type":"ReadAction","target":["https:\/\/radioljubuski.ba\/index.php\/2022\/02\/04\/tkd-klub-brezan-nizic-1976-ljubuski-nastavio-s-radom\/"]}]},{"@type":"ImageObject","inLanguage":"hr","@id":"https:\/\/radioljubuski.ba\/index.php\/2022\/02\/04\/tkd-klub-brezan-nizic-1976-ljubuski-nastavio-s-radom\/#primaryimage","url":"https:\/\/radioljubuski.ba\/wp-content\/uploads\/2022\/02\/tkd.jpg","contentUrl":"https:\/\/radioljubuski.ba\/wp-content\/uploads\/2022\/02\/tkd.jpg","width":1600,"height":1200},{"@type":"BreadcrumbList","@id":"https:\/\/radioljubuski.ba\/index.php\/2022\/02\/04\/tkd-klub-brezan-nizic-1976-ljubuski-nastavio-s-radom\/#breadcrumb","itemListElement":[{"@type":"ListItem","position":1,"name":"Po\u010detna stranica","item":"https:\/\/radioljubuski.ba\/"},{"@type":"ListItem","position":2,"name":"TKD klub \u201eBre\u017ean-Ni\u017ei\u0107 1976 Ljubu\u0161ki\u201c nastavio s radom &#8211; audio i foto"}]},{"@type":"WebSite","@id":"https:\/\/radioljubuski.ba\/#website","url":"https:\/\/radioljubuski.ba\/","name":"Radio Ljubu\u0161ki","description":"Sun\u010dana frekvencija Hercegovine","publisher":{"@id":"https:\/\/radioljubuski.ba\/#organization"},"potentialAction":[{"@type":"SearchAction","target":{"@type":"EntryPoint","urlTemplate":"https:\/\/radioljubuski.ba\/?s={search_term_string}"},"query-input":{"@type":"PropertyValueSpecification","valueRequired":true,"valueName":"search_term_string"}}],"inLanguage":"hr"},{"@type":"Organization","@id":"https:\/\/radioljubuski.ba\/#organization","name":"Radio Ljubu\u0161ki","url":"https:\/\/radioljubuski.ba\/","logo":{"@type":"ImageObject","inLanguage":"hr","@id":"https:\/\/radioljubuski.ba\/#\/schema\/logo\/image\/","url":"https:\/\/radioljubuski.ba\/wp-content\/uploads\/2021\/02\/cropped-Radio_Ljubuski_logo1.jpg","contentUrl":"https:\/\/radioljubuski.ba\/wp-content\/uploads\/2021\/02\/cropped-Radio_Ljubuski_logo1.jpg","width":512,"height":512,"caption":"Radio Ljubu\u0161ki"},"image":{"@id":"https:\/\/radioljubuski.ba\/#\/schema\/logo\/image\/"},"sameAs":["https:\/\/www.facebook.com\/Radiio-Ljubuski-1490835324566332","https:\/\/x.com\/radioljubuski","https:\/\/hr.linkedin.com\/company\/radio-ljubuski","https:\/\/www.youtube.com\/channel\/UCHYaeO_n0Db3tjNGudGpXyw"]},{"@type":"Person","@id":"https:\/\/radioljubuski.ba\/#\/schema\/person\/19fc700381a780f69665d7956c469e3b","name":"Radio Ljubu\u0161ki"}]}},"_links":{"self":[{"href":"https:\/\/radioljubuski.ba\/index.php\/wp-json\/wp\/v2\/posts\/111262","targetHints":{"allow":["GET"]}}],"collection":[{"href":"https:\/\/radioljubuski.ba\/index.php\/wp-json\/wp\/v2\/posts"}],"about":[{"href":"https:\/\/radioljubuski.ba\/index.php\/wp-json\/wp\/v2\/types\/post"}],"author":[{"embeddable":true,"href":"https:\/\/radioljubuski.ba\/index.php\/wp-json\/wp\/v2\/users\/2"}],"replies":[{"embeddable":true,"href":"https:\/\/radioljubuski.ba\/index.php\/wp-json\/wp\/v2\/comments?post=111262"}],"version-history":[{"count":2,"href":"https:\/\/radioljubuski.ba\/index.php\/wp-json\/wp\/v2\/posts\/111262\/revisions"}],"predecessor-version":[{"id":111415,"href":"https:\/\/radioljubuski.ba\/index.php\/wp-json\/wp\/v2\/posts\/111262\/revisions\/111415"}],"wp:featuredmedia":[{"embeddable":true,"href":"https:\/\/radioljubuski.ba\/index.php\/wp-json\/wp\/v2\/media\/111263"}],"wp:attachment":[{"href":"https:\/\/radioljubuski.ba\/index.php\/wp-json\/wp\/v2\/media?parent=111262"}],"wp:term":[{"taxonomy":"category","embeddable":true,"href":"https:\/\/radioljubuski.ba\/index.php\/wp-json\/wp\/v2\/categories?post=111262"},{"taxonomy":"post_tag","embeddable":true,"href":"https:\/\/radioljubuski.ba\/index.php\/wp-json\/wp\/v2\/tags?post=111262"}],"curies":[{"name":"wp","href":"https:\/\/api.w.org\/{rel}","templated":true}]}}