{"id":111313,"date":"2022-02-05T00:07:07","date_gmt":"2022-02-04T23:07:07","guid":{"rendered":"https:\/\/radioljubuski.ba\/?p=111313"},"modified":"2022-02-05T00:07:08","modified_gmt":"2022-02-04T23:07:08","slug":"milanovic-bosnjacki-politicari-ponasaju-se-kao-milosevic-1990","status":"publish","type":"post","link":"https:\/\/radioljubuski.ba\/index.php\/2022\/02\/05\/milanovic-bosnjacki-politicari-ponasaju-se-kao-milosevic-1990\/","title":{"rendered":"Milanovi\u0107: Bo\u0161nja\u010dki politi\u010dari pona\u0161aju se kao Milo\u0161evi\u0107 1990."},"content":{"rendered":"\n<p>Bo\u0161nja\u010dko vodstvo u BiH ponavlja obrasce pona\u0161anja Slobodana Milo\u0161evi\u0107a, a hrvatsku diplomaciju vodi \u201e\u0161a\u010dica klimavaca i kukavica\u201c, rekao je petak predsjednik Zoran Milanovi\u0107.&nbsp;<\/p>\n\n\n\n<p>\u201eDana\u0161nje pona\u0161anje bo\u0161nja\u010dkog vodstva u Bosni i Hercegovini preuzelo je obrazac Slobodana Milo\u0161evi\u0107a, njihovog krvnika, iz 1990. godine\u201c, rekao je Milanovi\u0107 u izjavi za medije tijekom posjeta Ustanovi za sveobuhvatnu skrb Tigrovi u Rakitju.&nbsp;<\/p>\n\n\n\n<p>Time se referirao na televizijski nastup predsjednika Hrvatske republikanske stranke Slavena Ragu\u017ea na Federalnoj televiziji BiH u srijedu u kojem je bo\u0161nja\u010dkim predstavnicima citirao rije\u010di biv\u0161eg srbijanskog predsjednika devedesetih godina o politi\u010dkom sustavu koji se ne bazira na nacionalisti\u010dkom predznaku, s \u010dim su se bo\u0161nja\u010dki sudionici emisije slo\u017eili.&nbsp;<\/p>\n\n\n\n<p>\u201eUlovio ih je kao zadnje somove, to vam je to\u201c, rekao je Milanovi\u0107 u petak, ponoviv\u0161i kako gra\u0111ansko ure\u0111enje Hrvatskoj susjednoj zemlji nije opcija.&nbsp;<\/p>\n\n\n\n<p>\u201eNe samo da to nije mogu\u0107e nego nije ni u interesu Hrvatske\u201c, kazao je predsjednik, dodaju\u0107i kako on \u201epoku\u0161ava prona\u0107i rje\u0161enja da se Hrvate ne maltretira kao \u0161to su to beogradska &#8216;\u010dar\u0161ija&#8217; i Milo\u0161evi\u0107 radili nekoj drugoj manjini\u201c.&nbsp;<\/p>\n\n\n\n<p>Svoj &#8216;glasan&#8217; pristup politi\u010dkoj situaciji u BiH, u kojoj traju pregovori o izbornom zakonu koji bi se trebao reformirati kako bo\u0161nja\u010dki glasa\u010di ne bi ponovno birali hrvatske politi\u010dke predstavnike, ocijenio je \u201ejedinim na\u010dinom\u201c.&nbsp;<\/p>\n\n\n\n<p>\u201eNe ide druk\u010dije nego glasno\u201c, rekao je predsjednik o svom politi\u010dkom pristupu koji \u010desto nailazi na kritike politi\u010dara u BiH. &nbsp;<\/p>\n\n\n\n<p>\u201eJa se time na\u017ealost bavim svaki dan, a (hrvatski premijer Andrej) Plenkovi\u0107 se bavi lobiranjem u Bruxellesu i rje\u0161avanjem globalnih konflikata na ruskoj plo\u010di. Samo naprijed s tim\u201c, dodao je.&nbsp;<\/p>\n\n\n\n<p>Klimavci i kukavice<\/p>\n\n\n\n<p>Milanovi\u0107 smatra kako je pitanje BiH hrvatskoj vladi \u201enekakva rubna gnjava\u017ea\u201c, pa je kritizirao njezin pristup tom problemu.&nbsp;<\/p>\n\n\n\n<p>\u201eOva hrvatska diplomacija je naprosto \u0161a\u010dica klimavaca i kukavica i ljudi koji su Hrvatskoj na sramotu\u201c, istaknuo je, naglasiv\u0161i da misli na vrh, a ne o \u201ecijeloj slu\u017ebi\u201c.&nbsp;<\/p>\n\n\n\n<p>Milanovi\u0107 je u petak nastavio prepirke kroz medije s ministrom vanjskih poslova Gordanom Grli\u0107em Radmanom koji je predsjednika u \u010detvrtak nazvao \u201epartizanskim minerom\u201c.&nbsp;<\/p>\n\n\n\n<p>\u201eMeni nitko nije bio u partiji 89. i 90., nitko nije bio direktor komunisti\u010dke tvornice niti ju je privatizirao\u201c, rekao je Milanovi\u0107, referiraju\u0107i se na navodnu karijeru oca ministra, \u201ei sad on meni govori da sam partizanski miner\u201c.&nbsp;<\/p>\n\n\n\n<p>Milanovi\u0107 je vladaju\u0107e kritizirao i jer je mjesec dana morao \u010dekati da dobije ugovore o kupnji borbenih zrakoplova Rafale, no nije \u017eelio komentirati sam sadr\u017eaj ugovora \u201eosim 200 milijuna eura koji su izvan prora\u010duna ministarstva obrane\u201c.&nbsp;<\/p>\n\n\n\n<p>Izvor:pogled.ba<\/p>\n","protected":false},"excerpt":{"rendered":"<p>Bo\u0161nja\u010dko vodstvo u BiH ponavlja obrasce pona\u0161anja Slobodana Milo\u0161evi\u0107a, a hrvatsku diplomaciju vodi \u201e\u0161a\u010dica klimavaca i kukavica\u201c, rekao je petak predsjednik Zoran Milanovi\u0107.&nbsp; \u201eDana\u0161nje pona\u0161anje bo\u0161nja\u010dkog vodstva u Bosni i Hercegovini preuzelo je obrazac Slobodana Milo\u0161evi\u0107a, njihovog krvnika, iz 1990. godine\u201c, rekao je Milanovi\u0107 u izjavi za medije tijekom posjeta Ustanovi za sveobuhvatnu skrb Tigrovi [&hellip;]<\/p>\n","protected":false},"author":2,"featured_media":69351,"comment_status":"closed","ping_status":"closed","sticky":false,"template":"","format":"standard","meta":{"h5ap_radio_sources":[],"footnotes":""},"categories":[1],"tags":[],"class_list":["post-111313","post","type-post","status-publish","format-standard","has-post-thumbnail","hentry","category-bihiregija"],"yoast_head":"<!-- This site is optimized with the Yoast SEO plugin v27.4 - https:\/\/yoast.com\/product\/yoast-seo-wordpress\/ -->\n<title>Milanovi\u0107: Bo\u0161nja\u010dki politi\u010dari pona\u0161aju se kao Milo\u0161evi\u0107 1990. - RADIO LJUBU\u0160KI<\/title>\n<meta name=\"robots\" content=\"index, follow, max-snippet:-1, max-image-preview:large, max-video-preview:-1\" \/>\n<link rel=\"canonical\" href=\"https:\/\/radioljubuski.ba\/index.php\/2022\/02\/05\/milanovic-bosnjacki-politicari-ponasaju-se-kao-milosevic-1990\/\" \/>\n<meta property=\"og:locale\" content=\"hr_HR\" \/>\n<meta property=\"og:type\" content=\"article\" \/>\n<meta property=\"og:title\" content=\"Milanovi\u0107: Bo\u0161nja\u010dki politi\u010dari pona\u0161aju se kao Milo\u0161evi\u0107 1990. - RADIO LJUBU\u0160KI\" \/>\n<meta property=\"og:description\" content=\"Bo\u0161nja\u010dko vodstvo u BiH ponavlja obrasce pona\u0161anja Slobodana Milo\u0161evi\u0107a, a hrvatsku diplomaciju vodi \u201e\u0161a\u010dica klimavaca i kukavica\u201c, rekao je petak predsjednik Zoran Milanovi\u0107.&nbsp; \u201eDana\u0161nje pona\u0161anje bo\u0161nja\u010dkog vodstva u Bosni i Hercegovini preuzelo je obrazac Slobodana Milo\u0161evi\u0107a, njihovog krvnika, iz 1990. godine\u201c, rekao je Milanovi\u0107 u izjavi za medije tijekom posjeta Ustanovi za sveobuhvatnu skrb Tigrovi [&hellip;]\" \/>\n<meta property=\"og:url\" content=\"https:\/\/radioljubuski.ba\/index.php\/2022\/02\/05\/milanovic-bosnjacki-politicari-ponasaju-se-kao-milosevic-1990\/\" \/>\n<meta property=\"og:site_name\" content=\"RADIO LJUBU\u0160KI\" \/>\n<meta property=\"article:publisher\" content=\"https:\/\/www.facebook.com\/Radiio-Ljubuski-1490835324566332\" \/>\n<meta property=\"article:published_time\" content=\"2022-02-04T23:07:07+00:00\" \/>\n<meta property=\"article:modified_time\" content=\"2022-02-04T23:07:08+00:00\" \/>\n<meta property=\"og:image\" content=\"https:\/\/radioljubuski.ba\/wp-content\/uploads\/2021\/09\/9-2021-09-23-10-08-38-milanovic-1.jpg\" \/>\n\t<meta property=\"og:image:width\" content=\"1000\" \/>\n\t<meta property=\"og:image:height\" content=\"625\" \/>\n\t<meta property=\"og:image:type\" content=\"image\/jpeg\" \/>\n<meta name=\"author\" content=\"Radio Ljubu\u0161ki\" \/>\n<meta name=\"twitter:card\" content=\"summary_large_image\" \/>\n<meta name=\"twitter:creator\" content=\"@radioljubuski\" \/>\n<meta name=\"twitter:site\" content=\"@radioljubuski\" \/>\n<meta name=\"twitter:label1\" content=\"Napisao\/la\" \/>\n\t<meta name=\"twitter:data1\" content=\"Radio Ljubu\u0161ki\" \/>\n\t<meta name=\"twitter:label2\" content=\"Procijenjeno vrijeme \u010ditanja\" \/>\n\t<meta name=\"twitter:data2\" content=\"2 minute\" \/>\n<script type=\"application\/ld+json\" class=\"yoast-schema-graph\">{\"@context\":\"https:\\\/\\\/schema.org\",\"@graph\":[{\"@type\":\"Article\",\"@id\":\"https:\\\/\\\/radioljubuski.ba\\\/index.php\\\/2022\\\/02\\\/05\\\/milanovic-bosnjacki-politicari-ponasaju-se-kao-milosevic-1990\\\/#article\",\"isPartOf\":{\"@id\":\"https:\\\/\\\/radioljubuski.ba\\\/index.php\\\/2022\\\/02\\\/05\\\/milanovic-bosnjacki-politicari-ponasaju-se-kao-milosevic-1990\\\/\"},\"author\":{\"name\":\"Radio Ljubu\u0161ki\",\"@id\":\"https:\\\/\\\/radioljubuski.ba\\\/#\\\/schema\\\/person\\\/19fc700381a780f69665d7956c469e3b\"},\"headline\":\"Milanovi\u0107: Bo\u0161nja\u010dki politi\u010dari pona\u0161aju se kao Milo\u0161evi\u0107 1990.\",\"datePublished\":\"2022-02-04T23:07:07+00:00\",\"dateModified\":\"2022-02-04T23:07:08+00:00\",\"mainEntityOfPage\":{\"@id\":\"https:\\\/\\\/radioljubuski.ba\\\/index.php\\\/2022\\\/02\\\/05\\\/milanovic-bosnjacki-politicari-ponasaju-se-kao-milosevic-1990\\\/\"},\"wordCount\":474,\"publisher\":{\"@id\":\"https:\\\/\\\/radioljubuski.ba\\\/#organization\"},\"image\":{\"@id\":\"https:\\\/\\\/radioljubuski.ba\\\/index.php\\\/2022\\\/02\\\/05\\\/milanovic-bosnjacki-politicari-ponasaju-se-kao-milosevic-1990\\\/#primaryimage\"},\"thumbnailUrl\":\"https:\\\/\\\/radioljubuski.ba\\\/wp-content\\\/uploads\\\/2021\\\/09\\\/9-2021-09-23-10-08-38-milanovic-1.jpg\",\"articleSection\":[\"BIH i regija\"],\"inLanguage\":\"hr\"},{\"@type\":\"WebPage\",\"@id\":\"https:\\\/\\\/radioljubuski.ba\\\/index.php\\\/2022\\\/02\\\/05\\\/milanovic-bosnjacki-politicari-ponasaju-se-kao-milosevic-1990\\\/\",\"url\":\"https:\\\/\\\/radioljubuski.ba\\\/index.php\\\/2022\\\/02\\\/05\\\/milanovic-bosnjacki-politicari-ponasaju-se-kao-milosevic-1990\\\/\",\"name\":\"Milanovi\u0107: Bo\u0161nja\u010dki politi\u010dari pona\u0161aju se kao Milo\u0161evi\u0107 1990. - RADIO LJUBU\u0160KI\",\"isPartOf\":{\"@id\":\"https:\\\/\\\/radioljubuski.ba\\\/#website\"},\"primaryImageOfPage\":{\"@id\":\"https:\\\/\\\/radioljubuski.ba\\\/index.php\\\/2022\\\/02\\\/05\\\/milanovic-bosnjacki-politicari-ponasaju-se-kao-milosevic-1990\\\/#primaryimage\"},\"image\":{\"@id\":\"https:\\\/\\\/radioljubuski.ba\\\/index.php\\\/2022\\\/02\\\/05\\\/milanovic-bosnjacki-politicari-ponasaju-se-kao-milosevic-1990\\\/#primaryimage\"},\"thumbnailUrl\":\"https:\\\/\\\/radioljubuski.ba\\\/wp-content\\\/uploads\\\/2021\\\/09\\\/9-2021-09-23-10-08-38-milanovic-1.jpg\",\"datePublished\":\"2022-02-04T23:07:07+00:00\",\"dateModified\":\"2022-02-04T23:07:08+00:00\",\"breadcrumb\":{\"@id\":\"https:\\\/\\\/radioljubuski.ba\\\/index.php\\\/2022\\\/02\\\/05\\\/milanovic-bosnjacki-politicari-ponasaju-se-kao-milosevic-1990\\\/#breadcrumb\"},\"inLanguage\":\"hr\",\"potentialAction\":[{\"@type\":\"ReadAction\",\"target\":[\"https:\\\/\\\/radioljubuski.ba\\\/index.php\\\/2022\\\/02\\\/05\\\/milanovic-bosnjacki-politicari-ponasaju-se-kao-milosevic-1990\\\/\"]}]},{\"@type\":\"ImageObject\",\"inLanguage\":\"hr\",\"@id\":\"https:\\\/\\\/radioljubuski.ba\\\/index.php\\\/2022\\\/02\\\/05\\\/milanovic-bosnjacki-politicari-ponasaju-se-kao-milosevic-1990\\\/#primaryimage\",\"url\":\"https:\\\/\\\/radioljubuski.ba\\\/wp-content\\\/uploads\\\/2021\\\/09\\\/9-2021-09-23-10-08-38-milanovic-1.jpg\",\"contentUrl\":\"https:\\\/\\\/radioljubuski.ba\\\/wp-content\\\/uploads\\\/2021\\\/09\\\/9-2021-09-23-10-08-38-milanovic-1.jpg\",\"width\":1000,\"height\":625},{\"@type\":\"BreadcrumbList\",\"@id\":\"https:\\\/\\\/radioljubuski.ba\\\/index.php\\\/2022\\\/02\\\/05\\\/milanovic-bosnjacki-politicari-ponasaju-se-kao-milosevic-1990\\\/#breadcrumb\",\"itemListElement\":[{\"@type\":\"ListItem\",\"position\":1,\"name\":\"Po\u010detna stranica\",\"item\":\"https:\\\/\\\/radioljubuski.ba\\\/\"},{\"@type\":\"ListItem\",\"position\":2,\"name\":\"Milanovi\u0107: Bo\u0161nja\u010dki politi\u010dari pona\u0161aju se kao Milo\u0161evi\u0107 1990.\"}]},{\"@type\":\"WebSite\",\"@id\":\"https:\\\/\\\/radioljubuski.ba\\\/#website\",\"url\":\"https:\\\/\\\/radioljubuski.ba\\\/\",\"name\":\"Radio Ljubu\u0161ki\",\"description\":\"Sun\u010dana frekvencija Hercegovine\",\"publisher\":{\"@id\":\"https:\\\/\\\/radioljubuski.ba\\\/#organization\"},\"potentialAction\":[{\"@type\":\"SearchAction\",\"target\":{\"@type\":\"EntryPoint\",\"urlTemplate\":\"https:\\\/\\\/radioljubuski.ba\\\/?s={search_term_string}\"},\"query-input\":{\"@type\":\"PropertyValueSpecification\",\"valueRequired\":true,\"valueName\":\"search_term_string\"}}],\"inLanguage\":\"hr\"},{\"@type\":\"Organization\",\"@id\":\"https:\\\/\\\/radioljubuski.ba\\\/#organization\",\"name\":\"Radio Ljubu\u0161ki\",\"url\":\"https:\\\/\\\/radioljubuski.ba\\\/\",\"logo\":{\"@type\":\"ImageObject\",\"inLanguage\":\"hr\",\"@id\":\"https:\\\/\\\/radioljubuski.ba\\\/#\\\/schema\\\/logo\\\/image\\\/\",\"url\":\"https:\\\/\\\/radioljubuski.ba\\\/wp-content\\\/uploads\\\/2021\\\/02\\\/cropped-Radio_Ljubuski_logo1.jpg\",\"contentUrl\":\"https:\\\/\\\/radioljubuski.ba\\\/wp-content\\\/uploads\\\/2021\\\/02\\\/cropped-Radio_Ljubuski_logo1.jpg\",\"width\":512,\"height\":512,\"caption\":\"Radio Ljubu\u0161ki\"},\"image\":{\"@id\":\"https:\\\/\\\/radioljubuski.ba\\\/#\\\/schema\\\/logo\\\/image\\\/\"},\"sameAs\":[\"https:\\\/\\\/www.facebook.com\\\/Radiio-Ljubuski-1490835324566332\",\"https:\\\/\\\/x.com\\\/radioljubuski\",\"https:\\\/\\\/hr.linkedin.com\\\/company\\\/radio-ljubuski\",\"https:\\\/\\\/www.youtube.com\\\/channel\\\/UCHYaeO_n0Db3tjNGudGpXyw\"]},{\"@type\":\"Person\",\"@id\":\"https:\\\/\\\/radioljubuski.ba\\\/#\\\/schema\\\/person\\\/19fc700381a780f69665d7956c469e3b\",\"name\":\"Radio Ljubu\u0161ki\"}]}<\/script>\n<!-- \/ Yoast SEO plugin. -->","yoast_head_json":{"title":"Milanovi\u0107: Bo\u0161nja\u010dki politi\u010dari pona\u0161aju se kao Milo\u0161evi\u0107 1990. - RADIO LJUBU\u0160KI","robots":{"index":"index","follow":"follow","max-snippet":"max-snippet:-1","max-image-preview":"max-image-preview:large","max-video-preview":"max-video-preview:-1"},"canonical":"https:\/\/radioljubuski.ba\/index.php\/2022\/02\/05\/milanovic-bosnjacki-politicari-ponasaju-se-kao-milosevic-1990\/","og_locale":"hr_HR","og_type":"article","og_title":"Milanovi\u0107: Bo\u0161nja\u010dki politi\u010dari pona\u0161aju se kao Milo\u0161evi\u0107 1990. - RADIO LJUBU\u0160KI","og_description":"Bo\u0161nja\u010dko vodstvo u BiH ponavlja obrasce pona\u0161anja Slobodana Milo\u0161evi\u0107a, a hrvatsku diplomaciju vodi \u201e\u0161a\u010dica klimavaca i kukavica\u201c, rekao je petak predsjednik Zoran Milanovi\u0107.&nbsp; \u201eDana\u0161nje pona\u0161anje bo\u0161nja\u010dkog vodstva u Bosni i Hercegovini preuzelo je obrazac Slobodana Milo\u0161evi\u0107a, njihovog krvnika, iz 1990. godine\u201c, rekao je Milanovi\u0107 u izjavi za medije tijekom posjeta Ustanovi za sveobuhvatnu skrb Tigrovi [&hellip;]","og_url":"https:\/\/radioljubuski.ba\/index.php\/2022\/02\/05\/milanovic-bosnjacki-politicari-ponasaju-se-kao-milosevic-1990\/","og_site_name":"RADIO LJUBU\u0160KI","article_publisher":"https:\/\/www.facebook.com\/Radiio-Ljubuski-1490835324566332","article_published_time":"2022-02-04T23:07:07+00:00","article_modified_time":"2022-02-04T23:07:08+00:00","og_image":[{"width":1000,"height":625,"url":"https:\/\/radioljubuski.ba\/wp-content\/uploads\/2021\/09\/9-2021-09-23-10-08-38-milanovic-1.jpg","type":"image\/jpeg"}],"author":"Radio Ljubu\u0161ki","twitter_card":"summary_large_image","twitter_creator":"@radioljubuski","twitter_site":"@radioljubuski","twitter_misc":{"Napisao\/la":"Radio Ljubu\u0161ki","Procijenjeno vrijeme \u010ditanja":"2 minute"},"schema":{"@context":"https:\/\/schema.org","@graph":[{"@type":"Article","@id":"https:\/\/radioljubuski.ba\/index.php\/2022\/02\/05\/milanovic-bosnjacki-politicari-ponasaju-se-kao-milosevic-1990\/#article","isPartOf":{"@id":"https:\/\/radioljubuski.ba\/index.php\/2022\/02\/05\/milanovic-bosnjacki-politicari-ponasaju-se-kao-milosevic-1990\/"},"author":{"name":"Radio Ljubu\u0161ki","@id":"https:\/\/radioljubuski.ba\/#\/schema\/person\/19fc700381a780f69665d7956c469e3b"},"headline":"Milanovi\u0107: Bo\u0161nja\u010dki politi\u010dari pona\u0161aju se kao Milo\u0161evi\u0107 1990.","datePublished":"2022-02-04T23:07:07+00:00","dateModified":"2022-02-04T23:07:08+00:00","mainEntityOfPage":{"@id":"https:\/\/radioljubuski.ba\/index.php\/2022\/02\/05\/milanovic-bosnjacki-politicari-ponasaju-se-kao-milosevic-1990\/"},"wordCount":474,"publisher":{"@id":"https:\/\/radioljubuski.ba\/#organization"},"image":{"@id":"https:\/\/radioljubuski.ba\/index.php\/2022\/02\/05\/milanovic-bosnjacki-politicari-ponasaju-se-kao-milosevic-1990\/#primaryimage"},"thumbnailUrl":"https:\/\/radioljubuski.ba\/wp-content\/uploads\/2021\/09\/9-2021-09-23-10-08-38-milanovic-1.jpg","articleSection":["BIH i regija"],"inLanguage":"hr"},{"@type":"WebPage","@id":"https:\/\/radioljubuski.ba\/index.php\/2022\/02\/05\/milanovic-bosnjacki-politicari-ponasaju-se-kao-milosevic-1990\/","url":"https:\/\/radioljubuski.ba\/index.php\/2022\/02\/05\/milanovic-bosnjacki-politicari-ponasaju-se-kao-milosevic-1990\/","name":"Milanovi\u0107: Bo\u0161nja\u010dki politi\u010dari pona\u0161aju se kao Milo\u0161evi\u0107 1990. - RADIO LJUBU\u0160KI","isPartOf":{"@id":"https:\/\/radioljubuski.ba\/#website"},"primaryImageOfPage":{"@id":"https:\/\/radioljubuski.ba\/index.php\/2022\/02\/05\/milanovic-bosnjacki-politicari-ponasaju-se-kao-milosevic-1990\/#primaryimage"},"image":{"@id":"https:\/\/radioljubuski.ba\/index.php\/2022\/02\/05\/milanovic-bosnjacki-politicari-ponasaju-se-kao-milosevic-1990\/#primaryimage"},"thumbnailUrl":"https:\/\/radioljubuski.ba\/wp-content\/uploads\/2021\/09\/9-2021-09-23-10-08-38-milanovic-1.jpg","datePublished":"2022-02-04T23:07:07+00:00","dateModified":"2022-02-04T23:07:08+00:00","breadcrumb":{"@id":"https:\/\/radioljubuski.ba\/index.php\/2022\/02\/05\/milanovic-bosnjacki-politicari-ponasaju-se-kao-milosevic-1990\/#breadcrumb"},"inLanguage":"hr","potentialAction":[{"@type":"ReadAction","target":["https:\/\/radioljubuski.ba\/index.php\/2022\/02\/05\/milanovic-bosnjacki-politicari-ponasaju-se-kao-milosevic-1990\/"]}]},{"@type":"ImageObject","inLanguage":"hr","@id":"https:\/\/radioljubuski.ba\/index.php\/2022\/02\/05\/milanovic-bosnjacki-politicari-ponasaju-se-kao-milosevic-1990\/#primaryimage","url":"https:\/\/radioljubuski.ba\/wp-content\/uploads\/2021\/09\/9-2021-09-23-10-08-38-milanovic-1.jpg","contentUrl":"https:\/\/radioljubuski.ba\/wp-content\/uploads\/2021\/09\/9-2021-09-23-10-08-38-milanovic-1.jpg","width":1000,"height":625},{"@type":"BreadcrumbList","@id":"https:\/\/radioljubuski.ba\/index.php\/2022\/02\/05\/milanovic-bosnjacki-politicari-ponasaju-se-kao-milosevic-1990\/#breadcrumb","itemListElement":[{"@type":"ListItem","position":1,"name":"Po\u010detna stranica","item":"https:\/\/radioljubuski.ba\/"},{"@type":"ListItem","position":2,"name":"Milanovi\u0107: Bo\u0161nja\u010dki politi\u010dari pona\u0161aju se kao Milo\u0161evi\u0107 1990."}]},{"@type":"WebSite","@id":"https:\/\/radioljubuski.ba\/#website","url":"https:\/\/radioljubuski.ba\/","name":"Radio Ljubu\u0161ki","description":"Sun\u010dana frekvencija Hercegovine","publisher":{"@id":"https:\/\/radioljubuski.ba\/#organization"},"potentialAction":[{"@type":"SearchAction","target":{"@type":"EntryPoint","urlTemplate":"https:\/\/radioljubuski.ba\/?s={search_term_string}"},"query-input":{"@type":"PropertyValueSpecification","valueRequired":true,"valueName":"search_term_string"}}],"inLanguage":"hr"},{"@type":"Organization","@id":"https:\/\/radioljubuski.ba\/#organization","name":"Radio Ljubu\u0161ki","url":"https:\/\/radioljubuski.ba\/","logo":{"@type":"ImageObject","inLanguage":"hr","@id":"https:\/\/radioljubuski.ba\/#\/schema\/logo\/image\/","url":"https:\/\/radioljubuski.ba\/wp-content\/uploads\/2021\/02\/cropped-Radio_Ljubuski_logo1.jpg","contentUrl":"https:\/\/radioljubuski.ba\/wp-content\/uploads\/2021\/02\/cropped-Radio_Ljubuski_logo1.jpg","width":512,"height":512,"caption":"Radio Ljubu\u0161ki"},"image":{"@id":"https:\/\/radioljubuski.ba\/#\/schema\/logo\/image\/"},"sameAs":["https:\/\/www.facebook.com\/Radiio-Ljubuski-1490835324566332","https:\/\/x.com\/radioljubuski","https:\/\/hr.linkedin.com\/company\/radio-ljubuski","https:\/\/www.youtube.com\/channel\/UCHYaeO_n0Db3tjNGudGpXyw"]},{"@type":"Person","@id":"https:\/\/radioljubuski.ba\/#\/schema\/person\/19fc700381a780f69665d7956c469e3b","name":"Radio Ljubu\u0161ki"}]}},"_links":{"self":[{"href":"https:\/\/radioljubuski.ba\/index.php\/wp-json\/wp\/v2\/posts\/111313","targetHints":{"allow":["GET"]}}],"collection":[{"href":"https:\/\/radioljubuski.ba\/index.php\/wp-json\/wp\/v2\/posts"}],"about":[{"href":"https:\/\/radioljubuski.ba\/index.php\/wp-json\/wp\/v2\/types\/post"}],"author":[{"embeddable":true,"href":"https:\/\/radioljubuski.ba\/index.php\/wp-json\/wp\/v2\/users\/2"}],"replies":[{"embeddable":true,"href":"https:\/\/radioljubuski.ba\/index.php\/wp-json\/wp\/v2\/comments?post=111313"}],"version-history":[{"count":1,"href":"https:\/\/radioljubuski.ba\/index.php\/wp-json\/wp\/v2\/posts\/111313\/revisions"}],"predecessor-version":[{"id":111314,"href":"https:\/\/radioljubuski.ba\/index.php\/wp-json\/wp\/v2\/posts\/111313\/revisions\/111314"}],"wp:featuredmedia":[{"embeddable":true,"href":"https:\/\/radioljubuski.ba\/index.php\/wp-json\/wp\/v2\/media\/69351"}],"wp:attachment":[{"href":"https:\/\/radioljubuski.ba\/index.php\/wp-json\/wp\/v2\/media?parent=111313"}],"wp:term":[{"taxonomy":"category","embeddable":true,"href":"https:\/\/radioljubuski.ba\/index.php\/wp-json\/wp\/v2\/categories?post=111313"},{"taxonomy":"post_tag","embeddable":true,"href":"https:\/\/radioljubuski.ba\/index.php\/wp-json\/wp\/v2\/tags?post=111313"}],"curies":[{"name":"wp","href":"https:\/\/api.w.org\/{rel}","templated":true}]}}