{"id":111315,"date":"2022-02-05T00:08:20","date_gmt":"2022-02-04T23:08:20","guid":{"rendered":"https:\/\/radioljubuski.ba\/?p=111315"},"modified":"2022-02-05T00:08:20","modified_gmt":"2022-02-04T23:08:20","slug":"taksist-pronasao-90-000-kuna-u-svom-autu-pa-vozio-do-dubrovnika-da-ih-vrati-nisam-dvojio","status":"publish","type":"post","link":"https:\/\/radioljubuski.ba\/index.php\/2022\/02\/05\/taksist-pronasao-90-000-kuna-u-svom-autu-pa-vozio-do-dubrovnika-da-ih-vrati-nisam-dvojio\/","title":{"rendered":"Taksist prona\u0161ao 90.000 kuna u svom autu pa vozio do Dubrovnika da ih vrati: \u2018Nisam dvojio!\u2018"},"content":{"rendered":"\n<p>Do prije \u010detiri mjeseca Nikica Rukavina, osoba s 80-postotnim invaliditetom, bio je nezaposlen i \u017eivio je od socijalne pomo\u0107i, onda je postao taksist, a danas je ljudina, primjer dobrog i po\u0161tenog \u010dovjeka. U taksiju je prona\u0161ao skoro 100.000 kuna koje su ispale \u010dovjeku kojega je vozio. Mogao je to zatajiti i popraviti si financijsku situaciju, no ne samo da mu ih je vratio, nego se vra\u0107ao oko 200 kilometara da mu ih preda, pi\u0161e Jutarnji list.<\/p>\n\n\n\n<p>&#8211; Nazvao me \u0161ef oko pono\u0107i u srijedu i rekao da bih trebao prevesti osobu iz Ogulina do Dubrovnika. Koliko sam shvatio, on je imao prometnu nesre\u0107u i nakon pru\u017eene pomo\u0107i trebao se vratiti ku\u0107u. Bilo mu je bitno da do\u0111emo na odredi\u0161te u \u010detvrtak u 8 sati. Bio je malo smu\u0161en i \u010dudan, mo\u017eda od sedativa, \u010ditav put je prakti\u010dki prespavao &#8211; govori Nikica.<\/p>\n\n\n\n<p>Ostavio ga je u Dubrovniku i krenuo natrag, a ne\u0161to prije Splita opet je nazvala centrala. Rekli su mu da se javila stranka koju je vozio do Dubrovnika i pitala je li voza\u010d taksija prona\u0161ao mo\u017eda kakav novac. Radilo se, rekli su mu, o ve\u0107oj koli\u010dini.<\/p>\n\n\n\n<p>&#8211; Rekao sam da sam na autocesti i da ne mogu sada pogledati, stao sam na prvom odmori\u0161tu i doista vidio na sjedalu dvije koverte, s dokumentima i novcem. Pao mi je mrak na o\u010di. Ne zbog novca, ve\u0107 jer sam bio svjestan da moram natrag za Dubrovnik. Nazvao sam centralu i to priop\u0107io. Upisali su mi vo\u017enju za natrag i krenuo sam. Do\u0161ao sam do njega, on novac nije ni prebrojao samo je kazao: Da, to je valjda to. Dao mi je 100 kuna. Pozdravili smo i to je bilo to &#8211; ka\u017ee Nikica.<\/p>\n\n\n\n<p>On je, prije nego mu je predao, otvorio kovertu poslikao nov\u010danice i poslao \u0161efu sliku. Ka\u017ee da je vidio izme\u0111u 60 i 70 nov\u010danica od 1000 kuna, plus po 200 u drugoj koverti, procjenjuje mo\u017eda oko 90.000 kuna. Tim novcem \u010dovjek kojega je vozio je trebao isplatiti radove na objektu koje su mu izvodili majstori.<\/p>\n\n\n\n<p>Pitamo ga je li barem na trenutak pomislio da novac &#8211; ne vrati.<\/p>\n\n\n\n<p>&#8211; Ne! O takvim situacijama sam razmi\u0161ljao davno prije. Takve se stvari doga\u0111aju, pa pomisli\u0161 \u0161to bi ti napravio da ti se dogodi takva situacija. Ja sam davno odlu\u010dio da, ako mi se dogodi, vra\u0107am, jer ne zna\u0161 kome uzima\u0161, koje su posljedice, mo\u017eda mu o tome ovisi \u017eivot. Znate kakva je karma, uni\u0161ti\u0161 \u017eivot njemu, njegovom djetetu, ono postane narkoman pa te ispika na cesti &#8211; govori Nikica, koji o\u010dito vjeruje u karmu.<\/p>\n\n\n\n<p>Dugo godina je Nikica radio kao voza\u010d autobusa i kamiona u Italiji. Od ro\u0111enja ima paraparezu spasticu, te te\u0161ko hoda. U jednom trenutku s godinama se vi\u0161e nije mogao penjati po kamionima i morao je prestati raditi taj posao.<\/p>\n\n\n\n<p>Vratio se u Karlovac, nije mogao prona\u0107i novi posao, pa je zavr\u0161io na &#8220;socijali&#8221;, a onda mu je prijatelj ponudio posao taksi voza\u010da koji je objeru\u010dke prihvatio. Najve\u0107a vrijednost prije ovog doga\u0111aja koju je prona\u0161ao, pa vratio, bio je mobitel jedne djevojke.<\/p>\n\n\n\n<p>Izvor:jutarnji.hr<\/p>\n","protected":false},"excerpt":{"rendered":"<p>Do prije \u010detiri mjeseca Nikica Rukavina, osoba s 80-postotnim invaliditetom, bio je nezaposlen i \u017eivio je od socijalne pomo\u0107i, onda je postao taksist, a danas je ljudina, primjer dobrog i po\u0161tenog \u010dovjeka. U taksiju je prona\u0161ao skoro 100.000 kuna koje su ispale \u010dovjeku kojega je vozio. Mogao je to zatajiti i popraviti si financijsku situaciju, [&hellip;]<\/p>\n","protected":false},"author":2,"featured_media":111316,"comment_status":"closed","ping_status":"closed","sticky":false,"template":"","format":"standard","meta":{"h5ap_radio_sources":[],"footnotes":""},"categories":[1],"tags":[],"class_list":["post-111315","post","type-post","status-publish","format-standard","has-post-thumbnail","hentry","category-bihiregija"],"yoast_head":"<!-- This site is optimized with the Yoast SEO plugin v27.4 - https:\/\/yoast.com\/product\/yoast-seo-wordpress\/ -->\n<title>Taksist prona\u0161ao 90.000 kuna u svom autu pa vozio do Dubrovnika da ih vrati: \u2018Nisam dvojio!\u2018 - RADIO LJUBU\u0160KI<\/title>\n<meta name=\"robots\" content=\"index, follow, max-snippet:-1, max-image-preview:large, max-video-preview:-1\" \/>\n<link rel=\"canonical\" href=\"https:\/\/radioljubuski.ba\/index.php\/2022\/02\/05\/taksist-pronasao-90-000-kuna-u-svom-autu-pa-vozio-do-dubrovnika-da-ih-vrati-nisam-dvojio\/\" \/>\n<meta property=\"og:locale\" content=\"hr_HR\" \/>\n<meta property=\"og:type\" content=\"article\" \/>\n<meta property=\"og:title\" content=\"Taksist prona\u0161ao 90.000 kuna u svom autu pa vozio do Dubrovnika da ih vrati: \u2018Nisam dvojio!\u2018 - RADIO LJUBU\u0160KI\" \/>\n<meta property=\"og:description\" content=\"Do prije \u010detiri mjeseca Nikica Rukavina, osoba s 80-postotnim invaliditetom, bio je nezaposlen i \u017eivio je od socijalne pomo\u0107i, onda je postao taksist, a danas je ljudina, primjer dobrog i po\u0161tenog \u010dovjeka. U taksiju je prona\u0161ao skoro 100.000 kuna koje su ispale \u010dovjeku kojega je vozio. Mogao je to zatajiti i popraviti si financijsku situaciju, [&hellip;]\" \/>\n<meta property=\"og:url\" content=\"https:\/\/radioljubuski.ba\/index.php\/2022\/02\/05\/taksist-pronasao-90-000-kuna-u-svom-autu-pa-vozio-do-dubrovnika-da-ih-vrati-nisam-dvojio\/\" \/>\n<meta property=\"og:site_name\" content=\"RADIO LJUBU\u0160KI\" \/>\n<meta property=\"article:publisher\" content=\"https:\/\/www.facebook.com\/Radiio-Ljubuski-1490835324566332\" \/>\n<meta property=\"article:published_time\" content=\"2022-02-04T23:08:20+00:00\" \/>\n<meta property=\"og:image\" content=\"https:\/\/radioljubuski.ba\/wp-content\/uploads\/2022\/02\/RPeypqYT_taksi.jpg\" \/>\n\t<meta property=\"og:image:width\" content=\"1000\" \/>\n\t<meta property=\"og:image:height\" content=\"625\" \/>\n\t<meta property=\"og:image:type\" content=\"image\/jpeg\" \/>\n<meta name=\"author\" content=\"Radio Ljubu\u0161ki\" \/>\n<meta name=\"twitter:card\" content=\"summary_large_image\" \/>\n<meta name=\"twitter:creator\" content=\"@radioljubuski\" \/>\n<meta name=\"twitter:site\" content=\"@radioljubuski\" \/>\n<meta name=\"twitter:label1\" content=\"Napisao\/la\" \/>\n\t<meta name=\"twitter:data1\" content=\"Radio Ljubu\u0161ki\" \/>\n\t<meta name=\"twitter:label2\" content=\"Procijenjeno vrijeme \u010ditanja\" \/>\n\t<meta name=\"twitter:data2\" content=\"3 minute\" \/>\n<script type=\"application\/ld+json\" class=\"yoast-schema-graph\">{\"@context\":\"https:\\\/\\\/schema.org\",\"@graph\":[{\"@type\":\"Article\",\"@id\":\"https:\\\/\\\/radioljubuski.ba\\\/index.php\\\/2022\\\/02\\\/05\\\/taksist-pronasao-90-000-kuna-u-svom-autu-pa-vozio-do-dubrovnika-da-ih-vrati-nisam-dvojio\\\/#article\",\"isPartOf\":{\"@id\":\"https:\\\/\\\/radioljubuski.ba\\\/index.php\\\/2022\\\/02\\\/05\\\/taksist-pronasao-90-000-kuna-u-svom-autu-pa-vozio-do-dubrovnika-da-ih-vrati-nisam-dvojio\\\/\"},\"author\":{\"name\":\"Radio Ljubu\u0161ki\",\"@id\":\"https:\\\/\\\/radioljubuski.ba\\\/#\\\/schema\\\/person\\\/19fc700381a780f69665d7956c469e3b\"},\"headline\":\"Taksist prona\u0161ao 90.000 kuna u svom autu pa vozio do Dubrovnika da ih vrati: \u2018Nisam dvojio!\u2018\",\"datePublished\":\"2022-02-04T23:08:20+00:00\",\"mainEntityOfPage\":{\"@id\":\"https:\\\/\\\/radioljubuski.ba\\\/index.php\\\/2022\\\/02\\\/05\\\/taksist-pronasao-90-000-kuna-u-svom-autu-pa-vozio-do-dubrovnika-da-ih-vrati-nisam-dvojio\\\/\"},\"wordCount\":563,\"publisher\":{\"@id\":\"https:\\\/\\\/radioljubuski.ba\\\/#organization\"},\"image\":{\"@id\":\"https:\\\/\\\/radioljubuski.ba\\\/index.php\\\/2022\\\/02\\\/05\\\/taksist-pronasao-90-000-kuna-u-svom-autu-pa-vozio-do-dubrovnika-da-ih-vrati-nisam-dvojio\\\/#primaryimage\"},\"thumbnailUrl\":\"https:\\\/\\\/radioljubuski.ba\\\/wp-content\\\/uploads\\\/2022\\\/02\\\/RPeypqYT_taksi.jpg\",\"articleSection\":[\"BIH i regija\"],\"inLanguage\":\"hr\"},{\"@type\":\"WebPage\",\"@id\":\"https:\\\/\\\/radioljubuski.ba\\\/index.php\\\/2022\\\/02\\\/05\\\/taksist-pronasao-90-000-kuna-u-svom-autu-pa-vozio-do-dubrovnika-da-ih-vrati-nisam-dvojio\\\/\",\"url\":\"https:\\\/\\\/radioljubuski.ba\\\/index.php\\\/2022\\\/02\\\/05\\\/taksist-pronasao-90-000-kuna-u-svom-autu-pa-vozio-do-dubrovnika-da-ih-vrati-nisam-dvojio\\\/\",\"name\":\"Taksist prona\u0161ao 90.000 kuna u svom autu pa vozio do Dubrovnika da ih vrati: \u2018Nisam dvojio!\u2018 - RADIO LJUBU\u0160KI\",\"isPartOf\":{\"@id\":\"https:\\\/\\\/radioljubuski.ba\\\/#website\"},\"primaryImageOfPage\":{\"@id\":\"https:\\\/\\\/radioljubuski.ba\\\/index.php\\\/2022\\\/02\\\/05\\\/taksist-pronasao-90-000-kuna-u-svom-autu-pa-vozio-do-dubrovnika-da-ih-vrati-nisam-dvojio\\\/#primaryimage\"},\"image\":{\"@id\":\"https:\\\/\\\/radioljubuski.ba\\\/index.php\\\/2022\\\/02\\\/05\\\/taksist-pronasao-90-000-kuna-u-svom-autu-pa-vozio-do-dubrovnika-da-ih-vrati-nisam-dvojio\\\/#primaryimage\"},\"thumbnailUrl\":\"https:\\\/\\\/radioljubuski.ba\\\/wp-content\\\/uploads\\\/2022\\\/02\\\/RPeypqYT_taksi.jpg\",\"datePublished\":\"2022-02-04T23:08:20+00:00\",\"breadcrumb\":{\"@id\":\"https:\\\/\\\/radioljubuski.ba\\\/index.php\\\/2022\\\/02\\\/05\\\/taksist-pronasao-90-000-kuna-u-svom-autu-pa-vozio-do-dubrovnika-da-ih-vrati-nisam-dvojio\\\/#breadcrumb\"},\"inLanguage\":\"hr\",\"potentialAction\":[{\"@type\":\"ReadAction\",\"target\":[\"https:\\\/\\\/radioljubuski.ba\\\/index.php\\\/2022\\\/02\\\/05\\\/taksist-pronasao-90-000-kuna-u-svom-autu-pa-vozio-do-dubrovnika-da-ih-vrati-nisam-dvojio\\\/\"]}]},{\"@type\":\"ImageObject\",\"inLanguage\":\"hr\",\"@id\":\"https:\\\/\\\/radioljubuski.ba\\\/index.php\\\/2022\\\/02\\\/05\\\/taksist-pronasao-90-000-kuna-u-svom-autu-pa-vozio-do-dubrovnika-da-ih-vrati-nisam-dvojio\\\/#primaryimage\",\"url\":\"https:\\\/\\\/radioljubuski.ba\\\/wp-content\\\/uploads\\\/2022\\\/02\\\/RPeypqYT_taksi.jpg\",\"contentUrl\":\"https:\\\/\\\/radioljubuski.ba\\\/wp-content\\\/uploads\\\/2022\\\/02\\\/RPeypqYT_taksi.jpg\",\"width\":1000,\"height\":625},{\"@type\":\"BreadcrumbList\",\"@id\":\"https:\\\/\\\/radioljubuski.ba\\\/index.php\\\/2022\\\/02\\\/05\\\/taksist-pronasao-90-000-kuna-u-svom-autu-pa-vozio-do-dubrovnika-da-ih-vrati-nisam-dvojio\\\/#breadcrumb\",\"itemListElement\":[{\"@type\":\"ListItem\",\"position\":1,\"name\":\"Po\u010detna stranica\",\"item\":\"https:\\\/\\\/radioljubuski.ba\\\/\"},{\"@type\":\"ListItem\",\"position\":2,\"name\":\"Taksist prona\u0161ao 90.000 kuna u svom autu pa vozio do Dubrovnika da ih vrati: \u2018Nisam dvojio!\u2018\"}]},{\"@type\":\"WebSite\",\"@id\":\"https:\\\/\\\/radioljubuski.ba\\\/#website\",\"url\":\"https:\\\/\\\/radioljubuski.ba\\\/\",\"name\":\"Radio Ljubu\u0161ki\",\"description\":\"Sun\u010dana frekvencija Hercegovine\",\"publisher\":{\"@id\":\"https:\\\/\\\/radioljubuski.ba\\\/#organization\"},\"potentialAction\":[{\"@type\":\"SearchAction\",\"target\":{\"@type\":\"EntryPoint\",\"urlTemplate\":\"https:\\\/\\\/radioljubuski.ba\\\/?s={search_term_string}\"},\"query-input\":{\"@type\":\"PropertyValueSpecification\",\"valueRequired\":true,\"valueName\":\"search_term_string\"}}],\"inLanguage\":\"hr\"},{\"@type\":\"Organization\",\"@id\":\"https:\\\/\\\/radioljubuski.ba\\\/#organization\",\"name\":\"Radio Ljubu\u0161ki\",\"url\":\"https:\\\/\\\/radioljubuski.ba\\\/\",\"logo\":{\"@type\":\"ImageObject\",\"inLanguage\":\"hr\",\"@id\":\"https:\\\/\\\/radioljubuski.ba\\\/#\\\/schema\\\/logo\\\/image\\\/\",\"url\":\"https:\\\/\\\/radioljubuski.ba\\\/wp-content\\\/uploads\\\/2021\\\/02\\\/cropped-Radio_Ljubuski_logo1.jpg\",\"contentUrl\":\"https:\\\/\\\/radioljubuski.ba\\\/wp-content\\\/uploads\\\/2021\\\/02\\\/cropped-Radio_Ljubuski_logo1.jpg\",\"width\":512,\"height\":512,\"caption\":\"Radio Ljubu\u0161ki\"},\"image\":{\"@id\":\"https:\\\/\\\/radioljubuski.ba\\\/#\\\/schema\\\/logo\\\/image\\\/\"},\"sameAs\":[\"https:\\\/\\\/www.facebook.com\\\/Radiio-Ljubuski-1490835324566332\",\"https:\\\/\\\/x.com\\\/radioljubuski\",\"https:\\\/\\\/hr.linkedin.com\\\/company\\\/radio-ljubuski\",\"https:\\\/\\\/www.youtube.com\\\/channel\\\/UCHYaeO_n0Db3tjNGudGpXyw\"]},{\"@type\":\"Person\",\"@id\":\"https:\\\/\\\/radioljubuski.ba\\\/#\\\/schema\\\/person\\\/19fc700381a780f69665d7956c469e3b\",\"name\":\"Radio Ljubu\u0161ki\"}]}<\/script>\n<!-- \/ Yoast SEO plugin. -->","yoast_head_json":{"title":"Taksist prona\u0161ao 90.000 kuna u svom autu pa vozio do Dubrovnika da ih vrati: \u2018Nisam dvojio!\u2018 - RADIO LJUBU\u0160KI","robots":{"index":"index","follow":"follow","max-snippet":"max-snippet:-1","max-image-preview":"max-image-preview:large","max-video-preview":"max-video-preview:-1"},"canonical":"https:\/\/radioljubuski.ba\/index.php\/2022\/02\/05\/taksist-pronasao-90-000-kuna-u-svom-autu-pa-vozio-do-dubrovnika-da-ih-vrati-nisam-dvojio\/","og_locale":"hr_HR","og_type":"article","og_title":"Taksist prona\u0161ao 90.000 kuna u svom autu pa vozio do Dubrovnika da ih vrati: \u2018Nisam dvojio!\u2018 - RADIO LJUBU\u0160KI","og_description":"Do prije \u010detiri mjeseca Nikica Rukavina, osoba s 80-postotnim invaliditetom, bio je nezaposlen i \u017eivio je od socijalne pomo\u0107i, onda je postao taksist, a danas je ljudina, primjer dobrog i po\u0161tenog \u010dovjeka. U taksiju je prona\u0161ao skoro 100.000 kuna koje su ispale \u010dovjeku kojega je vozio. Mogao je to zatajiti i popraviti si financijsku situaciju, [&hellip;]","og_url":"https:\/\/radioljubuski.ba\/index.php\/2022\/02\/05\/taksist-pronasao-90-000-kuna-u-svom-autu-pa-vozio-do-dubrovnika-da-ih-vrati-nisam-dvojio\/","og_site_name":"RADIO LJUBU\u0160KI","article_publisher":"https:\/\/www.facebook.com\/Radiio-Ljubuski-1490835324566332","article_published_time":"2022-02-04T23:08:20+00:00","og_image":[{"width":1000,"height":625,"url":"https:\/\/radioljubuski.ba\/wp-content\/uploads\/2022\/02\/RPeypqYT_taksi.jpg","type":"image\/jpeg"}],"author":"Radio Ljubu\u0161ki","twitter_card":"summary_large_image","twitter_creator":"@radioljubuski","twitter_site":"@radioljubuski","twitter_misc":{"Napisao\/la":"Radio Ljubu\u0161ki","Procijenjeno vrijeme \u010ditanja":"3 minute"},"schema":{"@context":"https:\/\/schema.org","@graph":[{"@type":"Article","@id":"https:\/\/radioljubuski.ba\/index.php\/2022\/02\/05\/taksist-pronasao-90-000-kuna-u-svom-autu-pa-vozio-do-dubrovnika-da-ih-vrati-nisam-dvojio\/#article","isPartOf":{"@id":"https:\/\/radioljubuski.ba\/index.php\/2022\/02\/05\/taksist-pronasao-90-000-kuna-u-svom-autu-pa-vozio-do-dubrovnika-da-ih-vrati-nisam-dvojio\/"},"author":{"name":"Radio Ljubu\u0161ki","@id":"https:\/\/radioljubuski.ba\/#\/schema\/person\/19fc700381a780f69665d7956c469e3b"},"headline":"Taksist prona\u0161ao 90.000 kuna u svom autu pa vozio do Dubrovnika da ih vrati: \u2018Nisam dvojio!\u2018","datePublished":"2022-02-04T23:08:20+00:00","mainEntityOfPage":{"@id":"https:\/\/radioljubuski.ba\/index.php\/2022\/02\/05\/taksist-pronasao-90-000-kuna-u-svom-autu-pa-vozio-do-dubrovnika-da-ih-vrati-nisam-dvojio\/"},"wordCount":563,"publisher":{"@id":"https:\/\/radioljubuski.ba\/#organization"},"image":{"@id":"https:\/\/radioljubuski.ba\/index.php\/2022\/02\/05\/taksist-pronasao-90-000-kuna-u-svom-autu-pa-vozio-do-dubrovnika-da-ih-vrati-nisam-dvojio\/#primaryimage"},"thumbnailUrl":"https:\/\/radioljubuski.ba\/wp-content\/uploads\/2022\/02\/RPeypqYT_taksi.jpg","articleSection":["BIH i regija"],"inLanguage":"hr"},{"@type":"WebPage","@id":"https:\/\/radioljubuski.ba\/index.php\/2022\/02\/05\/taksist-pronasao-90-000-kuna-u-svom-autu-pa-vozio-do-dubrovnika-da-ih-vrati-nisam-dvojio\/","url":"https:\/\/radioljubuski.ba\/index.php\/2022\/02\/05\/taksist-pronasao-90-000-kuna-u-svom-autu-pa-vozio-do-dubrovnika-da-ih-vrati-nisam-dvojio\/","name":"Taksist prona\u0161ao 90.000 kuna u svom autu pa vozio do Dubrovnika da ih vrati: \u2018Nisam dvojio!\u2018 - RADIO LJUBU\u0160KI","isPartOf":{"@id":"https:\/\/radioljubuski.ba\/#website"},"primaryImageOfPage":{"@id":"https:\/\/radioljubuski.ba\/index.php\/2022\/02\/05\/taksist-pronasao-90-000-kuna-u-svom-autu-pa-vozio-do-dubrovnika-da-ih-vrati-nisam-dvojio\/#primaryimage"},"image":{"@id":"https:\/\/radioljubuski.ba\/index.php\/2022\/02\/05\/taksist-pronasao-90-000-kuna-u-svom-autu-pa-vozio-do-dubrovnika-da-ih-vrati-nisam-dvojio\/#primaryimage"},"thumbnailUrl":"https:\/\/radioljubuski.ba\/wp-content\/uploads\/2022\/02\/RPeypqYT_taksi.jpg","datePublished":"2022-02-04T23:08:20+00:00","breadcrumb":{"@id":"https:\/\/radioljubuski.ba\/index.php\/2022\/02\/05\/taksist-pronasao-90-000-kuna-u-svom-autu-pa-vozio-do-dubrovnika-da-ih-vrati-nisam-dvojio\/#breadcrumb"},"inLanguage":"hr","potentialAction":[{"@type":"ReadAction","target":["https:\/\/radioljubuski.ba\/index.php\/2022\/02\/05\/taksist-pronasao-90-000-kuna-u-svom-autu-pa-vozio-do-dubrovnika-da-ih-vrati-nisam-dvojio\/"]}]},{"@type":"ImageObject","inLanguage":"hr","@id":"https:\/\/radioljubuski.ba\/index.php\/2022\/02\/05\/taksist-pronasao-90-000-kuna-u-svom-autu-pa-vozio-do-dubrovnika-da-ih-vrati-nisam-dvojio\/#primaryimage","url":"https:\/\/radioljubuski.ba\/wp-content\/uploads\/2022\/02\/RPeypqYT_taksi.jpg","contentUrl":"https:\/\/radioljubuski.ba\/wp-content\/uploads\/2022\/02\/RPeypqYT_taksi.jpg","width":1000,"height":625},{"@type":"BreadcrumbList","@id":"https:\/\/radioljubuski.ba\/index.php\/2022\/02\/05\/taksist-pronasao-90-000-kuna-u-svom-autu-pa-vozio-do-dubrovnika-da-ih-vrati-nisam-dvojio\/#breadcrumb","itemListElement":[{"@type":"ListItem","position":1,"name":"Po\u010detna stranica","item":"https:\/\/radioljubuski.ba\/"},{"@type":"ListItem","position":2,"name":"Taksist prona\u0161ao 90.000 kuna u svom autu pa vozio do Dubrovnika da ih vrati: \u2018Nisam dvojio!\u2018"}]},{"@type":"WebSite","@id":"https:\/\/radioljubuski.ba\/#website","url":"https:\/\/radioljubuski.ba\/","name":"Radio Ljubu\u0161ki","description":"Sun\u010dana frekvencija Hercegovine","publisher":{"@id":"https:\/\/radioljubuski.ba\/#organization"},"potentialAction":[{"@type":"SearchAction","target":{"@type":"EntryPoint","urlTemplate":"https:\/\/radioljubuski.ba\/?s={search_term_string}"},"query-input":{"@type":"PropertyValueSpecification","valueRequired":true,"valueName":"search_term_string"}}],"inLanguage":"hr"},{"@type":"Organization","@id":"https:\/\/radioljubuski.ba\/#organization","name":"Radio Ljubu\u0161ki","url":"https:\/\/radioljubuski.ba\/","logo":{"@type":"ImageObject","inLanguage":"hr","@id":"https:\/\/radioljubuski.ba\/#\/schema\/logo\/image\/","url":"https:\/\/radioljubuski.ba\/wp-content\/uploads\/2021\/02\/cropped-Radio_Ljubuski_logo1.jpg","contentUrl":"https:\/\/radioljubuski.ba\/wp-content\/uploads\/2021\/02\/cropped-Radio_Ljubuski_logo1.jpg","width":512,"height":512,"caption":"Radio Ljubu\u0161ki"},"image":{"@id":"https:\/\/radioljubuski.ba\/#\/schema\/logo\/image\/"},"sameAs":["https:\/\/www.facebook.com\/Radiio-Ljubuski-1490835324566332","https:\/\/x.com\/radioljubuski","https:\/\/hr.linkedin.com\/company\/radio-ljubuski","https:\/\/www.youtube.com\/channel\/UCHYaeO_n0Db3tjNGudGpXyw"]},{"@type":"Person","@id":"https:\/\/radioljubuski.ba\/#\/schema\/person\/19fc700381a780f69665d7956c469e3b","name":"Radio Ljubu\u0161ki"}]}},"_links":{"self":[{"href":"https:\/\/radioljubuski.ba\/index.php\/wp-json\/wp\/v2\/posts\/111315","targetHints":{"allow":["GET"]}}],"collection":[{"href":"https:\/\/radioljubuski.ba\/index.php\/wp-json\/wp\/v2\/posts"}],"about":[{"href":"https:\/\/radioljubuski.ba\/index.php\/wp-json\/wp\/v2\/types\/post"}],"author":[{"embeddable":true,"href":"https:\/\/radioljubuski.ba\/index.php\/wp-json\/wp\/v2\/users\/2"}],"replies":[{"embeddable":true,"href":"https:\/\/radioljubuski.ba\/index.php\/wp-json\/wp\/v2\/comments?post=111315"}],"version-history":[{"count":1,"href":"https:\/\/radioljubuski.ba\/index.php\/wp-json\/wp\/v2\/posts\/111315\/revisions"}],"predecessor-version":[{"id":111317,"href":"https:\/\/radioljubuski.ba\/index.php\/wp-json\/wp\/v2\/posts\/111315\/revisions\/111317"}],"wp:featuredmedia":[{"embeddable":true,"href":"https:\/\/radioljubuski.ba\/index.php\/wp-json\/wp\/v2\/media\/111316"}],"wp:attachment":[{"href":"https:\/\/radioljubuski.ba\/index.php\/wp-json\/wp\/v2\/media?parent=111315"}],"wp:term":[{"taxonomy":"category","embeddable":true,"href":"https:\/\/radioljubuski.ba\/index.php\/wp-json\/wp\/v2\/categories?post=111315"},{"taxonomy":"post_tag","embeddable":true,"href":"https:\/\/radioljubuski.ba\/index.php\/wp-json\/wp\/v2\/tags?post=111315"}],"curies":[{"name":"wp","href":"https:\/\/api.w.org\/{rel}","templated":true}]}}