{"id":111569,"date":"2022-02-07T11:31:48","date_gmt":"2022-02-07T10:31:48","guid":{"rendered":"https:\/\/radioljubuski.ba\/?p=111569"},"modified":"2022-02-07T11:31:49","modified_gmt":"2022-02-07T10:31:49","slug":"velik-porast-pucnjava-u-americkim-skolama","status":"publish","type":"post","link":"https:\/\/radioljubuski.ba\/index.php\/2022\/02\/07\/velik-porast-pucnjava-u-americkim-skolama\/","title":{"rendered":"Velik porast pucnjava u ameri\u010dkim \u0161kolama"},"content":{"rendered":"\n<p>Sve je vi\u0161e pokazatelja da stres i izazovi pandemije pogor\u0161avaju oru\u017eano nasilje u ameri\u010dkim \u0161kolama. Znanstvenici koji prou\u010davaju ovaj fenomen brinu se da \u0107e se stanje samo pogor\u0161avati. &nbsp;<\/p>\n\n\n\n<p>Devetnaestogodi\u0161nji biv\u0161i u\u010denik ustrijeljen je nakon srednjo\u0161kolske ko\u0161arka\u0161ke utakmice prije tjedan dana u Beloitu (Wisconsin), dok su u pro\u0161li ponedjeljak tri tinejd\u017eera hospitalizirana nakon pucnjave ispred srednje \u0161kole Chaparral u Las Vegasu. U utorak je pet tinejd\u017eerica ranjeno hicem iz pi\u0161tolja ispred srednje \u0161kole Rufus King u Milwaukeeju. Tako\u0111er u utorak, jedan u\u010denik je ubijen, a do\u0161lo je do jo\u0161 jedne pucnjave ispred South Education Centra u Minneaopolisu.<\/p>\n\n\n\n<p>Jedino su u potonjem slu\u010daju osumnji\u010deni uhi\u0107eni \u2013 dva u\u010denika iz te \u0161kole.<\/p>\n\n\n\n<p>U \u0161kolskoj godini 2021.\/2022. zabilje\u017eena je 141 pucnjava na kampusima, najvi\u0161e u posljednjih deset godina prema organizaciji Everytown for Gun Safety. Problemi koji su prethodili pandemiji \u2013 poput nejednakosti i neadekvatnih resursa \u2013 pogor\u0161ali su se u pandemiji pa polovica u\u010ditelja ka\u017ee da \u017eeli dati otkaz ili prijevremeno oti\u0107i u mirovinu, prema nedavnim istra\u017eivanjima sindikata Nacionalno obrazovno udru\u017eenje.<\/p>\n\n\n\n<p>To zna\u010di da je sve manje odraslih, a taj \u0107e se trend nastaviti, povezanih s u\u010denicima koji mogu prepoznati znakove razvoja nasilni\u010dkog pona\u0161anja. \u201cDjeca ulaze u sustav koji je jako oslabljen\u201d, kazao je Ron Avi Astor, stru\u010dnjak za nasilje u \u0161kolama sa sveu\u010dili\u0161ta UCLA. \u201cVidjet \u0107emo razli\u010dite oblike oru\u017eanog &nbsp;i nasilja op\u0107enito. Nalazimo se u situaciji koja \u0107e se samo pogor\u0161avati\u201d, dodao je.<\/p>\n\n\n\n<p>Astor je rekao da vi\u0161e \u010dimbenika uzrokuje porast nasilja, uklju\u010duju\u0107i pandemiju, porast nasilja op\u0107enito i propadanje obiteljskih struktura. Sve je to stvorilo \u201ccunami\u201d problema s mentalnim zdravljem u \u0161kolama, ka\u017ee Astor.<\/p>\n\n\n\n<p>Problemi su sve ve\u0107i jer u\u010ditelji i vodstvo \u0161kola nisu dovoljno opremljeni da se nose s njima zbog sindroma izgaranja, nestotatnog broja radnika i bolesti. Problem nije nu\u017eno premalo financiranja, ka\u017ee Astor, ve\u0107 nedostatak ljudskog kapitala \u2014 u\u010ditelja, stru\u010dnjaka i osoblja koje bi moglo pomo\u0107i u razrje\u0161avanju krize zbog nasilja.<\/p>\n\n\n\n<p><strong>Vi\u0161e pi\u0161tolja zbog prekinute rutine<\/strong><\/p>\n\n\n\n<p>Katherine Schweit, umirovljena specijalna agentica FBI-a i autorica knjige \u201cZaustavite ubojstva\u201d (\u201cStop the Killing\u201d) objavljene pro\u0161le godine, rekla je da je jo\u0161 jedan klju\u010dni \u010dimbenik nasilja poreme\u0107en, u odnosu na ranije, raspored aktivnosti roditelja. To zna\u010di manje nadzora i manje predvidljive rutine za djecu, \u0161to roditeljima, u\u010diteljima i drugima jo\u0161 vi\u0161e ote\u017eava uo\u010davanje znakova upozorenja.<\/p>\n\n\n\n<p>\u201cJedna od stvari na koje se usredoto\u010dujemo kada govorimo o sprje\u010davanju pucnjave je promjena u ne\u010dijoj rutini koja bi nam mogla ukazivati na to da je osoba na putu prema nasilju\u201d, kazala je Schweit. \u201cAli tko ima rutinu ovih dana? Nitko\u201d, dodala je. Dostupnost oru\u017eja je drugi faktor, napominje Jillian Peterson, profesorica kriminologije na Sveu\u010dili\u0161tu Hamline i sukreatorica istra\u017eiva\u010dkog centra za prou\u010davanje nasislja.<\/p>\n\n\n\n<p>U pro\u0161loj godini svakoga je mjeseca zabilje\u017een novi rekord po pitanju prodaje oru\u017eja. Peterson ka\u017ee da previ\u0161e tog oru\u017eja nije osigurano od djece u domovima.<\/p>\n\n\n\n<p>Jedna od najva\u017enijih stvari koje \u0161kole trenutno mogu u\u010diniti je kreirati sustave i timove za odgovor na krizne situacije kako bi u\u010denici i nastavnici mogli prijaviti svoje zabrinutosti u vezi s odre\u0111enim u\u010denicima, smatra Peterson. Te bi se informacije mogle prenijeti obu\u010denima za procjenu razine prijetnje.<\/p>\n\n\n\n<p>Peterson dr\u017ei da je nemogu\u0107e to\u010dno odrediti uzrok porasta nasilja, ali napominje da se znanstvenici sla\u017eu kako je smanjenje \u0161kolskih aktivnosti tome zna\u010dajno pridonijelo. \u201cZnamo da mnoge stvari koje su sprije\u010dile nasilje, kao \u0161to su izvan\u0161kolske aktivnosti i sport jo\u0161 uvijek ne funkcioniraju u mnogim mjestima\u201d, rekla je. \u201cPandemija nam je pokazala da su \u0161kole puno vi\u0161e od obrazovnih ustanova. One odr\u017eavaju dru\u0161tvo i poma\u017eu na\u0161oj djeci na mnoge na\u010dine \u2013 od mentalnog zdravlja do fizi\u010dkog zdravlja i sigurnog izvora hrane. To smo izgubili\u201d, dodala je.<\/p>\n\n\n\n<p>Izvor:pogled.ba<\/p>\n","protected":false},"excerpt":{"rendered":"<p>Sve je vi\u0161e pokazatelja da stres i izazovi pandemije pogor\u0161avaju oru\u017eano nasilje u ameri\u010dkim \u0161kolama. Znanstvenici koji prou\u010davaju ovaj fenomen brinu se da \u0107e se stanje samo pogor\u0161avati. &nbsp; Devetnaestogodi\u0161nji biv\u0161i u\u010denik ustrijeljen je nakon srednjo\u0161kolske ko\u0161arka\u0161ke utakmice prije tjedan dana u Beloitu (Wisconsin), dok su u pro\u0161li ponedjeljak tri tinejd\u017eera hospitalizirana nakon pucnjave ispred [&hellip;]<\/p>\n","protected":false},"author":2,"featured_media":111570,"comment_status":"closed","ping_status":"closed","sticky":false,"template":"","format":"standard","meta":{"h5ap_radio_sources":[],"footnotes":""},"categories":[1],"tags":[],"class_list":["post-111569","post","type-post","status-publish","format-standard","has-post-thumbnail","hentry","category-bihiregija"],"yoast_head":"<!-- This site is optimized with the Yoast SEO plugin v27.4 - https:\/\/yoast.com\/product\/yoast-seo-wordpress\/ -->\n<title>Velik porast pucnjava u ameri\u010dkim \u0161kolama - RADIO LJUBU\u0160KI<\/title>\n<meta name=\"robots\" content=\"index, follow, max-snippet:-1, max-image-preview:large, max-video-preview:-1\" \/>\n<link rel=\"canonical\" href=\"https:\/\/radioljubuski.ba\/index.php\/2022\/02\/07\/velik-porast-pucnjava-u-americkim-skolama\/\" \/>\n<meta property=\"og:locale\" content=\"hr_HR\" \/>\n<meta property=\"og:type\" content=\"article\" \/>\n<meta property=\"og:title\" content=\"Velik porast pucnjava u ameri\u010dkim \u0161kolama - RADIO LJUBU\u0160KI\" \/>\n<meta property=\"og:description\" content=\"Sve je vi\u0161e pokazatelja da stres i izazovi pandemije pogor\u0161avaju oru\u017eano nasilje u ameri\u010dkim \u0161kolama. Znanstvenici koji prou\u010davaju ovaj fenomen brinu se da \u0107e se stanje samo pogor\u0161avati. &nbsp; Devetnaestogodi\u0161nji biv\u0161i u\u010denik ustrijeljen je nakon srednjo\u0161kolske ko\u0161arka\u0161ke utakmice prije tjedan dana u Beloitu (Wisconsin), dok su u pro\u0161li ponedjeljak tri tinejd\u017eera hospitalizirana nakon pucnjave ispred [&hellip;]\" \/>\n<meta property=\"og:url\" content=\"https:\/\/radioljubuski.ba\/index.php\/2022\/02\/07\/velik-porast-pucnjava-u-americkim-skolama\/\" \/>\n<meta property=\"og:site_name\" content=\"RADIO LJUBU\u0160KI\" \/>\n<meta property=\"article:publisher\" content=\"https:\/\/www.facebook.com\/Radiio-Ljubuski-1490835324566332\" \/>\n<meta property=\"article:published_time\" content=\"2022-02-07T10:31:48+00:00\" \/>\n<meta property=\"article:modified_time\" content=\"2022-02-07T10:31:49+00:00\" \/>\n<meta property=\"og:image\" content=\"https:\/\/radioljubuski.ba\/wp-content\/uploads\/2022\/02\/8-2022-02-07-08-20-16-skole-pucnjava.jpg\" \/>\n\t<meta property=\"og:image:width\" content=\"1000\" \/>\n\t<meta property=\"og:image:height\" content=\"625\" \/>\n\t<meta property=\"og:image:type\" content=\"image\/jpeg\" \/>\n<meta name=\"author\" content=\"Radio Ljubu\u0161ki\" \/>\n<meta name=\"twitter:card\" content=\"summary_large_image\" \/>\n<meta name=\"twitter:creator\" content=\"@radioljubuski\" \/>\n<meta name=\"twitter:site\" content=\"@radioljubuski\" \/>\n<meta name=\"twitter:label1\" content=\"Napisao\/la\" \/>\n\t<meta name=\"twitter:data1\" content=\"Radio Ljubu\u0161ki\" \/>\n\t<meta name=\"twitter:label2\" content=\"Procijenjeno vrijeme \u010ditanja\" \/>\n\t<meta name=\"twitter:data2\" content=\"3 minute\" \/>\n<script type=\"application\/ld+json\" class=\"yoast-schema-graph\">{\"@context\":\"https:\\\/\\\/schema.org\",\"@graph\":[{\"@type\":\"Article\",\"@id\":\"https:\\\/\\\/radioljubuski.ba\\\/index.php\\\/2022\\\/02\\\/07\\\/velik-porast-pucnjava-u-americkim-skolama\\\/#article\",\"isPartOf\":{\"@id\":\"https:\\\/\\\/radioljubuski.ba\\\/index.php\\\/2022\\\/02\\\/07\\\/velik-porast-pucnjava-u-americkim-skolama\\\/\"},\"author\":{\"name\":\"Radio Ljubu\u0161ki\",\"@id\":\"https:\\\/\\\/radioljubuski.ba\\\/#\\\/schema\\\/person\\\/19fc700381a780f69665d7956c469e3b\"},\"headline\":\"Velik porast pucnjava u ameri\u010dkim \u0161kolama\",\"datePublished\":\"2022-02-07T10:31:48+00:00\",\"dateModified\":\"2022-02-07T10:31:49+00:00\",\"mainEntityOfPage\":{\"@id\":\"https:\\\/\\\/radioljubuski.ba\\\/index.php\\\/2022\\\/02\\\/07\\\/velik-porast-pucnjava-u-americkim-skolama\\\/\"},\"wordCount\":696,\"publisher\":{\"@id\":\"https:\\\/\\\/radioljubuski.ba\\\/#organization\"},\"image\":{\"@id\":\"https:\\\/\\\/radioljubuski.ba\\\/index.php\\\/2022\\\/02\\\/07\\\/velik-porast-pucnjava-u-americkim-skolama\\\/#primaryimage\"},\"thumbnailUrl\":\"https:\\\/\\\/radioljubuski.ba\\\/wp-content\\\/uploads\\\/2022\\\/02\\\/8-2022-02-07-08-20-16-skole-pucnjava.jpg\",\"articleSection\":[\"BIH i regija\"],\"inLanguage\":\"hr\"},{\"@type\":\"WebPage\",\"@id\":\"https:\\\/\\\/radioljubuski.ba\\\/index.php\\\/2022\\\/02\\\/07\\\/velik-porast-pucnjava-u-americkim-skolama\\\/\",\"url\":\"https:\\\/\\\/radioljubuski.ba\\\/index.php\\\/2022\\\/02\\\/07\\\/velik-porast-pucnjava-u-americkim-skolama\\\/\",\"name\":\"Velik porast pucnjava u ameri\u010dkim \u0161kolama - RADIO LJUBU\u0160KI\",\"isPartOf\":{\"@id\":\"https:\\\/\\\/radioljubuski.ba\\\/#website\"},\"primaryImageOfPage\":{\"@id\":\"https:\\\/\\\/radioljubuski.ba\\\/index.php\\\/2022\\\/02\\\/07\\\/velik-porast-pucnjava-u-americkim-skolama\\\/#primaryimage\"},\"image\":{\"@id\":\"https:\\\/\\\/radioljubuski.ba\\\/index.php\\\/2022\\\/02\\\/07\\\/velik-porast-pucnjava-u-americkim-skolama\\\/#primaryimage\"},\"thumbnailUrl\":\"https:\\\/\\\/radioljubuski.ba\\\/wp-content\\\/uploads\\\/2022\\\/02\\\/8-2022-02-07-08-20-16-skole-pucnjava.jpg\",\"datePublished\":\"2022-02-07T10:31:48+00:00\",\"dateModified\":\"2022-02-07T10:31:49+00:00\",\"breadcrumb\":{\"@id\":\"https:\\\/\\\/radioljubuski.ba\\\/index.php\\\/2022\\\/02\\\/07\\\/velik-porast-pucnjava-u-americkim-skolama\\\/#breadcrumb\"},\"inLanguage\":\"hr\",\"potentialAction\":[{\"@type\":\"ReadAction\",\"target\":[\"https:\\\/\\\/radioljubuski.ba\\\/index.php\\\/2022\\\/02\\\/07\\\/velik-porast-pucnjava-u-americkim-skolama\\\/\"]}]},{\"@type\":\"ImageObject\",\"inLanguage\":\"hr\",\"@id\":\"https:\\\/\\\/radioljubuski.ba\\\/index.php\\\/2022\\\/02\\\/07\\\/velik-porast-pucnjava-u-americkim-skolama\\\/#primaryimage\",\"url\":\"https:\\\/\\\/radioljubuski.ba\\\/wp-content\\\/uploads\\\/2022\\\/02\\\/8-2022-02-07-08-20-16-skole-pucnjava.jpg\",\"contentUrl\":\"https:\\\/\\\/radioljubuski.ba\\\/wp-content\\\/uploads\\\/2022\\\/02\\\/8-2022-02-07-08-20-16-skole-pucnjava.jpg\",\"width\":1000,\"height\":625},{\"@type\":\"BreadcrumbList\",\"@id\":\"https:\\\/\\\/radioljubuski.ba\\\/index.php\\\/2022\\\/02\\\/07\\\/velik-porast-pucnjava-u-americkim-skolama\\\/#breadcrumb\",\"itemListElement\":[{\"@type\":\"ListItem\",\"position\":1,\"name\":\"Po\u010detna stranica\",\"item\":\"https:\\\/\\\/radioljubuski.ba\\\/\"},{\"@type\":\"ListItem\",\"position\":2,\"name\":\"Velik porast pucnjava u ameri\u010dkim \u0161kolama\"}]},{\"@type\":\"WebSite\",\"@id\":\"https:\\\/\\\/radioljubuski.ba\\\/#website\",\"url\":\"https:\\\/\\\/radioljubuski.ba\\\/\",\"name\":\"Radio Ljubu\u0161ki\",\"description\":\"Sun\u010dana frekvencija Hercegovine\",\"publisher\":{\"@id\":\"https:\\\/\\\/radioljubuski.ba\\\/#organization\"},\"potentialAction\":[{\"@type\":\"SearchAction\",\"target\":{\"@type\":\"EntryPoint\",\"urlTemplate\":\"https:\\\/\\\/radioljubuski.ba\\\/?s={search_term_string}\"},\"query-input\":{\"@type\":\"PropertyValueSpecification\",\"valueRequired\":true,\"valueName\":\"search_term_string\"}}],\"inLanguage\":\"hr\"},{\"@type\":\"Organization\",\"@id\":\"https:\\\/\\\/radioljubuski.ba\\\/#organization\",\"name\":\"Radio Ljubu\u0161ki\",\"url\":\"https:\\\/\\\/radioljubuski.ba\\\/\",\"logo\":{\"@type\":\"ImageObject\",\"inLanguage\":\"hr\",\"@id\":\"https:\\\/\\\/radioljubuski.ba\\\/#\\\/schema\\\/logo\\\/image\\\/\",\"url\":\"https:\\\/\\\/radioljubuski.ba\\\/wp-content\\\/uploads\\\/2021\\\/02\\\/cropped-Radio_Ljubuski_logo1.jpg\",\"contentUrl\":\"https:\\\/\\\/radioljubuski.ba\\\/wp-content\\\/uploads\\\/2021\\\/02\\\/cropped-Radio_Ljubuski_logo1.jpg\",\"width\":512,\"height\":512,\"caption\":\"Radio Ljubu\u0161ki\"},\"image\":{\"@id\":\"https:\\\/\\\/radioljubuski.ba\\\/#\\\/schema\\\/logo\\\/image\\\/\"},\"sameAs\":[\"https:\\\/\\\/www.facebook.com\\\/Radiio-Ljubuski-1490835324566332\",\"https:\\\/\\\/x.com\\\/radioljubuski\",\"https:\\\/\\\/hr.linkedin.com\\\/company\\\/radio-ljubuski\",\"https:\\\/\\\/www.youtube.com\\\/channel\\\/UCHYaeO_n0Db3tjNGudGpXyw\"]},{\"@type\":\"Person\",\"@id\":\"https:\\\/\\\/radioljubuski.ba\\\/#\\\/schema\\\/person\\\/19fc700381a780f69665d7956c469e3b\",\"name\":\"Radio Ljubu\u0161ki\"}]}<\/script>\n<!-- \/ Yoast SEO plugin. -->","yoast_head_json":{"title":"Velik porast pucnjava u ameri\u010dkim \u0161kolama - RADIO LJUBU\u0160KI","robots":{"index":"index","follow":"follow","max-snippet":"max-snippet:-1","max-image-preview":"max-image-preview:large","max-video-preview":"max-video-preview:-1"},"canonical":"https:\/\/radioljubuski.ba\/index.php\/2022\/02\/07\/velik-porast-pucnjava-u-americkim-skolama\/","og_locale":"hr_HR","og_type":"article","og_title":"Velik porast pucnjava u ameri\u010dkim \u0161kolama - RADIO LJUBU\u0160KI","og_description":"Sve je vi\u0161e pokazatelja da stres i izazovi pandemije pogor\u0161avaju oru\u017eano nasilje u ameri\u010dkim \u0161kolama. Znanstvenici koji prou\u010davaju ovaj fenomen brinu se da \u0107e se stanje samo pogor\u0161avati. &nbsp; Devetnaestogodi\u0161nji biv\u0161i u\u010denik ustrijeljen je nakon srednjo\u0161kolske ko\u0161arka\u0161ke utakmice prije tjedan dana u Beloitu (Wisconsin), dok su u pro\u0161li ponedjeljak tri tinejd\u017eera hospitalizirana nakon pucnjave ispred [&hellip;]","og_url":"https:\/\/radioljubuski.ba\/index.php\/2022\/02\/07\/velik-porast-pucnjava-u-americkim-skolama\/","og_site_name":"RADIO LJUBU\u0160KI","article_publisher":"https:\/\/www.facebook.com\/Radiio-Ljubuski-1490835324566332","article_published_time":"2022-02-07T10:31:48+00:00","article_modified_time":"2022-02-07T10:31:49+00:00","og_image":[{"width":1000,"height":625,"url":"https:\/\/radioljubuski.ba\/wp-content\/uploads\/2022\/02\/8-2022-02-07-08-20-16-skole-pucnjava.jpg","type":"image\/jpeg"}],"author":"Radio Ljubu\u0161ki","twitter_card":"summary_large_image","twitter_creator":"@radioljubuski","twitter_site":"@radioljubuski","twitter_misc":{"Napisao\/la":"Radio Ljubu\u0161ki","Procijenjeno vrijeme \u010ditanja":"3 minute"},"schema":{"@context":"https:\/\/schema.org","@graph":[{"@type":"Article","@id":"https:\/\/radioljubuski.ba\/index.php\/2022\/02\/07\/velik-porast-pucnjava-u-americkim-skolama\/#article","isPartOf":{"@id":"https:\/\/radioljubuski.ba\/index.php\/2022\/02\/07\/velik-porast-pucnjava-u-americkim-skolama\/"},"author":{"name":"Radio Ljubu\u0161ki","@id":"https:\/\/radioljubuski.ba\/#\/schema\/person\/19fc700381a780f69665d7956c469e3b"},"headline":"Velik porast pucnjava u ameri\u010dkim \u0161kolama","datePublished":"2022-02-07T10:31:48+00:00","dateModified":"2022-02-07T10:31:49+00:00","mainEntityOfPage":{"@id":"https:\/\/radioljubuski.ba\/index.php\/2022\/02\/07\/velik-porast-pucnjava-u-americkim-skolama\/"},"wordCount":696,"publisher":{"@id":"https:\/\/radioljubuski.ba\/#organization"},"image":{"@id":"https:\/\/radioljubuski.ba\/index.php\/2022\/02\/07\/velik-porast-pucnjava-u-americkim-skolama\/#primaryimage"},"thumbnailUrl":"https:\/\/radioljubuski.ba\/wp-content\/uploads\/2022\/02\/8-2022-02-07-08-20-16-skole-pucnjava.jpg","articleSection":["BIH i regija"],"inLanguage":"hr"},{"@type":"WebPage","@id":"https:\/\/radioljubuski.ba\/index.php\/2022\/02\/07\/velik-porast-pucnjava-u-americkim-skolama\/","url":"https:\/\/radioljubuski.ba\/index.php\/2022\/02\/07\/velik-porast-pucnjava-u-americkim-skolama\/","name":"Velik porast pucnjava u ameri\u010dkim \u0161kolama - RADIO LJUBU\u0160KI","isPartOf":{"@id":"https:\/\/radioljubuski.ba\/#website"},"primaryImageOfPage":{"@id":"https:\/\/radioljubuski.ba\/index.php\/2022\/02\/07\/velik-porast-pucnjava-u-americkim-skolama\/#primaryimage"},"image":{"@id":"https:\/\/radioljubuski.ba\/index.php\/2022\/02\/07\/velik-porast-pucnjava-u-americkim-skolama\/#primaryimage"},"thumbnailUrl":"https:\/\/radioljubuski.ba\/wp-content\/uploads\/2022\/02\/8-2022-02-07-08-20-16-skole-pucnjava.jpg","datePublished":"2022-02-07T10:31:48+00:00","dateModified":"2022-02-07T10:31:49+00:00","breadcrumb":{"@id":"https:\/\/radioljubuski.ba\/index.php\/2022\/02\/07\/velik-porast-pucnjava-u-americkim-skolama\/#breadcrumb"},"inLanguage":"hr","potentialAction":[{"@type":"ReadAction","target":["https:\/\/radioljubuski.ba\/index.php\/2022\/02\/07\/velik-porast-pucnjava-u-americkim-skolama\/"]}]},{"@type":"ImageObject","inLanguage":"hr","@id":"https:\/\/radioljubuski.ba\/index.php\/2022\/02\/07\/velik-porast-pucnjava-u-americkim-skolama\/#primaryimage","url":"https:\/\/radioljubuski.ba\/wp-content\/uploads\/2022\/02\/8-2022-02-07-08-20-16-skole-pucnjava.jpg","contentUrl":"https:\/\/radioljubuski.ba\/wp-content\/uploads\/2022\/02\/8-2022-02-07-08-20-16-skole-pucnjava.jpg","width":1000,"height":625},{"@type":"BreadcrumbList","@id":"https:\/\/radioljubuski.ba\/index.php\/2022\/02\/07\/velik-porast-pucnjava-u-americkim-skolama\/#breadcrumb","itemListElement":[{"@type":"ListItem","position":1,"name":"Po\u010detna stranica","item":"https:\/\/radioljubuski.ba\/"},{"@type":"ListItem","position":2,"name":"Velik porast pucnjava u ameri\u010dkim \u0161kolama"}]},{"@type":"WebSite","@id":"https:\/\/radioljubuski.ba\/#website","url":"https:\/\/radioljubuski.ba\/","name":"Radio Ljubu\u0161ki","description":"Sun\u010dana frekvencija Hercegovine","publisher":{"@id":"https:\/\/radioljubuski.ba\/#organization"},"potentialAction":[{"@type":"SearchAction","target":{"@type":"EntryPoint","urlTemplate":"https:\/\/radioljubuski.ba\/?s={search_term_string}"},"query-input":{"@type":"PropertyValueSpecification","valueRequired":true,"valueName":"search_term_string"}}],"inLanguage":"hr"},{"@type":"Organization","@id":"https:\/\/radioljubuski.ba\/#organization","name":"Radio Ljubu\u0161ki","url":"https:\/\/radioljubuski.ba\/","logo":{"@type":"ImageObject","inLanguage":"hr","@id":"https:\/\/radioljubuski.ba\/#\/schema\/logo\/image\/","url":"https:\/\/radioljubuski.ba\/wp-content\/uploads\/2021\/02\/cropped-Radio_Ljubuski_logo1.jpg","contentUrl":"https:\/\/radioljubuski.ba\/wp-content\/uploads\/2021\/02\/cropped-Radio_Ljubuski_logo1.jpg","width":512,"height":512,"caption":"Radio Ljubu\u0161ki"},"image":{"@id":"https:\/\/radioljubuski.ba\/#\/schema\/logo\/image\/"},"sameAs":["https:\/\/www.facebook.com\/Radiio-Ljubuski-1490835324566332","https:\/\/x.com\/radioljubuski","https:\/\/hr.linkedin.com\/company\/radio-ljubuski","https:\/\/www.youtube.com\/channel\/UCHYaeO_n0Db3tjNGudGpXyw"]},{"@type":"Person","@id":"https:\/\/radioljubuski.ba\/#\/schema\/person\/19fc700381a780f69665d7956c469e3b","name":"Radio Ljubu\u0161ki"}]}},"_links":{"self":[{"href":"https:\/\/radioljubuski.ba\/index.php\/wp-json\/wp\/v2\/posts\/111569","targetHints":{"allow":["GET"]}}],"collection":[{"href":"https:\/\/radioljubuski.ba\/index.php\/wp-json\/wp\/v2\/posts"}],"about":[{"href":"https:\/\/radioljubuski.ba\/index.php\/wp-json\/wp\/v2\/types\/post"}],"author":[{"embeddable":true,"href":"https:\/\/radioljubuski.ba\/index.php\/wp-json\/wp\/v2\/users\/2"}],"replies":[{"embeddable":true,"href":"https:\/\/radioljubuski.ba\/index.php\/wp-json\/wp\/v2\/comments?post=111569"}],"version-history":[{"count":1,"href":"https:\/\/radioljubuski.ba\/index.php\/wp-json\/wp\/v2\/posts\/111569\/revisions"}],"predecessor-version":[{"id":111571,"href":"https:\/\/radioljubuski.ba\/index.php\/wp-json\/wp\/v2\/posts\/111569\/revisions\/111571"}],"wp:featuredmedia":[{"embeddable":true,"href":"https:\/\/radioljubuski.ba\/index.php\/wp-json\/wp\/v2\/media\/111570"}],"wp:attachment":[{"href":"https:\/\/radioljubuski.ba\/index.php\/wp-json\/wp\/v2\/media?parent=111569"}],"wp:term":[{"taxonomy":"category","embeddable":true,"href":"https:\/\/radioljubuski.ba\/index.php\/wp-json\/wp\/v2\/categories?post=111569"},{"taxonomy":"post_tag","embeddable":true,"href":"https:\/\/radioljubuski.ba\/index.php\/wp-json\/wp\/v2\/tags?post=111569"}],"curies":[{"name":"wp","href":"https:\/\/api.w.org\/{rel}","templated":true}]}}