{"id":111578,"date":"2022-02-07T11:40:29","date_gmt":"2022-02-07T10:40:29","guid":{"rendered":"https:\/\/radioljubuski.ba\/?p=111578"},"modified":"2022-02-07T11:40:29","modified_gmt":"2022-02-07T10:40:29","slug":"otvoren-konzulat-republike-hrvatske-na-sjeveru-cilea-hrvati-su-ovdje-iseljavali-zbog-proizvodnje-salitre","status":"publish","type":"post","link":"https:\/\/radioljubuski.ba\/index.php\/2022\/02\/07\/otvoren-konzulat-republike-hrvatske-na-sjeveru-cilea-hrvati-su-ovdje-iseljavali-zbog-proizvodnje-salitre\/","title":{"rendered":"Otvoren Konzulat Republike Hrvatske na sjeveru \u010cilea. Hrvati su ovdje iseljavali zbog proizvodnje salitre"},"content":{"rendered":"\n<p>Sve\u010dano je otvoren Konzulat Republike Hrvatske sa sjedi\u0161tem u gradu Iquique na \u010delu s po\u010dasnim konzulom Hrvojem Bogdanom Ostojicem Pericem, koji ve\u0107 niz godina okuplja hrvatsku zajednicu i radi na o\u010duvanju hrvatskog identiteta na sjeveru \u010cilea.<\/p>\n\n\n\n<p>Uz regiju Tarapac\u00e1, novootvoreno konzularno predstavni\u0161tvo ostvaruje konzularnu nadle\u017enost i nad regijom Arica y Parinacota.<\/p>\n\n\n\n<p>Uz prisutnost veleposlanice Mire Martinec, sve\u010dana ceremonija odr\u017eana je u prostorijama velebnog Hrvatskog doma u Iquiqueu koji od 1954. godine djeluje na glavnom gradskom trgu Plaza de Armas. Ina\u010de, prisutnost Hrvata u regiji Tarapaca se\u017ee jo\u0161 iz druge polovice 19. stolje\u0107a kada je zapo\u010deo masovniji dolazak hrvatskih iseljenika, ve\u0107inom s otoka Bra\u010da, privu\u010deni proizvodnjom salitre.<\/p>\n\n\n\n<p>Zbog Covid-19 ograni\u010denja, sve\u010danosti otvorenja uz predstavnike VRH Santiago prisustvovali su i gradona\u010delnik Mauricio Soria, \u010dlanovi konzularnog zbora iz Iquiquea, predstavnici regionalne i dr\u017eavne vlasti, vojni predstavnici te predstavnici hrvatskih dru\u0161tava iz grada Iquiquea.<\/p>\n\n\n\n<p>Izvor:dijaspora.hr<\/p>\n","protected":false},"excerpt":{"rendered":"<p>Sve\u010dano je otvoren Konzulat Republike Hrvatske sa sjedi\u0161tem u gradu Iquique na \u010delu s po\u010dasnim konzulom Hrvojem Bogdanom Ostojicem Pericem, koji ve\u0107 niz godina okuplja hrvatsku zajednicu i radi na o\u010duvanju hrvatskog identiteta na sjeveru \u010cilea. Uz regiju Tarapac\u00e1, novootvoreno konzularno predstavni\u0161tvo ostvaruje konzularnu nadle\u017enost i nad regijom Arica y Parinacota. Uz prisutnost veleposlanice Mire [&hellip;]<\/p>\n","protected":false},"author":2,"featured_media":111579,"comment_status":"closed","ping_status":"closed","sticky":false,"template":"","format":"standard","meta":{"h5ap_radio_sources":[],"footnotes":""},"categories":[1],"tags":[],"class_list":["post-111578","post","type-post","status-publish","format-standard","has-post-thumbnail","hentry","category-bihiregija"],"yoast_head":"<!-- This site is optimized with the Yoast SEO plugin v27.4 - https:\/\/yoast.com\/product\/yoast-seo-wordpress\/ -->\n<title>Otvoren Konzulat Republike Hrvatske na sjeveru \u010cilea. Hrvati su ovdje iseljavali zbog proizvodnje salitre - RADIO LJUBU\u0160KI<\/title>\n<meta name=\"robots\" content=\"index, follow, max-snippet:-1, max-image-preview:large, max-video-preview:-1\" \/>\n<link rel=\"canonical\" href=\"https:\/\/radioljubuski.ba\/index.php\/2022\/02\/07\/otvoren-konzulat-republike-hrvatske-na-sjeveru-cilea-hrvati-su-ovdje-iseljavali-zbog-proizvodnje-salitre\/\" \/>\n<meta property=\"og:locale\" content=\"hr_HR\" \/>\n<meta property=\"og:type\" content=\"article\" \/>\n<meta property=\"og:title\" content=\"Otvoren Konzulat Republike Hrvatske na sjeveru \u010cilea. Hrvati su ovdje iseljavali zbog proizvodnje salitre - RADIO LJUBU\u0160KI\" \/>\n<meta property=\"og:description\" content=\"Sve\u010dano je otvoren Konzulat Republike Hrvatske sa sjedi\u0161tem u gradu Iquique na \u010delu s po\u010dasnim konzulom Hrvojem Bogdanom Ostojicem Pericem, koji ve\u0107 niz godina okuplja hrvatsku zajednicu i radi na o\u010duvanju hrvatskog identiteta na sjeveru \u010cilea. Uz regiju Tarapac\u00e1, novootvoreno konzularno predstavni\u0161tvo ostvaruje konzularnu nadle\u017enost i nad regijom Arica y Parinacota. Uz prisutnost veleposlanice Mire [&hellip;]\" \/>\n<meta property=\"og:url\" content=\"https:\/\/radioljubuski.ba\/index.php\/2022\/02\/07\/otvoren-konzulat-republike-hrvatske-na-sjeveru-cilea-hrvati-su-ovdje-iseljavali-zbog-proizvodnje-salitre\/\" \/>\n<meta property=\"og:site_name\" content=\"RADIO LJUBU\u0160KI\" \/>\n<meta property=\"article:publisher\" content=\"https:\/\/www.facebook.com\/Radiio-Ljubuski-1490835324566332\" \/>\n<meta property=\"article:published_time\" content=\"2022-02-07T10:40:29+00:00\" \/>\n<meta property=\"og:image\" content=\"https:\/\/radioljubuski.ba\/wp-content\/uploads\/2022\/02\/cile.png\" \/>\n\t<meta property=\"og:image:width\" content=\"736\" \/>\n\t<meta property=\"og:image:height\" content=\"498\" \/>\n\t<meta property=\"og:image:type\" content=\"image\/png\" \/>\n<meta name=\"author\" content=\"Radio Ljubu\u0161ki\" \/>\n<meta name=\"twitter:card\" content=\"summary_large_image\" \/>\n<meta name=\"twitter:creator\" content=\"@radioljubuski\" \/>\n<meta name=\"twitter:site\" content=\"@radioljubuski\" \/>\n<meta name=\"twitter:label1\" content=\"Napisao\/la\" \/>\n\t<meta name=\"twitter:data1\" content=\"Radio Ljubu\u0161ki\" \/>\n\t<meta name=\"twitter:label2\" content=\"Procijenjeno vrijeme \u010ditanja\" \/>\n\t<meta name=\"twitter:data2\" content=\"1 minuta\" \/>\n<script type=\"application\/ld+json\" class=\"yoast-schema-graph\">{\"@context\":\"https:\\\/\\\/schema.org\",\"@graph\":[{\"@type\":\"Article\",\"@id\":\"https:\\\/\\\/radioljubuski.ba\\\/index.php\\\/2022\\\/02\\\/07\\\/otvoren-konzulat-republike-hrvatske-na-sjeveru-cilea-hrvati-su-ovdje-iseljavali-zbog-proizvodnje-salitre\\\/#article\",\"isPartOf\":{\"@id\":\"https:\\\/\\\/radioljubuski.ba\\\/index.php\\\/2022\\\/02\\\/07\\\/otvoren-konzulat-republike-hrvatske-na-sjeveru-cilea-hrvati-su-ovdje-iseljavali-zbog-proizvodnje-salitre\\\/\"},\"author\":{\"name\":\"Radio Ljubu\u0161ki\",\"@id\":\"https:\\\/\\\/radioljubuski.ba\\\/#\\\/schema\\\/person\\\/19fc700381a780f69665d7956c469e3b\"},\"headline\":\"Otvoren Konzulat Republike Hrvatske na sjeveru \u010cilea. Hrvati su ovdje iseljavali zbog proizvodnje salitre\",\"datePublished\":\"2022-02-07T10:40:29+00:00\",\"mainEntityOfPage\":{\"@id\":\"https:\\\/\\\/radioljubuski.ba\\\/index.php\\\/2022\\\/02\\\/07\\\/otvoren-konzulat-republike-hrvatske-na-sjeveru-cilea-hrvati-su-ovdje-iseljavali-zbog-proizvodnje-salitre\\\/\"},\"wordCount\":175,\"publisher\":{\"@id\":\"https:\\\/\\\/radioljubuski.ba\\\/#organization\"},\"image\":{\"@id\":\"https:\\\/\\\/radioljubuski.ba\\\/index.php\\\/2022\\\/02\\\/07\\\/otvoren-konzulat-republike-hrvatske-na-sjeveru-cilea-hrvati-su-ovdje-iseljavali-zbog-proizvodnje-salitre\\\/#primaryimage\"},\"thumbnailUrl\":\"https:\\\/\\\/radioljubuski.ba\\\/wp-content\\\/uploads\\\/2022\\\/02\\\/cile.png\",\"articleSection\":[\"BIH i regija\"],\"inLanguage\":\"hr\"},{\"@type\":\"WebPage\",\"@id\":\"https:\\\/\\\/radioljubuski.ba\\\/index.php\\\/2022\\\/02\\\/07\\\/otvoren-konzulat-republike-hrvatske-na-sjeveru-cilea-hrvati-su-ovdje-iseljavali-zbog-proizvodnje-salitre\\\/\",\"url\":\"https:\\\/\\\/radioljubuski.ba\\\/index.php\\\/2022\\\/02\\\/07\\\/otvoren-konzulat-republike-hrvatske-na-sjeveru-cilea-hrvati-su-ovdje-iseljavali-zbog-proizvodnje-salitre\\\/\",\"name\":\"Otvoren Konzulat Republike Hrvatske na sjeveru \u010cilea. Hrvati su ovdje iseljavali zbog proizvodnje salitre - RADIO LJUBU\u0160KI\",\"isPartOf\":{\"@id\":\"https:\\\/\\\/radioljubuski.ba\\\/#website\"},\"primaryImageOfPage\":{\"@id\":\"https:\\\/\\\/radioljubuski.ba\\\/index.php\\\/2022\\\/02\\\/07\\\/otvoren-konzulat-republike-hrvatske-na-sjeveru-cilea-hrvati-su-ovdje-iseljavali-zbog-proizvodnje-salitre\\\/#primaryimage\"},\"image\":{\"@id\":\"https:\\\/\\\/radioljubuski.ba\\\/index.php\\\/2022\\\/02\\\/07\\\/otvoren-konzulat-republike-hrvatske-na-sjeveru-cilea-hrvati-su-ovdje-iseljavali-zbog-proizvodnje-salitre\\\/#primaryimage\"},\"thumbnailUrl\":\"https:\\\/\\\/radioljubuski.ba\\\/wp-content\\\/uploads\\\/2022\\\/02\\\/cile.png\",\"datePublished\":\"2022-02-07T10:40:29+00:00\",\"breadcrumb\":{\"@id\":\"https:\\\/\\\/radioljubuski.ba\\\/index.php\\\/2022\\\/02\\\/07\\\/otvoren-konzulat-republike-hrvatske-na-sjeveru-cilea-hrvati-su-ovdje-iseljavali-zbog-proizvodnje-salitre\\\/#breadcrumb\"},\"inLanguage\":\"hr\",\"potentialAction\":[{\"@type\":\"ReadAction\",\"target\":[\"https:\\\/\\\/radioljubuski.ba\\\/index.php\\\/2022\\\/02\\\/07\\\/otvoren-konzulat-republike-hrvatske-na-sjeveru-cilea-hrvati-su-ovdje-iseljavali-zbog-proizvodnje-salitre\\\/\"]}]},{\"@type\":\"ImageObject\",\"inLanguage\":\"hr\",\"@id\":\"https:\\\/\\\/radioljubuski.ba\\\/index.php\\\/2022\\\/02\\\/07\\\/otvoren-konzulat-republike-hrvatske-na-sjeveru-cilea-hrvati-su-ovdje-iseljavali-zbog-proizvodnje-salitre\\\/#primaryimage\",\"url\":\"https:\\\/\\\/radioljubuski.ba\\\/wp-content\\\/uploads\\\/2022\\\/02\\\/cile.png\",\"contentUrl\":\"https:\\\/\\\/radioljubuski.ba\\\/wp-content\\\/uploads\\\/2022\\\/02\\\/cile.png\",\"width\":736,\"height\":498},{\"@type\":\"BreadcrumbList\",\"@id\":\"https:\\\/\\\/radioljubuski.ba\\\/index.php\\\/2022\\\/02\\\/07\\\/otvoren-konzulat-republike-hrvatske-na-sjeveru-cilea-hrvati-su-ovdje-iseljavali-zbog-proizvodnje-salitre\\\/#breadcrumb\",\"itemListElement\":[{\"@type\":\"ListItem\",\"position\":1,\"name\":\"Po\u010detna stranica\",\"item\":\"https:\\\/\\\/radioljubuski.ba\\\/\"},{\"@type\":\"ListItem\",\"position\":2,\"name\":\"Otvoren Konzulat Republike Hrvatske na sjeveru \u010cilea. Hrvati su ovdje iseljavali zbog proizvodnje salitre\"}]},{\"@type\":\"WebSite\",\"@id\":\"https:\\\/\\\/radioljubuski.ba\\\/#website\",\"url\":\"https:\\\/\\\/radioljubuski.ba\\\/\",\"name\":\"Radio Ljubu\u0161ki\",\"description\":\"Sun\u010dana frekvencija Hercegovine\",\"publisher\":{\"@id\":\"https:\\\/\\\/radioljubuski.ba\\\/#organization\"},\"potentialAction\":[{\"@type\":\"SearchAction\",\"target\":{\"@type\":\"EntryPoint\",\"urlTemplate\":\"https:\\\/\\\/radioljubuski.ba\\\/?s={search_term_string}\"},\"query-input\":{\"@type\":\"PropertyValueSpecification\",\"valueRequired\":true,\"valueName\":\"search_term_string\"}}],\"inLanguage\":\"hr\"},{\"@type\":\"Organization\",\"@id\":\"https:\\\/\\\/radioljubuski.ba\\\/#organization\",\"name\":\"Radio Ljubu\u0161ki\",\"url\":\"https:\\\/\\\/radioljubuski.ba\\\/\",\"logo\":{\"@type\":\"ImageObject\",\"inLanguage\":\"hr\",\"@id\":\"https:\\\/\\\/radioljubuski.ba\\\/#\\\/schema\\\/logo\\\/image\\\/\",\"url\":\"https:\\\/\\\/radioljubuski.ba\\\/wp-content\\\/uploads\\\/2021\\\/02\\\/cropped-Radio_Ljubuski_logo1.jpg\",\"contentUrl\":\"https:\\\/\\\/radioljubuski.ba\\\/wp-content\\\/uploads\\\/2021\\\/02\\\/cropped-Radio_Ljubuski_logo1.jpg\",\"width\":512,\"height\":512,\"caption\":\"Radio Ljubu\u0161ki\"},\"image\":{\"@id\":\"https:\\\/\\\/radioljubuski.ba\\\/#\\\/schema\\\/logo\\\/image\\\/\"},\"sameAs\":[\"https:\\\/\\\/www.facebook.com\\\/Radiio-Ljubuski-1490835324566332\",\"https:\\\/\\\/x.com\\\/radioljubuski\",\"https:\\\/\\\/hr.linkedin.com\\\/company\\\/radio-ljubuski\",\"https:\\\/\\\/www.youtube.com\\\/channel\\\/UCHYaeO_n0Db3tjNGudGpXyw\"]},{\"@type\":\"Person\",\"@id\":\"https:\\\/\\\/radioljubuski.ba\\\/#\\\/schema\\\/person\\\/19fc700381a780f69665d7956c469e3b\",\"name\":\"Radio Ljubu\u0161ki\"}]}<\/script>\n<!-- \/ Yoast SEO plugin. -->","yoast_head_json":{"title":"Otvoren Konzulat Republike Hrvatske na sjeveru \u010cilea. Hrvati su ovdje iseljavali zbog proizvodnje salitre - RADIO LJUBU\u0160KI","robots":{"index":"index","follow":"follow","max-snippet":"max-snippet:-1","max-image-preview":"max-image-preview:large","max-video-preview":"max-video-preview:-1"},"canonical":"https:\/\/radioljubuski.ba\/index.php\/2022\/02\/07\/otvoren-konzulat-republike-hrvatske-na-sjeveru-cilea-hrvati-su-ovdje-iseljavali-zbog-proizvodnje-salitre\/","og_locale":"hr_HR","og_type":"article","og_title":"Otvoren Konzulat Republike Hrvatske na sjeveru \u010cilea. Hrvati su ovdje iseljavali zbog proizvodnje salitre - RADIO LJUBU\u0160KI","og_description":"Sve\u010dano je otvoren Konzulat Republike Hrvatske sa sjedi\u0161tem u gradu Iquique na \u010delu s po\u010dasnim konzulom Hrvojem Bogdanom Ostojicem Pericem, koji ve\u0107 niz godina okuplja hrvatsku zajednicu i radi na o\u010duvanju hrvatskog identiteta na sjeveru \u010cilea. Uz regiju Tarapac\u00e1, novootvoreno konzularno predstavni\u0161tvo ostvaruje konzularnu nadle\u017enost i nad regijom Arica y Parinacota. Uz prisutnost veleposlanice Mire [&hellip;]","og_url":"https:\/\/radioljubuski.ba\/index.php\/2022\/02\/07\/otvoren-konzulat-republike-hrvatske-na-sjeveru-cilea-hrvati-su-ovdje-iseljavali-zbog-proizvodnje-salitre\/","og_site_name":"RADIO LJUBU\u0160KI","article_publisher":"https:\/\/www.facebook.com\/Radiio-Ljubuski-1490835324566332","article_published_time":"2022-02-07T10:40:29+00:00","og_image":[{"width":736,"height":498,"url":"https:\/\/radioljubuski.ba\/wp-content\/uploads\/2022\/02\/cile.png","type":"image\/png"}],"author":"Radio Ljubu\u0161ki","twitter_card":"summary_large_image","twitter_creator":"@radioljubuski","twitter_site":"@radioljubuski","twitter_misc":{"Napisao\/la":"Radio Ljubu\u0161ki","Procijenjeno vrijeme \u010ditanja":"1 minuta"},"schema":{"@context":"https:\/\/schema.org","@graph":[{"@type":"Article","@id":"https:\/\/radioljubuski.ba\/index.php\/2022\/02\/07\/otvoren-konzulat-republike-hrvatske-na-sjeveru-cilea-hrvati-su-ovdje-iseljavali-zbog-proizvodnje-salitre\/#article","isPartOf":{"@id":"https:\/\/radioljubuski.ba\/index.php\/2022\/02\/07\/otvoren-konzulat-republike-hrvatske-na-sjeveru-cilea-hrvati-su-ovdje-iseljavali-zbog-proizvodnje-salitre\/"},"author":{"name":"Radio Ljubu\u0161ki","@id":"https:\/\/radioljubuski.ba\/#\/schema\/person\/19fc700381a780f69665d7956c469e3b"},"headline":"Otvoren Konzulat Republike Hrvatske na sjeveru \u010cilea. Hrvati su ovdje iseljavali zbog proizvodnje salitre","datePublished":"2022-02-07T10:40:29+00:00","mainEntityOfPage":{"@id":"https:\/\/radioljubuski.ba\/index.php\/2022\/02\/07\/otvoren-konzulat-republike-hrvatske-na-sjeveru-cilea-hrvati-su-ovdje-iseljavali-zbog-proizvodnje-salitre\/"},"wordCount":175,"publisher":{"@id":"https:\/\/radioljubuski.ba\/#organization"},"image":{"@id":"https:\/\/radioljubuski.ba\/index.php\/2022\/02\/07\/otvoren-konzulat-republike-hrvatske-na-sjeveru-cilea-hrvati-su-ovdje-iseljavali-zbog-proizvodnje-salitre\/#primaryimage"},"thumbnailUrl":"https:\/\/radioljubuski.ba\/wp-content\/uploads\/2022\/02\/cile.png","articleSection":["BIH i regija"],"inLanguage":"hr"},{"@type":"WebPage","@id":"https:\/\/radioljubuski.ba\/index.php\/2022\/02\/07\/otvoren-konzulat-republike-hrvatske-na-sjeveru-cilea-hrvati-su-ovdje-iseljavali-zbog-proizvodnje-salitre\/","url":"https:\/\/radioljubuski.ba\/index.php\/2022\/02\/07\/otvoren-konzulat-republike-hrvatske-na-sjeveru-cilea-hrvati-su-ovdje-iseljavali-zbog-proizvodnje-salitre\/","name":"Otvoren Konzulat Republike Hrvatske na sjeveru \u010cilea. Hrvati su ovdje iseljavali zbog proizvodnje salitre - RADIO LJUBU\u0160KI","isPartOf":{"@id":"https:\/\/radioljubuski.ba\/#website"},"primaryImageOfPage":{"@id":"https:\/\/radioljubuski.ba\/index.php\/2022\/02\/07\/otvoren-konzulat-republike-hrvatske-na-sjeveru-cilea-hrvati-su-ovdje-iseljavali-zbog-proizvodnje-salitre\/#primaryimage"},"image":{"@id":"https:\/\/radioljubuski.ba\/index.php\/2022\/02\/07\/otvoren-konzulat-republike-hrvatske-na-sjeveru-cilea-hrvati-su-ovdje-iseljavali-zbog-proizvodnje-salitre\/#primaryimage"},"thumbnailUrl":"https:\/\/radioljubuski.ba\/wp-content\/uploads\/2022\/02\/cile.png","datePublished":"2022-02-07T10:40:29+00:00","breadcrumb":{"@id":"https:\/\/radioljubuski.ba\/index.php\/2022\/02\/07\/otvoren-konzulat-republike-hrvatske-na-sjeveru-cilea-hrvati-su-ovdje-iseljavali-zbog-proizvodnje-salitre\/#breadcrumb"},"inLanguage":"hr","potentialAction":[{"@type":"ReadAction","target":["https:\/\/radioljubuski.ba\/index.php\/2022\/02\/07\/otvoren-konzulat-republike-hrvatske-na-sjeveru-cilea-hrvati-su-ovdje-iseljavali-zbog-proizvodnje-salitre\/"]}]},{"@type":"ImageObject","inLanguage":"hr","@id":"https:\/\/radioljubuski.ba\/index.php\/2022\/02\/07\/otvoren-konzulat-republike-hrvatske-na-sjeveru-cilea-hrvati-su-ovdje-iseljavali-zbog-proizvodnje-salitre\/#primaryimage","url":"https:\/\/radioljubuski.ba\/wp-content\/uploads\/2022\/02\/cile.png","contentUrl":"https:\/\/radioljubuski.ba\/wp-content\/uploads\/2022\/02\/cile.png","width":736,"height":498},{"@type":"BreadcrumbList","@id":"https:\/\/radioljubuski.ba\/index.php\/2022\/02\/07\/otvoren-konzulat-republike-hrvatske-na-sjeveru-cilea-hrvati-su-ovdje-iseljavali-zbog-proizvodnje-salitre\/#breadcrumb","itemListElement":[{"@type":"ListItem","position":1,"name":"Po\u010detna stranica","item":"https:\/\/radioljubuski.ba\/"},{"@type":"ListItem","position":2,"name":"Otvoren Konzulat Republike Hrvatske na sjeveru \u010cilea. Hrvati su ovdje iseljavali zbog proizvodnje salitre"}]},{"@type":"WebSite","@id":"https:\/\/radioljubuski.ba\/#website","url":"https:\/\/radioljubuski.ba\/","name":"Radio Ljubu\u0161ki","description":"Sun\u010dana frekvencija Hercegovine","publisher":{"@id":"https:\/\/radioljubuski.ba\/#organization"},"potentialAction":[{"@type":"SearchAction","target":{"@type":"EntryPoint","urlTemplate":"https:\/\/radioljubuski.ba\/?s={search_term_string}"},"query-input":{"@type":"PropertyValueSpecification","valueRequired":true,"valueName":"search_term_string"}}],"inLanguage":"hr"},{"@type":"Organization","@id":"https:\/\/radioljubuski.ba\/#organization","name":"Radio Ljubu\u0161ki","url":"https:\/\/radioljubuski.ba\/","logo":{"@type":"ImageObject","inLanguage":"hr","@id":"https:\/\/radioljubuski.ba\/#\/schema\/logo\/image\/","url":"https:\/\/radioljubuski.ba\/wp-content\/uploads\/2021\/02\/cropped-Radio_Ljubuski_logo1.jpg","contentUrl":"https:\/\/radioljubuski.ba\/wp-content\/uploads\/2021\/02\/cropped-Radio_Ljubuski_logo1.jpg","width":512,"height":512,"caption":"Radio Ljubu\u0161ki"},"image":{"@id":"https:\/\/radioljubuski.ba\/#\/schema\/logo\/image\/"},"sameAs":["https:\/\/www.facebook.com\/Radiio-Ljubuski-1490835324566332","https:\/\/x.com\/radioljubuski","https:\/\/hr.linkedin.com\/company\/radio-ljubuski","https:\/\/www.youtube.com\/channel\/UCHYaeO_n0Db3tjNGudGpXyw"]},{"@type":"Person","@id":"https:\/\/radioljubuski.ba\/#\/schema\/person\/19fc700381a780f69665d7956c469e3b","name":"Radio Ljubu\u0161ki"}]}},"_links":{"self":[{"href":"https:\/\/radioljubuski.ba\/index.php\/wp-json\/wp\/v2\/posts\/111578","targetHints":{"allow":["GET"]}}],"collection":[{"href":"https:\/\/radioljubuski.ba\/index.php\/wp-json\/wp\/v2\/posts"}],"about":[{"href":"https:\/\/radioljubuski.ba\/index.php\/wp-json\/wp\/v2\/types\/post"}],"author":[{"embeddable":true,"href":"https:\/\/radioljubuski.ba\/index.php\/wp-json\/wp\/v2\/users\/2"}],"replies":[{"embeddable":true,"href":"https:\/\/radioljubuski.ba\/index.php\/wp-json\/wp\/v2\/comments?post=111578"}],"version-history":[{"count":1,"href":"https:\/\/radioljubuski.ba\/index.php\/wp-json\/wp\/v2\/posts\/111578\/revisions"}],"predecessor-version":[{"id":111580,"href":"https:\/\/radioljubuski.ba\/index.php\/wp-json\/wp\/v2\/posts\/111578\/revisions\/111580"}],"wp:featuredmedia":[{"embeddable":true,"href":"https:\/\/radioljubuski.ba\/index.php\/wp-json\/wp\/v2\/media\/111579"}],"wp:attachment":[{"href":"https:\/\/radioljubuski.ba\/index.php\/wp-json\/wp\/v2\/media?parent=111578"}],"wp:term":[{"taxonomy":"category","embeddable":true,"href":"https:\/\/radioljubuski.ba\/index.php\/wp-json\/wp\/v2\/categories?post=111578"},{"taxonomy":"post_tag","embeddable":true,"href":"https:\/\/radioljubuski.ba\/index.php\/wp-json\/wp\/v2\/tags?post=111578"}],"curies":[{"name":"wp","href":"https:\/\/api.w.org\/{rel}","templated":true}]}}