{"id":111581,"date":"2022-02-07T11:43:24","date_gmt":"2022-02-07T10:43:24","guid":{"rendered":"https:\/\/radioljubuski.ba\/?p=111581"},"modified":"2022-02-07T11:44:49","modified_gmt":"2022-02-07T10:44:49","slug":"the-smile-novi-bend-kreativnog-dvojca-radioheada-u-zagrebu-otvara-europsku-turneju","status":"publish","type":"post","link":"https:\/\/radioljubuski.ba\/index.php\/2022\/02\/07\/the-smile-novi-bend-kreativnog-dvojca-radioheada-u-zagrebu-otvara-europsku-turneju\/","title":{"rendered":"The Smile &#8211; novi bend kreativnog dvojca Radioheada u Zagrebu otvara europsku turneju"},"content":{"rendered":"\n<p>The Smile, novi bend kojeg \u010dine<strong> Thom Yorke i Jonny Greenwood iz Radioheada i Tom Skinner iz Sons of Kemet<\/strong> upravo u Zagrebu otvara svoju premijernu europsku turneju koncertom koji \u0107e se odr\u017eati<strong> 16. svibnja 2022. u Hali Zagreb<\/strong>. Hrvatska \u0107e tako postati polazi\u0161na to\u010dka turneje s preko 30 koncerata novog benda, koji je ve\u0107 svojim prvim singlovima i nastupima izazvao veliku pa\u017enju, a njihov budu\u0107i album je ve\u0107 progla\u0161en \u2018naji\u0161\u010dekivanijim izdanjem godine\u2019.<\/p>\n\n\n\n<p>Yorke i Greenwood kreativna okosnica Radioheada, jednog od najutjecajnijih bendova dana\u0161njice, pozvali su u The Smile Toma Skinnera, bubnjara benda Sons of Kemet, \u010diji je pro\u0161logodi\u0161nji album \u201cBlack To The Future\u201d bio visoko na listama najboljih albuma 2021. godine. Dugo ve\u0107 i hrvatska publika i\u0161\u010dekuje koncert Radioheada na doma\u0107em terenu, ali s obzirom na zvuk The Smilea, koji kriti\u010dari opisuju kao \u201copu\u0161teniji i slobodniji Radiohead\u201d, a bend nazivaju \u201cRadiohead u power trio formatu\u201d ovo je jedinstvena prilika za do\u017eivjeti Yorkea i Greenwooda u live nastupu.<\/p>\n\n\n\n<p>Pro\u0161log su vikenda The Smile odsvirali tri uzastopna rasprodana koncerta u rasponu od \u0161esnaest sati, koji su istovremeno emitirani u stvarnom vremenu, putem<em> live streama<\/em> za publiku \u0161irom svijeta. Koncerti koji su odr\u017eani u londonskom klubu Magazine, te u filmski efektnoj re\u017eiji nagra\u0111ivanog Paula Dugdalea (The Rolling Stones, Adele, Paul McCartney) <em>streamani<\/em> globalno, ve\u0107 su progla\u0161eni za sada glazbenim doga\u0111ajem godine, a kritika i publika ne prestaju nizati odli\u010dne kritike.<\/p>\n\n\n\n<p>The Smile su nedavno objavili svoj drugi singl, <a href=\"https:\/\/www.youtube.com\/watch?v=tEPEqZnTwdo\" target=\"_blank\" rel=\"noreferrer noopener\">The Smoke<\/a>, koji je odmah dodan na A-listu BBC 6 Musica; a pjesma prati debitantski singl benda <a href=\"https:\/\/www.youtube.com\/watch?v=-EB5NhI2RQQ\" target=\"_blank\" rel=\"noreferrer noopener\">You Will Never Work In Television Again<\/a>.<\/p>\n\n\n\n<iframe loading=\"lazy\" title=\"The Smile - The Smoke (16mm Film)\" width=\"640\" height=\"360\" src=\"https:\/\/www.youtube.com\/embed\/tEPEqZnTwdo?feature=oembed\" frameborder=\"0\" allow=\"accelerometer; autoplay; clipboard-write; encrypted-media; gyroscope; picture-in-picture; web-share\" referrerpolicy=\"strict-origin-when-cross-origin\" allowfullscreen><\/iframe>\n\n\n\n<p>Ulaznice za ovaj jedinstven koncert po cijeni od 379 kuna kre\u0107u u prodaju u petak, 4. velja\u010de 2022. u 11 sati, mogu se kupiti putem sustava <a href=\"https:\/\/www.entrio.hr\/event\/the-smile-10593\" target=\"_blank\" rel=\"noreferrer noopener\">Entrio <\/a>i <a href=\"https:\/\/www.eventim.hr\/hr\/ulaznice\/the-smile-zagreb-hala-577210\/event.html\" target=\"_blank\" rel=\"noreferrer noopener\">Eventim<\/a>.<\/p>\n\n\n\n<p>Izvor:glazba.hr<\/p>\n","protected":false},"excerpt":{"rendered":"<p>The Smile, novi bend kojeg \u010dine Thom Yorke i Jonny Greenwood iz Radioheada i Tom Skinner iz Sons of Kemet upravo u Zagrebu otvara svoju premijernu europsku turneju koncertom koji \u0107e se odr\u017eati 16. svibnja 2022. u Hali Zagreb. Hrvatska \u0107e tako postati polazi\u0161na to\u010dka turneje s preko 30 koncerata novog benda, koji je ve\u0107 [&hellip;]<\/p>\n","protected":false},"author":2,"featured_media":111582,"comment_status":"closed","ping_status":"closed","sticky":false,"template":"","format":"standard","meta":{"h5ap_radio_sources":[],"footnotes":""},"categories":[1],"tags":[],"class_list":["post-111581","post","type-post","status-publish","format-standard","has-post-thumbnail","hentry","category-bihiregija"],"yoast_head":"<!-- This site is optimized with the Yoast SEO plugin v27.4 - https:\/\/yoast.com\/product\/yoast-seo-wordpress\/ -->\n<title>The Smile - novi bend kreativnog dvojca Radioheada u Zagrebu otvara europsku turneju - RADIO LJUBU\u0160KI<\/title>\n<meta name=\"robots\" content=\"index, follow, max-snippet:-1, max-image-preview:large, max-video-preview:-1\" \/>\n<link rel=\"canonical\" href=\"https:\/\/radioljubuski.ba\/index.php\/2022\/02\/07\/the-smile-novi-bend-kreativnog-dvojca-radioheada-u-zagrebu-otvara-europsku-turneju\/\" \/>\n<meta property=\"og:locale\" content=\"hr_HR\" \/>\n<meta property=\"og:type\" content=\"article\" \/>\n<meta property=\"og:title\" content=\"The Smile - novi bend kreativnog dvojca Radioheada u Zagrebu otvara europsku turneju - RADIO LJUBU\u0160KI\" \/>\n<meta property=\"og:description\" content=\"The Smile, novi bend kojeg \u010dine Thom Yorke i Jonny Greenwood iz Radioheada i Tom Skinner iz Sons of Kemet upravo u Zagrebu otvara svoju premijernu europsku turneju koncertom koji \u0107e se odr\u017eati 16. svibnja 2022. u Hali Zagreb. Hrvatska \u0107e tako postati polazi\u0161na to\u010dka turneje s preko 30 koncerata novog benda, koji je ve\u0107 [&hellip;]\" \/>\n<meta property=\"og:url\" content=\"https:\/\/radioljubuski.ba\/index.php\/2022\/02\/07\/the-smile-novi-bend-kreativnog-dvojca-radioheada-u-zagrebu-otvara-europsku-turneju\/\" \/>\n<meta property=\"og:site_name\" content=\"RADIO LJUBU\u0160KI\" \/>\n<meta property=\"article:publisher\" content=\"https:\/\/www.facebook.com\/Radiio-Ljubuski-1490835324566332\" \/>\n<meta property=\"article:published_time\" content=\"2022-02-07T10:43:24+00:00\" \/>\n<meta property=\"article:modified_time\" content=\"2022-02-07T10:44:49+00:00\" \/>\n<meta property=\"og:image\" content=\"https:\/\/radioljubuski.ba\/wp-content\/uploads\/2022\/02\/THE-SMILE_1920x1080px-2-1030x632-1.jpg\" \/>\n\t<meta property=\"og:image:width\" content=\"1030\" \/>\n\t<meta property=\"og:image:height\" content=\"632\" \/>\n\t<meta property=\"og:image:type\" content=\"image\/jpeg\" \/>\n<meta name=\"author\" content=\"Radio Ljubu\u0161ki\" \/>\n<meta name=\"twitter:card\" content=\"summary_large_image\" \/>\n<meta name=\"twitter:creator\" content=\"@radioljubuski\" \/>\n<meta name=\"twitter:site\" content=\"@radioljubuski\" \/>\n<meta name=\"twitter:label1\" content=\"Napisao\/la\" \/>\n\t<meta name=\"twitter:data1\" content=\"Radio Ljubu\u0161ki\" \/>\n\t<meta name=\"twitter:label2\" content=\"Procijenjeno vrijeme \u010ditanja\" \/>\n\t<meta name=\"twitter:data2\" content=\"2 minute\" \/>\n<script type=\"application\/ld+json\" class=\"yoast-schema-graph\">{\"@context\":\"https:\\\/\\\/schema.org\",\"@graph\":[{\"@type\":\"Article\",\"@id\":\"https:\\\/\\\/radioljubuski.ba\\\/index.php\\\/2022\\\/02\\\/07\\\/the-smile-novi-bend-kreativnog-dvojca-radioheada-u-zagrebu-otvara-europsku-turneju\\\/#article\",\"isPartOf\":{\"@id\":\"https:\\\/\\\/radioljubuski.ba\\\/index.php\\\/2022\\\/02\\\/07\\\/the-smile-novi-bend-kreativnog-dvojca-radioheada-u-zagrebu-otvara-europsku-turneju\\\/\"},\"author\":{\"name\":\"Radio Ljubu\u0161ki\",\"@id\":\"https:\\\/\\\/radioljubuski.ba\\\/#\\\/schema\\\/person\\\/19fc700381a780f69665d7956c469e3b\"},\"headline\":\"The Smile &#8211; novi bend kreativnog dvojca Radioheada u Zagrebu otvara europsku turneju\",\"datePublished\":\"2022-02-07T10:43:24+00:00\",\"dateModified\":\"2022-02-07T10:44:49+00:00\",\"mainEntityOfPage\":{\"@id\":\"https:\\\/\\\/radioljubuski.ba\\\/index.php\\\/2022\\\/02\\\/07\\\/the-smile-novi-bend-kreativnog-dvojca-radioheada-u-zagrebu-otvara-europsku-turneju\\\/\"},\"wordCount\":327,\"publisher\":{\"@id\":\"https:\\\/\\\/radioljubuski.ba\\\/#organization\"},\"image\":{\"@id\":\"https:\\\/\\\/radioljubuski.ba\\\/index.php\\\/2022\\\/02\\\/07\\\/the-smile-novi-bend-kreativnog-dvojca-radioheada-u-zagrebu-otvara-europsku-turneju\\\/#primaryimage\"},\"thumbnailUrl\":\"https:\\\/\\\/radioljubuski.ba\\\/wp-content\\\/uploads\\\/2022\\\/02\\\/THE-SMILE_1920x1080px-2-1030x632-1.jpg\",\"articleSection\":[\"BIH i regija\"],\"inLanguage\":\"hr\"},{\"@type\":\"WebPage\",\"@id\":\"https:\\\/\\\/radioljubuski.ba\\\/index.php\\\/2022\\\/02\\\/07\\\/the-smile-novi-bend-kreativnog-dvojca-radioheada-u-zagrebu-otvara-europsku-turneju\\\/\",\"url\":\"https:\\\/\\\/radioljubuski.ba\\\/index.php\\\/2022\\\/02\\\/07\\\/the-smile-novi-bend-kreativnog-dvojca-radioheada-u-zagrebu-otvara-europsku-turneju\\\/\",\"name\":\"The Smile - novi bend kreativnog dvojca Radioheada u Zagrebu otvara europsku turneju - RADIO LJUBU\u0160KI\",\"isPartOf\":{\"@id\":\"https:\\\/\\\/radioljubuski.ba\\\/#website\"},\"primaryImageOfPage\":{\"@id\":\"https:\\\/\\\/radioljubuski.ba\\\/index.php\\\/2022\\\/02\\\/07\\\/the-smile-novi-bend-kreativnog-dvojca-radioheada-u-zagrebu-otvara-europsku-turneju\\\/#primaryimage\"},\"image\":{\"@id\":\"https:\\\/\\\/radioljubuski.ba\\\/index.php\\\/2022\\\/02\\\/07\\\/the-smile-novi-bend-kreativnog-dvojca-radioheada-u-zagrebu-otvara-europsku-turneju\\\/#primaryimage\"},\"thumbnailUrl\":\"https:\\\/\\\/radioljubuski.ba\\\/wp-content\\\/uploads\\\/2022\\\/02\\\/THE-SMILE_1920x1080px-2-1030x632-1.jpg\",\"datePublished\":\"2022-02-07T10:43:24+00:00\",\"dateModified\":\"2022-02-07T10:44:49+00:00\",\"breadcrumb\":{\"@id\":\"https:\\\/\\\/radioljubuski.ba\\\/index.php\\\/2022\\\/02\\\/07\\\/the-smile-novi-bend-kreativnog-dvojca-radioheada-u-zagrebu-otvara-europsku-turneju\\\/#breadcrumb\"},\"inLanguage\":\"hr\",\"potentialAction\":[{\"@type\":\"ReadAction\",\"target\":[\"https:\\\/\\\/radioljubuski.ba\\\/index.php\\\/2022\\\/02\\\/07\\\/the-smile-novi-bend-kreativnog-dvojca-radioheada-u-zagrebu-otvara-europsku-turneju\\\/\"]}]},{\"@type\":\"ImageObject\",\"inLanguage\":\"hr\",\"@id\":\"https:\\\/\\\/radioljubuski.ba\\\/index.php\\\/2022\\\/02\\\/07\\\/the-smile-novi-bend-kreativnog-dvojca-radioheada-u-zagrebu-otvara-europsku-turneju\\\/#primaryimage\",\"url\":\"https:\\\/\\\/radioljubuski.ba\\\/wp-content\\\/uploads\\\/2022\\\/02\\\/THE-SMILE_1920x1080px-2-1030x632-1.jpg\",\"contentUrl\":\"https:\\\/\\\/radioljubuski.ba\\\/wp-content\\\/uploads\\\/2022\\\/02\\\/THE-SMILE_1920x1080px-2-1030x632-1.jpg\",\"width\":1030,\"height\":632},{\"@type\":\"BreadcrumbList\",\"@id\":\"https:\\\/\\\/radioljubuski.ba\\\/index.php\\\/2022\\\/02\\\/07\\\/the-smile-novi-bend-kreativnog-dvojca-radioheada-u-zagrebu-otvara-europsku-turneju\\\/#breadcrumb\",\"itemListElement\":[{\"@type\":\"ListItem\",\"position\":1,\"name\":\"Po\u010detna stranica\",\"item\":\"https:\\\/\\\/radioljubuski.ba\\\/\"},{\"@type\":\"ListItem\",\"position\":2,\"name\":\"The Smile &#8211; novi bend kreativnog dvojca Radioheada u Zagrebu otvara europsku turneju\"}]},{\"@type\":\"WebSite\",\"@id\":\"https:\\\/\\\/radioljubuski.ba\\\/#website\",\"url\":\"https:\\\/\\\/radioljubuski.ba\\\/\",\"name\":\"Radio Ljubu\u0161ki\",\"description\":\"Sun\u010dana frekvencija Hercegovine\",\"publisher\":{\"@id\":\"https:\\\/\\\/radioljubuski.ba\\\/#organization\"},\"potentialAction\":[{\"@type\":\"SearchAction\",\"target\":{\"@type\":\"EntryPoint\",\"urlTemplate\":\"https:\\\/\\\/radioljubuski.ba\\\/?s={search_term_string}\"},\"query-input\":{\"@type\":\"PropertyValueSpecification\",\"valueRequired\":true,\"valueName\":\"search_term_string\"}}],\"inLanguage\":\"hr\"},{\"@type\":\"Organization\",\"@id\":\"https:\\\/\\\/radioljubuski.ba\\\/#organization\",\"name\":\"Radio Ljubu\u0161ki\",\"url\":\"https:\\\/\\\/radioljubuski.ba\\\/\",\"logo\":{\"@type\":\"ImageObject\",\"inLanguage\":\"hr\",\"@id\":\"https:\\\/\\\/radioljubuski.ba\\\/#\\\/schema\\\/logo\\\/image\\\/\",\"url\":\"https:\\\/\\\/radioljubuski.ba\\\/wp-content\\\/uploads\\\/2021\\\/02\\\/cropped-Radio_Ljubuski_logo1.jpg\",\"contentUrl\":\"https:\\\/\\\/radioljubuski.ba\\\/wp-content\\\/uploads\\\/2021\\\/02\\\/cropped-Radio_Ljubuski_logo1.jpg\",\"width\":512,\"height\":512,\"caption\":\"Radio Ljubu\u0161ki\"},\"image\":{\"@id\":\"https:\\\/\\\/radioljubuski.ba\\\/#\\\/schema\\\/logo\\\/image\\\/\"},\"sameAs\":[\"https:\\\/\\\/www.facebook.com\\\/Radiio-Ljubuski-1490835324566332\",\"https:\\\/\\\/x.com\\\/radioljubuski\",\"https:\\\/\\\/hr.linkedin.com\\\/company\\\/radio-ljubuski\",\"https:\\\/\\\/www.youtube.com\\\/channel\\\/UCHYaeO_n0Db3tjNGudGpXyw\"]},{\"@type\":\"Person\",\"@id\":\"https:\\\/\\\/radioljubuski.ba\\\/#\\\/schema\\\/person\\\/19fc700381a780f69665d7956c469e3b\",\"name\":\"Radio Ljubu\u0161ki\"}]}<\/script>\n<!-- \/ Yoast SEO plugin. -->","yoast_head_json":{"title":"The Smile - novi bend kreativnog dvojca Radioheada u Zagrebu otvara europsku turneju - RADIO LJUBU\u0160KI","robots":{"index":"index","follow":"follow","max-snippet":"max-snippet:-1","max-image-preview":"max-image-preview:large","max-video-preview":"max-video-preview:-1"},"canonical":"https:\/\/radioljubuski.ba\/index.php\/2022\/02\/07\/the-smile-novi-bend-kreativnog-dvojca-radioheada-u-zagrebu-otvara-europsku-turneju\/","og_locale":"hr_HR","og_type":"article","og_title":"The Smile - novi bend kreativnog dvojca Radioheada u Zagrebu otvara europsku turneju - RADIO LJUBU\u0160KI","og_description":"The Smile, novi bend kojeg \u010dine Thom Yorke i Jonny Greenwood iz Radioheada i Tom Skinner iz Sons of Kemet upravo u Zagrebu otvara svoju premijernu europsku turneju koncertom koji \u0107e se odr\u017eati 16. svibnja 2022. u Hali Zagreb. Hrvatska \u0107e tako postati polazi\u0161na to\u010dka turneje s preko 30 koncerata novog benda, koji je ve\u0107 [&hellip;]","og_url":"https:\/\/radioljubuski.ba\/index.php\/2022\/02\/07\/the-smile-novi-bend-kreativnog-dvojca-radioheada-u-zagrebu-otvara-europsku-turneju\/","og_site_name":"RADIO LJUBU\u0160KI","article_publisher":"https:\/\/www.facebook.com\/Radiio-Ljubuski-1490835324566332","article_published_time":"2022-02-07T10:43:24+00:00","article_modified_time":"2022-02-07T10:44:49+00:00","og_image":[{"width":1030,"height":632,"url":"https:\/\/radioljubuski.ba\/wp-content\/uploads\/2022\/02\/THE-SMILE_1920x1080px-2-1030x632-1.jpg","type":"image\/jpeg"}],"author":"Radio Ljubu\u0161ki","twitter_card":"summary_large_image","twitter_creator":"@radioljubuski","twitter_site":"@radioljubuski","twitter_misc":{"Napisao\/la":"Radio Ljubu\u0161ki","Procijenjeno vrijeme \u010ditanja":"2 minute"},"schema":{"@context":"https:\/\/schema.org","@graph":[{"@type":"Article","@id":"https:\/\/radioljubuski.ba\/index.php\/2022\/02\/07\/the-smile-novi-bend-kreativnog-dvojca-radioheada-u-zagrebu-otvara-europsku-turneju\/#article","isPartOf":{"@id":"https:\/\/radioljubuski.ba\/index.php\/2022\/02\/07\/the-smile-novi-bend-kreativnog-dvojca-radioheada-u-zagrebu-otvara-europsku-turneju\/"},"author":{"name":"Radio Ljubu\u0161ki","@id":"https:\/\/radioljubuski.ba\/#\/schema\/person\/19fc700381a780f69665d7956c469e3b"},"headline":"The Smile &#8211; novi bend kreativnog dvojca Radioheada u Zagrebu otvara europsku turneju","datePublished":"2022-02-07T10:43:24+00:00","dateModified":"2022-02-07T10:44:49+00:00","mainEntityOfPage":{"@id":"https:\/\/radioljubuski.ba\/index.php\/2022\/02\/07\/the-smile-novi-bend-kreativnog-dvojca-radioheada-u-zagrebu-otvara-europsku-turneju\/"},"wordCount":327,"publisher":{"@id":"https:\/\/radioljubuski.ba\/#organization"},"image":{"@id":"https:\/\/radioljubuski.ba\/index.php\/2022\/02\/07\/the-smile-novi-bend-kreativnog-dvojca-radioheada-u-zagrebu-otvara-europsku-turneju\/#primaryimage"},"thumbnailUrl":"https:\/\/radioljubuski.ba\/wp-content\/uploads\/2022\/02\/THE-SMILE_1920x1080px-2-1030x632-1.jpg","articleSection":["BIH i regija"],"inLanguage":"hr"},{"@type":"WebPage","@id":"https:\/\/radioljubuski.ba\/index.php\/2022\/02\/07\/the-smile-novi-bend-kreativnog-dvojca-radioheada-u-zagrebu-otvara-europsku-turneju\/","url":"https:\/\/radioljubuski.ba\/index.php\/2022\/02\/07\/the-smile-novi-bend-kreativnog-dvojca-radioheada-u-zagrebu-otvara-europsku-turneju\/","name":"The Smile - novi bend kreativnog dvojca Radioheada u Zagrebu otvara europsku turneju - RADIO LJUBU\u0160KI","isPartOf":{"@id":"https:\/\/radioljubuski.ba\/#website"},"primaryImageOfPage":{"@id":"https:\/\/radioljubuski.ba\/index.php\/2022\/02\/07\/the-smile-novi-bend-kreativnog-dvojca-radioheada-u-zagrebu-otvara-europsku-turneju\/#primaryimage"},"image":{"@id":"https:\/\/radioljubuski.ba\/index.php\/2022\/02\/07\/the-smile-novi-bend-kreativnog-dvojca-radioheada-u-zagrebu-otvara-europsku-turneju\/#primaryimage"},"thumbnailUrl":"https:\/\/radioljubuski.ba\/wp-content\/uploads\/2022\/02\/THE-SMILE_1920x1080px-2-1030x632-1.jpg","datePublished":"2022-02-07T10:43:24+00:00","dateModified":"2022-02-07T10:44:49+00:00","breadcrumb":{"@id":"https:\/\/radioljubuski.ba\/index.php\/2022\/02\/07\/the-smile-novi-bend-kreativnog-dvojca-radioheada-u-zagrebu-otvara-europsku-turneju\/#breadcrumb"},"inLanguage":"hr","potentialAction":[{"@type":"ReadAction","target":["https:\/\/radioljubuski.ba\/index.php\/2022\/02\/07\/the-smile-novi-bend-kreativnog-dvojca-radioheada-u-zagrebu-otvara-europsku-turneju\/"]}]},{"@type":"ImageObject","inLanguage":"hr","@id":"https:\/\/radioljubuski.ba\/index.php\/2022\/02\/07\/the-smile-novi-bend-kreativnog-dvojca-radioheada-u-zagrebu-otvara-europsku-turneju\/#primaryimage","url":"https:\/\/radioljubuski.ba\/wp-content\/uploads\/2022\/02\/THE-SMILE_1920x1080px-2-1030x632-1.jpg","contentUrl":"https:\/\/radioljubuski.ba\/wp-content\/uploads\/2022\/02\/THE-SMILE_1920x1080px-2-1030x632-1.jpg","width":1030,"height":632},{"@type":"BreadcrumbList","@id":"https:\/\/radioljubuski.ba\/index.php\/2022\/02\/07\/the-smile-novi-bend-kreativnog-dvojca-radioheada-u-zagrebu-otvara-europsku-turneju\/#breadcrumb","itemListElement":[{"@type":"ListItem","position":1,"name":"Po\u010detna stranica","item":"https:\/\/radioljubuski.ba\/"},{"@type":"ListItem","position":2,"name":"The Smile &#8211; novi bend kreativnog dvojca Radioheada u Zagrebu otvara europsku turneju"}]},{"@type":"WebSite","@id":"https:\/\/radioljubuski.ba\/#website","url":"https:\/\/radioljubuski.ba\/","name":"Radio Ljubu\u0161ki","description":"Sun\u010dana frekvencija Hercegovine","publisher":{"@id":"https:\/\/radioljubuski.ba\/#organization"},"potentialAction":[{"@type":"SearchAction","target":{"@type":"EntryPoint","urlTemplate":"https:\/\/radioljubuski.ba\/?s={search_term_string}"},"query-input":{"@type":"PropertyValueSpecification","valueRequired":true,"valueName":"search_term_string"}}],"inLanguage":"hr"},{"@type":"Organization","@id":"https:\/\/radioljubuski.ba\/#organization","name":"Radio Ljubu\u0161ki","url":"https:\/\/radioljubuski.ba\/","logo":{"@type":"ImageObject","inLanguage":"hr","@id":"https:\/\/radioljubuski.ba\/#\/schema\/logo\/image\/","url":"https:\/\/radioljubuski.ba\/wp-content\/uploads\/2021\/02\/cropped-Radio_Ljubuski_logo1.jpg","contentUrl":"https:\/\/radioljubuski.ba\/wp-content\/uploads\/2021\/02\/cropped-Radio_Ljubuski_logo1.jpg","width":512,"height":512,"caption":"Radio Ljubu\u0161ki"},"image":{"@id":"https:\/\/radioljubuski.ba\/#\/schema\/logo\/image\/"},"sameAs":["https:\/\/www.facebook.com\/Radiio-Ljubuski-1490835324566332","https:\/\/x.com\/radioljubuski","https:\/\/hr.linkedin.com\/company\/radio-ljubuski","https:\/\/www.youtube.com\/channel\/UCHYaeO_n0Db3tjNGudGpXyw"]},{"@type":"Person","@id":"https:\/\/radioljubuski.ba\/#\/schema\/person\/19fc700381a780f69665d7956c469e3b","name":"Radio Ljubu\u0161ki"}]}},"_links":{"self":[{"href":"https:\/\/radioljubuski.ba\/index.php\/wp-json\/wp\/v2\/posts\/111581","targetHints":{"allow":["GET"]}}],"collection":[{"href":"https:\/\/radioljubuski.ba\/index.php\/wp-json\/wp\/v2\/posts"}],"about":[{"href":"https:\/\/radioljubuski.ba\/index.php\/wp-json\/wp\/v2\/types\/post"}],"author":[{"embeddable":true,"href":"https:\/\/radioljubuski.ba\/index.php\/wp-json\/wp\/v2\/users\/2"}],"replies":[{"embeddable":true,"href":"https:\/\/radioljubuski.ba\/index.php\/wp-json\/wp\/v2\/comments?post=111581"}],"version-history":[{"count":2,"href":"https:\/\/radioljubuski.ba\/index.php\/wp-json\/wp\/v2\/posts\/111581\/revisions"}],"predecessor-version":[{"id":111584,"href":"https:\/\/radioljubuski.ba\/index.php\/wp-json\/wp\/v2\/posts\/111581\/revisions\/111584"}],"wp:featuredmedia":[{"embeddable":true,"href":"https:\/\/radioljubuski.ba\/index.php\/wp-json\/wp\/v2\/media\/111582"}],"wp:attachment":[{"href":"https:\/\/radioljubuski.ba\/index.php\/wp-json\/wp\/v2\/media?parent=111581"}],"wp:term":[{"taxonomy":"category","embeddable":true,"href":"https:\/\/radioljubuski.ba\/index.php\/wp-json\/wp\/v2\/categories?post=111581"},{"taxonomy":"post_tag","embeddable":true,"href":"https:\/\/radioljubuski.ba\/index.php\/wp-json\/wp\/v2\/tags?post=111581"}],"curies":[{"name":"wp","href":"https:\/\/api.w.org\/{rel}","templated":true}]}}