{"id":111585,"date":"2022-02-07T11:45:37","date_gmt":"2022-02-07T10:45:37","guid":{"rendered":"https:\/\/radioljubuski.ba\/?p=111585"},"modified":"2022-02-07T11:45:39","modified_gmt":"2022-02-07T10:45:39","slug":"premijera-elemental-pokrece-sve-oko-sebe-dvojkom","status":"publish","type":"post","link":"https:\/\/radioljubuski.ba\/index.php\/2022\/02\/07\/premijera-elemental-pokrece-sve-oko-sebe-dvojkom\/","title":{"rendered":"Premijera: Elemental pokre\u0107e sve oko sebe &#8220;Dvojkom&#8221;!"},"content":{"rendered":"\n<p>Dosta je gun\u0111anja, jadanja i prigovaranja! Vrijeme je za pokret! Dvije godine nakon objave pandemijskog albuma <em>Ilica<\/em>, Elemental zatvara krug svojom novom poletnom pjesmom \u201cDvojka\u201d.<\/p>\n\n\n\n<p>Kombinacijom elemenata koji donose pozitivnu atmosferu, gitarskim uvodom i vitalnim ritmom, Elemental usred zime prkosi u\u017easima sije\u010danjske depresije i u drugi mjesec 2022. ulazi apsolutno vedro i zaigrano.<\/p>\n\n\n\n<p>Svima nam nedostaje bliskost, zagrljaj i da nekoga jednostavno uhvatimo za ruku. Ovu je nit vodilju kamerom savr\u0161eno uhvatio dugogodi\u0161nji suradnik benda, Kristijan Smok, koji je re\u017eirao glazbeni spot za \u201eDvojku\u201c. Crno-bijelom tehnikom prati dvoje mladih skejtera koji jedre gradom na svojim daskama u potrazi za balansom i blisko\u0161\u0107u, s potrebom za dodirima u vremenu distance. Nemogu\u0107e je ne primijetiti njihove sjene. Oko nas su dvojnosti, ali fokus treba prebaciti na dobre stvari. Da nema sunca, ne bismo vidjeli ni sjene, zar ne?<\/p>\n\n\n\n<p>\u201eLijepo je kad je \u010dovjek samostalan i kad stoji na svojim nogama, kad zna kamo ide i kad radi na sebi, ali je nekako sla\u0111e kad ima\u0161 nekog tko ti je oslonac i kome si ti oslonac, nekoga tko s tobom mo\u017ee podijeliti dane, bilo da se radi o ljubavnom, prijateljskom, poslovnom, kakvom god odnosu. Sada, vi\u0161e nego ikada nam je kristalno jasno koliko nam treba na\u0161e dru\u0161tvo, koliko trebamo jedni druge i koliko nam zapravo nedostaje prisutnost druge osobe. Nadam se da \u0107e ljudi prona\u0107i neku svoju definiciju na\u0161e Dvojke\u201d, komentirala je Mirela Priselac Remi.<\/p>\n\n\n\n<p>S njom se slo\u017eio i redatelj Kristijan Smok: \u201eU dvoje je sve ljep\u0161e, kako \u017eivot, tako i skateboarding. Drago mi je da smo uspjeli uklopiti skateboarding s ovom pjesmom.\u201d<\/p>\n\n\n\n<p>Od svog osnutka 1998., bend je objavio osam studijskih albuma, no <a href=\"https:\/\/www.elemental.hr\/album\/ilica-2020\/\" target=\"_blank\" rel=\"noreferrer noopener\">\u201eIlica\u201c<\/a> je jedini isklju\u010divo digitalno objavljen album. Da nije stara vijest, a ni zaboravljena ulica u ru\u0161evinama, dokazuju \u010dak \u010detiri nominacije za Porin.<\/p>\n\n\n\n<p>Novim se singlom bend kona\u010dno vra\u0107a i na pozornicu!<\/p>\n\n\n\n<p>Elemental \u0107e, uz TBF i plesnu skupinu Atomic Dance Factory, nastupiti na prvom&nbsp;November Fest powered by Galeb&nbsp;u Domu sportova 18. velja\u010de 2022.&nbsp; November Fest u suradnji s Hrvatskim dru\u0161tvom bolesnika s rakom prostate i Europa Donna Hrvatska, svojom kampanjom pod \u0161aljivim sloganom: \u201cBriga o mudima ne \u010dini nas ludima!\u201d, poti\u010de na promi\u0161ljanje o odgovornosti prema vlastitom zdravlju te va\u017enosti prevencije.<\/p>\n\n\n\n<p>\u201eDvojka\u201c je pjesma kojom Elemental osna\u017euje! Bend vas poziva da uz he\u0161teg #svisuudvojci na dru\u0161tvenim mre\u017eama objavite na koje sve na\u010dine u ovo vrijeme pokazujete ljubav svojoj dvojci (nemojte \u010dekati Valentinovo, volite se svaki dan!). Najkreativnije \u0107e bend nagraditi poklon paketom. Zapratite Elemental na dru\u0161tvenim mre\u017eama radi vi\u0161e informacija:<\/p>\n\n\n\n<p>FB: <a href=\"https:\/\/www.facebook.com\/elemental.hr\" target=\"_blank\" rel=\"noreferrer noopener\">https:\/\/www.facebook.com\/elemental.hr<\/a><\/p>\n\n\n\n<p>IG: <a href=\"https:\/\/www.instagram.com\/elementalbend\/\" target=\"_blank\" rel=\"noreferrer noopener\">https:\/\/www.instagram.com\/elementalbend\/<\/a><\/p>\n\n\n\n<p>Izvor:glazba.hr<\/p>\n","protected":false},"excerpt":{"rendered":"<p>Dosta je gun\u0111anja, jadanja i prigovaranja! Vrijeme je za pokret! Dvije godine nakon objave pandemijskog albuma Ilica, Elemental zatvara krug svojom novom poletnom pjesmom \u201cDvojka\u201d. Kombinacijom elemenata koji donose pozitivnu atmosferu, gitarskim uvodom i vitalnim ritmom, Elemental usred zime prkosi u\u017easima sije\u010danjske depresije i u drugi mjesec 2022. ulazi apsolutno vedro i zaigrano. Svima nam [&hellip;]<\/p>\n","protected":false},"author":2,"featured_media":111586,"comment_status":"closed","ping_status":"closed","sticky":false,"template":"","format":"standard","meta":{"h5ap_radio_sources":[],"footnotes":""},"categories":[1],"tags":[],"class_list":["post-111585","post","type-post","status-publish","format-standard","has-post-thumbnail","hentry","category-bihiregija"],"yoast_head":"<!-- This site is optimized with the Yoast SEO plugin v27.4 - https:\/\/yoast.com\/product\/yoast-seo-wordpress\/ -->\n<title>Premijera: Elemental pokre\u0107e sve oko sebe &quot;Dvojkom&quot;! - RADIO LJUBU\u0160KI<\/title>\n<meta name=\"robots\" content=\"index, follow, max-snippet:-1, max-image-preview:large, max-video-preview:-1\" \/>\n<link rel=\"canonical\" href=\"https:\/\/radioljubuski.ba\/index.php\/2022\/02\/07\/premijera-elemental-pokrece-sve-oko-sebe-dvojkom\/\" \/>\n<meta property=\"og:locale\" content=\"hr_HR\" \/>\n<meta property=\"og:type\" content=\"article\" \/>\n<meta property=\"og:title\" content=\"Premijera: Elemental pokre\u0107e sve oko sebe &quot;Dvojkom&quot;! - RADIO LJUBU\u0160KI\" \/>\n<meta property=\"og:description\" content=\"Dosta je gun\u0111anja, jadanja i prigovaranja! Vrijeme je za pokret! Dvije godine nakon objave pandemijskog albuma Ilica, Elemental zatvara krug svojom novom poletnom pjesmom \u201cDvojka\u201d. Kombinacijom elemenata koji donose pozitivnu atmosferu, gitarskim uvodom i vitalnim ritmom, Elemental usred zime prkosi u\u017easima sije\u010danjske depresije i u drugi mjesec 2022. ulazi apsolutno vedro i zaigrano. Svima nam [&hellip;]\" \/>\n<meta property=\"og:url\" content=\"https:\/\/radioljubuski.ba\/index.php\/2022\/02\/07\/premijera-elemental-pokrece-sve-oko-sebe-dvojkom\/\" \/>\n<meta property=\"og:site_name\" content=\"RADIO LJUBU\u0160KI\" \/>\n<meta property=\"article:publisher\" content=\"https:\/\/www.facebook.com\/Radiio-Ljubuski-1490835324566332\" \/>\n<meta property=\"article:published_time\" content=\"2022-02-07T10:45:37+00:00\" \/>\n<meta property=\"article:modified_time\" content=\"2022-02-07T10:45:39+00:00\" \/>\n<meta property=\"og:image\" content=\"https:\/\/radioljubuski.ba\/wp-content\/uploads\/2022\/02\/MG_9935-1030x632-1.jpg\" \/>\n\t<meta property=\"og:image:width\" content=\"1030\" \/>\n\t<meta property=\"og:image:height\" content=\"632\" \/>\n\t<meta property=\"og:image:type\" content=\"image\/jpeg\" \/>\n<meta name=\"author\" content=\"Radio Ljubu\u0161ki\" \/>\n<meta name=\"twitter:card\" content=\"summary_large_image\" \/>\n<meta name=\"twitter:creator\" content=\"@radioljubuski\" \/>\n<meta name=\"twitter:site\" content=\"@radioljubuski\" \/>\n<meta name=\"twitter:label1\" content=\"Napisao\/la\" \/>\n\t<meta name=\"twitter:data1\" content=\"Radio Ljubu\u0161ki\" \/>\n\t<meta name=\"twitter:label2\" content=\"Procijenjeno vrijeme \u010ditanja\" \/>\n\t<meta name=\"twitter:data2\" content=\"2 minute\" \/>\n<script type=\"application\/ld+json\" class=\"yoast-schema-graph\">{\"@context\":\"https:\\\/\\\/schema.org\",\"@graph\":[{\"@type\":\"Article\",\"@id\":\"https:\\\/\\\/radioljubuski.ba\\\/index.php\\\/2022\\\/02\\\/07\\\/premijera-elemental-pokrece-sve-oko-sebe-dvojkom\\\/#article\",\"isPartOf\":{\"@id\":\"https:\\\/\\\/radioljubuski.ba\\\/index.php\\\/2022\\\/02\\\/07\\\/premijera-elemental-pokrece-sve-oko-sebe-dvojkom\\\/\"},\"author\":{\"name\":\"Radio Ljubu\u0161ki\",\"@id\":\"https:\\\/\\\/radioljubuski.ba\\\/#\\\/schema\\\/person\\\/19fc700381a780f69665d7956c469e3b\"},\"headline\":\"Premijera: Elemental pokre\u0107e sve oko sebe &#8220;Dvojkom&#8221;!\",\"datePublished\":\"2022-02-07T10:45:37+00:00\",\"dateModified\":\"2022-02-07T10:45:39+00:00\",\"mainEntityOfPage\":{\"@id\":\"https:\\\/\\\/radioljubuski.ba\\\/index.php\\\/2022\\\/02\\\/07\\\/premijera-elemental-pokrece-sve-oko-sebe-dvojkom\\\/\"},\"wordCount\":472,\"publisher\":{\"@id\":\"https:\\\/\\\/radioljubuski.ba\\\/#organization\"},\"image\":{\"@id\":\"https:\\\/\\\/radioljubuski.ba\\\/index.php\\\/2022\\\/02\\\/07\\\/premijera-elemental-pokrece-sve-oko-sebe-dvojkom\\\/#primaryimage\"},\"thumbnailUrl\":\"https:\\\/\\\/radioljubuski.ba\\\/wp-content\\\/uploads\\\/2022\\\/02\\\/MG_9935-1030x632-1.jpg\",\"articleSection\":[\"BIH i regija\"],\"inLanguage\":\"hr\"},{\"@type\":\"WebPage\",\"@id\":\"https:\\\/\\\/radioljubuski.ba\\\/index.php\\\/2022\\\/02\\\/07\\\/premijera-elemental-pokrece-sve-oko-sebe-dvojkom\\\/\",\"url\":\"https:\\\/\\\/radioljubuski.ba\\\/index.php\\\/2022\\\/02\\\/07\\\/premijera-elemental-pokrece-sve-oko-sebe-dvojkom\\\/\",\"name\":\"Premijera: Elemental pokre\u0107e sve oko sebe \\\"Dvojkom\\\"! - RADIO LJUBU\u0160KI\",\"isPartOf\":{\"@id\":\"https:\\\/\\\/radioljubuski.ba\\\/#website\"},\"primaryImageOfPage\":{\"@id\":\"https:\\\/\\\/radioljubuski.ba\\\/index.php\\\/2022\\\/02\\\/07\\\/premijera-elemental-pokrece-sve-oko-sebe-dvojkom\\\/#primaryimage\"},\"image\":{\"@id\":\"https:\\\/\\\/radioljubuski.ba\\\/index.php\\\/2022\\\/02\\\/07\\\/premijera-elemental-pokrece-sve-oko-sebe-dvojkom\\\/#primaryimage\"},\"thumbnailUrl\":\"https:\\\/\\\/radioljubuski.ba\\\/wp-content\\\/uploads\\\/2022\\\/02\\\/MG_9935-1030x632-1.jpg\",\"datePublished\":\"2022-02-07T10:45:37+00:00\",\"dateModified\":\"2022-02-07T10:45:39+00:00\",\"breadcrumb\":{\"@id\":\"https:\\\/\\\/radioljubuski.ba\\\/index.php\\\/2022\\\/02\\\/07\\\/premijera-elemental-pokrece-sve-oko-sebe-dvojkom\\\/#breadcrumb\"},\"inLanguage\":\"hr\",\"potentialAction\":[{\"@type\":\"ReadAction\",\"target\":[\"https:\\\/\\\/radioljubuski.ba\\\/index.php\\\/2022\\\/02\\\/07\\\/premijera-elemental-pokrece-sve-oko-sebe-dvojkom\\\/\"]}]},{\"@type\":\"ImageObject\",\"inLanguage\":\"hr\",\"@id\":\"https:\\\/\\\/radioljubuski.ba\\\/index.php\\\/2022\\\/02\\\/07\\\/premijera-elemental-pokrece-sve-oko-sebe-dvojkom\\\/#primaryimage\",\"url\":\"https:\\\/\\\/radioljubuski.ba\\\/wp-content\\\/uploads\\\/2022\\\/02\\\/MG_9935-1030x632-1.jpg\",\"contentUrl\":\"https:\\\/\\\/radioljubuski.ba\\\/wp-content\\\/uploads\\\/2022\\\/02\\\/MG_9935-1030x632-1.jpg\",\"width\":1030,\"height\":632},{\"@type\":\"BreadcrumbList\",\"@id\":\"https:\\\/\\\/radioljubuski.ba\\\/index.php\\\/2022\\\/02\\\/07\\\/premijera-elemental-pokrece-sve-oko-sebe-dvojkom\\\/#breadcrumb\",\"itemListElement\":[{\"@type\":\"ListItem\",\"position\":1,\"name\":\"Po\u010detna stranica\",\"item\":\"https:\\\/\\\/radioljubuski.ba\\\/\"},{\"@type\":\"ListItem\",\"position\":2,\"name\":\"Premijera: Elemental pokre\u0107e sve oko sebe &#8220;Dvojkom&#8221;!\"}]},{\"@type\":\"WebSite\",\"@id\":\"https:\\\/\\\/radioljubuski.ba\\\/#website\",\"url\":\"https:\\\/\\\/radioljubuski.ba\\\/\",\"name\":\"Radio Ljubu\u0161ki\",\"description\":\"Sun\u010dana frekvencija Hercegovine\",\"publisher\":{\"@id\":\"https:\\\/\\\/radioljubuski.ba\\\/#organization\"},\"potentialAction\":[{\"@type\":\"SearchAction\",\"target\":{\"@type\":\"EntryPoint\",\"urlTemplate\":\"https:\\\/\\\/radioljubuski.ba\\\/?s={search_term_string}\"},\"query-input\":{\"@type\":\"PropertyValueSpecification\",\"valueRequired\":true,\"valueName\":\"search_term_string\"}}],\"inLanguage\":\"hr\"},{\"@type\":\"Organization\",\"@id\":\"https:\\\/\\\/radioljubuski.ba\\\/#organization\",\"name\":\"Radio Ljubu\u0161ki\",\"url\":\"https:\\\/\\\/radioljubuski.ba\\\/\",\"logo\":{\"@type\":\"ImageObject\",\"inLanguage\":\"hr\",\"@id\":\"https:\\\/\\\/radioljubuski.ba\\\/#\\\/schema\\\/logo\\\/image\\\/\",\"url\":\"https:\\\/\\\/radioljubuski.ba\\\/wp-content\\\/uploads\\\/2021\\\/02\\\/cropped-Radio_Ljubuski_logo1.jpg\",\"contentUrl\":\"https:\\\/\\\/radioljubuski.ba\\\/wp-content\\\/uploads\\\/2021\\\/02\\\/cropped-Radio_Ljubuski_logo1.jpg\",\"width\":512,\"height\":512,\"caption\":\"Radio Ljubu\u0161ki\"},\"image\":{\"@id\":\"https:\\\/\\\/radioljubuski.ba\\\/#\\\/schema\\\/logo\\\/image\\\/\"},\"sameAs\":[\"https:\\\/\\\/www.facebook.com\\\/Radiio-Ljubuski-1490835324566332\",\"https:\\\/\\\/x.com\\\/radioljubuski\",\"https:\\\/\\\/hr.linkedin.com\\\/company\\\/radio-ljubuski\",\"https:\\\/\\\/www.youtube.com\\\/channel\\\/UCHYaeO_n0Db3tjNGudGpXyw\"]},{\"@type\":\"Person\",\"@id\":\"https:\\\/\\\/radioljubuski.ba\\\/#\\\/schema\\\/person\\\/19fc700381a780f69665d7956c469e3b\",\"name\":\"Radio Ljubu\u0161ki\"}]}<\/script>\n<!-- \/ Yoast SEO plugin. -->","yoast_head_json":{"title":"Premijera: Elemental pokre\u0107e sve oko sebe \"Dvojkom\"! - RADIO LJUBU\u0160KI","robots":{"index":"index","follow":"follow","max-snippet":"max-snippet:-1","max-image-preview":"max-image-preview:large","max-video-preview":"max-video-preview:-1"},"canonical":"https:\/\/radioljubuski.ba\/index.php\/2022\/02\/07\/premijera-elemental-pokrece-sve-oko-sebe-dvojkom\/","og_locale":"hr_HR","og_type":"article","og_title":"Premijera: Elemental pokre\u0107e sve oko sebe \"Dvojkom\"! - RADIO LJUBU\u0160KI","og_description":"Dosta je gun\u0111anja, jadanja i prigovaranja! Vrijeme je za pokret! Dvije godine nakon objave pandemijskog albuma Ilica, Elemental zatvara krug svojom novom poletnom pjesmom \u201cDvojka\u201d. Kombinacijom elemenata koji donose pozitivnu atmosferu, gitarskim uvodom i vitalnim ritmom, Elemental usred zime prkosi u\u017easima sije\u010danjske depresije i u drugi mjesec 2022. ulazi apsolutno vedro i zaigrano. Svima nam [&hellip;]","og_url":"https:\/\/radioljubuski.ba\/index.php\/2022\/02\/07\/premijera-elemental-pokrece-sve-oko-sebe-dvojkom\/","og_site_name":"RADIO LJUBU\u0160KI","article_publisher":"https:\/\/www.facebook.com\/Radiio-Ljubuski-1490835324566332","article_published_time":"2022-02-07T10:45:37+00:00","article_modified_time":"2022-02-07T10:45:39+00:00","og_image":[{"width":1030,"height":632,"url":"https:\/\/radioljubuski.ba\/wp-content\/uploads\/2022\/02\/MG_9935-1030x632-1.jpg","type":"image\/jpeg"}],"author":"Radio Ljubu\u0161ki","twitter_card":"summary_large_image","twitter_creator":"@radioljubuski","twitter_site":"@radioljubuski","twitter_misc":{"Napisao\/la":"Radio Ljubu\u0161ki","Procijenjeno vrijeme \u010ditanja":"2 minute"},"schema":{"@context":"https:\/\/schema.org","@graph":[{"@type":"Article","@id":"https:\/\/radioljubuski.ba\/index.php\/2022\/02\/07\/premijera-elemental-pokrece-sve-oko-sebe-dvojkom\/#article","isPartOf":{"@id":"https:\/\/radioljubuski.ba\/index.php\/2022\/02\/07\/premijera-elemental-pokrece-sve-oko-sebe-dvojkom\/"},"author":{"name":"Radio Ljubu\u0161ki","@id":"https:\/\/radioljubuski.ba\/#\/schema\/person\/19fc700381a780f69665d7956c469e3b"},"headline":"Premijera: Elemental pokre\u0107e sve oko sebe &#8220;Dvojkom&#8221;!","datePublished":"2022-02-07T10:45:37+00:00","dateModified":"2022-02-07T10:45:39+00:00","mainEntityOfPage":{"@id":"https:\/\/radioljubuski.ba\/index.php\/2022\/02\/07\/premijera-elemental-pokrece-sve-oko-sebe-dvojkom\/"},"wordCount":472,"publisher":{"@id":"https:\/\/radioljubuski.ba\/#organization"},"image":{"@id":"https:\/\/radioljubuski.ba\/index.php\/2022\/02\/07\/premijera-elemental-pokrece-sve-oko-sebe-dvojkom\/#primaryimage"},"thumbnailUrl":"https:\/\/radioljubuski.ba\/wp-content\/uploads\/2022\/02\/MG_9935-1030x632-1.jpg","articleSection":["BIH i regija"],"inLanguage":"hr"},{"@type":"WebPage","@id":"https:\/\/radioljubuski.ba\/index.php\/2022\/02\/07\/premijera-elemental-pokrece-sve-oko-sebe-dvojkom\/","url":"https:\/\/radioljubuski.ba\/index.php\/2022\/02\/07\/premijera-elemental-pokrece-sve-oko-sebe-dvojkom\/","name":"Premijera: Elemental pokre\u0107e sve oko sebe \"Dvojkom\"! - RADIO LJUBU\u0160KI","isPartOf":{"@id":"https:\/\/radioljubuski.ba\/#website"},"primaryImageOfPage":{"@id":"https:\/\/radioljubuski.ba\/index.php\/2022\/02\/07\/premijera-elemental-pokrece-sve-oko-sebe-dvojkom\/#primaryimage"},"image":{"@id":"https:\/\/radioljubuski.ba\/index.php\/2022\/02\/07\/premijera-elemental-pokrece-sve-oko-sebe-dvojkom\/#primaryimage"},"thumbnailUrl":"https:\/\/radioljubuski.ba\/wp-content\/uploads\/2022\/02\/MG_9935-1030x632-1.jpg","datePublished":"2022-02-07T10:45:37+00:00","dateModified":"2022-02-07T10:45:39+00:00","breadcrumb":{"@id":"https:\/\/radioljubuski.ba\/index.php\/2022\/02\/07\/premijera-elemental-pokrece-sve-oko-sebe-dvojkom\/#breadcrumb"},"inLanguage":"hr","potentialAction":[{"@type":"ReadAction","target":["https:\/\/radioljubuski.ba\/index.php\/2022\/02\/07\/premijera-elemental-pokrece-sve-oko-sebe-dvojkom\/"]}]},{"@type":"ImageObject","inLanguage":"hr","@id":"https:\/\/radioljubuski.ba\/index.php\/2022\/02\/07\/premijera-elemental-pokrece-sve-oko-sebe-dvojkom\/#primaryimage","url":"https:\/\/radioljubuski.ba\/wp-content\/uploads\/2022\/02\/MG_9935-1030x632-1.jpg","contentUrl":"https:\/\/radioljubuski.ba\/wp-content\/uploads\/2022\/02\/MG_9935-1030x632-1.jpg","width":1030,"height":632},{"@type":"BreadcrumbList","@id":"https:\/\/radioljubuski.ba\/index.php\/2022\/02\/07\/premijera-elemental-pokrece-sve-oko-sebe-dvojkom\/#breadcrumb","itemListElement":[{"@type":"ListItem","position":1,"name":"Po\u010detna stranica","item":"https:\/\/radioljubuski.ba\/"},{"@type":"ListItem","position":2,"name":"Premijera: Elemental pokre\u0107e sve oko sebe &#8220;Dvojkom&#8221;!"}]},{"@type":"WebSite","@id":"https:\/\/radioljubuski.ba\/#website","url":"https:\/\/radioljubuski.ba\/","name":"Radio Ljubu\u0161ki","description":"Sun\u010dana frekvencija Hercegovine","publisher":{"@id":"https:\/\/radioljubuski.ba\/#organization"},"potentialAction":[{"@type":"SearchAction","target":{"@type":"EntryPoint","urlTemplate":"https:\/\/radioljubuski.ba\/?s={search_term_string}"},"query-input":{"@type":"PropertyValueSpecification","valueRequired":true,"valueName":"search_term_string"}}],"inLanguage":"hr"},{"@type":"Organization","@id":"https:\/\/radioljubuski.ba\/#organization","name":"Radio Ljubu\u0161ki","url":"https:\/\/radioljubuski.ba\/","logo":{"@type":"ImageObject","inLanguage":"hr","@id":"https:\/\/radioljubuski.ba\/#\/schema\/logo\/image\/","url":"https:\/\/radioljubuski.ba\/wp-content\/uploads\/2021\/02\/cropped-Radio_Ljubuski_logo1.jpg","contentUrl":"https:\/\/radioljubuski.ba\/wp-content\/uploads\/2021\/02\/cropped-Radio_Ljubuski_logo1.jpg","width":512,"height":512,"caption":"Radio Ljubu\u0161ki"},"image":{"@id":"https:\/\/radioljubuski.ba\/#\/schema\/logo\/image\/"},"sameAs":["https:\/\/www.facebook.com\/Radiio-Ljubuski-1490835324566332","https:\/\/x.com\/radioljubuski","https:\/\/hr.linkedin.com\/company\/radio-ljubuski","https:\/\/www.youtube.com\/channel\/UCHYaeO_n0Db3tjNGudGpXyw"]},{"@type":"Person","@id":"https:\/\/radioljubuski.ba\/#\/schema\/person\/19fc700381a780f69665d7956c469e3b","name":"Radio Ljubu\u0161ki"}]}},"_links":{"self":[{"href":"https:\/\/radioljubuski.ba\/index.php\/wp-json\/wp\/v2\/posts\/111585","targetHints":{"allow":["GET"]}}],"collection":[{"href":"https:\/\/radioljubuski.ba\/index.php\/wp-json\/wp\/v2\/posts"}],"about":[{"href":"https:\/\/radioljubuski.ba\/index.php\/wp-json\/wp\/v2\/types\/post"}],"author":[{"embeddable":true,"href":"https:\/\/radioljubuski.ba\/index.php\/wp-json\/wp\/v2\/users\/2"}],"replies":[{"embeddable":true,"href":"https:\/\/radioljubuski.ba\/index.php\/wp-json\/wp\/v2\/comments?post=111585"}],"version-history":[{"count":1,"href":"https:\/\/radioljubuski.ba\/index.php\/wp-json\/wp\/v2\/posts\/111585\/revisions"}],"predecessor-version":[{"id":111587,"href":"https:\/\/radioljubuski.ba\/index.php\/wp-json\/wp\/v2\/posts\/111585\/revisions\/111587"}],"wp:featuredmedia":[{"embeddable":true,"href":"https:\/\/radioljubuski.ba\/index.php\/wp-json\/wp\/v2\/media\/111586"}],"wp:attachment":[{"href":"https:\/\/radioljubuski.ba\/index.php\/wp-json\/wp\/v2\/media?parent=111585"}],"wp:term":[{"taxonomy":"category","embeddable":true,"href":"https:\/\/radioljubuski.ba\/index.php\/wp-json\/wp\/v2\/categories?post=111585"},{"taxonomy":"post_tag","embeddable":true,"href":"https:\/\/radioljubuski.ba\/index.php\/wp-json\/wp\/v2\/tags?post=111585"}],"curies":[{"name":"wp","href":"https:\/\/api.w.org\/{rel}","templated":true}]}}