{"id":111588,"date":"2022-02-07T11:49:36","date_gmt":"2022-02-07T10:49:36","guid":{"rendered":"https:\/\/radioljubuski.ba\/?p=111588"},"modified":"2022-02-07T11:49:37","modified_gmt":"2022-02-07T10:49:37","slug":"trijumf-domace-elektronike-u-tvornici-kulture-dodijeljene-prve-nagrade-elector","status":"publish","type":"post","link":"https:\/\/radioljubuski.ba\/index.php\/2022\/02\/07\/trijumf-domace-elektronike-u-tvornici-kulture-dodijeljene-prve-nagrade-elector\/","title":{"rendered":"Trijumf doma\u0107e elektronike u Tvornici kulture &#8211; Dodijeljene prve nagrade Elector!"},"content":{"rendered":"\n<p>Sjajna glazba, veliki party i dvorana ispunjena odli\u010dnom atmosferom obilje\u017eili su dodjelu prve nezavisne glazbene novinarske nagrade Elector! U zagreba\u010dkoj Tvornici kulture ve\u010deras smo saznali tko ide ku\u0107i bogatiji za statuu koja jo\u0161 jednom potvr\u0111uje njihov rad u protekloj godini.<\/p>\n\n\n\n<figure class=\"wp-block-image\"><img decoding=\"async\" src=\"https:\/\/glazba.hr\/wp-content\/uploads\/2022\/02\/273162337_125639269977348_7586270502437178674_n-1024x683.jpeg\" alt=\"Elector\" class=\"wp-image-8467\"\/><\/figure>\n\n\n\n<p>\u017diri sastavljen od&nbsp;<strong>20 novinara<\/strong>&nbsp;eminentnih doma\u0107ih medija koji prate elektroni\u010dku glazbenu scenu nije imao nimalo lak posao obzirom na produktivnost doma\u0107e elektroni\u010dke scene, no odabrali su najbolje od najboljih!<\/p>\n\n\n\n<p>Gusto je bilo u kategoriji\u00a0<strong>Album\/kompilacija godine<\/strong>, koja je nagradila dva izdanja zbog identi\u010dnog broja glasova \u017eirija. U ovoj presti\u017enoj kategoriji slavile su\u00a0<strong>kompilacije \u201cEddy Ramich Presents Croatian Blue\u201d te \u201cCroatia Earthquakes Relief Project\u201d.<\/strong>\u00a0<strong>Filip Motovunski<\/strong>\u00a0slavio je u kategoriji\u00a0<strong>Remiks godine<\/strong>\u00a0zahvaljuju\u0107i pjesmi\u00a0<strong>\u201cDubbing With The Observer\u201d\u00a0<\/strong>izvo\u0111a\u010da<strong> King Tubby &amp; The Observer All Stars.<\/strong><\/p>\n\n\n\n<figure class=\"wp-block-image\"><img decoding=\"async\" src=\"https:\/\/glazba.hr\/wp-content\/uploads\/2022\/02\/273296296_125638966644045_6065614036098905617_n-1024x683.jpeg\" alt=\"Elector\" class=\"wp-image-8473\"\/><\/figure>\n\n\n\n<p>Titula&nbsp;<strong>Eventa godine<\/strong>&nbsp;oti\u0161la je u ruke festivala&nbsp;<strong>Wake The Lake<\/strong>, odr\u017eanog na Lokvarskom jezeru u ljeto pro\u0161le godine.&nbsp;<strong>Petar Dundov &amp; Gregor Tresher<\/strong>&nbsp;zahvaljuju\u0107i pjesmi \u201c<strong>Ubermod\u201d<\/strong>&nbsp;imaju&nbsp;<strong>Techno singl godine<\/strong>, a&nbsp;<strong>House singl godine<\/strong>&nbsp;imaju&nbsp;<strong>Jan Kin\u010dl i Regis Kattie&nbsp;<\/strong>za<strong>&nbsp;\u201cSuede\u201d.<\/strong>&nbsp;Titula&nbsp;<strong>Bass singla godine<\/strong>&nbsp;oti\u0161la je u ruke&nbsp;<strong>Egolessa<\/strong>&nbsp;za pjesmu&nbsp;<strong>\u201cThank you (Hvala)\u201d.<\/strong><\/p>\n\n\n\n<p>Progla\u0161en je u debitant godine, a pohvalu novinara u kategoriji\u00a0<strong>New (S)elector godine<\/strong>\u00a0osvojio je\u00a0<strong>Time to Sleep<\/strong>, odnosno\u00a0<strong>Karlo Pavlovi\u0107<\/strong>. Dodijeljena je i nagrada publike za\u00a0<strong>najboljeg DJ-a<\/strong>, a pripala je\u00a0<strong>Insolate<\/strong>.<\/p>\n\n\n\n<figure class=\"wp-block-image\"><img decoding=\"async\" src=\"https:\/\/glazba.hr\/wp-content\/uploads\/2022\/02\/unnamed-90.jpg\" alt=\"Elector\" class=\"wp-image-8475\"\/><\/figure>\n\n\n\n<p>Prvu dodjelu Electora svojim nastupima uveli\u010dali su&nbsp;<strong>Jan Kin\u010dl, Fikcio Monger, Petar Dundov, Antonio \u017du\u017ea&nbsp;<\/strong>te<strong>&nbsp;DJ Jock<\/strong>, a iako zbog trenuta\u010dne epidemiolo\u0161ke situacije nije bilo publike u samoj dvorani, party je ispunio sva o\u010dekivanja okupljenih.<\/p>\n\n\n\n<p>Nagradu ELECTOR pokrenuli su&nbsp;<strong>DJ sekcija Hrvatske glazbene unije<\/strong>&nbsp;i&nbsp;<strong>Hrvatsko Dru\u0161tvo Skladatelja<\/strong>, koproducent je&nbsp;<strong>Tvornica Kulture<\/strong>, organizator&nbsp;<strong>Unison \u2013 Hrvatski glazbeni savez<\/strong>, a sponzor&nbsp;<strong>Iskon<\/strong>.<\/p>\n\n\n\n<p>Sve novosti i aktualnosti nagrade pratite na slu\u017ebenoj web stranici&nbsp;<a href=\"https:\/\/unison.us12.list-manage.com\/track\/click?u=310c55be4a5d5e894c698baf7&amp;id=4b1c1141d0&amp;e=57be5b43b7\" target=\"_blank\" rel=\"noreferrer noopener\">https:\/\/nagradaelector.hr<\/a>\/ ili na&nbsp;<a href=\"https:\/\/unison.us12.list-manage.com\/track\/click?u=310c55be4a5d5e894c698baf7&amp;id=e0af12aec6&amp;e=57be5b43b7\" target=\"_blank\" rel=\"noreferrer noopener\">Facebook stranici nagrade ELECTOR<\/a>.<\/p>\n\n\n\n<p>Izvor:glazba.hr<\/p>\n","protected":false},"excerpt":{"rendered":"<p>Sjajna glazba, veliki party i dvorana ispunjena odli\u010dnom atmosferom obilje\u017eili su dodjelu prve nezavisne glazbene novinarske nagrade Elector! U zagreba\u010dkoj Tvornici kulture ve\u010deras smo saznali tko ide ku\u0107i bogatiji za statuu koja jo\u0161 jednom potvr\u0111uje njihov rad u protekloj godini. \u017diri sastavljen od&nbsp;20 novinara&nbsp;eminentnih doma\u0107ih medija koji prate elektroni\u010dku glazbenu scenu nije imao nimalo lak [&hellip;]<\/p>\n","protected":false},"author":2,"featured_media":111589,"comment_status":"closed","ping_status":"closed","sticky":false,"template":"","format":"standard","meta":{"h5ap_radio_sources":[],"footnotes":""},"categories":[1],"tags":[],"class_list":["post-111588","post","type-post","status-publish","format-standard","has-post-thumbnail","hentry","category-bihiregija"],"yoast_head":"<!-- This site is optimized with the Yoast SEO plugin v27.4 - https:\/\/yoast.com\/product\/yoast-seo-wordpress\/ -->\n<title>Trijumf doma\u0107e elektronike u Tvornici kulture - Dodijeljene prve nagrade Elector! - RADIO LJUBU\u0160KI<\/title>\n<meta name=\"robots\" content=\"index, follow, max-snippet:-1, max-image-preview:large, max-video-preview:-1\" \/>\n<link rel=\"canonical\" href=\"https:\/\/radioljubuski.ba\/index.php\/2022\/02\/07\/trijumf-domace-elektronike-u-tvornici-kulture-dodijeljene-prve-nagrade-elector\/\" \/>\n<meta property=\"og:locale\" content=\"hr_HR\" \/>\n<meta property=\"og:type\" content=\"article\" \/>\n<meta property=\"og:title\" content=\"Trijumf doma\u0107e elektronike u Tvornici kulture - Dodijeljene prve nagrade Elector! - RADIO LJUBU\u0160KI\" \/>\n<meta property=\"og:description\" content=\"Sjajna glazba, veliki party i dvorana ispunjena odli\u010dnom atmosferom obilje\u017eili su dodjelu prve nezavisne glazbene novinarske nagrade Elector! U zagreba\u010dkoj Tvornici kulture ve\u010deras smo saznali tko ide ku\u0107i bogatiji za statuu koja jo\u0161 jednom potvr\u0111uje njihov rad u protekloj godini. \u017diri sastavljen od&nbsp;20 novinara&nbsp;eminentnih doma\u0107ih medija koji prate elektroni\u010dku glazbenu scenu nije imao nimalo lak [&hellip;]\" \/>\n<meta property=\"og:url\" content=\"https:\/\/radioljubuski.ba\/index.php\/2022\/02\/07\/trijumf-domace-elektronike-u-tvornici-kulture-dodijeljene-prve-nagrade-elector\/\" \/>\n<meta property=\"og:site_name\" content=\"RADIO LJUBU\u0160KI\" \/>\n<meta property=\"article:publisher\" content=\"https:\/\/www.facebook.com\/Radiio-Ljubuski-1490835324566332\" \/>\n<meta property=\"article:published_time\" content=\"2022-02-07T10:49:36+00:00\" \/>\n<meta property=\"article:modified_time\" content=\"2022-02-07T10:49:37+00:00\" \/>\n<meta property=\"og:image\" content=\"https:\/\/radioljubuski.ba\/wp-content\/uploads\/2022\/02\/unnamed-89.jpg\" \/>\n\t<meta property=\"og:image:width\" content=\"800\" \/>\n\t<meta property=\"og:image:height\" content=\"533\" \/>\n\t<meta property=\"og:image:type\" content=\"image\/jpeg\" \/>\n<meta name=\"author\" content=\"Radio Ljubu\u0161ki\" \/>\n<meta name=\"twitter:card\" content=\"summary_large_image\" \/>\n<meta name=\"twitter:creator\" content=\"@radioljubuski\" \/>\n<meta name=\"twitter:site\" content=\"@radioljubuski\" \/>\n<meta name=\"twitter:label1\" content=\"Napisao\/la\" \/>\n\t<meta name=\"twitter:data1\" content=\"Radio Ljubu\u0161ki\" \/>\n\t<meta name=\"twitter:label2\" content=\"Procijenjeno vrijeme \u010ditanja\" \/>\n\t<meta name=\"twitter:data2\" content=\"2 minute\" \/>\n<script type=\"application\/ld+json\" class=\"yoast-schema-graph\">{\"@context\":\"https:\\\/\\\/schema.org\",\"@graph\":[{\"@type\":\"Article\",\"@id\":\"https:\\\/\\\/radioljubuski.ba\\\/index.php\\\/2022\\\/02\\\/07\\\/trijumf-domace-elektronike-u-tvornici-kulture-dodijeljene-prve-nagrade-elector\\\/#article\",\"isPartOf\":{\"@id\":\"https:\\\/\\\/radioljubuski.ba\\\/index.php\\\/2022\\\/02\\\/07\\\/trijumf-domace-elektronike-u-tvornici-kulture-dodijeljene-prve-nagrade-elector\\\/\"},\"author\":{\"name\":\"Radio Ljubu\u0161ki\",\"@id\":\"https:\\\/\\\/radioljubuski.ba\\\/#\\\/schema\\\/person\\\/19fc700381a780f69665d7956c469e3b\"},\"headline\":\"Trijumf doma\u0107e elektronike u Tvornici kulture &#8211; Dodijeljene prve nagrade Elector!\",\"datePublished\":\"2022-02-07T10:49:36+00:00\",\"dateModified\":\"2022-02-07T10:49:37+00:00\",\"mainEntityOfPage\":{\"@id\":\"https:\\\/\\\/radioljubuski.ba\\\/index.php\\\/2022\\\/02\\\/07\\\/trijumf-domace-elektronike-u-tvornici-kulture-dodijeljene-prve-nagrade-elector\\\/\"},\"wordCount\":373,\"publisher\":{\"@id\":\"https:\\\/\\\/radioljubuski.ba\\\/#organization\"},\"image\":{\"@id\":\"https:\\\/\\\/radioljubuski.ba\\\/index.php\\\/2022\\\/02\\\/07\\\/trijumf-domace-elektronike-u-tvornici-kulture-dodijeljene-prve-nagrade-elector\\\/#primaryimage\"},\"thumbnailUrl\":\"https:\\\/\\\/radioljubuski.ba\\\/wp-content\\\/uploads\\\/2022\\\/02\\\/unnamed-89.jpg\",\"articleSection\":[\"BIH i regija\"],\"inLanguage\":\"hr\"},{\"@type\":\"WebPage\",\"@id\":\"https:\\\/\\\/radioljubuski.ba\\\/index.php\\\/2022\\\/02\\\/07\\\/trijumf-domace-elektronike-u-tvornici-kulture-dodijeljene-prve-nagrade-elector\\\/\",\"url\":\"https:\\\/\\\/radioljubuski.ba\\\/index.php\\\/2022\\\/02\\\/07\\\/trijumf-domace-elektronike-u-tvornici-kulture-dodijeljene-prve-nagrade-elector\\\/\",\"name\":\"Trijumf doma\u0107e elektronike u Tvornici kulture - Dodijeljene prve nagrade Elector! - RADIO LJUBU\u0160KI\",\"isPartOf\":{\"@id\":\"https:\\\/\\\/radioljubuski.ba\\\/#website\"},\"primaryImageOfPage\":{\"@id\":\"https:\\\/\\\/radioljubuski.ba\\\/index.php\\\/2022\\\/02\\\/07\\\/trijumf-domace-elektronike-u-tvornici-kulture-dodijeljene-prve-nagrade-elector\\\/#primaryimage\"},\"image\":{\"@id\":\"https:\\\/\\\/radioljubuski.ba\\\/index.php\\\/2022\\\/02\\\/07\\\/trijumf-domace-elektronike-u-tvornici-kulture-dodijeljene-prve-nagrade-elector\\\/#primaryimage\"},\"thumbnailUrl\":\"https:\\\/\\\/radioljubuski.ba\\\/wp-content\\\/uploads\\\/2022\\\/02\\\/unnamed-89.jpg\",\"datePublished\":\"2022-02-07T10:49:36+00:00\",\"dateModified\":\"2022-02-07T10:49:37+00:00\",\"breadcrumb\":{\"@id\":\"https:\\\/\\\/radioljubuski.ba\\\/index.php\\\/2022\\\/02\\\/07\\\/trijumf-domace-elektronike-u-tvornici-kulture-dodijeljene-prve-nagrade-elector\\\/#breadcrumb\"},\"inLanguage\":\"hr\",\"potentialAction\":[{\"@type\":\"ReadAction\",\"target\":[\"https:\\\/\\\/radioljubuski.ba\\\/index.php\\\/2022\\\/02\\\/07\\\/trijumf-domace-elektronike-u-tvornici-kulture-dodijeljene-prve-nagrade-elector\\\/\"]}]},{\"@type\":\"ImageObject\",\"inLanguage\":\"hr\",\"@id\":\"https:\\\/\\\/radioljubuski.ba\\\/index.php\\\/2022\\\/02\\\/07\\\/trijumf-domace-elektronike-u-tvornici-kulture-dodijeljene-prve-nagrade-elector\\\/#primaryimage\",\"url\":\"https:\\\/\\\/radioljubuski.ba\\\/wp-content\\\/uploads\\\/2022\\\/02\\\/unnamed-89.jpg\",\"contentUrl\":\"https:\\\/\\\/radioljubuski.ba\\\/wp-content\\\/uploads\\\/2022\\\/02\\\/unnamed-89.jpg\",\"width\":800,\"height\":533},{\"@type\":\"BreadcrumbList\",\"@id\":\"https:\\\/\\\/radioljubuski.ba\\\/index.php\\\/2022\\\/02\\\/07\\\/trijumf-domace-elektronike-u-tvornici-kulture-dodijeljene-prve-nagrade-elector\\\/#breadcrumb\",\"itemListElement\":[{\"@type\":\"ListItem\",\"position\":1,\"name\":\"Po\u010detna stranica\",\"item\":\"https:\\\/\\\/radioljubuski.ba\\\/\"},{\"@type\":\"ListItem\",\"position\":2,\"name\":\"Trijumf doma\u0107e elektronike u Tvornici kulture &#8211; Dodijeljene prve nagrade Elector!\"}]},{\"@type\":\"WebSite\",\"@id\":\"https:\\\/\\\/radioljubuski.ba\\\/#website\",\"url\":\"https:\\\/\\\/radioljubuski.ba\\\/\",\"name\":\"Radio Ljubu\u0161ki\",\"description\":\"Sun\u010dana frekvencija Hercegovine\",\"publisher\":{\"@id\":\"https:\\\/\\\/radioljubuski.ba\\\/#organization\"},\"potentialAction\":[{\"@type\":\"SearchAction\",\"target\":{\"@type\":\"EntryPoint\",\"urlTemplate\":\"https:\\\/\\\/radioljubuski.ba\\\/?s={search_term_string}\"},\"query-input\":{\"@type\":\"PropertyValueSpecification\",\"valueRequired\":true,\"valueName\":\"search_term_string\"}}],\"inLanguage\":\"hr\"},{\"@type\":\"Organization\",\"@id\":\"https:\\\/\\\/radioljubuski.ba\\\/#organization\",\"name\":\"Radio Ljubu\u0161ki\",\"url\":\"https:\\\/\\\/radioljubuski.ba\\\/\",\"logo\":{\"@type\":\"ImageObject\",\"inLanguage\":\"hr\",\"@id\":\"https:\\\/\\\/radioljubuski.ba\\\/#\\\/schema\\\/logo\\\/image\\\/\",\"url\":\"https:\\\/\\\/radioljubuski.ba\\\/wp-content\\\/uploads\\\/2021\\\/02\\\/cropped-Radio_Ljubuski_logo1.jpg\",\"contentUrl\":\"https:\\\/\\\/radioljubuski.ba\\\/wp-content\\\/uploads\\\/2021\\\/02\\\/cropped-Radio_Ljubuski_logo1.jpg\",\"width\":512,\"height\":512,\"caption\":\"Radio Ljubu\u0161ki\"},\"image\":{\"@id\":\"https:\\\/\\\/radioljubuski.ba\\\/#\\\/schema\\\/logo\\\/image\\\/\"},\"sameAs\":[\"https:\\\/\\\/www.facebook.com\\\/Radiio-Ljubuski-1490835324566332\",\"https:\\\/\\\/x.com\\\/radioljubuski\",\"https:\\\/\\\/hr.linkedin.com\\\/company\\\/radio-ljubuski\",\"https:\\\/\\\/www.youtube.com\\\/channel\\\/UCHYaeO_n0Db3tjNGudGpXyw\"]},{\"@type\":\"Person\",\"@id\":\"https:\\\/\\\/radioljubuski.ba\\\/#\\\/schema\\\/person\\\/19fc700381a780f69665d7956c469e3b\",\"name\":\"Radio Ljubu\u0161ki\"}]}<\/script>\n<!-- \/ Yoast SEO plugin. -->","yoast_head_json":{"title":"Trijumf doma\u0107e elektronike u Tvornici kulture - Dodijeljene prve nagrade Elector! - RADIO LJUBU\u0160KI","robots":{"index":"index","follow":"follow","max-snippet":"max-snippet:-1","max-image-preview":"max-image-preview:large","max-video-preview":"max-video-preview:-1"},"canonical":"https:\/\/radioljubuski.ba\/index.php\/2022\/02\/07\/trijumf-domace-elektronike-u-tvornici-kulture-dodijeljene-prve-nagrade-elector\/","og_locale":"hr_HR","og_type":"article","og_title":"Trijumf doma\u0107e elektronike u Tvornici kulture - Dodijeljene prve nagrade Elector! - RADIO LJUBU\u0160KI","og_description":"Sjajna glazba, veliki party i dvorana ispunjena odli\u010dnom atmosferom obilje\u017eili su dodjelu prve nezavisne glazbene novinarske nagrade Elector! U zagreba\u010dkoj Tvornici kulture ve\u010deras smo saznali tko ide ku\u0107i bogatiji za statuu koja jo\u0161 jednom potvr\u0111uje njihov rad u protekloj godini. \u017diri sastavljen od&nbsp;20 novinara&nbsp;eminentnih doma\u0107ih medija koji prate elektroni\u010dku glazbenu scenu nije imao nimalo lak [&hellip;]","og_url":"https:\/\/radioljubuski.ba\/index.php\/2022\/02\/07\/trijumf-domace-elektronike-u-tvornici-kulture-dodijeljene-prve-nagrade-elector\/","og_site_name":"RADIO LJUBU\u0160KI","article_publisher":"https:\/\/www.facebook.com\/Radiio-Ljubuski-1490835324566332","article_published_time":"2022-02-07T10:49:36+00:00","article_modified_time":"2022-02-07T10:49:37+00:00","og_image":[{"width":800,"height":533,"url":"https:\/\/radioljubuski.ba\/wp-content\/uploads\/2022\/02\/unnamed-89.jpg","type":"image\/jpeg"}],"author":"Radio Ljubu\u0161ki","twitter_card":"summary_large_image","twitter_creator":"@radioljubuski","twitter_site":"@radioljubuski","twitter_misc":{"Napisao\/la":"Radio Ljubu\u0161ki","Procijenjeno vrijeme \u010ditanja":"2 minute"},"schema":{"@context":"https:\/\/schema.org","@graph":[{"@type":"Article","@id":"https:\/\/radioljubuski.ba\/index.php\/2022\/02\/07\/trijumf-domace-elektronike-u-tvornici-kulture-dodijeljene-prve-nagrade-elector\/#article","isPartOf":{"@id":"https:\/\/radioljubuski.ba\/index.php\/2022\/02\/07\/trijumf-domace-elektronike-u-tvornici-kulture-dodijeljene-prve-nagrade-elector\/"},"author":{"name":"Radio Ljubu\u0161ki","@id":"https:\/\/radioljubuski.ba\/#\/schema\/person\/19fc700381a780f69665d7956c469e3b"},"headline":"Trijumf doma\u0107e elektronike u Tvornici kulture &#8211; Dodijeljene prve nagrade Elector!","datePublished":"2022-02-07T10:49:36+00:00","dateModified":"2022-02-07T10:49:37+00:00","mainEntityOfPage":{"@id":"https:\/\/radioljubuski.ba\/index.php\/2022\/02\/07\/trijumf-domace-elektronike-u-tvornici-kulture-dodijeljene-prve-nagrade-elector\/"},"wordCount":373,"publisher":{"@id":"https:\/\/radioljubuski.ba\/#organization"},"image":{"@id":"https:\/\/radioljubuski.ba\/index.php\/2022\/02\/07\/trijumf-domace-elektronike-u-tvornici-kulture-dodijeljene-prve-nagrade-elector\/#primaryimage"},"thumbnailUrl":"https:\/\/radioljubuski.ba\/wp-content\/uploads\/2022\/02\/unnamed-89.jpg","articleSection":["BIH i regija"],"inLanguage":"hr"},{"@type":"WebPage","@id":"https:\/\/radioljubuski.ba\/index.php\/2022\/02\/07\/trijumf-domace-elektronike-u-tvornici-kulture-dodijeljene-prve-nagrade-elector\/","url":"https:\/\/radioljubuski.ba\/index.php\/2022\/02\/07\/trijumf-domace-elektronike-u-tvornici-kulture-dodijeljene-prve-nagrade-elector\/","name":"Trijumf doma\u0107e elektronike u Tvornici kulture - Dodijeljene prve nagrade Elector! - RADIO LJUBU\u0160KI","isPartOf":{"@id":"https:\/\/radioljubuski.ba\/#website"},"primaryImageOfPage":{"@id":"https:\/\/radioljubuski.ba\/index.php\/2022\/02\/07\/trijumf-domace-elektronike-u-tvornici-kulture-dodijeljene-prve-nagrade-elector\/#primaryimage"},"image":{"@id":"https:\/\/radioljubuski.ba\/index.php\/2022\/02\/07\/trijumf-domace-elektronike-u-tvornici-kulture-dodijeljene-prve-nagrade-elector\/#primaryimage"},"thumbnailUrl":"https:\/\/radioljubuski.ba\/wp-content\/uploads\/2022\/02\/unnamed-89.jpg","datePublished":"2022-02-07T10:49:36+00:00","dateModified":"2022-02-07T10:49:37+00:00","breadcrumb":{"@id":"https:\/\/radioljubuski.ba\/index.php\/2022\/02\/07\/trijumf-domace-elektronike-u-tvornici-kulture-dodijeljene-prve-nagrade-elector\/#breadcrumb"},"inLanguage":"hr","potentialAction":[{"@type":"ReadAction","target":["https:\/\/radioljubuski.ba\/index.php\/2022\/02\/07\/trijumf-domace-elektronike-u-tvornici-kulture-dodijeljene-prve-nagrade-elector\/"]}]},{"@type":"ImageObject","inLanguage":"hr","@id":"https:\/\/radioljubuski.ba\/index.php\/2022\/02\/07\/trijumf-domace-elektronike-u-tvornici-kulture-dodijeljene-prve-nagrade-elector\/#primaryimage","url":"https:\/\/radioljubuski.ba\/wp-content\/uploads\/2022\/02\/unnamed-89.jpg","contentUrl":"https:\/\/radioljubuski.ba\/wp-content\/uploads\/2022\/02\/unnamed-89.jpg","width":800,"height":533},{"@type":"BreadcrumbList","@id":"https:\/\/radioljubuski.ba\/index.php\/2022\/02\/07\/trijumf-domace-elektronike-u-tvornici-kulture-dodijeljene-prve-nagrade-elector\/#breadcrumb","itemListElement":[{"@type":"ListItem","position":1,"name":"Po\u010detna stranica","item":"https:\/\/radioljubuski.ba\/"},{"@type":"ListItem","position":2,"name":"Trijumf doma\u0107e elektronike u Tvornici kulture &#8211; Dodijeljene prve nagrade Elector!"}]},{"@type":"WebSite","@id":"https:\/\/radioljubuski.ba\/#website","url":"https:\/\/radioljubuski.ba\/","name":"Radio Ljubu\u0161ki","description":"Sun\u010dana frekvencija Hercegovine","publisher":{"@id":"https:\/\/radioljubuski.ba\/#organization"},"potentialAction":[{"@type":"SearchAction","target":{"@type":"EntryPoint","urlTemplate":"https:\/\/radioljubuski.ba\/?s={search_term_string}"},"query-input":{"@type":"PropertyValueSpecification","valueRequired":true,"valueName":"search_term_string"}}],"inLanguage":"hr"},{"@type":"Organization","@id":"https:\/\/radioljubuski.ba\/#organization","name":"Radio Ljubu\u0161ki","url":"https:\/\/radioljubuski.ba\/","logo":{"@type":"ImageObject","inLanguage":"hr","@id":"https:\/\/radioljubuski.ba\/#\/schema\/logo\/image\/","url":"https:\/\/radioljubuski.ba\/wp-content\/uploads\/2021\/02\/cropped-Radio_Ljubuski_logo1.jpg","contentUrl":"https:\/\/radioljubuski.ba\/wp-content\/uploads\/2021\/02\/cropped-Radio_Ljubuski_logo1.jpg","width":512,"height":512,"caption":"Radio Ljubu\u0161ki"},"image":{"@id":"https:\/\/radioljubuski.ba\/#\/schema\/logo\/image\/"},"sameAs":["https:\/\/www.facebook.com\/Radiio-Ljubuski-1490835324566332","https:\/\/x.com\/radioljubuski","https:\/\/hr.linkedin.com\/company\/radio-ljubuski","https:\/\/www.youtube.com\/channel\/UCHYaeO_n0Db3tjNGudGpXyw"]},{"@type":"Person","@id":"https:\/\/radioljubuski.ba\/#\/schema\/person\/19fc700381a780f69665d7956c469e3b","name":"Radio Ljubu\u0161ki"}]}},"_links":{"self":[{"href":"https:\/\/radioljubuski.ba\/index.php\/wp-json\/wp\/v2\/posts\/111588","targetHints":{"allow":["GET"]}}],"collection":[{"href":"https:\/\/radioljubuski.ba\/index.php\/wp-json\/wp\/v2\/posts"}],"about":[{"href":"https:\/\/radioljubuski.ba\/index.php\/wp-json\/wp\/v2\/types\/post"}],"author":[{"embeddable":true,"href":"https:\/\/radioljubuski.ba\/index.php\/wp-json\/wp\/v2\/users\/2"}],"replies":[{"embeddable":true,"href":"https:\/\/radioljubuski.ba\/index.php\/wp-json\/wp\/v2\/comments?post=111588"}],"version-history":[{"count":1,"href":"https:\/\/radioljubuski.ba\/index.php\/wp-json\/wp\/v2\/posts\/111588\/revisions"}],"predecessor-version":[{"id":111590,"href":"https:\/\/radioljubuski.ba\/index.php\/wp-json\/wp\/v2\/posts\/111588\/revisions\/111590"}],"wp:featuredmedia":[{"embeddable":true,"href":"https:\/\/radioljubuski.ba\/index.php\/wp-json\/wp\/v2\/media\/111589"}],"wp:attachment":[{"href":"https:\/\/radioljubuski.ba\/index.php\/wp-json\/wp\/v2\/media?parent=111588"}],"wp:term":[{"taxonomy":"category","embeddable":true,"href":"https:\/\/radioljubuski.ba\/index.php\/wp-json\/wp\/v2\/categories?post=111588"},{"taxonomy":"post_tag","embeddable":true,"href":"https:\/\/radioljubuski.ba\/index.php\/wp-json\/wp\/v2\/tags?post=111588"}],"curies":[{"name":"wp","href":"https:\/\/api.w.org\/{rel}","templated":true}]}}