{"id":111594,"date":"2022-02-07T11:52:58","date_gmt":"2022-02-07T10:52:58","guid":{"rendered":"https:\/\/radioljubuski.ba\/?p=111594"},"modified":"2022-02-07T11:52:59","modified_gmt":"2022-02-07T10:52:59","slug":"dodijeljene-rockoff-statue-bad-daughter-i-urban4-kuci-idu-s-najvise-nagrada","status":"publish","type":"post","link":"https:\/\/radioljubuski.ba\/index.php\/2022\/02\/07\/dodijeljene-rockoff-statue-bad-daughter-i-urban4-kuci-idu-s-najvise-nagrada\/","title":{"rendered":"Dodijeljene Rock&#038;Off statue, Bad Daughter i Urban&#038;4 ku\u0107i idu s najvi\u0161e nagrada!"},"content":{"rendered":"\n<p>\u010cetvrto izdanje <strong>nezavisne glazbene novinarske nagrade Rock&amp;Off<\/strong> u subotu je u Tvornici kulture okupilo najbolje glazbenike pro\u0161logodi\u0161nje doma\u0107e rock&amp;off scene, a dva izvo\u0111a\u010da ku\u0107i idu bogatija za \u010dak dvije nagrade!<\/p>\n\n\n\n<p>Stru\u010dni \u017eiri nagrade Rock&amp;Off odlu\u010dio je da je <strong>Album godine \u201cLet Me Panic\u201d<\/strong> izvrsne <strong>Bad Daughter<\/strong>, a <strong>Dunja Ercegovi\u0107<\/strong> slavila je i u kategoriji za <strong>Pop&amp;Off<\/strong> izvo\u0111a\u010da godine. <strong>Urban&amp;4<\/strong> osvojili su presti\u017enu titulu <strong>Pjesme godine<\/strong>zahvaljuju\u0107i <strong>singlu \u201cSama\u201d,<\/strong> a dobili su i statuu za <strong>Iskonovu nagradu publike<\/strong>.<\/p>\n\n\n\n<p><strong>Veliki prasak godine<\/strong> kategorija je koja ove godine ima i nov\u010danu nagradu, tako da je uz Rock&amp;Off kipi\u0107, sjajna <strong>Miiriam<\/strong> ku\u0107i oti\u0161la i s nagradom HDS ZAMP-a od 10 tisu\u0107a kuna.<\/p>\n\n\n\n<p><strong>Kensington Lima<\/strong> su <strong>Rock&amp;Off<\/strong>izvo\u0111a\u010d godine, <strong>Gr\u0161e<\/strong> je slavio u kategoriji <strong>Rap&amp;Off<\/strong>, dok je <strong>Toni Stare\u0161ini\u0107<\/strong> odnio pobjedu u <strong>Elektro&amp;Off<\/strong> kategoriji. <strong>Jazz&amp;Off<\/strong> ime godine je <strong>Matija Dedi\u0107<\/strong>, a ovogodi\u0161nja nagrada za <strong>\u017eivotno djelo Rock&amp;Off-a<\/strong> pripala je <strong>Milanu Manojlovi\u0107u Manceu<\/strong>.<\/p>\n\n\n\n<p><strong>Koncertni izvo\u0111a\u010d godine<\/strong> je grupa <strong>Jonathan<\/strong>, koja je odr\u017eala i koncert na kraju same dodjele nagrada u Tvornici kulture. Osim Jonathana, dodjelu nagrada Rock&amp;Off svojim su nastupima uveli\u010dali <strong>Doringo, ERIC, Gr\u0161e, Miiriam, Milo\u0161ev, Plastic Knives, The Gentleman, T\u00fas Nua, Urban&amp;4, pocket palma i \u0160iza!<\/strong><\/p>\n\n\n\n<p>Iako je pandemija koronavirusa zaustavila ideju o velikom tulumu, sjajne energije nije nedostajalo. Rock&amp;Off jo\u0161 je jednom potvrdio svoj status o kojem se pri\u010da jo\u0161 od prvog izdanja. Najlu\u0111i tulum u gradu ide dalje, a prije pete dodjele nezavisnih glazbenih novinarskih nagrada Rock&amp;Off sljede\u0107e godine, nagrada ponovno ide na ljetnu turneju s nominiranima iz kategorije Veliki prasak godine. Vi\u0161e detalja o svemu znat \u0107e se na vrijeme.<\/p>\n\n\n\n<p>Vi\u0161e o Rock&amp;Off nagradi saznajte na slu\u017ebenoj web stranici <a href=\"http:\/\/www.rockoff.hr\/\" target=\"_blank\" rel=\"noreferrer noopener\">www.rockoff.hr<\/a> ili na <a href=\"https:\/\/unison.us12.list-manage.com\/track\/click?u=310c55be4a5d5e894c698baf7&amp;id=7e901d62f6&amp;e=57be5b43b7\" target=\"_blank\" rel=\"noreferrer noopener\">Rock&amp;Off Facebook stranici!<\/a><\/p>\n\n\n\n<p>Pokreta\u010d nagrade je <strong>Hrvatsko dru\u0161tvo skladatelja<\/strong>, a koproducenti su <strong>Tvornica kulture<\/strong> i <strong>Unison<\/strong>, uz <strong>Iskon <\/strong>kao glavnog sponzora.<\/p>\n\n\n\n<p>Izvor:glazba.hr<\/p>\n","protected":false},"excerpt":{"rendered":"<p>\u010cetvrto izdanje nezavisne glazbene novinarske nagrade Rock&amp;Off u subotu je u Tvornici kulture okupilo najbolje glazbenike pro\u0161logodi\u0161nje doma\u0107e rock&amp;off scene, a dva izvo\u0111a\u010da ku\u0107i idu bogatija za \u010dak dvije nagrade! Stru\u010dni \u017eiri nagrade Rock&amp;Off odlu\u010dio je da je Album godine \u201cLet Me Panic\u201d izvrsne Bad Daughter, a Dunja Ercegovi\u0107 slavila je i u kategoriji za [&hellip;]<\/p>\n","protected":false},"author":2,"featured_media":111595,"comment_status":"closed","ping_status":"closed","sticky":false,"template":"","format":"standard","meta":{"h5ap_radio_sources":[],"footnotes":""},"categories":[1],"tags":[],"class_list":["post-111594","post","type-post","status-publish","format-standard","has-post-thumbnail","hentry","category-bihiregija"],"yoast_head":"<!-- This site is optimized with the Yoast SEO plugin v27.4 - https:\/\/yoast.com\/product\/yoast-seo-wordpress\/ -->\n<title>Dodijeljene Rock&amp;Off statue, Bad Daughter i Urban&amp;4 ku\u0107i idu s najvi\u0161e nagrada! - RADIO LJUBU\u0160KI<\/title>\n<meta name=\"robots\" content=\"index, follow, max-snippet:-1, max-image-preview:large, max-video-preview:-1\" \/>\n<link rel=\"canonical\" href=\"https:\/\/radioljubuski.ba\/index.php\/2022\/02\/07\/dodijeljene-rockoff-statue-bad-daughter-i-urban4-kuci-idu-s-najvise-nagrada\/\" \/>\n<meta property=\"og:locale\" content=\"hr_HR\" \/>\n<meta property=\"og:type\" content=\"article\" \/>\n<meta property=\"og:title\" content=\"Dodijeljene Rock&amp;Off statue, Bad Daughter i Urban&amp;4 ku\u0107i idu s najvi\u0161e nagrada! - RADIO LJUBU\u0160KI\" \/>\n<meta property=\"og:description\" content=\"\u010cetvrto izdanje nezavisne glazbene novinarske nagrade Rock&amp;Off u subotu je u Tvornici kulture okupilo najbolje glazbenike pro\u0161logodi\u0161nje doma\u0107e rock&amp;off scene, a dva izvo\u0111a\u010da ku\u0107i idu bogatija za \u010dak dvije nagrade! Stru\u010dni \u017eiri nagrade Rock&amp;Off odlu\u010dio je da je Album godine \u201cLet Me Panic\u201d izvrsne Bad Daughter, a Dunja Ercegovi\u0107 slavila je i u kategoriji za [&hellip;]\" \/>\n<meta property=\"og:url\" content=\"https:\/\/radioljubuski.ba\/index.php\/2022\/02\/07\/dodijeljene-rockoff-statue-bad-daughter-i-urban4-kuci-idu-s-najvise-nagrada\/\" \/>\n<meta property=\"og:site_name\" content=\"RADIO LJUBU\u0160KI\" \/>\n<meta property=\"article:publisher\" content=\"https:\/\/www.facebook.com\/Radiio-Ljubuski-1490835324566332\" \/>\n<meta property=\"article:published_time\" content=\"2022-02-07T10:52:58+00:00\" \/>\n<meta property=\"article:modified_time\" content=\"2022-02-07T10:52:59+00:00\" \/>\n<meta property=\"og:image\" content=\"https:\/\/radioljubuski.ba\/wp-content\/uploads\/2022\/02\/B9BA3B78-76DA-4367-A6D9-E3B838881CFB.png\" \/>\n\t<meta property=\"og:image:width\" content=\"800\" \/>\n\t<meta property=\"og:image:height\" content=\"533\" \/>\n\t<meta property=\"og:image:type\" content=\"image\/png\" \/>\n<meta name=\"author\" content=\"Radio Ljubu\u0161ki\" \/>\n<meta name=\"twitter:card\" content=\"summary_large_image\" \/>\n<meta name=\"twitter:creator\" content=\"@radioljubuski\" \/>\n<meta name=\"twitter:site\" content=\"@radioljubuski\" \/>\n<meta name=\"twitter:label1\" content=\"Napisao\/la\" \/>\n\t<meta name=\"twitter:data1\" content=\"Radio Ljubu\u0161ki\" \/>\n\t<meta name=\"twitter:label2\" content=\"Procijenjeno vrijeme \u010ditanja\" \/>\n\t<meta name=\"twitter:data2\" content=\"2 minute\" \/>\n<script type=\"application\/ld+json\" class=\"yoast-schema-graph\">{\"@context\":\"https:\\\/\\\/schema.org\",\"@graph\":[{\"@type\":\"Article\",\"@id\":\"https:\\\/\\\/radioljubuski.ba\\\/index.php\\\/2022\\\/02\\\/07\\\/dodijeljene-rockoff-statue-bad-daughter-i-urban4-kuci-idu-s-najvise-nagrada\\\/#article\",\"isPartOf\":{\"@id\":\"https:\\\/\\\/radioljubuski.ba\\\/index.php\\\/2022\\\/02\\\/07\\\/dodijeljene-rockoff-statue-bad-daughter-i-urban4-kuci-idu-s-najvise-nagrada\\\/\"},\"author\":{\"name\":\"Radio Ljubu\u0161ki\",\"@id\":\"https:\\\/\\\/radioljubuski.ba\\\/#\\\/schema\\\/person\\\/19fc700381a780f69665d7956c469e3b\"},\"headline\":\"Dodijeljene Rock&#038;Off statue, Bad Daughter i Urban&#038;4 ku\u0107i idu s najvi\u0161e nagrada!\",\"datePublished\":\"2022-02-07T10:52:58+00:00\",\"dateModified\":\"2022-02-07T10:52:59+00:00\",\"mainEntityOfPage\":{\"@id\":\"https:\\\/\\\/radioljubuski.ba\\\/index.php\\\/2022\\\/02\\\/07\\\/dodijeljene-rockoff-statue-bad-daughter-i-urban4-kuci-idu-s-najvise-nagrada\\\/\"},\"wordCount\":374,\"publisher\":{\"@id\":\"https:\\\/\\\/radioljubuski.ba\\\/#organization\"},\"image\":{\"@id\":\"https:\\\/\\\/radioljubuski.ba\\\/index.php\\\/2022\\\/02\\\/07\\\/dodijeljene-rockoff-statue-bad-daughter-i-urban4-kuci-idu-s-najvise-nagrada\\\/#primaryimage\"},\"thumbnailUrl\":\"https:\\\/\\\/radioljubuski.ba\\\/wp-content\\\/uploads\\\/2022\\\/02\\\/B9BA3B78-76DA-4367-A6D9-E3B838881CFB.png\",\"articleSection\":[\"BIH i regija\"],\"inLanguage\":\"hr\"},{\"@type\":\"WebPage\",\"@id\":\"https:\\\/\\\/radioljubuski.ba\\\/index.php\\\/2022\\\/02\\\/07\\\/dodijeljene-rockoff-statue-bad-daughter-i-urban4-kuci-idu-s-najvise-nagrada\\\/\",\"url\":\"https:\\\/\\\/radioljubuski.ba\\\/index.php\\\/2022\\\/02\\\/07\\\/dodijeljene-rockoff-statue-bad-daughter-i-urban4-kuci-idu-s-najvise-nagrada\\\/\",\"name\":\"Dodijeljene Rock&Off statue, Bad Daughter i Urban&4 ku\u0107i idu s najvi\u0161e nagrada! - RADIO LJUBU\u0160KI\",\"isPartOf\":{\"@id\":\"https:\\\/\\\/radioljubuski.ba\\\/#website\"},\"primaryImageOfPage\":{\"@id\":\"https:\\\/\\\/radioljubuski.ba\\\/index.php\\\/2022\\\/02\\\/07\\\/dodijeljene-rockoff-statue-bad-daughter-i-urban4-kuci-idu-s-najvise-nagrada\\\/#primaryimage\"},\"image\":{\"@id\":\"https:\\\/\\\/radioljubuski.ba\\\/index.php\\\/2022\\\/02\\\/07\\\/dodijeljene-rockoff-statue-bad-daughter-i-urban4-kuci-idu-s-najvise-nagrada\\\/#primaryimage\"},\"thumbnailUrl\":\"https:\\\/\\\/radioljubuski.ba\\\/wp-content\\\/uploads\\\/2022\\\/02\\\/B9BA3B78-76DA-4367-A6D9-E3B838881CFB.png\",\"datePublished\":\"2022-02-07T10:52:58+00:00\",\"dateModified\":\"2022-02-07T10:52:59+00:00\",\"breadcrumb\":{\"@id\":\"https:\\\/\\\/radioljubuski.ba\\\/index.php\\\/2022\\\/02\\\/07\\\/dodijeljene-rockoff-statue-bad-daughter-i-urban4-kuci-idu-s-najvise-nagrada\\\/#breadcrumb\"},\"inLanguage\":\"hr\",\"potentialAction\":[{\"@type\":\"ReadAction\",\"target\":[\"https:\\\/\\\/radioljubuski.ba\\\/index.php\\\/2022\\\/02\\\/07\\\/dodijeljene-rockoff-statue-bad-daughter-i-urban4-kuci-idu-s-najvise-nagrada\\\/\"]}]},{\"@type\":\"ImageObject\",\"inLanguage\":\"hr\",\"@id\":\"https:\\\/\\\/radioljubuski.ba\\\/index.php\\\/2022\\\/02\\\/07\\\/dodijeljene-rockoff-statue-bad-daughter-i-urban4-kuci-idu-s-najvise-nagrada\\\/#primaryimage\",\"url\":\"https:\\\/\\\/radioljubuski.ba\\\/wp-content\\\/uploads\\\/2022\\\/02\\\/B9BA3B78-76DA-4367-A6D9-E3B838881CFB.png\",\"contentUrl\":\"https:\\\/\\\/radioljubuski.ba\\\/wp-content\\\/uploads\\\/2022\\\/02\\\/B9BA3B78-76DA-4367-A6D9-E3B838881CFB.png\",\"width\":800,\"height\":533},{\"@type\":\"BreadcrumbList\",\"@id\":\"https:\\\/\\\/radioljubuski.ba\\\/index.php\\\/2022\\\/02\\\/07\\\/dodijeljene-rockoff-statue-bad-daughter-i-urban4-kuci-idu-s-najvise-nagrada\\\/#breadcrumb\",\"itemListElement\":[{\"@type\":\"ListItem\",\"position\":1,\"name\":\"Po\u010detna stranica\",\"item\":\"https:\\\/\\\/radioljubuski.ba\\\/\"},{\"@type\":\"ListItem\",\"position\":2,\"name\":\"Dodijeljene Rock&#038;Off statue, Bad Daughter i Urban&#038;4 ku\u0107i idu s najvi\u0161e nagrada!\"}]},{\"@type\":\"WebSite\",\"@id\":\"https:\\\/\\\/radioljubuski.ba\\\/#website\",\"url\":\"https:\\\/\\\/radioljubuski.ba\\\/\",\"name\":\"Radio Ljubu\u0161ki\",\"description\":\"Sun\u010dana frekvencija Hercegovine\",\"publisher\":{\"@id\":\"https:\\\/\\\/radioljubuski.ba\\\/#organization\"},\"potentialAction\":[{\"@type\":\"SearchAction\",\"target\":{\"@type\":\"EntryPoint\",\"urlTemplate\":\"https:\\\/\\\/radioljubuski.ba\\\/?s={search_term_string}\"},\"query-input\":{\"@type\":\"PropertyValueSpecification\",\"valueRequired\":true,\"valueName\":\"search_term_string\"}}],\"inLanguage\":\"hr\"},{\"@type\":\"Organization\",\"@id\":\"https:\\\/\\\/radioljubuski.ba\\\/#organization\",\"name\":\"Radio Ljubu\u0161ki\",\"url\":\"https:\\\/\\\/radioljubuski.ba\\\/\",\"logo\":{\"@type\":\"ImageObject\",\"inLanguage\":\"hr\",\"@id\":\"https:\\\/\\\/radioljubuski.ba\\\/#\\\/schema\\\/logo\\\/image\\\/\",\"url\":\"https:\\\/\\\/radioljubuski.ba\\\/wp-content\\\/uploads\\\/2021\\\/02\\\/cropped-Radio_Ljubuski_logo1.jpg\",\"contentUrl\":\"https:\\\/\\\/radioljubuski.ba\\\/wp-content\\\/uploads\\\/2021\\\/02\\\/cropped-Radio_Ljubuski_logo1.jpg\",\"width\":512,\"height\":512,\"caption\":\"Radio Ljubu\u0161ki\"},\"image\":{\"@id\":\"https:\\\/\\\/radioljubuski.ba\\\/#\\\/schema\\\/logo\\\/image\\\/\"},\"sameAs\":[\"https:\\\/\\\/www.facebook.com\\\/Radiio-Ljubuski-1490835324566332\",\"https:\\\/\\\/x.com\\\/radioljubuski\",\"https:\\\/\\\/hr.linkedin.com\\\/company\\\/radio-ljubuski\",\"https:\\\/\\\/www.youtube.com\\\/channel\\\/UCHYaeO_n0Db3tjNGudGpXyw\"]},{\"@type\":\"Person\",\"@id\":\"https:\\\/\\\/radioljubuski.ba\\\/#\\\/schema\\\/person\\\/19fc700381a780f69665d7956c469e3b\",\"name\":\"Radio Ljubu\u0161ki\"}]}<\/script>\n<!-- \/ Yoast SEO plugin. -->","yoast_head_json":{"title":"Dodijeljene Rock&Off statue, Bad Daughter i Urban&4 ku\u0107i idu s najvi\u0161e nagrada! - RADIO LJUBU\u0160KI","robots":{"index":"index","follow":"follow","max-snippet":"max-snippet:-1","max-image-preview":"max-image-preview:large","max-video-preview":"max-video-preview:-1"},"canonical":"https:\/\/radioljubuski.ba\/index.php\/2022\/02\/07\/dodijeljene-rockoff-statue-bad-daughter-i-urban4-kuci-idu-s-najvise-nagrada\/","og_locale":"hr_HR","og_type":"article","og_title":"Dodijeljene Rock&Off statue, Bad Daughter i Urban&4 ku\u0107i idu s najvi\u0161e nagrada! - RADIO LJUBU\u0160KI","og_description":"\u010cetvrto izdanje nezavisne glazbene novinarske nagrade Rock&amp;Off u subotu je u Tvornici kulture okupilo najbolje glazbenike pro\u0161logodi\u0161nje doma\u0107e rock&amp;off scene, a dva izvo\u0111a\u010da ku\u0107i idu bogatija za \u010dak dvije nagrade! Stru\u010dni \u017eiri nagrade Rock&amp;Off odlu\u010dio je da je Album godine \u201cLet Me Panic\u201d izvrsne Bad Daughter, a Dunja Ercegovi\u0107 slavila je i u kategoriji za [&hellip;]","og_url":"https:\/\/radioljubuski.ba\/index.php\/2022\/02\/07\/dodijeljene-rockoff-statue-bad-daughter-i-urban4-kuci-idu-s-najvise-nagrada\/","og_site_name":"RADIO LJUBU\u0160KI","article_publisher":"https:\/\/www.facebook.com\/Radiio-Ljubuski-1490835324566332","article_published_time":"2022-02-07T10:52:58+00:00","article_modified_time":"2022-02-07T10:52:59+00:00","og_image":[{"width":800,"height":533,"url":"https:\/\/radioljubuski.ba\/wp-content\/uploads\/2022\/02\/B9BA3B78-76DA-4367-A6D9-E3B838881CFB.png","type":"image\/png"}],"author":"Radio Ljubu\u0161ki","twitter_card":"summary_large_image","twitter_creator":"@radioljubuski","twitter_site":"@radioljubuski","twitter_misc":{"Napisao\/la":"Radio Ljubu\u0161ki","Procijenjeno vrijeme \u010ditanja":"2 minute"},"schema":{"@context":"https:\/\/schema.org","@graph":[{"@type":"Article","@id":"https:\/\/radioljubuski.ba\/index.php\/2022\/02\/07\/dodijeljene-rockoff-statue-bad-daughter-i-urban4-kuci-idu-s-najvise-nagrada\/#article","isPartOf":{"@id":"https:\/\/radioljubuski.ba\/index.php\/2022\/02\/07\/dodijeljene-rockoff-statue-bad-daughter-i-urban4-kuci-idu-s-najvise-nagrada\/"},"author":{"name":"Radio Ljubu\u0161ki","@id":"https:\/\/radioljubuski.ba\/#\/schema\/person\/19fc700381a780f69665d7956c469e3b"},"headline":"Dodijeljene Rock&#038;Off statue, Bad Daughter i Urban&#038;4 ku\u0107i idu s najvi\u0161e nagrada!","datePublished":"2022-02-07T10:52:58+00:00","dateModified":"2022-02-07T10:52:59+00:00","mainEntityOfPage":{"@id":"https:\/\/radioljubuski.ba\/index.php\/2022\/02\/07\/dodijeljene-rockoff-statue-bad-daughter-i-urban4-kuci-idu-s-najvise-nagrada\/"},"wordCount":374,"publisher":{"@id":"https:\/\/radioljubuski.ba\/#organization"},"image":{"@id":"https:\/\/radioljubuski.ba\/index.php\/2022\/02\/07\/dodijeljene-rockoff-statue-bad-daughter-i-urban4-kuci-idu-s-najvise-nagrada\/#primaryimage"},"thumbnailUrl":"https:\/\/radioljubuski.ba\/wp-content\/uploads\/2022\/02\/B9BA3B78-76DA-4367-A6D9-E3B838881CFB.png","articleSection":["BIH i regija"],"inLanguage":"hr"},{"@type":"WebPage","@id":"https:\/\/radioljubuski.ba\/index.php\/2022\/02\/07\/dodijeljene-rockoff-statue-bad-daughter-i-urban4-kuci-idu-s-najvise-nagrada\/","url":"https:\/\/radioljubuski.ba\/index.php\/2022\/02\/07\/dodijeljene-rockoff-statue-bad-daughter-i-urban4-kuci-idu-s-najvise-nagrada\/","name":"Dodijeljene Rock&Off statue, Bad Daughter i Urban&4 ku\u0107i idu s najvi\u0161e nagrada! - RADIO LJUBU\u0160KI","isPartOf":{"@id":"https:\/\/radioljubuski.ba\/#website"},"primaryImageOfPage":{"@id":"https:\/\/radioljubuski.ba\/index.php\/2022\/02\/07\/dodijeljene-rockoff-statue-bad-daughter-i-urban4-kuci-idu-s-najvise-nagrada\/#primaryimage"},"image":{"@id":"https:\/\/radioljubuski.ba\/index.php\/2022\/02\/07\/dodijeljene-rockoff-statue-bad-daughter-i-urban4-kuci-idu-s-najvise-nagrada\/#primaryimage"},"thumbnailUrl":"https:\/\/radioljubuski.ba\/wp-content\/uploads\/2022\/02\/B9BA3B78-76DA-4367-A6D9-E3B838881CFB.png","datePublished":"2022-02-07T10:52:58+00:00","dateModified":"2022-02-07T10:52:59+00:00","breadcrumb":{"@id":"https:\/\/radioljubuski.ba\/index.php\/2022\/02\/07\/dodijeljene-rockoff-statue-bad-daughter-i-urban4-kuci-idu-s-najvise-nagrada\/#breadcrumb"},"inLanguage":"hr","potentialAction":[{"@type":"ReadAction","target":["https:\/\/radioljubuski.ba\/index.php\/2022\/02\/07\/dodijeljene-rockoff-statue-bad-daughter-i-urban4-kuci-idu-s-najvise-nagrada\/"]}]},{"@type":"ImageObject","inLanguage":"hr","@id":"https:\/\/radioljubuski.ba\/index.php\/2022\/02\/07\/dodijeljene-rockoff-statue-bad-daughter-i-urban4-kuci-idu-s-najvise-nagrada\/#primaryimage","url":"https:\/\/radioljubuski.ba\/wp-content\/uploads\/2022\/02\/B9BA3B78-76DA-4367-A6D9-E3B838881CFB.png","contentUrl":"https:\/\/radioljubuski.ba\/wp-content\/uploads\/2022\/02\/B9BA3B78-76DA-4367-A6D9-E3B838881CFB.png","width":800,"height":533},{"@type":"BreadcrumbList","@id":"https:\/\/radioljubuski.ba\/index.php\/2022\/02\/07\/dodijeljene-rockoff-statue-bad-daughter-i-urban4-kuci-idu-s-najvise-nagrada\/#breadcrumb","itemListElement":[{"@type":"ListItem","position":1,"name":"Po\u010detna stranica","item":"https:\/\/radioljubuski.ba\/"},{"@type":"ListItem","position":2,"name":"Dodijeljene Rock&#038;Off statue, Bad Daughter i Urban&#038;4 ku\u0107i idu s najvi\u0161e nagrada!"}]},{"@type":"WebSite","@id":"https:\/\/radioljubuski.ba\/#website","url":"https:\/\/radioljubuski.ba\/","name":"Radio Ljubu\u0161ki","description":"Sun\u010dana frekvencija Hercegovine","publisher":{"@id":"https:\/\/radioljubuski.ba\/#organization"},"potentialAction":[{"@type":"SearchAction","target":{"@type":"EntryPoint","urlTemplate":"https:\/\/radioljubuski.ba\/?s={search_term_string}"},"query-input":{"@type":"PropertyValueSpecification","valueRequired":true,"valueName":"search_term_string"}}],"inLanguage":"hr"},{"@type":"Organization","@id":"https:\/\/radioljubuski.ba\/#organization","name":"Radio Ljubu\u0161ki","url":"https:\/\/radioljubuski.ba\/","logo":{"@type":"ImageObject","inLanguage":"hr","@id":"https:\/\/radioljubuski.ba\/#\/schema\/logo\/image\/","url":"https:\/\/radioljubuski.ba\/wp-content\/uploads\/2021\/02\/cropped-Radio_Ljubuski_logo1.jpg","contentUrl":"https:\/\/radioljubuski.ba\/wp-content\/uploads\/2021\/02\/cropped-Radio_Ljubuski_logo1.jpg","width":512,"height":512,"caption":"Radio Ljubu\u0161ki"},"image":{"@id":"https:\/\/radioljubuski.ba\/#\/schema\/logo\/image\/"},"sameAs":["https:\/\/www.facebook.com\/Radiio-Ljubuski-1490835324566332","https:\/\/x.com\/radioljubuski","https:\/\/hr.linkedin.com\/company\/radio-ljubuski","https:\/\/www.youtube.com\/channel\/UCHYaeO_n0Db3tjNGudGpXyw"]},{"@type":"Person","@id":"https:\/\/radioljubuski.ba\/#\/schema\/person\/19fc700381a780f69665d7956c469e3b","name":"Radio Ljubu\u0161ki"}]}},"_links":{"self":[{"href":"https:\/\/radioljubuski.ba\/index.php\/wp-json\/wp\/v2\/posts\/111594","targetHints":{"allow":["GET"]}}],"collection":[{"href":"https:\/\/radioljubuski.ba\/index.php\/wp-json\/wp\/v2\/posts"}],"about":[{"href":"https:\/\/radioljubuski.ba\/index.php\/wp-json\/wp\/v2\/types\/post"}],"author":[{"embeddable":true,"href":"https:\/\/radioljubuski.ba\/index.php\/wp-json\/wp\/v2\/users\/2"}],"replies":[{"embeddable":true,"href":"https:\/\/radioljubuski.ba\/index.php\/wp-json\/wp\/v2\/comments?post=111594"}],"version-history":[{"count":1,"href":"https:\/\/radioljubuski.ba\/index.php\/wp-json\/wp\/v2\/posts\/111594\/revisions"}],"predecessor-version":[{"id":111596,"href":"https:\/\/radioljubuski.ba\/index.php\/wp-json\/wp\/v2\/posts\/111594\/revisions\/111596"}],"wp:featuredmedia":[{"embeddable":true,"href":"https:\/\/radioljubuski.ba\/index.php\/wp-json\/wp\/v2\/media\/111595"}],"wp:attachment":[{"href":"https:\/\/radioljubuski.ba\/index.php\/wp-json\/wp\/v2\/media?parent=111594"}],"wp:term":[{"taxonomy":"category","embeddable":true,"href":"https:\/\/radioljubuski.ba\/index.php\/wp-json\/wp\/v2\/categories?post=111594"},{"taxonomy":"post_tag","embeddable":true,"href":"https:\/\/radioljubuski.ba\/index.php\/wp-json\/wp\/v2\/tags?post=111594"}],"curies":[{"name":"wp","href":"https:\/\/api.w.org\/{rel}","templated":true}]}}