{"id":111597,"date":"2022-02-07T11:55:18","date_gmt":"2022-02-07T10:55:18","guid":{"rendered":"https:\/\/radioljubuski.ba\/?p=111597"},"modified":"2022-02-07T11:55:19","modified_gmt":"2022-02-07T10:55:19","slug":"in-memoriam-marko-brecelj-buldozer-koji-je-raskrcio-prolaz-glazbenim-slobodama","status":"publish","type":"post","link":"https:\/\/radioljubuski.ba\/index.php\/2022\/02\/07\/in-memoriam-marko-brecelj-buldozer-koji-je-raskrcio-prolaz-glazbenim-slobodama\/","title":{"rendered":"In memoriam &#8211; Marko Brecelj: buldo\u017eer koji je raskr\u010dio prolaz glazbenim slobodama"},"content":{"rendered":"\n<p>Vjerojatno sad Marko Brecelj u\u017eiva negdje pjevaju\u0107i pjesmu bra\u010dnog para Hulji\u0107 \u201cDvaput san umra\u201d. Pro\u0161log ljeta strelovito se pro\u0161irila vijest da je kantautor koji je klju\u010dno utjecao na razvoj regionalne rock-scene preminuo. Bila je la\u017ena. Ponovni poku\u0161aj je ipak uspio.<\/p>\n\n\n\n<p>Pi\u0161e:Bojan Mu\u0161\u0107et<\/p>\n\n\n\n<p><strong>Marko Brecelj je i drugi put umra. Ovog puta zaista.<\/strong><\/p>\n\n\n\n<p>Totalno neobuzdan i subverzivan, sredinom sedamdesetih sasvim je prodrmao regionalnu rock-scenu s tri kultna albuma i jednim <em>soundtrackom<\/em>. Posrijedi je solisti\u010dki mu <em>Cocktail<\/em> te radovi iz prve polovice djelovanja Buldo\u017eera \u2013 <em>Pljuni istini u o\u010di<\/em>, <em>Zabranjeno plakatirati<\/em> i <em>soundtrack<\/em> filma <em>\u017divi bili pa vidjeli<\/em> objavljen na mini LP-ju.<\/p>\n\n\n\n<p><em>Cocktail<\/em> je zanimljiva je i neo\u010dekivana mje\u0161avina big band orkestracije\/swing jazza, akusti\u010dnog folk bluesa i \u0161lagera potaknuta kabaretskim humorom u kojem trola sve \u010dega se sjeti. Na ve\u0107ini pjesama prati ga Plesni jazz orkestar RTV Ljubljana pod ravnanjem renomiranoga skladatelja filmske glazbe Bojana Adami\u010da. Ne\u0161to kao kombinacija ranog Toma Waitsa i orkestra Ennieja Morriconea. Za tako avangardan album Brecelj je pokupio omladinsku nagradu Sedam sekretara SKOJ-a koju mu je uru\u010dio Arsen Dedi\u0107.<\/p>\n\n\n\n<p>Tek \u0161to mu je objavljen taj album, Brecelj se priklju\u010dio grupi Sedam svetlobnih let i tako je nastao Buldo\u017eer. Prvi album <em>Pljuni istini u o\u010di<\/em> je bio pljuska glazbenom <em>establishmentu<\/em>, na njemu je Buldo\u017eer izvrgnuo ruglu svega \u010dega se dohvatio na iznimno zabavan na\u010din. Dok je istovremeno Bijelo dugme pomelo sve pred sobom, Buldo\u017eer se nametnuo kao alternativa koja je ukazivala da je mogu\u0107e imati druk\u010diji glazbeni i stihovni izraz.<\/p>\n\n\n\n<p>Rezultat? <strong>Punk je u Jugoslaviji nastao kao negativna reakcija na Bijelo dugme i pozitivna na Buldo\u017eer.<\/strong> Album <em>Pljuni istini u o\u010di<\/em> bila je klju\u010dna inspiracija za <strong>Pankrte, Parafe, Termite<\/strong> i druge rane punk-bandove koji su izmijenili rock-krvotok regije.<\/p>\n\n\n\n<p>Zanimljivo je da je taj album objavila diskografska ku\u0107a Drage Dikli\u0107a Alta koja u svom portfelju od rock-glazbe ima samo jo\u0161 drugi album grupe Time.<\/p>\n\n\n\n<p>Drugi album <em>Zabranjeno plakatirati<\/em> izazvao je dodatne kontroverze: diskografska ku\u0107a PGP RTB koja je distribuirala prvijenac odlu\u010dila je objaviti taj album ali je nalo\u017eila bandu da promijeni svoje \u2018pornografske i narkomanske tekstove\u2019. Na primjer<strong>, rije\u010d nirvana trebali su promijeniti u kafana<\/strong>. Band nije pristao na to i album je nakon godine dana objavljen za Helidon.<\/p>\n\n\n\n<p>Za glazbu u filmu Milivoja Puhlovskog i Ljube Gamulina <em>\u017divi bili pa vidjeli<\/em> Buldo\u017eeri su dobili Zlatnu arenu za filmsku glazbu. Sumanuta izvedba pjesme \u201cNovo vrijeme\u201d snimljena u zagreba\u010dkom Lapu koja se pojavljuje u filmu na najmo\u0107niji na\u010din odra\u017eava silovitost i subverzivnost s univerzalnom porukom: <strong>\u2018Novo vrijeme, staro sranje\u2019.<\/strong> O glazbi u filmu govorio sam na tribini u zagreba\u010dkom MSU-u godinu dana prije fiktivne Breceljeve smrti (koji je napisao tekstove za mini LP sa <em>soundtrackom<\/em>) i naglasio kako je Buldo\u017eer razorio negda\u0161nji i stvorio aktualni <em>mainstream<\/em> u kome u\u017eiva zaslu\u017eeni respekt.<\/p>\n\n\n\n<p>Vjerojatno je to i zasmetalo Brecelju koji je napustio band ostaviv\u0161i za sobom tek ranije verzije pjesama \u201cJeftini slatki\u0161i\u201d i \u201cNovo vrijeme\u201d koji su se pojavili na sljede\u0107em albumu banda <em>Izlog jeftinih slatki\u0161a<\/em>.<\/p>\n\n\n\n<p>Brecelj je odjezdio u druge projekte, snimio jo\u0161 dva albuma i jedan DVD, vodio omladinski kulturni centar u Kopru i ciljano izazivao sablazan i(li) provale smijeha gdje god bi se pojavio. Tako je svojedobno Sa\u0161a Lo\u0161i\u0107 priznao da mu je upravo Brecelj bio idol i kad ga je vidio negdje u Ljubljani kako jede burek, po\u017eelio ga je upoznati. Pri\u0161ao mu je i sa strahopo\u0161tovanjem rekao da je on pop-glazbenik Sa\u0161a Lo\u0161i\u0107 kome je upravo Brecelj promijenio \u017eivot ukazav\u0161i kako se slobodno mogu pisati pjesme i \u017eelio bi mu re\u0107i koliko mu zna\u010di njegovo stvarala\u0161tvo.<\/p>\n\n\n\n<p>Brecelj je zagrizao komad bureka i jednostavno mu odgovorio:<strong> \u2018Ma mr\u0161 u pizdu materinu!\u2019<\/strong><\/p>\n\n\n\n<p>Izvor:glazba.hr<\/p>\n","protected":false},"excerpt":{"rendered":"<p>Vjerojatno sad Marko Brecelj u\u017eiva negdje pjevaju\u0107i pjesmu bra\u010dnog para Hulji\u0107 \u201cDvaput san umra\u201d. Pro\u0161log ljeta strelovito se pro\u0161irila vijest da je kantautor koji je klju\u010dno utjecao na razvoj regionalne rock-scene preminuo. Bila je la\u017ena. Ponovni poku\u0161aj je ipak uspio. Pi\u0161e:Bojan Mu\u0161\u0107et Marko Brecelj je i drugi put umra. Ovog puta zaista. Totalno neobuzdan i [&hellip;]<\/p>\n","protected":false},"author":2,"featured_media":111598,"comment_status":"closed","ping_status":"closed","sticky":false,"template":"","format":"standard","meta":{"h5ap_radio_sources":[],"footnotes":""},"categories":[1],"tags":[],"class_list":["post-111597","post","type-post","status-publish","format-standard","has-post-thumbnail","hentry","category-bihiregija"],"yoast_head":"<!-- This site is optimized with the Yoast SEO plugin v27.4 - https:\/\/yoast.com\/product\/yoast-seo-wordpress\/ -->\n<title>In memoriam - Marko Brecelj: buldo\u017eer koji je raskr\u010dio prolaz glazbenim slobodama - RADIO LJUBU\u0160KI<\/title>\n<meta name=\"robots\" content=\"index, follow, max-snippet:-1, max-image-preview:large, max-video-preview:-1\" \/>\n<link rel=\"canonical\" href=\"https:\/\/radioljubuski.ba\/index.php\/2022\/02\/07\/in-memoriam-marko-brecelj-buldozer-koji-je-raskrcio-prolaz-glazbenim-slobodama\/\" \/>\n<meta property=\"og:locale\" content=\"hr_HR\" \/>\n<meta property=\"og:type\" content=\"article\" \/>\n<meta property=\"og:title\" content=\"In memoriam - Marko Brecelj: buldo\u017eer koji je raskr\u010dio prolaz glazbenim slobodama - RADIO LJUBU\u0160KI\" \/>\n<meta property=\"og:description\" content=\"Vjerojatno sad Marko Brecelj u\u017eiva negdje pjevaju\u0107i pjesmu bra\u010dnog para Hulji\u0107 \u201cDvaput san umra\u201d. Pro\u0161log ljeta strelovito se pro\u0161irila vijest da je kantautor koji je klju\u010dno utjecao na razvoj regionalne rock-scene preminuo. Bila je la\u017ena. Ponovni poku\u0161aj je ipak uspio. Pi\u0161e:Bojan Mu\u0161\u0107et Marko Brecelj je i drugi put umra. Ovog puta zaista. Totalno neobuzdan i [&hellip;]\" \/>\n<meta property=\"og:url\" content=\"https:\/\/radioljubuski.ba\/index.php\/2022\/02\/07\/in-memoriam-marko-brecelj-buldozer-koji-je-raskrcio-prolaz-glazbenim-slobodama\/\" \/>\n<meta property=\"og:site_name\" content=\"RADIO LJUBU\u0160KI\" \/>\n<meta property=\"article:publisher\" content=\"https:\/\/www.facebook.com\/Radiio-Ljubuski-1490835324566332\" \/>\n<meta property=\"article:published_time\" content=\"2022-02-07T10:55:18+00:00\" \/>\n<meta property=\"article:modified_time\" content=\"2022-02-07T10:55:19+00:00\" \/>\n<meta property=\"og:image\" content=\"https:\/\/radioljubuski.ba\/wp-content\/uploads\/2022\/02\/marko-brecelj-830x553-1.jpg\" \/>\n\t<meta property=\"og:image:width\" content=\"830\" \/>\n\t<meta property=\"og:image:height\" content=\"553\" \/>\n\t<meta property=\"og:image:type\" content=\"image\/jpeg\" \/>\n<meta name=\"author\" content=\"Radio Ljubu\u0161ki\" \/>\n<meta name=\"twitter:card\" content=\"summary_large_image\" \/>\n<meta name=\"twitter:creator\" content=\"@radioljubuski\" \/>\n<meta name=\"twitter:site\" content=\"@radioljubuski\" \/>\n<meta name=\"twitter:label1\" content=\"Napisao\/la\" \/>\n\t<meta name=\"twitter:data1\" content=\"Radio Ljubu\u0161ki\" \/>\n\t<meta name=\"twitter:label2\" content=\"Procijenjeno vrijeme \u010ditanja\" \/>\n\t<meta name=\"twitter:data2\" content=\"3 minute\" \/>\n<script type=\"application\/ld+json\" class=\"yoast-schema-graph\">{\"@context\":\"https:\\\/\\\/schema.org\",\"@graph\":[{\"@type\":\"Article\",\"@id\":\"https:\\\/\\\/radioljubuski.ba\\\/index.php\\\/2022\\\/02\\\/07\\\/in-memoriam-marko-brecelj-buldozer-koji-je-raskrcio-prolaz-glazbenim-slobodama\\\/#article\",\"isPartOf\":{\"@id\":\"https:\\\/\\\/radioljubuski.ba\\\/index.php\\\/2022\\\/02\\\/07\\\/in-memoriam-marko-brecelj-buldozer-koji-je-raskrcio-prolaz-glazbenim-slobodama\\\/\"},\"author\":{\"name\":\"Radio Ljubu\u0161ki\",\"@id\":\"https:\\\/\\\/radioljubuski.ba\\\/#\\\/schema\\\/person\\\/19fc700381a780f69665d7956c469e3b\"},\"headline\":\"In memoriam &#8211; Marko Brecelj: buldo\u017eer koji je raskr\u010dio prolaz glazbenim slobodama\",\"datePublished\":\"2022-02-07T10:55:18+00:00\",\"dateModified\":\"2022-02-07T10:55:19+00:00\",\"mainEntityOfPage\":{\"@id\":\"https:\\\/\\\/radioljubuski.ba\\\/index.php\\\/2022\\\/02\\\/07\\\/in-memoriam-marko-brecelj-buldozer-koji-je-raskrcio-prolaz-glazbenim-slobodama\\\/\"},\"wordCount\":673,\"publisher\":{\"@id\":\"https:\\\/\\\/radioljubuski.ba\\\/#organization\"},\"image\":{\"@id\":\"https:\\\/\\\/radioljubuski.ba\\\/index.php\\\/2022\\\/02\\\/07\\\/in-memoriam-marko-brecelj-buldozer-koji-je-raskrcio-prolaz-glazbenim-slobodama\\\/#primaryimage\"},\"thumbnailUrl\":\"https:\\\/\\\/radioljubuski.ba\\\/wp-content\\\/uploads\\\/2022\\\/02\\\/marko-brecelj-830x553-1.jpg\",\"articleSection\":[\"BIH i regija\"],\"inLanguage\":\"hr\"},{\"@type\":\"WebPage\",\"@id\":\"https:\\\/\\\/radioljubuski.ba\\\/index.php\\\/2022\\\/02\\\/07\\\/in-memoriam-marko-brecelj-buldozer-koji-je-raskrcio-prolaz-glazbenim-slobodama\\\/\",\"url\":\"https:\\\/\\\/radioljubuski.ba\\\/index.php\\\/2022\\\/02\\\/07\\\/in-memoriam-marko-brecelj-buldozer-koji-je-raskrcio-prolaz-glazbenim-slobodama\\\/\",\"name\":\"In memoriam - Marko Brecelj: buldo\u017eer koji je raskr\u010dio prolaz glazbenim slobodama - RADIO LJUBU\u0160KI\",\"isPartOf\":{\"@id\":\"https:\\\/\\\/radioljubuski.ba\\\/#website\"},\"primaryImageOfPage\":{\"@id\":\"https:\\\/\\\/radioljubuski.ba\\\/index.php\\\/2022\\\/02\\\/07\\\/in-memoriam-marko-brecelj-buldozer-koji-je-raskrcio-prolaz-glazbenim-slobodama\\\/#primaryimage\"},\"image\":{\"@id\":\"https:\\\/\\\/radioljubuski.ba\\\/index.php\\\/2022\\\/02\\\/07\\\/in-memoriam-marko-brecelj-buldozer-koji-je-raskrcio-prolaz-glazbenim-slobodama\\\/#primaryimage\"},\"thumbnailUrl\":\"https:\\\/\\\/radioljubuski.ba\\\/wp-content\\\/uploads\\\/2022\\\/02\\\/marko-brecelj-830x553-1.jpg\",\"datePublished\":\"2022-02-07T10:55:18+00:00\",\"dateModified\":\"2022-02-07T10:55:19+00:00\",\"breadcrumb\":{\"@id\":\"https:\\\/\\\/radioljubuski.ba\\\/index.php\\\/2022\\\/02\\\/07\\\/in-memoriam-marko-brecelj-buldozer-koji-je-raskrcio-prolaz-glazbenim-slobodama\\\/#breadcrumb\"},\"inLanguage\":\"hr\",\"potentialAction\":[{\"@type\":\"ReadAction\",\"target\":[\"https:\\\/\\\/radioljubuski.ba\\\/index.php\\\/2022\\\/02\\\/07\\\/in-memoriam-marko-brecelj-buldozer-koji-je-raskrcio-prolaz-glazbenim-slobodama\\\/\"]}]},{\"@type\":\"ImageObject\",\"inLanguage\":\"hr\",\"@id\":\"https:\\\/\\\/radioljubuski.ba\\\/index.php\\\/2022\\\/02\\\/07\\\/in-memoriam-marko-brecelj-buldozer-koji-je-raskrcio-prolaz-glazbenim-slobodama\\\/#primaryimage\",\"url\":\"https:\\\/\\\/radioljubuski.ba\\\/wp-content\\\/uploads\\\/2022\\\/02\\\/marko-brecelj-830x553-1.jpg\",\"contentUrl\":\"https:\\\/\\\/radioljubuski.ba\\\/wp-content\\\/uploads\\\/2022\\\/02\\\/marko-brecelj-830x553-1.jpg\",\"width\":830,\"height\":553},{\"@type\":\"BreadcrumbList\",\"@id\":\"https:\\\/\\\/radioljubuski.ba\\\/index.php\\\/2022\\\/02\\\/07\\\/in-memoriam-marko-brecelj-buldozer-koji-je-raskrcio-prolaz-glazbenim-slobodama\\\/#breadcrumb\",\"itemListElement\":[{\"@type\":\"ListItem\",\"position\":1,\"name\":\"Po\u010detna stranica\",\"item\":\"https:\\\/\\\/radioljubuski.ba\\\/\"},{\"@type\":\"ListItem\",\"position\":2,\"name\":\"In memoriam &#8211; Marko Brecelj: buldo\u017eer koji je raskr\u010dio prolaz glazbenim slobodama\"}]},{\"@type\":\"WebSite\",\"@id\":\"https:\\\/\\\/radioljubuski.ba\\\/#website\",\"url\":\"https:\\\/\\\/radioljubuski.ba\\\/\",\"name\":\"Radio Ljubu\u0161ki\",\"description\":\"Sun\u010dana frekvencija Hercegovine\",\"publisher\":{\"@id\":\"https:\\\/\\\/radioljubuski.ba\\\/#organization\"},\"potentialAction\":[{\"@type\":\"SearchAction\",\"target\":{\"@type\":\"EntryPoint\",\"urlTemplate\":\"https:\\\/\\\/radioljubuski.ba\\\/?s={search_term_string}\"},\"query-input\":{\"@type\":\"PropertyValueSpecification\",\"valueRequired\":true,\"valueName\":\"search_term_string\"}}],\"inLanguage\":\"hr\"},{\"@type\":\"Organization\",\"@id\":\"https:\\\/\\\/radioljubuski.ba\\\/#organization\",\"name\":\"Radio Ljubu\u0161ki\",\"url\":\"https:\\\/\\\/radioljubuski.ba\\\/\",\"logo\":{\"@type\":\"ImageObject\",\"inLanguage\":\"hr\",\"@id\":\"https:\\\/\\\/radioljubuski.ba\\\/#\\\/schema\\\/logo\\\/image\\\/\",\"url\":\"https:\\\/\\\/radioljubuski.ba\\\/wp-content\\\/uploads\\\/2021\\\/02\\\/cropped-Radio_Ljubuski_logo1.jpg\",\"contentUrl\":\"https:\\\/\\\/radioljubuski.ba\\\/wp-content\\\/uploads\\\/2021\\\/02\\\/cropped-Radio_Ljubuski_logo1.jpg\",\"width\":512,\"height\":512,\"caption\":\"Radio Ljubu\u0161ki\"},\"image\":{\"@id\":\"https:\\\/\\\/radioljubuski.ba\\\/#\\\/schema\\\/logo\\\/image\\\/\"},\"sameAs\":[\"https:\\\/\\\/www.facebook.com\\\/Radiio-Ljubuski-1490835324566332\",\"https:\\\/\\\/x.com\\\/radioljubuski\",\"https:\\\/\\\/hr.linkedin.com\\\/company\\\/radio-ljubuski\",\"https:\\\/\\\/www.youtube.com\\\/channel\\\/UCHYaeO_n0Db3tjNGudGpXyw\"]},{\"@type\":\"Person\",\"@id\":\"https:\\\/\\\/radioljubuski.ba\\\/#\\\/schema\\\/person\\\/19fc700381a780f69665d7956c469e3b\",\"name\":\"Radio Ljubu\u0161ki\"}]}<\/script>\n<!-- \/ Yoast SEO plugin. -->","yoast_head_json":{"title":"In memoriam - Marko Brecelj: buldo\u017eer koji je raskr\u010dio prolaz glazbenim slobodama - RADIO LJUBU\u0160KI","robots":{"index":"index","follow":"follow","max-snippet":"max-snippet:-1","max-image-preview":"max-image-preview:large","max-video-preview":"max-video-preview:-1"},"canonical":"https:\/\/radioljubuski.ba\/index.php\/2022\/02\/07\/in-memoriam-marko-brecelj-buldozer-koji-je-raskrcio-prolaz-glazbenim-slobodama\/","og_locale":"hr_HR","og_type":"article","og_title":"In memoriam - Marko Brecelj: buldo\u017eer koji je raskr\u010dio prolaz glazbenim slobodama - RADIO LJUBU\u0160KI","og_description":"Vjerojatno sad Marko Brecelj u\u017eiva negdje pjevaju\u0107i pjesmu bra\u010dnog para Hulji\u0107 \u201cDvaput san umra\u201d. Pro\u0161log ljeta strelovito se pro\u0161irila vijest da je kantautor koji je klju\u010dno utjecao na razvoj regionalne rock-scene preminuo. Bila je la\u017ena. Ponovni poku\u0161aj je ipak uspio. Pi\u0161e:Bojan Mu\u0161\u0107et Marko Brecelj je i drugi put umra. Ovog puta zaista. Totalno neobuzdan i [&hellip;]","og_url":"https:\/\/radioljubuski.ba\/index.php\/2022\/02\/07\/in-memoriam-marko-brecelj-buldozer-koji-je-raskrcio-prolaz-glazbenim-slobodama\/","og_site_name":"RADIO LJUBU\u0160KI","article_publisher":"https:\/\/www.facebook.com\/Radiio-Ljubuski-1490835324566332","article_published_time":"2022-02-07T10:55:18+00:00","article_modified_time":"2022-02-07T10:55:19+00:00","og_image":[{"width":830,"height":553,"url":"https:\/\/radioljubuski.ba\/wp-content\/uploads\/2022\/02\/marko-brecelj-830x553-1.jpg","type":"image\/jpeg"}],"author":"Radio Ljubu\u0161ki","twitter_card":"summary_large_image","twitter_creator":"@radioljubuski","twitter_site":"@radioljubuski","twitter_misc":{"Napisao\/la":"Radio Ljubu\u0161ki","Procijenjeno vrijeme \u010ditanja":"3 minute"},"schema":{"@context":"https:\/\/schema.org","@graph":[{"@type":"Article","@id":"https:\/\/radioljubuski.ba\/index.php\/2022\/02\/07\/in-memoriam-marko-brecelj-buldozer-koji-je-raskrcio-prolaz-glazbenim-slobodama\/#article","isPartOf":{"@id":"https:\/\/radioljubuski.ba\/index.php\/2022\/02\/07\/in-memoriam-marko-brecelj-buldozer-koji-je-raskrcio-prolaz-glazbenim-slobodama\/"},"author":{"name":"Radio Ljubu\u0161ki","@id":"https:\/\/radioljubuski.ba\/#\/schema\/person\/19fc700381a780f69665d7956c469e3b"},"headline":"In memoriam &#8211; Marko Brecelj: buldo\u017eer koji je raskr\u010dio prolaz glazbenim slobodama","datePublished":"2022-02-07T10:55:18+00:00","dateModified":"2022-02-07T10:55:19+00:00","mainEntityOfPage":{"@id":"https:\/\/radioljubuski.ba\/index.php\/2022\/02\/07\/in-memoriam-marko-brecelj-buldozer-koji-je-raskrcio-prolaz-glazbenim-slobodama\/"},"wordCount":673,"publisher":{"@id":"https:\/\/radioljubuski.ba\/#organization"},"image":{"@id":"https:\/\/radioljubuski.ba\/index.php\/2022\/02\/07\/in-memoriam-marko-brecelj-buldozer-koji-je-raskrcio-prolaz-glazbenim-slobodama\/#primaryimage"},"thumbnailUrl":"https:\/\/radioljubuski.ba\/wp-content\/uploads\/2022\/02\/marko-brecelj-830x553-1.jpg","articleSection":["BIH i regija"],"inLanguage":"hr"},{"@type":"WebPage","@id":"https:\/\/radioljubuski.ba\/index.php\/2022\/02\/07\/in-memoriam-marko-brecelj-buldozer-koji-je-raskrcio-prolaz-glazbenim-slobodama\/","url":"https:\/\/radioljubuski.ba\/index.php\/2022\/02\/07\/in-memoriam-marko-brecelj-buldozer-koji-je-raskrcio-prolaz-glazbenim-slobodama\/","name":"In memoriam - Marko Brecelj: buldo\u017eer koji je raskr\u010dio prolaz glazbenim slobodama - RADIO LJUBU\u0160KI","isPartOf":{"@id":"https:\/\/radioljubuski.ba\/#website"},"primaryImageOfPage":{"@id":"https:\/\/radioljubuski.ba\/index.php\/2022\/02\/07\/in-memoriam-marko-brecelj-buldozer-koji-je-raskrcio-prolaz-glazbenim-slobodama\/#primaryimage"},"image":{"@id":"https:\/\/radioljubuski.ba\/index.php\/2022\/02\/07\/in-memoriam-marko-brecelj-buldozer-koji-je-raskrcio-prolaz-glazbenim-slobodama\/#primaryimage"},"thumbnailUrl":"https:\/\/radioljubuski.ba\/wp-content\/uploads\/2022\/02\/marko-brecelj-830x553-1.jpg","datePublished":"2022-02-07T10:55:18+00:00","dateModified":"2022-02-07T10:55:19+00:00","breadcrumb":{"@id":"https:\/\/radioljubuski.ba\/index.php\/2022\/02\/07\/in-memoriam-marko-brecelj-buldozer-koji-je-raskrcio-prolaz-glazbenim-slobodama\/#breadcrumb"},"inLanguage":"hr","potentialAction":[{"@type":"ReadAction","target":["https:\/\/radioljubuski.ba\/index.php\/2022\/02\/07\/in-memoriam-marko-brecelj-buldozer-koji-je-raskrcio-prolaz-glazbenim-slobodama\/"]}]},{"@type":"ImageObject","inLanguage":"hr","@id":"https:\/\/radioljubuski.ba\/index.php\/2022\/02\/07\/in-memoriam-marko-brecelj-buldozer-koji-je-raskrcio-prolaz-glazbenim-slobodama\/#primaryimage","url":"https:\/\/radioljubuski.ba\/wp-content\/uploads\/2022\/02\/marko-brecelj-830x553-1.jpg","contentUrl":"https:\/\/radioljubuski.ba\/wp-content\/uploads\/2022\/02\/marko-brecelj-830x553-1.jpg","width":830,"height":553},{"@type":"BreadcrumbList","@id":"https:\/\/radioljubuski.ba\/index.php\/2022\/02\/07\/in-memoriam-marko-brecelj-buldozer-koji-je-raskrcio-prolaz-glazbenim-slobodama\/#breadcrumb","itemListElement":[{"@type":"ListItem","position":1,"name":"Po\u010detna stranica","item":"https:\/\/radioljubuski.ba\/"},{"@type":"ListItem","position":2,"name":"In memoriam &#8211; Marko Brecelj: buldo\u017eer koji je raskr\u010dio prolaz glazbenim slobodama"}]},{"@type":"WebSite","@id":"https:\/\/radioljubuski.ba\/#website","url":"https:\/\/radioljubuski.ba\/","name":"Radio Ljubu\u0161ki","description":"Sun\u010dana frekvencija Hercegovine","publisher":{"@id":"https:\/\/radioljubuski.ba\/#organization"},"potentialAction":[{"@type":"SearchAction","target":{"@type":"EntryPoint","urlTemplate":"https:\/\/radioljubuski.ba\/?s={search_term_string}"},"query-input":{"@type":"PropertyValueSpecification","valueRequired":true,"valueName":"search_term_string"}}],"inLanguage":"hr"},{"@type":"Organization","@id":"https:\/\/radioljubuski.ba\/#organization","name":"Radio Ljubu\u0161ki","url":"https:\/\/radioljubuski.ba\/","logo":{"@type":"ImageObject","inLanguage":"hr","@id":"https:\/\/radioljubuski.ba\/#\/schema\/logo\/image\/","url":"https:\/\/radioljubuski.ba\/wp-content\/uploads\/2021\/02\/cropped-Radio_Ljubuski_logo1.jpg","contentUrl":"https:\/\/radioljubuski.ba\/wp-content\/uploads\/2021\/02\/cropped-Radio_Ljubuski_logo1.jpg","width":512,"height":512,"caption":"Radio Ljubu\u0161ki"},"image":{"@id":"https:\/\/radioljubuski.ba\/#\/schema\/logo\/image\/"},"sameAs":["https:\/\/www.facebook.com\/Radiio-Ljubuski-1490835324566332","https:\/\/x.com\/radioljubuski","https:\/\/hr.linkedin.com\/company\/radio-ljubuski","https:\/\/www.youtube.com\/channel\/UCHYaeO_n0Db3tjNGudGpXyw"]},{"@type":"Person","@id":"https:\/\/radioljubuski.ba\/#\/schema\/person\/19fc700381a780f69665d7956c469e3b","name":"Radio Ljubu\u0161ki"}]}},"_links":{"self":[{"href":"https:\/\/radioljubuski.ba\/index.php\/wp-json\/wp\/v2\/posts\/111597","targetHints":{"allow":["GET"]}}],"collection":[{"href":"https:\/\/radioljubuski.ba\/index.php\/wp-json\/wp\/v2\/posts"}],"about":[{"href":"https:\/\/radioljubuski.ba\/index.php\/wp-json\/wp\/v2\/types\/post"}],"author":[{"embeddable":true,"href":"https:\/\/radioljubuski.ba\/index.php\/wp-json\/wp\/v2\/users\/2"}],"replies":[{"embeddable":true,"href":"https:\/\/radioljubuski.ba\/index.php\/wp-json\/wp\/v2\/comments?post=111597"}],"version-history":[{"count":1,"href":"https:\/\/radioljubuski.ba\/index.php\/wp-json\/wp\/v2\/posts\/111597\/revisions"}],"predecessor-version":[{"id":111599,"href":"https:\/\/radioljubuski.ba\/index.php\/wp-json\/wp\/v2\/posts\/111597\/revisions\/111599"}],"wp:featuredmedia":[{"embeddable":true,"href":"https:\/\/radioljubuski.ba\/index.php\/wp-json\/wp\/v2\/media\/111598"}],"wp:attachment":[{"href":"https:\/\/radioljubuski.ba\/index.php\/wp-json\/wp\/v2\/media?parent=111597"}],"wp:term":[{"taxonomy":"category","embeddable":true,"href":"https:\/\/radioljubuski.ba\/index.php\/wp-json\/wp\/v2\/categories?post=111597"},{"taxonomy":"post_tag","embeddable":true,"href":"https:\/\/radioljubuski.ba\/index.php\/wp-json\/wp\/v2\/tags?post=111597"}],"curies":[{"name":"wp","href":"https:\/\/api.w.org\/{rel}","templated":true}]}}