{"id":111600,"date":"2022-02-07T11:59:50","date_gmt":"2022-02-07T10:59:50","guid":{"rendered":"https:\/\/radioljubuski.ba\/?p=111600"},"modified":"2022-02-07T11:59:51","modified_gmt":"2022-02-07T10:59:51","slug":"kako-je-nastao-cuveni-gitaristicki-riff-i-pjesma-smoke-on-the-water-grupe-deep-purple","status":"publish","type":"post","link":"https:\/\/radioljubuski.ba\/index.php\/2022\/02\/07\/kako-je-nastao-cuveni-gitaristicki-riff-i-pjesma-smoke-on-the-water-grupe-deep-purple\/","title":{"rendered":"Kako je nastao \u010duveni gitaristi\u010dki riff i pjesma &#8220;Smoke On The Water&#8221; grupe Deep Purple?"},"content":{"rendered":"\n<h6 class=\"wp-block-heading\"><strong>Uloga dima od po\u017eara i dviju \u010dokoladnih bombonijera u povijesti glazbe<\/strong><\/h6>\n\n\n\n<p>Tko je Funky Claude, lik iz pjesme koji spa\u0161ava mladi\u0107e i djevojke u vatrom zahva\u0107enom teatru Montreux Casinoa na poslijepodnevnoj matineji, koncertu Franka Zappe i The Mothers Of Inventions?<\/p>\n\n\n\n<p>Na prijelazu iz stare u novu godinu obilje\u017eava se pedeset godina od nastanka \u201eSmoke On The Water\u201c i deset godina od smrti Funkyja Claudea. \u201eSmoke On The Water\u201c nastala je i snimljena 4.12.1971., a Funky Claude umro je 10. sije\u010dnja 2013.<\/p>\n\n\n\n<p>Nadimak Funky Claude u pjesmi \u201eSmoke On The Water\u201c nadjenuli su Deep Purple jednom od najve\u0107ih glazbenih promotora u povijesti glazbe, Claudeu Nobsu \u2013 izumitelju, utemeljitelju i glavnom direktoru Montreux Jazz Festivala u Montreuxu na obali \u017denevskog jezera u \u0160vicarskoj.<\/p>\n\n\n\n<h6 class=\"wp-block-heading\">Montreux<\/h6>\n\n\n\n<p>Kao golobradi mladi\u0107, ro\u0111en u Montreuxu (4.2.1936.), htio je postati \u0161kolovani kuhar i to mu je i uspjelo u sredini poznatoj po ekskluzivnim \u0161kolama za najvi\u0161a svjetska obrazovanja hotelijera, ugostitelja i gastronomskih stru\u010dnjaka. Nije dugo radio kao kuhar jer je iz Turisti\u010dkog ureda Montreuxa dobio ponudu da im bude ra\u010dunovo\u0111a, a svakim danom postajao je sve inovativniji turisti\u010dki radnik.<\/p>\n\n\n\n<p>No, istodobno, od ro\u0111enja je Nobs bio opsesivni ljubitelj jazza i u glavi je stalno imao misao o jazz festivalu na Montreux rivijeri. No, za takvo \u0161to trebao je podr\u0161ku nekoga posebice jakog u Americi, mo\u0107nika u jazzu i ameri\u010dkoj glazbi op\u0107enito.<\/p>\n\n\n\n<p>Na\u0161ao ga je u Ahmetu Ertegunu iz ameri\u010dkog Atlantic Recordsa koji mu je izuzetno pomogao oko utemeljenja Montreux Jazz Festivala. Ahmet Ertegun je tursko-ameri\u010dki skladatelj, tekstopisac, producent i suosniva\u010d te predsjednik velike ameri\u010dke diskografske kompanije Atlantic (otkrio je velikane soula, Otisa Reddinga i Arethu Franklin, Led Zeppelin i jo\u0161 mnogo va\u017enih te va\u017enoga za povijest glazbe).<\/p>\n\n\n\n<h6 class=\"wp-block-heading\">250 000 festivalskih posjetitelja<\/h6>\n\n\n\n<p>Zato je na Montreux Jazz Festivalu ve\u0107 1967., na prvom izdanju, nastupilo nekoliko velikana: Charles Lloyd, Keith Jarret i Jack De Johnette. Idu\u0107ih godina i desetlje\u0107a nema velikana kojeg nije ugostio Claude Nobs pa je Montreux Jazz Festival postao velik, ako ne i ve\u0107i od povijesno velikih ameri\u010dkih, &nbsp;Newport Jazz Festivala i Monterey Jazz Festivala. Tim vi\u0161e \u0161to je nakon svega nekoliko godina Nobs jednostavno pozivao i velikane iz svih ostalih \u017eanrova, rocka, popa, electra, world musica do Marianne Faithfull koja kazuje Shakespoerove sonete uz \u010delisticu u dvorcu Chillon iz 13. stolje\u0107a, nekoliko kilometara od Montreuxa.<\/p>\n\n\n\n<p>On je pozivao velikane iz povijesti, sada\u0161njosti i budu\u0107nosti svih \u017eanrova. U dva tjedna po\u010detkom srpnja svake godine broj posjetitelja rastao je, da bi prije pandemije dosegao njih \u010dak 250 000!<\/p>\n\n\n\n<p>I nitko vi\u0161e nije pitao kako to da na jednom festivalu koje u imenu ima jazz nastupaju i Slayer, ZZ Top, Deep Purple, Led Zeppelin ili Pink Floyd. Da, I Pink Floyd! Sve je njih doveo isti promoter kojemu je bliski suradnik, a ne samo izvo\u0111a\u010d na festivalu bio Miles Davies, a jo\u0161 i vi\u0161e \u2013 Quincy Jones!<\/p>\n\n\n\n<p>Montreux Jazz Festival i posebice Claude Nobs, totalni inovator glazbenih festivala u svijetu, stekao je toliku popularnost i ugled da bi svoje ekskluzivne koncerte davali u Montreuxu i nigdje drugdje jedan Prince ili Stevie Wonder! A da ne govorimo o mla\u0111ahnima koji bi padali u nesvijest kad bi dobili poziv za nastup u Montreuxu, bilo na obali jezera, Petite Theatru ili Laboratoriju ili auditoriju Stravinski -ovisno o tome kojeg su stilskog usmjerenja i trenutne tr\u017ei\u0161ne vrijednosti. Estetski su uvijek morali biti vrhunski.<\/p>\n\n\n\n<iframe loading=\"lazy\" title=\"Deep Purple with Orchestra - Smoke On The Water (Live At Montreux 2011)\" width=\"640\" height=\"360\" src=\"https:\/\/www.youtube.com\/embed\/euUQnQU22L0?feature=oembed\" frameborder=\"0\" allow=\"accelerometer; autoplay; clipboard-write; encrypted-media; gyroscope; picture-in-picture; web-share\" referrerpolicy=\"strict-origin-when-cross-origin\" allowfullscreen><\/iframe>\n\n\n\n<h6 class=\"wp-block-heading\">Po\u017ear u Casinu<\/h6>\n\n\n\n<p>No, vratimo se odgovorima na postavljena pitanja s po\u010detka teksta.<\/p>\n\n\n\n<p>\u201eSmoke On The Water, i riff i pjesma, nadahnuti su i stvarno su nastali u Montreuxu, a tamo je i snimljena te govori samo o (po\u017earnom) doga\u0111aju koji se zbio na koncertu Franka Zappe. Na koncertu su bili i \u010dlanovi Deep Purplea. Doputovali su dan prije jer su odmah nakon koncerta Zappe i njegovih Majki trebali u\u0107i u teatar, postaviti opremu i u\u017eivo po\u010deti snimati pjesme za novi album <em>Machine Head<\/em>. Ispred Casina ve\u0107 je bio iznajmljeni mobile truck Rolling Stonesa.<\/p>\n\n\n\n<p>Ali avaj!<\/p>\n\n\n\n<p>Jedan posjetitelj, totalna budala, neki neura\u010dunljiv tip u trenutku kad je Zappin Don Preston zapo\u010deo solo na sintesajzeru u King Kongu, ispalio je signalnu raketu u strop od neke vrsti ratan palmi! Ne ba\u0161 odmah, ali buknuo je pravi po\u017ear u kome je izgorjela ne samo sva oprema Franka Zappe i Majki, nego i teatar, Casino i cijeli kompleks za zabavu oko Casina.<\/p>\n\n\n\n<p>Claude Nobs koji je organizirao i koncert Mothersa i snimanje Deep Purpleu osobno je izvla\u010dio posjetitelje iz opo\u017earenoga kompleksa. Tu se na\u0161la i 13-godi\u0161nja djevojka Michaela koja je dvadeset godina od doga\u0111aja postala programer Montreux Jazz Festivala i \u010desto komunicirala s Deep Purpleom oko nastupa u Montreuxu. A \u0161to se ti\u010de budale sa signalnim pi\u0161toljem, postoje rije\u010di u pjesmi: \u201eSome stupid with the flare gun.\u201c Claude Nobs ovjekovje\u010den je u pjesmi nadimkom Funky Claude.<\/p>\n\n\n\n<p>Deep Purple su <em>Machine Head<\/em> stvarno htjeli snimiti na pozornici teatra, mobilnim studijem Rolling Stonesa jer su htjeli na studijskom albumu zvu\u010dati \u0161to je mogu\u0107e bli\u017ee koncertnom izdanju i zvuku. Nisu htjeli standardni studio za snimanje.<\/p>\n\n\n\n<p>Ali, eto, zbog budale sa signalnim pi\u0161toljem koji je od policije identificiran, ali ne i uhi\u0107en pa je odmah pobjegao iz \u0160vicarske, Deep Purple na\u0161li su se u problemu. Mo\u017eda i ne (?!). Jer je tu bio svemogu\u0107i Claude Nobs, tada jo\u0161 ne Funky Claude. Odveo ih je u Pavilion Des Sports, nasuprot kultnom luksuznom hotelu Montreux Palace gdje su se istu no\u0107 nekako poslo\u017eili i zapo\u010deli s probama.<\/p>\n\n\n\n<p>I taman kad je Ritchie Blackmore izmislio poznati riff i odsvirao ga na svojoj Fender Stratocaster gitari, do\u0161la je policija i otjerala ih zbog reme\u0107enja javnog reda i naro\u010dito mira. Susjedi su se \u017ealili na buku. Ne sumnjam. Deep Purple poznati su ne samo kao jedan od divljih, nego i najbu\u010dnijih rock bandova. A mo\u017eete onda zamisliti kojom ja\u010dinom je Ritchie svirao takav riff i to u trenutku kad mu je prvi put u \u017eivotu do\u0161ao na um i srce i u ruke!<\/p>\n\n\n\n<p>Sva sre\u0107a da je snimljen, jedino to od sve svirke. U tim trenutcima ni\u010dega drugog nije bilo, ni stiha ni melodije, ni\u010dega osim Ritchijevog riffa.\u00a0 Snimljenog na vrpcu. Na kaseti sa snimljenom vrpcom nije bilo ni naslova jer ga nije ni bilo pa su napisali umjesto \u201eSmoke On The Water: Truck No.1.\u201c Dvije godine nakon ovog doga\u0111aja u Pavilionu su svirali Led Zeppelin, a bilo je i drugih velikana. Sve je to \u2018privodio\u2019 u Montreux Funky Claude.<\/p>\n\n\n\n<iframe loading=\"lazy\" title=\"Run DMC - It&#039;s Tricky (Live) | Montreux Jazz Festival 2001\" width=\"640\" height=\"480\" src=\"https:\/\/www.youtube.com\/embed\/5WaGxsd8PkA?feature=oembed\" frameborder=\"0\" allow=\"accelerometer; autoplay; clipboard-write; encrypted-media; gyroscope; picture-in-picture; web-share\" referrerpolicy=\"strict-origin-when-cross-origin\" allowfullscreen><\/iframe>\n\n\n\n<h6 class=\"wp-block-heading\">Grand hotel i carica Sisi<\/h6>\n\n\n\n<p>Claude je morao na\u0107i novi prostor za snimanje u hladnoj no\u0107i u mirnom gradu kao \u0161to je Montreux usred zime. I na\u0161ao ga je u gradi\u0107u pored Montreuxa, imena Territet. Gradi\u0107 je bio nagla\u0161eno turisti\u010dki i tog trenutka bez turista. Nobs je band odveo u zatvoreni Grand hotel koji je dio bajkovite pri\u010de o Territetu. Grand hotel bio je &nbsp;hodnikom povezan s hotelom Des Alpes i u njemu je instaliran prvi telefon u \u0160vicarskoj, a najglasovitija go\u0161\u0107a hotela bila je Elizabeth Bavarska, carica Austrije i kraljica Ugarske u braku s carom Franjom Josipom I.<\/p>\n\n\n\n<p>Njezin nadimak bio je Sisi, a to i danas izaziva trenutni interes \u017eute \u0161tampe. U Territetu i hotelu Grand Sisi je sama boravila \u010dak \u010detiri puta, a navodno je u njemu bila i tjedan dana prije smrti u \u017denevi. Car Franjo Josip I bio je s njom u Grand hotelu samo jednom.<\/p>\n\n\n\n<p>Territet je bio atraktivno turisti\u010dko odredi\u0161te od sredine devetnaestog stolje\u0107a u kome je instaliran prvi telefon u \u0160vicarskoj, kao i prvi teniski teren u \u0160vicarskoj (samo za engleske turiste, ne i za \u0160vicarce), prva \u017ei\u010dara, a i mnogi su umjetnici tamo \u017eivjeli (Freddy Mercury). Austrijski skladatelj Arnold Schonberg boravio je u Territetu dok je radio na operi <em>Mojsije i Aron<\/em>. Nije onda \u010dudno \u0161to je Territet bio i stalna postaja Orient Expressa.<\/p>\n\n\n\n<p>A silom prilika, ne kao carica Sisi ili engleski turisti, Deep Purple su se na\u0161li u Territetu, neko vrijeme, dok su snimali \u201eSmoke On The water\u201c i <em>Machine Head<\/em>. E, sad mo\u017eete zamisliti da im je tada pala na pamet Sisi ili nedaleki pansion u kome je boravio Lord Byron na putu za Gr\u010dku. Hodnike i neke sobe Grand hotela u kojima je i Sisi boravila morali su zvu\u010dno izolirati madracima i jastucima iz hotelskih soba, a iz jednog dijela \u2018studija\u2019 u drugi morali su preko balkona.<\/p>\n\n\n\n<p>Kako su Deep Purple zbog po\u017eara u Montreuxu morali u Territet, tako je i Grand hotel \u2013 Des Alpes pre\u017eivio &nbsp;\u010dak dva po\u017eara (1984. i 2012. godine) i oba je puta renovran. Ipak, zbog svoje arhitekture i svega ostaloga, obje zgrade dobile su klasifikaciju spomenika kulture. Ne znam dali i zbog toga \u0161to su Deep Purple u njemu snimili povijesne \u201eSmoke On The Water\u201c i druge pjesme s albuma <em>Machine Head<\/em>.<\/p>\n\n\n\n<p>Koji dan nakon prvog ulaska u \u2018studio\u2019 Grand hotela \u2013 Des Alpes u jedno rano jutro Roger Glover rekao je ostalima da je cijelu no\u0107 imao u glavi naslov za pjesmu nadahnut po\u017earom i dimom iznad \u017denevskog jezera od po\u017eara u Montreux Casino. Ritchie je imao riff, a tekst i glazbu svi \u010dlanovi banda. \u00a0Tako je nastao \u201eSmoke on The Water\u201c u kojoj Gillan pjeva ne samo o po\u017earu, Zappi, Claudeu Nobsu nego i Grand Hotelu. Sve je to, eto, ovjekovje\u010deno u pjesmi \u201eSmoke On The Water\u201c.<\/p>\n\n\n\n<iframe loading=\"lazy\" title=\"Lou Reed - Perfect Day (Live) | Montreux Jazz Festival 2000\" width=\"640\" height=\"480\" src=\"https:\/\/www.youtube.com\/embed\/O4TyJlB3tug?feature=oembed\" frameborder=\"0\" allow=\"accelerometer; autoplay; clipboard-write; encrypted-media; gyroscope; picture-in-picture; web-share\" referrerpolicy=\"strict-origin-when-cross-origin\" allowfullscreen><\/iframe>\n\n\n\n<h6 class=\"wp-block-heading\">\u0160to o pjesmi ka\u017eu \u010dlanovi benda?<\/h6>\n\n\n\n<p>Pri\u010dao sam o tome, naravno, i s Gillanom u Be\u010du 1997. i Gloverom, tako\u0111er u Be\u010du, ali 2005. Bio je tu i Steve Morse, najdugovje\u010dniji gitarist u Deep Purpleu. Prije nekoliko koncerata Deep Purple u be\u010dkoj Stadthalle. I nijednom im nije bilo te\u0161ko ni dosadno o tome govoriti nakon toliko godina, kao \u0161to s gu\u0161tom pjesmu izvode valjda stotisu\u0107iti put.<\/p>\n\n\n\n<p>Ian Gillan: \u201eDogodi se da pred koncert ili tokom koncerta pomislim prije izvedbe da ne\u0107emo valjda opet \u2018Smoke On The Water\u2019. Ali to je samo trenuta\u010dno i odmah dobijem neki poseban adrenalin i radosno pjevam \u2018Smoke On The Water\u2019. Neupu\u0107eni kad vide naslov pjesme mogu pomisliti tko zna \u0161to je \u2018pjesnik htio re\u0107i\u2019.<\/p>\n\n\n\n<p>Kad ono, nema tu nikakvih skrovitih zna\u010denja. To je veoma jednostavna pjesma. I jednostavno govori samo &nbsp;o konkretnom stvarnom doga\u0111aju, po\u017earu, dimu iznad vode, dimu iznad Casina i \u017denevskog jezera, Claude Nobsu koji je stvarno spa\u0161avao mlade posjetitelje izvla\u010de\u0107i ih iz opo\u017earenog Casina. Dakle, pjesma nema ni\u0161ta od nekakvih metafizi\u010dkih zna\u010denja ili nekih drugih kao \u2018Child In Time\u2019\u201c.<\/p>\n\n\n\n<p>Roger Glover: \u201eKad smo zavr\u0161ili snimanje u tome hotelu, \u2018Smoke On The Water\u2019 bila nam je kao i druge&nbsp; pjesme, ni\u0161ta bolja od drugih, a najmanje je ijedan od nas i pomislio da bi to mogao biti hit. Ma kakav hit. A onda je tu stupio na scenu Claude Nobs koji kad je \u010duo gotovu \u2018Smoke On The Water\u2019, odmah je rekao da nam to mora biti prvi singl s albuma jer da je to pravi hit! Nismo ga poslu\u0161ali i kao singl tek smo ga naknadno objavili. Bili smo iznena\u0111eni uspjehom kasnije i, naravno, sretni.\u201c<\/p>\n\n\n\n<p>\u201eSmoke on the water\u201c bila je, naprimjer, 426 na listi Rolling Stonea \u201e500 najboljih pjesama svih vremena\u201c, a 39 na listi \u010dasopisa Q \u201e100 pjesama koje su promijenile svijet\u201c!<\/p>\n\n\n\n<p>Steve Morse: \u201eKad sam do\u0161ao u Deep Purple sredinom devedesetih, naravno da sam imao poseban odnos prema tome kako \u0107u ja izvoditi \u2018Smoke On The Water\u2019. Posebno jer sam nekoliko puta u SAD-u do\u017eivio jednu dodatnu pri\u010du o popularnosti i ugledu \u2018Smoke On The Water\u2019 me\u0111u tisu\u0107ama mladih gitarista koji tek trebaju kupiti prvu gitaru i po\u010deti u\u010diti svirati. U mnogim du\u0107anima u kojima su se prodavale i elektri\u010dne gitare bilo je predvi\u0111eno da potencijalni kupci u du\u0107anu i isprobaju gitare.<\/p>\n\n\n\n<p>O\u010dito je najve\u0107i broj bio onih koji bi imali probu sviraju\u0107i \u2018Smoke On The Water\u2019 Deep Purplea ili \u2018Stairway to Heaven\u2019 Led Zeppelina. To je bilo toliko masovno da su vlasnici du\u0107ana stavili ogroman natpis na kome je pisalo NO SMOKE ON THE WATER\u00a0 and STAIRWAY TO HEAVEN! Ja osje\u0107am svaki put posebno uzbu\u0111enje kad sviramo \u2018Smoke On The Water\u2019. Prekrasna pjesma i prekrasan riff.\u201c<\/p>\n\n\n\n<iframe loading=\"lazy\" title=\"Iggy Pop - I Wanna Be Your Dog (Live) | Montreux Jazz Festival 2018\" width=\"640\" height=\"360\" src=\"https:\/\/www.youtube.com\/embed\/t7rR3WO2HmU?feature=oembed\" frameborder=\"0\" allow=\"accelerometer; autoplay; clipboard-write; encrypted-media; gyroscope; picture-in-picture; web-share\" referrerpolicy=\"strict-origin-when-cross-origin\" allowfullscreen><\/iframe>\n\n\n\n<h6 class=\"wp-block-heading\">Deep Purple \u2013 po\u010dasni gosti Montreux Jazz Festivala<\/h6>\n\n\n\n<p>Zbog svega Deep Purple su veoma \u010desto nastupali na Montreux Jazz Festivalu, nekih devet puta i svaki put s posebnim osje\u0107ajima. Osobno bi ih najavio Claude Nobs. U povodu 40 godina nastanka \u2018Smoke On The Water\u2019 u Montreuxu, Deep Purple odr\u017eali su u auditoriju Stravinski i poseban koncert uz \u2018full symphony orchestra\u2019 kojim je ravnao Stephen \u2018BK\u2019 Bentley Klein. Ina\u010de, dim iznad \u017denevskog jezera mogao se vidjeti &nbsp;+nakon po\u017eara u Casinu eventualno 14. srpnja na najve\u0107i nacionalni francuski praznik kada bi jezero paradno nadlijetali francuski vojni avioni. Uzgred, me\u0111udr\u017eavna granica Francuske i \u0160vicarske je negdje na polovici \u017denevskog jezera.<\/p>\n\n\n\n<p>Bilo kako bilo, i nakon smrti Claudea Nobsa Deep Purple rado dolaze svirati u Montreux. Jedan po\u017ear koji je izazvala budala sa signalnim pi\u0161toljem imao je za posljedicu jedno veliko prijateljstvo Nobsa i Deep Purplea. Ima takvih i sli\u010dnih slu\u010dajeva mnogo u Montreux. U stvarno ekskluzivnom intervju koji mi je Claude Nobs dao nekoliko mjeseci prije smrti, otkrio je neka sli\u010dna prijateljstva u \u010dudnim okolnostima.<\/p>\n\n\n\n<p>Jedan od rijetkih intervjua Claude Nobs dao je i njema\u010dkom redatelju Wimu Wendersu. Funky Claude umro je od posljedica nezgode koja se dogodila prilikom nordijskog skijanja, pao je u komu za Bo\u017ei\u0107 2012. iz koje se nije probudio. Umro je u Lausannei 10.1.2013.,svega tridesetak kilometara udaljenoj od njegovog Montreuxa.<\/p>\n\n\n\n<p>Na terasi auditorija Stravinski Claude Nobs do\u010dekao me nekoliko mjeseci prije u ko\u0161ulji \u010dijim dizajnom su dominirali ispla\u017eeni jezici, za\u0161titni znaci Rolling Stonesa. Naravno da sam bio iznena\u0111en, mada sam negdje znao da su on i Keith Richards posebno dobri prijatelji sve ove godine.<\/p>\n\n\n\n<p>\u201eNaravno da ova ko\u0161ulja na meni danas nije slu\u010dajno. Rolling Stonesi ove godine slave 50. godinu postojanja, a ja 50. godina otkako sam postao glazbeni promotor. Svoj prvi koncert organizirao sam 1962. i bilo je to gostovanje Johna Lee Hookera u \u0160vicarskoj\u201c, radosno je s evociranjem po\u010deo Funky Claude.<\/p>\n\n\n\n<p>\u201eA prvi koncert Rolling Stonesa u Europi, na kontinentu, organizirao sam 1964. Pokupio sam Rolling Stonese na aerodromu u \u017denevi, u svom autu koji se raspadao. Oni su se pak prvi put u \u017eivotu vozili avionom. Odr\u017eali su koncert u Montreuxu i vratili se u Englesku. Tada je po\u010delo na\u0161e pravo prijateljstvo.<\/p>\n\n\n\n<p>Album <em>Black And Blue<\/em> snimili su u\u017eivo ovdje u Montreuxu. Keith Richards \u017eivio je godinu dana u Montreuxu pa smo postali veoma bliski. Poklonili su mi ovu ko\u0161ulju povodom na\u0161ih obljetnica i veoma sam ponosan na ovu ko\u0161ulju.\u201c<\/p>\n\n\n\n<iframe loading=\"lazy\" title=\"Al Di Meola - Vertigo Shadow (Live) | Montreux Jazz Festival 1986\" width=\"640\" height=\"360\" src=\"https:\/\/www.youtube.com\/embed\/J_WM_bHiWyg?feature=oembed\" frameborder=\"0\" allow=\"accelerometer; autoplay; clipboard-write; encrypted-media; gyroscope; picture-in-picture; web-share\" referrerpolicy=\"strict-origin-when-cross-origin\" allowfullscreen><\/iframe>\n\n\n\n<h6 class=\"wp-block-heading\">Funky Claude<\/h6>\n\n\n\n<p>Iako, dakle, dugogodi\u0161nji prijatelji, Claude Nobs nije uspio nikada \u2018privesti\u2019 Rolling Stonese za nastup na Montreux Jazz Festivalu. \u201eNije da nisam poku\u0161ao i to puno puta. Nikada nije upalilo. Mick Jagger bi mi na ponudu rekao obi\u010dno: \u2018Ja ne nastupam na jazz festivalima\u2019. Nije pomoglo ni moje obja\u0161njenje i argumenti: \u2018Mick, pa ovdje su nastupali Led Zeppelin, Pink Floyd, Prince\u2026\u2019 Njemu je to jednostavno bio jazz festival. Zanimljivo, kad sam doveo Davida Bowieja, on je do\u0161ao na pozornicu i rekao: \u2018\u010cudno, ja nastupam na Montreux Jazz Festivalu!\u2019<\/p>\n\n\n\n<p>U stilu \u2018\u0160to ja to ovdje radim? A onda je izveo fantasti\u010dan show.\u201c Naravno da sam naro\u010dito htio saznati od Nobsa kako je do\u0161ao na ideju da \u017eanrovski pro\u0161iri program jazz festivala. Imajmo na umu da je to vrijeme druge polovice \u0161ezdesetih godina pro\u0161log stolje\u0107a, kad su glazbeni \u017eanrovi, stilovi bili strogo odijeljeni. Te\u0161ko da je ljubitelj rocka cijenio jazz i obrnuto. Istina, kasnije do\u0161lo je do njihove simbioze, ali isto je tako bilo nemogu\u0107e konzumenta klasike uvjeriti u vrijednosti rocka. Claude Nobs bio je jedan od pionira i na obali \u017denevskog jezera, podno Alpa, zapo\u010deo je pravu revoluciju.<\/p>\n\n\n\n<p>\u201eVe\u0107 1968., drugu godinu Montreux Jazz Festivala odlu\u010dio sam uvesti i druge glazbene \u017eanrove. Pomislio sam u jednom trenutku \u2013 mo\u017eda da imam rock and roll i novu glazbu u programu, pridobio bih i cijelu novu generaciju. \u0160etaju\u0107i ovuda uz jezero vidite roditelje s djecom i unucima. Ovo je doista festival za sve generacije.\u201c<\/p>\n\n\n\n<p>Mada sumnji\u010dav oko toga je li to dobra ideja ili nije, upitao sam Claudea Nobsa je li svjestan da je jedna od najva\u017enijih osoba u povijesti glazbe. \u201eNe bih rekao. Samo znam da zbog toga \u0161to sam do\u0161ao na ideju da vodim arhiv Montreux Jazz Festivala od samog po\u010detka 1967. danas imamo 5000 sati videa s koncertima na festivalu.<\/p>\n\n\n\n<p>To je daleko najve\u0107a kolekcija videosnimki glazbe u\u017eivo koju danas nitko nema, ni jedna TV ku\u0107a na svijetu. U tijeku je priznavanje tih snimaka kao svjetske kulturne ba\u0161tine od UNESCO-a. Sretan sam i pomalo ponosan na ono \u0161to sam stvorio, ali meni su ipak najva\u017eniji glazbenici. Va\u017ena mi je masa ljudi koja dolazi ovdje u Montreux na festival pa ja i dalje do\u0111em kao biv\u0161i \u0161kolovani kuhar koji kombinira razli\u010dito posu\u0111e.\u201c<\/p>\n\n\n\n<h6 class=\"wp-block-heading\">Na UNESCO-vom popisu svjetske kulturne ba\u0161tine<\/h6>\n\n\n\n<p>UNESCO je proglasio arhiv Montreux Jazz Festivala Claudea Nobsa, 5000 videosnimki koncerata, svjetskom kulturnom ba\u0161tinom. Imao sam \u010dast biti pozvan na jedan od rijetkih prijama Claudea Nobsa na njegovo imanje na 800 metara nadmorske visine, iznad Montreuxa, za VIP goste i rijetke glazbenike. Zbog izuzetno strme ceste od Montreuxa do imanja Nobs poslao je automobil da nemam slu\u010dajno problema s okukama i strminama.<\/p>\n\n\n\n<p>Njegovo imanje su ustvari nekoliko preure\u0111enih \u0161tala za krave i dvije planinske ku\u0107ice s \u010dijih platoa puca pogled na \u017denevsko jezero i okolne Alpe. Posebno mjesto u ovom kompleksu predivno uklopljenom u netaknutu prirodu zauzima velika kuhinja, mali drveni bazen, dnevni boravci u kojima su pokloni velikih zvijezda Claudeu Nobsu (Freddy Mercury poklonio mu je kimono), a iznad svega \u201eBunker\u201c u kome je spomenutih 5000 videosnimki Montreux Jazz Festivala od prvog izdanja 1967. naovamo. E, \u201eBunker\u201c je posebna pri\u010da.<\/p>\n\n\n\n<p>Na nekoliko nivoa precizno i kronolo\u0161ki poredane su kasete s vrpcama. Sve je, naravno, poput pravog obrambenog bunkera ra\u0111eno iz betona, s dizalom u sredini i posebno opremljeno ure\u0111ajima za reguliranje temperature i vla\u017enosti zraka. Ovla\u0161 sam bacio pogled na jednu od polica, a na kasetama su snimke Santane, Miles Daviesa, BB Kinga itd. Uistinu impresivno.<\/p>\n\n\n\n<h6 class=\"wp-block-heading\">Aretha Franklin i \u010dokoladne bombonijere<\/h6>\n\n\n\n<p>Bilo je, naravnom dosta anegdota, legendi i sli\u010dnoga u vezi toga kako je Claude Nobs uspio privesti na festival stvarno velikane i to u trenutcima njihove najve\u0107e slave i najve\u0107e skupo\u0107e na svjetskom koncertnom tr\u017ei\u0161tu. Pitao sam Claudea Nobs je li istina da je Arethi Franklin ponudio u drugoj polovici \u0161ezdesetih godina pro\u0161loga stolje\u0107a samo 5000 ameri\u010dkih dolara za nastup u Montreuxu?<\/p>\n\n\n\n<p>\u201ePonudio sam da, 5000 dolara, ali ne Arethi nego njezinom <em>manageru<\/em>. A on mi je uzvratio: \u2018Znate, druge zemlje i gradovi pla\u0107aju 50 000 dolara!\u2019 Pomislio sam, bio uvjeren, naravno da ne\u0107e biti ni\u0161ta od anga\u017emana. Ostavio sam <em>manageru<\/em> dvije \u010dokoladne bombonijere, jednu za Arethu, a jednu za njega na \u0161to je on rekao da \u0107e uru\u010diti bombonijeru Arethi ve\u010deras kad se vra\u0107a u New York iz Detroita i da \u0107e me on nazvati sutradan ujutro.<\/p>\n\n\n\n<p>Na to sam pou\u010den iskustvom rekao sam sebi: \u2018Zaboravi sve ovo, ni\u0161ta od Arethe u Montreuxu\u2019. Ipak, nazvao me sutradan u jutro u deset sati i rekao: !Arethi se svidjela \u010dokolada. Do\u0107i \u0107e u Montreux!\u2019 Zato je ta bombonijera vrijedila 45 000 dolara, razlika izme\u0111u onoga \u0161to sam platio i \u0161to su pla\u0107ali ostali gradovi.\u201c<\/p>\n\n\n\n<p>Sli\u010dno je bilo mnogo godina kasnije s Grace Jones. Pristala je do\u0107i u Montreux, ali je pri tom prigovorila Nobsu da \u0107e dobiti honorar niti pola koliko pla\u0107a DJ-je.On je to negirao i rekao je da \u0107e joj darovati sat, na \u0161to mu je rekla da bi morao znati da ona nikada u \u017eivotu ne nosi sat na ruci.<\/p>\n\n\n\n<p>Ali ne bi Claude Nobs bio Funky Cloude, kad se ne bi sna\u0161ao u trenutku, kao u slu\u010daju s Deep Purple 1971. Nazvao je u&nbsp; Milano svoju prijateljicu Angelinu Missoni da izmisli prikladnu haljinu za Grace Jones. Za nekoliko je sati iz Milana stigla haljina s dva kreatora s haljinom za Gracein nastup iste ve\u010deri.<\/p>\n\n\n\n<p>Grace je bila odu\u0161evljena, a Nobs je komentirao: \u201eZaista dajemo sve od sebe da umjetnici budu zadovoljni!\u201c Svi su oni ne samo zadovoljni nego i odu\u0161evljeni cijelom atmosferom koja vlada u Montreuxu. Umjetnici su ovdje stvarno u prvom planu, \u010dini se sve da se osje\u0107aju ugodno. Pa onda nije \u010dudo \u0161to su ti koncerti iznimni i uostalom zabilje\u017eeni na vrpce za povijest te spremljene u Bunker Claudea Nobsa.<\/p>\n\n\n\n<h6 class=\"wp-block-heading\">Bowie, Stravinski, Hemingway, Mercury<\/h6>\n\n\n\n<p>Nije zgorega dodati ovome svemu neizravan povod velikom atraktivno\u0161\u0107u Montreux Jazz Festivala.<br>Puno prije pojave festivala cijela Montreux Rivijera s vinskom regijom Lavaux bila je preko stotinu godina prava Meka mnogim umjetnicima iz najrazli\u010ditijih umjetni\u010dkih disciplina i krajeva svijeta. Igor Stravinski dugo je ovdje boravio i me\u0111u ostalim napisao <em>Posve\u0107enje prolje\u0107u<\/em>, u hotelu Montreux palace \u017eivjeli su Vladimir Nabokov i Ernest Hemingway, napisali dijelove nekih radova. David Bowie imao je ku\u0107e i vile u obli\u017enjim Veveyu te Lausannei.<\/p>\n\n\n\n<p>U Veveyu je dugo \u017eivio Charlie Chaplin i danas je tu i vila u kojoj je \u017eivio te muzej Charlieja Chaplina. Freddie Mercury valjda je najvi\u0161e volio \u017eivjeti ba\u0161 u Terittetu, dijelu Montreuxa. Posljednjih \u0161est mjeseci \u017eivota proveo je ba\u0161 u vili na obali jezera. Na najljep\u0161em dijelu obale u Montreuxu ponosito stoji kip Freddyija Mercuryja koga su svi ovdje obo\u017eavali, a naro\u010dito Claude Nobs. O\u010dito je Montreux rivijera idealna ne samo za ladanje nego i za rad mnogih umjetnika.<\/p>\n\n\n\n<p>Claude Nobs je toliko zadu\u017eio rodni Montreux da su gradski oci odmah po njegovoj smrti preimenovali glavnu ulicu u gradu uz jezero u Aveniju Claudea Nobsa. Tako se sad glavni ured Montreux Jazz Festivala nalazi na adresi: Av. Claude-Nobs 5, 1820 Montreux.<\/p>\n\n\n\n<p>Izvor:glazba.hr<\/p>\n","protected":false},"excerpt":{"rendered":"<p>Uloga dima od po\u017eara i dviju \u010dokoladnih bombonijera u povijesti glazbe Tko je Funky Claude, lik iz pjesme koji spa\u0161ava mladi\u0107e i djevojke u vatrom zahva\u0107enom teatru Montreux Casinoa na poslijepodnevnoj matineji, koncertu Franka Zappe i The Mothers Of Inventions? Na prijelazu iz stare u novu godinu obilje\u017eava se pedeset godina od nastanka \u201eSmoke On [&hellip;]<\/p>\n","protected":false},"author":2,"featured_media":111601,"comment_status":"closed","ping_status":"closed","sticky":false,"template":"","format":"standard","meta":{"h5ap_radio_sources":[],"footnotes":""},"categories":[1],"tags":[],"class_list":["post-111600","post","type-post","status-publish","format-standard","has-post-thumbnail","hentry","category-bihiregija"],"yoast_head":"<!-- This site is optimized with the Yoast SEO plugin v27.4 - https:\/\/yoast.com\/product\/yoast-seo-wordpress\/ -->\n<title>Kako je nastao \u010duveni gitaristi\u010dki riff i pjesma &quot;Smoke On The Water&quot; grupe Deep Purple? - RADIO LJUBU\u0160KI<\/title>\n<meta name=\"robots\" content=\"index, follow, max-snippet:-1, max-image-preview:large, max-video-preview:-1\" \/>\n<link rel=\"canonical\" href=\"https:\/\/radioljubuski.ba\/index.php\/2022\/02\/07\/kako-je-nastao-cuveni-gitaristicki-riff-i-pjesma-smoke-on-the-water-grupe-deep-purple\/\" \/>\n<meta property=\"og:locale\" content=\"hr_HR\" \/>\n<meta property=\"og:type\" content=\"article\" \/>\n<meta property=\"og:title\" content=\"Kako je nastao \u010duveni gitaristi\u010dki riff i pjesma &quot;Smoke On The Water&quot; grupe Deep Purple? - RADIO LJUBU\u0160KI\" \/>\n<meta property=\"og:description\" content=\"Uloga dima od po\u017eara i dviju \u010dokoladnih bombonijera u povijesti glazbe Tko je Funky Claude, lik iz pjesme koji spa\u0161ava mladi\u0107e i djevojke u vatrom zahva\u0107enom teatru Montreux Casinoa na poslijepodnevnoj matineji, koncertu Franka Zappe i The Mothers Of Inventions? Na prijelazu iz stare u novu godinu obilje\u017eava se pedeset godina od nastanka \u201eSmoke On [&hellip;]\" \/>\n<meta property=\"og:url\" content=\"https:\/\/radioljubuski.ba\/index.php\/2022\/02\/07\/kako-je-nastao-cuveni-gitaristicki-riff-i-pjesma-smoke-on-the-water-grupe-deep-purple\/\" \/>\n<meta property=\"og:site_name\" content=\"RADIO LJUBU\u0160KI\" \/>\n<meta property=\"article:publisher\" content=\"https:\/\/www.facebook.com\/Radiio-Ljubuski-1490835324566332\" \/>\n<meta property=\"article:published_time\" content=\"2022-02-07T10:59:50+00:00\" \/>\n<meta property=\"article:modified_time\" content=\"2022-02-07T10:59:51+00:00\" \/>\n<meta property=\"og:image\" content=\"https:\/\/radioljubuski.ba\/wp-content\/uploads\/2022\/02\/batina8.jpg\" \/>\n\t<meta property=\"og:image:width\" content=\"1024\" \/>\n\t<meta property=\"og:image:height\" content=\"576\" \/>\n\t<meta property=\"og:image:type\" content=\"image\/jpeg\" \/>\n<meta name=\"author\" content=\"Radio Ljubu\u0161ki\" \/>\n<meta name=\"twitter:card\" content=\"summary_large_image\" \/>\n<meta name=\"twitter:creator\" content=\"@radioljubuski\" \/>\n<meta name=\"twitter:site\" content=\"@radioljubuski\" \/>\n<meta name=\"twitter:label1\" content=\"Napisao\/la\" \/>\n\t<meta name=\"twitter:data1\" content=\"Radio Ljubu\u0161ki\" \/>\n\t<meta name=\"twitter:label2\" content=\"Procijenjeno vrijeme \u010ditanja\" \/>\n\t<meta name=\"twitter:data2\" content=\"16 minuta\" \/>\n<script type=\"application\/ld+json\" class=\"yoast-schema-graph\">{\"@context\":\"https:\\\/\\\/schema.org\",\"@graph\":[{\"@type\":\"Article\",\"@id\":\"https:\\\/\\\/radioljubuski.ba\\\/index.php\\\/2022\\\/02\\\/07\\\/kako-je-nastao-cuveni-gitaristicki-riff-i-pjesma-smoke-on-the-water-grupe-deep-purple\\\/#article\",\"isPartOf\":{\"@id\":\"https:\\\/\\\/radioljubuski.ba\\\/index.php\\\/2022\\\/02\\\/07\\\/kako-je-nastao-cuveni-gitaristicki-riff-i-pjesma-smoke-on-the-water-grupe-deep-purple\\\/\"},\"author\":{\"name\":\"Radio Ljubu\u0161ki\",\"@id\":\"https:\\\/\\\/radioljubuski.ba\\\/#\\\/schema\\\/person\\\/19fc700381a780f69665d7956c469e3b\"},\"headline\":\"Kako je nastao \u010duveni gitaristi\u010dki riff i pjesma &#8220;Smoke On The Water&#8221; grupe Deep Purple?\",\"datePublished\":\"2022-02-07T10:59:50+00:00\",\"dateModified\":\"2022-02-07T10:59:51+00:00\",\"mainEntityOfPage\":{\"@id\":\"https:\\\/\\\/radioljubuski.ba\\\/index.php\\\/2022\\\/02\\\/07\\\/kako-je-nastao-cuveni-gitaristicki-riff-i-pjesma-smoke-on-the-water-grupe-deep-purple\\\/\"},\"wordCount\":3816,\"publisher\":{\"@id\":\"https:\\\/\\\/radioljubuski.ba\\\/#organization\"},\"image\":{\"@id\":\"https:\\\/\\\/radioljubuski.ba\\\/index.php\\\/2022\\\/02\\\/07\\\/kako-je-nastao-cuveni-gitaristicki-riff-i-pjesma-smoke-on-the-water-grupe-deep-purple\\\/#primaryimage\"},\"thumbnailUrl\":\"https:\\\/\\\/radioljubuski.ba\\\/wp-content\\\/uploads\\\/2022\\\/02\\\/batina8.jpg\",\"articleSection\":[\"BIH i regija\"],\"inLanguage\":\"hr\"},{\"@type\":\"WebPage\",\"@id\":\"https:\\\/\\\/radioljubuski.ba\\\/index.php\\\/2022\\\/02\\\/07\\\/kako-je-nastao-cuveni-gitaristicki-riff-i-pjesma-smoke-on-the-water-grupe-deep-purple\\\/\",\"url\":\"https:\\\/\\\/radioljubuski.ba\\\/index.php\\\/2022\\\/02\\\/07\\\/kako-je-nastao-cuveni-gitaristicki-riff-i-pjesma-smoke-on-the-water-grupe-deep-purple\\\/\",\"name\":\"Kako je nastao \u010duveni gitaristi\u010dki riff i pjesma \\\"Smoke On The Water\\\" grupe Deep Purple? - RADIO LJUBU\u0160KI\",\"isPartOf\":{\"@id\":\"https:\\\/\\\/radioljubuski.ba\\\/#website\"},\"primaryImageOfPage\":{\"@id\":\"https:\\\/\\\/radioljubuski.ba\\\/index.php\\\/2022\\\/02\\\/07\\\/kako-je-nastao-cuveni-gitaristicki-riff-i-pjesma-smoke-on-the-water-grupe-deep-purple\\\/#primaryimage\"},\"image\":{\"@id\":\"https:\\\/\\\/radioljubuski.ba\\\/index.php\\\/2022\\\/02\\\/07\\\/kako-je-nastao-cuveni-gitaristicki-riff-i-pjesma-smoke-on-the-water-grupe-deep-purple\\\/#primaryimage\"},\"thumbnailUrl\":\"https:\\\/\\\/radioljubuski.ba\\\/wp-content\\\/uploads\\\/2022\\\/02\\\/batina8.jpg\",\"datePublished\":\"2022-02-07T10:59:50+00:00\",\"dateModified\":\"2022-02-07T10:59:51+00:00\",\"breadcrumb\":{\"@id\":\"https:\\\/\\\/radioljubuski.ba\\\/index.php\\\/2022\\\/02\\\/07\\\/kako-je-nastao-cuveni-gitaristicki-riff-i-pjesma-smoke-on-the-water-grupe-deep-purple\\\/#breadcrumb\"},\"inLanguage\":\"hr\",\"potentialAction\":[{\"@type\":\"ReadAction\",\"target\":[\"https:\\\/\\\/radioljubuski.ba\\\/index.php\\\/2022\\\/02\\\/07\\\/kako-je-nastao-cuveni-gitaristicki-riff-i-pjesma-smoke-on-the-water-grupe-deep-purple\\\/\"]}]},{\"@type\":\"ImageObject\",\"inLanguage\":\"hr\",\"@id\":\"https:\\\/\\\/radioljubuski.ba\\\/index.php\\\/2022\\\/02\\\/07\\\/kako-je-nastao-cuveni-gitaristicki-riff-i-pjesma-smoke-on-the-water-grupe-deep-purple\\\/#primaryimage\",\"url\":\"https:\\\/\\\/radioljubuski.ba\\\/wp-content\\\/uploads\\\/2022\\\/02\\\/batina8.jpg\",\"contentUrl\":\"https:\\\/\\\/radioljubuski.ba\\\/wp-content\\\/uploads\\\/2022\\\/02\\\/batina8.jpg\",\"width\":1024,\"height\":576},{\"@type\":\"BreadcrumbList\",\"@id\":\"https:\\\/\\\/radioljubuski.ba\\\/index.php\\\/2022\\\/02\\\/07\\\/kako-je-nastao-cuveni-gitaristicki-riff-i-pjesma-smoke-on-the-water-grupe-deep-purple\\\/#breadcrumb\",\"itemListElement\":[{\"@type\":\"ListItem\",\"position\":1,\"name\":\"Po\u010detna stranica\",\"item\":\"https:\\\/\\\/radioljubuski.ba\\\/\"},{\"@type\":\"ListItem\",\"position\":2,\"name\":\"Kako je nastao \u010duveni gitaristi\u010dki riff i pjesma &#8220;Smoke On The Water&#8221; grupe Deep Purple?\"}]},{\"@type\":\"WebSite\",\"@id\":\"https:\\\/\\\/radioljubuski.ba\\\/#website\",\"url\":\"https:\\\/\\\/radioljubuski.ba\\\/\",\"name\":\"Radio Ljubu\u0161ki\",\"description\":\"Sun\u010dana frekvencija Hercegovine\",\"publisher\":{\"@id\":\"https:\\\/\\\/radioljubuski.ba\\\/#organization\"},\"potentialAction\":[{\"@type\":\"SearchAction\",\"target\":{\"@type\":\"EntryPoint\",\"urlTemplate\":\"https:\\\/\\\/radioljubuski.ba\\\/?s={search_term_string}\"},\"query-input\":{\"@type\":\"PropertyValueSpecification\",\"valueRequired\":true,\"valueName\":\"search_term_string\"}}],\"inLanguage\":\"hr\"},{\"@type\":\"Organization\",\"@id\":\"https:\\\/\\\/radioljubuski.ba\\\/#organization\",\"name\":\"Radio Ljubu\u0161ki\",\"url\":\"https:\\\/\\\/radioljubuski.ba\\\/\",\"logo\":{\"@type\":\"ImageObject\",\"inLanguage\":\"hr\",\"@id\":\"https:\\\/\\\/radioljubuski.ba\\\/#\\\/schema\\\/logo\\\/image\\\/\",\"url\":\"https:\\\/\\\/radioljubuski.ba\\\/wp-content\\\/uploads\\\/2021\\\/02\\\/cropped-Radio_Ljubuski_logo1.jpg\",\"contentUrl\":\"https:\\\/\\\/radioljubuski.ba\\\/wp-content\\\/uploads\\\/2021\\\/02\\\/cropped-Radio_Ljubuski_logo1.jpg\",\"width\":512,\"height\":512,\"caption\":\"Radio Ljubu\u0161ki\"},\"image\":{\"@id\":\"https:\\\/\\\/radioljubuski.ba\\\/#\\\/schema\\\/logo\\\/image\\\/\"},\"sameAs\":[\"https:\\\/\\\/www.facebook.com\\\/Radiio-Ljubuski-1490835324566332\",\"https:\\\/\\\/x.com\\\/radioljubuski\",\"https:\\\/\\\/hr.linkedin.com\\\/company\\\/radio-ljubuski\",\"https:\\\/\\\/www.youtube.com\\\/channel\\\/UCHYaeO_n0Db3tjNGudGpXyw\"]},{\"@type\":\"Person\",\"@id\":\"https:\\\/\\\/radioljubuski.ba\\\/#\\\/schema\\\/person\\\/19fc700381a780f69665d7956c469e3b\",\"name\":\"Radio Ljubu\u0161ki\"}]}<\/script>\n<!-- \/ Yoast SEO plugin. -->","yoast_head_json":{"title":"Kako je nastao \u010duveni gitaristi\u010dki riff i pjesma \"Smoke On The Water\" grupe Deep Purple? - RADIO LJUBU\u0160KI","robots":{"index":"index","follow":"follow","max-snippet":"max-snippet:-1","max-image-preview":"max-image-preview:large","max-video-preview":"max-video-preview:-1"},"canonical":"https:\/\/radioljubuski.ba\/index.php\/2022\/02\/07\/kako-je-nastao-cuveni-gitaristicki-riff-i-pjesma-smoke-on-the-water-grupe-deep-purple\/","og_locale":"hr_HR","og_type":"article","og_title":"Kako je nastao \u010duveni gitaristi\u010dki riff i pjesma \"Smoke On The Water\" grupe Deep Purple? - RADIO LJUBU\u0160KI","og_description":"Uloga dima od po\u017eara i dviju \u010dokoladnih bombonijera u povijesti glazbe Tko je Funky Claude, lik iz pjesme koji spa\u0161ava mladi\u0107e i djevojke u vatrom zahva\u0107enom teatru Montreux Casinoa na poslijepodnevnoj matineji, koncertu Franka Zappe i The Mothers Of Inventions? Na prijelazu iz stare u novu godinu obilje\u017eava se pedeset godina od nastanka \u201eSmoke On [&hellip;]","og_url":"https:\/\/radioljubuski.ba\/index.php\/2022\/02\/07\/kako-je-nastao-cuveni-gitaristicki-riff-i-pjesma-smoke-on-the-water-grupe-deep-purple\/","og_site_name":"RADIO LJUBU\u0160KI","article_publisher":"https:\/\/www.facebook.com\/Radiio-Ljubuski-1490835324566332","article_published_time":"2022-02-07T10:59:50+00:00","article_modified_time":"2022-02-07T10:59:51+00:00","og_image":[{"width":1024,"height":576,"url":"https:\/\/radioljubuski.ba\/wp-content\/uploads\/2022\/02\/batina8.jpg","type":"image\/jpeg"}],"author":"Radio Ljubu\u0161ki","twitter_card":"summary_large_image","twitter_creator":"@radioljubuski","twitter_site":"@radioljubuski","twitter_misc":{"Napisao\/la":"Radio Ljubu\u0161ki","Procijenjeno vrijeme \u010ditanja":"16 minuta"},"schema":{"@context":"https:\/\/schema.org","@graph":[{"@type":"Article","@id":"https:\/\/radioljubuski.ba\/index.php\/2022\/02\/07\/kako-je-nastao-cuveni-gitaristicki-riff-i-pjesma-smoke-on-the-water-grupe-deep-purple\/#article","isPartOf":{"@id":"https:\/\/radioljubuski.ba\/index.php\/2022\/02\/07\/kako-je-nastao-cuveni-gitaristicki-riff-i-pjesma-smoke-on-the-water-grupe-deep-purple\/"},"author":{"name":"Radio Ljubu\u0161ki","@id":"https:\/\/radioljubuski.ba\/#\/schema\/person\/19fc700381a780f69665d7956c469e3b"},"headline":"Kako je nastao \u010duveni gitaristi\u010dki riff i pjesma &#8220;Smoke On The Water&#8221; grupe Deep Purple?","datePublished":"2022-02-07T10:59:50+00:00","dateModified":"2022-02-07T10:59:51+00:00","mainEntityOfPage":{"@id":"https:\/\/radioljubuski.ba\/index.php\/2022\/02\/07\/kako-je-nastao-cuveni-gitaristicki-riff-i-pjesma-smoke-on-the-water-grupe-deep-purple\/"},"wordCount":3816,"publisher":{"@id":"https:\/\/radioljubuski.ba\/#organization"},"image":{"@id":"https:\/\/radioljubuski.ba\/index.php\/2022\/02\/07\/kako-je-nastao-cuveni-gitaristicki-riff-i-pjesma-smoke-on-the-water-grupe-deep-purple\/#primaryimage"},"thumbnailUrl":"https:\/\/radioljubuski.ba\/wp-content\/uploads\/2022\/02\/batina8.jpg","articleSection":["BIH i regija"],"inLanguage":"hr"},{"@type":"WebPage","@id":"https:\/\/radioljubuski.ba\/index.php\/2022\/02\/07\/kako-je-nastao-cuveni-gitaristicki-riff-i-pjesma-smoke-on-the-water-grupe-deep-purple\/","url":"https:\/\/radioljubuski.ba\/index.php\/2022\/02\/07\/kako-je-nastao-cuveni-gitaristicki-riff-i-pjesma-smoke-on-the-water-grupe-deep-purple\/","name":"Kako je nastao \u010duveni gitaristi\u010dki riff i pjesma \"Smoke On The Water\" grupe Deep Purple? - RADIO LJUBU\u0160KI","isPartOf":{"@id":"https:\/\/radioljubuski.ba\/#website"},"primaryImageOfPage":{"@id":"https:\/\/radioljubuski.ba\/index.php\/2022\/02\/07\/kako-je-nastao-cuveni-gitaristicki-riff-i-pjesma-smoke-on-the-water-grupe-deep-purple\/#primaryimage"},"image":{"@id":"https:\/\/radioljubuski.ba\/index.php\/2022\/02\/07\/kako-je-nastao-cuveni-gitaristicki-riff-i-pjesma-smoke-on-the-water-grupe-deep-purple\/#primaryimage"},"thumbnailUrl":"https:\/\/radioljubuski.ba\/wp-content\/uploads\/2022\/02\/batina8.jpg","datePublished":"2022-02-07T10:59:50+00:00","dateModified":"2022-02-07T10:59:51+00:00","breadcrumb":{"@id":"https:\/\/radioljubuski.ba\/index.php\/2022\/02\/07\/kako-je-nastao-cuveni-gitaristicki-riff-i-pjesma-smoke-on-the-water-grupe-deep-purple\/#breadcrumb"},"inLanguage":"hr","potentialAction":[{"@type":"ReadAction","target":["https:\/\/radioljubuski.ba\/index.php\/2022\/02\/07\/kako-je-nastao-cuveni-gitaristicki-riff-i-pjesma-smoke-on-the-water-grupe-deep-purple\/"]}]},{"@type":"ImageObject","inLanguage":"hr","@id":"https:\/\/radioljubuski.ba\/index.php\/2022\/02\/07\/kako-je-nastao-cuveni-gitaristicki-riff-i-pjesma-smoke-on-the-water-grupe-deep-purple\/#primaryimage","url":"https:\/\/radioljubuski.ba\/wp-content\/uploads\/2022\/02\/batina8.jpg","contentUrl":"https:\/\/radioljubuski.ba\/wp-content\/uploads\/2022\/02\/batina8.jpg","width":1024,"height":576},{"@type":"BreadcrumbList","@id":"https:\/\/radioljubuski.ba\/index.php\/2022\/02\/07\/kako-je-nastao-cuveni-gitaristicki-riff-i-pjesma-smoke-on-the-water-grupe-deep-purple\/#breadcrumb","itemListElement":[{"@type":"ListItem","position":1,"name":"Po\u010detna stranica","item":"https:\/\/radioljubuski.ba\/"},{"@type":"ListItem","position":2,"name":"Kako je nastao \u010duveni gitaristi\u010dki riff i pjesma &#8220;Smoke On The Water&#8221; grupe Deep Purple?"}]},{"@type":"WebSite","@id":"https:\/\/radioljubuski.ba\/#website","url":"https:\/\/radioljubuski.ba\/","name":"Radio Ljubu\u0161ki","description":"Sun\u010dana frekvencija Hercegovine","publisher":{"@id":"https:\/\/radioljubuski.ba\/#organization"},"potentialAction":[{"@type":"SearchAction","target":{"@type":"EntryPoint","urlTemplate":"https:\/\/radioljubuski.ba\/?s={search_term_string}"},"query-input":{"@type":"PropertyValueSpecification","valueRequired":true,"valueName":"search_term_string"}}],"inLanguage":"hr"},{"@type":"Organization","@id":"https:\/\/radioljubuski.ba\/#organization","name":"Radio Ljubu\u0161ki","url":"https:\/\/radioljubuski.ba\/","logo":{"@type":"ImageObject","inLanguage":"hr","@id":"https:\/\/radioljubuski.ba\/#\/schema\/logo\/image\/","url":"https:\/\/radioljubuski.ba\/wp-content\/uploads\/2021\/02\/cropped-Radio_Ljubuski_logo1.jpg","contentUrl":"https:\/\/radioljubuski.ba\/wp-content\/uploads\/2021\/02\/cropped-Radio_Ljubuski_logo1.jpg","width":512,"height":512,"caption":"Radio Ljubu\u0161ki"},"image":{"@id":"https:\/\/radioljubuski.ba\/#\/schema\/logo\/image\/"},"sameAs":["https:\/\/www.facebook.com\/Radiio-Ljubuski-1490835324566332","https:\/\/x.com\/radioljubuski","https:\/\/hr.linkedin.com\/company\/radio-ljubuski","https:\/\/www.youtube.com\/channel\/UCHYaeO_n0Db3tjNGudGpXyw"]},{"@type":"Person","@id":"https:\/\/radioljubuski.ba\/#\/schema\/person\/19fc700381a780f69665d7956c469e3b","name":"Radio Ljubu\u0161ki"}]}},"_links":{"self":[{"href":"https:\/\/radioljubuski.ba\/index.php\/wp-json\/wp\/v2\/posts\/111600","targetHints":{"allow":["GET"]}}],"collection":[{"href":"https:\/\/radioljubuski.ba\/index.php\/wp-json\/wp\/v2\/posts"}],"about":[{"href":"https:\/\/radioljubuski.ba\/index.php\/wp-json\/wp\/v2\/types\/post"}],"author":[{"embeddable":true,"href":"https:\/\/radioljubuski.ba\/index.php\/wp-json\/wp\/v2\/users\/2"}],"replies":[{"embeddable":true,"href":"https:\/\/radioljubuski.ba\/index.php\/wp-json\/wp\/v2\/comments?post=111600"}],"version-history":[{"count":1,"href":"https:\/\/radioljubuski.ba\/index.php\/wp-json\/wp\/v2\/posts\/111600\/revisions"}],"predecessor-version":[{"id":111602,"href":"https:\/\/radioljubuski.ba\/index.php\/wp-json\/wp\/v2\/posts\/111600\/revisions\/111602"}],"wp:featuredmedia":[{"embeddable":true,"href":"https:\/\/radioljubuski.ba\/index.php\/wp-json\/wp\/v2\/media\/111601"}],"wp:attachment":[{"href":"https:\/\/radioljubuski.ba\/index.php\/wp-json\/wp\/v2\/media?parent=111600"}],"wp:term":[{"taxonomy":"category","embeddable":true,"href":"https:\/\/radioljubuski.ba\/index.php\/wp-json\/wp\/v2\/categories?post=111600"},{"taxonomy":"post_tag","embeddable":true,"href":"https:\/\/radioljubuski.ba\/index.php\/wp-json\/wp\/v2\/tags?post=111600"}],"curies":[{"name":"wp","href":"https:\/\/api.w.org\/{rel}","templated":true}]}}