{"id":111620,"date":"2022-02-07T12:10:32","date_gmt":"2022-02-07T11:10:32","guid":{"rendered":"https:\/\/radioljubuski.ba\/?p=111620"},"modified":"2022-02-07T12:10:36","modified_gmt":"2022-02-07T11:10:36","slug":"odrzana-druga-vecer-dana-pobijenih-hercegovackih-franjevaca","status":"publish","type":"post","link":"https:\/\/radioljubuski.ba\/index.php\/2022\/02\/07\/odrzana-druga-vecer-dana-pobijenih-hercegovackih-franjevaca\/","title":{"rendered":"Odr\u017eana druga ve\u010der \u00bbDana pobijenih hercegova\u010dkih franjevaca\u00ab"},"content":{"rendered":"\n<p>\u0160iroki Brijeg, 5. velja\u010de 2022. (Lucijana Ko\u017eul) \u2013 Molitveni program druge ve\u010deri obilje\u017eavanja \u00bbDana pobijenih hercegova\u010dkih franjevaca\u00ab na \u0160irokom Brijegu zapo\u010deo je ve\u010deras molitvom sv. krunice i razmatranjem u 17.30 koje je predvodio fra Dane Kara\u010di\u0107 s tre\u0107arima. U 18.00 uslijedila je sv. misa zadu\u0161nica. Predslavio ju je fra Marin Kara\u010di\u0107, \u017eupni vikar na Humcu te duhovni asistent Frame u Hercegovini i promicatelj duhovnih zvanja. U punoj prostranoj \u0161irokobrije\u0161koj crkvi sumisili su fratri iz samostana.<\/p>\n\n\n\n<p>Tre\u0107ari su \u010ditali za vrijeme sv. mise i predvodili molitvu vjernika. Misno slavlje pjevanjem su animirali \u010dlanovi zbora sv. Ivana Krstitelja iz Kne\u0161polja pod vodstvom Marka Salavarde.<\/p>\n\n\n\n<p>Fra Marin je svojom propovijedi pozvao sav okupljeni puk i sve one koji prate trodnevnicu putem Radiopostaje \u0160iroki Brijeg da \u010dvrsto prionu uz svoj korijen, svoga Boga te da slijede primjer pokojnih fratara i vjernih \u010dlanova puka Bo\u017ejega. \u00bbJasno nam je da \u0107e biljka ako se otkine od korijena usahnuti. Otkinuta od korijena osu\u0111ena je na propast i umiranje. Kako nam onda nije jasno da \u0107e se isto dogoditi i nama ako se \u201cotkinemo\u201d od svoga korijena, od Stvoritelja. Nedostaje nam tada sre\u0107e, radosti, nedostaje nam ispunjenosti; a odmaknuli smo se od Izvora sre\u0107e, radosti i ispunjenosti. Tra\u017eimo sre\u0107u na krivim mjestima zapustiv\u0161i molitvu, sakramente i odnos s Bogom. O tome nam svjedo\u010de i Kristove rije\u010di dana\u0161njeg evan\u0111elja kada govori da svijet bija\u0161e kao ovce bez pastira. Te rije\u010di bude tugu i u nama, jer toliko puta se i sami tako pona\u0161amo. Idemo za svojim la\u017enim \u201cpastirima\u201d, zavedeni grijehom i vlastitim grije\u0161nim sklonostima lutamo za onim \u0161to nam nudi svijet. Zaboravljamo da onu pravu, istinsku vrijednost nosimo u sebi, a ne na sebi. Stablo koje ima duboko korijenje ne mo\u017ee se lako slomiti ni poljuljati, a samo ono stablo koje je zdravo u korijenu mo\u017ee donijeti plodove. Bez Krista i njegova nauka smo plitki i povr\u0161ni, jer ne mo\u017eemo \u017eivjeti Kristovu rije\u010d ako ju ne upoznamo. Ne mo\u017eemo svjedo\u010diti ako ne znamo \u0161to se od nas tra\u017ei i kakvi bismo trebali biti. Dopustimo Gospodinu da ozdravi i zalije\u010di na\u0161e rane. Neka krv na\u0161ih mu\u010denika natopi na\u0161e korijene da se \u0161to \u010dvr\u0161\u0107e ve\u017eemo za Krista, da na\u0161 \u017eivot, isprepleten Njegovim naukom, bude sna\u017eno svjedo\u010danstvo vjere.\u00ab<\/p>\n\n\n\n<p>Vicepostulator fra Miljenko je dodijelio nagrade na XI. Natje\u010daju, ovaj put za uzrast odrasli. Prvu nagradu dobio je fra \u0160imun \u0160ito \u0106ori\u0107 za pjesmu \u00bb\u0160ezdeset i \u0161est\u00ab, koju je i uglazbio te objavio video spot. Drugu nagradu dobila je Maja Matkovi\u0107. Rad joj nosi naslov \u00bbKomadi\u0107 tkanine\u00ab. Tre\u0107a nagrada oti\u0161la je u ruke Karle Kevo. Napisala je rad pod naslovom \u00bbOtrgnuti od zaborava\u00ab.<\/p>\n\n\n\n<p>Fra Miljenko se na kraju sv. mise zahvalio tre\u0107arima i njihovom voditelju fra Dani Kara\u010di\u0107u koji su na raspolaganju tijekom cijele godine (ure\u0111uju grobnicu pobijenih fratara u crkvi, \u010diste ratno skloni\u0161te, poma\u017eu oko glasila Stopama pobijenih\u2026). Pozvao je nazo\u010dne da nabave glasilo Vicepostulature Stopama pobijenih i objasnio kako obitelj mo\u017ee podi\u0107i kri\u017e svome ubijenom na Groblju mira na Bilima. Najavio je i Hodnju sje\u0107anja od spomenika pobijenih iz nekog mjesta do ratnog skloni\u0161ta i grobnice pobijenih franjevaca na \u0160irokom Brijegu.<\/p>\n\n\n\n<p>Izvor:pobijeni.info<\/p>\n","protected":false},"excerpt":{"rendered":"<p>\u0160iroki Brijeg, 5. velja\u010de 2022. (Lucijana Ko\u017eul) \u2013 Molitveni program druge ve\u010deri obilje\u017eavanja \u00bbDana pobijenih hercegova\u010dkih franjevaca\u00ab na \u0160irokom Brijegu zapo\u010deo je ve\u010deras molitvom sv. krunice i razmatranjem u 17.30 koje je predvodio fra Dane Kara\u010di\u0107 s tre\u0107arima. U 18.00 uslijedila je sv. misa zadu\u0161nica. Predslavio ju je fra Marin Kara\u010di\u0107, \u017eupni vikar na Humcu [&hellip;]<\/p>\n","protected":false},"author":2,"featured_media":111621,"comment_status":"closed","ping_status":"closed","sticky":false,"template":"","format":"standard","meta":{"h5ap_radio_sources":[],"footnotes":""},"categories":[1],"tags":[],"class_list":["post-111620","post","type-post","status-publish","format-standard","has-post-thumbnail","hentry","category-bihiregija"],"yoast_head":"<!-- This site is optimized with the Yoast SEO plugin v27.4 - https:\/\/yoast.com\/product\/yoast-seo-wordpress\/ -->\n<title>Odr\u017eana druga ve\u010der \u00bbDana pobijenih hercegova\u010dkih franjevaca\u00ab - RADIO LJUBU\u0160KI<\/title>\n<meta name=\"robots\" content=\"index, follow, max-snippet:-1, max-image-preview:large, max-video-preview:-1\" \/>\n<link rel=\"canonical\" href=\"https:\/\/radioljubuski.ba\/index.php\/2022\/02\/07\/odrzana-druga-vecer-dana-pobijenih-hercegovackih-franjevaca\/\" \/>\n<meta property=\"og:locale\" content=\"hr_HR\" \/>\n<meta property=\"og:type\" content=\"article\" \/>\n<meta property=\"og:title\" content=\"Odr\u017eana druga ve\u010der \u00bbDana pobijenih hercegova\u010dkih franjevaca\u00ab - RADIO LJUBU\u0160KI\" \/>\n<meta property=\"og:description\" content=\"\u0160iroki Brijeg, 5. velja\u010de 2022. (Lucijana Ko\u017eul) \u2013 Molitveni program druge ve\u010deri obilje\u017eavanja \u00bbDana pobijenih hercegova\u010dkih franjevaca\u00ab na \u0160irokom Brijegu zapo\u010deo je ve\u010deras molitvom sv. krunice i razmatranjem u 17.30 koje je predvodio fra Dane Kara\u010di\u0107 s tre\u0107arima. U 18.00 uslijedila je sv. misa zadu\u0161nica. Predslavio ju je fra Marin Kara\u010di\u0107, \u017eupni vikar na Humcu [&hellip;]\" \/>\n<meta property=\"og:url\" content=\"https:\/\/radioljubuski.ba\/index.php\/2022\/02\/07\/odrzana-druga-vecer-dana-pobijenih-hercegovackih-franjevaca\/\" \/>\n<meta property=\"og:site_name\" content=\"RADIO LJUBU\u0160KI\" \/>\n<meta property=\"article:publisher\" content=\"https:\/\/www.facebook.com\/Radiio-Ljubuski-1490835324566332\" \/>\n<meta property=\"article:published_time\" content=\"2022-02-07T11:10:32+00:00\" \/>\n<meta property=\"article:modified_time\" content=\"2022-02-07T11:10:36+00:00\" \/>\n<meta property=\"og:image\" content=\"https:\/\/radioljubuski.ba\/wp-content\/uploads\/2022\/02\/obljetnica-brig-druga-vecer-22-2048x1365-1.jpg\" \/>\n\t<meta property=\"og:image:width\" content=\"2048\" \/>\n\t<meta property=\"og:image:height\" content=\"1365\" \/>\n\t<meta property=\"og:image:type\" content=\"image\/jpeg\" \/>\n<meta name=\"author\" content=\"Radio Ljubu\u0161ki\" \/>\n<meta name=\"twitter:card\" content=\"summary_large_image\" \/>\n<meta name=\"twitter:creator\" content=\"@radioljubuski\" \/>\n<meta name=\"twitter:site\" content=\"@radioljubuski\" \/>\n<meta name=\"twitter:label1\" content=\"Napisao\/la\" \/>\n\t<meta name=\"twitter:data1\" content=\"Radio Ljubu\u0161ki\" \/>\n\t<meta name=\"twitter:label2\" content=\"Procijenjeno vrijeme \u010ditanja\" \/>\n\t<meta name=\"twitter:data2\" content=\"3 minute\" \/>\n<script type=\"application\/ld+json\" class=\"yoast-schema-graph\">{\"@context\":\"https:\\\/\\\/schema.org\",\"@graph\":[{\"@type\":\"Article\",\"@id\":\"https:\\\/\\\/radioljubuski.ba\\\/index.php\\\/2022\\\/02\\\/07\\\/odrzana-druga-vecer-dana-pobijenih-hercegovackih-franjevaca\\\/#article\",\"isPartOf\":{\"@id\":\"https:\\\/\\\/radioljubuski.ba\\\/index.php\\\/2022\\\/02\\\/07\\\/odrzana-druga-vecer-dana-pobijenih-hercegovackih-franjevaca\\\/\"},\"author\":{\"name\":\"Radio Ljubu\u0161ki\",\"@id\":\"https:\\\/\\\/radioljubuski.ba\\\/#\\\/schema\\\/person\\\/19fc700381a780f69665d7956c469e3b\"},\"headline\":\"Odr\u017eana druga ve\u010der \u00bbDana pobijenih hercegova\u010dkih franjevaca\u00ab\",\"datePublished\":\"2022-02-07T11:10:32+00:00\",\"dateModified\":\"2022-02-07T11:10:36+00:00\",\"mainEntityOfPage\":{\"@id\":\"https:\\\/\\\/radioljubuski.ba\\\/index.php\\\/2022\\\/02\\\/07\\\/odrzana-druga-vecer-dana-pobijenih-hercegovackih-franjevaca\\\/\"},\"wordCount\":577,\"publisher\":{\"@id\":\"https:\\\/\\\/radioljubuski.ba\\\/#organization\"},\"image\":{\"@id\":\"https:\\\/\\\/radioljubuski.ba\\\/index.php\\\/2022\\\/02\\\/07\\\/odrzana-druga-vecer-dana-pobijenih-hercegovackih-franjevaca\\\/#primaryimage\"},\"thumbnailUrl\":\"https:\\\/\\\/radioljubuski.ba\\\/wp-content\\\/uploads\\\/2022\\\/02\\\/obljetnica-brig-druga-vecer-22-2048x1365-1.jpg\",\"articleSection\":[\"BIH i regija\"],\"inLanguage\":\"hr\"},{\"@type\":\"WebPage\",\"@id\":\"https:\\\/\\\/radioljubuski.ba\\\/index.php\\\/2022\\\/02\\\/07\\\/odrzana-druga-vecer-dana-pobijenih-hercegovackih-franjevaca\\\/\",\"url\":\"https:\\\/\\\/radioljubuski.ba\\\/index.php\\\/2022\\\/02\\\/07\\\/odrzana-druga-vecer-dana-pobijenih-hercegovackih-franjevaca\\\/\",\"name\":\"Odr\u017eana druga ve\u010der \u00bbDana pobijenih hercegova\u010dkih franjevaca\u00ab - RADIO LJUBU\u0160KI\",\"isPartOf\":{\"@id\":\"https:\\\/\\\/radioljubuski.ba\\\/#website\"},\"primaryImageOfPage\":{\"@id\":\"https:\\\/\\\/radioljubuski.ba\\\/index.php\\\/2022\\\/02\\\/07\\\/odrzana-druga-vecer-dana-pobijenih-hercegovackih-franjevaca\\\/#primaryimage\"},\"image\":{\"@id\":\"https:\\\/\\\/radioljubuski.ba\\\/index.php\\\/2022\\\/02\\\/07\\\/odrzana-druga-vecer-dana-pobijenih-hercegovackih-franjevaca\\\/#primaryimage\"},\"thumbnailUrl\":\"https:\\\/\\\/radioljubuski.ba\\\/wp-content\\\/uploads\\\/2022\\\/02\\\/obljetnica-brig-druga-vecer-22-2048x1365-1.jpg\",\"datePublished\":\"2022-02-07T11:10:32+00:00\",\"dateModified\":\"2022-02-07T11:10:36+00:00\",\"breadcrumb\":{\"@id\":\"https:\\\/\\\/radioljubuski.ba\\\/index.php\\\/2022\\\/02\\\/07\\\/odrzana-druga-vecer-dana-pobijenih-hercegovackih-franjevaca\\\/#breadcrumb\"},\"inLanguage\":\"hr\",\"potentialAction\":[{\"@type\":\"ReadAction\",\"target\":[\"https:\\\/\\\/radioljubuski.ba\\\/index.php\\\/2022\\\/02\\\/07\\\/odrzana-druga-vecer-dana-pobijenih-hercegovackih-franjevaca\\\/\"]}]},{\"@type\":\"ImageObject\",\"inLanguage\":\"hr\",\"@id\":\"https:\\\/\\\/radioljubuski.ba\\\/index.php\\\/2022\\\/02\\\/07\\\/odrzana-druga-vecer-dana-pobijenih-hercegovackih-franjevaca\\\/#primaryimage\",\"url\":\"https:\\\/\\\/radioljubuski.ba\\\/wp-content\\\/uploads\\\/2022\\\/02\\\/obljetnica-brig-druga-vecer-22-2048x1365-1.jpg\",\"contentUrl\":\"https:\\\/\\\/radioljubuski.ba\\\/wp-content\\\/uploads\\\/2022\\\/02\\\/obljetnica-brig-druga-vecer-22-2048x1365-1.jpg\",\"width\":2048,\"height\":1365},{\"@type\":\"BreadcrumbList\",\"@id\":\"https:\\\/\\\/radioljubuski.ba\\\/index.php\\\/2022\\\/02\\\/07\\\/odrzana-druga-vecer-dana-pobijenih-hercegovackih-franjevaca\\\/#breadcrumb\",\"itemListElement\":[{\"@type\":\"ListItem\",\"position\":1,\"name\":\"Po\u010detna stranica\",\"item\":\"https:\\\/\\\/radioljubuski.ba\\\/\"},{\"@type\":\"ListItem\",\"position\":2,\"name\":\"Odr\u017eana druga ve\u010der \u00bbDana pobijenih hercegova\u010dkih franjevaca\u00ab\"}]},{\"@type\":\"WebSite\",\"@id\":\"https:\\\/\\\/radioljubuski.ba\\\/#website\",\"url\":\"https:\\\/\\\/radioljubuski.ba\\\/\",\"name\":\"Radio Ljubu\u0161ki\",\"description\":\"Sun\u010dana frekvencija Hercegovine\",\"publisher\":{\"@id\":\"https:\\\/\\\/radioljubuski.ba\\\/#organization\"},\"potentialAction\":[{\"@type\":\"SearchAction\",\"target\":{\"@type\":\"EntryPoint\",\"urlTemplate\":\"https:\\\/\\\/radioljubuski.ba\\\/?s={search_term_string}\"},\"query-input\":{\"@type\":\"PropertyValueSpecification\",\"valueRequired\":true,\"valueName\":\"search_term_string\"}}],\"inLanguage\":\"hr\"},{\"@type\":\"Organization\",\"@id\":\"https:\\\/\\\/radioljubuski.ba\\\/#organization\",\"name\":\"Radio Ljubu\u0161ki\",\"url\":\"https:\\\/\\\/radioljubuski.ba\\\/\",\"logo\":{\"@type\":\"ImageObject\",\"inLanguage\":\"hr\",\"@id\":\"https:\\\/\\\/radioljubuski.ba\\\/#\\\/schema\\\/logo\\\/image\\\/\",\"url\":\"https:\\\/\\\/radioljubuski.ba\\\/wp-content\\\/uploads\\\/2021\\\/02\\\/cropped-Radio_Ljubuski_logo1.jpg\",\"contentUrl\":\"https:\\\/\\\/radioljubuski.ba\\\/wp-content\\\/uploads\\\/2021\\\/02\\\/cropped-Radio_Ljubuski_logo1.jpg\",\"width\":512,\"height\":512,\"caption\":\"Radio Ljubu\u0161ki\"},\"image\":{\"@id\":\"https:\\\/\\\/radioljubuski.ba\\\/#\\\/schema\\\/logo\\\/image\\\/\"},\"sameAs\":[\"https:\\\/\\\/www.facebook.com\\\/Radiio-Ljubuski-1490835324566332\",\"https:\\\/\\\/x.com\\\/radioljubuski\",\"https:\\\/\\\/hr.linkedin.com\\\/company\\\/radio-ljubuski\",\"https:\\\/\\\/www.youtube.com\\\/channel\\\/UCHYaeO_n0Db3tjNGudGpXyw\"]},{\"@type\":\"Person\",\"@id\":\"https:\\\/\\\/radioljubuski.ba\\\/#\\\/schema\\\/person\\\/19fc700381a780f69665d7956c469e3b\",\"name\":\"Radio Ljubu\u0161ki\"}]}<\/script>\n<!-- \/ Yoast SEO plugin. -->","yoast_head_json":{"title":"Odr\u017eana druga ve\u010der \u00bbDana pobijenih hercegova\u010dkih franjevaca\u00ab - RADIO LJUBU\u0160KI","robots":{"index":"index","follow":"follow","max-snippet":"max-snippet:-1","max-image-preview":"max-image-preview:large","max-video-preview":"max-video-preview:-1"},"canonical":"https:\/\/radioljubuski.ba\/index.php\/2022\/02\/07\/odrzana-druga-vecer-dana-pobijenih-hercegovackih-franjevaca\/","og_locale":"hr_HR","og_type":"article","og_title":"Odr\u017eana druga ve\u010der \u00bbDana pobijenih hercegova\u010dkih franjevaca\u00ab - RADIO LJUBU\u0160KI","og_description":"\u0160iroki Brijeg, 5. velja\u010de 2022. (Lucijana Ko\u017eul) \u2013 Molitveni program druge ve\u010deri obilje\u017eavanja \u00bbDana pobijenih hercegova\u010dkih franjevaca\u00ab na \u0160irokom Brijegu zapo\u010deo je ve\u010deras molitvom sv. krunice i razmatranjem u 17.30 koje je predvodio fra Dane Kara\u010di\u0107 s tre\u0107arima. U 18.00 uslijedila je sv. misa zadu\u0161nica. Predslavio ju je fra Marin Kara\u010di\u0107, \u017eupni vikar na Humcu [&hellip;]","og_url":"https:\/\/radioljubuski.ba\/index.php\/2022\/02\/07\/odrzana-druga-vecer-dana-pobijenih-hercegovackih-franjevaca\/","og_site_name":"RADIO LJUBU\u0160KI","article_publisher":"https:\/\/www.facebook.com\/Radiio-Ljubuski-1490835324566332","article_published_time":"2022-02-07T11:10:32+00:00","article_modified_time":"2022-02-07T11:10:36+00:00","og_image":[{"width":2048,"height":1365,"url":"https:\/\/radioljubuski.ba\/wp-content\/uploads\/2022\/02\/obljetnica-brig-druga-vecer-22-2048x1365-1.jpg","type":"image\/jpeg"}],"author":"Radio Ljubu\u0161ki","twitter_card":"summary_large_image","twitter_creator":"@radioljubuski","twitter_site":"@radioljubuski","twitter_misc":{"Napisao\/la":"Radio Ljubu\u0161ki","Procijenjeno vrijeme \u010ditanja":"3 minute"},"schema":{"@context":"https:\/\/schema.org","@graph":[{"@type":"Article","@id":"https:\/\/radioljubuski.ba\/index.php\/2022\/02\/07\/odrzana-druga-vecer-dana-pobijenih-hercegovackih-franjevaca\/#article","isPartOf":{"@id":"https:\/\/radioljubuski.ba\/index.php\/2022\/02\/07\/odrzana-druga-vecer-dana-pobijenih-hercegovackih-franjevaca\/"},"author":{"name":"Radio Ljubu\u0161ki","@id":"https:\/\/radioljubuski.ba\/#\/schema\/person\/19fc700381a780f69665d7956c469e3b"},"headline":"Odr\u017eana druga ve\u010der \u00bbDana pobijenih hercegova\u010dkih franjevaca\u00ab","datePublished":"2022-02-07T11:10:32+00:00","dateModified":"2022-02-07T11:10:36+00:00","mainEntityOfPage":{"@id":"https:\/\/radioljubuski.ba\/index.php\/2022\/02\/07\/odrzana-druga-vecer-dana-pobijenih-hercegovackih-franjevaca\/"},"wordCount":577,"publisher":{"@id":"https:\/\/radioljubuski.ba\/#organization"},"image":{"@id":"https:\/\/radioljubuski.ba\/index.php\/2022\/02\/07\/odrzana-druga-vecer-dana-pobijenih-hercegovackih-franjevaca\/#primaryimage"},"thumbnailUrl":"https:\/\/radioljubuski.ba\/wp-content\/uploads\/2022\/02\/obljetnica-brig-druga-vecer-22-2048x1365-1.jpg","articleSection":["BIH i regija"],"inLanguage":"hr"},{"@type":"WebPage","@id":"https:\/\/radioljubuski.ba\/index.php\/2022\/02\/07\/odrzana-druga-vecer-dana-pobijenih-hercegovackih-franjevaca\/","url":"https:\/\/radioljubuski.ba\/index.php\/2022\/02\/07\/odrzana-druga-vecer-dana-pobijenih-hercegovackih-franjevaca\/","name":"Odr\u017eana druga ve\u010der \u00bbDana pobijenih hercegova\u010dkih franjevaca\u00ab - RADIO LJUBU\u0160KI","isPartOf":{"@id":"https:\/\/radioljubuski.ba\/#website"},"primaryImageOfPage":{"@id":"https:\/\/radioljubuski.ba\/index.php\/2022\/02\/07\/odrzana-druga-vecer-dana-pobijenih-hercegovackih-franjevaca\/#primaryimage"},"image":{"@id":"https:\/\/radioljubuski.ba\/index.php\/2022\/02\/07\/odrzana-druga-vecer-dana-pobijenih-hercegovackih-franjevaca\/#primaryimage"},"thumbnailUrl":"https:\/\/radioljubuski.ba\/wp-content\/uploads\/2022\/02\/obljetnica-brig-druga-vecer-22-2048x1365-1.jpg","datePublished":"2022-02-07T11:10:32+00:00","dateModified":"2022-02-07T11:10:36+00:00","breadcrumb":{"@id":"https:\/\/radioljubuski.ba\/index.php\/2022\/02\/07\/odrzana-druga-vecer-dana-pobijenih-hercegovackih-franjevaca\/#breadcrumb"},"inLanguage":"hr","potentialAction":[{"@type":"ReadAction","target":["https:\/\/radioljubuski.ba\/index.php\/2022\/02\/07\/odrzana-druga-vecer-dana-pobijenih-hercegovackih-franjevaca\/"]}]},{"@type":"ImageObject","inLanguage":"hr","@id":"https:\/\/radioljubuski.ba\/index.php\/2022\/02\/07\/odrzana-druga-vecer-dana-pobijenih-hercegovackih-franjevaca\/#primaryimage","url":"https:\/\/radioljubuski.ba\/wp-content\/uploads\/2022\/02\/obljetnica-brig-druga-vecer-22-2048x1365-1.jpg","contentUrl":"https:\/\/radioljubuski.ba\/wp-content\/uploads\/2022\/02\/obljetnica-brig-druga-vecer-22-2048x1365-1.jpg","width":2048,"height":1365},{"@type":"BreadcrumbList","@id":"https:\/\/radioljubuski.ba\/index.php\/2022\/02\/07\/odrzana-druga-vecer-dana-pobijenih-hercegovackih-franjevaca\/#breadcrumb","itemListElement":[{"@type":"ListItem","position":1,"name":"Po\u010detna stranica","item":"https:\/\/radioljubuski.ba\/"},{"@type":"ListItem","position":2,"name":"Odr\u017eana druga ve\u010der \u00bbDana pobijenih hercegova\u010dkih franjevaca\u00ab"}]},{"@type":"WebSite","@id":"https:\/\/radioljubuski.ba\/#website","url":"https:\/\/radioljubuski.ba\/","name":"Radio Ljubu\u0161ki","description":"Sun\u010dana frekvencija Hercegovine","publisher":{"@id":"https:\/\/radioljubuski.ba\/#organization"},"potentialAction":[{"@type":"SearchAction","target":{"@type":"EntryPoint","urlTemplate":"https:\/\/radioljubuski.ba\/?s={search_term_string}"},"query-input":{"@type":"PropertyValueSpecification","valueRequired":true,"valueName":"search_term_string"}}],"inLanguage":"hr"},{"@type":"Organization","@id":"https:\/\/radioljubuski.ba\/#organization","name":"Radio Ljubu\u0161ki","url":"https:\/\/radioljubuski.ba\/","logo":{"@type":"ImageObject","inLanguage":"hr","@id":"https:\/\/radioljubuski.ba\/#\/schema\/logo\/image\/","url":"https:\/\/radioljubuski.ba\/wp-content\/uploads\/2021\/02\/cropped-Radio_Ljubuski_logo1.jpg","contentUrl":"https:\/\/radioljubuski.ba\/wp-content\/uploads\/2021\/02\/cropped-Radio_Ljubuski_logo1.jpg","width":512,"height":512,"caption":"Radio Ljubu\u0161ki"},"image":{"@id":"https:\/\/radioljubuski.ba\/#\/schema\/logo\/image\/"},"sameAs":["https:\/\/www.facebook.com\/Radiio-Ljubuski-1490835324566332","https:\/\/x.com\/radioljubuski","https:\/\/hr.linkedin.com\/company\/radio-ljubuski","https:\/\/www.youtube.com\/channel\/UCHYaeO_n0Db3tjNGudGpXyw"]},{"@type":"Person","@id":"https:\/\/radioljubuski.ba\/#\/schema\/person\/19fc700381a780f69665d7956c469e3b","name":"Radio Ljubu\u0161ki"}]}},"_links":{"self":[{"href":"https:\/\/radioljubuski.ba\/index.php\/wp-json\/wp\/v2\/posts\/111620","targetHints":{"allow":["GET"]}}],"collection":[{"href":"https:\/\/radioljubuski.ba\/index.php\/wp-json\/wp\/v2\/posts"}],"about":[{"href":"https:\/\/radioljubuski.ba\/index.php\/wp-json\/wp\/v2\/types\/post"}],"author":[{"embeddable":true,"href":"https:\/\/radioljubuski.ba\/index.php\/wp-json\/wp\/v2\/users\/2"}],"replies":[{"embeddable":true,"href":"https:\/\/radioljubuski.ba\/index.php\/wp-json\/wp\/v2\/comments?post=111620"}],"version-history":[{"count":1,"href":"https:\/\/radioljubuski.ba\/index.php\/wp-json\/wp\/v2\/posts\/111620\/revisions"}],"predecessor-version":[{"id":111622,"href":"https:\/\/radioljubuski.ba\/index.php\/wp-json\/wp\/v2\/posts\/111620\/revisions\/111622"}],"wp:featuredmedia":[{"embeddable":true,"href":"https:\/\/radioljubuski.ba\/index.php\/wp-json\/wp\/v2\/media\/111621"}],"wp:attachment":[{"href":"https:\/\/radioljubuski.ba\/index.php\/wp-json\/wp\/v2\/media?parent=111620"}],"wp:term":[{"taxonomy":"category","embeddable":true,"href":"https:\/\/radioljubuski.ba\/index.php\/wp-json\/wp\/v2\/categories?post=111620"},{"taxonomy":"post_tag","embeddable":true,"href":"https:\/\/radioljubuski.ba\/index.php\/wp-json\/wp\/v2\/tags?post=111620"}],"curies":[{"name":"wp","href":"https:\/\/api.w.org\/{rel}","templated":true}]}}