{"id":111623,"date":"2022-02-07T12:12:53","date_gmt":"2022-02-07T11:12:53","guid":{"rendered":"https:\/\/radioljubuski.ba\/?p=111623"},"modified":"2022-02-07T12:12:54","modified_gmt":"2022-02-07T11:12:54","slug":"obiljezena-uocnica-77-obljetnice-jugokomunistickog-ubojstva-hercegovackih-franjevaca","status":"publish","type":"post","link":"https:\/\/radioljubuski.ba\/index.php\/2022\/02\/07\/obiljezena-uocnica-77-obljetnice-jugokomunistickog-ubojstva-hercegovackih-franjevaca\/","title":{"rendered":"Obilje\u017eena uo\u010dnica 77. obljetnice jugokomunisti\u010dkog ubojstva hercegova\u010dkih franjevaca"},"content":{"rendered":"\n<p>\u0160iroki Brijeg, 6. velja\u010de 2022. (Lucijana Ko\u017eul) \u2013 Ve\u010deras je u samostanskoj crkvi Uznesenja BDM na \u0160irokom Brijegu nastavljen molitveni program \u00bbDana pobijenih hercegova\u010dkih franjevaca\u00ab u prigodi 77. obljetnice njihova ubojstva. Molitva krunice uobi\u010dajeno je zapo\u010dela u 17.30, a zatim je u 18.00 uslijedila sv. misa zadu\u0161nica koju je predslavio fra Zvonimir Pavi\u010di\u0107, \u017eupni vikar u Me\u0111ugorju i duhovni asistent Franjeva\u010dkog svjetovnog reda. Uz njega su sumisili vicepostulator fra Miljenko Stoji\u0107, fratri iz \u0161irokobrije\u0161kog samostana i \u017eupnik iz Vrgorca, jednoga od strati\u0161ta hercegova\u010dkih franjevaca, fra Josip Repe\u0161a. Prostrana samostanska crkva bila je uobi\u010dajeno ispunjena vjernicima.<\/p>\n\n\n\n<p>Ve\u010dera\u0161nja misna \u010ditanja i molitvu vjernika predvodili su frama\u0161i na \u010delu s fra Augustinom \u010corda\u0161om. Oni su tako\u0111er svojim pjevanjem uveli\u010dali ve\u010dera\u0161nje misno slavlje.<\/p>\n\n\n\n<p>Fra Zvonimir je potaknuo vjernike da sura\u0111uju s Bogom, kao \u0161to su i pobijeni fratri sura\u0111ivali, jer Bog je neprestano nazo\u010dan u na\u0161im \u017eivotima. \u00bbZato se ni mi, bra\u0107o i sestre, ne trebamo pla\u0161iti Bo\u017ejega poziva. On nekada od nas tra\u017ei napu\u0161tanje nekih na\u0161ih zamisli i ideja ili pak snova; ali to ne zna\u010di da \u0107emo ostati osiroma\u0161eni. Naprotiv, postat \u0107emo bogati jer \u0107emo imati samoga Boga uza se. On \u0107e nam kao i \u0160imunu uvijek ponavljati one rije\u010di: \u201cNe boj se! Po\u0111i za mnom!\u201d U ovom promi\u0161ljanju o pozivu, dobro je vidjeti i na\u0161e pobijene fratre kojih se spominjemo ovih dana. Bili su fratri, redovnici. Dakle, i oni su odgovorili na Bo\u017eji poziv. Odgovorili su potpuno, \u010ditavim svojim bi\u0107em. Jer da nisu, ne bi imali hrabrosti ustrajati do kraja, do smrti. Razbje\u017eali bi se ili bi krvnicima uzvratili istom mjerom. U nelogi\u010dnosti svijeta usudili su se slu\u0161ati i nasljedovati Isusove rije\u010di. U svijetu koji je sav bio zarobljen ratom i mr\u017enjom, oni su se odlu\u010dili \u010diniti ono \u0161to im Isus ka\u017ee: opra\u0161tati, pozivati na mir. U trenutcima kad su na sebi osjetili toliku mr\u017enju neprijatelja, nisu posustajali nego su jo\u0161 vi\u0161e produbili svoj poziv i svoju sraslost s Kristovom rije\u010dju te su opra\u0161tali svojim neprijateljima kako ih je Isus nau\u010dio. Ina\u010de ne bi bili dostojni njegova poziva. Bo\u017eji poziv nije mlak, nego sna\u017eno zahva\u0107a \u010ditavoga \u010dovjeka, svaku poru njegova \u017eivota. Zato i \u0160imun dr\u0161\u0107e i boji se, zato Izaija strepi pred objavom Boga, jer Bog tra\u017ei cijeloga \u010dovjeka. A \u010dovjek se razdire izme\u0111u svijeta i Boga, izme\u0111u trenutnog u\u017eitka prolaznosti i trajnog mira kojeg mu Bog nudi. Sigurno su i na\u0161i fratri bili potreseni znaju\u0107i da stoje na rubu \u017eivota. Imali su, kako ka\u017eu svjedoci, priliku izabrati: pogaziti Boga, oglu\u0161iti se na Bo\u017eji poziv ili dr\u017eati se \u010dvrsto Boga. Odlu\u010dili su se za Boga. I uvjeren sam da su u tome trenutku, poput \u0160imuna, \u010duli one Isusove rije\u010di: \u00bbNe boj se!\u00ab, te su tako hrabro pozdravili sestricu smrt.\u00ab<\/p>\n\n\n\n<p>Na ve\u010dera\u0161njoj sv. misi dodijeljene su i nagrade za uzrast mlade\u017e. Prva nagrada pripala je Darki Tusunu, u\u010deniku gimnazije Katoli\u010dkog \u0161kolskog centra Petar Barbari\u0107 u Travniku. Napisao je pjesmu \u00bbZlo\u010din bez kazne\u00ab. Daria Buljan, u\u010denica gimnazije Marka Maruli\u0107a iz Tomislavgrada dobila je drugu nagradu. Rad joj nosi naslov \u00bbPri\u010da jednoga Briga\u00ab. Tre\u0107u nagradu osvojila je Marija Perkovi\u0107, u\u010denica Gimnazije fra Dominika Mandi\u0107a iz \u0160irokog Brijega. Napravila je likovni rad pod naslovom \u00bbNakon tame, svjetlost\u00ab.<\/p>\n\n\n\n<p>Mje\u0161tani Crnih Lokava, Mokrog, Tur\u010dinovi\u0107a i Grada uobi\u010dajeno su danas hodo\u010dastili od spomenika svojim pobijenima do ratnog skloni\u0161ta. Jedna skupina njih tr\u010dala je iz Crnih Lokava. A skupina frama\u0161a iz mostarskog samostana tako\u0111er je hodo\u010dastila na Brig.<\/p>\n\n\n\n<p>Fra Miljenko se svima zahvalio te pozvao na sudjelovanje na sam dan 77. obljetnice, 7. velja\u010de, \u010diji program po\u010dinje u 16.00 pred ratnim skloni\u0161tem gdje su ubijena i zapaljena 12-ica franjevaca iz samostana. Nakon toga ide procesija prema crkvi, molitva na grobnici s posmrtnim ostatcima prona\u0111enih pobijenih franjevaca te sv. misa koju \u0107e predvoditi provincijal dr. fra Miljenko \u0160teko.<\/p>\n\n\n\n<p>Izvor:pobijeni.info<\/p>\n","protected":false},"excerpt":{"rendered":"<p>\u0160iroki Brijeg, 6. velja\u010de 2022. (Lucijana Ko\u017eul) \u2013 Ve\u010deras je u samostanskoj crkvi Uznesenja BDM na \u0160irokom Brijegu nastavljen molitveni program \u00bbDana pobijenih hercegova\u010dkih franjevaca\u00ab u prigodi 77. obljetnice njihova ubojstva. Molitva krunice uobi\u010dajeno je zapo\u010dela u 17.30, a zatim je u 18.00 uslijedila sv. misa zadu\u0161nica koju je predslavio fra Zvonimir Pavi\u010di\u0107, \u017eupni vikar [&hellip;]<\/p>\n","protected":false},"author":2,"featured_media":111624,"comment_status":"closed","ping_status":"closed","sticky":false,"template":"","format":"standard","meta":{"h5ap_radio_sources":[],"footnotes":""},"categories":[1],"tags":[],"class_list":["post-111623","post","type-post","status-publish","format-standard","has-post-thumbnail","hentry","category-bihiregija"],"yoast_head":"<!-- This site is optimized with the Yoast SEO plugin v27.4 - https:\/\/yoast.com\/product\/yoast-seo-wordpress\/ -->\n<title>Obilje\u017eena uo\u010dnica 77. obljetnice jugokomunisti\u010dkog ubojstva hercegova\u010dkih franjevaca - RADIO LJUBU\u0160KI<\/title>\n<meta name=\"robots\" content=\"index, follow, max-snippet:-1, max-image-preview:large, max-video-preview:-1\" \/>\n<link rel=\"canonical\" href=\"https:\/\/radioljubuski.ba\/index.php\/2022\/02\/07\/obiljezena-uocnica-77-obljetnice-jugokomunistickog-ubojstva-hercegovackih-franjevaca\/\" \/>\n<meta property=\"og:locale\" content=\"hr_HR\" \/>\n<meta property=\"og:type\" content=\"article\" \/>\n<meta property=\"og:title\" content=\"Obilje\u017eena uo\u010dnica 77. obljetnice jugokomunisti\u010dkog ubojstva hercegova\u010dkih franjevaca - RADIO LJUBU\u0160KI\" \/>\n<meta property=\"og:description\" content=\"\u0160iroki Brijeg, 6. velja\u010de 2022. (Lucijana Ko\u017eul) \u2013 Ve\u010deras je u samostanskoj crkvi Uznesenja BDM na \u0160irokom Brijegu nastavljen molitveni program \u00bbDana pobijenih hercegova\u010dkih franjevaca\u00ab u prigodi 77. obljetnice njihova ubojstva. Molitva krunice uobi\u010dajeno je zapo\u010dela u 17.30, a zatim je u 18.00 uslijedila sv. misa zadu\u0161nica koju je predslavio fra Zvonimir Pavi\u010di\u0107, \u017eupni vikar [&hellip;]\" \/>\n<meta property=\"og:url\" content=\"https:\/\/radioljubuski.ba\/index.php\/2022\/02\/07\/obiljezena-uocnica-77-obljetnice-jugokomunistickog-ubojstva-hercegovackih-franjevaca\/\" \/>\n<meta property=\"og:site_name\" content=\"RADIO LJUBU\u0160KI\" \/>\n<meta property=\"article:publisher\" content=\"https:\/\/www.facebook.com\/Radiio-Ljubuski-1490835324566332\" \/>\n<meta property=\"article:published_time\" content=\"2022-02-07T11:12:53+00:00\" \/>\n<meta property=\"article:modified_time\" content=\"2022-02-07T11:12:54+00:00\" \/>\n<meta property=\"og:image\" content=\"https:\/\/radioljubuski.ba\/wp-content\/uploads\/2022\/02\/obljetnica-brig-uocnica-22-2048x1365-1.jpg\" \/>\n\t<meta property=\"og:image:width\" content=\"2048\" \/>\n\t<meta property=\"og:image:height\" content=\"1365\" \/>\n\t<meta property=\"og:image:type\" content=\"image\/jpeg\" \/>\n<meta name=\"author\" content=\"Radio Ljubu\u0161ki\" \/>\n<meta name=\"twitter:card\" content=\"summary_large_image\" \/>\n<meta name=\"twitter:creator\" content=\"@radioljubuski\" \/>\n<meta name=\"twitter:site\" content=\"@radioljubuski\" \/>\n<meta name=\"twitter:label1\" content=\"Napisao\/la\" \/>\n\t<meta name=\"twitter:data1\" content=\"Radio Ljubu\u0161ki\" \/>\n\t<meta name=\"twitter:label2\" content=\"Procijenjeno vrijeme \u010ditanja\" \/>\n\t<meta name=\"twitter:data2\" content=\"3 minute\" \/>\n<script type=\"application\/ld+json\" class=\"yoast-schema-graph\">{\"@context\":\"https:\\\/\\\/schema.org\",\"@graph\":[{\"@type\":\"Article\",\"@id\":\"https:\\\/\\\/radioljubuski.ba\\\/index.php\\\/2022\\\/02\\\/07\\\/obiljezena-uocnica-77-obljetnice-jugokomunistickog-ubojstva-hercegovackih-franjevaca\\\/#article\",\"isPartOf\":{\"@id\":\"https:\\\/\\\/radioljubuski.ba\\\/index.php\\\/2022\\\/02\\\/07\\\/obiljezena-uocnica-77-obljetnice-jugokomunistickog-ubojstva-hercegovackih-franjevaca\\\/\"},\"author\":{\"name\":\"Radio Ljubu\u0161ki\",\"@id\":\"https:\\\/\\\/radioljubuski.ba\\\/#\\\/schema\\\/person\\\/19fc700381a780f69665d7956c469e3b\"},\"headline\":\"Obilje\u017eena uo\u010dnica 77. obljetnice jugokomunisti\u010dkog ubojstva hercegova\u010dkih franjevaca\",\"datePublished\":\"2022-02-07T11:12:53+00:00\",\"dateModified\":\"2022-02-07T11:12:54+00:00\",\"mainEntityOfPage\":{\"@id\":\"https:\\\/\\\/radioljubuski.ba\\\/index.php\\\/2022\\\/02\\\/07\\\/obiljezena-uocnica-77-obljetnice-jugokomunistickog-ubojstva-hercegovackih-franjevaca\\\/\"},\"wordCount\":719,\"publisher\":{\"@id\":\"https:\\\/\\\/radioljubuski.ba\\\/#organization\"},\"image\":{\"@id\":\"https:\\\/\\\/radioljubuski.ba\\\/index.php\\\/2022\\\/02\\\/07\\\/obiljezena-uocnica-77-obljetnice-jugokomunistickog-ubojstva-hercegovackih-franjevaca\\\/#primaryimage\"},\"thumbnailUrl\":\"https:\\\/\\\/radioljubuski.ba\\\/wp-content\\\/uploads\\\/2022\\\/02\\\/obljetnica-brig-uocnica-22-2048x1365-1.jpg\",\"articleSection\":[\"BIH i regija\"],\"inLanguage\":\"hr\"},{\"@type\":\"WebPage\",\"@id\":\"https:\\\/\\\/radioljubuski.ba\\\/index.php\\\/2022\\\/02\\\/07\\\/obiljezena-uocnica-77-obljetnice-jugokomunistickog-ubojstva-hercegovackih-franjevaca\\\/\",\"url\":\"https:\\\/\\\/radioljubuski.ba\\\/index.php\\\/2022\\\/02\\\/07\\\/obiljezena-uocnica-77-obljetnice-jugokomunistickog-ubojstva-hercegovackih-franjevaca\\\/\",\"name\":\"Obilje\u017eena uo\u010dnica 77. obljetnice jugokomunisti\u010dkog ubojstva hercegova\u010dkih franjevaca - RADIO LJUBU\u0160KI\",\"isPartOf\":{\"@id\":\"https:\\\/\\\/radioljubuski.ba\\\/#website\"},\"primaryImageOfPage\":{\"@id\":\"https:\\\/\\\/radioljubuski.ba\\\/index.php\\\/2022\\\/02\\\/07\\\/obiljezena-uocnica-77-obljetnice-jugokomunistickog-ubojstva-hercegovackih-franjevaca\\\/#primaryimage\"},\"image\":{\"@id\":\"https:\\\/\\\/radioljubuski.ba\\\/index.php\\\/2022\\\/02\\\/07\\\/obiljezena-uocnica-77-obljetnice-jugokomunistickog-ubojstva-hercegovackih-franjevaca\\\/#primaryimage\"},\"thumbnailUrl\":\"https:\\\/\\\/radioljubuski.ba\\\/wp-content\\\/uploads\\\/2022\\\/02\\\/obljetnica-brig-uocnica-22-2048x1365-1.jpg\",\"datePublished\":\"2022-02-07T11:12:53+00:00\",\"dateModified\":\"2022-02-07T11:12:54+00:00\",\"breadcrumb\":{\"@id\":\"https:\\\/\\\/radioljubuski.ba\\\/index.php\\\/2022\\\/02\\\/07\\\/obiljezena-uocnica-77-obljetnice-jugokomunistickog-ubojstva-hercegovackih-franjevaca\\\/#breadcrumb\"},\"inLanguage\":\"hr\",\"potentialAction\":[{\"@type\":\"ReadAction\",\"target\":[\"https:\\\/\\\/radioljubuski.ba\\\/index.php\\\/2022\\\/02\\\/07\\\/obiljezena-uocnica-77-obljetnice-jugokomunistickog-ubojstva-hercegovackih-franjevaca\\\/\"]}]},{\"@type\":\"ImageObject\",\"inLanguage\":\"hr\",\"@id\":\"https:\\\/\\\/radioljubuski.ba\\\/index.php\\\/2022\\\/02\\\/07\\\/obiljezena-uocnica-77-obljetnice-jugokomunistickog-ubojstva-hercegovackih-franjevaca\\\/#primaryimage\",\"url\":\"https:\\\/\\\/radioljubuski.ba\\\/wp-content\\\/uploads\\\/2022\\\/02\\\/obljetnica-brig-uocnica-22-2048x1365-1.jpg\",\"contentUrl\":\"https:\\\/\\\/radioljubuski.ba\\\/wp-content\\\/uploads\\\/2022\\\/02\\\/obljetnica-brig-uocnica-22-2048x1365-1.jpg\",\"width\":2048,\"height\":1365},{\"@type\":\"BreadcrumbList\",\"@id\":\"https:\\\/\\\/radioljubuski.ba\\\/index.php\\\/2022\\\/02\\\/07\\\/obiljezena-uocnica-77-obljetnice-jugokomunistickog-ubojstva-hercegovackih-franjevaca\\\/#breadcrumb\",\"itemListElement\":[{\"@type\":\"ListItem\",\"position\":1,\"name\":\"Po\u010detna stranica\",\"item\":\"https:\\\/\\\/radioljubuski.ba\\\/\"},{\"@type\":\"ListItem\",\"position\":2,\"name\":\"Obilje\u017eena uo\u010dnica 77. obljetnice jugokomunisti\u010dkog ubojstva hercegova\u010dkih franjevaca\"}]},{\"@type\":\"WebSite\",\"@id\":\"https:\\\/\\\/radioljubuski.ba\\\/#website\",\"url\":\"https:\\\/\\\/radioljubuski.ba\\\/\",\"name\":\"Radio Ljubu\u0161ki\",\"description\":\"Sun\u010dana frekvencija Hercegovine\",\"publisher\":{\"@id\":\"https:\\\/\\\/radioljubuski.ba\\\/#organization\"},\"potentialAction\":[{\"@type\":\"SearchAction\",\"target\":{\"@type\":\"EntryPoint\",\"urlTemplate\":\"https:\\\/\\\/radioljubuski.ba\\\/?s={search_term_string}\"},\"query-input\":{\"@type\":\"PropertyValueSpecification\",\"valueRequired\":true,\"valueName\":\"search_term_string\"}}],\"inLanguage\":\"hr\"},{\"@type\":\"Organization\",\"@id\":\"https:\\\/\\\/radioljubuski.ba\\\/#organization\",\"name\":\"Radio Ljubu\u0161ki\",\"url\":\"https:\\\/\\\/radioljubuski.ba\\\/\",\"logo\":{\"@type\":\"ImageObject\",\"inLanguage\":\"hr\",\"@id\":\"https:\\\/\\\/radioljubuski.ba\\\/#\\\/schema\\\/logo\\\/image\\\/\",\"url\":\"https:\\\/\\\/radioljubuski.ba\\\/wp-content\\\/uploads\\\/2021\\\/02\\\/cropped-Radio_Ljubuski_logo1.jpg\",\"contentUrl\":\"https:\\\/\\\/radioljubuski.ba\\\/wp-content\\\/uploads\\\/2021\\\/02\\\/cropped-Radio_Ljubuski_logo1.jpg\",\"width\":512,\"height\":512,\"caption\":\"Radio Ljubu\u0161ki\"},\"image\":{\"@id\":\"https:\\\/\\\/radioljubuski.ba\\\/#\\\/schema\\\/logo\\\/image\\\/\"},\"sameAs\":[\"https:\\\/\\\/www.facebook.com\\\/Radiio-Ljubuski-1490835324566332\",\"https:\\\/\\\/x.com\\\/radioljubuski\",\"https:\\\/\\\/hr.linkedin.com\\\/company\\\/radio-ljubuski\",\"https:\\\/\\\/www.youtube.com\\\/channel\\\/UCHYaeO_n0Db3tjNGudGpXyw\"]},{\"@type\":\"Person\",\"@id\":\"https:\\\/\\\/radioljubuski.ba\\\/#\\\/schema\\\/person\\\/19fc700381a780f69665d7956c469e3b\",\"name\":\"Radio Ljubu\u0161ki\"}]}<\/script>\n<!-- \/ Yoast SEO plugin. -->","yoast_head_json":{"title":"Obilje\u017eena uo\u010dnica 77. obljetnice jugokomunisti\u010dkog ubojstva hercegova\u010dkih franjevaca - RADIO LJUBU\u0160KI","robots":{"index":"index","follow":"follow","max-snippet":"max-snippet:-1","max-image-preview":"max-image-preview:large","max-video-preview":"max-video-preview:-1"},"canonical":"https:\/\/radioljubuski.ba\/index.php\/2022\/02\/07\/obiljezena-uocnica-77-obljetnice-jugokomunistickog-ubojstva-hercegovackih-franjevaca\/","og_locale":"hr_HR","og_type":"article","og_title":"Obilje\u017eena uo\u010dnica 77. obljetnice jugokomunisti\u010dkog ubojstva hercegova\u010dkih franjevaca - RADIO LJUBU\u0160KI","og_description":"\u0160iroki Brijeg, 6. velja\u010de 2022. (Lucijana Ko\u017eul) \u2013 Ve\u010deras je u samostanskoj crkvi Uznesenja BDM na \u0160irokom Brijegu nastavljen molitveni program \u00bbDana pobijenih hercegova\u010dkih franjevaca\u00ab u prigodi 77. obljetnice njihova ubojstva. Molitva krunice uobi\u010dajeno je zapo\u010dela u 17.30, a zatim je u 18.00 uslijedila sv. misa zadu\u0161nica koju je predslavio fra Zvonimir Pavi\u010di\u0107, \u017eupni vikar [&hellip;]","og_url":"https:\/\/radioljubuski.ba\/index.php\/2022\/02\/07\/obiljezena-uocnica-77-obljetnice-jugokomunistickog-ubojstva-hercegovackih-franjevaca\/","og_site_name":"RADIO LJUBU\u0160KI","article_publisher":"https:\/\/www.facebook.com\/Radiio-Ljubuski-1490835324566332","article_published_time":"2022-02-07T11:12:53+00:00","article_modified_time":"2022-02-07T11:12:54+00:00","og_image":[{"width":2048,"height":1365,"url":"https:\/\/radioljubuski.ba\/wp-content\/uploads\/2022\/02\/obljetnica-brig-uocnica-22-2048x1365-1.jpg","type":"image\/jpeg"}],"author":"Radio Ljubu\u0161ki","twitter_card":"summary_large_image","twitter_creator":"@radioljubuski","twitter_site":"@radioljubuski","twitter_misc":{"Napisao\/la":"Radio Ljubu\u0161ki","Procijenjeno vrijeme \u010ditanja":"3 minute"},"schema":{"@context":"https:\/\/schema.org","@graph":[{"@type":"Article","@id":"https:\/\/radioljubuski.ba\/index.php\/2022\/02\/07\/obiljezena-uocnica-77-obljetnice-jugokomunistickog-ubojstva-hercegovackih-franjevaca\/#article","isPartOf":{"@id":"https:\/\/radioljubuski.ba\/index.php\/2022\/02\/07\/obiljezena-uocnica-77-obljetnice-jugokomunistickog-ubojstva-hercegovackih-franjevaca\/"},"author":{"name":"Radio Ljubu\u0161ki","@id":"https:\/\/radioljubuski.ba\/#\/schema\/person\/19fc700381a780f69665d7956c469e3b"},"headline":"Obilje\u017eena uo\u010dnica 77. obljetnice jugokomunisti\u010dkog ubojstva hercegova\u010dkih franjevaca","datePublished":"2022-02-07T11:12:53+00:00","dateModified":"2022-02-07T11:12:54+00:00","mainEntityOfPage":{"@id":"https:\/\/radioljubuski.ba\/index.php\/2022\/02\/07\/obiljezena-uocnica-77-obljetnice-jugokomunistickog-ubojstva-hercegovackih-franjevaca\/"},"wordCount":719,"publisher":{"@id":"https:\/\/radioljubuski.ba\/#organization"},"image":{"@id":"https:\/\/radioljubuski.ba\/index.php\/2022\/02\/07\/obiljezena-uocnica-77-obljetnice-jugokomunistickog-ubojstva-hercegovackih-franjevaca\/#primaryimage"},"thumbnailUrl":"https:\/\/radioljubuski.ba\/wp-content\/uploads\/2022\/02\/obljetnica-brig-uocnica-22-2048x1365-1.jpg","articleSection":["BIH i regija"],"inLanguage":"hr"},{"@type":"WebPage","@id":"https:\/\/radioljubuski.ba\/index.php\/2022\/02\/07\/obiljezena-uocnica-77-obljetnice-jugokomunistickog-ubojstva-hercegovackih-franjevaca\/","url":"https:\/\/radioljubuski.ba\/index.php\/2022\/02\/07\/obiljezena-uocnica-77-obljetnice-jugokomunistickog-ubojstva-hercegovackih-franjevaca\/","name":"Obilje\u017eena uo\u010dnica 77. obljetnice jugokomunisti\u010dkog ubojstva hercegova\u010dkih franjevaca - RADIO LJUBU\u0160KI","isPartOf":{"@id":"https:\/\/radioljubuski.ba\/#website"},"primaryImageOfPage":{"@id":"https:\/\/radioljubuski.ba\/index.php\/2022\/02\/07\/obiljezena-uocnica-77-obljetnice-jugokomunistickog-ubojstva-hercegovackih-franjevaca\/#primaryimage"},"image":{"@id":"https:\/\/radioljubuski.ba\/index.php\/2022\/02\/07\/obiljezena-uocnica-77-obljetnice-jugokomunistickog-ubojstva-hercegovackih-franjevaca\/#primaryimage"},"thumbnailUrl":"https:\/\/radioljubuski.ba\/wp-content\/uploads\/2022\/02\/obljetnica-brig-uocnica-22-2048x1365-1.jpg","datePublished":"2022-02-07T11:12:53+00:00","dateModified":"2022-02-07T11:12:54+00:00","breadcrumb":{"@id":"https:\/\/radioljubuski.ba\/index.php\/2022\/02\/07\/obiljezena-uocnica-77-obljetnice-jugokomunistickog-ubojstva-hercegovackih-franjevaca\/#breadcrumb"},"inLanguage":"hr","potentialAction":[{"@type":"ReadAction","target":["https:\/\/radioljubuski.ba\/index.php\/2022\/02\/07\/obiljezena-uocnica-77-obljetnice-jugokomunistickog-ubojstva-hercegovackih-franjevaca\/"]}]},{"@type":"ImageObject","inLanguage":"hr","@id":"https:\/\/radioljubuski.ba\/index.php\/2022\/02\/07\/obiljezena-uocnica-77-obljetnice-jugokomunistickog-ubojstva-hercegovackih-franjevaca\/#primaryimage","url":"https:\/\/radioljubuski.ba\/wp-content\/uploads\/2022\/02\/obljetnica-brig-uocnica-22-2048x1365-1.jpg","contentUrl":"https:\/\/radioljubuski.ba\/wp-content\/uploads\/2022\/02\/obljetnica-brig-uocnica-22-2048x1365-1.jpg","width":2048,"height":1365},{"@type":"BreadcrumbList","@id":"https:\/\/radioljubuski.ba\/index.php\/2022\/02\/07\/obiljezena-uocnica-77-obljetnice-jugokomunistickog-ubojstva-hercegovackih-franjevaca\/#breadcrumb","itemListElement":[{"@type":"ListItem","position":1,"name":"Po\u010detna stranica","item":"https:\/\/radioljubuski.ba\/"},{"@type":"ListItem","position":2,"name":"Obilje\u017eena uo\u010dnica 77. obljetnice jugokomunisti\u010dkog ubojstva hercegova\u010dkih franjevaca"}]},{"@type":"WebSite","@id":"https:\/\/radioljubuski.ba\/#website","url":"https:\/\/radioljubuski.ba\/","name":"Radio Ljubu\u0161ki","description":"Sun\u010dana frekvencija Hercegovine","publisher":{"@id":"https:\/\/radioljubuski.ba\/#organization"},"potentialAction":[{"@type":"SearchAction","target":{"@type":"EntryPoint","urlTemplate":"https:\/\/radioljubuski.ba\/?s={search_term_string}"},"query-input":{"@type":"PropertyValueSpecification","valueRequired":true,"valueName":"search_term_string"}}],"inLanguage":"hr"},{"@type":"Organization","@id":"https:\/\/radioljubuski.ba\/#organization","name":"Radio Ljubu\u0161ki","url":"https:\/\/radioljubuski.ba\/","logo":{"@type":"ImageObject","inLanguage":"hr","@id":"https:\/\/radioljubuski.ba\/#\/schema\/logo\/image\/","url":"https:\/\/radioljubuski.ba\/wp-content\/uploads\/2021\/02\/cropped-Radio_Ljubuski_logo1.jpg","contentUrl":"https:\/\/radioljubuski.ba\/wp-content\/uploads\/2021\/02\/cropped-Radio_Ljubuski_logo1.jpg","width":512,"height":512,"caption":"Radio Ljubu\u0161ki"},"image":{"@id":"https:\/\/radioljubuski.ba\/#\/schema\/logo\/image\/"},"sameAs":["https:\/\/www.facebook.com\/Radiio-Ljubuski-1490835324566332","https:\/\/x.com\/radioljubuski","https:\/\/hr.linkedin.com\/company\/radio-ljubuski","https:\/\/www.youtube.com\/channel\/UCHYaeO_n0Db3tjNGudGpXyw"]},{"@type":"Person","@id":"https:\/\/radioljubuski.ba\/#\/schema\/person\/19fc700381a780f69665d7956c469e3b","name":"Radio Ljubu\u0161ki"}]}},"_links":{"self":[{"href":"https:\/\/radioljubuski.ba\/index.php\/wp-json\/wp\/v2\/posts\/111623","targetHints":{"allow":["GET"]}}],"collection":[{"href":"https:\/\/radioljubuski.ba\/index.php\/wp-json\/wp\/v2\/posts"}],"about":[{"href":"https:\/\/radioljubuski.ba\/index.php\/wp-json\/wp\/v2\/types\/post"}],"author":[{"embeddable":true,"href":"https:\/\/radioljubuski.ba\/index.php\/wp-json\/wp\/v2\/users\/2"}],"replies":[{"embeddable":true,"href":"https:\/\/radioljubuski.ba\/index.php\/wp-json\/wp\/v2\/comments?post=111623"}],"version-history":[{"count":1,"href":"https:\/\/radioljubuski.ba\/index.php\/wp-json\/wp\/v2\/posts\/111623\/revisions"}],"predecessor-version":[{"id":111625,"href":"https:\/\/radioljubuski.ba\/index.php\/wp-json\/wp\/v2\/posts\/111623\/revisions\/111625"}],"wp:featuredmedia":[{"embeddable":true,"href":"https:\/\/radioljubuski.ba\/index.php\/wp-json\/wp\/v2\/media\/111624"}],"wp:attachment":[{"href":"https:\/\/radioljubuski.ba\/index.php\/wp-json\/wp\/v2\/media?parent=111623"}],"wp:term":[{"taxonomy":"category","embeddable":true,"href":"https:\/\/radioljubuski.ba\/index.php\/wp-json\/wp\/v2\/categories?post=111623"},{"taxonomy":"post_tag","embeddable":true,"href":"https:\/\/radioljubuski.ba\/index.php\/wp-json\/wp\/v2\/tags?post=111623"}],"curies":[{"name":"wp","href":"https:\/\/api.w.org\/{rel}","templated":true}]}}