{"id":111662,"date":"2022-02-07T13:09:14","date_gmt":"2022-02-07T12:09:14","guid":{"rendered":"https:\/\/radioljubuski.ba\/?p=111662"},"modified":"2022-02-07T13:09:16","modified_gmt":"2022-02-07T12:09:16","slug":"u-skb-mostar-preminulo-11-osoba-u-hnz-u-512-novozarazenih","status":"publish","type":"post","link":"https:\/\/radioljubuski.ba\/index.php\/2022\/02\/07\/u-skb-mostar-preminulo-11-osoba-u-hnz-u-512-novozarazenih\/","title":{"rendered":"U SKB Mostar preminulo 11 osoba, u HN\u017d-u 512 novozara\u017eenih"},"content":{"rendered":"\n<p>U COVID-19 bolnici Sveu\u010dili\u0161ne klini\u010dke bolnice Mostar tijekom vikenda preminulo je 11 bolesnika od kojih 9 iz Hercegova\u010dko-neretvanske \u017eupanije: mu\u0161karac iz Mostara ro\u0111en 1958. godine, mu\u0161karac iz Mostara ro\u0111en 1947. godine, \u017eena iz Mostara ro\u0111ena 1934. godine, \u017eena iz Mostara ro\u0111ena 1936. godine, \u017eena iz \u010capljine ro\u0111ena 1934. godine, \u017eena iz \u010capljine ro\u0111ena 1945. godine, mu\u0161karac iz Prozora-Rame ro\u0111en 1940. godine, mu\u0161karac iz Mostara ro\u0111en 1935. godine i mu\u0161karac iz Konjica ro\u0111en 1939. godine i 2 iz \u017dupanije Zapadnohercegova\u010dke: mu\u0161karac iz Gruda ro\u0111en 1930. godine i \u017eena iz \u0160irokog Brijega ro\u0111ena 1957. godine.<\/p>\n\n\n\n<p>Na bolni\u010dkom lije\u010denju trenutno je 128 bolesnika, od kojih je 13 na invazivnoj i 4 na neinvazivnoj mehani\u010dkoj ventilaciji, a ostali su klini\u010dki stabilno. &nbsp;<\/p>\n\n\n\n<p>U Zavodu za mikrobiologiju i molekularnu dijagnostiku SKB Mostar testirana su 1463 uzorka. U Hercegova\u010dko-neretvanskoj \u017eupaniji pozitivnih je 512: 339 iz Mostara, 31 iz \u010capljine, 18 iz \u010citluka, 58 iz Jablanice, 16 iz Stoca, 19 iz Neuma, 6 iz Prozor-Rame i 25 iz Konjica.<\/p>\n\n\n\n<p>Izvor:pogled.ba<\/p>\n","protected":false},"excerpt":{"rendered":"<p>U COVID-19 bolnici Sveu\u010dili\u0161ne klini\u010dke bolnice Mostar tijekom vikenda preminulo je 11 bolesnika od kojih 9 iz Hercegova\u010dko-neretvanske \u017eupanije: mu\u0161karac iz Mostara ro\u0111en 1958. godine, mu\u0161karac iz Mostara ro\u0111en 1947. godine, \u017eena iz Mostara ro\u0111ena 1934. godine, \u017eena iz Mostara ro\u0111ena 1936. godine, \u017eena iz \u010capljine ro\u0111ena 1934. godine, \u017eena iz \u010capljine ro\u0111ena 1945. godine, [&hellip;]<\/p>\n","protected":false},"author":2,"featured_media":85693,"comment_status":"closed","ping_status":"closed","sticky":false,"template":"","format":"standard","meta":{"h5ap_radio_sources":[],"footnotes":""},"categories":[1],"tags":[],"class_list":["post-111662","post","type-post","status-publish","format-standard","has-post-thumbnail","hentry","category-bihiregija"],"yoast_head":"<!-- This site is optimized with the Yoast SEO plugin v27.4 - https:\/\/yoast.com\/product\/yoast-seo-wordpress\/ -->\n<title>U SKB Mostar preminulo 11 osoba, u HN\u017d-u 512 novozara\u017eenih - RADIO LJUBU\u0160KI<\/title>\n<meta name=\"robots\" content=\"index, follow, max-snippet:-1, max-image-preview:large, max-video-preview:-1\" \/>\n<link rel=\"canonical\" href=\"https:\/\/radioljubuski.ba\/index.php\/2022\/02\/07\/u-skb-mostar-preminulo-11-osoba-u-hnz-u-512-novozarazenih\/\" \/>\n<meta property=\"og:locale\" content=\"hr_HR\" \/>\n<meta property=\"og:type\" content=\"article\" \/>\n<meta property=\"og:title\" content=\"U SKB Mostar preminulo 11 osoba, u HN\u017d-u 512 novozara\u017eenih - RADIO LJUBU\u0160KI\" \/>\n<meta property=\"og:description\" content=\"U COVID-19 bolnici Sveu\u010dili\u0161ne klini\u010dke bolnice Mostar tijekom vikenda preminulo je 11 bolesnika od kojih 9 iz Hercegova\u010dko-neretvanske \u017eupanije: mu\u0161karac iz Mostara ro\u0111en 1958. godine, mu\u0161karac iz Mostara ro\u0111en 1947. godine, \u017eena iz Mostara ro\u0111ena 1934. godine, \u017eena iz Mostara ro\u0111ena 1936. godine, \u017eena iz \u010capljine ro\u0111ena 1934. godine, \u017eena iz \u010capljine ro\u0111ena 1945. godine, [&hellip;]\" \/>\n<meta property=\"og:url\" content=\"https:\/\/radioljubuski.ba\/index.php\/2022\/02\/07\/u-skb-mostar-preminulo-11-osoba-u-hnz-u-512-novozarazenih\/\" \/>\n<meta property=\"og:site_name\" content=\"RADIO LJUBU\u0160KI\" \/>\n<meta property=\"article:publisher\" content=\"https:\/\/www.facebook.com\/Radiio-Ljubuski-1490835324566332\" \/>\n<meta property=\"article:published_time\" content=\"2022-02-07T12:09:14+00:00\" \/>\n<meta property=\"article:modified_time\" content=\"2022-02-07T12:09:16+00:00\" \/>\n<meta property=\"og:image\" content=\"https:\/\/radioljubuski.ba\/wp-content\/uploads\/2021\/11\/korona.jpg\" \/>\n\t<meta property=\"og:image:width\" content=\"1024\" \/>\n\t<meta property=\"og:image:height\" content=\"627\" \/>\n\t<meta property=\"og:image:type\" content=\"image\/jpeg\" \/>\n<meta name=\"author\" content=\"Radio Ljubu\u0161ki\" \/>\n<meta name=\"twitter:card\" content=\"summary_large_image\" \/>\n<meta name=\"twitter:creator\" content=\"@radioljubuski\" \/>\n<meta name=\"twitter:site\" content=\"@radioljubuski\" \/>\n<meta name=\"twitter:label1\" content=\"Napisao\/la\" \/>\n\t<meta name=\"twitter:data1\" content=\"Radio Ljubu\u0161ki\" \/>\n\t<meta name=\"twitter:label2\" content=\"Procijenjeno vrijeme \u010ditanja\" \/>\n\t<meta name=\"twitter:data2\" content=\"1 minuta\" \/>\n<script type=\"application\/ld+json\" class=\"yoast-schema-graph\">{\"@context\":\"https:\\\/\\\/schema.org\",\"@graph\":[{\"@type\":\"Article\",\"@id\":\"https:\\\/\\\/radioljubuski.ba\\\/index.php\\\/2022\\\/02\\\/07\\\/u-skb-mostar-preminulo-11-osoba-u-hnz-u-512-novozarazenih\\\/#article\",\"isPartOf\":{\"@id\":\"https:\\\/\\\/radioljubuski.ba\\\/index.php\\\/2022\\\/02\\\/07\\\/u-skb-mostar-preminulo-11-osoba-u-hnz-u-512-novozarazenih\\\/\"},\"author\":{\"name\":\"Radio Ljubu\u0161ki\",\"@id\":\"https:\\\/\\\/radioljubuski.ba\\\/#\\\/schema\\\/person\\\/19fc700381a780f69665d7956c469e3b\"},\"headline\":\"U SKB Mostar preminulo 11 osoba, u HN\u017d-u 512 novozara\u017eenih\",\"datePublished\":\"2022-02-07T12:09:14+00:00\",\"dateModified\":\"2022-02-07T12:09:16+00:00\",\"mainEntityOfPage\":{\"@id\":\"https:\\\/\\\/radioljubuski.ba\\\/index.php\\\/2022\\\/02\\\/07\\\/u-skb-mostar-preminulo-11-osoba-u-hnz-u-512-novozarazenih\\\/\"},\"wordCount\":175,\"publisher\":{\"@id\":\"https:\\\/\\\/radioljubuski.ba\\\/#organization\"},\"image\":{\"@id\":\"https:\\\/\\\/radioljubuski.ba\\\/index.php\\\/2022\\\/02\\\/07\\\/u-skb-mostar-preminulo-11-osoba-u-hnz-u-512-novozarazenih\\\/#primaryimage\"},\"thumbnailUrl\":\"https:\\\/\\\/radioljubuski.ba\\\/wp-content\\\/uploads\\\/2021\\\/11\\\/korona.jpg\",\"articleSection\":[\"BIH i regija\"],\"inLanguage\":\"hr\"},{\"@type\":\"WebPage\",\"@id\":\"https:\\\/\\\/radioljubuski.ba\\\/index.php\\\/2022\\\/02\\\/07\\\/u-skb-mostar-preminulo-11-osoba-u-hnz-u-512-novozarazenih\\\/\",\"url\":\"https:\\\/\\\/radioljubuski.ba\\\/index.php\\\/2022\\\/02\\\/07\\\/u-skb-mostar-preminulo-11-osoba-u-hnz-u-512-novozarazenih\\\/\",\"name\":\"U SKB Mostar preminulo 11 osoba, u HN\u017d-u 512 novozara\u017eenih - RADIO LJUBU\u0160KI\",\"isPartOf\":{\"@id\":\"https:\\\/\\\/radioljubuski.ba\\\/#website\"},\"primaryImageOfPage\":{\"@id\":\"https:\\\/\\\/radioljubuski.ba\\\/index.php\\\/2022\\\/02\\\/07\\\/u-skb-mostar-preminulo-11-osoba-u-hnz-u-512-novozarazenih\\\/#primaryimage\"},\"image\":{\"@id\":\"https:\\\/\\\/radioljubuski.ba\\\/index.php\\\/2022\\\/02\\\/07\\\/u-skb-mostar-preminulo-11-osoba-u-hnz-u-512-novozarazenih\\\/#primaryimage\"},\"thumbnailUrl\":\"https:\\\/\\\/radioljubuski.ba\\\/wp-content\\\/uploads\\\/2021\\\/11\\\/korona.jpg\",\"datePublished\":\"2022-02-07T12:09:14+00:00\",\"dateModified\":\"2022-02-07T12:09:16+00:00\",\"breadcrumb\":{\"@id\":\"https:\\\/\\\/radioljubuski.ba\\\/index.php\\\/2022\\\/02\\\/07\\\/u-skb-mostar-preminulo-11-osoba-u-hnz-u-512-novozarazenih\\\/#breadcrumb\"},\"inLanguage\":\"hr\",\"potentialAction\":[{\"@type\":\"ReadAction\",\"target\":[\"https:\\\/\\\/radioljubuski.ba\\\/index.php\\\/2022\\\/02\\\/07\\\/u-skb-mostar-preminulo-11-osoba-u-hnz-u-512-novozarazenih\\\/\"]}]},{\"@type\":\"ImageObject\",\"inLanguage\":\"hr\",\"@id\":\"https:\\\/\\\/radioljubuski.ba\\\/index.php\\\/2022\\\/02\\\/07\\\/u-skb-mostar-preminulo-11-osoba-u-hnz-u-512-novozarazenih\\\/#primaryimage\",\"url\":\"https:\\\/\\\/radioljubuski.ba\\\/wp-content\\\/uploads\\\/2021\\\/11\\\/korona.jpg\",\"contentUrl\":\"https:\\\/\\\/radioljubuski.ba\\\/wp-content\\\/uploads\\\/2021\\\/11\\\/korona.jpg\",\"width\":1024,\"height\":627},{\"@type\":\"BreadcrumbList\",\"@id\":\"https:\\\/\\\/radioljubuski.ba\\\/index.php\\\/2022\\\/02\\\/07\\\/u-skb-mostar-preminulo-11-osoba-u-hnz-u-512-novozarazenih\\\/#breadcrumb\",\"itemListElement\":[{\"@type\":\"ListItem\",\"position\":1,\"name\":\"Po\u010detna stranica\",\"item\":\"https:\\\/\\\/radioljubuski.ba\\\/\"},{\"@type\":\"ListItem\",\"position\":2,\"name\":\"U SKB Mostar preminulo 11 osoba, u HN\u017d-u 512 novozara\u017eenih\"}]},{\"@type\":\"WebSite\",\"@id\":\"https:\\\/\\\/radioljubuski.ba\\\/#website\",\"url\":\"https:\\\/\\\/radioljubuski.ba\\\/\",\"name\":\"Radio Ljubu\u0161ki\",\"description\":\"Sun\u010dana frekvencija Hercegovine\",\"publisher\":{\"@id\":\"https:\\\/\\\/radioljubuski.ba\\\/#organization\"},\"potentialAction\":[{\"@type\":\"SearchAction\",\"target\":{\"@type\":\"EntryPoint\",\"urlTemplate\":\"https:\\\/\\\/radioljubuski.ba\\\/?s={search_term_string}\"},\"query-input\":{\"@type\":\"PropertyValueSpecification\",\"valueRequired\":true,\"valueName\":\"search_term_string\"}}],\"inLanguage\":\"hr\"},{\"@type\":\"Organization\",\"@id\":\"https:\\\/\\\/radioljubuski.ba\\\/#organization\",\"name\":\"Radio Ljubu\u0161ki\",\"url\":\"https:\\\/\\\/radioljubuski.ba\\\/\",\"logo\":{\"@type\":\"ImageObject\",\"inLanguage\":\"hr\",\"@id\":\"https:\\\/\\\/radioljubuski.ba\\\/#\\\/schema\\\/logo\\\/image\\\/\",\"url\":\"https:\\\/\\\/radioljubuski.ba\\\/wp-content\\\/uploads\\\/2021\\\/02\\\/cropped-Radio_Ljubuski_logo1.jpg\",\"contentUrl\":\"https:\\\/\\\/radioljubuski.ba\\\/wp-content\\\/uploads\\\/2021\\\/02\\\/cropped-Radio_Ljubuski_logo1.jpg\",\"width\":512,\"height\":512,\"caption\":\"Radio Ljubu\u0161ki\"},\"image\":{\"@id\":\"https:\\\/\\\/radioljubuski.ba\\\/#\\\/schema\\\/logo\\\/image\\\/\"},\"sameAs\":[\"https:\\\/\\\/www.facebook.com\\\/Radiio-Ljubuski-1490835324566332\",\"https:\\\/\\\/x.com\\\/radioljubuski\",\"https:\\\/\\\/hr.linkedin.com\\\/company\\\/radio-ljubuski\",\"https:\\\/\\\/www.youtube.com\\\/channel\\\/UCHYaeO_n0Db3tjNGudGpXyw\"]},{\"@type\":\"Person\",\"@id\":\"https:\\\/\\\/radioljubuski.ba\\\/#\\\/schema\\\/person\\\/19fc700381a780f69665d7956c469e3b\",\"name\":\"Radio Ljubu\u0161ki\"}]}<\/script>\n<!-- \/ Yoast SEO plugin. -->","yoast_head_json":{"title":"U SKB Mostar preminulo 11 osoba, u HN\u017d-u 512 novozara\u017eenih - RADIO LJUBU\u0160KI","robots":{"index":"index","follow":"follow","max-snippet":"max-snippet:-1","max-image-preview":"max-image-preview:large","max-video-preview":"max-video-preview:-1"},"canonical":"https:\/\/radioljubuski.ba\/index.php\/2022\/02\/07\/u-skb-mostar-preminulo-11-osoba-u-hnz-u-512-novozarazenih\/","og_locale":"hr_HR","og_type":"article","og_title":"U SKB Mostar preminulo 11 osoba, u HN\u017d-u 512 novozara\u017eenih - RADIO LJUBU\u0160KI","og_description":"U COVID-19 bolnici Sveu\u010dili\u0161ne klini\u010dke bolnice Mostar tijekom vikenda preminulo je 11 bolesnika od kojih 9 iz Hercegova\u010dko-neretvanske \u017eupanije: mu\u0161karac iz Mostara ro\u0111en 1958. godine, mu\u0161karac iz Mostara ro\u0111en 1947. godine, \u017eena iz Mostara ro\u0111ena 1934. godine, \u017eena iz Mostara ro\u0111ena 1936. godine, \u017eena iz \u010capljine ro\u0111ena 1934. godine, \u017eena iz \u010capljine ro\u0111ena 1945. godine, [&hellip;]","og_url":"https:\/\/radioljubuski.ba\/index.php\/2022\/02\/07\/u-skb-mostar-preminulo-11-osoba-u-hnz-u-512-novozarazenih\/","og_site_name":"RADIO LJUBU\u0160KI","article_publisher":"https:\/\/www.facebook.com\/Radiio-Ljubuski-1490835324566332","article_published_time":"2022-02-07T12:09:14+00:00","article_modified_time":"2022-02-07T12:09:16+00:00","og_image":[{"width":1024,"height":627,"url":"https:\/\/radioljubuski.ba\/wp-content\/uploads\/2021\/11\/korona.jpg","type":"image\/jpeg"}],"author":"Radio Ljubu\u0161ki","twitter_card":"summary_large_image","twitter_creator":"@radioljubuski","twitter_site":"@radioljubuski","twitter_misc":{"Napisao\/la":"Radio Ljubu\u0161ki","Procijenjeno vrijeme \u010ditanja":"1 minuta"},"schema":{"@context":"https:\/\/schema.org","@graph":[{"@type":"Article","@id":"https:\/\/radioljubuski.ba\/index.php\/2022\/02\/07\/u-skb-mostar-preminulo-11-osoba-u-hnz-u-512-novozarazenih\/#article","isPartOf":{"@id":"https:\/\/radioljubuski.ba\/index.php\/2022\/02\/07\/u-skb-mostar-preminulo-11-osoba-u-hnz-u-512-novozarazenih\/"},"author":{"name":"Radio Ljubu\u0161ki","@id":"https:\/\/radioljubuski.ba\/#\/schema\/person\/19fc700381a780f69665d7956c469e3b"},"headline":"U SKB Mostar preminulo 11 osoba, u HN\u017d-u 512 novozara\u017eenih","datePublished":"2022-02-07T12:09:14+00:00","dateModified":"2022-02-07T12:09:16+00:00","mainEntityOfPage":{"@id":"https:\/\/radioljubuski.ba\/index.php\/2022\/02\/07\/u-skb-mostar-preminulo-11-osoba-u-hnz-u-512-novozarazenih\/"},"wordCount":175,"publisher":{"@id":"https:\/\/radioljubuski.ba\/#organization"},"image":{"@id":"https:\/\/radioljubuski.ba\/index.php\/2022\/02\/07\/u-skb-mostar-preminulo-11-osoba-u-hnz-u-512-novozarazenih\/#primaryimage"},"thumbnailUrl":"https:\/\/radioljubuski.ba\/wp-content\/uploads\/2021\/11\/korona.jpg","articleSection":["BIH i regija"],"inLanguage":"hr"},{"@type":"WebPage","@id":"https:\/\/radioljubuski.ba\/index.php\/2022\/02\/07\/u-skb-mostar-preminulo-11-osoba-u-hnz-u-512-novozarazenih\/","url":"https:\/\/radioljubuski.ba\/index.php\/2022\/02\/07\/u-skb-mostar-preminulo-11-osoba-u-hnz-u-512-novozarazenih\/","name":"U SKB Mostar preminulo 11 osoba, u HN\u017d-u 512 novozara\u017eenih - RADIO LJUBU\u0160KI","isPartOf":{"@id":"https:\/\/radioljubuski.ba\/#website"},"primaryImageOfPage":{"@id":"https:\/\/radioljubuski.ba\/index.php\/2022\/02\/07\/u-skb-mostar-preminulo-11-osoba-u-hnz-u-512-novozarazenih\/#primaryimage"},"image":{"@id":"https:\/\/radioljubuski.ba\/index.php\/2022\/02\/07\/u-skb-mostar-preminulo-11-osoba-u-hnz-u-512-novozarazenih\/#primaryimage"},"thumbnailUrl":"https:\/\/radioljubuski.ba\/wp-content\/uploads\/2021\/11\/korona.jpg","datePublished":"2022-02-07T12:09:14+00:00","dateModified":"2022-02-07T12:09:16+00:00","breadcrumb":{"@id":"https:\/\/radioljubuski.ba\/index.php\/2022\/02\/07\/u-skb-mostar-preminulo-11-osoba-u-hnz-u-512-novozarazenih\/#breadcrumb"},"inLanguage":"hr","potentialAction":[{"@type":"ReadAction","target":["https:\/\/radioljubuski.ba\/index.php\/2022\/02\/07\/u-skb-mostar-preminulo-11-osoba-u-hnz-u-512-novozarazenih\/"]}]},{"@type":"ImageObject","inLanguage":"hr","@id":"https:\/\/radioljubuski.ba\/index.php\/2022\/02\/07\/u-skb-mostar-preminulo-11-osoba-u-hnz-u-512-novozarazenih\/#primaryimage","url":"https:\/\/radioljubuski.ba\/wp-content\/uploads\/2021\/11\/korona.jpg","contentUrl":"https:\/\/radioljubuski.ba\/wp-content\/uploads\/2021\/11\/korona.jpg","width":1024,"height":627},{"@type":"BreadcrumbList","@id":"https:\/\/radioljubuski.ba\/index.php\/2022\/02\/07\/u-skb-mostar-preminulo-11-osoba-u-hnz-u-512-novozarazenih\/#breadcrumb","itemListElement":[{"@type":"ListItem","position":1,"name":"Po\u010detna stranica","item":"https:\/\/radioljubuski.ba\/"},{"@type":"ListItem","position":2,"name":"U SKB Mostar preminulo 11 osoba, u HN\u017d-u 512 novozara\u017eenih"}]},{"@type":"WebSite","@id":"https:\/\/radioljubuski.ba\/#website","url":"https:\/\/radioljubuski.ba\/","name":"Radio Ljubu\u0161ki","description":"Sun\u010dana frekvencija Hercegovine","publisher":{"@id":"https:\/\/radioljubuski.ba\/#organization"},"potentialAction":[{"@type":"SearchAction","target":{"@type":"EntryPoint","urlTemplate":"https:\/\/radioljubuski.ba\/?s={search_term_string}"},"query-input":{"@type":"PropertyValueSpecification","valueRequired":true,"valueName":"search_term_string"}}],"inLanguage":"hr"},{"@type":"Organization","@id":"https:\/\/radioljubuski.ba\/#organization","name":"Radio Ljubu\u0161ki","url":"https:\/\/radioljubuski.ba\/","logo":{"@type":"ImageObject","inLanguage":"hr","@id":"https:\/\/radioljubuski.ba\/#\/schema\/logo\/image\/","url":"https:\/\/radioljubuski.ba\/wp-content\/uploads\/2021\/02\/cropped-Radio_Ljubuski_logo1.jpg","contentUrl":"https:\/\/radioljubuski.ba\/wp-content\/uploads\/2021\/02\/cropped-Radio_Ljubuski_logo1.jpg","width":512,"height":512,"caption":"Radio Ljubu\u0161ki"},"image":{"@id":"https:\/\/radioljubuski.ba\/#\/schema\/logo\/image\/"},"sameAs":["https:\/\/www.facebook.com\/Radiio-Ljubuski-1490835324566332","https:\/\/x.com\/radioljubuski","https:\/\/hr.linkedin.com\/company\/radio-ljubuski","https:\/\/www.youtube.com\/channel\/UCHYaeO_n0Db3tjNGudGpXyw"]},{"@type":"Person","@id":"https:\/\/radioljubuski.ba\/#\/schema\/person\/19fc700381a780f69665d7956c469e3b","name":"Radio Ljubu\u0161ki"}]}},"_links":{"self":[{"href":"https:\/\/radioljubuski.ba\/index.php\/wp-json\/wp\/v2\/posts\/111662","targetHints":{"allow":["GET"]}}],"collection":[{"href":"https:\/\/radioljubuski.ba\/index.php\/wp-json\/wp\/v2\/posts"}],"about":[{"href":"https:\/\/radioljubuski.ba\/index.php\/wp-json\/wp\/v2\/types\/post"}],"author":[{"embeddable":true,"href":"https:\/\/radioljubuski.ba\/index.php\/wp-json\/wp\/v2\/users\/2"}],"replies":[{"embeddable":true,"href":"https:\/\/radioljubuski.ba\/index.php\/wp-json\/wp\/v2\/comments?post=111662"}],"version-history":[{"count":1,"href":"https:\/\/radioljubuski.ba\/index.php\/wp-json\/wp\/v2\/posts\/111662\/revisions"}],"predecessor-version":[{"id":111663,"href":"https:\/\/radioljubuski.ba\/index.php\/wp-json\/wp\/v2\/posts\/111662\/revisions\/111663"}],"wp:featuredmedia":[{"embeddable":true,"href":"https:\/\/radioljubuski.ba\/index.php\/wp-json\/wp\/v2\/media\/85693"}],"wp:attachment":[{"href":"https:\/\/radioljubuski.ba\/index.php\/wp-json\/wp\/v2\/media?parent=111662"}],"wp:term":[{"taxonomy":"category","embeddable":true,"href":"https:\/\/radioljubuski.ba\/index.php\/wp-json\/wp\/v2\/categories?post=111662"},{"taxonomy":"post_tag","embeddable":true,"href":"https:\/\/radioljubuski.ba\/index.php\/wp-json\/wp\/v2\/tags?post=111662"}],"curies":[{"name":"wp","href":"https:\/\/api.w.org\/{rel}","templated":true}]}}