{"id":111666,"date":"2022-02-07T13:13:03","date_gmt":"2022-02-07T12:13:03","guid":{"rendered":"https:\/\/radioljubuski.ba\/?p=111666"},"modified":"2022-02-07T13:13:05","modified_gmt":"2022-02-07T12:13:05","slug":"dalmaciju-pogodila-snazna-tuca-u-planinskim-predjelima-pao-i-snijeg-video","status":"publish","type":"post","link":"https:\/\/radioljubuski.ba\/index.php\/2022\/02\/07\/dalmaciju-pogodila-snazna-tuca-u-planinskim-predjelima-pao-i-snijeg-video\/","title":{"rendered":"Dalmaciju pogodila sna\u017ena tu\u010da, u planinskim predjelima pao i snijeg &#8211; video"},"content":{"rendered":"\n<p>Dalmaciju je u ponedjeljak ujutro zahvatila ki\u0161a, a u sjevernijim dijelovima pala je i sna\u017ena tu\u010da, javlja portal <a href=\"https:\/\/www.dalmacijadanas.hr\/video-nevrijeme-s-tucom-zahvatilo-dio-dalmacije-u-planinama-poceo-snijeg\/\" target=\"_blank\" rel=\"noreferrer noopener\">Dalmacija danas.<\/a><\/p>\n\n\n\n<p>Ja\u010di neverini zahvatili su benkova\u010dko podru\u010dje gdje je bilo i tu\u010de, a grmljavinski oblaci brzo se premje\u0161taju prema zale\u0111u \u0160ibensko-kninske \u017eupanije.<\/p>\n\n\n\n<p>U vi\u0161im planinama po\u010deo je padati snijeg, trenutno je dosta visoko, iznad 1400 metara nadmorske visine, no s padom temperature popodne \u0107e ponegdje snje\u017ene granica biti i ispod 500 metara.<\/p>\n\n\n\n<p>U 11 sati najhladnije je u Lici gdje je tek malo iznad nule. Na sjevernom Jadranu i sjevernoj Dalmaciji temperature su od 8 do 12\u00b0C, a ju\u017enije do \u010dak 16 stupnjeva.<\/p>\n\n\n\n<p>Na sjevernom Jadranu je zapuhala bura koja \u0107e se popodne pro\u0161iriti na cijelu obalu i kada \u0107e udari biti preko 100 km\/h. Uskoro se neverini o\u010dekuju i u srednjoj Dalmaciji, no ve\u0107 krajem dana slijedi prestanak oborine i postupno razvedravanje sa zapada.<\/p>\n\n\n\n<p>Prolaskom fronta bit \u0107e hladnije, a osjet hladno\u0107e pove\u0107avat \u0107e vjetar. Zbog bure bit \u0107e ograni\u010denja u cestovnom, ali u prometu morem.<\/p>\n\n\n\n<iframe loading=\"lazy\" title=\"Tu\u010da u sjevernoj Dalmaciji\" width=\"640\" height=\"360\" src=\"https:\/\/www.youtube.com\/embed\/NtD8uN7g4NU?feature=oembed\" frameborder=\"0\" allow=\"accelerometer; autoplay; clipboard-write; encrypted-media; gyroscope; picture-in-picture; web-share\" referrerpolicy=\"strict-origin-when-cross-origin\" allowfullscreen><\/iframe>\n\n\n\n<p>Izvor:dalmacija danas<\/p>\n","protected":false},"excerpt":{"rendered":"<p>Dalmaciju je u ponedjeljak ujutro zahvatila ki\u0161a, a u sjevernijim dijelovima pala je i sna\u017ena tu\u010da, javlja portal Dalmacija danas. Ja\u010di neverini zahvatili su benkova\u010dko podru\u010dje gdje je bilo i tu\u010de, a grmljavinski oblaci brzo se premje\u0161taju prema zale\u0111u \u0160ibensko-kninske \u017eupanije. U vi\u0161im planinama po\u010deo je padati snijeg, trenutno je dosta visoko, iznad 1400 metara [&hellip;]<\/p>\n","protected":false},"author":2,"featured_media":111667,"comment_status":"closed","ping_status":"closed","sticky":false,"template":"","format":"standard","meta":{"h5ap_radio_sources":[],"footnotes":""},"categories":[1],"tags":[],"class_list":["post-111666","post","type-post","status-publish","format-standard","has-post-thumbnail","hentry","category-bihiregija"],"yoast_head":"<!-- This site is optimized with the Yoast SEO plugin v27.4 - https:\/\/yoast.com\/product\/yoast-seo-wordpress\/ -->\n<title>Dalmaciju pogodila sna\u017ena tu\u010da, u planinskim predjelima pao i snijeg - video - RADIO LJUBU\u0160KI<\/title>\n<meta name=\"robots\" content=\"index, follow, max-snippet:-1, max-image-preview:large, max-video-preview:-1\" \/>\n<link rel=\"canonical\" href=\"https:\/\/radioljubuski.ba\/index.php\/2022\/02\/07\/dalmaciju-pogodila-snazna-tuca-u-planinskim-predjelima-pao-i-snijeg-video\/\" \/>\n<meta property=\"og:locale\" content=\"hr_HR\" \/>\n<meta property=\"og:type\" content=\"article\" \/>\n<meta property=\"og:title\" content=\"Dalmaciju pogodila sna\u017ena tu\u010da, u planinskim predjelima pao i snijeg - video - RADIO LJUBU\u0160KI\" \/>\n<meta property=\"og:description\" content=\"Dalmaciju je u ponedjeljak ujutro zahvatila ki\u0161a, a u sjevernijim dijelovima pala je i sna\u017ena tu\u010da, javlja portal Dalmacija danas. Ja\u010di neverini zahvatili su benkova\u010dko podru\u010dje gdje je bilo i tu\u010de, a grmljavinski oblaci brzo se premje\u0161taju prema zale\u0111u \u0160ibensko-kninske \u017eupanije. U vi\u0161im planinama po\u010deo je padati snijeg, trenutno je dosta visoko, iznad 1400 metara [&hellip;]\" \/>\n<meta property=\"og:url\" content=\"https:\/\/radioljubuski.ba\/index.php\/2022\/02\/07\/dalmaciju-pogodila-snazna-tuca-u-planinskim-predjelima-pao-i-snijeg-video\/\" \/>\n<meta property=\"og:site_name\" content=\"RADIO LJUBU\u0160KI\" \/>\n<meta property=\"article:publisher\" content=\"https:\/\/www.facebook.com\/Radiio-Ljubuski-1490835324566332\" \/>\n<meta property=\"article:published_time\" content=\"2022-02-07T12:13:03+00:00\" \/>\n<meta property=\"article:modified_time\" content=\"2022-02-07T12:13:05+00:00\" \/>\n<meta property=\"og:image\" content=\"https:\/\/radioljubuski.ba\/wp-content\/uploads\/2022\/02\/8-2022-02-07-12-14-40-dalmacija-nevrijeme.png\" \/>\n\t<meta property=\"og:image:width\" content=\"1000\" \/>\n\t<meta property=\"og:image:height\" content=\"625\" \/>\n\t<meta property=\"og:image:type\" content=\"image\/png\" \/>\n<meta name=\"author\" content=\"Radio Ljubu\u0161ki\" \/>\n<meta name=\"twitter:card\" content=\"summary_large_image\" \/>\n<meta name=\"twitter:creator\" content=\"@radioljubuski\" \/>\n<meta name=\"twitter:site\" content=\"@radioljubuski\" \/>\n<meta name=\"twitter:label1\" content=\"Napisao\/la\" \/>\n\t<meta name=\"twitter:data1\" content=\"Radio Ljubu\u0161ki\" \/>\n\t<meta name=\"twitter:label2\" content=\"Procijenjeno vrijeme \u010ditanja\" \/>\n\t<meta name=\"twitter:data2\" content=\"1 minuta\" \/>\n<script type=\"application\/ld+json\" class=\"yoast-schema-graph\">{\"@context\":\"https:\\\/\\\/schema.org\",\"@graph\":[{\"@type\":\"Article\",\"@id\":\"https:\\\/\\\/radioljubuski.ba\\\/index.php\\\/2022\\\/02\\\/07\\\/dalmaciju-pogodila-snazna-tuca-u-planinskim-predjelima-pao-i-snijeg-video\\\/#article\",\"isPartOf\":{\"@id\":\"https:\\\/\\\/radioljubuski.ba\\\/index.php\\\/2022\\\/02\\\/07\\\/dalmaciju-pogodila-snazna-tuca-u-planinskim-predjelima-pao-i-snijeg-video\\\/\"},\"author\":{\"name\":\"Radio Ljubu\u0161ki\",\"@id\":\"https:\\\/\\\/radioljubuski.ba\\\/#\\\/schema\\\/person\\\/19fc700381a780f69665d7956c469e3b\"},\"headline\":\"Dalmaciju pogodila sna\u017ena tu\u010da, u planinskim predjelima pao i snijeg &#8211; video\",\"datePublished\":\"2022-02-07T12:13:03+00:00\",\"dateModified\":\"2022-02-07T12:13:05+00:00\",\"mainEntityOfPage\":{\"@id\":\"https:\\\/\\\/radioljubuski.ba\\\/index.php\\\/2022\\\/02\\\/07\\\/dalmaciju-pogodila-snazna-tuca-u-planinskim-predjelima-pao-i-snijeg-video\\\/\"},\"wordCount\":206,\"publisher\":{\"@id\":\"https:\\\/\\\/radioljubuski.ba\\\/#organization\"},\"image\":{\"@id\":\"https:\\\/\\\/radioljubuski.ba\\\/index.php\\\/2022\\\/02\\\/07\\\/dalmaciju-pogodila-snazna-tuca-u-planinskim-predjelima-pao-i-snijeg-video\\\/#primaryimage\"},\"thumbnailUrl\":\"https:\\\/\\\/radioljubuski.ba\\\/wp-content\\\/uploads\\\/2022\\\/02\\\/8-2022-02-07-12-14-40-dalmacija-nevrijeme.png\",\"articleSection\":[\"BIH i regija\"],\"inLanguage\":\"hr\"},{\"@type\":\"WebPage\",\"@id\":\"https:\\\/\\\/radioljubuski.ba\\\/index.php\\\/2022\\\/02\\\/07\\\/dalmaciju-pogodila-snazna-tuca-u-planinskim-predjelima-pao-i-snijeg-video\\\/\",\"url\":\"https:\\\/\\\/radioljubuski.ba\\\/index.php\\\/2022\\\/02\\\/07\\\/dalmaciju-pogodila-snazna-tuca-u-planinskim-predjelima-pao-i-snijeg-video\\\/\",\"name\":\"Dalmaciju pogodila sna\u017ena tu\u010da, u planinskim predjelima pao i snijeg - video - RADIO LJUBU\u0160KI\",\"isPartOf\":{\"@id\":\"https:\\\/\\\/radioljubuski.ba\\\/#website\"},\"primaryImageOfPage\":{\"@id\":\"https:\\\/\\\/radioljubuski.ba\\\/index.php\\\/2022\\\/02\\\/07\\\/dalmaciju-pogodila-snazna-tuca-u-planinskim-predjelima-pao-i-snijeg-video\\\/#primaryimage\"},\"image\":{\"@id\":\"https:\\\/\\\/radioljubuski.ba\\\/index.php\\\/2022\\\/02\\\/07\\\/dalmaciju-pogodila-snazna-tuca-u-planinskim-predjelima-pao-i-snijeg-video\\\/#primaryimage\"},\"thumbnailUrl\":\"https:\\\/\\\/radioljubuski.ba\\\/wp-content\\\/uploads\\\/2022\\\/02\\\/8-2022-02-07-12-14-40-dalmacija-nevrijeme.png\",\"datePublished\":\"2022-02-07T12:13:03+00:00\",\"dateModified\":\"2022-02-07T12:13:05+00:00\",\"breadcrumb\":{\"@id\":\"https:\\\/\\\/radioljubuski.ba\\\/index.php\\\/2022\\\/02\\\/07\\\/dalmaciju-pogodila-snazna-tuca-u-planinskim-predjelima-pao-i-snijeg-video\\\/#breadcrumb\"},\"inLanguage\":\"hr\",\"potentialAction\":[{\"@type\":\"ReadAction\",\"target\":[\"https:\\\/\\\/radioljubuski.ba\\\/index.php\\\/2022\\\/02\\\/07\\\/dalmaciju-pogodila-snazna-tuca-u-planinskim-predjelima-pao-i-snijeg-video\\\/\"]}]},{\"@type\":\"ImageObject\",\"inLanguage\":\"hr\",\"@id\":\"https:\\\/\\\/radioljubuski.ba\\\/index.php\\\/2022\\\/02\\\/07\\\/dalmaciju-pogodila-snazna-tuca-u-planinskim-predjelima-pao-i-snijeg-video\\\/#primaryimage\",\"url\":\"https:\\\/\\\/radioljubuski.ba\\\/wp-content\\\/uploads\\\/2022\\\/02\\\/8-2022-02-07-12-14-40-dalmacija-nevrijeme.png\",\"contentUrl\":\"https:\\\/\\\/radioljubuski.ba\\\/wp-content\\\/uploads\\\/2022\\\/02\\\/8-2022-02-07-12-14-40-dalmacija-nevrijeme.png\",\"width\":1000,\"height\":625},{\"@type\":\"BreadcrumbList\",\"@id\":\"https:\\\/\\\/radioljubuski.ba\\\/index.php\\\/2022\\\/02\\\/07\\\/dalmaciju-pogodila-snazna-tuca-u-planinskim-predjelima-pao-i-snijeg-video\\\/#breadcrumb\",\"itemListElement\":[{\"@type\":\"ListItem\",\"position\":1,\"name\":\"Po\u010detna stranica\",\"item\":\"https:\\\/\\\/radioljubuski.ba\\\/\"},{\"@type\":\"ListItem\",\"position\":2,\"name\":\"Dalmaciju pogodila sna\u017ena tu\u010da, u planinskim predjelima pao i snijeg &#8211; video\"}]},{\"@type\":\"WebSite\",\"@id\":\"https:\\\/\\\/radioljubuski.ba\\\/#website\",\"url\":\"https:\\\/\\\/radioljubuski.ba\\\/\",\"name\":\"Radio Ljubu\u0161ki\",\"description\":\"Sun\u010dana frekvencija Hercegovine\",\"publisher\":{\"@id\":\"https:\\\/\\\/radioljubuski.ba\\\/#organization\"},\"potentialAction\":[{\"@type\":\"SearchAction\",\"target\":{\"@type\":\"EntryPoint\",\"urlTemplate\":\"https:\\\/\\\/radioljubuski.ba\\\/?s={search_term_string}\"},\"query-input\":{\"@type\":\"PropertyValueSpecification\",\"valueRequired\":true,\"valueName\":\"search_term_string\"}}],\"inLanguage\":\"hr\"},{\"@type\":\"Organization\",\"@id\":\"https:\\\/\\\/radioljubuski.ba\\\/#organization\",\"name\":\"Radio Ljubu\u0161ki\",\"url\":\"https:\\\/\\\/radioljubuski.ba\\\/\",\"logo\":{\"@type\":\"ImageObject\",\"inLanguage\":\"hr\",\"@id\":\"https:\\\/\\\/radioljubuski.ba\\\/#\\\/schema\\\/logo\\\/image\\\/\",\"url\":\"https:\\\/\\\/radioljubuski.ba\\\/wp-content\\\/uploads\\\/2021\\\/02\\\/cropped-Radio_Ljubuski_logo1.jpg\",\"contentUrl\":\"https:\\\/\\\/radioljubuski.ba\\\/wp-content\\\/uploads\\\/2021\\\/02\\\/cropped-Radio_Ljubuski_logo1.jpg\",\"width\":512,\"height\":512,\"caption\":\"Radio Ljubu\u0161ki\"},\"image\":{\"@id\":\"https:\\\/\\\/radioljubuski.ba\\\/#\\\/schema\\\/logo\\\/image\\\/\"},\"sameAs\":[\"https:\\\/\\\/www.facebook.com\\\/Radiio-Ljubuski-1490835324566332\",\"https:\\\/\\\/x.com\\\/radioljubuski\",\"https:\\\/\\\/hr.linkedin.com\\\/company\\\/radio-ljubuski\",\"https:\\\/\\\/www.youtube.com\\\/channel\\\/UCHYaeO_n0Db3tjNGudGpXyw\"]},{\"@type\":\"Person\",\"@id\":\"https:\\\/\\\/radioljubuski.ba\\\/#\\\/schema\\\/person\\\/19fc700381a780f69665d7956c469e3b\",\"name\":\"Radio Ljubu\u0161ki\"}]}<\/script>\n<!-- \/ Yoast SEO plugin. -->","yoast_head_json":{"title":"Dalmaciju pogodila sna\u017ena tu\u010da, u planinskim predjelima pao i snijeg - video - RADIO LJUBU\u0160KI","robots":{"index":"index","follow":"follow","max-snippet":"max-snippet:-1","max-image-preview":"max-image-preview:large","max-video-preview":"max-video-preview:-1"},"canonical":"https:\/\/radioljubuski.ba\/index.php\/2022\/02\/07\/dalmaciju-pogodila-snazna-tuca-u-planinskim-predjelima-pao-i-snijeg-video\/","og_locale":"hr_HR","og_type":"article","og_title":"Dalmaciju pogodila sna\u017ena tu\u010da, u planinskim predjelima pao i snijeg - video - RADIO LJUBU\u0160KI","og_description":"Dalmaciju je u ponedjeljak ujutro zahvatila ki\u0161a, a u sjevernijim dijelovima pala je i sna\u017ena tu\u010da, javlja portal Dalmacija danas. Ja\u010di neverini zahvatili su benkova\u010dko podru\u010dje gdje je bilo i tu\u010de, a grmljavinski oblaci brzo se premje\u0161taju prema zale\u0111u \u0160ibensko-kninske \u017eupanije. U vi\u0161im planinama po\u010deo je padati snijeg, trenutno je dosta visoko, iznad 1400 metara [&hellip;]","og_url":"https:\/\/radioljubuski.ba\/index.php\/2022\/02\/07\/dalmaciju-pogodila-snazna-tuca-u-planinskim-predjelima-pao-i-snijeg-video\/","og_site_name":"RADIO LJUBU\u0160KI","article_publisher":"https:\/\/www.facebook.com\/Radiio-Ljubuski-1490835324566332","article_published_time":"2022-02-07T12:13:03+00:00","article_modified_time":"2022-02-07T12:13:05+00:00","og_image":[{"width":1000,"height":625,"url":"https:\/\/radioljubuski.ba\/wp-content\/uploads\/2022\/02\/8-2022-02-07-12-14-40-dalmacija-nevrijeme.png","type":"image\/png"}],"author":"Radio Ljubu\u0161ki","twitter_card":"summary_large_image","twitter_creator":"@radioljubuski","twitter_site":"@radioljubuski","twitter_misc":{"Napisao\/la":"Radio Ljubu\u0161ki","Procijenjeno vrijeme \u010ditanja":"1 minuta"},"schema":{"@context":"https:\/\/schema.org","@graph":[{"@type":"Article","@id":"https:\/\/radioljubuski.ba\/index.php\/2022\/02\/07\/dalmaciju-pogodila-snazna-tuca-u-planinskim-predjelima-pao-i-snijeg-video\/#article","isPartOf":{"@id":"https:\/\/radioljubuski.ba\/index.php\/2022\/02\/07\/dalmaciju-pogodila-snazna-tuca-u-planinskim-predjelima-pao-i-snijeg-video\/"},"author":{"name":"Radio Ljubu\u0161ki","@id":"https:\/\/radioljubuski.ba\/#\/schema\/person\/19fc700381a780f69665d7956c469e3b"},"headline":"Dalmaciju pogodila sna\u017ena tu\u010da, u planinskim predjelima pao i snijeg &#8211; video","datePublished":"2022-02-07T12:13:03+00:00","dateModified":"2022-02-07T12:13:05+00:00","mainEntityOfPage":{"@id":"https:\/\/radioljubuski.ba\/index.php\/2022\/02\/07\/dalmaciju-pogodila-snazna-tuca-u-planinskim-predjelima-pao-i-snijeg-video\/"},"wordCount":206,"publisher":{"@id":"https:\/\/radioljubuski.ba\/#organization"},"image":{"@id":"https:\/\/radioljubuski.ba\/index.php\/2022\/02\/07\/dalmaciju-pogodila-snazna-tuca-u-planinskim-predjelima-pao-i-snijeg-video\/#primaryimage"},"thumbnailUrl":"https:\/\/radioljubuski.ba\/wp-content\/uploads\/2022\/02\/8-2022-02-07-12-14-40-dalmacija-nevrijeme.png","articleSection":["BIH i regija"],"inLanguage":"hr"},{"@type":"WebPage","@id":"https:\/\/radioljubuski.ba\/index.php\/2022\/02\/07\/dalmaciju-pogodila-snazna-tuca-u-planinskim-predjelima-pao-i-snijeg-video\/","url":"https:\/\/radioljubuski.ba\/index.php\/2022\/02\/07\/dalmaciju-pogodila-snazna-tuca-u-planinskim-predjelima-pao-i-snijeg-video\/","name":"Dalmaciju pogodila sna\u017ena tu\u010da, u planinskim predjelima pao i snijeg - video - RADIO LJUBU\u0160KI","isPartOf":{"@id":"https:\/\/radioljubuski.ba\/#website"},"primaryImageOfPage":{"@id":"https:\/\/radioljubuski.ba\/index.php\/2022\/02\/07\/dalmaciju-pogodila-snazna-tuca-u-planinskim-predjelima-pao-i-snijeg-video\/#primaryimage"},"image":{"@id":"https:\/\/radioljubuski.ba\/index.php\/2022\/02\/07\/dalmaciju-pogodila-snazna-tuca-u-planinskim-predjelima-pao-i-snijeg-video\/#primaryimage"},"thumbnailUrl":"https:\/\/radioljubuski.ba\/wp-content\/uploads\/2022\/02\/8-2022-02-07-12-14-40-dalmacija-nevrijeme.png","datePublished":"2022-02-07T12:13:03+00:00","dateModified":"2022-02-07T12:13:05+00:00","breadcrumb":{"@id":"https:\/\/radioljubuski.ba\/index.php\/2022\/02\/07\/dalmaciju-pogodila-snazna-tuca-u-planinskim-predjelima-pao-i-snijeg-video\/#breadcrumb"},"inLanguage":"hr","potentialAction":[{"@type":"ReadAction","target":["https:\/\/radioljubuski.ba\/index.php\/2022\/02\/07\/dalmaciju-pogodila-snazna-tuca-u-planinskim-predjelima-pao-i-snijeg-video\/"]}]},{"@type":"ImageObject","inLanguage":"hr","@id":"https:\/\/radioljubuski.ba\/index.php\/2022\/02\/07\/dalmaciju-pogodila-snazna-tuca-u-planinskim-predjelima-pao-i-snijeg-video\/#primaryimage","url":"https:\/\/radioljubuski.ba\/wp-content\/uploads\/2022\/02\/8-2022-02-07-12-14-40-dalmacija-nevrijeme.png","contentUrl":"https:\/\/radioljubuski.ba\/wp-content\/uploads\/2022\/02\/8-2022-02-07-12-14-40-dalmacija-nevrijeme.png","width":1000,"height":625},{"@type":"BreadcrumbList","@id":"https:\/\/radioljubuski.ba\/index.php\/2022\/02\/07\/dalmaciju-pogodila-snazna-tuca-u-planinskim-predjelima-pao-i-snijeg-video\/#breadcrumb","itemListElement":[{"@type":"ListItem","position":1,"name":"Po\u010detna stranica","item":"https:\/\/radioljubuski.ba\/"},{"@type":"ListItem","position":2,"name":"Dalmaciju pogodila sna\u017ena tu\u010da, u planinskim predjelima pao i snijeg &#8211; video"}]},{"@type":"WebSite","@id":"https:\/\/radioljubuski.ba\/#website","url":"https:\/\/radioljubuski.ba\/","name":"Radio Ljubu\u0161ki","description":"Sun\u010dana frekvencija Hercegovine","publisher":{"@id":"https:\/\/radioljubuski.ba\/#organization"},"potentialAction":[{"@type":"SearchAction","target":{"@type":"EntryPoint","urlTemplate":"https:\/\/radioljubuski.ba\/?s={search_term_string}"},"query-input":{"@type":"PropertyValueSpecification","valueRequired":true,"valueName":"search_term_string"}}],"inLanguage":"hr"},{"@type":"Organization","@id":"https:\/\/radioljubuski.ba\/#organization","name":"Radio Ljubu\u0161ki","url":"https:\/\/radioljubuski.ba\/","logo":{"@type":"ImageObject","inLanguage":"hr","@id":"https:\/\/radioljubuski.ba\/#\/schema\/logo\/image\/","url":"https:\/\/radioljubuski.ba\/wp-content\/uploads\/2021\/02\/cropped-Radio_Ljubuski_logo1.jpg","contentUrl":"https:\/\/radioljubuski.ba\/wp-content\/uploads\/2021\/02\/cropped-Radio_Ljubuski_logo1.jpg","width":512,"height":512,"caption":"Radio Ljubu\u0161ki"},"image":{"@id":"https:\/\/radioljubuski.ba\/#\/schema\/logo\/image\/"},"sameAs":["https:\/\/www.facebook.com\/Radiio-Ljubuski-1490835324566332","https:\/\/x.com\/radioljubuski","https:\/\/hr.linkedin.com\/company\/radio-ljubuski","https:\/\/www.youtube.com\/channel\/UCHYaeO_n0Db3tjNGudGpXyw"]},{"@type":"Person","@id":"https:\/\/radioljubuski.ba\/#\/schema\/person\/19fc700381a780f69665d7956c469e3b","name":"Radio Ljubu\u0161ki"}]}},"_links":{"self":[{"href":"https:\/\/radioljubuski.ba\/index.php\/wp-json\/wp\/v2\/posts\/111666","targetHints":{"allow":["GET"]}}],"collection":[{"href":"https:\/\/radioljubuski.ba\/index.php\/wp-json\/wp\/v2\/posts"}],"about":[{"href":"https:\/\/radioljubuski.ba\/index.php\/wp-json\/wp\/v2\/types\/post"}],"author":[{"embeddable":true,"href":"https:\/\/radioljubuski.ba\/index.php\/wp-json\/wp\/v2\/users\/2"}],"replies":[{"embeddable":true,"href":"https:\/\/radioljubuski.ba\/index.php\/wp-json\/wp\/v2\/comments?post=111666"}],"version-history":[{"count":1,"href":"https:\/\/radioljubuski.ba\/index.php\/wp-json\/wp\/v2\/posts\/111666\/revisions"}],"predecessor-version":[{"id":111668,"href":"https:\/\/radioljubuski.ba\/index.php\/wp-json\/wp\/v2\/posts\/111666\/revisions\/111668"}],"wp:featuredmedia":[{"embeddable":true,"href":"https:\/\/radioljubuski.ba\/index.php\/wp-json\/wp\/v2\/media\/111667"}],"wp:attachment":[{"href":"https:\/\/radioljubuski.ba\/index.php\/wp-json\/wp\/v2\/media?parent=111666"}],"wp:term":[{"taxonomy":"category","embeddable":true,"href":"https:\/\/radioljubuski.ba\/index.php\/wp-json\/wp\/v2\/categories?post=111666"},{"taxonomy":"post_tag","embeddable":true,"href":"https:\/\/radioljubuski.ba\/index.php\/wp-json\/wp\/v2\/tags?post=111666"}],"curies":[{"name":"wp","href":"https:\/\/api.w.org\/{rel}","templated":true}]}}