{"id":111710,"date":"2022-02-07T14:51:14","date_gmt":"2022-02-07T13:51:14","guid":{"rendered":"https:\/\/radioljubuski.ba\/?p=111710"},"modified":"2022-02-07T14:51:14","modified_gmt":"2022-02-07T13:51:14","slug":"djevojka-iz-new-yorka-se-udala-u-hercegovinu-nakon-dva-mjeseca-veze","status":"publish","type":"post","link":"https:\/\/radioljubuski.ba\/index.php\/2022\/02\/07\/djevojka-iz-new-yorka-se-udala-u-hercegovinu-nakon-dva-mjeseca-veze\/","title":{"rendered":"Djevojka iz New Yorka se udala u Hercegovinu nakon dva mjeseca veze"},"content":{"rendered":"\n<p>Ljubav ne poznaje granice, pokazala je pri\u010da Hercegovca Nene Topalovi\u0107a, dvade\u00adsetdevetogodi\u0161njeg mladi\u0107 iz Ljubinja, koji se u Trebinju vjen\u010dao s devetnaestogodi\u0161njom Amerikankom Tasanee Sappleton, ro\u0111enom u New Yorku.<br><br>Neno je kao radnik na kruzeru upoznao svoju izabranicu na Bahamima, gdje je njegov kruzer \u010desto pristajao i gdje su se on i njegove kolege svakih dva dana morali testirati na koronu, a upravo je Tasanee kao medicinska sestra vr\u0161ila ta testiranja, pi\u0161u Nezavisne.ba<\/p>\n\n\n\n<p>Ljubav izme\u0111u Hercegovca i Amerikanke buknula je na prvi pogled, pa su se vi\u0111ali \u010desto.<\/p>\n\n\n\n<p>U ta dva mjeseca vi\u0111ali smo se \u010desto i jedva \u010dekali ponovni susret, tako da smo nakon dva mjeseca odlu\u010dili da ljubav okrunimo brakom, a ja sam joj predlo\u017eio da vjen\u010danje bude u mojoj Hercegovini, odnosno u Trebinju, \u010dije su ljepote odu\u0161evile i moju Tassanee, ka\u017ee mlado\u017eenja.<\/p>\n\n\n\n<p>U Ljubinje su, kako ka\u017ee, stigli jo\u0161 prije dvadesetak dana, gdje se mlada Amerikanka, iako iz vi\u0161emilijunskog grada, odu\u0161evila i ovim gradi\u0107em i Neninom obitelji, ali i hercegova\u010dkim obi\u010dajima.<\/p>\n\n\n\n<p>Moja obitelj ju je izuzetno lijepo prihvatila, ali i cijeli moj grad, \u0161to je kod nje izazvalo osobito odu\u0161evljenje, pa sam joj ja obja\u0161njavao i tko je tko u na\u0161oj obitelji, gdje se \u0161to nalazi u na\u0161em gradi\u0107u, a posebno sam joj pri\u010dao o na\u0161im obi\u010dajima, svatovima \u2013 pri\u010da dalje Neno.<\/p>\n\n\n\n<p>Tako se Tassane, po hercegova\u010dkim obi\u010dajima, prvo krstila u pravoslavnoj crkvi, a onda je uslijedilo i crkveno vjen\u010danje, \u010dija ceremonija je ta\u00adko\u0111er odu\u0161evila mladu.<\/p>\n\n\n\n<p>Mladenci su nakon gra\u0111anskog vjen\u010danja u Trebinju otputovali u Ljubinje, a zatim odlaze na bra\u010dno putovanje u Budimpe\u0161tu.<\/p>\n\n\n\n<p>Mladenci su odlu\u010dili \u017eivjeti u Americi.<\/p>\n\n\n\n<p><strong>Izvor: Jabuka.tv<\/strong><\/p>\n","protected":false},"excerpt":{"rendered":"<p>Ljubav ne poznaje granice, pokazala je pri\u010da Hercegovca Nene Topalovi\u0107a, dvade\u00adsetdevetogodi\u0161njeg mladi\u0107 iz Ljubinja, koji se u Trebinju vjen\u010dao s devetnaestogodi\u0161njom Amerikankom Tasanee Sappleton, ro\u0111enom u New Yorku. Neno je kao radnik na kruzeru upoznao svoju izabranicu na Bahamima, gdje je njegov kruzer \u010desto pristajao i gdje su se on i njegove kolege svakih dva [&hellip;]<\/p>\n","protected":false},"author":2,"featured_media":111711,"comment_status":"closed","ping_status":"closed","sticky":false,"template":"","format":"standard","meta":{"h5ap_radio_sources":[],"footnotes":""},"categories":[1],"tags":[],"class_list":["post-111710","post","type-post","status-publish","format-standard","has-post-thumbnail","hentry","category-bihiregija"],"yoast_head":"<!-- This site is optimized with the Yoast SEO plugin v27.4 - https:\/\/yoast.com\/product\/yoast-seo-wordpress\/ -->\n<title>Djevojka iz New Yorka se udala u Hercegovinu nakon dva mjeseca veze - RADIO LJUBU\u0160KI<\/title>\n<meta name=\"robots\" content=\"index, follow, max-snippet:-1, max-image-preview:large, max-video-preview:-1\" \/>\n<link rel=\"canonical\" href=\"https:\/\/radioljubuski.ba\/index.php\/2022\/02\/07\/djevojka-iz-new-yorka-se-udala-u-hercegovinu-nakon-dva-mjeseca-veze\/\" \/>\n<meta property=\"og:locale\" content=\"hr_HR\" \/>\n<meta property=\"og:type\" content=\"article\" \/>\n<meta property=\"og:title\" content=\"Djevojka iz New Yorka se udala u Hercegovinu nakon dva mjeseca veze - RADIO LJUBU\u0160KI\" \/>\n<meta property=\"og:description\" content=\"Ljubav ne poznaje granice, pokazala je pri\u010da Hercegovca Nene Topalovi\u0107a, dvade\u00adsetdevetogodi\u0161njeg mladi\u0107 iz Ljubinja, koji se u Trebinju vjen\u010dao s devetnaestogodi\u0161njom Amerikankom Tasanee Sappleton, ro\u0111enom u New Yorku. Neno je kao radnik na kruzeru upoznao svoju izabranicu na Bahamima, gdje je njegov kruzer \u010desto pristajao i gdje su se on i njegove kolege svakih dva [&hellip;]\" \/>\n<meta property=\"og:url\" content=\"https:\/\/radioljubuski.ba\/index.php\/2022\/02\/07\/djevojka-iz-new-yorka-se-udala-u-hercegovinu-nakon-dva-mjeseca-veze\/\" \/>\n<meta property=\"og:site_name\" content=\"RADIO LJUBU\u0160KI\" \/>\n<meta property=\"article:publisher\" content=\"https:\/\/www.facebook.com\/Radiio-Ljubuski-1490835324566332\" \/>\n<meta property=\"article:published_time\" content=\"2022-02-07T13:51:14+00:00\" \/>\n<meta property=\"og:image\" content=\"https:\/\/radioljubuski.ba\/wp-content\/uploads\/2022\/02\/udaja.png\" \/>\n\t<meta property=\"og:image:width\" content=\"1024\" \/>\n\t<meta property=\"og:image:height\" content=\"454\" \/>\n\t<meta property=\"og:image:type\" content=\"image\/png\" \/>\n<meta name=\"author\" content=\"Radio Ljubu\u0161ki\" \/>\n<meta name=\"twitter:card\" content=\"summary_large_image\" \/>\n<meta name=\"twitter:creator\" content=\"@radioljubuski\" \/>\n<meta name=\"twitter:site\" content=\"@radioljubuski\" \/>\n<meta name=\"twitter:label1\" content=\"Napisao\/la\" \/>\n\t<meta name=\"twitter:data1\" content=\"Radio Ljubu\u0161ki\" \/>\n\t<meta name=\"twitter:label2\" content=\"Procijenjeno vrijeme \u010ditanja\" \/>\n\t<meta name=\"twitter:data2\" content=\"2 minute\" \/>\n<script type=\"application\/ld+json\" class=\"yoast-schema-graph\">{\"@context\":\"https:\\\/\\\/schema.org\",\"@graph\":[{\"@type\":\"Article\",\"@id\":\"https:\\\/\\\/radioljubuski.ba\\\/index.php\\\/2022\\\/02\\\/07\\\/djevojka-iz-new-yorka-se-udala-u-hercegovinu-nakon-dva-mjeseca-veze\\\/#article\",\"isPartOf\":{\"@id\":\"https:\\\/\\\/radioljubuski.ba\\\/index.php\\\/2022\\\/02\\\/07\\\/djevojka-iz-new-yorka-se-udala-u-hercegovinu-nakon-dva-mjeseca-veze\\\/\"},\"author\":{\"name\":\"Radio Ljubu\u0161ki\",\"@id\":\"https:\\\/\\\/radioljubuski.ba\\\/#\\\/schema\\\/person\\\/19fc700381a780f69665d7956c469e3b\"},\"headline\":\"Djevojka iz New Yorka se udala u Hercegovinu nakon dva mjeseca veze\",\"datePublished\":\"2022-02-07T13:51:14+00:00\",\"mainEntityOfPage\":{\"@id\":\"https:\\\/\\\/radioljubuski.ba\\\/index.php\\\/2022\\\/02\\\/07\\\/djevojka-iz-new-yorka-se-udala-u-hercegovinu-nakon-dva-mjeseca-veze\\\/\"},\"wordCount\":321,\"publisher\":{\"@id\":\"https:\\\/\\\/radioljubuski.ba\\\/#organization\"},\"image\":{\"@id\":\"https:\\\/\\\/radioljubuski.ba\\\/index.php\\\/2022\\\/02\\\/07\\\/djevojka-iz-new-yorka-se-udala-u-hercegovinu-nakon-dva-mjeseca-veze\\\/#primaryimage\"},\"thumbnailUrl\":\"https:\\\/\\\/radioljubuski.ba\\\/wp-content\\\/uploads\\\/2022\\\/02\\\/udaja.png\",\"articleSection\":[\"BIH i regija\"],\"inLanguage\":\"hr\"},{\"@type\":\"WebPage\",\"@id\":\"https:\\\/\\\/radioljubuski.ba\\\/index.php\\\/2022\\\/02\\\/07\\\/djevojka-iz-new-yorka-se-udala-u-hercegovinu-nakon-dva-mjeseca-veze\\\/\",\"url\":\"https:\\\/\\\/radioljubuski.ba\\\/index.php\\\/2022\\\/02\\\/07\\\/djevojka-iz-new-yorka-se-udala-u-hercegovinu-nakon-dva-mjeseca-veze\\\/\",\"name\":\"Djevojka iz New Yorka se udala u Hercegovinu nakon dva mjeseca veze - RADIO LJUBU\u0160KI\",\"isPartOf\":{\"@id\":\"https:\\\/\\\/radioljubuski.ba\\\/#website\"},\"primaryImageOfPage\":{\"@id\":\"https:\\\/\\\/radioljubuski.ba\\\/index.php\\\/2022\\\/02\\\/07\\\/djevojka-iz-new-yorka-se-udala-u-hercegovinu-nakon-dva-mjeseca-veze\\\/#primaryimage\"},\"image\":{\"@id\":\"https:\\\/\\\/radioljubuski.ba\\\/index.php\\\/2022\\\/02\\\/07\\\/djevojka-iz-new-yorka-se-udala-u-hercegovinu-nakon-dva-mjeseca-veze\\\/#primaryimage\"},\"thumbnailUrl\":\"https:\\\/\\\/radioljubuski.ba\\\/wp-content\\\/uploads\\\/2022\\\/02\\\/udaja.png\",\"datePublished\":\"2022-02-07T13:51:14+00:00\",\"breadcrumb\":{\"@id\":\"https:\\\/\\\/radioljubuski.ba\\\/index.php\\\/2022\\\/02\\\/07\\\/djevojka-iz-new-yorka-se-udala-u-hercegovinu-nakon-dva-mjeseca-veze\\\/#breadcrumb\"},\"inLanguage\":\"hr\",\"potentialAction\":[{\"@type\":\"ReadAction\",\"target\":[\"https:\\\/\\\/radioljubuski.ba\\\/index.php\\\/2022\\\/02\\\/07\\\/djevojka-iz-new-yorka-se-udala-u-hercegovinu-nakon-dva-mjeseca-veze\\\/\"]}]},{\"@type\":\"ImageObject\",\"inLanguage\":\"hr\",\"@id\":\"https:\\\/\\\/radioljubuski.ba\\\/index.php\\\/2022\\\/02\\\/07\\\/djevojka-iz-new-yorka-se-udala-u-hercegovinu-nakon-dva-mjeseca-veze\\\/#primaryimage\",\"url\":\"https:\\\/\\\/radioljubuski.ba\\\/wp-content\\\/uploads\\\/2022\\\/02\\\/udaja.png\",\"contentUrl\":\"https:\\\/\\\/radioljubuski.ba\\\/wp-content\\\/uploads\\\/2022\\\/02\\\/udaja.png\",\"width\":1024,\"height\":454},{\"@type\":\"BreadcrumbList\",\"@id\":\"https:\\\/\\\/radioljubuski.ba\\\/index.php\\\/2022\\\/02\\\/07\\\/djevojka-iz-new-yorka-se-udala-u-hercegovinu-nakon-dva-mjeseca-veze\\\/#breadcrumb\",\"itemListElement\":[{\"@type\":\"ListItem\",\"position\":1,\"name\":\"Po\u010detna stranica\",\"item\":\"https:\\\/\\\/radioljubuski.ba\\\/\"},{\"@type\":\"ListItem\",\"position\":2,\"name\":\"Djevojka iz New Yorka se udala u Hercegovinu nakon dva mjeseca veze\"}]},{\"@type\":\"WebSite\",\"@id\":\"https:\\\/\\\/radioljubuski.ba\\\/#website\",\"url\":\"https:\\\/\\\/radioljubuski.ba\\\/\",\"name\":\"Radio Ljubu\u0161ki\",\"description\":\"Sun\u010dana frekvencija Hercegovine\",\"publisher\":{\"@id\":\"https:\\\/\\\/radioljubuski.ba\\\/#organization\"},\"potentialAction\":[{\"@type\":\"SearchAction\",\"target\":{\"@type\":\"EntryPoint\",\"urlTemplate\":\"https:\\\/\\\/radioljubuski.ba\\\/?s={search_term_string}\"},\"query-input\":{\"@type\":\"PropertyValueSpecification\",\"valueRequired\":true,\"valueName\":\"search_term_string\"}}],\"inLanguage\":\"hr\"},{\"@type\":\"Organization\",\"@id\":\"https:\\\/\\\/radioljubuski.ba\\\/#organization\",\"name\":\"Radio Ljubu\u0161ki\",\"url\":\"https:\\\/\\\/radioljubuski.ba\\\/\",\"logo\":{\"@type\":\"ImageObject\",\"inLanguage\":\"hr\",\"@id\":\"https:\\\/\\\/radioljubuski.ba\\\/#\\\/schema\\\/logo\\\/image\\\/\",\"url\":\"https:\\\/\\\/radioljubuski.ba\\\/wp-content\\\/uploads\\\/2021\\\/02\\\/cropped-Radio_Ljubuski_logo1.jpg\",\"contentUrl\":\"https:\\\/\\\/radioljubuski.ba\\\/wp-content\\\/uploads\\\/2021\\\/02\\\/cropped-Radio_Ljubuski_logo1.jpg\",\"width\":512,\"height\":512,\"caption\":\"Radio Ljubu\u0161ki\"},\"image\":{\"@id\":\"https:\\\/\\\/radioljubuski.ba\\\/#\\\/schema\\\/logo\\\/image\\\/\"},\"sameAs\":[\"https:\\\/\\\/www.facebook.com\\\/Radiio-Ljubuski-1490835324566332\",\"https:\\\/\\\/x.com\\\/radioljubuski\",\"https:\\\/\\\/hr.linkedin.com\\\/company\\\/radio-ljubuski\",\"https:\\\/\\\/www.youtube.com\\\/channel\\\/UCHYaeO_n0Db3tjNGudGpXyw\"]},{\"@type\":\"Person\",\"@id\":\"https:\\\/\\\/radioljubuski.ba\\\/#\\\/schema\\\/person\\\/19fc700381a780f69665d7956c469e3b\",\"name\":\"Radio Ljubu\u0161ki\"}]}<\/script>\n<!-- \/ Yoast SEO plugin. -->","yoast_head_json":{"title":"Djevojka iz New Yorka se udala u Hercegovinu nakon dva mjeseca veze - RADIO LJUBU\u0160KI","robots":{"index":"index","follow":"follow","max-snippet":"max-snippet:-1","max-image-preview":"max-image-preview:large","max-video-preview":"max-video-preview:-1"},"canonical":"https:\/\/radioljubuski.ba\/index.php\/2022\/02\/07\/djevojka-iz-new-yorka-se-udala-u-hercegovinu-nakon-dva-mjeseca-veze\/","og_locale":"hr_HR","og_type":"article","og_title":"Djevojka iz New Yorka se udala u Hercegovinu nakon dva mjeseca veze - RADIO LJUBU\u0160KI","og_description":"Ljubav ne poznaje granice, pokazala je pri\u010da Hercegovca Nene Topalovi\u0107a, dvade\u00adsetdevetogodi\u0161njeg mladi\u0107 iz Ljubinja, koji se u Trebinju vjen\u010dao s devetnaestogodi\u0161njom Amerikankom Tasanee Sappleton, ro\u0111enom u New Yorku. Neno je kao radnik na kruzeru upoznao svoju izabranicu na Bahamima, gdje je njegov kruzer \u010desto pristajao i gdje su se on i njegove kolege svakih dva [&hellip;]","og_url":"https:\/\/radioljubuski.ba\/index.php\/2022\/02\/07\/djevojka-iz-new-yorka-se-udala-u-hercegovinu-nakon-dva-mjeseca-veze\/","og_site_name":"RADIO LJUBU\u0160KI","article_publisher":"https:\/\/www.facebook.com\/Radiio-Ljubuski-1490835324566332","article_published_time":"2022-02-07T13:51:14+00:00","og_image":[{"width":1024,"height":454,"url":"https:\/\/radioljubuski.ba\/wp-content\/uploads\/2022\/02\/udaja.png","type":"image\/png"}],"author":"Radio Ljubu\u0161ki","twitter_card":"summary_large_image","twitter_creator":"@radioljubuski","twitter_site":"@radioljubuski","twitter_misc":{"Napisao\/la":"Radio Ljubu\u0161ki","Procijenjeno vrijeme \u010ditanja":"2 minute"},"schema":{"@context":"https:\/\/schema.org","@graph":[{"@type":"Article","@id":"https:\/\/radioljubuski.ba\/index.php\/2022\/02\/07\/djevojka-iz-new-yorka-se-udala-u-hercegovinu-nakon-dva-mjeseca-veze\/#article","isPartOf":{"@id":"https:\/\/radioljubuski.ba\/index.php\/2022\/02\/07\/djevojka-iz-new-yorka-se-udala-u-hercegovinu-nakon-dva-mjeseca-veze\/"},"author":{"name":"Radio Ljubu\u0161ki","@id":"https:\/\/radioljubuski.ba\/#\/schema\/person\/19fc700381a780f69665d7956c469e3b"},"headline":"Djevojka iz New Yorka se udala u Hercegovinu nakon dva mjeseca veze","datePublished":"2022-02-07T13:51:14+00:00","mainEntityOfPage":{"@id":"https:\/\/radioljubuski.ba\/index.php\/2022\/02\/07\/djevojka-iz-new-yorka-se-udala-u-hercegovinu-nakon-dva-mjeseca-veze\/"},"wordCount":321,"publisher":{"@id":"https:\/\/radioljubuski.ba\/#organization"},"image":{"@id":"https:\/\/radioljubuski.ba\/index.php\/2022\/02\/07\/djevojka-iz-new-yorka-se-udala-u-hercegovinu-nakon-dva-mjeseca-veze\/#primaryimage"},"thumbnailUrl":"https:\/\/radioljubuski.ba\/wp-content\/uploads\/2022\/02\/udaja.png","articleSection":["BIH i regija"],"inLanguage":"hr"},{"@type":"WebPage","@id":"https:\/\/radioljubuski.ba\/index.php\/2022\/02\/07\/djevojka-iz-new-yorka-se-udala-u-hercegovinu-nakon-dva-mjeseca-veze\/","url":"https:\/\/radioljubuski.ba\/index.php\/2022\/02\/07\/djevojka-iz-new-yorka-se-udala-u-hercegovinu-nakon-dva-mjeseca-veze\/","name":"Djevojka iz New Yorka se udala u Hercegovinu nakon dva mjeseca veze - RADIO LJUBU\u0160KI","isPartOf":{"@id":"https:\/\/radioljubuski.ba\/#website"},"primaryImageOfPage":{"@id":"https:\/\/radioljubuski.ba\/index.php\/2022\/02\/07\/djevojka-iz-new-yorka-se-udala-u-hercegovinu-nakon-dva-mjeseca-veze\/#primaryimage"},"image":{"@id":"https:\/\/radioljubuski.ba\/index.php\/2022\/02\/07\/djevojka-iz-new-yorka-se-udala-u-hercegovinu-nakon-dva-mjeseca-veze\/#primaryimage"},"thumbnailUrl":"https:\/\/radioljubuski.ba\/wp-content\/uploads\/2022\/02\/udaja.png","datePublished":"2022-02-07T13:51:14+00:00","breadcrumb":{"@id":"https:\/\/radioljubuski.ba\/index.php\/2022\/02\/07\/djevojka-iz-new-yorka-se-udala-u-hercegovinu-nakon-dva-mjeseca-veze\/#breadcrumb"},"inLanguage":"hr","potentialAction":[{"@type":"ReadAction","target":["https:\/\/radioljubuski.ba\/index.php\/2022\/02\/07\/djevojka-iz-new-yorka-se-udala-u-hercegovinu-nakon-dva-mjeseca-veze\/"]}]},{"@type":"ImageObject","inLanguage":"hr","@id":"https:\/\/radioljubuski.ba\/index.php\/2022\/02\/07\/djevojka-iz-new-yorka-se-udala-u-hercegovinu-nakon-dva-mjeseca-veze\/#primaryimage","url":"https:\/\/radioljubuski.ba\/wp-content\/uploads\/2022\/02\/udaja.png","contentUrl":"https:\/\/radioljubuski.ba\/wp-content\/uploads\/2022\/02\/udaja.png","width":1024,"height":454},{"@type":"BreadcrumbList","@id":"https:\/\/radioljubuski.ba\/index.php\/2022\/02\/07\/djevojka-iz-new-yorka-se-udala-u-hercegovinu-nakon-dva-mjeseca-veze\/#breadcrumb","itemListElement":[{"@type":"ListItem","position":1,"name":"Po\u010detna stranica","item":"https:\/\/radioljubuski.ba\/"},{"@type":"ListItem","position":2,"name":"Djevojka iz New Yorka se udala u Hercegovinu nakon dva mjeseca veze"}]},{"@type":"WebSite","@id":"https:\/\/radioljubuski.ba\/#website","url":"https:\/\/radioljubuski.ba\/","name":"Radio Ljubu\u0161ki","description":"Sun\u010dana frekvencija Hercegovine","publisher":{"@id":"https:\/\/radioljubuski.ba\/#organization"},"potentialAction":[{"@type":"SearchAction","target":{"@type":"EntryPoint","urlTemplate":"https:\/\/radioljubuski.ba\/?s={search_term_string}"},"query-input":{"@type":"PropertyValueSpecification","valueRequired":true,"valueName":"search_term_string"}}],"inLanguage":"hr"},{"@type":"Organization","@id":"https:\/\/radioljubuski.ba\/#organization","name":"Radio Ljubu\u0161ki","url":"https:\/\/radioljubuski.ba\/","logo":{"@type":"ImageObject","inLanguage":"hr","@id":"https:\/\/radioljubuski.ba\/#\/schema\/logo\/image\/","url":"https:\/\/radioljubuski.ba\/wp-content\/uploads\/2021\/02\/cropped-Radio_Ljubuski_logo1.jpg","contentUrl":"https:\/\/radioljubuski.ba\/wp-content\/uploads\/2021\/02\/cropped-Radio_Ljubuski_logo1.jpg","width":512,"height":512,"caption":"Radio Ljubu\u0161ki"},"image":{"@id":"https:\/\/radioljubuski.ba\/#\/schema\/logo\/image\/"},"sameAs":["https:\/\/www.facebook.com\/Radiio-Ljubuski-1490835324566332","https:\/\/x.com\/radioljubuski","https:\/\/hr.linkedin.com\/company\/radio-ljubuski","https:\/\/www.youtube.com\/channel\/UCHYaeO_n0Db3tjNGudGpXyw"]},{"@type":"Person","@id":"https:\/\/radioljubuski.ba\/#\/schema\/person\/19fc700381a780f69665d7956c469e3b","name":"Radio Ljubu\u0161ki"}]}},"_links":{"self":[{"href":"https:\/\/radioljubuski.ba\/index.php\/wp-json\/wp\/v2\/posts\/111710","targetHints":{"allow":["GET"]}}],"collection":[{"href":"https:\/\/radioljubuski.ba\/index.php\/wp-json\/wp\/v2\/posts"}],"about":[{"href":"https:\/\/radioljubuski.ba\/index.php\/wp-json\/wp\/v2\/types\/post"}],"author":[{"embeddable":true,"href":"https:\/\/radioljubuski.ba\/index.php\/wp-json\/wp\/v2\/users\/2"}],"replies":[{"embeddable":true,"href":"https:\/\/radioljubuski.ba\/index.php\/wp-json\/wp\/v2\/comments?post=111710"}],"version-history":[{"count":1,"href":"https:\/\/radioljubuski.ba\/index.php\/wp-json\/wp\/v2\/posts\/111710\/revisions"}],"predecessor-version":[{"id":111712,"href":"https:\/\/radioljubuski.ba\/index.php\/wp-json\/wp\/v2\/posts\/111710\/revisions\/111712"}],"wp:featuredmedia":[{"embeddable":true,"href":"https:\/\/radioljubuski.ba\/index.php\/wp-json\/wp\/v2\/media\/111711"}],"wp:attachment":[{"href":"https:\/\/radioljubuski.ba\/index.php\/wp-json\/wp\/v2\/media?parent=111710"}],"wp:term":[{"taxonomy":"category","embeddable":true,"href":"https:\/\/radioljubuski.ba\/index.php\/wp-json\/wp\/v2\/categories?post=111710"},{"taxonomy":"post_tag","embeddable":true,"href":"https:\/\/radioljubuski.ba\/index.php\/wp-json\/wp\/v2\/tags?post=111710"}],"curies":[{"name":"wp","href":"https:\/\/api.w.org\/{rel}","templated":true}]}}