{"id":111716,"date":"2022-02-07T15:04:19","date_gmt":"2022-02-07T14:04:19","guid":{"rendered":"https:\/\/radioljubuski.ba\/?p=111716"},"modified":"2022-02-07T15:04:19","modified_gmt":"2022-02-07T14:04:19","slug":"matica-hrvatska-natjecaj-za-najljepsi-domoljubni-literarni-rad-i-najljepsi-domoljubni-likovni-rad","status":"publish","type":"post","link":"https:\/\/radioljubuski.ba\/index.php\/2022\/02\/07\/matica-hrvatska-natjecaj-za-najljepsi-domoljubni-literarni-rad-i-najljepsi-domoljubni-likovni-rad\/","title":{"rendered":"Matica hrvatska: Natje\u010daj za najljep\u0161i domoljubni literarni rad i najljep\u0161i domoljubni likovni rad"},"content":{"rendered":"\n<p>U povodu 100. obljetnice ro\u0111enja hrvatskog uznika, hrvatskog knji\u017eevnika i domoljuba Ivana Alilovi\u0107a, Matica hrvatska &#8211; Ogranak Grude, dana 31. sije\u010dnja 2022. godine, raspisuje natje\u010daj za najljep\u0161i domoljubni literarni rad, i za najljep\u0161i domoljubni likovni rad, pod nazivom: <strong>LIJEPA LI SI, DOMOVINO MOJA<\/strong>. Natje\u010daj se raspisuje za u\u010denike osnovnih i srednjih \u0161kola.<\/p>\n\n\n\n<p><strong>UPUTE ZA LITERARNE RADOVE:<\/strong><\/p>\n\n\n\n<p>Literarni radovi mogu biti u svim vrstama i izri\u010dajima.<\/p>\n\n\n\n<p>Radovi trebaju biti&nbsp;lektorirani<strong>.<\/strong><\/p>\n\n\n\n<p>Radovi se \u0161alju<strong>&nbsp;isklju\u010divo elektroni\u010dkim putem<\/strong>&nbsp;na e-adresu:<\/p>\n\n\n\n<p><strong>info@maticahrvatska-grude.com<\/strong>, s naznakom \u201e<strong>za natje\u010daj\u201c.<\/strong><\/p>\n\n\n\n<p>Svaki rad treba imati: naslov, ime i prezime autora, razred, naziv i adresu \u0161kole, te broj telefona autora.<\/p>\n\n\n\n<p><strong>UPUTE ZA LIKOVNE RADOVE:<\/strong><\/p>\n\n\n\n<p>Likovni radovi trebaju biti originalni i izra\u0111eni samostalno.<\/p>\n\n\n\n<p>Nagra\u0111uje se kreativnost, ma\u0161tovitost, inovativnost i osobni likovni izri\u010daj.<\/p>\n\n\n\n<p>Mogu se primijeniti razli\u010dite crta\u010dke, slikarske i grafi\u010dke tehnike te tehnike prostornog oblikovanja. Preporu\u010dujemo suradnju s nastavnicima likovne kulture.<\/p>\n\n\n\n<p>Likovni radovi \u0161alju se po\u0161tom, zamotani i za\u0161ti\u0107eni od o\u0161te\u0107enja.<\/p>\n\n\n\n<p>Likovni radovi se ne vra\u0107aju autorima.<\/p>\n\n\n\n<p>Na pole\u0111ini likovnog rada tiskanim slovima (u gornjem lijevom kutu) napisati sljede\u0107e podatke: ime i prezime u\u010denika, razred, ime i prezime mentora, ime i adresa \u0161kole, broj telefona autora, likovna tehnika i dimenzije rada.<\/p>\n\n\n\n<p>Likovni radovi \u0161alju se&nbsp;<strong>isklju\u010divo po\u0161tom<\/strong>&nbsp;na adresu:<\/p>\n\n\n\n<p><strong>Srednja \u0161kola A. B. \u0160imi\u0107a Grude, Dr. Franje Tu\u0111mana 14, 88 340 Grude, <\/strong>s naznakom<strong> \u201eza natje\u010daj\u201c<\/strong><strong><\/strong><\/p>\n\n\n\n<p>Radove je, prema navedenim uputama, potrebno poslati&nbsp;<strong>najkasnije do 28. velja\u010de 2022.<\/strong>&nbsp;Prema ocjeni Povjerenstva najuspje\u0161niji radovi bit \u0107e nagra\u0111eni nagradom i plaketom, a \u0161iri izbor odabranih literarnih i likovnih radova bit \u0107e objavljen u Godi\u0161njaku Matice hrvatske Ogranak Grude, Susreti.<\/p>\n\n\n\n<p>Od srca Vas pozivamo na sudjelovanje u Natje\u010daju kako bismo kroz literarni i likovni izri\u010daj u\u010denika izrazili ljubav prema hrvatskoj Domovini, za koji su mnogi patili i \u017eivot svoj dali, za koju je patio, bio utamni\u010den i progonjen i prof. Ivan Alilovi\u0107.<\/p>\n","protected":false},"excerpt":{"rendered":"<p>U povodu 100. obljetnice ro\u0111enja hrvatskog uznika, hrvatskog knji\u017eevnika i domoljuba Ivana Alilovi\u0107a, Matica hrvatska &#8211; Ogranak Grude, dana 31. sije\u010dnja 2022. godine, raspisuje natje\u010daj za najljep\u0161i domoljubni literarni rad, i za najljep\u0161i domoljubni likovni rad, pod nazivom: LIJEPA LI SI, DOMOVINO MOJA. Natje\u010daj se raspisuje za u\u010denike osnovnih i srednjih \u0161kola. UPUTE ZA LITERARNE [&hellip;]<\/p>\n","protected":false},"author":2,"featured_media":24927,"comment_status":"closed","ping_status":"closed","sticky":false,"template":"","format":"standard","meta":{"h5ap_radio_sources":[],"footnotes":""},"categories":[1],"tags":[],"class_list":["post-111716","post","type-post","status-publish","format-standard","has-post-thumbnail","hentry","category-bihiregija"],"yoast_head":"<!-- This site is optimized with the Yoast SEO plugin v27.4 - https:\/\/yoast.com\/product\/yoast-seo-wordpress\/ -->\n<title>Matica hrvatska: Natje\u010daj za najljep\u0161i domoljubni literarni rad i najljep\u0161i domoljubni likovni rad - RADIO LJUBU\u0160KI<\/title>\n<meta name=\"robots\" content=\"index, follow, max-snippet:-1, max-image-preview:large, max-video-preview:-1\" \/>\n<link rel=\"canonical\" href=\"https:\/\/radioljubuski.ba\/index.php\/2022\/02\/07\/matica-hrvatska-natjecaj-za-najljepsi-domoljubni-literarni-rad-i-najljepsi-domoljubni-likovni-rad\/\" \/>\n<meta property=\"og:locale\" content=\"hr_HR\" \/>\n<meta property=\"og:type\" content=\"article\" \/>\n<meta property=\"og:title\" content=\"Matica hrvatska: Natje\u010daj za najljep\u0161i domoljubni literarni rad i najljep\u0161i domoljubni likovni rad - RADIO LJUBU\u0160KI\" \/>\n<meta property=\"og:description\" content=\"U povodu 100. obljetnice ro\u0111enja hrvatskog uznika, hrvatskog knji\u017eevnika i domoljuba Ivana Alilovi\u0107a, Matica hrvatska &#8211; Ogranak Grude, dana 31. sije\u010dnja 2022. godine, raspisuje natje\u010daj za najljep\u0161i domoljubni literarni rad, i za najljep\u0161i domoljubni likovni rad, pod nazivom: LIJEPA LI SI, DOMOVINO MOJA. Natje\u010daj se raspisuje za u\u010denike osnovnih i srednjih \u0161kola. UPUTE ZA LITERARNE [&hellip;]\" \/>\n<meta property=\"og:url\" content=\"https:\/\/radioljubuski.ba\/index.php\/2022\/02\/07\/matica-hrvatska-natjecaj-za-najljepsi-domoljubni-literarni-rad-i-najljepsi-domoljubni-likovni-rad\/\" \/>\n<meta property=\"og:site_name\" content=\"RADIO LJUBU\u0160KI\" \/>\n<meta property=\"article:publisher\" content=\"https:\/\/www.facebook.com\/Radiio-Ljubuski-1490835324566332\" \/>\n<meta property=\"article:published_time\" content=\"2022-02-07T14:04:19+00:00\" \/>\n<meta property=\"og:image\" content=\"https:\/\/radioljubuski.ba\/wp-content\/uploads\/2021\/05\/2-2021-05-25-11-40-05-matica-hrvatske.jpg\" \/>\n\t<meta property=\"og:image:width\" content=\"1000\" \/>\n\t<meta property=\"og:image:height\" content=\"625\" \/>\n\t<meta property=\"og:image:type\" content=\"image\/jpeg\" \/>\n<meta name=\"author\" content=\"Radio Ljubu\u0161ki\" \/>\n<meta name=\"twitter:card\" content=\"summary_large_image\" \/>\n<meta name=\"twitter:creator\" content=\"@radioljubuski\" \/>\n<meta name=\"twitter:site\" content=\"@radioljubuski\" \/>\n<meta name=\"twitter:label1\" content=\"Napisao\/la\" \/>\n\t<meta name=\"twitter:data1\" content=\"Radio Ljubu\u0161ki\" \/>\n\t<meta name=\"twitter:label2\" content=\"Procijenjeno vrijeme \u010ditanja\" \/>\n\t<meta name=\"twitter:data2\" content=\"2 minute\" \/>\n<script type=\"application\/ld+json\" class=\"yoast-schema-graph\">{\"@context\":\"https:\\\/\\\/schema.org\",\"@graph\":[{\"@type\":\"Article\",\"@id\":\"https:\\\/\\\/radioljubuski.ba\\\/index.php\\\/2022\\\/02\\\/07\\\/matica-hrvatska-natjecaj-za-najljepsi-domoljubni-literarni-rad-i-najljepsi-domoljubni-likovni-rad\\\/#article\",\"isPartOf\":{\"@id\":\"https:\\\/\\\/radioljubuski.ba\\\/index.php\\\/2022\\\/02\\\/07\\\/matica-hrvatska-natjecaj-za-najljepsi-domoljubni-literarni-rad-i-najljepsi-domoljubni-likovni-rad\\\/\"},\"author\":{\"name\":\"Radio Ljubu\u0161ki\",\"@id\":\"https:\\\/\\\/radioljubuski.ba\\\/#\\\/schema\\\/person\\\/19fc700381a780f69665d7956c469e3b\"},\"headline\":\"Matica hrvatska: Natje\u010daj za najljep\u0161i domoljubni literarni rad i najljep\u0161i domoljubni likovni rad\",\"datePublished\":\"2022-02-07T14:04:19+00:00\",\"mainEntityOfPage\":{\"@id\":\"https:\\\/\\\/radioljubuski.ba\\\/index.php\\\/2022\\\/02\\\/07\\\/matica-hrvatska-natjecaj-za-najljepsi-domoljubni-literarni-rad-i-najljepsi-domoljubni-likovni-rad\\\/\"},\"wordCount\":358,\"publisher\":{\"@id\":\"https:\\\/\\\/radioljubuski.ba\\\/#organization\"},\"image\":{\"@id\":\"https:\\\/\\\/radioljubuski.ba\\\/index.php\\\/2022\\\/02\\\/07\\\/matica-hrvatska-natjecaj-za-najljepsi-domoljubni-literarni-rad-i-najljepsi-domoljubni-likovni-rad\\\/#primaryimage\"},\"thumbnailUrl\":\"https:\\\/\\\/radioljubuski.ba\\\/wp-content\\\/uploads\\\/2021\\\/05\\\/2-2021-05-25-11-40-05-matica-hrvatske.jpg\",\"articleSection\":[\"BIH i regija\"],\"inLanguage\":\"hr\"},{\"@type\":\"WebPage\",\"@id\":\"https:\\\/\\\/radioljubuski.ba\\\/index.php\\\/2022\\\/02\\\/07\\\/matica-hrvatska-natjecaj-za-najljepsi-domoljubni-literarni-rad-i-najljepsi-domoljubni-likovni-rad\\\/\",\"url\":\"https:\\\/\\\/radioljubuski.ba\\\/index.php\\\/2022\\\/02\\\/07\\\/matica-hrvatska-natjecaj-za-najljepsi-domoljubni-literarni-rad-i-najljepsi-domoljubni-likovni-rad\\\/\",\"name\":\"Matica hrvatska: Natje\u010daj za najljep\u0161i domoljubni literarni rad i najljep\u0161i domoljubni likovni rad - RADIO LJUBU\u0160KI\",\"isPartOf\":{\"@id\":\"https:\\\/\\\/radioljubuski.ba\\\/#website\"},\"primaryImageOfPage\":{\"@id\":\"https:\\\/\\\/radioljubuski.ba\\\/index.php\\\/2022\\\/02\\\/07\\\/matica-hrvatska-natjecaj-za-najljepsi-domoljubni-literarni-rad-i-najljepsi-domoljubni-likovni-rad\\\/#primaryimage\"},\"image\":{\"@id\":\"https:\\\/\\\/radioljubuski.ba\\\/index.php\\\/2022\\\/02\\\/07\\\/matica-hrvatska-natjecaj-za-najljepsi-domoljubni-literarni-rad-i-najljepsi-domoljubni-likovni-rad\\\/#primaryimage\"},\"thumbnailUrl\":\"https:\\\/\\\/radioljubuski.ba\\\/wp-content\\\/uploads\\\/2021\\\/05\\\/2-2021-05-25-11-40-05-matica-hrvatske.jpg\",\"datePublished\":\"2022-02-07T14:04:19+00:00\",\"breadcrumb\":{\"@id\":\"https:\\\/\\\/radioljubuski.ba\\\/index.php\\\/2022\\\/02\\\/07\\\/matica-hrvatska-natjecaj-za-najljepsi-domoljubni-literarni-rad-i-najljepsi-domoljubni-likovni-rad\\\/#breadcrumb\"},\"inLanguage\":\"hr\",\"potentialAction\":[{\"@type\":\"ReadAction\",\"target\":[\"https:\\\/\\\/radioljubuski.ba\\\/index.php\\\/2022\\\/02\\\/07\\\/matica-hrvatska-natjecaj-za-najljepsi-domoljubni-literarni-rad-i-najljepsi-domoljubni-likovni-rad\\\/\"]}]},{\"@type\":\"ImageObject\",\"inLanguage\":\"hr\",\"@id\":\"https:\\\/\\\/radioljubuski.ba\\\/index.php\\\/2022\\\/02\\\/07\\\/matica-hrvatska-natjecaj-za-najljepsi-domoljubni-literarni-rad-i-najljepsi-domoljubni-likovni-rad\\\/#primaryimage\",\"url\":\"https:\\\/\\\/radioljubuski.ba\\\/wp-content\\\/uploads\\\/2021\\\/05\\\/2-2021-05-25-11-40-05-matica-hrvatske.jpg\",\"contentUrl\":\"https:\\\/\\\/radioljubuski.ba\\\/wp-content\\\/uploads\\\/2021\\\/05\\\/2-2021-05-25-11-40-05-matica-hrvatske.jpg\",\"width\":1000,\"height\":625},{\"@type\":\"BreadcrumbList\",\"@id\":\"https:\\\/\\\/radioljubuski.ba\\\/index.php\\\/2022\\\/02\\\/07\\\/matica-hrvatska-natjecaj-za-najljepsi-domoljubni-literarni-rad-i-najljepsi-domoljubni-likovni-rad\\\/#breadcrumb\",\"itemListElement\":[{\"@type\":\"ListItem\",\"position\":1,\"name\":\"Po\u010detna stranica\",\"item\":\"https:\\\/\\\/radioljubuski.ba\\\/\"},{\"@type\":\"ListItem\",\"position\":2,\"name\":\"Matica hrvatska: Natje\u010daj za najljep\u0161i domoljubni literarni rad i najljep\u0161i domoljubni likovni rad\"}]},{\"@type\":\"WebSite\",\"@id\":\"https:\\\/\\\/radioljubuski.ba\\\/#website\",\"url\":\"https:\\\/\\\/radioljubuski.ba\\\/\",\"name\":\"Radio Ljubu\u0161ki\",\"description\":\"Sun\u010dana frekvencija Hercegovine\",\"publisher\":{\"@id\":\"https:\\\/\\\/radioljubuski.ba\\\/#organization\"},\"potentialAction\":[{\"@type\":\"SearchAction\",\"target\":{\"@type\":\"EntryPoint\",\"urlTemplate\":\"https:\\\/\\\/radioljubuski.ba\\\/?s={search_term_string}\"},\"query-input\":{\"@type\":\"PropertyValueSpecification\",\"valueRequired\":true,\"valueName\":\"search_term_string\"}}],\"inLanguage\":\"hr\"},{\"@type\":\"Organization\",\"@id\":\"https:\\\/\\\/radioljubuski.ba\\\/#organization\",\"name\":\"Radio Ljubu\u0161ki\",\"url\":\"https:\\\/\\\/radioljubuski.ba\\\/\",\"logo\":{\"@type\":\"ImageObject\",\"inLanguage\":\"hr\",\"@id\":\"https:\\\/\\\/radioljubuski.ba\\\/#\\\/schema\\\/logo\\\/image\\\/\",\"url\":\"https:\\\/\\\/radioljubuski.ba\\\/wp-content\\\/uploads\\\/2021\\\/02\\\/cropped-Radio_Ljubuski_logo1.jpg\",\"contentUrl\":\"https:\\\/\\\/radioljubuski.ba\\\/wp-content\\\/uploads\\\/2021\\\/02\\\/cropped-Radio_Ljubuski_logo1.jpg\",\"width\":512,\"height\":512,\"caption\":\"Radio Ljubu\u0161ki\"},\"image\":{\"@id\":\"https:\\\/\\\/radioljubuski.ba\\\/#\\\/schema\\\/logo\\\/image\\\/\"},\"sameAs\":[\"https:\\\/\\\/www.facebook.com\\\/Radiio-Ljubuski-1490835324566332\",\"https:\\\/\\\/x.com\\\/radioljubuski\",\"https:\\\/\\\/hr.linkedin.com\\\/company\\\/radio-ljubuski\",\"https:\\\/\\\/www.youtube.com\\\/channel\\\/UCHYaeO_n0Db3tjNGudGpXyw\"]},{\"@type\":\"Person\",\"@id\":\"https:\\\/\\\/radioljubuski.ba\\\/#\\\/schema\\\/person\\\/19fc700381a780f69665d7956c469e3b\",\"name\":\"Radio Ljubu\u0161ki\"}]}<\/script>\n<!-- \/ Yoast SEO plugin. -->","yoast_head_json":{"title":"Matica hrvatska: Natje\u010daj za najljep\u0161i domoljubni literarni rad i najljep\u0161i domoljubni likovni rad - RADIO LJUBU\u0160KI","robots":{"index":"index","follow":"follow","max-snippet":"max-snippet:-1","max-image-preview":"max-image-preview:large","max-video-preview":"max-video-preview:-1"},"canonical":"https:\/\/radioljubuski.ba\/index.php\/2022\/02\/07\/matica-hrvatska-natjecaj-za-najljepsi-domoljubni-literarni-rad-i-najljepsi-domoljubni-likovni-rad\/","og_locale":"hr_HR","og_type":"article","og_title":"Matica hrvatska: Natje\u010daj za najljep\u0161i domoljubni literarni rad i najljep\u0161i domoljubni likovni rad - RADIO LJUBU\u0160KI","og_description":"U povodu 100. obljetnice ro\u0111enja hrvatskog uznika, hrvatskog knji\u017eevnika i domoljuba Ivana Alilovi\u0107a, Matica hrvatska &#8211; Ogranak Grude, dana 31. sije\u010dnja 2022. godine, raspisuje natje\u010daj za najljep\u0161i domoljubni literarni rad, i za najljep\u0161i domoljubni likovni rad, pod nazivom: LIJEPA LI SI, DOMOVINO MOJA. Natje\u010daj se raspisuje za u\u010denike osnovnih i srednjih \u0161kola. UPUTE ZA LITERARNE [&hellip;]","og_url":"https:\/\/radioljubuski.ba\/index.php\/2022\/02\/07\/matica-hrvatska-natjecaj-za-najljepsi-domoljubni-literarni-rad-i-najljepsi-domoljubni-likovni-rad\/","og_site_name":"RADIO LJUBU\u0160KI","article_publisher":"https:\/\/www.facebook.com\/Radiio-Ljubuski-1490835324566332","article_published_time":"2022-02-07T14:04:19+00:00","og_image":[{"width":1000,"height":625,"url":"https:\/\/radioljubuski.ba\/wp-content\/uploads\/2021\/05\/2-2021-05-25-11-40-05-matica-hrvatske.jpg","type":"image\/jpeg"}],"author":"Radio Ljubu\u0161ki","twitter_card":"summary_large_image","twitter_creator":"@radioljubuski","twitter_site":"@radioljubuski","twitter_misc":{"Napisao\/la":"Radio Ljubu\u0161ki","Procijenjeno vrijeme \u010ditanja":"2 minute"},"schema":{"@context":"https:\/\/schema.org","@graph":[{"@type":"Article","@id":"https:\/\/radioljubuski.ba\/index.php\/2022\/02\/07\/matica-hrvatska-natjecaj-za-najljepsi-domoljubni-literarni-rad-i-najljepsi-domoljubni-likovni-rad\/#article","isPartOf":{"@id":"https:\/\/radioljubuski.ba\/index.php\/2022\/02\/07\/matica-hrvatska-natjecaj-za-najljepsi-domoljubni-literarni-rad-i-najljepsi-domoljubni-likovni-rad\/"},"author":{"name":"Radio Ljubu\u0161ki","@id":"https:\/\/radioljubuski.ba\/#\/schema\/person\/19fc700381a780f69665d7956c469e3b"},"headline":"Matica hrvatska: Natje\u010daj za najljep\u0161i domoljubni literarni rad i najljep\u0161i domoljubni likovni rad","datePublished":"2022-02-07T14:04:19+00:00","mainEntityOfPage":{"@id":"https:\/\/radioljubuski.ba\/index.php\/2022\/02\/07\/matica-hrvatska-natjecaj-za-najljepsi-domoljubni-literarni-rad-i-najljepsi-domoljubni-likovni-rad\/"},"wordCount":358,"publisher":{"@id":"https:\/\/radioljubuski.ba\/#organization"},"image":{"@id":"https:\/\/radioljubuski.ba\/index.php\/2022\/02\/07\/matica-hrvatska-natjecaj-za-najljepsi-domoljubni-literarni-rad-i-najljepsi-domoljubni-likovni-rad\/#primaryimage"},"thumbnailUrl":"https:\/\/radioljubuski.ba\/wp-content\/uploads\/2021\/05\/2-2021-05-25-11-40-05-matica-hrvatske.jpg","articleSection":["BIH i regija"],"inLanguage":"hr"},{"@type":"WebPage","@id":"https:\/\/radioljubuski.ba\/index.php\/2022\/02\/07\/matica-hrvatska-natjecaj-za-najljepsi-domoljubni-literarni-rad-i-najljepsi-domoljubni-likovni-rad\/","url":"https:\/\/radioljubuski.ba\/index.php\/2022\/02\/07\/matica-hrvatska-natjecaj-za-najljepsi-domoljubni-literarni-rad-i-najljepsi-domoljubni-likovni-rad\/","name":"Matica hrvatska: Natje\u010daj za najljep\u0161i domoljubni literarni rad i najljep\u0161i domoljubni likovni rad - RADIO LJUBU\u0160KI","isPartOf":{"@id":"https:\/\/radioljubuski.ba\/#website"},"primaryImageOfPage":{"@id":"https:\/\/radioljubuski.ba\/index.php\/2022\/02\/07\/matica-hrvatska-natjecaj-za-najljepsi-domoljubni-literarni-rad-i-najljepsi-domoljubni-likovni-rad\/#primaryimage"},"image":{"@id":"https:\/\/radioljubuski.ba\/index.php\/2022\/02\/07\/matica-hrvatska-natjecaj-za-najljepsi-domoljubni-literarni-rad-i-najljepsi-domoljubni-likovni-rad\/#primaryimage"},"thumbnailUrl":"https:\/\/radioljubuski.ba\/wp-content\/uploads\/2021\/05\/2-2021-05-25-11-40-05-matica-hrvatske.jpg","datePublished":"2022-02-07T14:04:19+00:00","breadcrumb":{"@id":"https:\/\/radioljubuski.ba\/index.php\/2022\/02\/07\/matica-hrvatska-natjecaj-za-najljepsi-domoljubni-literarni-rad-i-najljepsi-domoljubni-likovni-rad\/#breadcrumb"},"inLanguage":"hr","potentialAction":[{"@type":"ReadAction","target":["https:\/\/radioljubuski.ba\/index.php\/2022\/02\/07\/matica-hrvatska-natjecaj-za-najljepsi-domoljubni-literarni-rad-i-najljepsi-domoljubni-likovni-rad\/"]}]},{"@type":"ImageObject","inLanguage":"hr","@id":"https:\/\/radioljubuski.ba\/index.php\/2022\/02\/07\/matica-hrvatska-natjecaj-za-najljepsi-domoljubni-literarni-rad-i-najljepsi-domoljubni-likovni-rad\/#primaryimage","url":"https:\/\/radioljubuski.ba\/wp-content\/uploads\/2021\/05\/2-2021-05-25-11-40-05-matica-hrvatske.jpg","contentUrl":"https:\/\/radioljubuski.ba\/wp-content\/uploads\/2021\/05\/2-2021-05-25-11-40-05-matica-hrvatske.jpg","width":1000,"height":625},{"@type":"BreadcrumbList","@id":"https:\/\/radioljubuski.ba\/index.php\/2022\/02\/07\/matica-hrvatska-natjecaj-za-najljepsi-domoljubni-literarni-rad-i-najljepsi-domoljubni-likovni-rad\/#breadcrumb","itemListElement":[{"@type":"ListItem","position":1,"name":"Po\u010detna stranica","item":"https:\/\/radioljubuski.ba\/"},{"@type":"ListItem","position":2,"name":"Matica hrvatska: Natje\u010daj za najljep\u0161i domoljubni literarni rad i najljep\u0161i domoljubni likovni rad"}]},{"@type":"WebSite","@id":"https:\/\/radioljubuski.ba\/#website","url":"https:\/\/radioljubuski.ba\/","name":"Radio Ljubu\u0161ki","description":"Sun\u010dana frekvencija Hercegovine","publisher":{"@id":"https:\/\/radioljubuski.ba\/#organization"},"potentialAction":[{"@type":"SearchAction","target":{"@type":"EntryPoint","urlTemplate":"https:\/\/radioljubuski.ba\/?s={search_term_string}"},"query-input":{"@type":"PropertyValueSpecification","valueRequired":true,"valueName":"search_term_string"}}],"inLanguage":"hr"},{"@type":"Organization","@id":"https:\/\/radioljubuski.ba\/#organization","name":"Radio Ljubu\u0161ki","url":"https:\/\/radioljubuski.ba\/","logo":{"@type":"ImageObject","inLanguage":"hr","@id":"https:\/\/radioljubuski.ba\/#\/schema\/logo\/image\/","url":"https:\/\/radioljubuski.ba\/wp-content\/uploads\/2021\/02\/cropped-Radio_Ljubuski_logo1.jpg","contentUrl":"https:\/\/radioljubuski.ba\/wp-content\/uploads\/2021\/02\/cropped-Radio_Ljubuski_logo1.jpg","width":512,"height":512,"caption":"Radio Ljubu\u0161ki"},"image":{"@id":"https:\/\/radioljubuski.ba\/#\/schema\/logo\/image\/"},"sameAs":["https:\/\/www.facebook.com\/Radiio-Ljubuski-1490835324566332","https:\/\/x.com\/radioljubuski","https:\/\/hr.linkedin.com\/company\/radio-ljubuski","https:\/\/www.youtube.com\/channel\/UCHYaeO_n0Db3tjNGudGpXyw"]},{"@type":"Person","@id":"https:\/\/radioljubuski.ba\/#\/schema\/person\/19fc700381a780f69665d7956c469e3b","name":"Radio Ljubu\u0161ki"}]}},"_links":{"self":[{"href":"https:\/\/radioljubuski.ba\/index.php\/wp-json\/wp\/v2\/posts\/111716","targetHints":{"allow":["GET"]}}],"collection":[{"href":"https:\/\/radioljubuski.ba\/index.php\/wp-json\/wp\/v2\/posts"}],"about":[{"href":"https:\/\/radioljubuski.ba\/index.php\/wp-json\/wp\/v2\/types\/post"}],"author":[{"embeddable":true,"href":"https:\/\/radioljubuski.ba\/index.php\/wp-json\/wp\/v2\/users\/2"}],"replies":[{"embeddable":true,"href":"https:\/\/radioljubuski.ba\/index.php\/wp-json\/wp\/v2\/comments?post=111716"}],"version-history":[{"count":1,"href":"https:\/\/radioljubuski.ba\/index.php\/wp-json\/wp\/v2\/posts\/111716\/revisions"}],"predecessor-version":[{"id":111717,"href":"https:\/\/radioljubuski.ba\/index.php\/wp-json\/wp\/v2\/posts\/111716\/revisions\/111717"}],"wp:featuredmedia":[{"embeddable":true,"href":"https:\/\/radioljubuski.ba\/index.php\/wp-json\/wp\/v2\/media\/24927"}],"wp:attachment":[{"href":"https:\/\/radioljubuski.ba\/index.php\/wp-json\/wp\/v2\/media?parent=111716"}],"wp:term":[{"taxonomy":"category","embeddable":true,"href":"https:\/\/radioljubuski.ba\/index.php\/wp-json\/wp\/v2\/categories?post=111716"},{"taxonomy":"post_tag","embeddable":true,"href":"https:\/\/radioljubuski.ba\/index.php\/wp-json\/wp\/v2\/tags?post=111716"}],"curies":[{"name":"wp","href":"https:\/\/api.w.org\/{rel}","templated":true}]}}