{"id":111718,"date":"2022-02-07T15:05:36","date_gmt":"2022-02-07T14:05:36","guid":{"rendered":"https:\/\/radioljubuski.ba\/?p=111718"},"modified":"2022-02-07T15:05:38","modified_gmt":"2022-02-07T14:05:38","slug":"policija-objavila-detalje-ubio-zenu-67-u-kaficu-pa-gol-setao-gradom","status":"publish","type":"post","link":"https:\/\/radioljubuski.ba\/index.php\/2022\/02\/07\/policija-objavila-detalje-ubio-zenu-67-u-kaficu-pa-gol-setao-gradom\/","title":{"rendered":"Policija objavila detalje: Ubio \u017eenu (67) u kafi\u0107u pa gol \u0161etao gradom"},"content":{"rendered":"\n<p>Policijski slu\u017ebenici I. policijske postaje Rijeka, u suradnji s djelatnicima Slu\u017ebe op\u0107eg kriminaliteta Policijske uprave primorsko\u2013goranske, dovr\u0161ili su kriminalisti\u010dko istra\u017eivanje nad 36-godi\u0161njim hrvatskim dr\u017eavljaninom zbog sumnje u po\u010dinjenje kaznenog djela te\u0161kog ubojstva.<\/p>\n\n\n\n<p>Kriminalisti\u010dkim istra\u017eivanjem utvr\u0111eno je da se 36-godi\u0161njak 6. velja\u010de u jednom od ugostiteljskih objekata na Pavlinskom trgu u Rijeci najprije verbalno sukobio s 67-godi\u0161njom hrvatskom dr\u017eavljankom, a potom je fizi\u010dki napao te joj zadao vi\u0161e udaraca u predjelu glave i tijela i potom pobjegao.<\/p>\n\n\n\n<p>Dolaskom na mjesto doga\u0111aja djelatnici hitne medicinske pomo\u0107i poduzeli su mjere iz svoje nadle\u017enost, nakon \u010dega je konstatirana smrt \u017eenske osobe.<\/p>\n\n\n\n<p>Nadalje, oko 15,50 sati, policija je zaprimila dojavu gra\u0111ana da je na podru\u010dju Belvedera u Rijeci vi\u0111ena mu\u0161ka osobe bez odje\u0107e, ali po dolasku na mjesto doga\u0111aja policija nije zatekla opisanu osobu. U nastavku intenzivnog traganja za osobom koja je pobjegla s Pavlinskog trga, utvr\u0111eno je da postoji poveznica izme\u0111u ova dva doga\u0111aja te je osumnji\u010deni 36-godi\u0161njak uhi\u0107en oko 18 sati i priveden na kriminalisti\u010dko istra\u017eivanje kojim je utvr\u0111ena sumnja u po\u010dinjenje navedenog kaznenog djela.<\/p>\n\n\n\n<p>Tijekom sutra\u0161njeg dana nad tijelom preminule 67-godi\u0161nje hrvatske dr\u017eavljanke bit \u0107e obavljena obdukcija u Zavodu za sudsku medicinu i kriminalistiku KBC-a Rijeka, radi utvr\u0111ivanja to\u010dnog uzroka smrti.<\/p>\n\n\n\n<p>Osumnji\u010deni 36-godi\u0161njak \u0107e uz kaznenu prijavu tijekom dana\u0161njeg dana biti doveden pritvorskom nadzorniku.<\/p>\n\n\n\n<figure class=\"wp-block-embed is-type-wp-embed is-provider-radio-ljubuski wp-block-embed-radio-ljubuski\"><div class=\"wp-block-embed__wrapper\">\n<blockquote class=\"wp-embedded-content\" data-secret=\"Dp2VMDEFu2\"><a href=\"https:\/\/radioljubuski.ba\/index.php\/2022\/02\/06\/svjedokinja-o-ubojstvu-u-rijeci-skocio-je-na-nju-za-sankom-vukao-je-unakazio\/\">Svjedokinja o ubojstvu u Rijeci: Sko\u010dio je na nju za \u0161ankom, vukao je, unakazio<\/a><\/blockquote><iframe loading=\"lazy\" class=\"wp-embedded-content\" sandbox=\"allow-scripts\" security=\"restricted\" style=\"position: absolute; clip: rect(1px, 1px, 1px, 1px);\" title=\"&#8220;Svjedokinja o ubojstvu u Rijeci: Sko\u010dio je na nju za \u0161ankom, vukao je, unakazio&#8221; &#8212;   RADIO LJUBU\u0160KI\" src=\"https:\/\/radioljubuski.ba\/index.php\/2022\/02\/06\/svjedokinja-o-ubojstvu-u-rijeci-skocio-je-na-nju-za-sankom-vukao-je-unakazio\/embed\/#?secret=NqlCfebmfA#?secret=Dp2VMDEFu2\" data-secret=\"Dp2VMDEFu2\" width=\"600\" height=\"338\" frameborder=\"0\" marginwidth=\"0\" marginheight=\"0\" scrolling=\"no\"><\/iframe>\n<\/div><\/figure>\n\n\n\n<p>Izvor:pogled.ba<\/p>\n","protected":false},"excerpt":{"rendered":"<p>Policijski slu\u017ebenici I. policijske postaje Rijeka, u suradnji s djelatnicima Slu\u017ebe op\u0107eg kriminaliteta Policijske uprave primorsko\u2013goranske, dovr\u0161ili su kriminalisti\u010dko istra\u017eivanje nad 36-godi\u0161njim hrvatskim dr\u017eavljaninom zbog sumnje u po\u010dinjenje kaznenog djela te\u0161kog ubojstva. Kriminalisti\u010dkim istra\u017eivanjem utvr\u0111eno je da se 36-godi\u0161njak 6. velja\u010de u jednom od ugostiteljskih objekata na Pavlinskom trgu u Rijeci najprije verbalno sukobio s [&hellip;]<\/p>\n","protected":false},"author":2,"featured_media":111468,"comment_status":"closed","ping_status":"closed","sticky":false,"template":"","format":"standard","meta":{"h5ap_radio_sources":[],"footnotes":""},"categories":[1],"tags":[],"class_list":["post-111718","post","type-post","status-publish","format-standard","has-post-thumbnail","hentry","category-bihiregija"],"yoast_head":"<!-- This site is optimized with the Yoast SEO plugin v27.4 - https:\/\/yoast.com\/product\/yoast-seo-wordpress\/ -->\n<title>Policija objavila detalje: Ubio \u017eenu (67) u kafi\u0107u pa gol \u0161etao gradom - RADIO LJUBU\u0160KI<\/title>\n<meta name=\"robots\" content=\"index, follow, max-snippet:-1, max-image-preview:large, max-video-preview:-1\" \/>\n<link rel=\"canonical\" href=\"https:\/\/radioljubuski.ba\/index.php\/2022\/02\/07\/policija-objavila-detalje-ubio-zenu-67-u-kaficu-pa-gol-setao-gradom\/\" \/>\n<meta property=\"og:locale\" content=\"hr_HR\" \/>\n<meta property=\"og:type\" content=\"article\" \/>\n<meta property=\"og:title\" content=\"Policija objavila detalje: Ubio \u017eenu (67) u kafi\u0107u pa gol \u0161etao gradom - RADIO LJUBU\u0160KI\" \/>\n<meta property=\"og:description\" content=\"Policijski slu\u017ebenici I. policijske postaje Rijeka, u suradnji s djelatnicima Slu\u017ebe op\u0107eg kriminaliteta Policijske uprave primorsko\u2013goranske, dovr\u0161ili su kriminalisti\u010dko istra\u017eivanje nad 36-godi\u0161njim hrvatskim dr\u017eavljaninom zbog sumnje u po\u010dinjenje kaznenog djela te\u0161kog ubojstva. Kriminalisti\u010dkim istra\u017eivanjem utvr\u0111eno je da se 36-godi\u0161njak 6. velja\u010de u jednom od ugostiteljskih objekata na Pavlinskom trgu u Rijeci najprije verbalno sukobio s [&hellip;]\" \/>\n<meta property=\"og:url\" content=\"https:\/\/radioljubuski.ba\/index.php\/2022\/02\/07\/policija-objavila-detalje-ubio-zenu-67-u-kaficu-pa-gol-setao-gradom\/\" \/>\n<meta property=\"og:site_name\" content=\"RADIO LJUBU\u0160KI\" \/>\n<meta property=\"article:publisher\" content=\"https:\/\/www.facebook.com\/Radiio-Ljubuski-1490835324566332\" \/>\n<meta property=\"article:published_time\" content=\"2022-02-07T14:05:36+00:00\" \/>\n<meta property=\"article:modified_time\" content=\"2022-02-07T14:05:38+00:00\" \/>\n<meta property=\"og:image\" content=\"https:\/\/radioljubuski.ba\/wp-content\/uploads\/2022\/02\/pxl-060222-91821649.jpg\" \/>\n\t<meta property=\"og:image:width\" content=\"1243\" \/>\n\t<meta property=\"og:image:height\" content=\"700\" \/>\n\t<meta property=\"og:image:type\" content=\"image\/jpeg\" \/>\n<meta name=\"author\" content=\"Radio Ljubu\u0161ki\" \/>\n<meta name=\"twitter:card\" content=\"summary_large_image\" \/>\n<meta name=\"twitter:creator\" content=\"@radioljubuski\" \/>\n<meta name=\"twitter:site\" content=\"@radioljubuski\" \/>\n<meta name=\"twitter:label1\" content=\"Napisao\/la\" \/>\n\t<meta name=\"twitter:data1\" content=\"Radio Ljubu\u0161ki\" \/>\n\t<meta name=\"twitter:label2\" content=\"Procijenjeno vrijeme \u010ditanja\" \/>\n\t<meta name=\"twitter:data2\" content=\"1 minuta\" \/>\n<script type=\"application\/ld+json\" class=\"yoast-schema-graph\">{\"@context\":\"https:\\\/\\\/schema.org\",\"@graph\":[{\"@type\":\"Article\",\"@id\":\"https:\\\/\\\/radioljubuski.ba\\\/index.php\\\/2022\\\/02\\\/07\\\/policija-objavila-detalje-ubio-zenu-67-u-kaficu-pa-gol-setao-gradom\\\/#article\",\"isPartOf\":{\"@id\":\"https:\\\/\\\/radioljubuski.ba\\\/index.php\\\/2022\\\/02\\\/07\\\/policija-objavila-detalje-ubio-zenu-67-u-kaficu-pa-gol-setao-gradom\\\/\"},\"author\":{\"name\":\"Radio Ljubu\u0161ki\",\"@id\":\"https:\\\/\\\/radioljubuski.ba\\\/#\\\/schema\\\/person\\\/19fc700381a780f69665d7956c469e3b\"},\"headline\":\"Policija objavila detalje: Ubio \u017eenu (67) u kafi\u0107u pa gol \u0161etao gradom\",\"datePublished\":\"2022-02-07T14:05:36+00:00\",\"dateModified\":\"2022-02-07T14:05:38+00:00\",\"mainEntityOfPage\":{\"@id\":\"https:\\\/\\\/radioljubuski.ba\\\/index.php\\\/2022\\\/02\\\/07\\\/policija-objavila-detalje-ubio-zenu-67-u-kaficu-pa-gol-setao-gradom\\\/\"},\"wordCount\":277,\"publisher\":{\"@id\":\"https:\\\/\\\/radioljubuski.ba\\\/#organization\"},\"image\":{\"@id\":\"https:\\\/\\\/radioljubuski.ba\\\/index.php\\\/2022\\\/02\\\/07\\\/policija-objavila-detalje-ubio-zenu-67-u-kaficu-pa-gol-setao-gradom\\\/#primaryimage\"},\"thumbnailUrl\":\"https:\\\/\\\/radioljubuski.ba\\\/wp-content\\\/uploads\\\/2022\\\/02\\\/pxl-060222-91821649.jpg\",\"articleSection\":[\"BIH i regija\"],\"inLanguage\":\"hr\"},{\"@type\":\"WebPage\",\"@id\":\"https:\\\/\\\/radioljubuski.ba\\\/index.php\\\/2022\\\/02\\\/07\\\/policija-objavila-detalje-ubio-zenu-67-u-kaficu-pa-gol-setao-gradom\\\/\",\"url\":\"https:\\\/\\\/radioljubuski.ba\\\/index.php\\\/2022\\\/02\\\/07\\\/policija-objavila-detalje-ubio-zenu-67-u-kaficu-pa-gol-setao-gradom\\\/\",\"name\":\"Policija objavila detalje: Ubio \u017eenu (67) u kafi\u0107u pa gol \u0161etao gradom - RADIO LJUBU\u0160KI\",\"isPartOf\":{\"@id\":\"https:\\\/\\\/radioljubuski.ba\\\/#website\"},\"primaryImageOfPage\":{\"@id\":\"https:\\\/\\\/radioljubuski.ba\\\/index.php\\\/2022\\\/02\\\/07\\\/policija-objavila-detalje-ubio-zenu-67-u-kaficu-pa-gol-setao-gradom\\\/#primaryimage\"},\"image\":{\"@id\":\"https:\\\/\\\/radioljubuski.ba\\\/index.php\\\/2022\\\/02\\\/07\\\/policija-objavila-detalje-ubio-zenu-67-u-kaficu-pa-gol-setao-gradom\\\/#primaryimage\"},\"thumbnailUrl\":\"https:\\\/\\\/radioljubuski.ba\\\/wp-content\\\/uploads\\\/2022\\\/02\\\/pxl-060222-91821649.jpg\",\"datePublished\":\"2022-02-07T14:05:36+00:00\",\"dateModified\":\"2022-02-07T14:05:38+00:00\",\"breadcrumb\":{\"@id\":\"https:\\\/\\\/radioljubuski.ba\\\/index.php\\\/2022\\\/02\\\/07\\\/policija-objavila-detalje-ubio-zenu-67-u-kaficu-pa-gol-setao-gradom\\\/#breadcrumb\"},\"inLanguage\":\"hr\",\"potentialAction\":[{\"@type\":\"ReadAction\",\"target\":[\"https:\\\/\\\/radioljubuski.ba\\\/index.php\\\/2022\\\/02\\\/07\\\/policija-objavila-detalje-ubio-zenu-67-u-kaficu-pa-gol-setao-gradom\\\/\"]}]},{\"@type\":\"ImageObject\",\"inLanguage\":\"hr\",\"@id\":\"https:\\\/\\\/radioljubuski.ba\\\/index.php\\\/2022\\\/02\\\/07\\\/policija-objavila-detalje-ubio-zenu-67-u-kaficu-pa-gol-setao-gradom\\\/#primaryimage\",\"url\":\"https:\\\/\\\/radioljubuski.ba\\\/wp-content\\\/uploads\\\/2022\\\/02\\\/pxl-060222-91821649.jpg\",\"contentUrl\":\"https:\\\/\\\/radioljubuski.ba\\\/wp-content\\\/uploads\\\/2022\\\/02\\\/pxl-060222-91821649.jpg\",\"width\":1243,\"height\":700},{\"@type\":\"BreadcrumbList\",\"@id\":\"https:\\\/\\\/radioljubuski.ba\\\/index.php\\\/2022\\\/02\\\/07\\\/policija-objavila-detalje-ubio-zenu-67-u-kaficu-pa-gol-setao-gradom\\\/#breadcrumb\",\"itemListElement\":[{\"@type\":\"ListItem\",\"position\":1,\"name\":\"Po\u010detna stranica\",\"item\":\"https:\\\/\\\/radioljubuski.ba\\\/\"},{\"@type\":\"ListItem\",\"position\":2,\"name\":\"Policija objavila detalje: Ubio \u017eenu (67) u kafi\u0107u pa gol \u0161etao gradom\"}]},{\"@type\":\"WebSite\",\"@id\":\"https:\\\/\\\/radioljubuski.ba\\\/#website\",\"url\":\"https:\\\/\\\/radioljubuski.ba\\\/\",\"name\":\"Radio Ljubu\u0161ki\",\"description\":\"Sun\u010dana frekvencija Hercegovine\",\"publisher\":{\"@id\":\"https:\\\/\\\/radioljubuski.ba\\\/#organization\"},\"potentialAction\":[{\"@type\":\"SearchAction\",\"target\":{\"@type\":\"EntryPoint\",\"urlTemplate\":\"https:\\\/\\\/radioljubuski.ba\\\/?s={search_term_string}\"},\"query-input\":{\"@type\":\"PropertyValueSpecification\",\"valueRequired\":true,\"valueName\":\"search_term_string\"}}],\"inLanguage\":\"hr\"},{\"@type\":\"Organization\",\"@id\":\"https:\\\/\\\/radioljubuski.ba\\\/#organization\",\"name\":\"Radio Ljubu\u0161ki\",\"url\":\"https:\\\/\\\/radioljubuski.ba\\\/\",\"logo\":{\"@type\":\"ImageObject\",\"inLanguage\":\"hr\",\"@id\":\"https:\\\/\\\/radioljubuski.ba\\\/#\\\/schema\\\/logo\\\/image\\\/\",\"url\":\"https:\\\/\\\/radioljubuski.ba\\\/wp-content\\\/uploads\\\/2021\\\/02\\\/cropped-Radio_Ljubuski_logo1.jpg\",\"contentUrl\":\"https:\\\/\\\/radioljubuski.ba\\\/wp-content\\\/uploads\\\/2021\\\/02\\\/cropped-Radio_Ljubuski_logo1.jpg\",\"width\":512,\"height\":512,\"caption\":\"Radio Ljubu\u0161ki\"},\"image\":{\"@id\":\"https:\\\/\\\/radioljubuski.ba\\\/#\\\/schema\\\/logo\\\/image\\\/\"},\"sameAs\":[\"https:\\\/\\\/www.facebook.com\\\/Radiio-Ljubuski-1490835324566332\",\"https:\\\/\\\/x.com\\\/radioljubuski\",\"https:\\\/\\\/hr.linkedin.com\\\/company\\\/radio-ljubuski\",\"https:\\\/\\\/www.youtube.com\\\/channel\\\/UCHYaeO_n0Db3tjNGudGpXyw\"]},{\"@type\":\"Person\",\"@id\":\"https:\\\/\\\/radioljubuski.ba\\\/#\\\/schema\\\/person\\\/19fc700381a780f69665d7956c469e3b\",\"name\":\"Radio Ljubu\u0161ki\"}]}<\/script>\n<!-- \/ Yoast SEO plugin. -->","yoast_head_json":{"title":"Policija objavila detalje: Ubio \u017eenu (67) u kafi\u0107u pa gol \u0161etao gradom - RADIO LJUBU\u0160KI","robots":{"index":"index","follow":"follow","max-snippet":"max-snippet:-1","max-image-preview":"max-image-preview:large","max-video-preview":"max-video-preview:-1"},"canonical":"https:\/\/radioljubuski.ba\/index.php\/2022\/02\/07\/policija-objavila-detalje-ubio-zenu-67-u-kaficu-pa-gol-setao-gradom\/","og_locale":"hr_HR","og_type":"article","og_title":"Policija objavila detalje: Ubio \u017eenu (67) u kafi\u0107u pa gol \u0161etao gradom - RADIO LJUBU\u0160KI","og_description":"Policijski slu\u017ebenici I. policijske postaje Rijeka, u suradnji s djelatnicima Slu\u017ebe op\u0107eg kriminaliteta Policijske uprave primorsko\u2013goranske, dovr\u0161ili su kriminalisti\u010dko istra\u017eivanje nad 36-godi\u0161njim hrvatskim dr\u017eavljaninom zbog sumnje u po\u010dinjenje kaznenog djela te\u0161kog ubojstva. Kriminalisti\u010dkim istra\u017eivanjem utvr\u0111eno je da se 36-godi\u0161njak 6. velja\u010de u jednom od ugostiteljskih objekata na Pavlinskom trgu u Rijeci najprije verbalno sukobio s [&hellip;]","og_url":"https:\/\/radioljubuski.ba\/index.php\/2022\/02\/07\/policija-objavila-detalje-ubio-zenu-67-u-kaficu-pa-gol-setao-gradom\/","og_site_name":"RADIO LJUBU\u0160KI","article_publisher":"https:\/\/www.facebook.com\/Radiio-Ljubuski-1490835324566332","article_published_time":"2022-02-07T14:05:36+00:00","article_modified_time":"2022-02-07T14:05:38+00:00","og_image":[{"width":1243,"height":700,"url":"https:\/\/radioljubuski.ba\/wp-content\/uploads\/2022\/02\/pxl-060222-91821649.jpg","type":"image\/jpeg"}],"author":"Radio Ljubu\u0161ki","twitter_card":"summary_large_image","twitter_creator":"@radioljubuski","twitter_site":"@radioljubuski","twitter_misc":{"Napisao\/la":"Radio Ljubu\u0161ki","Procijenjeno vrijeme \u010ditanja":"1 minuta"},"schema":{"@context":"https:\/\/schema.org","@graph":[{"@type":"Article","@id":"https:\/\/radioljubuski.ba\/index.php\/2022\/02\/07\/policija-objavila-detalje-ubio-zenu-67-u-kaficu-pa-gol-setao-gradom\/#article","isPartOf":{"@id":"https:\/\/radioljubuski.ba\/index.php\/2022\/02\/07\/policija-objavila-detalje-ubio-zenu-67-u-kaficu-pa-gol-setao-gradom\/"},"author":{"name":"Radio Ljubu\u0161ki","@id":"https:\/\/radioljubuski.ba\/#\/schema\/person\/19fc700381a780f69665d7956c469e3b"},"headline":"Policija objavila detalje: Ubio \u017eenu (67) u kafi\u0107u pa gol \u0161etao gradom","datePublished":"2022-02-07T14:05:36+00:00","dateModified":"2022-02-07T14:05:38+00:00","mainEntityOfPage":{"@id":"https:\/\/radioljubuski.ba\/index.php\/2022\/02\/07\/policija-objavila-detalje-ubio-zenu-67-u-kaficu-pa-gol-setao-gradom\/"},"wordCount":277,"publisher":{"@id":"https:\/\/radioljubuski.ba\/#organization"},"image":{"@id":"https:\/\/radioljubuski.ba\/index.php\/2022\/02\/07\/policija-objavila-detalje-ubio-zenu-67-u-kaficu-pa-gol-setao-gradom\/#primaryimage"},"thumbnailUrl":"https:\/\/radioljubuski.ba\/wp-content\/uploads\/2022\/02\/pxl-060222-91821649.jpg","articleSection":["BIH i regija"],"inLanguage":"hr"},{"@type":"WebPage","@id":"https:\/\/radioljubuski.ba\/index.php\/2022\/02\/07\/policija-objavila-detalje-ubio-zenu-67-u-kaficu-pa-gol-setao-gradom\/","url":"https:\/\/radioljubuski.ba\/index.php\/2022\/02\/07\/policija-objavila-detalje-ubio-zenu-67-u-kaficu-pa-gol-setao-gradom\/","name":"Policija objavila detalje: Ubio \u017eenu (67) u kafi\u0107u pa gol \u0161etao gradom - RADIO LJUBU\u0160KI","isPartOf":{"@id":"https:\/\/radioljubuski.ba\/#website"},"primaryImageOfPage":{"@id":"https:\/\/radioljubuski.ba\/index.php\/2022\/02\/07\/policija-objavila-detalje-ubio-zenu-67-u-kaficu-pa-gol-setao-gradom\/#primaryimage"},"image":{"@id":"https:\/\/radioljubuski.ba\/index.php\/2022\/02\/07\/policija-objavila-detalje-ubio-zenu-67-u-kaficu-pa-gol-setao-gradom\/#primaryimage"},"thumbnailUrl":"https:\/\/radioljubuski.ba\/wp-content\/uploads\/2022\/02\/pxl-060222-91821649.jpg","datePublished":"2022-02-07T14:05:36+00:00","dateModified":"2022-02-07T14:05:38+00:00","breadcrumb":{"@id":"https:\/\/radioljubuski.ba\/index.php\/2022\/02\/07\/policija-objavila-detalje-ubio-zenu-67-u-kaficu-pa-gol-setao-gradom\/#breadcrumb"},"inLanguage":"hr","potentialAction":[{"@type":"ReadAction","target":["https:\/\/radioljubuski.ba\/index.php\/2022\/02\/07\/policija-objavila-detalje-ubio-zenu-67-u-kaficu-pa-gol-setao-gradom\/"]}]},{"@type":"ImageObject","inLanguage":"hr","@id":"https:\/\/radioljubuski.ba\/index.php\/2022\/02\/07\/policija-objavila-detalje-ubio-zenu-67-u-kaficu-pa-gol-setao-gradom\/#primaryimage","url":"https:\/\/radioljubuski.ba\/wp-content\/uploads\/2022\/02\/pxl-060222-91821649.jpg","contentUrl":"https:\/\/radioljubuski.ba\/wp-content\/uploads\/2022\/02\/pxl-060222-91821649.jpg","width":1243,"height":700},{"@type":"BreadcrumbList","@id":"https:\/\/radioljubuski.ba\/index.php\/2022\/02\/07\/policija-objavila-detalje-ubio-zenu-67-u-kaficu-pa-gol-setao-gradom\/#breadcrumb","itemListElement":[{"@type":"ListItem","position":1,"name":"Po\u010detna stranica","item":"https:\/\/radioljubuski.ba\/"},{"@type":"ListItem","position":2,"name":"Policija objavila detalje: Ubio \u017eenu (67) u kafi\u0107u pa gol \u0161etao gradom"}]},{"@type":"WebSite","@id":"https:\/\/radioljubuski.ba\/#website","url":"https:\/\/radioljubuski.ba\/","name":"Radio Ljubu\u0161ki","description":"Sun\u010dana frekvencija Hercegovine","publisher":{"@id":"https:\/\/radioljubuski.ba\/#organization"},"potentialAction":[{"@type":"SearchAction","target":{"@type":"EntryPoint","urlTemplate":"https:\/\/radioljubuski.ba\/?s={search_term_string}"},"query-input":{"@type":"PropertyValueSpecification","valueRequired":true,"valueName":"search_term_string"}}],"inLanguage":"hr"},{"@type":"Organization","@id":"https:\/\/radioljubuski.ba\/#organization","name":"Radio Ljubu\u0161ki","url":"https:\/\/radioljubuski.ba\/","logo":{"@type":"ImageObject","inLanguage":"hr","@id":"https:\/\/radioljubuski.ba\/#\/schema\/logo\/image\/","url":"https:\/\/radioljubuski.ba\/wp-content\/uploads\/2021\/02\/cropped-Radio_Ljubuski_logo1.jpg","contentUrl":"https:\/\/radioljubuski.ba\/wp-content\/uploads\/2021\/02\/cropped-Radio_Ljubuski_logo1.jpg","width":512,"height":512,"caption":"Radio Ljubu\u0161ki"},"image":{"@id":"https:\/\/radioljubuski.ba\/#\/schema\/logo\/image\/"},"sameAs":["https:\/\/www.facebook.com\/Radiio-Ljubuski-1490835324566332","https:\/\/x.com\/radioljubuski","https:\/\/hr.linkedin.com\/company\/radio-ljubuski","https:\/\/www.youtube.com\/channel\/UCHYaeO_n0Db3tjNGudGpXyw"]},{"@type":"Person","@id":"https:\/\/radioljubuski.ba\/#\/schema\/person\/19fc700381a780f69665d7956c469e3b","name":"Radio Ljubu\u0161ki"}]}},"_links":{"self":[{"href":"https:\/\/radioljubuski.ba\/index.php\/wp-json\/wp\/v2\/posts\/111718","targetHints":{"allow":["GET"]}}],"collection":[{"href":"https:\/\/radioljubuski.ba\/index.php\/wp-json\/wp\/v2\/posts"}],"about":[{"href":"https:\/\/radioljubuski.ba\/index.php\/wp-json\/wp\/v2\/types\/post"}],"author":[{"embeddable":true,"href":"https:\/\/radioljubuski.ba\/index.php\/wp-json\/wp\/v2\/users\/2"}],"replies":[{"embeddable":true,"href":"https:\/\/radioljubuski.ba\/index.php\/wp-json\/wp\/v2\/comments?post=111718"}],"version-history":[{"count":1,"href":"https:\/\/radioljubuski.ba\/index.php\/wp-json\/wp\/v2\/posts\/111718\/revisions"}],"predecessor-version":[{"id":111719,"href":"https:\/\/radioljubuski.ba\/index.php\/wp-json\/wp\/v2\/posts\/111718\/revisions\/111719"}],"wp:featuredmedia":[{"embeddable":true,"href":"https:\/\/radioljubuski.ba\/index.php\/wp-json\/wp\/v2\/media\/111468"}],"wp:attachment":[{"href":"https:\/\/radioljubuski.ba\/index.php\/wp-json\/wp\/v2\/media?parent=111718"}],"wp:term":[{"taxonomy":"category","embeddable":true,"href":"https:\/\/radioljubuski.ba\/index.php\/wp-json\/wp\/v2\/categories?post=111718"},{"taxonomy":"post_tag","embeddable":true,"href":"https:\/\/radioljubuski.ba\/index.php\/wp-json\/wp\/v2\/tags?post=111718"}],"curies":[{"name":"wp","href":"https:\/\/api.w.org\/{rel}","templated":true}]}}