{"id":111727,"date":"2022-02-07T15:11:07","date_gmt":"2022-02-07T14:11:07","guid":{"rendered":"https:\/\/radioljubuski.ba\/?p=111727"},"modified":"2022-02-07T15:11:07","modified_gmt":"2022-02-07T14:11:07","slug":"ovo-cjepivo-nije-priznato-u-austriji-odredeno-i-tko-su-izuzeci-od-obveznog-cijepljenja","status":"publish","type":"post","link":"https:\/\/radioljubuski.ba\/index.php\/2022\/02\/07\/ovo-cjepivo-nije-priznato-u-austriji-odredeno-i-tko-su-izuzeci-od-obveznog-cijepljenja\/","title":{"rendered":"Ovo cjepivo nije priznato u Austriji, odre\u0111eno i tko su izuzeci od obveznog cijepljenja"},"content":{"rendered":"\n<p>Ministarstvo zdravlja Austrije izdalo je uredbu kojom se regulira primjena Zakona o uvo\u0111enju obaveznog cijepljenja protiv korona virusa, prema kojoj se, pored cjepiva koje je odobrila Europska agencija za lijekove (EMA), priznaju i dva kineska cjepiva, kao i indijske, ali ne i ruski &#8220;Sputnjik&#8221;.<\/p>\n\n\n\n<p>U Austriji je, od subote, stupila na snagu obaveza cijepljenja protiv korona virusa, a u prvoj fazi, koja va\u017ei do sredine o\u017eujka, ne\u0107e biti ka\u017enjavanja, ve\u0107 samo informiranja gra\u0111ana o njihovoj obavezi.<\/p>\n\n\n\n<p>Od 16.o\u017eujka policija \u0107e, tokom svakog djelovanja, provoditi kontrole i podnositi prijave, a kazne \u0107e biti za \u201cpojednostavljeni postupak\u201d do 600 eura, a u slu\u010daju \u017ealbe ili nepla\u0107anja mogu i\u0107i do 3.600 eura.<\/p>\n\n\n\n<p>Obavezno cijepljenje va\u017ei za sve punoljetne gra\u0111ane koji su prijavljeni u Austriji.<\/p>\n\n\n\n<p>Uredba Ministarstva odredila je i niz izuzetaka od obaveznog cijepljenja.<\/p>\n\n\n\n<p>Od obaveznog cijepljenja izuzete su trudnice, osobe sa posebnim autominunim obljenjima, oboljeli od raka, posebno za vrijeme kemoterapije, pacijenti nakon transplantacije organa ili mati\u010dnih \u0107elija, osobe koje poslije tre\u0107e doze nisu stvorile dovoljni imunitet, osobe sa alergijama na sastojke cjepiva, akutno oboljeli od covid19, te osobe koje su imale te\u0161ke nuspojave poslije cijepljenja.<\/p>\n\n\n\n<p>Isto tako na 190 dana od cijepljenja izuzete su osobe koje su prele\u017eale covid19.<\/p>\n\n\n\n<p>Potvrde o izuzetku mogu izdavati samo stru\u010dne ambulante, odnosno lokalni dr\u017eavni lije\u010dnici&nbsp; ili epidemiolozi.<\/p>\n\n\n\n<p>\u0160to se ti\u010de cjepiva koje se prihva\u0107aju Uredba jasno navodi da su to cjepiva&nbsp; koje je odobrila EMA \u2013 Biontech-Pfizer, Moderna, Johnson&amp;Johnson, AstraZeneca i Novavax, kao i dva kineska cjepiva Sinofarm i Sinovac, te i tri indijska cjepiva.<\/p>\n\n\n\n<p>Jedino rusko cjepivo&nbsp; \u201cSputnjik\u201d nije priznato.<\/p>\n\n\n\n<p>Za stjecanja statusa \u201ccijepljenj\u201d gra\u0111ani moraju po\u0161tovati i intervale cijepljenja.<\/p>\n\n\n\n<p>Osobe koje su primile tri doze cjepiva, ili dvije nakon prele\u017eane infekcije koronom, tretiraju se kao osobe koje su ispunile obavezu.<\/p>\n\n\n\n<p>Prema uredbi to zna\u010di da druga doza mora biti primljena u roku od 65 dana nakon prve, a tre\u0107a doza nakon 190 dana od druge.<\/p>\n\n\n\n<p>Tko je primio jedno cjepivo, i od prve doze je pro\u0161lo godinu dana, morat \u0107e primiti \u201cnovu seriju\u201d od tri cjepiva.<\/p>\n\n\n\n<p>Sli\u010dno je i ako je od druge doze pro\u0161lo godinu dana, prenosi <a href=\"https:\/\/www.blic.rs\/vesti\/svet\/u-austriji-priznate-kineske-vakcine-ali-ne-i-sputnjik-odredeno-i-ko-su-izuzeci-od\/le6prk5\" target=\"_blank\" rel=\"noreferrer noopener\">Blic<\/a>.<\/p>\n\n\n\n<p>\u0160to se ti\u010de onih koji su prele\u017eali covid oni moraju u roku od 180 dana od pozitivnog testa primiti prvu dozu, i u roku od 190 dana od prve da prime i drugu dozu cjepiva.<\/p>\n\n\n\n<p>Izvor:pogled.ba<\/p>\n","protected":false},"excerpt":{"rendered":"<p>Ministarstvo zdravlja Austrije izdalo je uredbu kojom se regulira primjena Zakona o uvo\u0111enju obaveznog cijepljenja protiv korona virusa, prema kojoj se, pored cjepiva koje je odobrila Europska agencija za lijekove (EMA), priznaju i dva kineska cjepiva, kao i indijske, ali ne i ruski &#8220;Sputnjik&#8221;. U Austriji je, od subote, stupila na snagu obaveza cijepljenja protiv [&hellip;]<\/p>\n","protected":false},"author":2,"featured_media":88743,"comment_status":"closed","ping_status":"closed","sticky":false,"template":"","format":"standard","meta":{"h5ap_radio_sources":[],"footnotes":""},"categories":[1],"tags":[],"class_list":["post-111727","post","type-post","status-publish","format-standard","has-post-thumbnail","hentry","category-bihiregija"],"yoast_head":"<!-- This site is optimized with the Yoast SEO plugin v27.4 - https:\/\/yoast.com\/product\/yoast-seo-wordpress\/ -->\n<title>Ovo cjepivo nije priznato u Austriji, odre\u0111eno i tko su izuzeci od obveznog cijepljenja - RADIO LJUBU\u0160KI<\/title>\n<meta name=\"robots\" content=\"index, follow, max-snippet:-1, max-image-preview:large, max-video-preview:-1\" \/>\n<link rel=\"canonical\" href=\"https:\/\/radioljubuski.ba\/index.php\/2022\/02\/07\/ovo-cjepivo-nije-priznato-u-austriji-odredeno-i-tko-su-izuzeci-od-obveznog-cijepljenja\/\" \/>\n<meta property=\"og:locale\" content=\"hr_HR\" \/>\n<meta property=\"og:type\" content=\"article\" \/>\n<meta property=\"og:title\" content=\"Ovo cjepivo nije priznato u Austriji, odre\u0111eno i tko su izuzeci od obveznog cijepljenja - RADIO LJUBU\u0160KI\" \/>\n<meta property=\"og:description\" content=\"Ministarstvo zdravlja Austrije izdalo je uredbu kojom se regulira primjena Zakona o uvo\u0111enju obaveznog cijepljenja protiv korona virusa, prema kojoj se, pored cjepiva koje je odobrila Europska agencija za lijekove (EMA), priznaju i dva kineska cjepiva, kao i indijske, ali ne i ruski &#8220;Sputnjik&#8221;. U Austriji je, od subote, stupila na snagu obaveza cijepljenja protiv [&hellip;]\" \/>\n<meta property=\"og:url\" content=\"https:\/\/radioljubuski.ba\/index.php\/2022\/02\/07\/ovo-cjepivo-nije-priznato-u-austriji-odredeno-i-tko-su-izuzeci-od-obveznog-cijepljenja\/\" \/>\n<meta property=\"og:site_name\" content=\"RADIO LJUBU\u0160KI\" \/>\n<meta property=\"article:publisher\" content=\"https:\/\/www.facebook.com\/Radiio-Ljubuski-1490835324566332\" \/>\n<meta property=\"article:published_time\" content=\"2022-02-07T14:11:07+00:00\" \/>\n<meta property=\"og:image\" content=\"https:\/\/radioljubuski.ba\/wp-content\/uploads\/2021\/11\/8-2021-11-17-10-28-55-AUSTRIJA-BEC.jpeg\" \/>\n\t<meta property=\"og:image:width\" content=\"1000\" \/>\n\t<meta property=\"og:image:height\" content=\"625\" \/>\n\t<meta property=\"og:image:type\" content=\"image\/jpeg\" \/>\n<meta name=\"author\" content=\"Radio Ljubu\u0161ki\" \/>\n<meta name=\"twitter:card\" content=\"summary_large_image\" \/>\n<meta name=\"twitter:creator\" content=\"@radioljubuski\" \/>\n<meta name=\"twitter:site\" content=\"@radioljubuski\" \/>\n<meta name=\"twitter:label1\" content=\"Napisao\/la\" \/>\n\t<meta name=\"twitter:data1\" content=\"Radio Ljubu\u0161ki\" \/>\n\t<meta name=\"twitter:label2\" content=\"Procijenjeno vrijeme \u010ditanja\" \/>\n\t<meta name=\"twitter:data2\" content=\"2 minute\" \/>\n<script type=\"application\/ld+json\" class=\"yoast-schema-graph\">{\"@context\":\"https:\\\/\\\/schema.org\",\"@graph\":[{\"@type\":\"Article\",\"@id\":\"https:\\\/\\\/radioljubuski.ba\\\/index.php\\\/2022\\\/02\\\/07\\\/ovo-cjepivo-nije-priznato-u-austriji-odredeno-i-tko-su-izuzeci-od-obveznog-cijepljenja\\\/#article\",\"isPartOf\":{\"@id\":\"https:\\\/\\\/radioljubuski.ba\\\/index.php\\\/2022\\\/02\\\/07\\\/ovo-cjepivo-nije-priznato-u-austriji-odredeno-i-tko-su-izuzeci-od-obveznog-cijepljenja\\\/\"},\"author\":{\"name\":\"Radio Ljubu\u0161ki\",\"@id\":\"https:\\\/\\\/radioljubuski.ba\\\/#\\\/schema\\\/person\\\/19fc700381a780f69665d7956c469e3b\"},\"headline\":\"Ovo cjepivo nije priznato u Austriji, odre\u0111eno i tko su izuzeci od obveznog cijepljenja\",\"datePublished\":\"2022-02-07T14:11:07+00:00\",\"mainEntityOfPage\":{\"@id\":\"https:\\\/\\\/radioljubuski.ba\\\/index.php\\\/2022\\\/02\\\/07\\\/ovo-cjepivo-nije-priznato-u-austriji-odredeno-i-tko-su-izuzeci-od-obveznog-cijepljenja\\\/\"},\"wordCount\":427,\"publisher\":{\"@id\":\"https:\\\/\\\/radioljubuski.ba\\\/#organization\"},\"image\":{\"@id\":\"https:\\\/\\\/radioljubuski.ba\\\/index.php\\\/2022\\\/02\\\/07\\\/ovo-cjepivo-nije-priznato-u-austriji-odredeno-i-tko-su-izuzeci-od-obveznog-cijepljenja\\\/#primaryimage\"},\"thumbnailUrl\":\"https:\\\/\\\/radioljubuski.ba\\\/wp-content\\\/uploads\\\/2021\\\/11\\\/8-2021-11-17-10-28-55-AUSTRIJA-BEC.jpeg\",\"articleSection\":[\"BIH i regija\"],\"inLanguage\":\"hr\"},{\"@type\":\"WebPage\",\"@id\":\"https:\\\/\\\/radioljubuski.ba\\\/index.php\\\/2022\\\/02\\\/07\\\/ovo-cjepivo-nije-priznato-u-austriji-odredeno-i-tko-su-izuzeci-od-obveznog-cijepljenja\\\/\",\"url\":\"https:\\\/\\\/radioljubuski.ba\\\/index.php\\\/2022\\\/02\\\/07\\\/ovo-cjepivo-nije-priznato-u-austriji-odredeno-i-tko-su-izuzeci-od-obveznog-cijepljenja\\\/\",\"name\":\"Ovo cjepivo nije priznato u Austriji, odre\u0111eno i tko su izuzeci od obveznog cijepljenja - RADIO LJUBU\u0160KI\",\"isPartOf\":{\"@id\":\"https:\\\/\\\/radioljubuski.ba\\\/#website\"},\"primaryImageOfPage\":{\"@id\":\"https:\\\/\\\/radioljubuski.ba\\\/index.php\\\/2022\\\/02\\\/07\\\/ovo-cjepivo-nije-priznato-u-austriji-odredeno-i-tko-su-izuzeci-od-obveznog-cijepljenja\\\/#primaryimage\"},\"image\":{\"@id\":\"https:\\\/\\\/radioljubuski.ba\\\/index.php\\\/2022\\\/02\\\/07\\\/ovo-cjepivo-nije-priznato-u-austriji-odredeno-i-tko-su-izuzeci-od-obveznog-cijepljenja\\\/#primaryimage\"},\"thumbnailUrl\":\"https:\\\/\\\/radioljubuski.ba\\\/wp-content\\\/uploads\\\/2021\\\/11\\\/8-2021-11-17-10-28-55-AUSTRIJA-BEC.jpeg\",\"datePublished\":\"2022-02-07T14:11:07+00:00\",\"breadcrumb\":{\"@id\":\"https:\\\/\\\/radioljubuski.ba\\\/index.php\\\/2022\\\/02\\\/07\\\/ovo-cjepivo-nije-priznato-u-austriji-odredeno-i-tko-su-izuzeci-od-obveznog-cijepljenja\\\/#breadcrumb\"},\"inLanguage\":\"hr\",\"potentialAction\":[{\"@type\":\"ReadAction\",\"target\":[\"https:\\\/\\\/radioljubuski.ba\\\/index.php\\\/2022\\\/02\\\/07\\\/ovo-cjepivo-nije-priznato-u-austriji-odredeno-i-tko-su-izuzeci-od-obveznog-cijepljenja\\\/\"]}]},{\"@type\":\"ImageObject\",\"inLanguage\":\"hr\",\"@id\":\"https:\\\/\\\/radioljubuski.ba\\\/index.php\\\/2022\\\/02\\\/07\\\/ovo-cjepivo-nije-priznato-u-austriji-odredeno-i-tko-su-izuzeci-od-obveznog-cijepljenja\\\/#primaryimage\",\"url\":\"https:\\\/\\\/radioljubuski.ba\\\/wp-content\\\/uploads\\\/2021\\\/11\\\/8-2021-11-17-10-28-55-AUSTRIJA-BEC.jpeg\",\"contentUrl\":\"https:\\\/\\\/radioljubuski.ba\\\/wp-content\\\/uploads\\\/2021\\\/11\\\/8-2021-11-17-10-28-55-AUSTRIJA-BEC.jpeg\",\"width\":1000,\"height\":625},{\"@type\":\"BreadcrumbList\",\"@id\":\"https:\\\/\\\/radioljubuski.ba\\\/index.php\\\/2022\\\/02\\\/07\\\/ovo-cjepivo-nije-priznato-u-austriji-odredeno-i-tko-su-izuzeci-od-obveznog-cijepljenja\\\/#breadcrumb\",\"itemListElement\":[{\"@type\":\"ListItem\",\"position\":1,\"name\":\"Po\u010detna stranica\",\"item\":\"https:\\\/\\\/radioljubuski.ba\\\/\"},{\"@type\":\"ListItem\",\"position\":2,\"name\":\"Ovo cjepivo nije priznato u Austriji, odre\u0111eno i tko su izuzeci od obveznog cijepljenja\"}]},{\"@type\":\"WebSite\",\"@id\":\"https:\\\/\\\/radioljubuski.ba\\\/#website\",\"url\":\"https:\\\/\\\/radioljubuski.ba\\\/\",\"name\":\"Radio Ljubu\u0161ki\",\"description\":\"Sun\u010dana frekvencija Hercegovine\",\"publisher\":{\"@id\":\"https:\\\/\\\/radioljubuski.ba\\\/#organization\"},\"potentialAction\":[{\"@type\":\"SearchAction\",\"target\":{\"@type\":\"EntryPoint\",\"urlTemplate\":\"https:\\\/\\\/radioljubuski.ba\\\/?s={search_term_string}\"},\"query-input\":{\"@type\":\"PropertyValueSpecification\",\"valueRequired\":true,\"valueName\":\"search_term_string\"}}],\"inLanguage\":\"hr\"},{\"@type\":\"Organization\",\"@id\":\"https:\\\/\\\/radioljubuski.ba\\\/#organization\",\"name\":\"Radio Ljubu\u0161ki\",\"url\":\"https:\\\/\\\/radioljubuski.ba\\\/\",\"logo\":{\"@type\":\"ImageObject\",\"inLanguage\":\"hr\",\"@id\":\"https:\\\/\\\/radioljubuski.ba\\\/#\\\/schema\\\/logo\\\/image\\\/\",\"url\":\"https:\\\/\\\/radioljubuski.ba\\\/wp-content\\\/uploads\\\/2021\\\/02\\\/cropped-Radio_Ljubuski_logo1.jpg\",\"contentUrl\":\"https:\\\/\\\/radioljubuski.ba\\\/wp-content\\\/uploads\\\/2021\\\/02\\\/cropped-Radio_Ljubuski_logo1.jpg\",\"width\":512,\"height\":512,\"caption\":\"Radio Ljubu\u0161ki\"},\"image\":{\"@id\":\"https:\\\/\\\/radioljubuski.ba\\\/#\\\/schema\\\/logo\\\/image\\\/\"},\"sameAs\":[\"https:\\\/\\\/www.facebook.com\\\/Radiio-Ljubuski-1490835324566332\",\"https:\\\/\\\/x.com\\\/radioljubuski\",\"https:\\\/\\\/hr.linkedin.com\\\/company\\\/radio-ljubuski\",\"https:\\\/\\\/www.youtube.com\\\/channel\\\/UCHYaeO_n0Db3tjNGudGpXyw\"]},{\"@type\":\"Person\",\"@id\":\"https:\\\/\\\/radioljubuski.ba\\\/#\\\/schema\\\/person\\\/19fc700381a780f69665d7956c469e3b\",\"name\":\"Radio Ljubu\u0161ki\"}]}<\/script>\n<!-- \/ Yoast SEO plugin. -->","yoast_head_json":{"title":"Ovo cjepivo nije priznato u Austriji, odre\u0111eno i tko su izuzeci od obveznog cijepljenja - RADIO LJUBU\u0160KI","robots":{"index":"index","follow":"follow","max-snippet":"max-snippet:-1","max-image-preview":"max-image-preview:large","max-video-preview":"max-video-preview:-1"},"canonical":"https:\/\/radioljubuski.ba\/index.php\/2022\/02\/07\/ovo-cjepivo-nije-priznato-u-austriji-odredeno-i-tko-su-izuzeci-od-obveznog-cijepljenja\/","og_locale":"hr_HR","og_type":"article","og_title":"Ovo cjepivo nije priznato u Austriji, odre\u0111eno i tko su izuzeci od obveznog cijepljenja - RADIO LJUBU\u0160KI","og_description":"Ministarstvo zdravlja Austrije izdalo je uredbu kojom se regulira primjena Zakona o uvo\u0111enju obaveznog cijepljenja protiv korona virusa, prema kojoj se, pored cjepiva koje je odobrila Europska agencija za lijekove (EMA), priznaju i dva kineska cjepiva, kao i indijske, ali ne i ruski &#8220;Sputnjik&#8221;. U Austriji je, od subote, stupila na snagu obaveza cijepljenja protiv [&hellip;]","og_url":"https:\/\/radioljubuski.ba\/index.php\/2022\/02\/07\/ovo-cjepivo-nije-priznato-u-austriji-odredeno-i-tko-su-izuzeci-od-obveznog-cijepljenja\/","og_site_name":"RADIO LJUBU\u0160KI","article_publisher":"https:\/\/www.facebook.com\/Radiio-Ljubuski-1490835324566332","article_published_time":"2022-02-07T14:11:07+00:00","og_image":[{"width":1000,"height":625,"url":"https:\/\/radioljubuski.ba\/wp-content\/uploads\/2021\/11\/8-2021-11-17-10-28-55-AUSTRIJA-BEC.jpeg","type":"image\/jpeg"}],"author":"Radio Ljubu\u0161ki","twitter_card":"summary_large_image","twitter_creator":"@radioljubuski","twitter_site":"@radioljubuski","twitter_misc":{"Napisao\/la":"Radio Ljubu\u0161ki","Procijenjeno vrijeme \u010ditanja":"2 minute"},"schema":{"@context":"https:\/\/schema.org","@graph":[{"@type":"Article","@id":"https:\/\/radioljubuski.ba\/index.php\/2022\/02\/07\/ovo-cjepivo-nije-priznato-u-austriji-odredeno-i-tko-su-izuzeci-od-obveznog-cijepljenja\/#article","isPartOf":{"@id":"https:\/\/radioljubuski.ba\/index.php\/2022\/02\/07\/ovo-cjepivo-nije-priznato-u-austriji-odredeno-i-tko-su-izuzeci-od-obveznog-cijepljenja\/"},"author":{"name":"Radio Ljubu\u0161ki","@id":"https:\/\/radioljubuski.ba\/#\/schema\/person\/19fc700381a780f69665d7956c469e3b"},"headline":"Ovo cjepivo nije priznato u Austriji, odre\u0111eno i tko su izuzeci od obveznog cijepljenja","datePublished":"2022-02-07T14:11:07+00:00","mainEntityOfPage":{"@id":"https:\/\/radioljubuski.ba\/index.php\/2022\/02\/07\/ovo-cjepivo-nije-priznato-u-austriji-odredeno-i-tko-su-izuzeci-od-obveznog-cijepljenja\/"},"wordCount":427,"publisher":{"@id":"https:\/\/radioljubuski.ba\/#organization"},"image":{"@id":"https:\/\/radioljubuski.ba\/index.php\/2022\/02\/07\/ovo-cjepivo-nije-priznato-u-austriji-odredeno-i-tko-su-izuzeci-od-obveznog-cijepljenja\/#primaryimage"},"thumbnailUrl":"https:\/\/radioljubuski.ba\/wp-content\/uploads\/2021\/11\/8-2021-11-17-10-28-55-AUSTRIJA-BEC.jpeg","articleSection":["BIH i regija"],"inLanguage":"hr"},{"@type":"WebPage","@id":"https:\/\/radioljubuski.ba\/index.php\/2022\/02\/07\/ovo-cjepivo-nije-priznato-u-austriji-odredeno-i-tko-su-izuzeci-od-obveznog-cijepljenja\/","url":"https:\/\/radioljubuski.ba\/index.php\/2022\/02\/07\/ovo-cjepivo-nije-priznato-u-austriji-odredeno-i-tko-su-izuzeci-od-obveznog-cijepljenja\/","name":"Ovo cjepivo nije priznato u Austriji, odre\u0111eno i tko su izuzeci od obveznog cijepljenja - RADIO LJUBU\u0160KI","isPartOf":{"@id":"https:\/\/radioljubuski.ba\/#website"},"primaryImageOfPage":{"@id":"https:\/\/radioljubuski.ba\/index.php\/2022\/02\/07\/ovo-cjepivo-nije-priznato-u-austriji-odredeno-i-tko-su-izuzeci-od-obveznog-cijepljenja\/#primaryimage"},"image":{"@id":"https:\/\/radioljubuski.ba\/index.php\/2022\/02\/07\/ovo-cjepivo-nije-priznato-u-austriji-odredeno-i-tko-su-izuzeci-od-obveznog-cijepljenja\/#primaryimage"},"thumbnailUrl":"https:\/\/radioljubuski.ba\/wp-content\/uploads\/2021\/11\/8-2021-11-17-10-28-55-AUSTRIJA-BEC.jpeg","datePublished":"2022-02-07T14:11:07+00:00","breadcrumb":{"@id":"https:\/\/radioljubuski.ba\/index.php\/2022\/02\/07\/ovo-cjepivo-nije-priznato-u-austriji-odredeno-i-tko-su-izuzeci-od-obveznog-cijepljenja\/#breadcrumb"},"inLanguage":"hr","potentialAction":[{"@type":"ReadAction","target":["https:\/\/radioljubuski.ba\/index.php\/2022\/02\/07\/ovo-cjepivo-nije-priznato-u-austriji-odredeno-i-tko-su-izuzeci-od-obveznog-cijepljenja\/"]}]},{"@type":"ImageObject","inLanguage":"hr","@id":"https:\/\/radioljubuski.ba\/index.php\/2022\/02\/07\/ovo-cjepivo-nije-priznato-u-austriji-odredeno-i-tko-su-izuzeci-od-obveznog-cijepljenja\/#primaryimage","url":"https:\/\/radioljubuski.ba\/wp-content\/uploads\/2021\/11\/8-2021-11-17-10-28-55-AUSTRIJA-BEC.jpeg","contentUrl":"https:\/\/radioljubuski.ba\/wp-content\/uploads\/2021\/11\/8-2021-11-17-10-28-55-AUSTRIJA-BEC.jpeg","width":1000,"height":625},{"@type":"BreadcrumbList","@id":"https:\/\/radioljubuski.ba\/index.php\/2022\/02\/07\/ovo-cjepivo-nije-priznato-u-austriji-odredeno-i-tko-su-izuzeci-od-obveznog-cijepljenja\/#breadcrumb","itemListElement":[{"@type":"ListItem","position":1,"name":"Po\u010detna stranica","item":"https:\/\/radioljubuski.ba\/"},{"@type":"ListItem","position":2,"name":"Ovo cjepivo nije priznato u Austriji, odre\u0111eno i tko su izuzeci od obveznog cijepljenja"}]},{"@type":"WebSite","@id":"https:\/\/radioljubuski.ba\/#website","url":"https:\/\/radioljubuski.ba\/","name":"Radio Ljubu\u0161ki","description":"Sun\u010dana frekvencija Hercegovine","publisher":{"@id":"https:\/\/radioljubuski.ba\/#organization"},"potentialAction":[{"@type":"SearchAction","target":{"@type":"EntryPoint","urlTemplate":"https:\/\/radioljubuski.ba\/?s={search_term_string}"},"query-input":{"@type":"PropertyValueSpecification","valueRequired":true,"valueName":"search_term_string"}}],"inLanguage":"hr"},{"@type":"Organization","@id":"https:\/\/radioljubuski.ba\/#organization","name":"Radio Ljubu\u0161ki","url":"https:\/\/radioljubuski.ba\/","logo":{"@type":"ImageObject","inLanguage":"hr","@id":"https:\/\/radioljubuski.ba\/#\/schema\/logo\/image\/","url":"https:\/\/radioljubuski.ba\/wp-content\/uploads\/2021\/02\/cropped-Radio_Ljubuski_logo1.jpg","contentUrl":"https:\/\/radioljubuski.ba\/wp-content\/uploads\/2021\/02\/cropped-Radio_Ljubuski_logo1.jpg","width":512,"height":512,"caption":"Radio Ljubu\u0161ki"},"image":{"@id":"https:\/\/radioljubuski.ba\/#\/schema\/logo\/image\/"},"sameAs":["https:\/\/www.facebook.com\/Radiio-Ljubuski-1490835324566332","https:\/\/x.com\/radioljubuski","https:\/\/hr.linkedin.com\/company\/radio-ljubuski","https:\/\/www.youtube.com\/channel\/UCHYaeO_n0Db3tjNGudGpXyw"]},{"@type":"Person","@id":"https:\/\/radioljubuski.ba\/#\/schema\/person\/19fc700381a780f69665d7956c469e3b","name":"Radio Ljubu\u0161ki"}]}},"_links":{"self":[{"href":"https:\/\/radioljubuski.ba\/index.php\/wp-json\/wp\/v2\/posts\/111727","targetHints":{"allow":["GET"]}}],"collection":[{"href":"https:\/\/radioljubuski.ba\/index.php\/wp-json\/wp\/v2\/posts"}],"about":[{"href":"https:\/\/radioljubuski.ba\/index.php\/wp-json\/wp\/v2\/types\/post"}],"author":[{"embeddable":true,"href":"https:\/\/radioljubuski.ba\/index.php\/wp-json\/wp\/v2\/users\/2"}],"replies":[{"embeddable":true,"href":"https:\/\/radioljubuski.ba\/index.php\/wp-json\/wp\/v2\/comments?post=111727"}],"version-history":[{"count":1,"href":"https:\/\/radioljubuski.ba\/index.php\/wp-json\/wp\/v2\/posts\/111727\/revisions"}],"predecessor-version":[{"id":111728,"href":"https:\/\/radioljubuski.ba\/index.php\/wp-json\/wp\/v2\/posts\/111727\/revisions\/111728"}],"wp:featuredmedia":[{"embeddable":true,"href":"https:\/\/radioljubuski.ba\/index.php\/wp-json\/wp\/v2\/media\/88743"}],"wp:attachment":[{"href":"https:\/\/radioljubuski.ba\/index.php\/wp-json\/wp\/v2\/media?parent=111727"}],"wp:term":[{"taxonomy":"category","embeddable":true,"href":"https:\/\/radioljubuski.ba\/index.php\/wp-json\/wp\/v2\/categories?post=111727"},{"taxonomy":"post_tag","embeddable":true,"href":"https:\/\/radioljubuski.ba\/index.php\/wp-json\/wp\/v2\/tags?post=111727"}],"curies":[{"name":"wp","href":"https:\/\/api.w.org\/{rel}","templated":true}]}}