{"id":111734,"date":"2022-02-07T15:14:49","date_gmt":"2022-02-07T14:14:49","guid":{"rendered":"https:\/\/radioljubuski.ba\/?p=111734"},"modified":"2022-02-07T15:14:49","modified_gmt":"2022-02-07T14:14:49","slug":"dobre-vijesti-za-njemacku-popustanje-mjera-prije-uskrsa","status":"publish","type":"post","link":"https:\/\/radioljubuski.ba\/index.php\/2022\/02\/07\/dobre-vijesti-za-njemacku-popustanje-mjera-prije-uskrsa\/","title":{"rendered":"Dobre vijesti za Njema\u010dku: Popu\u0161tanje mjera prije Uskrsa?"},"content":{"rendered":"\n<p>U Njema\u010dkoj se razvila rasprava o mogu\u0107em popu\u0161tanju mjera u borbi protiv pandemije koronavirusa, a ministar zdravstva Karl Lauterbach u ponedjeljak je najavio popu\u0161tanja jo\u0161 uo\u010di Uskrsa.<\/p>\n\n\n\n<p>&#8220;Mislim da bi jo\u0161 prije Uskrsa mogli popustiti mjere. U to sam uvjeren&#8221;, rekao je ministar zdravstva Karl Lauterbach u razgovoru za dnevnik Bild od ponedjeljka.<\/p>\n\n\n\n<p>On je rekao kako bi trenutno, s obzirom na velik broj zara\u017eenih, bilo neodgovorno popu\u0161tati mjere.<\/p>\n\n\n\n<p>&#8220;To bi bilo dolijevanje ulja u vatru&#8221;, rekao je ministar zdravstva.<\/p>\n\n\n\n<p>Za 16. velja\u010de je planiran novi sastanak predstavnika saveznih vlasti i saveznih pokrajina na kojem bi trebalo biti odlu\u010deno o konkretnim daljnjim koracima. Na posljednjem sastanku 24. sije\u010dnja je dogovoreno da se do sljede\u0107eg sastanka sastavi plan postupnog otvaranja.<\/p>\n\n\n\n<p>Neke savezne pokrajine su ve\u0107 zapo\u010dele s blagim popu\u0161tanjima.<\/p>\n\n\n\n<p>U saveznoj pokrajini Hessen od ponedjeljka se ukida pravilo ulaska u trgovine samo za cijepljene i one koji su preboljeli koronavirus, a u pokrajini Schleswig-Holstein ukidanje ove mjere stupa na snagu u srijedu.<\/p>\n\n\n\n<p>U saveznoj pokrajini Baden-Wuerttemberg se radi na prijedlozima postupnog popu\u0161tanja mjera od kraja velja\u010de.<\/p>\n\n\n\n<p>I iz Bavarske sti\u017eu signali o prvom popu\u0161tanju mjera. Kako javlja javni servis Bayerische Rundfunk, bavarski premijer Markus Soeder najavio je popu\u0161tanja u ugostiteljskom sektoru .<\/p>\n\n\n\n<p>To se prije svega odnosi na ukidanje sada\u0161njeg ograni\u010denja radnog vremena ugostiteljskih objekata, kojima je rad omogu\u0107en samo do 22 sata. Istodobno se pove\u0107ava dopu\u0161teni broj posjetitelja kulturnih priredbi. Ubudu\u0107e bi kina i kazali\u0161ta mogla biti popunjena do 75 posto kapaciteta, umjesto dosada\u0161njih 50.<\/p>\n\n\n\n<p>Soeder govori o &#8220;blagom i kontroliranom&#8221; procesu popu\u0161tanja mjera.<\/p>\n\n\n\n<p>Predsjednik Svjetskog saveza lije\u010dnika Frank Ulrich Montgomery kritizirao je razli\u010diti pristup mjerama me\u0111u saveznim pokrajinama te je zatra\u017eio bolju komunikaciju izme\u0111u saveznih i pokrajinskih vlasti.<\/p>\n\n\n\n<p>On je rekao da za mjere poput ukidanja 2G pravila (ulaz samo za cijepljene i one koji su oboljeli od virusa) u trgovinama potrebno vi\u0161e znanstvenih dokaza.<\/p>\n\n\n\n<p>Izvor:pogled.ba<\/p>\n","protected":false},"excerpt":{"rendered":"<p>U Njema\u010dkoj se razvila rasprava o mogu\u0107em popu\u0161tanju mjera u borbi protiv pandemije koronavirusa, a ministar zdravstva Karl Lauterbach u ponedjeljak je najavio popu\u0161tanja jo\u0161 uo\u010di Uskrsa. &#8220;Mislim da bi jo\u0161 prije Uskrsa mogli popustiti mjere. U to sam uvjeren&#8221;, rekao je ministar zdravstva Karl Lauterbach u razgovoru za dnevnik Bild od ponedjeljka. On je [&hellip;]<\/p>\n","protected":false},"author":2,"featured_media":19928,"comment_status":"closed","ping_status":"closed","sticky":false,"template":"","format":"standard","meta":{"h5ap_radio_sources":[],"footnotes":""},"categories":[1],"tags":[],"class_list":["post-111734","post","type-post","status-publish","format-standard","has-post-thumbnail","hentry","category-bihiregija"],"yoast_head":"<!-- This site is optimized with the Yoast SEO plugin v27.4 - https:\/\/yoast.com\/product\/yoast-seo-wordpress\/ -->\n<title>Dobre vijesti za Njema\u010dku: Popu\u0161tanje mjera prije Uskrsa? - RADIO LJUBU\u0160KI<\/title>\n<meta name=\"robots\" content=\"index, follow, max-snippet:-1, max-image-preview:large, max-video-preview:-1\" \/>\n<link rel=\"canonical\" href=\"https:\/\/radioljubuski.ba\/index.php\/2022\/02\/07\/dobre-vijesti-za-njemacku-popustanje-mjera-prije-uskrsa\/\" \/>\n<meta property=\"og:locale\" content=\"hr_HR\" \/>\n<meta property=\"og:type\" content=\"article\" \/>\n<meta property=\"og:title\" content=\"Dobre vijesti za Njema\u010dku: Popu\u0161tanje mjera prije Uskrsa? - RADIO LJUBU\u0160KI\" \/>\n<meta property=\"og:description\" content=\"U Njema\u010dkoj se razvila rasprava o mogu\u0107em popu\u0161tanju mjera u borbi protiv pandemije koronavirusa, a ministar zdravstva Karl Lauterbach u ponedjeljak je najavio popu\u0161tanja jo\u0161 uo\u010di Uskrsa. &#8220;Mislim da bi jo\u0161 prije Uskrsa mogli popustiti mjere. U to sam uvjeren&#8221;, rekao je ministar zdravstva Karl Lauterbach u razgovoru za dnevnik Bild od ponedjeljka. On je [&hellip;]\" \/>\n<meta property=\"og:url\" content=\"https:\/\/radioljubuski.ba\/index.php\/2022\/02\/07\/dobre-vijesti-za-njemacku-popustanje-mjera-prije-uskrsa\/\" \/>\n<meta property=\"og:site_name\" content=\"RADIO LJUBU\u0160KI\" \/>\n<meta property=\"article:publisher\" content=\"https:\/\/www.facebook.com\/Radiio-Ljubuski-1490835324566332\" \/>\n<meta property=\"article:published_time\" content=\"2022-02-07T14:14:49+00:00\" \/>\n<meta property=\"og:image\" content=\"https:\/\/radioljubuski.ba\/wp-content\/uploads\/2021\/05\/2-2021-05-05-16-26-21-MASKA-NJEMACKA.jpg\" \/>\n\t<meta property=\"og:image:width\" content=\"1000\" \/>\n\t<meta property=\"og:image:height\" content=\"625\" \/>\n\t<meta property=\"og:image:type\" content=\"image\/jpeg\" \/>\n<meta name=\"author\" content=\"Radio Ljubu\u0161ki\" \/>\n<meta name=\"twitter:card\" content=\"summary_large_image\" \/>\n<meta name=\"twitter:creator\" content=\"@radioljubuski\" \/>\n<meta name=\"twitter:site\" content=\"@radioljubuski\" \/>\n<meta name=\"twitter:label1\" content=\"Napisao\/la\" \/>\n\t<meta name=\"twitter:data1\" content=\"Radio Ljubu\u0161ki\" \/>\n\t<meta name=\"twitter:label2\" content=\"Procijenjeno vrijeme \u010ditanja\" \/>\n\t<meta name=\"twitter:data2\" content=\"2 minute\" \/>\n<script type=\"application\/ld+json\" class=\"yoast-schema-graph\">{\"@context\":\"https:\\\/\\\/schema.org\",\"@graph\":[{\"@type\":\"Article\",\"@id\":\"https:\\\/\\\/radioljubuski.ba\\\/index.php\\\/2022\\\/02\\\/07\\\/dobre-vijesti-za-njemacku-popustanje-mjera-prije-uskrsa\\\/#article\",\"isPartOf\":{\"@id\":\"https:\\\/\\\/radioljubuski.ba\\\/index.php\\\/2022\\\/02\\\/07\\\/dobre-vijesti-za-njemacku-popustanje-mjera-prije-uskrsa\\\/\"},\"author\":{\"name\":\"Radio Ljubu\u0161ki\",\"@id\":\"https:\\\/\\\/radioljubuski.ba\\\/#\\\/schema\\\/person\\\/19fc700381a780f69665d7956c469e3b\"},\"headline\":\"Dobre vijesti za Njema\u010dku: Popu\u0161tanje mjera prije Uskrsa?\",\"datePublished\":\"2022-02-07T14:14:49+00:00\",\"mainEntityOfPage\":{\"@id\":\"https:\\\/\\\/radioljubuski.ba\\\/index.php\\\/2022\\\/02\\\/07\\\/dobre-vijesti-za-njemacku-popustanje-mjera-prije-uskrsa\\\/\"},\"wordCount\":346,\"publisher\":{\"@id\":\"https:\\\/\\\/radioljubuski.ba\\\/#organization\"},\"image\":{\"@id\":\"https:\\\/\\\/radioljubuski.ba\\\/index.php\\\/2022\\\/02\\\/07\\\/dobre-vijesti-za-njemacku-popustanje-mjera-prije-uskrsa\\\/#primaryimage\"},\"thumbnailUrl\":\"https:\\\/\\\/radioljubuski.ba\\\/wp-content\\\/uploads\\\/2021\\\/05\\\/2-2021-05-05-16-26-21-MASKA-NJEMACKA.jpg\",\"articleSection\":[\"BIH i regija\"],\"inLanguage\":\"hr\"},{\"@type\":\"WebPage\",\"@id\":\"https:\\\/\\\/radioljubuski.ba\\\/index.php\\\/2022\\\/02\\\/07\\\/dobre-vijesti-za-njemacku-popustanje-mjera-prije-uskrsa\\\/\",\"url\":\"https:\\\/\\\/radioljubuski.ba\\\/index.php\\\/2022\\\/02\\\/07\\\/dobre-vijesti-za-njemacku-popustanje-mjera-prije-uskrsa\\\/\",\"name\":\"Dobre vijesti za Njema\u010dku: Popu\u0161tanje mjera prije Uskrsa? - RADIO LJUBU\u0160KI\",\"isPartOf\":{\"@id\":\"https:\\\/\\\/radioljubuski.ba\\\/#website\"},\"primaryImageOfPage\":{\"@id\":\"https:\\\/\\\/radioljubuski.ba\\\/index.php\\\/2022\\\/02\\\/07\\\/dobre-vijesti-za-njemacku-popustanje-mjera-prije-uskrsa\\\/#primaryimage\"},\"image\":{\"@id\":\"https:\\\/\\\/radioljubuski.ba\\\/index.php\\\/2022\\\/02\\\/07\\\/dobre-vijesti-za-njemacku-popustanje-mjera-prije-uskrsa\\\/#primaryimage\"},\"thumbnailUrl\":\"https:\\\/\\\/radioljubuski.ba\\\/wp-content\\\/uploads\\\/2021\\\/05\\\/2-2021-05-05-16-26-21-MASKA-NJEMACKA.jpg\",\"datePublished\":\"2022-02-07T14:14:49+00:00\",\"breadcrumb\":{\"@id\":\"https:\\\/\\\/radioljubuski.ba\\\/index.php\\\/2022\\\/02\\\/07\\\/dobre-vijesti-za-njemacku-popustanje-mjera-prije-uskrsa\\\/#breadcrumb\"},\"inLanguage\":\"hr\",\"potentialAction\":[{\"@type\":\"ReadAction\",\"target\":[\"https:\\\/\\\/radioljubuski.ba\\\/index.php\\\/2022\\\/02\\\/07\\\/dobre-vijesti-za-njemacku-popustanje-mjera-prije-uskrsa\\\/\"]}]},{\"@type\":\"ImageObject\",\"inLanguage\":\"hr\",\"@id\":\"https:\\\/\\\/radioljubuski.ba\\\/index.php\\\/2022\\\/02\\\/07\\\/dobre-vijesti-za-njemacku-popustanje-mjera-prije-uskrsa\\\/#primaryimage\",\"url\":\"https:\\\/\\\/radioljubuski.ba\\\/wp-content\\\/uploads\\\/2021\\\/05\\\/2-2021-05-05-16-26-21-MASKA-NJEMACKA.jpg\",\"contentUrl\":\"https:\\\/\\\/radioljubuski.ba\\\/wp-content\\\/uploads\\\/2021\\\/05\\\/2-2021-05-05-16-26-21-MASKA-NJEMACKA.jpg\",\"width\":1000,\"height\":625},{\"@type\":\"BreadcrumbList\",\"@id\":\"https:\\\/\\\/radioljubuski.ba\\\/index.php\\\/2022\\\/02\\\/07\\\/dobre-vijesti-za-njemacku-popustanje-mjera-prije-uskrsa\\\/#breadcrumb\",\"itemListElement\":[{\"@type\":\"ListItem\",\"position\":1,\"name\":\"Po\u010detna stranica\",\"item\":\"https:\\\/\\\/radioljubuski.ba\\\/\"},{\"@type\":\"ListItem\",\"position\":2,\"name\":\"Dobre vijesti za Njema\u010dku: Popu\u0161tanje mjera prije Uskrsa?\"}]},{\"@type\":\"WebSite\",\"@id\":\"https:\\\/\\\/radioljubuski.ba\\\/#website\",\"url\":\"https:\\\/\\\/radioljubuski.ba\\\/\",\"name\":\"Radio Ljubu\u0161ki\",\"description\":\"Sun\u010dana frekvencija Hercegovine\",\"publisher\":{\"@id\":\"https:\\\/\\\/radioljubuski.ba\\\/#organization\"},\"potentialAction\":[{\"@type\":\"SearchAction\",\"target\":{\"@type\":\"EntryPoint\",\"urlTemplate\":\"https:\\\/\\\/radioljubuski.ba\\\/?s={search_term_string}\"},\"query-input\":{\"@type\":\"PropertyValueSpecification\",\"valueRequired\":true,\"valueName\":\"search_term_string\"}}],\"inLanguage\":\"hr\"},{\"@type\":\"Organization\",\"@id\":\"https:\\\/\\\/radioljubuski.ba\\\/#organization\",\"name\":\"Radio Ljubu\u0161ki\",\"url\":\"https:\\\/\\\/radioljubuski.ba\\\/\",\"logo\":{\"@type\":\"ImageObject\",\"inLanguage\":\"hr\",\"@id\":\"https:\\\/\\\/radioljubuski.ba\\\/#\\\/schema\\\/logo\\\/image\\\/\",\"url\":\"https:\\\/\\\/radioljubuski.ba\\\/wp-content\\\/uploads\\\/2021\\\/02\\\/cropped-Radio_Ljubuski_logo1.jpg\",\"contentUrl\":\"https:\\\/\\\/radioljubuski.ba\\\/wp-content\\\/uploads\\\/2021\\\/02\\\/cropped-Radio_Ljubuski_logo1.jpg\",\"width\":512,\"height\":512,\"caption\":\"Radio Ljubu\u0161ki\"},\"image\":{\"@id\":\"https:\\\/\\\/radioljubuski.ba\\\/#\\\/schema\\\/logo\\\/image\\\/\"},\"sameAs\":[\"https:\\\/\\\/www.facebook.com\\\/Radiio-Ljubuski-1490835324566332\",\"https:\\\/\\\/x.com\\\/radioljubuski\",\"https:\\\/\\\/hr.linkedin.com\\\/company\\\/radio-ljubuski\",\"https:\\\/\\\/www.youtube.com\\\/channel\\\/UCHYaeO_n0Db3tjNGudGpXyw\"]},{\"@type\":\"Person\",\"@id\":\"https:\\\/\\\/radioljubuski.ba\\\/#\\\/schema\\\/person\\\/19fc700381a780f69665d7956c469e3b\",\"name\":\"Radio Ljubu\u0161ki\"}]}<\/script>\n<!-- \/ Yoast SEO plugin. -->","yoast_head_json":{"title":"Dobre vijesti za Njema\u010dku: Popu\u0161tanje mjera prije Uskrsa? - RADIO LJUBU\u0160KI","robots":{"index":"index","follow":"follow","max-snippet":"max-snippet:-1","max-image-preview":"max-image-preview:large","max-video-preview":"max-video-preview:-1"},"canonical":"https:\/\/radioljubuski.ba\/index.php\/2022\/02\/07\/dobre-vijesti-za-njemacku-popustanje-mjera-prije-uskrsa\/","og_locale":"hr_HR","og_type":"article","og_title":"Dobre vijesti za Njema\u010dku: Popu\u0161tanje mjera prije Uskrsa? - RADIO LJUBU\u0160KI","og_description":"U Njema\u010dkoj se razvila rasprava o mogu\u0107em popu\u0161tanju mjera u borbi protiv pandemije koronavirusa, a ministar zdravstva Karl Lauterbach u ponedjeljak je najavio popu\u0161tanja jo\u0161 uo\u010di Uskrsa. &#8220;Mislim da bi jo\u0161 prije Uskrsa mogli popustiti mjere. U to sam uvjeren&#8221;, rekao je ministar zdravstva Karl Lauterbach u razgovoru za dnevnik Bild od ponedjeljka. On je [&hellip;]","og_url":"https:\/\/radioljubuski.ba\/index.php\/2022\/02\/07\/dobre-vijesti-za-njemacku-popustanje-mjera-prije-uskrsa\/","og_site_name":"RADIO LJUBU\u0160KI","article_publisher":"https:\/\/www.facebook.com\/Radiio-Ljubuski-1490835324566332","article_published_time":"2022-02-07T14:14:49+00:00","og_image":[{"width":1000,"height":625,"url":"https:\/\/radioljubuski.ba\/wp-content\/uploads\/2021\/05\/2-2021-05-05-16-26-21-MASKA-NJEMACKA.jpg","type":"image\/jpeg"}],"author":"Radio Ljubu\u0161ki","twitter_card":"summary_large_image","twitter_creator":"@radioljubuski","twitter_site":"@radioljubuski","twitter_misc":{"Napisao\/la":"Radio Ljubu\u0161ki","Procijenjeno vrijeme \u010ditanja":"2 minute"},"schema":{"@context":"https:\/\/schema.org","@graph":[{"@type":"Article","@id":"https:\/\/radioljubuski.ba\/index.php\/2022\/02\/07\/dobre-vijesti-za-njemacku-popustanje-mjera-prije-uskrsa\/#article","isPartOf":{"@id":"https:\/\/radioljubuski.ba\/index.php\/2022\/02\/07\/dobre-vijesti-za-njemacku-popustanje-mjera-prije-uskrsa\/"},"author":{"name":"Radio Ljubu\u0161ki","@id":"https:\/\/radioljubuski.ba\/#\/schema\/person\/19fc700381a780f69665d7956c469e3b"},"headline":"Dobre vijesti za Njema\u010dku: Popu\u0161tanje mjera prije Uskrsa?","datePublished":"2022-02-07T14:14:49+00:00","mainEntityOfPage":{"@id":"https:\/\/radioljubuski.ba\/index.php\/2022\/02\/07\/dobre-vijesti-za-njemacku-popustanje-mjera-prije-uskrsa\/"},"wordCount":346,"publisher":{"@id":"https:\/\/radioljubuski.ba\/#organization"},"image":{"@id":"https:\/\/radioljubuski.ba\/index.php\/2022\/02\/07\/dobre-vijesti-za-njemacku-popustanje-mjera-prije-uskrsa\/#primaryimage"},"thumbnailUrl":"https:\/\/radioljubuski.ba\/wp-content\/uploads\/2021\/05\/2-2021-05-05-16-26-21-MASKA-NJEMACKA.jpg","articleSection":["BIH i regija"],"inLanguage":"hr"},{"@type":"WebPage","@id":"https:\/\/radioljubuski.ba\/index.php\/2022\/02\/07\/dobre-vijesti-za-njemacku-popustanje-mjera-prije-uskrsa\/","url":"https:\/\/radioljubuski.ba\/index.php\/2022\/02\/07\/dobre-vijesti-za-njemacku-popustanje-mjera-prije-uskrsa\/","name":"Dobre vijesti za Njema\u010dku: Popu\u0161tanje mjera prije Uskrsa? - RADIO LJUBU\u0160KI","isPartOf":{"@id":"https:\/\/radioljubuski.ba\/#website"},"primaryImageOfPage":{"@id":"https:\/\/radioljubuski.ba\/index.php\/2022\/02\/07\/dobre-vijesti-za-njemacku-popustanje-mjera-prije-uskrsa\/#primaryimage"},"image":{"@id":"https:\/\/radioljubuski.ba\/index.php\/2022\/02\/07\/dobre-vijesti-za-njemacku-popustanje-mjera-prije-uskrsa\/#primaryimage"},"thumbnailUrl":"https:\/\/radioljubuski.ba\/wp-content\/uploads\/2021\/05\/2-2021-05-05-16-26-21-MASKA-NJEMACKA.jpg","datePublished":"2022-02-07T14:14:49+00:00","breadcrumb":{"@id":"https:\/\/radioljubuski.ba\/index.php\/2022\/02\/07\/dobre-vijesti-za-njemacku-popustanje-mjera-prije-uskrsa\/#breadcrumb"},"inLanguage":"hr","potentialAction":[{"@type":"ReadAction","target":["https:\/\/radioljubuski.ba\/index.php\/2022\/02\/07\/dobre-vijesti-za-njemacku-popustanje-mjera-prije-uskrsa\/"]}]},{"@type":"ImageObject","inLanguage":"hr","@id":"https:\/\/radioljubuski.ba\/index.php\/2022\/02\/07\/dobre-vijesti-za-njemacku-popustanje-mjera-prije-uskrsa\/#primaryimage","url":"https:\/\/radioljubuski.ba\/wp-content\/uploads\/2021\/05\/2-2021-05-05-16-26-21-MASKA-NJEMACKA.jpg","contentUrl":"https:\/\/radioljubuski.ba\/wp-content\/uploads\/2021\/05\/2-2021-05-05-16-26-21-MASKA-NJEMACKA.jpg","width":1000,"height":625},{"@type":"BreadcrumbList","@id":"https:\/\/radioljubuski.ba\/index.php\/2022\/02\/07\/dobre-vijesti-za-njemacku-popustanje-mjera-prije-uskrsa\/#breadcrumb","itemListElement":[{"@type":"ListItem","position":1,"name":"Po\u010detna stranica","item":"https:\/\/radioljubuski.ba\/"},{"@type":"ListItem","position":2,"name":"Dobre vijesti za Njema\u010dku: Popu\u0161tanje mjera prije Uskrsa?"}]},{"@type":"WebSite","@id":"https:\/\/radioljubuski.ba\/#website","url":"https:\/\/radioljubuski.ba\/","name":"Radio Ljubu\u0161ki","description":"Sun\u010dana frekvencija Hercegovine","publisher":{"@id":"https:\/\/radioljubuski.ba\/#organization"},"potentialAction":[{"@type":"SearchAction","target":{"@type":"EntryPoint","urlTemplate":"https:\/\/radioljubuski.ba\/?s={search_term_string}"},"query-input":{"@type":"PropertyValueSpecification","valueRequired":true,"valueName":"search_term_string"}}],"inLanguage":"hr"},{"@type":"Organization","@id":"https:\/\/radioljubuski.ba\/#organization","name":"Radio Ljubu\u0161ki","url":"https:\/\/radioljubuski.ba\/","logo":{"@type":"ImageObject","inLanguage":"hr","@id":"https:\/\/radioljubuski.ba\/#\/schema\/logo\/image\/","url":"https:\/\/radioljubuski.ba\/wp-content\/uploads\/2021\/02\/cropped-Radio_Ljubuski_logo1.jpg","contentUrl":"https:\/\/radioljubuski.ba\/wp-content\/uploads\/2021\/02\/cropped-Radio_Ljubuski_logo1.jpg","width":512,"height":512,"caption":"Radio Ljubu\u0161ki"},"image":{"@id":"https:\/\/radioljubuski.ba\/#\/schema\/logo\/image\/"},"sameAs":["https:\/\/www.facebook.com\/Radiio-Ljubuski-1490835324566332","https:\/\/x.com\/radioljubuski","https:\/\/hr.linkedin.com\/company\/radio-ljubuski","https:\/\/www.youtube.com\/channel\/UCHYaeO_n0Db3tjNGudGpXyw"]},{"@type":"Person","@id":"https:\/\/radioljubuski.ba\/#\/schema\/person\/19fc700381a780f69665d7956c469e3b","name":"Radio Ljubu\u0161ki"}]}},"_links":{"self":[{"href":"https:\/\/radioljubuski.ba\/index.php\/wp-json\/wp\/v2\/posts\/111734","targetHints":{"allow":["GET"]}}],"collection":[{"href":"https:\/\/radioljubuski.ba\/index.php\/wp-json\/wp\/v2\/posts"}],"about":[{"href":"https:\/\/radioljubuski.ba\/index.php\/wp-json\/wp\/v2\/types\/post"}],"author":[{"embeddable":true,"href":"https:\/\/radioljubuski.ba\/index.php\/wp-json\/wp\/v2\/users\/2"}],"replies":[{"embeddable":true,"href":"https:\/\/radioljubuski.ba\/index.php\/wp-json\/wp\/v2\/comments?post=111734"}],"version-history":[{"count":1,"href":"https:\/\/radioljubuski.ba\/index.php\/wp-json\/wp\/v2\/posts\/111734\/revisions"}],"predecessor-version":[{"id":111735,"href":"https:\/\/radioljubuski.ba\/index.php\/wp-json\/wp\/v2\/posts\/111734\/revisions\/111735"}],"wp:featuredmedia":[{"embeddable":true,"href":"https:\/\/radioljubuski.ba\/index.php\/wp-json\/wp\/v2\/media\/19928"}],"wp:attachment":[{"href":"https:\/\/radioljubuski.ba\/index.php\/wp-json\/wp\/v2\/media?parent=111734"}],"wp:term":[{"taxonomy":"category","embeddable":true,"href":"https:\/\/radioljubuski.ba\/index.php\/wp-json\/wp\/v2\/categories?post=111734"},{"taxonomy":"post_tag","embeddable":true,"href":"https:\/\/radioljubuski.ba\/index.php\/wp-json\/wp\/v2\/tags?post=111734"}],"curies":[{"name":"wp","href":"https:\/\/api.w.org\/{rel}","templated":true}]}}