{"id":111743,"date":"2022-02-07T15:19:48","date_gmt":"2022-02-07T14:19:48","guid":{"rendered":"https:\/\/radioljubuski.ba\/?p=111743"},"modified":"2022-02-07T15:19:49","modified_gmt":"2022-02-07T14:19:49","slug":"covic-trenutno-nema-uvjeta-za-izbore-ucinit-cemo-sve-da-napravimo-iskorak","status":"publish","type":"post","link":"https:\/\/radioljubuski.ba\/index.php\/2022\/02\/07\/covic-trenutno-nema-uvjeta-za-izbore-ucinit-cemo-sve-da-napravimo-iskorak\/","title":{"rendered":"\u010covi\u0107: Trenutno nema uvjeta za izbore, u\u010dinit \u0107emo sve da napravimo iskorak"},"content":{"rendered":"\n<p>Predsjednik Hrvatske demokratske zajednice (HDZ) BiH Dragan \u010covi\u0107 obratio se danas medijima poslije zajedni\u010dke sjednice HDZ BiH i HDZ Hrvatske. On je rekao da je na sastanku data puna potpora HDZ-a Hrvatske onome \u0161to HDZ BiH radi.<\/p>\n\n\n\n<p>\u010covi\u0107 je kazao da je u subotu razgovarao sa liderom SBB-a Fahrudinom Radon\u010di\u0107em i predsjednikom NIP-a Elmedinom Konakovi\u0107, a poru\u010dio je da \u0107e se ponovo susresti u \u010detvrtak.<\/p>\n\n\n\n<p>&#8211; Naglasili smo da razgovori u Neumu u kona\u010dnici nisu uspjeli u formatu koji je planiran, ali da je ostavljena mogu\u0107nost da na lokalnoj razini razgovaramo sa jo\u0161 uvijek sli\u010dnim formatom kakav je bio u Neumu.&nbsp;<\/p>\n\n\n\n<p>U \u010detvrtak od 12 sati \u0107emo imati sastanak u Parlamentu onih stranaka koji su u Neumu sjedili u ime bo\u0161nja\u010dkog i hrvatskog naroda da poku\u0161amo usaglasiti ono \u0161to smo u subotu ovdje, kada sam primio gospodina Konakovi\u0107a, gospodina \u010camparu i gospodina Radon\u010di\u0107a, manje-vi\u0161e razumjeli \u0161ta bi mogao biti izlazak, kao kompromis iz ovih rje\u0161enja.<\/p>\n\n\n\n<p>Razgovarali smo o onome \u0161to nosi sa sobom, ako se slu\u010dajno dogovorimo, vrijeme je isteklo ve\u0107 pro\u0161le godine, kako se dalje pona\u0161ati. U\u010dinit \u0107emo sve da napravimo iskorak, rekao je \u010covi\u0107.<\/p>\n\n\n\n<p>Lider HDZ-a je rekao da legitimno predstavljanje dvije jedinice, dvije liste zadovoljavaju standarde Venecijanske komisije. On je rekao da je Venecijanska komisija rekla da vrijednost glasa mo\u017ee postati sporna ako bi Bo\u0161njaci ponovo glasali za hrvatskog kandidata. \u0160to se ti\u010de dodatne potvrde kandidata za Predsjedni\u0161tvo BiH u Domu naroda, on je rekao da je HDZ odustao od toga.<\/p>\n\n\n\n<p>&#8211; Tra\u017eiT \u0107emo rje\u0161enja da vrijednost glasa ne bude osporena. Ostali smo da tu tra\u017eimo to rje\u0161enje &#8211; rekao je \u010covi\u0107.<\/p>\n\n\n\n<p>Kazao je da ne postoje uvjeti da se organiziraju izbori.<\/p>\n\n\n\n<p>&#8211; Odluka Ustavnog suda BiH stavila je van snage odrednicu izbornog zakona, ako te promjene nema u Parlamentu BiH vrlo je jasno da ne postoje uvjeti da se organiziraju izbori na na\u010din kako su to rekli iz odre\u0111enih institucija, CIK-a pa i me\u0111unarodne zajednice. Ja sam to vrlo jasno rekao i gospodinu&nbsp; Schmidtu subotu. Ovo \u0161to govorim ima utemeljenje u odluci Ustavnog suda. Ne\u0161to sli\u010dno kao \u0161to je bilo za Mostar, jednako je tako Ustavni sud u mogu\u0107nosti staviti neke odredbe van. Ja jo\u0161 uvijek vjerujem da \u0107emo promijeniti izborni zakon &#8211; poru\u010dio je \u010covi\u0107.<\/p>\n\n\n\n<p>Izvor:pogled.ba<\/p>\n","protected":false},"excerpt":{"rendered":"<p>Predsjednik Hrvatske demokratske zajednice (HDZ) BiH Dragan \u010covi\u0107 obratio se danas medijima poslije zajedni\u010dke sjednice HDZ BiH i HDZ Hrvatske. On je rekao da je na sastanku data puna potpora HDZ-a Hrvatske onome \u0161to HDZ BiH radi. \u010covi\u0107 je kazao da je u subotu razgovarao sa liderom SBB-a Fahrudinom Radon\u010di\u0107em i predsjednikom NIP-a Elmedinom Konakovi\u0107, [&hellip;]<\/p>\n","protected":false},"author":2,"featured_media":111744,"comment_status":"closed","ping_status":"closed","sticky":false,"template":"","format":"standard","meta":{"h5ap_radio_sources":[],"footnotes":""},"categories":[1],"tags":[],"class_list":["post-111743","post","type-post","status-publish","format-standard","has-post-thumbnail","hentry","category-bihiregija"],"yoast_head":"<!-- This site is optimized with the Yoast SEO plugin v27.4 - https:\/\/yoast.com\/product\/yoast-seo-wordpress\/ -->\n<title>\u010covi\u0107: Trenutno nema uvjeta za izbore, u\u010dinit \u0107emo sve da napravimo iskorak - RADIO LJUBU\u0160KI<\/title>\n<meta name=\"robots\" content=\"index, follow, max-snippet:-1, max-image-preview:large, max-video-preview:-1\" \/>\n<link rel=\"canonical\" href=\"https:\/\/radioljubuski.ba\/index.php\/2022\/02\/07\/covic-trenutno-nema-uvjeta-za-izbore-ucinit-cemo-sve-da-napravimo-iskorak\/\" \/>\n<meta property=\"og:locale\" content=\"hr_HR\" \/>\n<meta property=\"og:type\" content=\"article\" \/>\n<meta property=\"og:title\" content=\"\u010covi\u0107: Trenutno nema uvjeta za izbore, u\u010dinit \u0107emo sve da napravimo iskorak - RADIO LJUBU\u0160KI\" \/>\n<meta property=\"og:description\" content=\"Predsjednik Hrvatske demokratske zajednice (HDZ) BiH Dragan \u010covi\u0107 obratio se danas medijima poslije zajedni\u010dke sjednice HDZ BiH i HDZ Hrvatske. On je rekao da je na sastanku data puna potpora HDZ-a Hrvatske onome \u0161to HDZ BiH radi. \u010covi\u0107 je kazao da je u subotu razgovarao sa liderom SBB-a Fahrudinom Radon\u010di\u0107em i predsjednikom NIP-a Elmedinom Konakovi\u0107, [&hellip;]\" \/>\n<meta property=\"og:url\" content=\"https:\/\/radioljubuski.ba\/index.php\/2022\/02\/07\/covic-trenutno-nema-uvjeta-za-izbore-ucinit-cemo-sve-da-napravimo-iskorak\/\" \/>\n<meta property=\"og:site_name\" content=\"RADIO LJUBU\u0160KI\" \/>\n<meta property=\"article:publisher\" content=\"https:\/\/www.facebook.com\/Radiio-Ljubuski-1490835324566332\" \/>\n<meta property=\"article:published_time\" content=\"2022-02-07T14:19:48+00:00\" \/>\n<meta property=\"article:modified_time\" content=\"2022-02-07T14:19:49+00:00\" \/>\n<meta property=\"og:image\" content=\"https:\/\/radioljubuski.ba\/wp-content\/uploads\/2022\/02\/8-2021-10-11-15-17-13-dragan-covic.jpg\" \/>\n\t<meta property=\"og:image:width\" content=\"1000\" \/>\n\t<meta property=\"og:image:height\" content=\"625\" \/>\n\t<meta property=\"og:image:type\" content=\"image\/jpeg\" \/>\n<meta name=\"author\" content=\"Radio Ljubu\u0161ki\" \/>\n<meta name=\"twitter:card\" content=\"summary_large_image\" \/>\n<meta name=\"twitter:creator\" content=\"@radioljubuski\" \/>\n<meta name=\"twitter:site\" content=\"@radioljubuski\" \/>\n<meta name=\"twitter:label1\" content=\"Napisao\/la\" \/>\n\t<meta name=\"twitter:data1\" content=\"Radio Ljubu\u0161ki\" \/>\n\t<meta name=\"twitter:label2\" content=\"Procijenjeno vrijeme \u010ditanja\" \/>\n\t<meta name=\"twitter:data2\" content=\"2 minute\" \/>\n<script type=\"application\/ld+json\" class=\"yoast-schema-graph\">{\"@context\":\"https:\\\/\\\/schema.org\",\"@graph\":[{\"@type\":\"Article\",\"@id\":\"https:\\\/\\\/radioljubuski.ba\\\/index.php\\\/2022\\\/02\\\/07\\\/covic-trenutno-nema-uvjeta-za-izbore-ucinit-cemo-sve-da-napravimo-iskorak\\\/#article\",\"isPartOf\":{\"@id\":\"https:\\\/\\\/radioljubuski.ba\\\/index.php\\\/2022\\\/02\\\/07\\\/covic-trenutno-nema-uvjeta-za-izbore-ucinit-cemo-sve-da-napravimo-iskorak\\\/\"},\"author\":{\"name\":\"Radio Ljubu\u0161ki\",\"@id\":\"https:\\\/\\\/radioljubuski.ba\\\/#\\\/schema\\\/person\\\/19fc700381a780f69665d7956c469e3b\"},\"headline\":\"\u010covi\u0107: Trenutno nema uvjeta za izbore, u\u010dinit \u0107emo sve da napravimo iskorak\",\"datePublished\":\"2022-02-07T14:19:48+00:00\",\"dateModified\":\"2022-02-07T14:19:49+00:00\",\"mainEntityOfPage\":{\"@id\":\"https:\\\/\\\/radioljubuski.ba\\\/index.php\\\/2022\\\/02\\\/07\\\/covic-trenutno-nema-uvjeta-za-izbore-ucinit-cemo-sve-da-napravimo-iskorak\\\/\"},\"wordCount\":421,\"publisher\":{\"@id\":\"https:\\\/\\\/radioljubuski.ba\\\/#organization\"},\"image\":{\"@id\":\"https:\\\/\\\/radioljubuski.ba\\\/index.php\\\/2022\\\/02\\\/07\\\/covic-trenutno-nema-uvjeta-za-izbore-ucinit-cemo-sve-da-napravimo-iskorak\\\/#primaryimage\"},\"thumbnailUrl\":\"https:\\\/\\\/radioljubuski.ba\\\/wp-content\\\/uploads\\\/2022\\\/02\\\/8-2021-10-11-15-17-13-dragan-covic.jpg\",\"articleSection\":[\"BIH i regija\"],\"inLanguage\":\"hr\"},{\"@type\":\"WebPage\",\"@id\":\"https:\\\/\\\/radioljubuski.ba\\\/index.php\\\/2022\\\/02\\\/07\\\/covic-trenutno-nema-uvjeta-za-izbore-ucinit-cemo-sve-da-napravimo-iskorak\\\/\",\"url\":\"https:\\\/\\\/radioljubuski.ba\\\/index.php\\\/2022\\\/02\\\/07\\\/covic-trenutno-nema-uvjeta-za-izbore-ucinit-cemo-sve-da-napravimo-iskorak\\\/\",\"name\":\"\u010covi\u0107: Trenutno nema uvjeta za izbore, u\u010dinit \u0107emo sve da napravimo iskorak - RADIO LJUBU\u0160KI\",\"isPartOf\":{\"@id\":\"https:\\\/\\\/radioljubuski.ba\\\/#website\"},\"primaryImageOfPage\":{\"@id\":\"https:\\\/\\\/radioljubuski.ba\\\/index.php\\\/2022\\\/02\\\/07\\\/covic-trenutno-nema-uvjeta-za-izbore-ucinit-cemo-sve-da-napravimo-iskorak\\\/#primaryimage\"},\"image\":{\"@id\":\"https:\\\/\\\/radioljubuski.ba\\\/index.php\\\/2022\\\/02\\\/07\\\/covic-trenutno-nema-uvjeta-za-izbore-ucinit-cemo-sve-da-napravimo-iskorak\\\/#primaryimage\"},\"thumbnailUrl\":\"https:\\\/\\\/radioljubuski.ba\\\/wp-content\\\/uploads\\\/2022\\\/02\\\/8-2021-10-11-15-17-13-dragan-covic.jpg\",\"datePublished\":\"2022-02-07T14:19:48+00:00\",\"dateModified\":\"2022-02-07T14:19:49+00:00\",\"breadcrumb\":{\"@id\":\"https:\\\/\\\/radioljubuski.ba\\\/index.php\\\/2022\\\/02\\\/07\\\/covic-trenutno-nema-uvjeta-za-izbore-ucinit-cemo-sve-da-napravimo-iskorak\\\/#breadcrumb\"},\"inLanguage\":\"hr\",\"potentialAction\":[{\"@type\":\"ReadAction\",\"target\":[\"https:\\\/\\\/radioljubuski.ba\\\/index.php\\\/2022\\\/02\\\/07\\\/covic-trenutno-nema-uvjeta-za-izbore-ucinit-cemo-sve-da-napravimo-iskorak\\\/\"]}]},{\"@type\":\"ImageObject\",\"inLanguage\":\"hr\",\"@id\":\"https:\\\/\\\/radioljubuski.ba\\\/index.php\\\/2022\\\/02\\\/07\\\/covic-trenutno-nema-uvjeta-za-izbore-ucinit-cemo-sve-da-napravimo-iskorak\\\/#primaryimage\",\"url\":\"https:\\\/\\\/radioljubuski.ba\\\/wp-content\\\/uploads\\\/2022\\\/02\\\/8-2021-10-11-15-17-13-dragan-covic.jpg\",\"contentUrl\":\"https:\\\/\\\/radioljubuski.ba\\\/wp-content\\\/uploads\\\/2022\\\/02\\\/8-2021-10-11-15-17-13-dragan-covic.jpg\",\"width\":1000,\"height\":625},{\"@type\":\"BreadcrumbList\",\"@id\":\"https:\\\/\\\/radioljubuski.ba\\\/index.php\\\/2022\\\/02\\\/07\\\/covic-trenutno-nema-uvjeta-za-izbore-ucinit-cemo-sve-da-napravimo-iskorak\\\/#breadcrumb\",\"itemListElement\":[{\"@type\":\"ListItem\",\"position\":1,\"name\":\"Po\u010detna stranica\",\"item\":\"https:\\\/\\\/radioljubuski.ba\\\/\"},{\"@type\":\"ListItem\",\"position\":2,\"name\":\"\u010covi\u0107: Trenutno nema uvjeta za izbore, u\u010dinit \u0107emo sve da napravimo iskorak\"}]},{\"@type\":\"WebSite\",\"@id\":\"https:\\\/\\\/radioljubuski.ba\\\/#website\",\"url\":\"https:\\\/\\\/radioljubuski.ba\\\/\",\"name\":\"Radio Ljubu\u0161ki\",\"description\":\"Sun\u010dana frekvencija Hercegovine\",\"publisher\":{\"@id\":\"https:\\\/\\\/radioljubuski.ba\\\/#organization\"},\"potentialAction\":[{\"@type\":\"SearchAction\",\"target\":{\"@type\":\"EntryPoint\",\"urlTemplate\":\"https:\\\/\\\/radioljubuski.ba\\\/?s={search_term_string}\"},\"query-input\":{\"@type\":\"PropertyValueSpecification\",\"valueRequired\":true,\"valueName\":\"search_term_string\"}}],\"inLanguage\":\"hr\"},{\"@type\":\"Organization\",\"@id\":\"https:\\\/\\\/radioljubuski.ba\\\/#organization\",\"name\":\"Radio Ljubu\u0161ki\",\"url\":\"https:\\\/\\\/radioljubuski.ba\\\/\",\"logo\":{\"@type\":\"ImageObject\",\"inLanguage\":\"hr\",\"@id\":\"https:\\\/\\\/radioljubuski.ba\\\/#\\\/schema\\\/logo\\\/image\\\/\",\"url\":\"https:\\\/\\\/radioljubuski.ba\\\/wp-content\\\/uploads\\\/2021\\\/02\\\/cropped-Radio_Ljubuski_logo1.jpg\",\"contentUrl\":\"https:\\\/\\\/radioljubuski.ba\\\/wp-content\\\/uploads\\\/2021\\\/02\\\/cropped-Radio_Ljubuski_logo1.jpg\",\"width\":512,\"height\":512,\"caption\":\"Radio Ljubu\u0161ki\"},\"image\":{\"@id\":\"https:\\\/\\\/radioljubuski.ba\\\/#\\\/schema\\\/logo\\\/image\\\/\"},\"sameAs\":[\"https:\\\/\\\/www.facebook.com\\\/Radiio-Ljubuski-1490835324566332\",\"https:\\\/\\\/x.com\\\/radioljubuski\",\"https:\\\/\\\/hr.linkedin.com\\\/company\\\/radio-ljubuski\",\"https:\\\/\\\/www.youtube.com\\\/channel\\\/UCHYaeO_n0Db3tjNGudGpXyw\"]},{\"@type\":\"Person\",\"@id\":\"https:\\\/\\\/radioljubuski.ba\\\/#\\\/schema\\\/person\\\/19fc700381a780f69665d7956c469e3b\",\"name\":\"Radio Ljubu\u0161ki\"}]}<\/script>\n<!-- \/ Yoast SEO plugin. -->","yoast_head_json":{"title":"\u010covi\u0107: Trenutno nema uvjeta za izbore, u\u010dinit \u0107emo sve da napravimo iskorak - RADIO LJUBU\u0160KI","robots":{"index":"index","follow":"follow","max-snippet":"max-snippet:-1","max-image-preview":"max-image-preview:large","max-video-preview":"max-video-preview:-1"},"canonical":"https:\/\/radioljubuski.ba\/index.php\/2022\/02\/07\/covic-trenutno-nema-uvjeta-za-izbore-ucinit-cemo-sve-da-napravimo-iskorak\/","og_locale":"hr_HR","og_type":"article","og_title":"\u010covi\u0107: Trenutno nema uvjeta za izbore, u\u010dinit \u0107emo sve da napravimo iskorak - RADIO LJUBU\u0160KI","og_description":"Predsjednik Hrvatske demokratske zajednice (HDZ) BiH Dragan \u010covi\u0107 obratio se danas medijima poslije zajedni\u010dke sjednice HDZ BiH i HDZ Hrvatske. On je rekao da je na sastanku data puna potpora HDZ-a Hrvatske onome \u0161to HDZ BiH radi. \u010covi\u0107 je kazao da je u subotu razgovarao sa liderom SBB-a Fahrudinom Radon\u010di\u0107em i predsjednikom NIP-a Elmedinom Konakovi\u0107, [&hellip;]","og_url":"https:\/\/radioljubuski.ba\/index.php\/2022\/02\/07\/covic-trenutno-nema-uvjeta-za-izbore-ucinit-cemo-sve-da-napravimo-iskorak\/","og_site_name":"RADIO LJUBU\u0160KI","article_publisher":"https:\/\/www.facebook.com\/Radiio-Ljubuski-1490835324566332","article_published_time":"2022-02-07T14:19:48+00:00","article_modified_time":"2022-02-07T14:19:49+00:00","og_image":[{"width":1000,"height":625,"url":"https:\/\/radioljubuski.ba\/wp-content\/uploads\/2022\/02\/8-2021-10-11-15-17-13-dragan-covic.jpg","type":"image\/jpeg"}],"author":"Radio Ljubu\u0161ki","twitter_card":"summary_large_image","twitter_creator":"@radioljubuski","twitter_site":"@radioljubuski","twitter_misc":{"Napisao\/la":"Radio Ljubu\u0161ki","Procijenjeno vrijeme \u010ditanja":"2 minute"},"schema":{"@context":"https:\/\/schema.org","@graph":[{"@type":"Article","@id":"https:\/\/radioljubuski.ba\/index.php\/2022\/02\/07\/covic-trenutno-nema-uvjeta-za-izbore-ucinit-cemo-sve-da-napravimo-iskorak\/#article","isPartOf":{"@id":"https:\/\/radioljubuski.ba\/index.php\/2022\/02\/07\/covic-trenutno-nema-uvjeta-za-izbore-ucinit-cemo-sve-da-napravimo-iskorak\/"},"author":{"name":"Radio Ljubu\u0161ki","@id":"https:\/\/radioljubuski.ba\/#\/schema\/person\/19fc700381a780f69665d7956c469e3b"},"headline":"\u010covi\u0107: Trenutno nema uvjeta za izbore, u\u010dinit \u0107emo sve da napravimo iskorak","datePublished":"2022-02-07T14:19:48+00:00","dateModified":"2022-02-07T14:19:49+00:00","mainEntityOfPage":{"@id":"https:\/\/radioljubuski.ba\/index.php\/2022\/02\/07\/covic-trenutno-nema-uvjeta-za-izbore-ucinit-cemo-sve-da-napravimo-iskorak\/"},"wordCount":421,"publisher":{"@id":"https:\/\/radioljubuski.ba\/#organization"},"image":{"@id":"https:\/\/radioljubuski.ba\/index.php\/2022\/02\/07\/covic-trenutno-nema-uvjeta-za-izbore-ucinit-cemo-sve-da-napravimo-iskorak\/#primaryimage"},"thumbnailUrl":"https:\/\/radioljubuski.ba\/wp-content\/uploads\/2022\/02\/8-2021-10-11-15-17-13-dragan-covic.jpg","articleSection":["BIH i regija"],"inLanguage":"hr"},{"@type":"WebPage","@id":"https:\/\/radioljubuski.ba\/index.php\/2022\/02\/07\/covic-trenutno-nema-uvjeta-za-izbore-ucinit-cemo-sve-da-napravimo-iskorak\/","url":"https:\/\/radioljubuski.ba\/index.php\/2022\/02\/07\/covic-trenutno-nema-uvjeta-za-izbore-ucinit-cemo-sve-da-napravimo-iskorak\/","name":"\u010covi\u0107: Trenutno nema uvjeta za izbore, u\u010dinit \u0107emo sve da napravimo iskorak - RADIO LJUBU\u0160KI","isPartOf":{"@id":"https:\/\/radioljubuski.ba\/#website"},"primaryImageOfPage":{"@id":"https:\/\/radioljubuski.ba\/index.php\/2022\/02\/07\/covic-trenutno-nema-uvjeta-za-izbore-ucinit-cemo-sve-da-napravimo-iskorak\/#primaryimage"},"image":{"@id":"https:\/\/radioljubuski.ba\/index.php\/2022\/02\/07\/covic-trenutno-nema-uvjeta-za-izbore-ucinit-cemo-sve-da-napravimo-iskorak\/#primaryimage"},"thumbnailUrl":"https:\/\/radioljubuski.ba\/wp-content\/uploads\/2022\/02\/8-2021-10-11-15-17-13-dragan-covic.jpg","datePublished":"2022-02-07T14:19:48+00:00","dateModified":"2022-02-07T14:19:49+00:00","breadcrumb":{"@id":"https:\/\/radioljubuski.ba\/index.php\/2022\/02\/07\/covic-trenutno-nema-uvjeta-za-izbore-ucinit-cemo-sve-da-napravimo-iskorak\/#breadcrumb"},"inLanguage":"hr","potentialAction":[{"@type":"ReadAction","target":["https:\/\/radioljubuski.ba\/index.php\/2022\/02\/07\/covic-trenutno-nema-uvjeta-za-izbore-ucinit-cemo-sve-da-napravimo-iskorak\/"]}]},{"@type":"ImageObject","inLanguage":"hr","@id":"https:\/\/radioljubuski.ba\/index.php\/2022\/02\/07\/covic-trenutno-nema-uvjeta-za-izbore-ucinit-cemo-sve-da-napravimo-iskorak\/#primaryimage","url":"https:\/\/radioljubuski.ba\/wp-content\/uploads\/2022\/02\/8-2021-10-11-15-17-13-dragan-covic.jpg","contentUrl":"https:\/\/radioljubuski.ba\/wp-content\/uploads\/2022\/02\/8-2021-10-11-15-17-13-dragan-covic.jpg","width":1000,"height":625},{"@type":"BreadcrumbList","@id":"https:\/\/radioljubuski.ba\/index.php\/2022\/02\/07\/covic-trenutno-nema-uvjeta-za-izbore-ucinit-cemo-sve-da-napravimo-iskorak\/#breadcrumb","itemListElement":[{"@type":"ListItem","position":1,"name":"Po\u010detna stranica","item":"https:\/\/radioljubuski.ba\/"},{"@type":"ListItem","position":2,"name":"\u010covi\u0107: Trenutno nema uvjeta za izbore, u\u010dinit \u0107emo sve da napravimo iskorak"}]},{"@type":"WebSite","@id":"https:\/\/radioljubuski.ba\/#website","url":"https:\/\/radioljubuski.ba\/","name":"Radio Ljubu\u0161ki","description":"Sun\u010dana frekvencija Hercegovine","publisher":{"@id":"https:\/\/radioljubuski.ba\/#organization"},"potentialAction":[{"@type":"SearchAction","target":{"@type":"EntryPoint","urlTemplate":"https:\/\/radioljubuski.ba\/?s={search_term_string}"},"query-input":{"@type":"PropertyValueSpecification","valueRequired":true,"valueName":"search_term_string"}}],"inLanguage":"hr"},{"@type":"Organization","@id":"https:\/\/radioljubuski.ba\/#organization","name":"Radio Ljubu\u0161ki","url":"https:\/\/radioljubuski.ba\/","logo":{"@type":"ImageObject","inLanguage":"hr","@id":"https:\/\/radioljubuski.ba\/#\/schema\/logo\/image\/","url":"https:\/\/radioljubuski.ba\/wp-content\/uploads\/2021\/02\/cropped-Radio_Ljubuski_logo1.jpg","contentUrl":"https:\/\/radioljubuski.ba\/wp-content\/uploads\/2021\/02\/cropped-Radio_Ljubuski_logo1.jpg","width":512,"height":512,"caption":"Radio Ljubu\u0161ki"},"image":{"@id":"https:\/\/radioljubuski.ba\/#\/schema\/logo\/image\/"},"sameAs":["https:\/\/www.facebook.com\/Radiio-Ljubuski-1490835324566332","https:\/\/x.com\/radioljubuski","https:\/\/hr.linkedin.com\/company\/radio-ljubuski","https:\/\/www.youtube.com\/channel\/UCHYaeO_n0Db3tjNGudGpXyw"]},{"@type":"Person","@id":"https:\/\/radioljubuski.ba\/#\/schema\/person\/19fc700381a780f69665d7956c469e3b","name":"Radio Ljubu\u0161ki"}]}},"_links":{"self":[{"href":"https:\/\/radioljubuski.ba\/index.php\/wp-json\/wp\/v2\/posts\/111743","targetHints":{"allow":["GET"]}}],"collection":[{"href":"https:\/\/radioljubuski.ba\/index.php\/wp-json\/wp\/v2\/posts"}],"about":[{"href":"https:\/\/radioljubuski.ba\/index.php\/wp-json\/wp\/v2\/types\/post"}],"author":[{"embeddable":true,"href":"https:\/\/radioljubuski.ba\/index.php\/wp-json\/wp\/v2\/users\/2"}],"replies":[{"embeddable":true,"href":"https:\/\/radioljubuski.ba\/index.php\/wp-json\/wp\/v2\/comments?post=111743"}],"version-history":[{"count":1,"href":"https:\/\/radioljubuski.ba\/index.php\/wp-json\/wp\/v2\/posts\/111743\/revisions"}],"predecessor-version":[{"id":111745,"href":"https:\/\/radioljubuski.ba\/index.php\/wp-json\/wp\/v2\/posts\/111743\/revisions\/111745"}],"wp:featuredmedia":[{"embeddable":true,"href":"https:\/\/radioljubuski.ba\/index.php\/wp-json\/wp\/v2\/media\/111744"}],"wp:attachment":[{"href":"https:\/\/radioljubuski.ba\/index.php\/wp-json\/wp\/v2\/media?parent=111743"}],"wp:term":[{"taxonomy":"category","embeddable":true,"href":"https:\/\/radioljubuski.ba\/index.php\/wp-json\/wp\/v2\/categories?post=111743"},{"taxonomy":"post_tag","embeddable":true,"href":"https:\/\/radioljubuski.ba\/index.php\/wp-json\/wp\/v2\/tags?post=111743"}],"curies":[{"name":"wp","href":"https:\/\/api.w.org\/{rel}","templated":true}]}}