{"id":111751,"date":"2022-02-07T15:24:05","date_gmt":"2022-02-07T14:24:05","guid":{"rendered":"https:\/\/radioljubuski.ba\/?p=111751"},"modified":"2022-02-07T15:24:06","modified_gmt":"2022-02-07T14:24:06","slug":"mesic-bi-milosevicevskim-konceptom-spasavao-bih","status":"publish","type":"post","link":"https:\/\/radioljubuski.ba\/index.php\/2022\/02\/07\/mesic-bi-milosevicevskim-konceptom-spasavao-bih\/","title":{"rendered":"Mesi\u0107 bi Milo\u0161evi\u0107evskim konceptom spa\u0161avao BiH"},"content":{"rendered":"\n<p><strong>Negator jasenova\u010dkog logora i istovremeno veliki antifa\u0161ista, posljednji predsjedatelj Predsjedni\u0161tva SFRJ i biv\u0161i predsjednik Hrvatske Stjepan Mesi\u0107, koji se usporotivio Milo\u0161evi\u0107evoj politici unitarizacije vi\u0161enacionalne jugoslovenske federacije, vjeruje da se upravo tom politikom temeljenom na gra\u0111anskom na\u010delu \u201cjedan \u010dovjek-jedan glas\u201d mo\u017ee spasiti vi\u0161enacionalna Bosna i Hercegovina, pi\u0161e Hrvatski Medijski Servis.<\/strong><\/p>\n\n\n\n<p>O\u010dito za ra\u010dun svojih sarajevskih sponzora Mesi\u0107 je odlu\u010dio sa\u010diniti dokument \u201cApel za spas BiH\u201d, kojeg \u0107e navodno, podr\u017eati dvojica biv\u0161ih \u010dlanova Predsjedni\u0161tva SFRJ, tako\u0111er, nekada\u0161nji protivnici Milo\u0161evi\u0107eve politika, Bogi\u0107 Bogi\u0107evi\u0107 iz BiH i Vasil Tupurkovski iz Makedonije.<\/p>\n\n\n\n<p><a href=\"https:\/\/www.nacional.hr\/ekskluzivno-koncept-konstitutivnih-naroda-treba-napustiti-a-jedino-rjesenje-za-bih-je-gradanska-drzava\/\" target=\"_blank\" rel=\"noreferrer noopener\">Nacional.hr<\/a>, list koji promovira velikobo\u0161nja\u010dki hegemonisti\u010dki koncept iz Hrvatske, pi\u0161e kako na\u010delno, Bogi\u0107evi\u0107, Mesi\u0107 i Tupurkovski u svom Apelu zagovaraju posve suprotno rje\u0161enje za BiH od etni\u010dkih koncepata Republike Srpske i HDZ-a BiH, koje podr\u017eavaju vlasti iz Beograda i Zagreba.<\/p>\n\n\n\n<p>-Za razliku od takvih politika, koje u nacionalno podijeljenoj zemlji nastoje dodatno osna\u017eiti etni\u010dki na ra\u010dun gra\u0111anskog na\u010dina odlu\u010divanja, inicijatori i autori \u201cApela za spas BiH\u201d uvjereni su da je \u201cjedino rje\u0161enje za Bosnu i Hercegovinu gra\u0111anska dr\u017eava\u201d, pi\u0161e <a href=\"https:\/\/www.nacional.hr\/ekskluzivno-koncept-konstitutivnih-naroda-treba-napustiti-a-jedino-rjesenje-za-bih-je-gradanska-drzava\/\" target=\"_blank\" rel=\"noreferrer noopener\">Nacional.<\/a><\/p>\n\n\n\n<p>Mesi\u0107 bi tako s biv\u0161im drugovima iz Predsjedni\u0161tva SFRJ Bosnu i Hercegovinu spa\u0161avao Milo\u0161evi\u0107evim gra\u0111anskim konceptom kojim je sru\u0161ena biv\u0161a dr\u017eava. U politologiji nije poznat primjer da je nametanjem gra\u0111anskog modela spa\u0161ena neka vi\u0161enacionalna zemlja, ali zato postoji bezbroj primjera da je gra\u0111anski koncept siguran recept za uni\u0161tenje vi\u0161enacionalnih dr\u017eava. No, Mesi\u0107a, politolo\u0161ka znanost ne zanima, ve\u0107 jedino koliko su sponzori spremni platiti za njegove usluge podrivanja Daytonskog sporazuma i Ustava BiH.<\/p>\n\n\n\n<p>Podsjetimo Mesi\u0107 se protivio i Milo\u0161evi\u0107evoj politici nametanja predstavnika Kosovskim Albancima u liku Sejde Bajramovi\u0107a, no danas taj isti Mesi\u0107, kojeg u Hrvatskoj nazivaju veliizdajnikom, podr\u017eava dekonstituiranje svojih snarodnjaka u BiH kroz nametanje \u017deljka Kom\u0161i\u0107a bo\u0161nja\u010dkim glasovima za hrvatskog \u010dlana Predsjedni\u0161tva BiH.<\/p>\n\n\n\n<p>\/R.I.\/HMS\/<\/p>\n","protected":false},"excerpt":{"rendered":"<p>Negator jasenova\u010dkog logora i istovremeno veliki antifa\u0161ista, posljednji predsjedatelj Predsjedni\u0161tva SFRJ i biv\u0161i predsjednik Hrvatske Stjepan Mesi\u0107, koji se usporotivio Milo\u0161evi\u0107evoj politici unitarizacije vi\u0161enacionalne jugoslovenske federacije, vjeruje da se upravo tom politikom temeljenom na gra\u0111anskom na\u010delu \u201cjedan \u010dovjek-jedan glas\u201d mo\u017ee spasiti vi\u0161enacionalna Bosna i Hercegovina, pi\u0161e Hrvatski Medijski Servis. O\u010dito za ra\u010dun svojih sarajevskih sponzora [&hellip;]<\/p>\n","protected":false},"author":2,"featured_media":0,"comment_status":"closed","ping_status":"closed","sticky":false,"template":"","format":"standard","meta":{"h5ap_radio_sources":[],"footnotes":""},"categories":[1],"tags":[],"class_list":["post-111751","post","type-post","status-publish","format-standard","hentry","category-bihiregija"],"yoast_head":"<!-- This site is optimized with the Yoast SEO plugin v27.4 - https:\/\/yoast.com\/product\/yoast-seo-wordpress\/ -->\n<title>Mesi\u0107 bi Milo\u0161evi\u0107evskim konceptom spa\u0161avao BiH - RADIO LJUBU\u0160KI<\/title>\n<meta name=\"robots\" content=\"index, follow, max-snippet:-1, max-image-preview:large, max-video-preview:-1\" \/>\n<link rel=\"canonical\" href=\"https:\/\/radioljubuski.ba\/index.php\/2022\/02\/07\/mesic-bi-milosevicevskim-konceptom-spasavao-bih\/\" \/>\n<meta property=\"og:locale\" content=\"hr_HR\" \/>\n<meta property=\"og:type\" content=\"article\" \/>\n<meta property=\"og:title\" content=\"Mesi\u0107 bi Milo\u0161evi\u0107evskim konceptom spa\u0161avao BiH - RADIO LJUBU\u0160KI\" \/>\n<meta property=\"og:description\" content=\"Negator jasenova\u010dkog logora i istovremeno veliki antifa\u0161ista, posljednji predsjedatelj Predsjedni\u0161tva SFRJ i biv\u0161i predsjednik Hrvatske Stjepan Mesi\u0107, koji se usporotivio Milo\u0161evi\u0107evoj politici unitarizacije vi\u0161enacionalne jugoslovenske federacije, vjeruje da se upravo tom politikom temeljenom na gra\u0111anskom na\u010delu \u201cjedan \u010dovjek-jedan glas\u201d mo\u017ee spasiti vi\u0161enacionalna Bosna i Hercegovina, pi\u0161e Hrvatski Medijski Servis. O\u010dito za ra\u010dun svojih sarajevskih sponzora [&hellip;]\" \/>\n<meta property=\"og:url\" content=\"https:\/\/radioljubuski.ba\/index.php\/2022\/02\/07\/mesic-bi-milosevicevskim-konceptom-spasavao-bih\/\" \/>\n<meta property=\"og:site_name\" content=\"RADIO LJUBU\u0160KI\" \/>\n<meta property=\"article:publisher\" content=\"https:\/\/www.facebook.com\/Radiio-Ljubuski-1490835324566332\" \/>\n<meta property=\"article:published_time\" content=\"2022-02-07T14:24:05+00:00\" \/>\n<meta property=\"article:modified_time\" content=\"2022-02-07T14:24:06+00:00\" \/>\n<meta property=\"og:image\" content=\"https:\/\/radioljubuski.ba\/wp-content\/uploads\/2022\/02\/komsic-mesic.jpg\" \/>\n\t<meta property=\"og:image:width\" content=\"700\" \/>\n\t<meta property=\"og:image:height\" content=\"408\" \/>\n\t<meta property=\"og:image:type\" content=\"image\/jpeg\" \/>\n<meta name=\"author\" content=\"Radio Ljubu\u0161ki\" \/>\n<meta name=\"twitter:card\" content=\"summary_large_image\" \/>\n<meta name=\"twitter:creator\" content=\"@radioljubuski\" \/>\n<meta name=\"twitter:site\" content=\"@radioljubuski\" \/>\n<meta name=\"twitter:label1\" content=\"Napisao\/la\" \/>\n\t<meta name=\"twitter:data1\" content=\"Radio Ljubu\u0161ki\" \/>\n\t<meta name=\"twitter:label2\" content=\"Procijenjeno vrijeme \u010ditanja\" \/>\n\t<meta name=\"twitter:data2\" content=\"2 minute\" \/>\n<script type=\"application\/ld+json\" class=\"yoast-schema-graph\">{\"@context\":\"https:\\\/\\\/schema.org\",\"@graph\":[{\"@type\":\"Article\",\"@id\":\"https:\\\/\\\/radioljubuski.ba\\\/index.php\\\/2022\\\/02\\\/07\\\/mesic-bi-milosevicevskim-konceptom-spasavao-bih\\\/#article\",\"isPartOf\":{\"@id\":\"https:\\\/\\\/radioljubuski.ba\\\/index.php\\\/2022\\\/02\\\/07\\\/mesic-bi-milosevicevskim-konceptom-spasavao-bih\\\/\"},\"author\":{\"name\":\"Radio Ljubu\u0161ki\",\"@id\":\"https:\\\/\\\/radioljubuski.ba\\\/#\\\/schema\\\/person\\\/19fc700381a780f69665d7956c469e3b\"},\"headline\":\"Mesi\u0107 bi Milo\u0161evi\u0107evskim konceptom spa\u0161avao BiH\",\"datePublished\":\"2022-02-07T14:24:05+00:00\",\"dateModified\":\"2022-02-07T14:24:06+00:00\",\"mainEntityOfPage\":{\"@id\":\"https:\\\/\\\/radioljubuski.ba\\\/index.php\\\/2022\\\/02\\\/07\\\/mesic-bi-milosevicevskim-konceptom-spasavao-bih\\\/\"},\"wordCount\":364,\"publisher\":{\"@id\":\"https:\\\/\\\/radioljubuski.ba\\\/#organization\"},\"articleSection\":[\"BIH i regija\"],\"inLanguage\":\"hr\"},{\"@type\":\"WebPage\",\"@id\":\"https:\\\/\\\/radioljubuski.ba\\\/index.php\\\/2022\\\/02\\\/07\\\/mesic-bi-milosevicevskim-konceptom-spasavao-bih\\\/\",\"url\":\"https:\\\/\\\/radioljubuski.ba\\\/index.php\\\/2022\\\/02\\\/07\\\/mesic-bi-milosevicevskim-konceptom-spasavao-bih\\\/\",\"name\":\"Mesi\u0107 bi Milo\u0161evi\u0107evskim konceptom spa\u0161avao BiH - RADIO LJUBU\u0160KI\",\"isPartOf\":{\"@id\":\"https:\\\/\\\/radioljubuski.ba\\\/#website\"},\"datePublished\":\"2022-02-07T14:24:05+00:00\",\"dateModified\":\"2022-02-07T14:24:06+00:00\",\"breadcrumb\":{\"@id\":\"https:\\\/\\\/radioljubuski.ba\\\/index.php\\\/2022\\\/02\\\/07\\\/mesic-bi-milosevicevskim-konceptom-spasavao-bih\\\/#breadcrumb\"},\"inLanguage\":\"hr\",\"potentialAction\":[{\"@type\":\"ReadAction\",\"target\":[\"https:\\\/\\\/radioljubuski.ba\\\/index.php\\\/2022\\\/02\\\/07\\\/mesic-bi-milosevicevskim-konceptom-spasavao-bih\\\/\"]}]},{\"@type\":\"BreadcrumbList\",\"@id\":\"https:\\\/\\\/radioljubuski.ba\\\/index.php\\\/2022\\\/02\\\/07\\\/mesic-bi-milosevicevskim-konceptom-spasavao-bih\\\/#breadcrumb\",\"itemListElement\":[{\"@type\":\"ListItem\",\"position\":1,\"name\":\"Po\u010detna stranica\",\"item\":\"https:\\\/\\\/radioljubuski.ba\\\/\"},{\"@type\":\"ListItem\",\"position\":2,\"name\":\"Mesi\u0107 bi Milo\u0161evi\u0107evskim konceptom spa\u0161avao BiH\"}]},{\"@type\":\"WebSite\",\"@id\":\"https:\\\/\\\/radioljubuski.ba\\\/#website\",\"url\":\"https:\\\/\\\/radioljubuski.ba\\\/\",\"name\":\"Radio Ljubu\u0161ki\",\"description\":\"Sun\u010dana frekvencija Hercegovine\",\"publisher\":{\"@id\":\"https:\\\/\\\/radioljubuski.ba\\\/#organization\"},\"potentialAction\":[{\"@type\":\"SearchAction\",\"target\":{\"@type\":\"EntryPoint\",\"urlTemplate\":\"https:\\\/\\\/radioljubuski.ba\\\/?s={search_term_string}\"},\"query-input\":{\"@type\":\"PropertyValueSpecification\",\"valueRequired\":true,\"valueName\":\"search_term_string\"}}],\"inLanguage\":\"hr\"},{\"@type\":\"Organization\",\"@id\":\"https:\\\/\\\/radioljubuski.ba\\\/#organization\",\"name\":\"Radio Ljubu\u0161ki\",\"url\":\"https:\\\/\\\/radioljubuski.ba\\\/\",\"logo\":{\"@type\":\"ImageObject\",\"inLanguage\":\"hr\",\"@id\":\"https:\\\/\\\/radioljubuski.ba\\\/#\\\/schema\\\/logo\\\/image\\\/\",\"url\":\"https:\\\/\\\/radioljubuski.ba\\\/wp-content\\\/uploads\\\/2021\\\/02\\\/cropped-Radio_Ljubuski_logo1.jpg\",\"contentUrl\":\"https:\\\/\\\/radioljubuski.ba\\\/wp-content\\\/uploads\\\/2021\\\/02\\\/cropped-Radio_Ljubuski_logo1.jpg\",\"width\":512,\"height\":512,\"caption\":\"Radio Ljubu\u0161ki\"},\"image\":{\"@id\":\"https:\\\/\\\/radioljubuski.ba\\\/#\\\/schema\\\/logo\\\/image\\\/\"},\"sameAs\":[\"https:\\\/\\\/www.facebook.com\\\/Radiio-Ljubuski-1490835324566332\",\"https:\\\/\\\/x.com\\\/radioljubuski\",\"https:\\\/\\\/hr.linkedin.com\\\/company\\\/radio-ljubuski\",\"https:\\\/\\\/www.youtube.com\\\/channel\\\/UCHYaeO_n0Db3tjNGudGpXyw\"]},{\"@type\":\"Person\",\"@id\":\"https:\\\/\\\/radioljubuski.ba\\\/#\\\/schema\\\/person\\\/19fc700381a780f69665d7956c469e3b\",\"name\":\"Radio Ljubu\u0161ki\"}]}<\/script>\n<!-- \/ Yoast SEO plugin. -->","yoast_head_json":{"title":"Mesi\u0107 bi Milo\u0161evi\u0107evskim konceptom spa\u0161avao BiH - RADIO LJUBU\u0160KI","robots":{"index":"index","follow":"follow","max-snippet":"max-snippet:-1","max-image-preview":"max-image-preview:large","max-video-preview":"max-video-preview:-1"},"canonical":"https:\/\/radioljubuski.ba\/index.php\/2022\/02\/07\/mesic-bi-milosevicevskim-konceptom-spasavao-bih\/","og_locale":"hr_HR","og_type":"article","og_title":"Mesi\u0107 bi Milo\u0161evi\u0107evskim konceptom spa\u0161avao BiH - RADIO LJUBU\u0160KI","og_description":"Negator jasenova\u010dkog logora i istovremeno veliki antifa\u0161ista, posljednji predsjedatelj Predsjedni\u0161tva SFRJ i biv\u0161i predsjednik Hrvatske Stjepan Mesi\u0107, koji se usporotivio Milo\u0161evi\u0107evoj politici unitarizacije vi\u0161enacionalne jugoslovenske federacije, vjeruje da se upravo tom politikom temeljenom na gra\u0111anskom na\u010delu \u201cjedan \u010dovjek-jedan glas\u201d mo\u017ee spasiti vi\u0161enacionalna Bosna i Hercegovina, pi\u0161e Hrvatski Medijski Servis. O\u010dito za ra\u010dun svojih sarajevskih sponzora [&hellip;]","og_url":"https:\/\/radioljubuski.ba\/index.php\/2022\/02\/07\/mesic-bi-milosevicevskim-konceptom-spasavao-bih\/","og_site_name":"RADIO LJUBU\u0160KI","article_publisher":"https:\/\/www.facebook.com\/Radiio-Ljubuski-1490835324566332","article_published_time":"2022-02-07T14:24:05+00:00","article_modified_time":"2022-02-07T14:24:06+00:00","og_image":[{"width":700,"height":408,"url":"https:\/\/radioljubuski.ba\/wp-content\/uploads\/2022\/02\/komsic-mesic.jpg","type":"image\/jpeg"}],"author":"Radio Ljubu\u0161ki","twitter_card":"summary_large_image","twitter_creator":"@radioljubuski","twitter_site":"@radioljubuski","twitter_misc":{"Napisao\/la":"Radio Ljubu\u0161ki","Procijenjeno vrijeme \u010ditanja":"2 minute"},"schema":{"@context":"https:\/\/schema.org","@graph":[{"@type":"Article","@id":"https:\/\/radioljubuski.ba\/index.php\/2022\/02\/07\/mesic-bi-milosevicevskim-konceptom-spasavao-bih\/#article","isPartOf":{"@id":"https:\/\/radioljubuski.ba\/index.php\/2022\/02\/07\/mesic-bi-milosevicevskim-konceptom-spasavao-bih\/"},"author":{"name":"Radio Ljubu\u0161ki","@id":"https:\/\/radioljubuski.ba\/#\/schema\/person\/19fc700381a780f69665d7956c469e3b"},"headline":"Mesi\u0107 bi Milo\u0161evi\u0107evskim konceptom spa\u0161avao BiH","datePublished":"2022-02-07T14:24:05+00:00","dateModified":"2022-02-07T14:24:06+00:00","mainEntityOfPage":{"@id":"https:\/\/radioljubuski.ba\/index.php\/2022\/02\/07\/mesic-bi-milosevicevskim-konceptom-spasavao-bih\/"},"wordCount":364,"publisher":{"@id":"https:\/\/radioljubuski.ba\/#organization"},"articleSection":["BIH i regija"],"inLanguage":"hr"},{"@type":"WebPage","@id":"https:\/\/radioljubuski.ba\/index.php\/2022\/02\/07\/mesic-bi-milosevicevskim-konceptom-spasavao-bih\/","url":"https:\/\/radioljubuski.ba\/index.php\/2022\/02\/07\/mesic-bi-milosevicevskim-konceptom-spasavao-bih\/","name":"Mesi\u0107 bi Milo\u0161evi\u0107evskim konceptom spa\u0161avao BiH - RADIO LJUBU\u0160KI","isPartOf":{"@id":"https:\/\/radioljubuski.ba\/#website"},"datePublished":"2022-02-07T14:24:05+00:00","dateModified":"2022-02-07T14:24:06+00:00","breadcrumb":{"@id":"https:\/\/radioljubuski.ba\/index.php\/2022\/02\/07\/mesic-bi-milosevicevskim-konceptom-spasavao-bih\/#breadcrumb"},"inLanguage":"hr","potentialAction":[{"@type":"ReadAction","target":["https:\/\/radioljubuski.ba\/index.php\/2022\/02\/07\/mesic-bi-milosevicevskim-konceptom-spasavao-bih\/"]}]},{"@type":"BreadcrumbList","@id":"https:\/\/radioljubuski.ba\/index.php\/2022\/02\/07\/mesic-bi-milosevicevskim-konceptom-spasavao-bih\/#breadcrumb","itemListElement":[{"@type":"ListItem","position":1,"name":"Po\u010detna stranica","item":"https:\/\/radioljubuski.ba\/"},{"@type":"ListItem","position":2,"name":"Mesi\u0107 bi Milo\u0161evi\u0107evskim konceptom spa\u0161avao BiH"}]},{"@type":"WebSite","@id":"https:\/\/radioljubuski.ba\/#website","url":"https:\/\/radioljubuski.ba\/","name":"Radio Ljubu\u0161ki","description":"Sun\u010dana frekvencija Hercegovine","publisher":{"@id":"https:\/\/radioljubuski.ba\/#organization"},"potentialAction":[{"@type":"SearchAction","target":{"@type":"EntryPoint","urlTemplate":"https:\/\/radioljubuski.ba\/?s={search_term_string}"},"query-input":{"@type":"PropertyValueSpecification","valueRequired":true,"valueName":"search_term_string"}}],"inLanguage":"hr"},{"@type":"Organization","@id":"https:\/\/radioljubuski.ba\/#organization","name":"Radio Ljubu\u0161ki","url":"https:\/\/radioljubuski.ba\/","logo":{"@type":"ImageObject","inLanguage":"hr","@id":"https:\/\/radioljubuski.ba\/#\/schema\/logo\/image\/","url":"https:\/\/radioljubuski.ba\/wp-content\/uploads\/2021\/02\/cropped-Radio_Ljubuski_logo1.jpg","contentUrl":"https:\/\/radioljubuski.ba\/wp-content\/uploads\/2021\/02\/cropped-Radio_Ljubuski_logo1.jpg","width":512,"height":512,"caption":"Radio Ljubu\u0161ki"},"image":{"@id":"https:\/\/radioljubuski.ba\/#\/schema\/logo\/image\/"},"sameAs":["https:\/\/www.facebook.com\/Radiio-Ljubuski-1490835324566332","https:\/\/x.com\/radioljubuski","https:\/\/hr.linkedin.com\/company\/radio-ljubuski","https:\/\/www.youtube.com\/channel\/UCHYaeO_n0Db3tjNGudGpXyw"]},{"@type":"Person","@id":"https:\/\/radioljubuski.ba\/#\/schema\/person\/19fc700381a780f69665d7956c469e3b","name":"Radio Ljubu\u0161ki"}]}},"_links":{"self":[{"href":"https:\/\/radioljubuski.ba\/index.php\/wp-json\/wp\/v2\/posts\/111751","targetHints":{"allow":["GET"]}}],"collection":[{"href":"https:\/\/radioljubuski.ba\/index.php\/wp-json\/wp\/v2\/posts"}],"about":[{"href":"https:\/\/radioljubuski.ba\/index.php\/wp-json\/wp\/v2\/types\/post"}],"author":[{"embeddable":true,"href":"https:\/\/radioljubuski.ba\/index.php\/wp-json\/wp\/v2\/users\/2"}],"replies":[{"embeddable":true,"href":"https:\/\/radioljubuski.ba\/index.php\/wp-json\/wp\/v2\/comments?post=111751"}],"version-history":[{"count":1,"href":"https:\/\/radioljubuski.ba\/index.php\/wp-json\/wp\/v2\/posts\/111751\/revisions"}],"predecessor-version":[{"id":111753,"href":"https:\/\/radioljubuski.ba\/index.php\/wp-json\/wp\/v2\/posts\/111751\/revisions\/111753"}],"wp:attachment":[{"href":"https:\/\/radioljubuski.ba\/index.php\/wp-json\/wp\/v2\/media?parent=111751"}],"wp:term":[{"taxonomy":"category","embeddable":true,"href":"https:\/\/radioljubuski.ba\/index.php\/wp-json\/wp\/v2\/categories?post=111751"},{"taxonomy":"post_tag","embeddable":true,"href":"https:\/\/radioljubuski.ba\/index.php\/wp-json\/wp\/v2\/tags?post=111751"}],"curies":[{"name":"wp","href":"https:\/\/api.w.org\/{rel}","templated":true}]}}