{"id":111754,"date":"2022-02-07T15:25:30","date_gmt":"2022-02-07T14:25:30","guid":{"rendered":"https:\/\/radioljubuski.ba\/?p=111754"},"modified":"2022-02-07T15:25:31","modified_gmt":"2022-02-07T14:25:31","slug":"hrs-i-most-u-slucaju-neusvjanja-izmjena-izbornog-zakona-imamo-svoj-plan-b","status":"publish","type":"post","link":"https:\/\/radioljubuski.ba\/index.php\/2022\/02\/07\/hrs-i-most-u-slucaju-neusvjanja-izmjena-izbornog-zakona-imamo-svoj-plan-b\/","title":{"rendered":"HRS i Most: U slu\u010daju neusvjanja izmjena Izbornog zakona, imamo svoj plan B"},"content":{"rendered":"\n<p><strong>Delegacije HRS-a i Mosta odr\u017eale su zajedni\u010dki sastanak u Zagrebu na kojem je analizirana politi\u010dka situacija u BiH te su definirane zajedni\u010dke budu\u0107e aktivnosti ove dvije stranke u cilju dodatnog ja\u010danja suradnje po pitanju statusa Hrvata u BiH, prenosi Hrvatski Medijski Servis.<\/strong><\/p>\n\n\n\n<p>Zaklju\u010deno je da Republika Hrvatska mora koristiti sve diplomatske kapacitete koje ima u institucijama EU, Vije\u0107a Europe, NATO-a i dr. kako bi pru\u017eila maksimalnu mogu\u0107u podr\u0161ku rje\u0161avanju hrvatskoga pitanja u BiH.<\/p>\n\n\n\n<p>-\u010cinjenica je kako je me\u0111unarodna zajednica svojim pona\u0161anjem otvoreno stala na stranu unitaristi\u010dke sarajevske politike. Izjave o \u201ejedinstvenoj BiH jednog naroda\u201c predstavnika EU ponajbolje govore o tome, navodi se u priop\u0107enju sa sastnaka.<\/p>\n\n\n\n<p>Jasno je vidljivo, nagla\u0161ava se u priop\u0107enju HRS-a i Mosta, kako sva tobo\u017enja lobiranja od strane Vlade RH u biti ne postoje.<\/p>\n\n\n\n<p>-Dapa\u010de, nanose \u0161tetu. Kolika \u0161teta mo\u017ee biti govori, primjerice, \u010dinjenica kako su hrvatski predstavnici u Vije\u0107u Europe, na \u010delu s Marijom Pej\u010dinovi\u0107 Buri\u0107 \u0161utke i bez ikakve reakcije ostali na sramotan govor \u017deljka Kom\u0161i\u0107a u kojem je izvrtao povijest govore\u0107i o agresiji Hrvatske na BiH, isti\u010de se u priop\u0107enju sa sastanaka.<\/p>\n\n\n\n<p>Zbog svega navedenog Hrvatima je u BiH, smatraju HRS i Most, potrebna jedna politi\u010dka katarza, odnosno politi\u010dki zaokret u BiH.<\/p>\n\n\n\n<p>-Definirati politi\u010dke modele koji \u0107e staviti hrvatski narod i hrvatskog \u010dovjeka u prvi plan. Hrvati kao konstitutivan narod u BiH, sa svim svojim gra\u0111anskim i politi\u010dkim pravima zajam\u010denim u Ustavu i Izbornom zakonu, po cijenu pozicija i beneficija iz vlasti. Kako bi se to dogodilo, politika Republika Hrvatske prema BiH se mora iz Bruxellesa preseliti u BiH. Hrvatska mora voditi suverenisti\u010dku politiku prema Hrvatima u BiH, dok god sustavno nije rije\u0161eno hrvatsko pitanje u ovoj zemlji. Do sada to nije bio slu\u010daj. Hrvatska godinama vodi politiku dirigiranu interesima Bruxellesa, a ne svoga naroda u BiH. To je dovelo do toga da Hrvati u BiH nemaju nikakve politi\u010dke strategije, a osobito nemaju jasnu strategiju \u0161to ako se ne dogode izmjene Izbornoga zakona, smatraju HRS i Most.<\/p>\n\n\n\n<p>S toga je, zaklju\u010duju u priop\u0107enju, do\u0161lo za novi politi\u010dki smjer, politi\u010dku strate\u0161ku alternativu Hrvata u BiH koju \u0107e predvoditi HRS i MOST.<\/p>\n\n\n\n<p>-Primarni naglasak \u0107e biti stavljen na izmjene Ustava, administrativno preure\u0111enje BiH, a za po\u010detak definiranje jasne strategije za predstoje\u0107e Op\u0107e izbore 2022. i scenarij u slu\u010daju neusvajanja izmjena izbornog zakona. Dopustit \u0107emo sestrinskim HDZ-ovima, koji objektivno imaju najve\u0107u odgovornost u ovom trenutku, da ponude svoja rje\u0161enja, odnosno da ponude svoj Plan B. Ukoliko, ili bolje re\u010deno, kada se to ne dogodi, idemo mi sa svojim. Dolazi novo vrijeme hrvatske politike, s obje strane granice, zaklju\u010duje se u priop\u0107enju sa sastanka HRS-a i Mosta.<\/p>\n\n\n\n<p>\/HMS\/<\/p>\n","protected":false},"excerpt":{"rendered":"<p>Delegacije HRS-a i Mosta odr\u017eale su zajedni\u010dki sastanak u Zagrebu na kojem je analizirana politi\u010dka situacija u BiH te su definirane zajedni\u010dke budu\u0107e aktivnosti ove dvije stranke u cilju dodatnog ja\u010danja suradnje po pitanju statusa Hrvata u BiH, prenosi Hrvatski Medijski Servis. Zaklju\u010deno je da Republika Hrvatska mora koristiti sve diplomatske kapacitete koje ima u [&hellip;]<\/p>\n","protected":false},"author":2,"featured_media":111755,"comment_status":"closed","ping_status":"closed","sticky":false,"template":"","format":"standard","meta":{"h5ap_radio_sources":[],"footnotes":""},"categories":[1],"tags":[],"class_list":["post-111754","post","type-post","status-publish","format-standard","has-post-thumbnail","hentry","category-bihiregija"],"yoast_head":"<!-- This site is optimized with the Yoast SEO plugin v27.4 - https:\/\/yoast.com\/product\/yoast-seo-wordpress\/ -->\n<title>HRS i Most: U slu\u010daju neusvjanja izmjena Izbornog zakona, imamo svoj plan B - RADIO LJUBU\u0160KI<\/title>\n<meta name=\"robots\" content=\"index, follow, max-snippet:-1, max-image-preview:large, max-video-preview:-1\" \/>\n<link rel=\"canonical\" href=\"https:\/\/radioljubuski.ba\/index.php\/2022\/02\/07\/hrs-i-most-u-slucaju-neusvjanja-izmjena-izbornog-zakona-imamo-svoj-plan-b\/\" \/>\n<meta property=\"og:locale\" content=\"hr_HR\" \/>\n<meta property=\"og:type\" content=\"article\" \/>\n<meta property=\"og:title\" content=\"HRS i Most: U slu\u010daju neusvjanja izmjena Izbornog zakona, imamo svoj plan B - RADIO LJUBU\u0160KI\" \/>\n<meta property=\"og:description\" content=\"Delegacije HRS-a i Mosta odr\u017eale su zajedni\u010dki sastanak u Zagrebu na kojem je analizirana politi\u010dka situacija u BiH te su definirane zajedni\u010dke budu\u0107e aktivnosti ove dvije stranke u cilju dodatnog ja\u010danja suradnje po pitanju statusa Hrvata u BiH, prenosi Hrvatski Medijski Servis. Zaklju\u010deno je da Republika Hrvatska mora koristiti sve diplomatske kapacitete koje ima u [&hellip;]\" \/>\n<meta property=\"og:url\" content=\"https:\/\/radioljubuski.ba\/index.php\/2022\/02\/07\/hrs-i-most-u-slucaju-neusvjanja-izmjena-izbornog-zakona-imamo-svoj-plan-b\/\" \/>\n<meta property=\"og:site_name\" content=\"RADIO LJUBU\u0160KI\" \/>\n<meta property=\"article:publisher\" content=\"https:\/\/www.facebook.com\/Radiio-Ljubuski-1490835324566332\" \/>\n<meta property=\"article:published_time\" content=\"2022-02-07T14:25:30+00:00\" \/>\n<meta property=\"article:modified_time\" content=\"2022-02-07T14:25:31+00:00\" \/>\n<meta property=\"og:image\" content=\"https:\/\/radioljubuski.ba\/wp-content\/uploads\/2022\/02\/Most-HRS-nova.jpg\" \/>\n\t<meta property=\"og:image:width\" content=\"989\" \/>\n\t<meta property=\"og:image:height\" content=\"577\" \/>\n\t<meta property=\"og:image:type\" content=\"image\/jpeg\" \/>\n<meta name=\"author\" content=\"Radio Ljubu\u0161ki\" \/>\n<meta name=\"twitter:card\" content=\"summary_large_image\" \/>\n<meta name=\"twitter:creator\" content=\"@radioljubuski\" \/>\n<meta name=\"twitter:site\" content=\"@radioljubuski\" \/>\n<meta name=\"twitter:label1\" content=\"Napisao\/la\" \/>\n\t<meta name=\"twitter:data1\" content=\"Radio Ljubu\u0161ki\" \/>\n\t<meta name=\"twitter:label2\" content=\"Procijenjeno vrijeme \u010ditanja\" \/>\n\t<meta name=\"twitter:data2\" content=\"2 minute\" \/>\n<script type=\"application\/ld+json\" class=\"yoast-schema-graph\">{\"@context\":\"https:\\\/\\\/schema.org\",\"@graph\":[{\"@type\":\"Article\",\"@id\":\"https:\\\/\\\/radioljubuski.ba\\\/index.php\\\/2022\\\/02\\\/07\\\/hrs-i-most-u-slucaju-neusvjanja-izmjena-izbornog-zakona-imamo-svoj-plan-b\\\/#article\",\"isPartOf\":{\"@id\":\"https:\\\/\\\/radioljubuski.ba\\\/index.php\\\/2022\\\/02\\\/07\\\/hrs-i-most-u-slucaju-neusvjanja-izmjena-izbornog-zakona-imamo-svoj-plan-b\\\/\"},\"author\":{\"name\":\"Radio Ljubu\u0161ki\",\"@id\":\"https:\\\/\\\/radioljubuski.ba\\\/#\\\/schema\\\/person\\\/19fc700381a780f69665d7956c469e3b\"},\"headline\":\"HRS i Most: U slu\u010daju neusvjanja izmjena Izbornog zakona, imamo svoj plan B\",\"datePublished\":\"2022-02-07T14:25:30+00:00\",\"dateModified\":\"2022-02-07T14:25:31+00:00\",\"mainEntityOfPage\":{\"@id\":\"https:\\\/\\\/radioljubuski.ba\\\/index.php\\\/2022\\\/02\\\/07\\\/hrs-i-most-u-slucaju-neusvjanja-izmjena-izbornog-zakona-imamo-svoj-plan-b\\\/\"},\"wordCount\":499,\"publisher\":{\"@id\":\"https:\\\/\\\/radioljubuski.ba\\\/#organization\"},\"image\":{\"@id\":\"https:\\\/\\\/radioljubuski.ba\\\/index.php\\\/2022\\\/02\\\/07\\\/hrs-i-most-u-slucaju-neusvjanja-izmjena-izbornog-zakona-imamo-svoj-plan-b\\\/#primaryimage\"},\"thumbnailUrl\":\"https:\\\/\\\/radioljubuski.ba\\\/wp-content\\\/uploads\\\/2022\\\/02\\\/Most-HRS-nova.jpg\",\"articleSection\":[\"BIH i regija\"],\"inLanguage\":\"hr\"},{\"@type\":\"WebPage\",\"@id\":\"https:\\\/\\\/radioljubuski.ba\\\/index.php\\\/2022\\\/02\\\/07\\\/hrs-i-most-u-slucaju-neusvjanja-izmjena-izbornog-zakona-imamo-svoj-plan-b\\\/\",\"url\":\"https:\\\/\\\/radioljubuski.ba\\\/index.php\\\/2022\\\/02\\\/07\\\/hrs-i-most-u-slucaju-neusvjanja-izmjena-izbornog-zakona-imamo-svoj-plan-b\\\/\",\"name\":\"HRS i Most: U slu\u010daju neusvjanja izmjena Izbornog zakona, imamo svoj plan B - RADIO LJUBU\u0160KI\",\"isPartOf\":{\"@id\":\"https:\\\/\\\/radioljubuski.ba\\\/#website\"},\"primaryImageOfPage\":{\"@id\":\"https:\\\/\\\/radioljubuski.ba\\\/index.php\\\/2022\\\/02\\\/07\\\/hrs-i-most-u-slucaju-neusvjanja-izmjena-izbornog-zakona-imamo-svoj-plan-b\\\/#primaryimage\"},\"image\":{\"@id\":\"https:\\\/\\\/radioljubuski.ba\\\/index.php\\\/2022\\\/02\\\/07\\\/hrs-i-most-u-slucaju-neusvjanja-izmjena-izbornog-zakona-imamo-svoj-plan-b\\\/#primaryimage\"},\"thumbnailUrl\":\"https:\\\/\\\/radioljubuski.ba\\\/wp-content\\\/uploads\\\/2022\\\/02\\\/Most-HRS-nova.jpg\",\"datePublished\":\"2022-02-07T14:25:30+00:00\",\"dateModified\":\"2022-02-07T14:25:31+00:00\",\"breadcrumb\":{\"@id\":\"https:\\\/\\\/radioljubuski.ba\\\/index.php\\\/2022\\\/02\\\/07\\\/hrs-i-most-u-slucaju-neusvjanja-izmjena-izbornog-zakona-imamo-svoj-plan-b\\\/#breadcrumb\"},\"inLanguage\":\"hr\",\"potentialAction\":[{\"@type\":\"ReadAction\",\"target\":[\"https:\\\/\\\/radioljubuski.ba\\\/index.php\\\/2022\\\/02\\\/07\\\/hrs-i-most-u-slucaju-neusvjanja-izmjena-izbornog-zakona-imamo-svoj-plan-b\\\/\"]}]},{\"@type\":\"ImageObject\",\"inLanguage\":\"hr\",\"@id\":\"https:\\\/\\\/radioljubuski.ba\\\/index.php\\\/2022\\\/02\\\/07\\\/hrs-i-most-u-slucaju-neusvjanja-izmjena-izbornog-zakona-imamo-svoj-plan-b\\\/#primaryimage\",\"url\":\"https:\\\/\\\/radioljubuski.ba\\\/wp-content\\\/uploads\\\/2022\\\/02\\\/Most-HRS-nova.jpg\",\"contentUrl\":\"https:\\\/\\\/radioljubuski.ba\\\/wp-content\\\/uploads\\\/2022\\\/02\\\/Most-HRS-nova.jpg\",\"width\":989,\"height\":577},{\"@type\":\"BreadcrumbList\",\"@id\":\"https:\\\/\\\/radioljubuski.ba\\\/index.php\\\/2022\\\/02\\\/07\\\/hrs-i-most-u-slucaju-neusvjanja-izmjena-izbornog-zakona-imamo-svoj-plan-b\\\/#breadcrumb\",\"itemListElement\":[{\"@type\":\"ListItem\",\"position\":1,\"name\":\"Po\u010detna stranica\",\"item\":\"https:\\\/\\\/radioljubuski.ba\\\/\"},{\"@type\":\"ListItem\",\"position\":2,\"name\":\"HRS i Most: U slu\u010daju neusvjanja izmjena Izbornog zakona, imamo svoj plan B\"}]},{\"@type\":\"WebSite\",\"@id\":\"https:\\\/\\\/radioljubuski.ba\\\/#website\",\"url\":\"https:\\\/\\\/radioljubuski.ba\\\/\",\"name\":\"Radio Ljubu\u0161ki\",\"description\":\"Sun\u010dana frekvencija Hercegovine\",\"publisher\":{\"@id\":\"https:\\\/\\\/radioljubuski.ba\\\/#organization\"},\"potentialAction\":[{\"@type\":\"SearchAction\",\"target\":{\"@type\":\"EntryPoint\",\"urlTemplate\":\"https:\\\/\\\/radioljubuski.ba\\\/?s={search_term_string}\"},\"query-input\":{\"@type\":\"PropertyValueSpecification\",\"valueRequired\":true,\"valueName\":\"search_term_string\"}}],\"inLanguage\":\"hr\"},{\"@type\":\"Organization\",\"@id\":\"https:\\\/\\\/radioljubuski.ba\\\/#organization\",\"name\":\"Radio Ljubu\u0161ki\",\"url\":\"https:\\\/\\\/radioljubuski.ba\\\/\",\"logo\":{\"@type\":\"ImageObject\",\"inLanguage\":\"hr\",\"@id\":\"https:\\\/\\\/radioljubuski.ba\\\/#\\\/schema\\\/logo\\\/image\\\/\",\"url\":\"https:\\\/\\\/radioljubuski.ba\\\/wp-content\\\/uploads\\\/2021\\\/02\\\/cropped-Radio_Ljubuski_logo1.jpg\",\"contentUrl\":\"https:\\\/\\\/radioljubuski.ba\\\/wp-content\\\/uploads\\\/2021\\\/02\\\/cropped-Radio_Ljubuski_logo1.jpg\",\"width\":512,\"height\":512,\"caption\":\"Radio Ljubu\u0161ki\"},\"image\":{\"@id\":\"https:\\\/\\\/radioljubuski.ba\\\/#\\\/schema\\\/logo\\\/image\\\/\"},\"sameAs\":[\"https:\\\/\\\/www.facebook.com\\\/Radiio-Ljubuski-1490835324566332\",\"https:\\\/\\\/x.com\\\/radioljubuski\",\"https:\\\/\\\/hr.linkedin.com\\\/company\\\/radio-ljubuski\",\"https:\\\/\\\/www.youtube.com\\\/channel\\\/UCHYaeO_n0Db3tjNGudGpXyw\"]},{\"@type\":\"Person\",\"@id\":\"https:\\\/\\\/radioljubuski.ba\\\/#\\\/schema\\\/person\\\/19fc700381a780f69665d7956c469e3b\",\"name\":\"Radio Ljubu\u0161ki\"}]}<\/script>\n<!-- \/ Yoast SEO plugin. -->","yoast_head_json":{"title":"HRS i Most: U slu\u010daju neusvjanja izmjena Izbornog zakona, imamo svoj plan B - RADIO LJUBU\u0160KI","robots":{"index":"index","follow":"follow","max-snippet":"max-snippet:-1","max-image-preview":"max-image-preview:large","max-video-preview":"max-video-preview:-1"},"canonical":"https:\/\/radioljubuski.ba\/index.php\/2022\/02\/07\/hrs-i-most-u-slucaju-neusvjanja-izmjena-izbornog-zakona-imamo-svoj-plan-b\/","og_locale":"hr_HR","og_type":"article","og_title":"HRS i Most: U slu\u010daju neusvjanja izmjena Izbornog zakona, imamo svoj plan B - RADIO LJUBU\u0160KI","og_description":"Delegacije HRS-a i Mosta odr\u017eale su zajedni\u010dki sastanak u Zagrebu na kojem je analizirana politi\u010dka situacija u BiH te su definirane zajedni\u010dke budu\u0107e aktivnosti ove dvije stranke u cilju dodatnog ja\u010danja suradnje po pitanju statusa Hrvata u BiH, prenosi Hrvatski Medijski Servis. Zaklju\u010deno je da Republika Hrvatska mora koristiti sve diplomatske kapacitete koje ima u [&hellip;]","og_url":"https:\/\/radioljubuski.ba\/index.php\/2022\/02\/07\/hrs-i-most-u-slucaju-neusvjanja-izmjena-izbornog-zakona-imamo-svoj-plan-b\/","og_site_name":"RADIO LJUBU\u0160KI","article_publisher":"https:\/\/www.facebook.com\/Radiio-Ljubuski-1490835324566332","article_published_time":"2022-02-07T14:25:30+00:00","article_modified_time":"2022-02-07T14:25:31+00:00","og_image":[{"width":989,"height":577,"url":"https:\/\/radioljubuski.ba\/wp-content\/uploads\/2022\/02\/Most-HRS-nova.jpg","type":"image\/jpeg"}],"author":"Radio Ljubu\u0161ki","twitter_card":"summary_large_image","twitter_creator":"@radioljubuski","twitter_site":"@radioljubuski","twitter_misc":{"Napisao\/la":"Radio Ljubu\u0161ki","Procijenjeno vrijeme \u010ditanja":"2 minute"},"schema":{"@context":"https:\/\/schema.org","@graph":[{"@type":"Article","@id":"https:\/\/radioljubuski.ba\/index.php\/2022\/02\/07\/hrs-i-most-u-slucaju-neusvjanja-izmjena-izbornog-zakona-imamo-svoj-plan-b\/#article","isPartOf":{"@id":"https:\/\/radioljubuski.ba\/index.php\/2022\/02\/07\/hrs-i-most-u-slucaju-neusvjanja-izmjena-izbornog-zakona-imamo-svoj-plan-b\/"},"author":{"name":"Radio Ljubu\u0161ki","@id":"https:\/\/radioljubuski.ba\/#\/schema\/person\/19fc700381a780f69665d7956c469e3b"},"headline":"HRS i Most: U slu\u010daju neusvjanja izmjena Izbornog zakona, imamo svoj plan B","datePublished":"2022-02-07T14:25:30+00:00","dateModified":"2022-02-07T14:25:31+00:00","mainEntityOfPage":{"@id":"https:\/\/radioljubuski.ba\/index.php\/2022\/02\/07\/hrs-i-most-u-slucaju-neusvjanja-izmjena-izbornog-zakona-imamo-svoj-plan-b\/"},"wordCount":499,"publisher":{"@id":"https:\/\/radioljubuski.ba\/#organization"},"image":{"@id":"https:\/\/radioljubuski.ba\/index.php\/2022\/02\/07\/hrs-i-most-u-slucaju-neusvjanja-izmjena-izbornog-zakona-imamo-svoj-plan-b\/#primaryimage"},"thumbnailUrl":"https:\/\/radioljubuski.ba\/wp-content\/uploads\/2022\/02\/Most-HRS-nova.jpg","articleSection":["BIH i regija"],"inLanguage":"hr"},{"@type":"WebPage","@id":"https:\/\/radioljubuski.ba\/index.php\/2022\/02\/07\/hrs-i-most-u-slucaju-neusvjanja-izmjena-izbornog-zakona-imamo-svoj-plan-b\/","url":"https:\/\/radioljubuski.ba\/index.php\/2022\/02\/07\/hrs-i-most-u-slucaju-neusvjanja-izmjena-izbornog-zakona-imamo-svoj-plan-b\/","name":"HRS i Most: U slu\u010daju neusvjanja izmjena Izbornog zakona, imamo svoj plan B - RADIO LJUBU\u0160KI","isPartOf":{"@id":"https:\/\/radioljubuski.ba\/#website"},"primaryImageOfPage":{"@id":"https:\/\/radioljubuski.ba\/index.php\/2022\/02\/07\/hrs-i-most-u-slucaju-neusvjanja-izmjena-izbornog-zakona-imamo-svoj-plan-b\/#primaryimage"},"image":{"@id":"https:\/\/radioljubuski.ba\/index.php\/2022\/02\/07\/hrs-i-most-u-slucaju-neusvjanja-izmjena-izbornog-zakona-imamo-svoj-plan-b\/#primaryimage"},"thumbnailUrl":"https:\/\/radioljubuski.ba\/wp-content\/uploads\/2022\/02\/Most-HRS-nova.jpg","datePublished":"2022-02-07T14:25:30+00:00","dateModified":"2022-02-07T14:25:31+00:00","breadcrumb":{"@id":"https:\/\/radioljubuski.ba\/index.php\/2022\/02\/07\/hrs-i-most-u-slucaju-neusvjanja-izmjena-izbornog-zakona-imamo-svoj-plan-b\/#breadcrumb"},"inLanguage":"hr","potentialAction":[{"@type":"ReadAction","target":["https:\/\/radioljubuski.ba\/index.php\/2022\/02\/07\/hrs-i-most-u-slucaju-neusvjanja-izmjena-izbornog-zakona-imamo-svoj-plan-b\/"]}]},{"@type":"ImageObject","inLanguage":"hr","@id":"https:\/\/radioljubuski.ba\/index.php\/2022\/02\/07\/hrs-i-most-u-slucaju-neusvjanja-izmjena-izbornog-zakona-imamo-svoj-plan-b\/#primaryimage","url":"https:\/\/radioljubuski.ba\/wp-content\/uploads\/2022\/02\/Most-HRS-nova.jpg","contentUrl":"https:\/\/radioljubuski.ba\/wp-content\/uploads\/2022\/02\/Most-HRS-nova.jpg","width":989,"height":577},{"@type":"BreadcrumbList","@id":"https:\/\/radioljubuski.ba\/index.php\/2022\/02\/07\/hrs-i-most-u-slucaju-neusvjanja-izmjena-izbornog-zakona-imamo-svoj-plan-b\/#breadcrumb","itemListElement":[{"@type":"ListItem","position":1,"name":"Po\u010detna stranica","item":"https:\/\/radioljubuski.ba\/"},{"@type":"ListItem","position":2,"name":"HRS i Most: U slu\u010daju neusvjanja izmjena Izbornog zakona, imamo svoj plan B"}]},{"@type":"WebSite","@id":"https:\/\/radioljubuski.ba\/#website","url":"https:\/\/radioljubuski.ba\/","name":"Radio Ljubu\u0161ki","description":"Sun\u010dana frekvencija Hercegovine","publisher":{"@id":"https:\/\/radioljubuski.ba\/#organization"},"potentialAction":[{"@type":"SearchAction","target":{"@type":"EntryPoint","urlTemplate":"https:\/\/radioljubuski.ba\/?s={search_term_string}"},"query-input":{"@type":"PropertyValueSpecification","valueRequired":true,"valueName":"search_term_string"}}],"inLanguage":"hr"},{"@type":"Organization","@id":"https:\/\/radioljubuski.ba\/#organization","name":"Radio Ljubu\u0161ki","url":"https:\/\/radioljubuski.ba\/","logo":{"@type":"ImageObject","inLanguage":"hr","@id":"https:\/\/radioljubuski.ba\/#\/schema\/logo\/image\/","url":"https:\/\/radioljubuski.ba\/wp-content\/uploads\/2021\/02\/cropped-Radio_Ljubuski_logo1.jpg","contentUrl":"https:\/\/radioljubuski.ba\/wp-content\/uploads\/2021\/02\/cropped-Radio_Ljubuski_logo1.jpg","width":512,"height":512,"caption":"Radio Ljubu\u0161ki"},"image":{"@id":"https:\/\/radioljubuski.ba\/#\/schema\/logo\/image\/"},"sameAs":["https:\/\/www.facebook.com\/Radiio-Ljubuski-1490835324566332","https:\/\/x.com\/radioljubuski","https:\/\/hr.linkedin.com\/company\/radio-ljubuski","https:\/\/www.youtube.com\/channel\/UCHYaeO_n0Db3tjNGudGpXyw"]},{"@type":"Person","@id":"https:\/\/radioljubuski.ba\/#\/schema\/person\/19fc700381a780f69665d7956c469e3b","name":"Radio Ljubu\u0161ki"}]}},"_links":{"self":[{"href":"https:\/\/radioljubuski.ba\/index.php\/wp-json\/wp\/v2\/posts\/111754","targetHints":{"allow":["GET"]}}],"collection":[{"href":"https:\/\/radioljubuski.ba\/index.php\/wp-json\/wp\/v2\/posts"}],"about":[{"href":"https:\/\/radioljubuski.ba\/index.php\/wp-json\/wp\/v2\/types\/post"}],"author":[{"embeddable":true,"href":"https:\/\/radioljubuski.ba\/index.php\/wp-json\/wp\/v2\/users\/2"}],"replies":[{"embeddable":true,"href":"https:\/\/radioljubuski.ba\/index.php\/wp-json\/wp\/v2\/comments?post=111754"}],"version-history":[{"count":1,"href":"https:\/\/radioljubuski.ba\/index.php\/wp-json\/wp\/v2\/posts\/111754\/revisions"}],"predecessor-version":[{"id":111756,"href":"https:\/\/radioljubuski.ba\/index.php\/wp-json\/wp\/v2\/posts\/111754\/revisions\/111756"}],"wp:featuredmedia":[{"embeddable":true,"href":"https:\/\/radioljubuski.ba\/index.php\/wp-json\/wp\/v2\/media\/111755"}],"wp:attachment":[{"href":"https:\/\/radioljubuski.ba\/index.php\/wp-json\/wp\/v2\/media?parent=111754"}],"wp:term":[{"taxonomy":"category","embeddable":true,"href":"https:\/\/radioljubuski.ba\/index.php\/wp-json\/wp\/v2\/categories?post=111754"},{"taxonomy":"post_tag","embeddable":true,"href":"https:\/\/radioljubuski.ba\/index.php\/wp-json\/wp\/v2\/tags?post=111754"}],"curies":[{"name":"wp","href":"https:\/\/api.w.org\/{rel}","templated":true}]}}