{"id":111757,"date":"2022-02-07T15:27:02","date_gmt":"2022-02-07T14:27:02","guid":{"rendered":"https:\/\/radioljubuski.ba\/?p=111757"},"modified":"2022-02-07T15:27:03","modified_gmt":"2022-02-07T14:27:03","slug":"zubak-bosnjacka-politika-se-samoobmanjuje-prijevara-je-pretvorena-u-politicku-vrlinu","status":"publish","type":"post","link":"https:\/\/radioljubuski.ba\/index.php\/2022\/02\/07\/zubak-bosnjacka-politika-se-samoobmanjuje-prijevara-je-pretvorena-u-politicku-vrlinu\/","title":{"rendered":"Zubak: Bo\u0161nja\u010dka politika se samoobmanjuje, prijevara je pretvorena u politi\u010dku vrlinu"},"content":{"rendered":"\n<p><strong>Nekada\u0161nji \u010dlan Predsjedni\u0161tva BiH Kre\u0161imir Zubak u razgovoru za Dnevni list komentirao je nedavne pregovore oko izmjena Izbornog zakona. Ukazao je na neke o\u010dite pogre\u0161ke koje su se dogodile u Neumu, ali i u retorici koja je zavladala nakon pregovora.<\/strong><\/p>\n\n\n\n<p>Kada je rije\u010d o probosanskim ili bo\u0161nja\u010dkim strankama, rekao je Zubak za Dnevni list, promijenjena je taktika tako \u0161to je izvr\u0161ena podjela posla, ali po tom pitanju i blaga diferencijacija me\u0111u njima.<\/p>\n\n\n\n<p>\u201cNaime, po tom dogovoru SDA je sudjelovala u pregovorima i glumila kooperativnost, dok su SDP, DF i Na\u0161a stranka tobo\u017ee iz principijelnih razloga, a znaju\u0107i da SDA ne\u0107e prihvatiti nikakav dogovor, odbili sudjelovati u pregovorima. To nije imalo nikakvog efekta, jer su me\u0111unarodni posrednici od ranije znali za tu, na\u0161im kolokvijalnim rje\u010dnikom kazano, igranku. NiP i SBB pokazali su da imaju zrelije i odgovornije vodstvo i da u ovom procesu ne tr\u010de za jeftinim politi\u010dkim poenima.<br>Sudjelovanjem u razgovorima oni su iskazali respekt prema posrednicima koji su anga\u017eirani u ime me\u0111unarodne zajednice. Znaju\u0107i da ih \u201eprincipijelci\u201c preko svojih medija mogu optu\u017eiti za izdaju nisu ni mogli biti vi\u0161e od sudionika i kooperativniji od SDA. Sve se to na neizravan na\u010din potvrdilo po zavr\u0161etku pregovora. \u2018Principijelci\u2019 javno \u010destitaju Izetbegovi\u0107u, njihovi komentatori u medijima slave, tvrde kako su drugi stjerani uza zid i sl. Samoobmanjuju se.\u201d<\/p>\n\n\n\n<p>Govore\u0107i o politici najva\u017enije bo\u0161nja\u010dke stranke u BiH, SDA, Zubak je rekao kako je razvidno da SDA nastavlja uvjetovati promjenu izbornih pravila smanjenjem nadle\u017enosti Doma naroda. To je za njega klasi\u010dna ucjena budu\u0107i ni jedna presuda strazbur\u0161kog suda i na\u0161ih ustavnih sudova, koji su razlog i osnova za politi\u010dke pregovore koji se vode, ne problematizira nadle\u017enost Doma naroda, nego izborna pravila.<\/p>\n\n\n\n<p>\u201cKao opravdanje za takav zahtjev Izetbegovi\u0107 navodi kako se Dom naroda koristi za blokadu Federacije. On u tome grije\u0161i, kao \u0161to grije\u0161i kada tvrdi da manjina name\u0107e volju ve\u0107ini, samo mi nije jasno \u010dini li to svjesno ili nesvjesno zbog nepoznavanja stanja stvari. Naime, blokada je, recimo, kada radi \u0161a\u010dice vlasti njegovi, SDA, zastupnici ne dolaze na uredno zakazane sjednice Skup\u0161tine Unsko \u2013 sanskog kantona, ili na druge, nedemokratske, na\u010dine mjesecima onemogu\u0107ava usvajanje financijskih akata nu\u017enih za isplatu pla\u0107a tamo\u0161njim zdravstvenim djelatnicima, a time i kruh svagdanji njihovoj djeci. To je Blokada. Kada, pak, izaslanici u Domu naroda u skladu s poslovni\u010dkim pravilima glasuju protiv odluka ili zakonskih rje\u0161enja usvojenih u Zastupni\u010dkom domu, to je njihovo demokratsko pravo, a ne blokada. A da se to \u010desto doga\u0111a, doga\u0111a se. Me\u0111utim, problem tomu nije u na\u010dinu rada i nadle\u017enostima Doma naroda, jer bi po toj logici i ameri\u010dkom Senatu trebalo smanjiti nadle\u017enosti. Tamo samo 51 senator mo\u017ee onemogu\u0107iti dono\u0161enje odluka njihovog Zastupni\u010dkog doma, taman da iza tih odluka stoji svih 435 zastupnika. Problem je u tome \u0161to kod nas obrazovanju koalicija za uspostavu vlasti ne prethodi usvajanje jasnog i detaljnog programa rada sa usugla\u0161enim stavovima o svim bitnim pitanjima iz njegovog sadr\u017eaja. Primjer kako to treba raditi jesu dugotrajni pregovori oko programa rada nove njema\u010dke vlasti, a SR Njema\u010dka je mnogo manje slo\u017eena dr\u017eava nego na\u0161a. U nas se koalicijski dogovori svode na dogovor oko raspodjele pozicija u vlasti, o programima ni\u0161ta. Gleda se kako prevariti koalicijskog partnera. Jer, ovdje se prevara koalicijskog partnera smatra politi\u010dkom vrlinom. Primjera radi, sje\u0107am se da je HSP BiH u\u0161ao u koaliciju sa SDP-om, izme\u0111u ostalog, pod uvjetom da se u programa rada uvrsti izmjena Zakona o Vladi FBiH. SDP je to prihvatio, ali nikada nije uvrstio ni u dnevni red Vlade, kamoli Parlamenta. Kada je tada\u0161nji predsjednik FBiH i ustavom odre\u0111eni \u010delnik izvr\u0161ne vlasti u FBiH, \u017divko Budimir, na tome inzistirao, montirali su mu kazneni postupak, spektakularno uhi\u0107enje i pakovali dokaze. \u010covjeku je trebalo 7 godina da se oslobodi te more. Koalicijski partneri bi, dakle, trebali imati po\u0161ten me\u0111usobni odnos a ne da se me\u0111usobno nadme\u0107u u parlamentarnim domovima. Kada bi ti odnosi bili po\u0161teni i parlamentarni domovi bi djelovali harmonizirano i ne bi se doga\u0111alo ono \u0161to Izetbegovi\u0107 pogre\u0161no naziva blokadom. Ovo govorim iako je iluzorno to i o\u010dekivati.\u201d<\/p>\n\n\n\n<p>Zubak je govore\u0107i o nastojanjima Sarajeva da ukine konstitutivnost rekao kako to ne\u0107e pro\u0107i nikomu.<\/p>\n\n\n\n<p>\u201cPoku\u0161aj da se i u ovim pregovorima, ispod stola, stanovnici ove dr\u017eave svedu na ogoljele gra\u0111ane bez nacionalnog identiteta i kao takvi li\u0161e gra\u0111anskog i ljudskog prava na samoodre\u0111enje, te pretvore u obi\u010dne brojke, unato\u010d kom\u0161i\u0107ima kao alatima, pro\u0107i ne\u0107e \u2013 no pasaran. Ova re\u010denica je istodobno i refleksija na umovanje jednog sarajevskog kolumniste. Svakome bi ovdje trebalo biti jasno kako nitko ne mo\u017ee odre\u0111ivati politi\u010dko \u2013 pravni status narodu\/naciji (u nas su to sinonimi) koji su kao takvi odavno formirani. Drugo, onima koji ta pitanja otvaraju i kao, zala\u017eu se za gra\u0111ansku dr\u017eavu, treba, tako\u0111er, biti jasno kako sve to zajedno s formiranjem tzv. probosanskog bloka, odavno je pro\u010ditano ne samo kao po\u010detak ru\u0161enja federalnog ustava, nego i temelja zavnobihovske BiH. Fadil Novali\u0107 je na zatvorenom unutarstrana\u010dkom skupu u inozemstvu ustvrdio kako je krajnji cilj i kako \u0107e za 50 godina BiH biti bo\u0161nja\u010dka dr\u017eava, a ne dr\u017eava ravnopravnih naroda, zar ne.\u201d<\/p>\n\n\n\n<p>Dodao je kako se svojim stavovima ne svrstava u \u010covi\u0107a nego samo brani poziciju naroda kojem i sam pripada.<\/p>\n\n\n\n<p>\u201cJa samo branim pozicije naroda kojem pripadam, utemeljene na me\u0111unarodnom pravu i sadr\u017eane u va\u017ee\u0107im ustavima. I, naravno branim od nasrtaja novokomponiranih ustavoznanaca koji se pojavljuju u raznim oblicima. Nekada kao tobo\u017ee eksperti i neovisni komentatori, nekada kao instituti, udruge i tome sli\u010dno. Ina\u010de sam vrlo kriti\u010dan prema \u010covi\u0107u, jer se istodobno predstavlja kao presonifikacija HDZ-a, HNS-a i hrvatskog naroda s ovlastima kona\u010dnog provorijeka. S takvom umi\u0161ljeno\u0161\u0107u, na rasprave o vrlo kompleksnim pitanjima uz sebe vodi samo politi\u010dke i strana\u010dke intimuse kao trabante. Gdje je, recimo, Bo\u017eo Ljubi\u0107, koji je potpisao apelaciju na kojoj se temelji jedna od odluka ovda\u0161njeg suda, a koja se koristi kao argument u pregovorima? Koji uz to, u posljednjim istupima u javnosti pokazuje kako je pro\u0161irio svoja teorijska i druga znanja o politi\u010dkim sustavima i demokratskim standardima nacionalno slo\u017eenih i uspje\u0161no funkcioniraju\u0107ih dr\u017eava. Drugo napomenuo sam i ranije: gre\u0161ka je, aposolutna gre\u0161ka je podizati izborni prag na 5%! I kona\u010dno, ne mo\u017ee se prigovarati bo\u0161nja\u010dkim strankama da se koriste demografskom ve\u0107inom kao sredstvom majorizacije, a isto primjenjivati u unutarhrvatskim odnosima. Politi\u010dki je pogre\u0161no i ljudski nemoralno predlagati broj izaslanika iz reda hrvatskog naroda u Dom naroda, na temelju njihovog procentualnog sudioni\u0161tva u strukturi stanovni\u0161tva po pojedinim kantonima. Kako ne mogu zbog malobrojnosti u\u0107i u Zastupni\u010dki, jedini na\u010din da koliko \u2013 toliko sudjeluju u procesu dono\u0161enja dr\u017eavnih odluka koje se i njih ti\u010du jeste ulazak u Dom naroda i to treba omogu\u0107iti\u201d, rekao je Kre\u0161imir Zubak u intervjuu za Dnevni list.<\/p>\n\n\n\n<p>\/HMS\/<\/p>\n","protected":false},"excerpt":{"rendered":"<p>Nekada\u0161nji \u010dlan Predsjedni\u0161tva BiH Kre\u0161imir Zubak u razgovoru za Dnevni list komentirao je nedavne pregovore oko izmjena Izbornog zakona. Ukazao je na neke o\u010dite pogre\u0161ke koje su se dogodile u Neumu, ali i u retorici koja je zavladala nakon pregovora. Kada je rije\u010d o probosanskim ili bo\u0161nja\u010dkim strankama, rekao je Zubak za Dnevni list, promijenjena [&hellip;]<\/p>\n","protected":false},"author":2,"featured_media":111758,"comment_status":"closed","ping_status":"closed","sticky":false,"template":"","format":"standard","meta":{"h5ap_radio_sources":[],"footnotes":""},"categories":[1],"tags":[],"class_list":["post-111757","post","type-post","status-publish","format-standard","has-post-thumbnail","hentry","category-bihiregija"],"yoast_head":"<!-- This site is optimized with the Yoast SEO plugin v27.4 - https:\/\/yoast.com\/product\/yoast-seo-wordpress\/ -->\n<title>Zubak: Bo\u0161nja\u010dka politika se samoobmanjuje, prijevara je pretvorena u politi\u010dku vrlinu - RADIO LJUBU\u0160KI<\/title>\n<meta name=\"robots\" content=\"index, follow, max-snippet:-1, max-image-preview:large, max-video-preview:-1\" \/>\n<link rel=\"canonical\" href=\"https:\/\/radioljubuski.ba\/index.php\/2022\/02\/07\/zubak-bosnjacka-politika-se-samoobmanjuje-prijevara-je-pretvorena-u-politicku-vrlinu\/\" \/>\n<meta property=\"og:locale\" content=\"hr_HR\" \/>\n<meta property=\"og:type\" content=\"article\" \/>\n<meta property=\"og:title\" content=\"Zubak: Bo\u0161nja\u010dka politika se samoobmanjuje, prijevara je pretvorena u politi\u010dku vrlinu - RADIO LJUBU\u0160KI\" \/>\n<meta property=\"og:description\" content=\"Nekada\u0161nji \u010dlan Predsjedni\u0161tva BiH Kre\u0161imir Zubak u razgovoru za Dnevni list komentirao je nedavne pregovore oko izmjena Izbornog zakona. Ukazao je na neke o\u010dite pogre\u0161ke koje su se dogodile u Neumu, ali i u retorici koja je zavladala nakon pregovora. Kada je rije\u010d o probosanskim ili bo\u0161nja\u010dkim strankama, rekao je Zubak za Dnevni list, promijenjena [&hellip;]\" \/>\n<meta property=\"og:url\" content=\"https:\/\/radioljubuski.ba\/index.php\/2022\/02\/07\/zubak-bosnjacka-politika-se-samoobmanjuje-prijevara-je-pretvorena-u-politicku-vrlinu\/\" \/>\n<meta property=\"og:site_name\" content=\"RADIO LJUBU\u0160KI\" \/>\n<meta property=\"article:publisher\" content=\"https:\/\/www.facebook.com\/Radiio-Ljubuski-1490835324566332\" \/>\n<meta property=\"article:published_time\" content=\"2022-02-07T14:27:02+00:00\" \/>\n<meta property=\"article:modified_time\" content=\"2022-02-07T14:27:03+00:00\" \/>\n<meta property=\"og:image\" content=\"https:\/\/radioljubuski.ba\/wp-content\/uploads\/2022\/02\/Kresimir-Zubak.jpg\" \/>\n\t<meta property=\"og:image:width\" content=\"1920\" \/>\n\t<meta property=\"og:image:height\" content=\"1080\" \/>\n\t<meta property=\"og:image:type\" content=\"image\/jpeg\" \/>\n<meta name=\"author\" content=\"Radio Ljubu\u0161ki\" \/>\n<meta name=\"twitter:card\" content=\"summary_large_image\" \/>\n<meta name=\"twitter:creator\" content=\"@radioljubuski\" \/>\n<meta name=\"twitter:site\" content=\"@radioljubuski\" \/>\n<meta name=\"twitter:label1\" content=\"Napisao\/la\" \/>\n\t<meta name=\"twitter:data1\" content=\"Radio Ljubu\u0161ki\" \/>\n\t<meta name=\"twitter:label2\" content=\"Procijenjeno vrijeme \u010ditanja\" \/>\n\t<meta name=\"twitter:data2\" content=\"5 minuta\" \/>\n<script type=\"application\/ld+json\" class=\"yoast-schema-graph\">{\"@context\":\"https:\\\/\\\/schema.org\",\"@graph\":[{\"@type\":\"Article\",\"@id\":\"https:\\\/\\\/radioljubuski.ba\\\/index.php\\\/2022\\\/02\\\/07\\\/zubak-bosnjacka-politika-se-samoobmanjuje-prijevara-je-pretvorena-u-politicku-vrlinu\\\/#article\",\"isPartOf\":{\"@id\":\"https:\\\/\\\/radioljubuski.ba\\\/index.php\\\/2022\\\/02\\\/07\\\/zubak-bosnjacka-politika-se-samoobmanjuje-prijevara-je-pretvorena-u-politicku-vrlinu\\\/\"},\"author\":{\"name\":\"Radio Ljubu\u0161ki\",\"@id\":\"https:\\\/\\\/radioljubuski.ba\\\/#\\\/schema\\\/person\\\/19fc700381a780f69665d7956c469e3b\"},\"headline\":\"Zubak: Bo\u0161nja\u010dka politika se samoobmanjuje, prijevara je pretvorena u politi\u010dku vrlinu\",\"datePublished\":\"2022-02-07T14:27:02+00:00\",\"dateModified\":\"2022-02-07T14:27:03+00:00\",\"mainEntityOfPage\":{\"@id\":\"https:\\\/\\\/radioljubuski.ba\\\/index.php\\\/2022\\\/02\\\/07\\\/zubak-bosnjacka-politika-se-samoobmanjuje-prijevara-je-pretvorena-u-politicku-vrlinu\\\/\"},\"wordCount\":1260,\"publisher\":{\"@id\":\"https:\\\/\\\/radioljubuski.ba\\\/#organization\"},\"image\":{\"@id\":\"https:\\\/\\\/radioljubuski.ba\\\/index.php\\\/2022\\\/02\\\/07\\\/zubak-bosnjacka-politika-se-samoobmanjuje-prijevara-je-pretvorena-u-politicku-vrlinu\\\/#primaryimage\"},\"thumbnailUrl\":\"https:\\\/\\\/radioljubuski.ba\\\/wp-content\\\/uploads\\\/2022\\\/02\\\/Kresimir-Zubak.jpg\",\"articleSection\":[\"BIH i regija\"],\"inLanguage\":\"hr\"},{\"@type\":\"WebPage\",\"@id\":\"https:\\\/\\\/radioljubuski.ba\\\/index.php\\\/2022\\\/02\\\/07\\\/zubak-bosnjacka-politika-se-samoobmanjuje-prijevara-je-pretvorena-u-politicku-vrlinu\\\/\",\"url\":\"https:\\\/\\\/radioljubuski.ba\\\/index.php\\\/2022\\\/02\\\/07\\\/zubak-bosnjacka-politika-se-samoobmanjuje-prijevara-je-pretvorena-u-politicku-vrlinu\\\/\",\"name\":\"Zubak: Bo\u0161nja\u010dka politika se samoobmanjuje, prijevara je pretvorena u politi\u010dku vrlinu - RADIO LJUBU\u0160KI\",\"isPartOf\":{\"@id\":\"https:\\\/\\\/radioljubuski.ba\\\/#website\"},\"primaryImageOfPage\":{\"@id\":\"https:\\\/\\\/radioljubuski.ba\\\/index.php\\\/2022\\\/02\\\/07\\\/zubak-bosnjacka-politika-se-samoobmanjuje-prijevara-je-pretvorena-u-politicku-vrlinu\\\/#primaryimage\"},\"image\":{\"@id\":\"https:\\\/\\\/radioljubuski.ba\\\/index.php\\\/2022\\\/02\\\/07\\\/zubak-bosnjacka-politika-se-samoobmanjuje-prijevara-je-pretvorena-u-politicku-vrlinu\\\/#primaryimage\"},\"thumbnailUrl\":\"https:\\\/\\\/radioljubuski.ba\\\/wp-content\\\/uploads\\\/2022\\\/02\\\/Kresimir-Zubak.jpg\",\"datePublished\":\"2022-02-07T14:27:02+00:00\",\"dateModified\":\"2022-02-07T14:27:03+00:00\",\"breadcrumb\":{\"@id\":\"https:\\\/\\\/radioljubuski.ba\\\/index.php\\\/2022\\\/02\\\/07\\\/zubak-bosnjacka-politika-se-samoobmanjuje-prijevara-je-pretvorena-u-politicku-vrlinu\\\/#breadcrumb\"},\"inLanguage\":\"hr\",\"potentialAction\":[{\"@type\":\"ReadAction\",\"target\":[\"https:\\\/\\\/radioljubuski.ba\\\/index.php\\\/2022\\\/02\\\/07\\\/zubak-bosnjacka-politika-se-samoobmanjuje-prijevara-je-pretvorena-u-politicku-vrlinu\\\/\"]}]},{\"@type\":\"ImageObject\",\"inLanguage\":\"hr\",\"@id\":\"https:\\\/\\\/radioljubuski.ba\\\/index.php\\\/2022\\\/02\\\/07\\\/zubak-bosnjacka-politika-se-samoobmanjuje-prijevara-je-pretvorena-u-politicku-vrlinu\\\/#primaryimage\",\"url\":\"https:\\\/\\\/radioljubuski.ba\\\/wp-content\\\/uploads\\\/2022\\\/02\\\/Kresimir-Zubak.jpg\",\"contentUrl\":\"https:\\\/\\\/radioljubuski.ba\\\/wp-content\\\/uploads\\\/2022\\\/02\\\/Kresimir-Zubak.jpg\",\"width\":1920,\"height\":1080},{\"@type\":\"BreadcrumbList\",\"@id\":\"https:\\\/\\\/radioljubuski.ba\\\/index.php\\\/2022\\\/02\\\/07\\\/zubak-bosnjacka-politika-se-samoobmanjuje-prijevara-je-pretvorena-u-politicku-vrlinu\\\/#breadcrumb\",\"itemListElement\":[{\"@type\":\"ListItem\",\"position\":1,\"name\":\"Po\u010detna stranica\",\"item\":\"https:\\\/\\\/radioljubuski.ba\\\/\"},{\"@type\":\"ListItem\",\"position\":2,\"name\":\"Zubak: Bo\u0161nja\u010dka politika se samoobmanjuje, prijevara je pretvorena u politi\u010dku vrlinu\"}]},{\"@type\":\"WebSite\",\"@id\":\"https:\\\/\\\/radioljubuski.ba\\\/#website\",\"url\":\"https:\\\/\\\/radioljubuski.ba\\\/\",\"name\":\"Radio Ljubu\u0161ki\",\"description\":\"Sun\u010dana frekvencija Hercegovine\",\"publisher\":{\"@id\":\"https:\\\/\\\/radioljubuski.ba\\\/#organization\"},\"potentialAction\":[{\"@type\":\"SearchAction\",\"target\":{\"@type\":\"EntryPoint\",\"urlTemplate\":\"https:\\\/\\\/radioljubuski.ba\\\/?s={search_term_string}\"},\"query-input\":{\"@type\":\"PropertyValueSpecification\",\"valueRequired\":true,\"valueName\":\"search_term_string\"}}],\"inLanguage\":\"hr\"},{\"@type\":\"Organization\",\"@id\":\"https:\\\/\\\/radioljubuski.ba\\\/#organization\",\"name\":\"Radio Ljubu\u0161ki\",\"url\":\"https:\\\/\\\/radioljubuski.ba\\\/\",\"logo\":{\"@type\":\"ImageObject\",\"inLanguage\":\"hr\",\"@id\":\"https:\\\/\\\/radioljubuski.ba\\\/#\\\/schema\\\/logo\\\/image\\\/\",\"url\":\"https:\\\/\\\/radioljubuski.ba\\\/wp-content\\\/uploads\\\/2021\\\/02\\\/cropped-Radio_Ljubuski_logo1.jpg\",\"contentUrl\":\"https:\\\/\\\/radioljubuski.ba\\\/wp-content\\\/uploads\\\/2021\\\/02\\\/cropped-Radio_Ljubuski_logo1.jpg\",\"width\":512,\"height\":512,\"caption\":\"Radio Ljubu\u0161ki\"},\"image\":{\"@id\":\"https:\\\/\\\/radioljubuski.ba\\\/#\\\/schema\\\/logo\\\/image\\\/\"},\"sameAs\":[\"https:\\\/\\\/www.facebook.com\\\/Radiio-Ljubuski-1490835324566332\",\"https:\\\/\\\/x.com\\\/radioljubuski\",\"https:\\\/\\\/hr.linkedin.com\\\/company\\\/radio-ljubuski\",\"https:\\\/\\\/www.youtube.com\\\/channel\\\/UCHYaeO_n0Db3tjNGudGpXyw\"]},{\"@type\":\"Person\",\"@id\":\"https:\\\/\\\/radioljubuski.ba\\\/#\\\/schema\\\/person\\\/19fc700381a780f69665d7956c469e3b\",\"name\":\"Radio Ljubu\u0161ki\"}]}<\/script>\n<!-- \/ Yoast SEO plugin. -->","yoast_head_json":{"title":"Zubak: Bo\u0161nja\u010dka politika se samoobmanjuje, prijevara je pretvorena u politi\u010dku vrlinu - RADIO LJUBU\u0160KI","robots":{"index":"index","follow":"follow","max-snippet":"max-snippet:-1","max-image-preview":"max-image-preview:large","max-video-preview":"max-video-preview:-1"},"canonical":"https:\/\/radioljubuski.ba\/index.php\/2022\/02\/07\/zubak-bosnjacka-politika-se-samoobmanjuje-prijevara-je-pretvorena-u-politicku-vrlinu\/","og_locale":"hr_HR","og_type":"article","og_title":"Zubak: Bo\u0161nja\u010dka politika se samoobmanjuje, prijevara je pretvorena u politi\u010dku vrlinu - RADIO LJUBU\u0160KI","og_description":"Nekada\u0161nji \u010dlan Predsjedni\u0161tva BiH Kre\u0161imir Zubak u razgovoru za Dnevni list komentirao je nedavne pregovore oko izmjena Izbornog zakona. Ukazao je na neke o\u010dite pogre\u0161ke koje su se dogodile u Neumu, ali i u retorici koja je zavladala nakon pregovora. Kada je rije\u010d o probosanskim ili bo\u0161nja\u010dkim strankama, rekao je Zubak za Dnevni list, promijenjena [&hellip;]","og_url":"https:\/\/radioljubuski.ba\/index.php\/2022\/02\/07\/zubak-bosnjacka-politika-se-samoobmanjuje-prijevara-je-pretvorena-u-politicku-vrlinu\/","og_site_name":"RADIO LJUBU\u0160KI","article_publisher":"https:\/\/www.facebook.com\/Radiio-Ljubuski-1490835324566332","article_published_time":"2022-02-07T14:27:02+00:00","article_modified_time":"2022-02-07T14:27:03+00:00","og_image":[{"width":1920,"height":1080,"url":"https:\/\/radioljubuski.ba\/wp-content\/uploads\/2022\/02\/Kresimir-Zubak.jpg","type":"image\/jpeg"}],"author":"Radio Ljubu\u0161ki","twitter_card":"summary_large_image","twitter_creator":"@radioljubuski","twitter_site":"@radioljubuski","twitter_misc":{"Napisao\/la":"Radio Ljubu\u0161ki","Procijenjeno vrijeme \u010ditanja":"5 minuta"},"schema":{"@context":"https:\/\/schema.org","@graph":[{"@type":"Article","@id":"https:\/\/radioljubuski.ba\/index.php\/2022\/02\/07\/zubak-bosnjacka-politika-se-samoobmanjuje-prijevara-je-pretvorena-u-politicku-vrlinu\/#article","isPartOf":{"@id":"https:\/\/radioljubuski.ba\/index.php\/2022\/02\/07\/zubak-bosnjacka-politika-se-samoobmanjuje-prijevara-je-pretvorena-u-politicku-vrlinu\/"},"author":{"name":"Radio Ljubu\u0161ki","@id":"https:\/\/radioljubuski.ba\/#\/schema\/person\/19fc700381a780f69665d7956c469e3b"},"headline":"Zubak: Bo\u0161nja\u010dka politika se samoobmanjuje, prijevara je pretvorena u politi\u010dku vrlinu","datePublished":"2022-02-07T14:27:02+00:00","dateModified":"2022-02-07T14:27:03+00:00","mainEntityOfPage":{"@id":"https:\/\/radioljubuski.ba\/index.php\/2022\/02\/07\/zubak-bosnjacka-politika-se-samoobmanjuje-prijevara-je-pretvorena-u-politicku-vrlinu\/"},"wordCount":1260,"publisher":{"@id":"https:\/\/radioljubuski.ba\/#organization"},"image":{"@id":"https:\/\/radioljubuski.ba\/index.php\/2022\/02\/07\/zubak-bosnjacka-politika-se-samoobmanjuje-prijevara-je-pretvorena-u-politicku-vrlinu\/#primaryimage"},"thumbnailUrl":"https:\/\/radioljubuski.ba\/wp-content\/uploads\/2022\/02\/Kresimir-Zubak.jpg","articleSection":["BIH i regija"],"inLanguage":"hr"},{"@type":"WebPage","@id":"https:\/\/radioljubuski.ba\/index.php\/2022\/02\/07\/zubak-bosnjacka-politika-se-samoobmanjuje-prijevara-je-pretvorena-u-politicku-vrlinu\/","url":"https:\/\/radioljubuski.ba\/index.php\/2022\/02\/07\/zubak-bosnjacka-politika-se-samoobmanjuje-prijevara-je-pretvorena-u-politicku-vrlinu\/","name":"Zubak: Bo\u0161nja\u010dka politika se samoobmanjuje, prijevara je pretvorena u politi\u010dku vrlinu - RADIO LJUBU\u0160KI","isPartOf":{"@id":"https:\/\/radioljubuski.ba\/#website"},"primaryImageOfPage":{"@id":"https:\/\/radioljubuski.ba\/index.php\/2022\/02\/07\/zubak-bosnjacka-politika-se-samoobmanjuje-prijevara-je-pretvorena-u-politicku-vrlinu\/#primaryimage"},"image":{"@id":"https:\/\/radioljubuski.ba\/index.php\/2022\/02\/07\/zubak-bosnjacka-politika-se-samoobmanjuje-prijevara-je-pretvorena-u-politicku-vrlinu\/#primaryimage"},"thumbnailUrl":"https:\/\/radioljubuski.ba\/wp-content\/uploads\/2022\/02\/Kresimir-Zubak.jpg","datePublished":"2022-02-07T14:27:02+00:00","dateModified":"2022-02-07T14:27:03+00:00","breadcrumb":{"@id":"https:\/\/radioljubuski.ba\/index.php\/2022\/02\/07\/zubak-bosnjacka-politika-se-samoobmanjuje-prijevara-je-pretvorena-u-politicku-vrlinu\/#breadcrumb"},"inLanguage":"hr","potentialAction":[{"@type":"ReadAction","target":["https:\/\/radioljubuski.ba\/index.php\/2022\/02\/07\/zubak-bosnjacka-politika-se-samoobmanjuje-prijevara-je-pretvorena-u-politicku-vrlinu\/"]}]},{"@type":"ImageObject","inLanguage":"hr","@id":"https:\/\/radioljubuski.ba\/index.php\/2022\/02\/07\/zubak-bosnjacka-politika-se-samoobmanjuje-prijevara-je-pretvorena-u-politicku-vrlinu\/#primaryimage","url":"https:\/\/radioljubuski.ba\/wp-content\/uploads\/2022\/02\/Kresimir-Zubak.jpg","contentUrl":"https:\/\/radioljubuski.ba\/wp-content\/uploads\/2022\/02\/Kresimir-Zubak.jpg","width":1920,"height":1080},{"@type":"BreadcrumbList","@id":"https:\/\/radioljubuski.ba\/index.php\/2022\/02\/07\/zubak-bosnjacka-politika-se-samoobmanjuje-prijevara-je-pretvorena-u-politicku-vrlinu\/#breadcrumb","itemListElement":[{"@type":"ListItem","position":1,"name":"Po\u010detna stranica","item":"https:\/\/radioljubuski.ba\/"},{"@type":"ListItem","position":2,"name":"Zubak: Bo\u0161nja\u010dka politika se samoobmanjuje, prijevara je pretvorena u politi\u010dku vrlinu"}]},{"@type":"WebSite","@id":"https:\/\/radioljubuski.ba\/#website","url":"https:\/\/radioljubuski.ba\/","name":"Radio Ljubu\u0161ki","description":"Sun\u010dana frekvencija Hercegovine","publisher":{"@id":"https:\/\/radioljubuski.ba\/#organization"},"potentialAction":[{"@type":"SearchAction","target":{"@type":"EntryPoint","urlTemplate":"https:\/\/radioljubuski.ba\/?s={search_term_string}"},"query-input":{"@type":"PropertyValueSpecification","valueRequired":true,"valueName":"search_term_string"}}],"inLanguage":"hr"},{"@type":"Organization","@id":"https:\/\/radioljubuski.ba\/#organization","name":"Radio Ljubu\u0161ki","url":"https:\/\/radioljubuski.ba\/","logo":{"@type":"ImageObject","inLanguage":"hr","@id":"https:\/\/radioljubuski.ba\/#\/schema\/logo\/image\/","url":"https:\/\/radioljubuski.ba\/wp-content\/uploads\/2021\/02\/cropped-Radio_Ljubuski_logo1.jpg","contentUrl":"https:\/\/radioljubuski.ba\/wp-content\/uploads\/2021\/02\/cropped-Radio_Ljubuski_logo1.jpg","width":512,"height":512,"caption":"Radio Ljubu\u0161ki"},"image":{"@id":"https:\/\/radioljubuski.ba\/#\/schema\/logo\/image\/"},"sameAs":["https:\/\/www.facebook.com\/Radiio-Ljubuski-1490835324566332","https:\/\/x.com\/radioljubuski","https:\/\/hr.linkedin.com\/company\/radio-ljubuski","https:\/\/www.youtube.com\/channel\/UCHYaeO_n0Db3tjNGudGpXyw"]},{"@type":"Person","@id":"https:\/\/radioljubuski.ba\/#\/schema\/person\/19fc700381a780f69665d7956c469e3b","name":"Radio Ljubu\u0161ki"}]}},"_links":{"self":[{"href":"https:\/\/radioljubuski.ba\/index.php\/wp-json\/wp\/v2\/posts\/111757","targetHints":{"allow":["GET"]}}],"collection":[{"href":"https:\/\/radioljubuski.ba\/index.php\/wp-json\/wp\/v2\/posts"}],"about":[{"href":"https:\/\/radioljubuski.ba\/index.php\/wp-json\/wp\/v2\/types\/post"}],"author":[{"embeddable":true,"href":"https:\/\/radioljubuski.ba\/index.php\/wp-json\/wp\/v2\/users\/2"}],"replies":[{"embeddable":true,"href":"https:\/\/radioljubuski.ba\/index.php\/wp-json\/wp\/v2\/comments?post=111757"}],"version-history":[{"count":1,"href":"https:\/\/radioljubuski.ba\/index.php\/wp-json\/wp\/v2\/posts\/111757\/revisions"}],"predecessor-version":[{"id":111759,"href":"https:\/\/radioljubuski.ba\/index.php\/wp-json\/wp\/v2\/posts\/111757\/revisions\/111759"}],"wp:featuredmedia":[{"embeddable":true,"href":"https:\/\/radioljubuski.ba\/index.php\/wp-json\/wp\/v2\/media\/111758"}],"wp:attachment":[{"href":"https:\/\/radioljubuski.ba\/index.php\/wp-json\/wp\/v2\/media?parent=111757"}],"wp:term":[{"taxonomy":"category","embeddable":true,"href":"https:\/\/radioljubuski.ba\/index.php\/wp-json\/wp\/v2\/categories?post=111757"},{"taxonomy":"post_tag","embeddable":true,"href":"https:\/\/radioljubuski.ba\/index.php\/wp-json\/wp\/v2\/tags?post=111757"}],"curies":[{"name":"wp","href":"https:\/\/api.w.org\/{rel}","templated":true}]}}