{"id":111762,"date":"2022-02-07T15:31:03","date_gmt":"2022-02-07T14:31:03","guid":{"rendered":"https:\/\/radioljubuski.ba\/?p=111762"},"modified":"2022-02-07T15:31:04","modified_gmt":"2022-02-07T14:31:04","slug":"bavarska-odustala-od-uvodenja-obaveznog-cijepljenja-za-medicinske-radnike","status":"publish","type":"post","link":"https:\/\/radioljubuski.ba\/index.php\/2022\/02\/07\/bavarska-odustala-od-uvodenja-obaveznog-cijepljenja-za-medicinske-radnike\/","title":{"rendered":"Bavarska odustala od uvo\u0111enja obaveznog cijepljenja za medicinske radnike"},"content":{"rendered":"\n<p>Ju\u017ena njema\u010dka pokrajina Bavarska odlu\u010dila je da ne\u0107e uvesti obavezno cijepljenje&nbsp; protiv COVID-19 za medicinsko osoblje u ustanovama kao \u0161to su bolnice i domovi za njegu za stare i nemo\u0107ne. Odluka je trebala stupiti na snagu od sredine o\u017eujka, priop\u0107io je u ponedjeljak premijer te savezne pokrajine Markus S\u00f6der.<\/p>\n\n\n\n<p>Njema\u010dke savezne vlasti ne\u0107e nametnuti obavezno cijepljenje za profesionalne njegovatelje koja je prvobitno trebala stupiti na snagu u cijeloj zemlji sredinom o\u017eujka, i razmi\u0161lja se \u010dak i o popu\u0161tanju nekoliko drugih mjera za\u0161tite od korona virusa, javlja DPA.&nbsp;<\/p>\n\n\n\n<p>S\u00f6der je rekao da je on,,za velikodu\u0161an i bla\u017ei pristup po ovom pitanju.&#8221; Odbio je re\u0107i koliko mjeseci \u0107e suspenzija odluke trajati.<\/p>\n\n\n\n<p>Ova vijest dolazi u trenutku kada Bavarska planira popu\u0161tanje vi\u0161e mjera protiv pandemije. Dr\u017eavna vlada ka\u017ee da zdravstveni sistem trenutno nije u opasnosti da bude preoptere\u0107en u trenutnom valu pandemije COVID-19, usprkos visokoj stopi zara\u017eenosti.<\/p>\n\n\n\n<p>Iako je S\u00f6der rekao da se zala\u017ee za univerzalnu obavezno cijepljenje u Njema\u010dkoj, rekao je da je sada skepti\u010dan po pitanju obaveznog cijepljenja samo za one koji rade u zdravstvenom sektoru.<\/p>\n\n\n\n<p>&#8211; Obavezno cijepljenje samo za radnike u zdravstvenim ustanovama koja je trebala stupili na snagu 15. o\u017eujka vi\u0161e se ne smatra efikasnim sredstvom za pra\u0107enje, obuzdavanje ili zaustavljanje trenutnog vala soja omikron &#8211; rekao je on.<\/p>\n\n\n\n<p>S\u00f6der je naveo i opasnost da bi ljudi u ve\u0107oj mjeri po\u010deli napu\u0161tati svoja radna mjesta u zdravstvenom sektoru, \u0161to bi dovelo do pove\u0107anog optere\u0107enja i pogor\u0161anja situacije dok pandemija jo\u0161 uuvijek traje.<\/p>\n\n\n\n<p>&#8211; To bi nam samo donijelo dodatne probleme, i na\u017ealost nije rje\u0161enje &#8211; rekao je on.&nbsp;<\/p>\n\n\n\n<p>Izvor:pogled.ba<\/p>\n","protected":false},"excerpt":{"rendered":"<p>Ju\u017ena njema\u010dka pokrajina Bavarska odlu\u010dila je da ne\u0107e uvesti obavezno cijepljenje&nbsp; protiv COVID-19 za medicinsko osoblje u ustanovama kao \u0161to su bolnice i domovi za njegu za stare i nemo\u0107ne. Odluka je trebala stupiti na snagu od sredine o\u017eujka, priop\u0107io je u ponedjeljak premijer te savezne pokrajine Markus S\u00f6der. Njema\u010dke savezne vlasti ne\u0107e nametnuti obavezno [&hellip;]<\/p>\n","protected":false},"author":2,"featured_media":111763,"comment_status":"closed","ping_status":"closed","sticky":false,"template":"","format":"standard","meta":{"h5ap_radio_sources":[],"footnotes":""},"categories":[1],"tags":[],"class_list":["post-111762","post","type-post","status-publish","format-standard","has-post-thumbnail","hentry","category-bihiregija"],"yoast_head":"<!-- This site is optimized with the Yoast SEO plugin v27.4 - https:\/\/yoast.com\/product\/yoast-seo-wordpress\/ -->\n<title>Bavarska odustala od uvo\u0111enja obaveznog cijepljenja za medicinske radnike - RADIO LJUBU\u0160KI<\/title>\n<meta name=\"robots\" content=\"index, follow, max-snippet:-1, max-image-preview:large, max-video-preview:-1\" \/>\n<link rel=\"canonical\" href=\"https:\/\/radioljubuski.ba\/index.php\/2022\/02\/07\/bavarska-odustala-od-uvodenja-obaveznog-cijepljenja-za-medicinske-radnike\/\" \/>\n<meta property=\"og:locale\" content=\"hr_HR\" \/>\n<meta property=\"og:type\" content=\"article\" \/>\n<meta property=\"og:title\" content=\"Bavarska odustala od uvo\u0111enja obaveznog cijepljenja za medicinske radnike - RADIO LJUBU\u0160KI\" \/>\n<meta property=\"og:description\" content=\"Ju\u017ena njema\u010dka pokrajina Bavarska odlu\u010dila je da ne\u0107e uvesti obavezno cijepljenje&nbsp; protiv COVID-19 za medicinsko osoblje u ustanovama kao \u0161to su bolnice i domovi za njegu za stare i nemo\u0107ne. Odluka je trebala stupiti na snagu od sredine o\u017eujka, priop\u0107io je u ponedjeljak premijer te savezne pokrajine Markus S\u00f6der. Njema\u010dke savezne vlasti ne\u0107e nametnuti obavezno [&hellip;]\" \/>\n<meta property=\"og:url\" content=\"https:\/\/radioljubuski.ba\/index.php\/2022\/02\/07\/bavarska-odustala-od-uvodenja-obaveznog-cijepljenja-za-medicinske-radnike\/\" \/>\n<meta property=\"og:site_name\" content=\"RADIO LJUBU\u0160KI\" \/>\n<meta property=\"article:publisher\" content=\"https:\/\/www.facebook.com\/Radiio-Ljubuski-1490835324566332\" \/>\n<meta property=\"article:published_time\" content=\"2022-02-07T14:31:03+00:00\" \/>\n<meta property=\"article:modified_time\" content=\"2022-02-07T14:31:04+00:00\" \/>\n<meta property=\"og:image\" content=\"https:\/\/radioljubuski.ba\/wp-content\/uploads\/2022\/02\/korona.jpg\" \/>\n\t<meta property=\"og:image:width\" content=\"1000\" \/>\n\t<meta property=\"og:image:height\" content=\"625\" \/>\n\t<meta property=\"og:image:type\" content=\"image\/jpeg\" \/>\n<meta name=\"author\" content=\"Radio Ljubu\u0161ki\" \/>\n<meta name=\"twitter:card\" content=\"summary_large_image\" \/>\n<meta name=\"twitter:creator\" content=\"@radioljubuski\" \/>\n<meta name=\"twitter:site\" content=\"@radioljubuski\" \/>\n<meta name=\"twitter:label1\" content=\"Napisao\/la\" \/>\n\t<meta name=\"twitter:data1\" content=\"Radio Ljubu\u0161ki\" \/>\n\t<meta name=\"twitter:label2\" content=\"Procijenjeno vrijeme \u010ditanja\" \/>\n\t<meta name=\"twitter:data2\" content=\"2 minute\" \/>\n<script type=\"application\/ld+json\" class=\"yoast-schema-graph\">{\"@context\":\"https:\\\/\\\/schema.org\",\"@graph\":[{\"@type\":\"Article\",\"@id\":\"https:\\\/\\\/radioljubuski.ba\\\/index.php\\\/2022\\\/02\\\/07\\\/bavarska-odustala-od-uvodenja-obaveznog-cijepljenja-za-medicinske-radnike\\\/#article\",\"isPartOf\":{\"@id\":\"https:\\\/\\\/radioljubuski.ba\\\/index.php\\\/2022\\\/02\\\/07\\\/bavarska-odustala-od-uvodenja-obaveznog-cijepljenja-za-medicinske-radnike\\\/\"},\"author\":{\"name\":\"Radio Ljubu\u0161ki\",\"@id\":\"https:\\\/\\\/radioljubuski.ba\\\/#\\\/schema\\\/person\\\/19fc700381a780f69665d7956c469e3b\"},\"headline\":\"Bavarska odustala od uvo\u0111enja obaveznog cijepljenja za medicinske radnike\",\"datePublished\":\"2022-02-07T14:31:03+00:00\",\"dateModified\":\"2022-02-07T14:31:04+00:00\",\"mainEntityOfPage\":{\"@id\":\"https:\\\/\\\/radioljubuski.ba\\\/index.php\\\/2022\\\/02\\\/07\\\/bavarska-odustala-od-uvodenja-obaveznog-cijepljenja-za-medicinske-radnike\\\/\"},\"wordCount\":316,\"publisher\":{\"@id\":\"https:\\\/\\\/radioljubuski.ba\\\/#organization\"},\"image\":{\"@id\":\"https:\\\/\\\/radioljubuski.ba\\\/index.php\\\/2022\\\/02\\\/07\\\/bavarska-odustala-od-uvodenja-obaveznog-cijepljenja-za-medicinske-radnike\\\/#primaryimage\"},\"thumbnailUrl\":\"https:\\\/\\\/radioljubuski.ba\\\/wp-content\\\/uploads\\\/2022\\\/02\\\/korona.jpg\",\"articleSection\":[\"BIH i regija\"],\"inLanguage\":\"hr\"},{\"@type\":\"WebPage\",\"@id\":\"https:\\\/\\\/radioljubuski.ba\\\/index.php\\\/2022\\\/02\\\/07\\\/bavarska-odustala-od-uvodenja-obaveznog-cijepljenja-za-medicinske-radnike\\\/\",\"url\":\"https:\\\/\\\/radioljubuski.ba\\\/index.php\\\/2022\\\/02\\\/07\\\/bavarska-odustala-od-uvodenja-obaveznog-cijepljenja-za-medicinske-radnike\\\/\",\"name\":\"Bavarska odustala od uvo\u0111enja obaveznog cijepljenja za medicinske radnike - RADIO LJUBU\u0160KI\",\"isPartOf\":{\"@id\":\"https:\\\/\\\/radioljubuski.ba\\\/#website\"},\"primaryImageOfPage\":{\"@id\":\"https:\\\/\\\/radioljubuski.ba\\\/index.php\\\/2022\\\/02\\\/07\\\/bavarska-odustala-od-uvodenja-obaveznog-cijepljenja-za-medicinske-radnike\\\/#primaryimage\"},\"image\":{\"@id\":\"https:\\\/\\\/radioljubuski.ba\\\/index.php\\\/2022\\\/02\\\/07\\\/bavarska-odustala-od-uvodenja-obaveznog-cijepljenja-za-medicinske-radnike\\\/#primaryimage\"},\"thumbnailUrl\":\"https:\\\/\\\/radioljubuski.ba\\\/wp-content\\\/uploads\\\/2022\\\/02\\\/korona.jpg\",\"datePublished\":\"2022-02-07T14:31:03+00:00\",\"dateModified\":\"2022-02-07T14:31:04+00:00\",\"breadcrumb\":{\"@id\":\"https:\\\/\\\/radioljubuski.ba\\\/index.php\\\/2022\\\/02\\\/07\\\/bavarska-odustala-od-uvodenja-obaveznog-cijepljenja-za-medicinske-radnike\\\/#breadcrumb\"},\"inLanguage\":\"hr\",\"potentialAction\":[{\"@type\":\"ReadAction\",\"target\":[\"https:\\\/\\\/radioljubuski.ba\\\/index.php\\\/2022\\\/02\\\/07\\\/bavarska-odustala-od-uvodenja-obaveznog-cijepljenja-za-medicinske-radnike\\\/\"]}]},{\"@type\":\"ImageObject\",\"inLanguage\":\"hr\",\"@id\":\"https:\\\/\\\/radioljubuski.ba\\\/index.php\\\/2022\\\/02\\\/07\\\/bavarska-odustala-od-uvodenja-obaveznog-cijepljenja-za-medicinske-radnike\\\/#primaryimage\",\"url\":\"https:\\\/\\\/radioljubuski.ba\\\/wp-content\\\/uploads\\\/2022\\\/02\\\/korona.jpg\",\"contentUrl\":\"https:\\\/\\\/radioljubuski.ba\\\/wp-content\\\/uploads\\\/2022\\\/02\\\/korona.jpg\",\"width\":1000,\"height\":625},{\"@type\":\"BreadcrumbList\",\"@id\":\"https:\\\/\\\/radioljubuski.ba\\\/index.php\\\/2022\\\/02\\\/07\\\/bavarska-odustala-od-uvodenja-obaveznog-cijepljenja-za-medicinske-radnike\\\/#breadcrumb\",\"itemListElement\":[{\"@type\":\"ListItem\",\"position\":1,\"name\":\"Po\u010detna stranica\",\"item\":\"https:\\\/\\\/radioljubuski.ba\\\/\"},{\"@type\":\"ListItem\",\"position\":2,\"name\":\"Bavarska odustala od uvo\u0111enja obaveznog cijepljenja za medicinske radnike\"}]},{\"@type\":\"WebSite\",\"@id\":\"https:\\\/\\\/radioljubuski.ba\\\/#website\",\"url\":\"https:\\\/\\\/radioljubuski.ba\\\/\",\"name\":\"Radio Ljubu\u0161ki\",\"description\":\"Sun\u010dana frekvencija Hercegovine\",\"publisher\":{\"@id\":\"https:\\\/\\\/radioljubuski.ba\\\/#organization\"},\"potentialAction\":[{\"@type\":\"SearchAction\",\"target\":{\"@type\":\"EntryPoint\",\"urlTemplate\":\"https:\\\/\\\/radioljubuski.ba\\\/?s={search_term_string}\"},\"query-input\":{\"@type\":\"PropertyValueSpecification\",\"valueRequired\":true,\"valueName\":\"search_term_string\"}}],\"inLanguage\":\"hr\"},{\"@type\":\"Organization\",\"@id\":\"https:\\\/\\\/radioljubuski.ba\\\/#organization\",\"name\":\"Radio Ljubu\u0161ki\",\"url\":\"https:\\\/\\\/radioljubuski.ba\\\/\",\"logo\":{\"@type\":\"ImageObject\",\"inLanguage\":\"hr\",\"@id\":\"https:\\\/\\\/radioljubuski.ba\\\/#\\\/schema\\\/logo\\\/image\\\/\",\"url\":\"https:\\\/\\\/radioljubuski.ba\\\/wp-content\\\/uploads\\\/2021\\\/02\\\/cropped-Radio_Ljubuski_logo1.jpg\",\"contentUrl\":\"https:\\\/\\\/radioljubuski.ba\\\/wp-content\\\/uploads\\\/2021\\\/02\\\/cropped-Radio_Ljubuski_logo1.jpg\",\"width\":512,\"height\":512,\"caption\":\"Radio Ljubu\u0161ki\"},\"image\":{\"@id\":\"https:\\\/\\\/radioljubuski.ba\\\/#\\\/schema\\\/logo\\\/image\\\/\"},\"sameAs\":[\"https:\\\/\\\/www.facebook.com\\\/Radiio-Ljubuski-1490835324566332\",\"https:\\\/\\\/x.com\\\/radioljubuski\",\"https:\\\/\\\/hr.linkedin.com\\\/company\\\/radio-ljubuski\",\"https:\\\/\\\/www.youtube.com\\\/channel\\\/UCHYaeO_n0Db3tjNGudGpXyw\"]},{\"@type\":\"Person\",\"@id\":\"https:\\\/\\\/radioljubuski.ba\\\/#\\\/schema\\\/person\\\/19fc700381a780f69665d7956c469e3b\",\"name\":\"Radio Ljubu\u0161ki\"}]}<\/script>\n<!-- \/ Yoast SEO plugin. -->","yoast_head_json":{"title":"Bavarska odustala od uvo\u0111enja obaveznog cijepljenja za medicinske radnike - RADIO LJUBU\u0160KI","robots":{"index":"index","follow":"follow","max-snippet":"max-snippet:-1","max-image-preview":"max-image-preview:large","max-video-preview":"max-video-preview:-1"},"canonical":"https:\/\/radioljubuski.ba\/index.php\/2022\/02\/07\/bavarska-odustala-od-uvodenja-obaveznog-cijepljenja-za-medicinske-radnike\/","og_locale":"hr_HR","og_type":"article","og_title":"Bavarska odustala od uvo\u0111enja obaveznog cijepljenja za medicinske radnike - RADIO LJUBU\u0160KI","og_description":"Ju\u017ena njema\u010dka pokrajina Bavarska odlu\u010dila je da ne\u0107e uvesti obavezno cijepljenje&nbsp; protiv COVID-19 za medicinsko osoblje u ustanovama kao \u0161to su bolnice i domovi za njegu za stare i nemo\u0107ne. Odluka je trebala stupiti na snagu od sredine o\u017eujka, priop\u0107io je u ponedjeljak premijer te savezne pokrajine Markus S\u00f6der. Njema\u010dke savezne vlasti ne\u0107e nametnuti obavezno [&hellip;]","og_url":"https:\/\/radioljubuski.ba\/index.php\/2022\/02\/07\/bavarska-odustala-od-uvodenja-obaveznog-cijepljenja-za-medicinske-radnike\/","og_site_name":"RADIO LJUBU\u0160KI","article_publisher":"https:\/\/www.facebook.com\/Radiio-Ljubuski-1490835324566332","article_published_time":"2022-02-07T14:31:03+00:00","article_modified_time":"2022-02-07T14:31:04+00:00","og_image":[{"width":1000,"height":625,"url":"https:\/\/radioljubuski.ba\/wp-content\/uploads\/2022\/02\/korona.jpg","type":"image\/jpeg"}],"author":"Radio Ljubu\u0161ki","twitter_card":"summary_large_image","twitter_creator":"@radioljubuski","twitter_site":"@radioljubuski","twitter_misc":{"Napisao\/la":"Radio Ljubu\u0161ki","Procijenjeno vrijeme \u010ditanja":"2 minute"},"schema":{"@context":"https:\/\/schema.org","@graph":[{"@type":"Article","@id":"https:\/\/radioljubuski.ba\/index.php\/2022\/02\/07\/bavarska-odustala-od-uvodenja-obaveznog-cijepljenja-za-medicinske-radnike\/#article","isPartOf":{"@id":"https:\/\/radioljubuski.ba\/index.php\/2022\/02\/07\/bavarska-odustala-od-uvodenja-obaveznog-cijepljenja-za-medicinske-radnike\/"},"author":{"name":"Radio Ljubu\u0161ki","@id":"https:\/\/radioljubuski.ba\/#\/schema\/person\/19fc700381a780f69665d7956c469e3b"},"headline":"Bavarska odustala od uvo\u0111enja obaveznog cijepljenja za medicinske radnike","datePublished":"2022-02-07T14:31:03+00:00","dateModified":"2022-02-07T14:31:04+00:00","mainEntityOfPage":{"@id":"https:\/\/radioljubuski.ba\/index.php\/2022\/02\/07\/bavarska-odustala-od-uvodenja-obaveznog-cijepljenja-za-medicinske-radnike\/"},"wordCount":316,"publisher":{"@id":"https:\/\/radioljubuski.ba\/#organization"},"image":{"@id":"https:\/\/radioljubuski.ba\/index.php\/2022\/02\/07\/bavarska-odustala-od-uvodenja-obaveznog-cijepljenja-za-medicinske-radnike\/#primaryimage"},"thumbnailUrl":"https:\/\/radioljubuski.ba\/wp-content\/uploads\/2022\/02\/korona.jpg","articleSection":["BIH i regija"],"inLanguage":"hr"},{"@type":"WebPage","@id":"https:\/\/radioljubuski.ba\/index.php\/2022\/02\/07\/bavarska-odustala-od-uvodenja-obaveznog-cijepljenja-za-medicinske-radnike\/","url":"https:\/\/radioljubuski.ba\/index.php\/2022\/02\/07\/bavarska-odustala-od-uvodenja-obaveznog-cijepljenja-za-medicinske-radnike\/","name":"Bavarska odustala od uvo\u0111enja obaveznog cijepljenja za medicinske radnike - RADIO LJUBU\u0160KI","isPartOf":{"@id":"https:\/\/radioljubuski.ba\/#website"},"primaryImageOfPage":{"@id":"https:\/\/radioljubuski.ba\/index.php\/2022\/02\/07\/bavarska-odustala-od-uvodenja-obaveznog-cijepljenja-za-medicinske-radnike\/#primaryimage"},"image":{"@id":"https:\/\/radioljubuski.ba\/index.php\/2022\/02\/07\/bavarska-odustala-od-uvodenja-obaveznog-cijepljenja-za-medicinske-radnike\/#primaryimage"},"thumbnailUrl":"https:\/\/radioljubuski.ba\/wp-content\/uploads\/2022\/02\/korona.jpg","datePublished":"2022-02-07T14:31:03+00:00","dateModified":"2022-02-07T14:31:04+00:00","breadcrumb":{"@id":"https:\/\/radioljubuski.ba\/index.php\/2022\/02\/07\/bavarska-odustala-od-uvodenja-obaveznog-cijepljenja-za-medicinske-radnike\/#breadcrumb"},"inLanguage":"hr","potentialAction":[{"@type":"ReadAction","target":["https:\/\/radioljubuski.ba\/index.php\/2022\/02\/07\/bavarska-odustala-od-uvodenja-obaveznog-cijepljenja-za-medicinske-radnike\/"]}]},{"@type":"ImageObject","inLanguage":"hr","@id":"https:\/\/radioljubuski.ba\/index.php\/2022\/02\/07\/bavarska-odustala-od-uvodenja-obaveznog-cijepljenja-za-medicinske-radnike\/#primaryimage","url":"https:\/\/radioljubuski.ba\/wp-content\/uploads\/2022\/02\/korona.jpg","contentUrl":"https:\/\/radioljubuski.ba\/wp-content\/uploads\/2022\/02\/korona.jpg","width":1000,"height":625},{"@type":"BreadcrumbList","@id":"https:\/\/radioljubuski.ba\/index.php\/2022\/02\/07\/bavarska-odustala-od-uvodenja-obaveznog-cijepljenja-za-medicinske-radnike\/#breadcrumb","itemListElement":[{"@type":"ListItem","position":1,"name":"Po\u010detna stranica","item":"https:\/\/radioljubuski.ba\/"},{"@type":"ListItem","position":2,"name":"Bavarska odustala od uvo\u0111enja obaveznog cijepljenja za medicinske radnike"}]},{"@type":"WebSite","@id":"https:\/\/radioljubuski.ba\/#website","url":"https:\/\/radioljubuski.ba\/","name":"Radio Ljubu\u0161ki","description":"Sun\u010dana frekvencija Hercegovine","publisher":{"@id":"https:\/\/radioljubuski.ba\/#organization"},"potentialAction":[{"@type":"SearchAction","target":{"@type":"EntryPoint","urlTemplate":"https:\/\/radioljubuski.ba\/?s={search_term_string}"},"query-input":{"@type":"PropertyValueSpecification","valueRequired":true,"valueName":"search_term_string"}}],"inLanguage":"hr"},{"@type":"Organization","@id":"https:\/\/radioljubuski.ba\/#organization","name":"Radio Ljubu\u0161ki","url":"https:\/\/radioljubuski.ba\/","logo":{"@type":"ImageObject","inLanguage":"hr","@id":"https:\/\/radioljubuski.ba\/#\/schema\/logo\/image\/","url":"https:\/\/radioljubuski.ba\/wp-content\/uploads\/2021\/02\/cropped-Radio_Ljubuski_logo1.jpg","contentUrl":"https:\/\/radioljubuski.ba\/wp-content\/uploads\/2021\/02\/cropped-Radio_Ljubuski_logo1.jpg","width":512,"height":512,"caption":"Radio Ljubu\u0161ki"},"image":{"@id":"https:\/\/radioljubuski.ba\/#\/schema\/logo\/image\/"},"sameAs":["https:\/\/www.facebook.com\/Radiio-Ljubuski-1490835324566332","https:\/\/x.com\/radioljubuski","https:\/\/hr.linkedin.com\/company\/radio-ljubuski","https:\/\/www.youtube.com\/channel\/UCHYaeO_n0Db3tjNGudGpXyw"]},{"@type":"Person","@id":"https:\/\/radioljubuski.ba\/#\/schema\/person\/19fc700381a780f69665d7956c469e3b","name":"Radio Ljubu\u0161ki"}]}},"_links":{"self":[{"href":"https:\/\/radioljubuski.ba\/index.php\/wp-json\/wp\/v2\/posts\/111762","targetHints":{"allow":["GET"]}}],"collection":[{"href":"https:\/\/radioljubuski.ba\/index.php\/wp-json\/wp\/v2\/posts"}],"about":[{"href":"https:\/\/radioljubuski.ba\/index.php\/wp-json\/wp\/v2\/types\/post"}],"author":[{"embeddable":true,"href":"https:\/\/radioljubuski.ba\/index.php\/wp-json\/wp\/v2\/users\/2"}],"replies":[{"embeddable":true,"href":"https:\/\/radioljubuski.ba\/index.php\/wp-json\/wp\/v2\/comments?post=111762"}],"version-history":[{"count":1,"href":"https:\/\/radioljubuski.ba\/index.php\/wp-json\/wp\/v2\/posts\/111762\/revisions"}],"predecessor-version":[{"id":111764,"href":"https:\/\/radioljubuski.ba\/index.php\/wp-json\/wp\/v2\/posts\/111762\/revisions\/111764"}],"wp:featuredmedia":[{"embeddable":true,"href":"https:\/\/radioljubuski.ba\/index.php\/wp-json\/wp\/v2\/media\/111763"}],"wp:attachment":[{"href":"https:\/\/radioljubuski.ba\/index.php\/wp-json\/wp\/v2\/media?parent=111762"}],"wp:term":[{"taxonomy":"category","embeddable":true,"href":"https:\/\/radioljubuski.ba\/index.php\/wp-json\/wp\/v2\/categories?post=111762"},{"taxonomy":"post_tag","embeddable":true,"href":"https:\/\/radioljubuski.ba\/index.php\/wp-json\/wp\/v2\/tags?post=111762"}],"curies":[{"name":"wp","href":"https:\/\/api.w.org\/{rel}","templated":true}]}}