{"id":111782,"date":"2022-02-07T15:46:03","date_gmt":"2022-02-07T14:46:03","guid":{"rendered":"https:\/\/radioljubuski.ba\/?p=111782"},"modified":"2022-02-07T15:46:04","modified_gmt":"2022-02-07T14:46:04","slug":"pahor-u-vatikanu-papa-zabrinut-stanjem-u-bih","status":"publish","type":"post","link":"https:\/\/radioljubuski.ba\/index.php\/2022\/02\/07\/pahor-u-vatikanu-papa-zabrinut-stanjem-u-bih\/","title":{"rendered":"Pahor u Vatikanu: Papa zabrinut stanjem u BiH"},"content":{"rendered":"\n<p>Slovenski predsjednik Borut Pahor razgovarao je u ponedjeljak u Vatikanu s papom Franjom u prigodi 30. obljetnice uspostave diplomatskih odnosa Slovenije i Svete Stolice, a uz bilateralne odnose bilo je rije\u010di i o razvoju situacije oko Ukrajine, te o odnosima unutar BiH.<\/p>\n\n\n\n<p>\u0160to se ti\u010de ukrajinske krize Pahor je u izjavi za slovenske medije naveo da se je zajedno s Papom zauzeo za njeno mirno rje\u0161avanje i za dijalog.<\/p>\n\n\n\n<p>&#8220;Mirno rje\u0161enje je potrebno na\u0107i po svaku cijenu, ukoliko ne \u017eelimo dovesti Europu na rub o\u010daja&#8221;, kazao je slovenski predsjednik za RTV Slovenija nakon audijencije.<\/p>\n\n\n\n<p>Pahor je kazao da je Papi pojasnio i svoje poglede na situaciju na zapadnom Balkanu.<\/p>\n\n\n\n<p>&#8220;U regiji nedostaje politi\u010dke spremnosti za simboli\u010dne geste pomirenja&#8221;, rekao je u izjavi Pahor, dodav\u0161i da Papu stanje u BiH posebno brine i da su obojica ocijenili da se podcjenjuje va\u017enost elementa pomirenja, kojega u sada\u0161njem trenutku prakti\u010dno ni nema.<\/p>\n\n\n\n<p>Kako prenose slovenski mediji, Pahor je izrazio nadu da \u0107e papa Franjo mo\u0107i posjetiti Sloveniju &#8220;barem na nekoliko sati, mo\u017eda jo\u0161 ove godine&#8221;.<\/p>\n\n\n\n<p>&#8220;To je moja velika \u017eelja&#8221;, kazao je prema slovenskim medijima Pahor.<br>Slovenski je predsjednik rekao da je tijekom audijencije s Papom govorio i o &#8220;zna\u010denju malih gesti&#8221; kako bi svi ljudi osjetili puno zajedni\u0161tvo u sada\u0161njoj zdravstvenoj krizi koju je donijela pandemija covida-19.<\/p>\n\n\n\n<p>&#8220;To je ono \u0161to je papi Franji izuzetno va\u017eno za izlaz iz te krize, zato da ostanemo zajednica koja je solidarna i me\u0111usobno povezana&#8221;, naveo je Pahor u izjavi nakon susreta s papom Franjom.<\/p>\n\n\n\n<p>Pahor se u ponedjeljak u Vatikanu susreo i s dr\u017eavnim tajnikom Svete Stolice, kardinalom Pietrom Parolinom, i tajnikom za odnose s dr\u017eavama, nadbiskupom Paulom Richardom Gallagherom, a prisustvovao je i misi koju je na grobu pape Ivana Pavla II odr\u017eao ljubljanski nadbiskup i slovenski metropolit Stanislav Zore.<\/p>\n\n\n\n<p>Izvor:pogled.ba<\/p>\n","protected":false},"excerpt":{"rendered":"<p>Slovenski predsjednik Borut Pahor razgovarao je u ponedjeljak u Vatikanu s papom Franjom u prigodi 30. obljetnice uspostave diplomatskih odnosa Slovenije i Svete Stolice, a uz bilateralne odnose bilo je rije\u010di i o razvoju situacije oko Ukrajine, te o odnosima unutar BiH. \u0160to se ti\u010de ukrajinske krize Pahor je u izjavi za slovenske medije naveo [&hellip;]<\/p>\n","protected":false},"author":2,"featured_media":26033,"comment_status":"closed","ping_status":"closed","sticky":false,"template":"","format":"standard","meta":{"h5ap_radio_sources":[],"footnotes":""},"categories":[1],"tags":[],"class_list":["post-111782","post","type-post","status-publish","format-standard","has-post-thumbnail","hentry","category-bihiregija"],"yoast_head":"<!-- This site is optimized with the Yoast SEO plugin v27.4 - https:\/\/yoast.com\/product\/yoast-seo-wordpress\/ -->\n<title>Pahor u Vatikanu: Papa zabrinut stanjem u BiH - RADIO LJUBU\u0160KI<\/title>\n<meta name=\"robots\" content=\"index, follow, max-snippet:-1, max-image-preview:large, max-video-preview:-1\" \/>\n<link rel=\"canonical\" href=\"https:\/\/radioljubuski.ba\/index.php\/2022\/02\/07\/pahor-u-vatikanu-papa-zabrinut-stanjem-u-bih\/\" \/>\n<meta property=\"og:locale\" content=\"hr_HR\" \/>\n<meta property=\"og:type\" content=\"article\" \/>\n<meta property=\"og:title\" content=\"Pahor u Vatikanu: Papa zabrinut stanjem u BiH - RADIO LJUBU\u0160KI\" \/>\n<meta property=\"og:description\" content=\"Slovenski predsjednik Borut Pahor razgovarao je u ponedjeljak u Vatikanu s papom Franjom u prigodi 30. obljetnice uspostave diplomatskih odnosa Slovenije i Svete Stolice, a uz bilateralne odnose bilo je rije\u010di i o razvoju situacije oko Ukrajine, te o odnosima unutar BiH. \u0160to se ti\u010de ukrajinske krize Pahor je u izjavi za slovenske medije naveo [&hellip;]\" \/>\n<meta property=\"og:url\" content=\"https:\/\/radioljubuski.ba\/index.php\/2022\/02\/07\/pahor-u-vatikanu-papa-zabrinut-stanjem-u-bih\/\" \/>\n<meta property=\"og:site_name\" content=\"RADIO LJUBU\u0160KI\" \/>\n<meta property=\"article:publisher\" content=\"https:\/\/www.facebook.com\/Radiio-Ljubuski-1490835324566332\" \/>\n<meta property=\"article:published_time\" content=\"2022-02-07T14:46:03+00:00\" \/>\n<meta property=\"article:modified_time\" content=\"2022-02-07T14:46:04+00:00\" \/>\n<meta property=\"og:image\" content=\"https:\/\/radioljubuski.ba\/wp-content\/uploads\/2021\/05\/DXPGvnoH_papaa.jpg\" \/>\n\t<meta property=\"og:image:width\" content=\"1000\" \/>\n\t<meta property=\"og:image:height\" content=\"625\" \/>\n\t<meta property=\"og:image:type\" content=\"image\/jpeg\" \/>\n<meta name=\"author\" content=\"Radio Ljubu\u0161ki\" \/>\n<meta name=\"twitter:card\" content=\"summary_large_image\" \/>\n<meta name=\"twitter:creator\" content=\"@radioljubuski\" \/>\n<meta name=\"twitter:site\" content=\"@radioljubuski\" \/>\n<meta name=\"twitter:label1\" content=\"Napisao\/la\" \/>\n\t<meta name=\"twitter:data1\" content=\"Radio Ljubu\u0161ki\" \/>\n\t<meta name=\"twitter:label2\" content=\"Procijenjeno vrijeme \u010ditanja\" \/>\n\t<meta name=\"twitter:data2\" content=\"2 minute\" \/>\n<script type=\"application\/ld+json\" class=\"yoast-schema-graph\">{\"@context\":\"https:\\\/\\\/schema.org\",\"@graph\":[{\"@type\":\"Article\",\"@id\":\"https:\\\/\\\/radioljubuski.ba\\\/index.php\\\/2022\\\/02\\\/07\\\/pahor-u-vatikanu-papa-zabrinut-stanjem-u-bih\\\/#article\",\"isPartOf\":{\"@id\":\"https:\\\/\\\/radioljubuski.ba\\\/index.php\\\/2022\\\/02\\\/07\\\/pahor-u-vatikanu-papa-zabrinut-stanjem-u-bih\\\/\"},\"author\":{\"name\":\"Radio Ljubu\u0161ki\",\"@id\":\"https:\\\/\\\/radioljubuski.ba\\\/#\\\/schema\\\/person\\\/19fc700381a780f69665d7956c469e3b\"},\"headline\":\"Pahor u Vatikanu: Papa zabrinut stanjem u BiH\",\"datePublished\":\"2022-02-07T14:46:03+00:00\",\"dateModified\":\"2022-02-07T14:46:04+00:00\",\"mainEntityOfPage\":{\"@id\":\"https:\\\/\\\/radioljubuski.ba\\\/index.php\\\/2022\\\/02\\\/07\\\/pahor-u-vatikanu-papa-zabrinut-stanjem-u-bih\\\/\"},\"wordCount\":328,\"publisher\":{\"@id\":\"https:\\\/\\\/radioljubuski.ba\\\/#organization\"},\"image\":{\"@id\":\"https:\\\/\\\/radioljubuski.ba\\\/index.php\\\/2022\\\/02\\\/07\\\/pahor-u-vatikanu-papa-zabrinut-stanjem-u-bih\\\/#primaryimage\"},\"thumbnailUrl\":\"https:\\\/\\\/radioljubuski.ba\\\/wp-content\\\/uploads\\\/2021\\\/05\\\/DXPGvnoH_papaa.jpg\",\"articleSection\":[\"BIH i regija\"],\"inLanguage\":\"hr\"},{\"@type\":\"WebPage\",\"@id\":\"https:\\\/\\\/radioljubuski.ba\\\/index.php\\\/2022\\\/02\\\/07\\\/pahor-u-vatikanu-papa-zabrinut-stanjem-u-bih\\\/\",\"url\":\"https:\\\/\\\/radioljubuski.ba\\\/index.php\\\/2022\\\/02\\\/07\\\/pahor-u-vatikanu-papa-zabrinut-stanjem-u-bih\\\/\",\"name\":\"Pahor u Vatikanu: Papa zabrinut stanjem u BiH - RADIO LJUBU\u0160KI\",\"isPartOf\":{\"@id\":\"https:\\\/\\\/radioljubuski.ba\\\/#website\"},\"primaryImageOfPage\":{\"@id\":\"https:\\\/\\\/radioljubuski.ba\\\/index.php\\\/2022\\\/02\\\/07\\\/pahor-u-vatikanu-papa-zabrinut-stanjem-u-bih\\\/#primaryimage\"},\"image\":{\"@id\":\"https:\\\/\\\/radioljubuski.ba\\\/index.php\\\/2022\\\/02\\\/07\\\/pahor-u-vatikanu-papa-zabrinut-stanjem-u-bih\\\/#primaryimage\"},\"thumbnailUrl\":\"https:\\\/\\\/radioljubuski.ba\\\/wp-content\\\/uploads\\\/2021\\\/05\\\/DXPGvnoH_papaa.jpg\",\"datePublished\":\"2022-02-07T14:46:03+00:00\",\"dateModified\":\"2022-02-07T14:46:04+00:00\",\"breadcrumb\":{\"@id\":\"https:\\\/\\\/radioljubuski.ba\\\/index.php\\\/2022\\\/02\\\/07\\\/pahor-u-vatikanu-papa-zabrinut-stanjem-u-bih\\\/#breadcrumb\"},\"inLanguage\":\"hr\",\"potentialAction\":[{\"@type\":\"ReadAction\",\"target\":[\"https:\\\/\\\/radioljubuski.ba\\\/index.php\\\/2022\\\/02\\\/07\\\/pahor-u-vatikanu-papa-zabrinut-stanjem-u-bih\\\/\"]}]},{\"@type\":\"ImageObject\",\"inLanguage\":\"hr\",\"@id\":\"https:\\\/\\\/radioljubuski.ba\\\/index.php\\\/2022\\\/02\\\/07\\\/pahor-u-vatikanu-papa-zabrinut-stanjem-u-bih\\\/#primaryimage\",\"url\":\"https:\\\/\\\/radioljubuski.ba\\\/wp-content\\\/uploads\\\/2021\\\/05\\\/DXPGvnoH_papaa.jpg\",\"contentUrl\":\"https:\\\/\\\/radioljubuski.ba\\\/wp-content\\\/uploads\\\/2021\\\/05\\\/DXPGvnoH_papaa.jpg\",\"width\":1000,\"height\":625},{\"@type\":\"BreadcrumbList\",\"@id\":\"https:\\\/\\\/radioljubuski.ba\\\/index.php\\\/2022\\\/02\\\/07\\\/pahor-u-vatikanu-papa-zabrinut-stanjem-u-bih\\\/#breadcrumb\",\"itemListElement\":[{\"@type\":\"ListItem\",\"position\":1,\"name\":\"Po\u010detna stranica\",\"item\":\"https:\\\/\\\/radioljubuski.ba\\\/\"},{\"@type\":\"ListItem\",\"position\":2,\"name\":\"Pahor u Vatikanu: Papa zabrinut stanjem u BiH\"}]},{\"@type\":\"WebSite\",\"@id\":\"https:\\\/\\\/radioljubuski.ba\\\/#website\",\"url\":\"https:\\\/\\\/radioljubuski.ba\\\/\",\"name\":\"Radio Ljubu\u0161ki\",\"description\":\"Sun\u010dana frekvencija Hercegovine\",\"publisher\":{\"@id\":\"https:\\\/\\\/radioljubuski.ba\\\/#organization\"},\"potentialAction\":[{\"@type\":\"SearchAction\",\"target\":{\"@type\":\"EntryPoint\",\"urlTemplate\":\"https:\\\/\\\/radioljubuski.ba\\\/?s={search_term_string}\"},\"query-input\":{\"@type\":\"PropertyValueSpecification\",\"valueRequired\":true,\"valueName\":\"search_term_string\"}}],\"inLanguage\":\"hr\"},{\"@type\":\"Organization\",\"@id\":\"https:\\\/\\\/radioljubuski.ba\\\/#organization\",\"name\":\"Radio Ljubu\u0161ki\",\"url\":\"https:\\\/\\\/radioljubuski.ba\\\/\",\"logo\":{\"@type\":\"ImageObject\",\"inLanguage\":\"hr\",\"@id\":\"https:\\\/\\\/radioljubuski.ba\\\/#\\\/schema\\\/logo\\\/image\\\/\",\"url\":\"https:\\\/\\\/radioljubuski.ba\\\/wp-content\\\/uploads\\\/2021\\\/02\\\/cropped-Radio_Ljubuski_logo1.jpg\",\"contentUrl\":\"https:\\\/\\\/radioljubuski.ba\\\/wp-content\\\/uploads\\\/2021\\\/02\\\/cropped-Radio_Ljubuski_logo1.jpg\",\"width\":512,\"height\":512,\"caption\":\"Radio Ljubu\u0161ki\"},\"image\":{\"@id\":\"https:\\\/\\\/radioljubuski.ba\\\/#\\\/schema\\\/logo\\\/image\\\/\"},\"sameAs\":[\"https:\\\/\\\/www.facebook.com\\\/Radiio-Ljubuski-1490835324566332\",\"https:\\\/\\\/x.com\\\/radioljubuski\",\"https:\\\/\\\/hr.linkedin.com\\\/company\\\/radio-ljubuski\",\"https:\\\/\\\/www.youtube.com\\\/channel\\\/UCHYaeO_n0Db3tjNGudGpXyw\"]},{\"@type\":\"Person\",\"@id\":\"https:\\\/\\\/radioljubuski.ba\\\/#\\\/schema\\\/person\\\/19fc700381a780f69665d7956c469e3b\",\"name\":\"Radio Ljubu\u0161ki\"}]}<\/script>\n<!-- \/ Yoast SEO plugin. -->","yoast_head_json":{"title":"Pahor u Vatikanu: Papa zabrinut stanjem u BiH - RADIO LJUBU\u0160KI","robots":{"index":"index","follow":"follow","max-snippet":"max-snippet:-1","max-image-preview":"max-image-preview:large","max-video-preview":"max-video-preview:-1"},"canonical":"https:\/\/radioljubuski.ba\/index.php\/2022\/02\/07\/pahor-u-vatikanu-papa-zabrinut-stanjem-u-bih\/","og_locale":"hr_HR","og_type":"article","og_title":"Pahor u Vatikanu: Papa zabrinut stanjem u BiH - RADIO LJUBU\u0160KI","og_description":"Slovenski predsjednik Borut Pahor razgovarao je u ponedjeljak u Vatikanu s papom Franjom u prigodi 30. obljetnice uspostave diplomatskih odnosa Slovenije i Svete Stolice, a uz bilateralne odnose bilo je rije\u010di i o razvoju situacije oko Ukrajine, te o odnosima unutar BiH. \u0160to se ti\u010de ukrajinske krize Pahor je u izjavi za slovenske medije naveo [&hellip;]","og_url":"https:\/\/radioljubuski.ba\/index.php\/2022\/02\/07\/pahor-u-vatikanu-papa-zabrinut-stanjem-u-bih\/","og_site_name":"RADIO LJUBU\u0160KI","article_publisher":"https:\/\/www.facebook.com\/Radiio-Ljubuski-1490835324566332","article_published_time":"2022-02-07T14:46:03+00:00","article_modified_time":"2022-02-07T14:46:04+00:00","og_image":[{"width":1000,"height":625,"url":"https:\/\/radioljubuski.ba\/wp-content\/uploads\/2021\/05\/DXPGvnoH_papaa.jpg","type":"image\/jpeg"}],"author":"Radio Ljubu\u0161ki","twitter_card":"summary_large_image","twitter_creator":"@radioljubuski","twitter_site":"@radioljubuski","twitter_misc":{"Napisao\/la":"Radio Ljubu\u0161ki","Procijenjeno vrijeme \u010ditanja":"2 minute"},"schema":{"@context":"https:\/\/schema.org","@graph":[{"@type":"Article","@id":"https:\/\/radioljubuski.ba\/index.php\/2022\/02\/07\/pahor-u-vatikanu-papa-zabrinut-stanjem-u-bih\/#article","isPartOf":{"@id":"https:\/\/radioljubuski.ba\/index.php\/2022\/02\/07\/pahor-u-vatikanu-papa-zabrinut-stanjem-u-bih\/"},"author":{"name":"Radio Ljubu\u0161ki","@id":"https:\/\/radioljubuski.ba\/#\/schema\/person\/19fc700381a780f69665d7956c469e3b"},"headline":"Pahor u Vatikanu: Papa zabrinut stanjem u BiH","datePublished":"2022-02-07T14:46:03+00:00","dateModified":"2022-02-07T14:46:04+00:00","mainEntityOfPage":{"@id":"https:\/\/radioljubuski.ba\/index.php\/2022\/02\/07\/pahor-u-vatikanu-papa-zabrinut-stanjem-u-bih\/"},"wordCount":328,"publisher":{"@id":"https:\/\/radioljubuski.ba\/#organization"},"image":{"@id":"https:\/\/radioljubuski.ba\/index.php\/2022\/02\/07\/pahor-u-vatikanu-papa-zabrinut-stanjem-u-bih\/#primaryimage"},"thumbnailUrl":"https:\/\/radioljubuski.ba\/wp-content\/uploads\/2021\/05\/DXPGvnoH_papaa.jpg","articleSection":["BIH i regija"],"inLanguage":"hr"},{"@type":"WebPage","@id":"https:\/\/radioljubuski.ba\/index.php\/2022\/02\/07\/pahor-u-vatikanu-papa-zabrinut-stanjem-u-bih\/","url":"https:\/\/radioljubuski.ba\/index.php\/2022\/02\/07\/pahor-u-vatikanu-papa-zabrinut-stanjem-u-bih\/","name":"Pahor u Vatikanu: Papa zabrinut stanjem u BiH - RADIO LJUBU\u0160KI","isPartOf":{"@id":"https:\/\/radioljubuski.ba\/#website"},"primaryImageOfPage":{"@id":"https:\/\/radioljubuski.ba\/index.php\/2022\/02\/07\/pahor-u-vatikanu-papa-zabrinut-stanjem-u-bih\/#primaryimage"},"image":{"@id":"https:\/\/radioljubuski.ba\/index.php\/2022\/02\/07\/pahor-u-vatikanu-papa-zabrinut-stanjem-u-bih\/#primaryimage"},"thumbnailUrl":"https:\/\/radioljubuski.ba\/wp-content\/uploads\/2021\/05\/DXPGvnoH_papaa.jpg","datePublished":"2022-02-07T14:46:03+00:00","dateModified":"2022-02-07T14:46:04+00:00","breadcrumb":{"@id":"https:\/\/radioljubuski.ba\/index.php\/2022\/02\/07\/pahor-u-vatikanu-papa-zabrinut-stanjem-u-bih\/#breadcrumb"},"inLanguage":"hr","potentialAction":[{"@type":"ReadAction","target":["https:\/\/radioljubuski.ba\/index.php\/2022\/02\/07\/pahor-u-vatikanu-papa-zabrinut-stanjem-u-bih\/"]}]},{"@type":"ImageObject","inLanguage":"hr","@id":"https:\/\/radioljubuski.ba\/index.php\/2022\/02\/07\/pahor-u-vatikanu-papa-zabrinut-stanjem-u-bih\/#primaryimage","url":"https:\/\/radioljubuski.ba\/wp-content\/uploads\/2021\/05\/DXPGvnoH_papaa.jpg","contentUrl":"https:\/\/radioljubuski.ba\/wp-content\/uploads\/2021\/05\/DXPGvnoH_papaa.jpg","width":1000,"height":625},{"@type":"BreadcrumbList","@id":"https:\/\/radioljubuski.ba\/index.php\/2022\/02\/07\/pahor-u-vatikanu-papa-zabrinut-stanjem-u-bih\/#breadcrumb","itemListElement":[{"@type":"ListItem","position":1,"name":"Po\u010detna stranica","item":"https:\/\/radioljubuski.ba\/"},{"@type":"ListItem","position":2,"name":"Pahor u Vatikanu: Papa zabrinut stanjem u BiH"}]},{"@type":"WebSite","@id":"https:\/\/radioljubuski.ba\/#website","url":"https:\/\/radioljubuski.ba\/","name":"Radio Ljubu\u0161ki","description":"Sun\u010dana frekvencija Hercegovine","publisher":{"@id":"https:\/\/radioljubuski.ba\/#organization"},"potentialAction":[{"@type":"SearchAction","target":{"@type":"EntryPoint","urlTemplate":"https:\/\/radioljubuski.ba\/?s={search_term_string}"},"query-input":{"@type":"PropertyValueSpecification","valueRequired":true,"valueName":"search_term_string"}}],"inLanguage":"hr"},{"@type":"Organization","@id":"https:\/\/radioljubuski.ba\/#organization","name":"Radio Ljubu\u0161ki","url":"https:\/\/radioljubuski.ba\/","logo":{"@type":"ImageObject","inLanguage":"hr","@id":"https:\/\/radioljubuski.ba\/#\/schema\/logo\/image\/","url":"https:\/\/radioljubuski.ba\/wp-content\/uploads\/2021\/02\/cropped-Radio_Ljubuski_logo1.jpg","contentUrl":"https:\/\/radioljubuski.ba\/wp-content\/uploads\/2021\/02\/cropped-Radio_Ljubuski_logo1.jpg","width":512,"height":512,"caption":"Radio Ljubu\u0161ki"},"image":{"@id":"https:\/\/radioljubuski.ba\/#\/schema\/logo\/image\/"},"sameAs":["https:\/\/www.facebook.com\/Radiio-Ljubuski-1490835324566332","https:\/\/x.com\/radioljubuski","https:\/\/hr.linkedin.com\/company\/radio-ljubuski","https:\/\/www.youtube.com\/channel\/UCHYaeO_n0Db3tjNGudGpXyw"]},{"@type":"Person","@id":"https:\/\/radioljubuski.ba\/#\/schema\/person\/19fc700381a780f69665d7956c469e3b","name":"Radio Ljubu\u0161ki"}]}},"_links":{"self":[{"href":"https:\/\/radioljubuski.ba\/index.php\/wp-json\/wp\/v2\/posts\/111782","targetHints":{"allow":["GET"]}}],"collection":[{"href":"https:\/\/radioljubuski.ba\/index.php\/wp-json\/wp\/v2\/posts"}],"about":[{"href":"https:\/\/radioljubuski.ba\/index.php\/wp-json\/wp\/v2\/types\/post"}],"author":[{"embeddable":true,"href":"https:\/\/radioljubuski.ba\/index.php\/wp-json\/wp\/v2\/users\/2"}],"replies":[{"embeddable":true,"href":"https:\/\/radioljubuski.ba\/index.php\/wp-json\/wp\/v2\/comments?post=111782"}],"version-history":[{"count":1,"href":"https:\/\/radioljubuski.ba\/index.php\/wp-json\/wp\/v2\/posts\/111782\/revisions"}],"predecessor-version":[{"id":111783,"href":"https:\/\/radioljubuski.ba\/index.php\/wp-json\/wp\/v2\/posts\/111782\/revisions\/111783"}],"wp:featuredmedia":[{"embeddable":true,"href":"https:\/\/radioljubuski.ba\/index.php\/wp-json\/wp\/v2\/media\/26033"}],"wp:attachment":[{"href":"https:\/\/radioljubuski.ba\/index.php\/wp-json\/wp\/v2\/media?parent=111782"}],"wp:term":[{"taxonomy":"category","embeddable":true,"href":"https:\/\/radioljubuski.ba\/index.php\/wp-json\/wp\/v2\/categories?post=111782"},{"taxonomy":"post_tag","embeddable":true,"href":"https:\/\/radioljubuski.ba\/index.php\/wp-json\/wp\/v2\/tags?post=111782"}],"curies":[{"name":"wp","href":"https:\/\/api.w.org\/{rel}","templated":true}]}}