{"id":111808,"date":"2022-02-08T10:52:27","date_gmt":"2022-02-08T09:52:27","guid":{"rendered":"https:\/\/radioljubuski.ba\/?p=111808"},"modified":"2022-02-08T10:52:29","modified_gmt":"2022-02-08T09:52:29","slug":"obiljezena-77-obljetnica-jugokomunistickog-ubojstva-66-hercegovackih-franjevaca","status":"publish","type":"post","link":"https:\/\/radioljubuski.ba\/index.php\/2022\/02\/08\/obiljezena-77-obljetnica-jugokomunistickog-ubojstva-66-hercegovackih-franjevaca\/","title":{"rendered":"Obilje\u017eena 77. obljetnica jugokomunisti\u010dkog ubojstva 66 hercegova\u010dkih franjevaca"},"content":{"rendered":"\n<p>\u0160iroki Brijeg, 7. velja\u010de 2022. (Lucijana Ko\u017eul) \u2013 Na dana\u0161nji dan prije 77 godina jugokomunisti su po\u010dinili nevi\u0111eni zlo\u010din nad sve\u0107enicima i franjevcima u samostanu na \u0160irokom Brijegu. Njih 12-oricu, koje su prona\u0161li u samostanu, odveli su do ratnog skloni\u0161ta, ubili ih, polili benzinom i potom zapalili. To je bio uvod za sva idu\u0107a doga\u0111anja, za druge nepravedno ubijene franjevce u Mostaru, \u010citluku, Ljubu\u0161kom i mnogim drugim mjestima, sveukupno njih 66, kao i za ubijene \u010dlanove puka Bo\u017ejega. U Drugom svjetskom ratu i pora\u0107u tako je iz op\u0107ine \u0160iroki Brijeg ubijeno 2.165 osoba, a iz \u017dupanije zapadnohercegova\u010dke 7.003. U \u010dast svima njima danas je na \u0160irokom Brijegu slu\u017eena sv. misa zadu\u0161nica. Molitveni program zapo\u010deo je u 16.00 molitvom kraj ratnog skloni\u0161ta gdje su \u010dlanovi Frame \u0160iroki Brijeg zapalili 12 svije\u0107a u znak sje\u0107anja na 12 fratara koji su ubijeni i spaljeni u ovom skloni\u0161tu. Nakon molitve procesija se uputila prema samostanskoj crkvi. Molitvu na grobnici s posmrtnim ostatcima 24-ice prona\u0111enih pobijenih franjevaca predvodio je Provincijal, a imena pobijenih \u010ditali su Tre\u0107ari.<\/p>\n\n\n\n<p>Sve\u010danu sv. misu zadu\u0161nicu predslavio je dr. fra Miljenko \u0160teko, provincijal hercegova\u010dkih franjevaca, uz sumisni\u0161tvo vicepostulatora fra Miljenka Stoji\u0107a, gvardijana i 40-ak drugih hercegova\u010dkih franjevaca. Pjevanje na sv. misi predvodio je Veliki \u017eupni zbor. Misno \u010ditanje pro\u010ditao je fra Rade Dragi\u0107evi\u0107, posljednji \u017eivu\u0107i hercegova\u010dki franjevac koji je poha\u0111ao glasovitu Franjeva\u010dku klasi\u010dnu gimnaziju na \u0160irokom Brijegu. Molitvu vjernika \u010ditali su gvardijani pojedinih samostana.<\/p>\n\n\n\n<p>U svojoj dirljivoj propovijedi fra Miljenko je naglasio kako su franjevci na ovim na\u0161im prostorima bili obespravljeni, proganjani, ubijani i zatirani. Samostani su ru\u0161eni i paljeni, ali nikada franjevce nisu mogli izbrisati, jer je uz njih uvijek Isus Krist te su uvijek iznova zapo\u010dinjali. Godine 1944. Provincija je bilje\u017eila 231 franjevca, a godinu dana poslije, u travnju 1945. samo 61. Mnogi su bili ubijeni, mnogi zavr\u0161ili na Bleiburgu i Kri\u017enom putu. \u00bbPrije ove sv. mise bili smo na strati\u0161tu na\u0161e dvanaestorice bra\u0107e. Partizani su ih smakli hicem u zatiljak i strmoglavili niz stube skloni\u0161ta. Jednoga po jednog. Okrutno, bezbo\u017eno i hladno. Onda ih polili benzinom i zapalili, kao da nisu dovoljno poni\u017eenja i strahote u\u010dinili ovim monstruoznim ubojstvom. Skloni\u0161te su zatrpali i zlo\u010din svoj krvavi obavili velom \u0161utnje i prijetnje da se o njemu ne smije progovoriti. I to traje do ovoga trenutka. Ime ni jednoga neposredna izvr\u0161itelja zlo\u010dina ne znamo. Ni jednoga iskaza njihova nemamo, a kamoli isprike i pokajanja za ubojstvo\u2026 Naprotiv, ovdje ne oklijevam kazati da sluge tih istih partizanskih zlo\u010dinaca, do dana\u0161njega dana, evo 77 godina, razvijaju svoje teorije opravdanja zlo\u010dina i za\u010du\u0111uju\u0107om snagom zla ova ubojstva, bez ikakva sudi\u0161ta, krajnje nehumano prosu\u0111uju kao \u201cnormalna\u201d! \u010covjek se mo\u017ee samo \u010duditi kakve su to povr\u0161ne iluzije \u017eivota, magle, tamne sjene i razaraju\u0107a djelovanja zla u njihovim savjestima! Mogu li se ovakvi zlo\u010dini i\u010dim opravdati? \u2026 Ono \u0161to nam najte\u017ee pada jest da do danas ne znamo za grobove jo\u0161 skoro polovice njih, a ubijali su ih i puna dva mjeseca nakon svr\u0161etka rata. Pa da u ovoj na\u0161oj krvlju zalivenoj zemlji zasadimo jedan jasen iznad njihovih strati\u0161ta. Da vijori njihovu pri\u010du nara\u0161tajima i da ih nikada ne zaboravimo. Da skroji debeli hlad koji \u0107e \u010duvati njihova imena i prezimena stolje\u0107ima\u2026 Dostojno i spokojno do dana \u201cnovih nebesa i nove zemlje\u201d (usp. Iz 65, 17). Krvlju su svojom obilje\u017eili stazu \u017eivota. Svojim \u017ertvama kro\u010dili su u vje\u010dnost. Izdr\u017eali oganj i ma\u010d, zasvijetlili poput \u010dista zlata na taljici na kojoj su bili isku\u0161ani. I koliko su god krvnici mislili da \u0107e ih ubiti, da \u0107e ubiti Zajednicu, da \u0107e ubiti narod, ubiti vjeru, ljuto su se prevarili. Nisu oni znali za ove evan\u0111eoske rije\u010di koje smo \u010duli. A one su izgovorene na\u0161oj pobijenoj bra\u0107i: Do\u0111ite k meni vi umorni i optere\u0107eni, ja \u0107u vam biti odmor i vje\u010dnost\u2026 I te nas rije\u010di godinama i godinama okupljaju, a okupljat \u0107e nas do kraja na\u0161ih \u017eivota i \u010duvati sje\u0107anje na na\u0161u bra\u0107u.\u00ab<\/p>\n\n\n\n<p>Generalni vikar hercegova\u010dkih biskupija don Nikola Menalo prenio je pozdrave i blagoslov biskupa iz Mostara mons. Petra Pali\u0107a. \u00bbEvan\u0111elje nam govori o mno\u0161tvu ljudi koji uporno tra\u017ee Boga i njegovu blizinu kako bi ozdravilo. U mno\u0161tvu koje tra\u017ei Boga ima vi\u0161e skupina ljudi. Postoje oni ljudi koji jednostavno iskori\u0161tavaju Crkvu. Njihov je nesavjestan stav da Crkva postoji zato da im slu\u017ei, ali da oni sami nemaju nikakve du\u017enosti prema njoj. Osobe \u010dijih se imena danas prisje\u0107amo nisu bili oni koji su Crkvu koristili nego Crkvi bili od koristi i zato Crkva njihovu \u017ertvu spominje u Isusovoj spomen-\u017ertvi. Postoje oni ljudi koji jednostavno nastoje iskoristiti Boga. Oni ga se ne sjete nikad osim onda kada ga trebaju. \u017drtva ovih ljudi kojih se danas spominjemo nije iskori\u0161tavanje Boga nego molitva od Boga za spas njihovih izmu\u010denih du\u0161a. Zbog toga ne smijemo prestati moliti i obilje\u017eavati ovaj Dan, jer on nam je poticaj kako bismo razveselili Isusovo srce dolaze\u0107i k njemu i nude\u0107i mu svoju ljubav, svoju slu\u017ebu, svoju pobo\u017enost, tra\u017ee\u0107i od njega spas za svoju pokojnu bra\u0107u.\u00ab<\/p>\n\n\n\n<p>Fra Miljenko Stoji\u0107, vicepostulator postupka mu\u010deni\u0161tva \u00bbFra Leo Petrovi\u0107 i 65 subra\u0107e\u00ab, ukratko je izlo\u017eio rad Vicepostulature u protekloj godini i zahvalio svima koji na bilo koji na\u010din doprinose \u010duvanju sje\u0107anja na pobijene franjevce i puk. \u00bbIz rada Vicepostulature izrasla je i knjiga Hercegova\u010dka franjeva\u010dka provincija u Drugom svjetskom ratu i pora\u0107u. Pro\u0161irena je to doktorska disertacija negda\u0161njeg djelatnika Vicepostulature dr. Hrvoja Mandi\u0107a. Do sada je ovo najcjelovitiji znanstveni prikaz tih vremena pa bi ova knjiga trebala biti neizostavna u svakoj na\u0161oj knji\u017enici. A i nadalje se pi\u0161u diplomski i drugi znanstveni radovi o pobijenim hercegova\u010dkim franjevcima, skladaju pjesme ili jednostavno re\u010deno puk o njima govori. Uobi\u010dajeno smo odr\u017eali i simpozij u predzadnju nedjelju u listopadu. Objavljivali smo redovno i na\u0161e glasilo Stopama pobijenih, kao i odr\u017eavali portal pobijeni.info. Naravno, i dalje smo tragali za dokumentima i svjedo\u010denjima o tim vremenima. Ukratko re\u010deno ovo istra\u017eno razdoblje je na samome svome kraju i Vicepostulatura je spremna mjesnome biskupu podnijeti potrebno \u010dim Uprava Provincije dadne zeleno svjetlo.\u00ab Spomenuo je i sljede\u0107e. \u00bbMje\u0161tani Crnih Lokava, Mokrog, Tur\u010dinovi\u0107a i Grada uobi\u010dajeno su ju\u010der, u najbli\u017eu nedjelju Obljetnici, hodo\u010dastili od spomenika svojim pobijenima do ratnog skloni\u0161ta. Jedna skupina njih tr\u010dala je iz Crnih Lokava. Iz Mostara, pak, do\u0161la je pje\u0161ice skupina frama\u0161a na \u010delu s fra Tomislavom Crnogorcem. Zaista im svima hvala. Grad \u0160iroki Brijeg i \u017dZH uobi\u010dajeno su obilje\u017eili Dan sje\u0107anja na na\u0161u pobijenu bra\u0107u i Bo\u017eji puk. Hvala iskrena i njima.\u00ab<\/p>\n\n\n\n<p>Nakon vicepostulatora i gvardijan \u0161irokobrije\u0161kog samostana fra Ivan Mari\u0107 uputio je prigodne rije\u010di. \u00bbDrugi mjesec godine \u2013 velja\u010da i ove zime stavlja pred nas svoje nadnevke i u njima te\u0161ke obljetnice. Zime koje su ledile krv naroda i poku\u0161ale zauvijek ohladiti kosti 66 hercegova\u010dkih franjevaca poharale su Hercegovinu. Ali godine \u0161utnje su pro\u0161le, godine zaborava nikad nisu postojale, dani sje\u0107anja su me\u0111u nama, a vrijeme molitve pred nama. Prije 77 godina glas mu\u010deni\u0161tva pukao je ja\u010de i uti\u0161ao neprijateljev obara\u010d. Jeka mu\u010deni\u0161tva me\u0111u nama ne prestaje. Odjekuje i danas preko na\u0161ih molitava i liturgijskog zajedni\u0161tva. Poseban je osje\u0107aj ovih dana vidjeti hodo\u010dasnike, a posebno \u010dlanove obitelji od kojih su mnogi jo\u0161 ju\u010der do\u0161li na ispovijed i molili se na grobu fratara, a pri tome ponosno svjedo\u010de kako je neki od ubijenih fratara \u201ciz na\u0161e ku\u0107e\u201d, zatim vjernike, a me\u0111u njima sve vi\u0161e mladih, kako zdu\u0161no i sr\u010dano mole za zagovor na\u0161ih fratara. Sa \u0160irokog Brijega. Ponesite molitvu svojim ku\u0107ama, jer na njemu je zasijano sjeme mu\u010deni\u0161tva koje \u0107e vas okrijepiti duhovnim napretkom i radosti.\u00ab<\/p>\n\n\n\n<p>Kroz ova \u010detiri dana molitveni program je putem interneta i radiovalova prenosila Radiopostaja \u0160iroki Brijeg. Podijeljene su i nagrade na Natje\u010daju s temom pobijeni hercegova\u010dki franjevci za uzrast djeca, mlade\u017e i odrasli. Vicepostulatura se zahvaljuje svima onima koji su sudjelovali u Natje\u010daju, bilo je uistinu mnogo dobrih i kvalitetnih radova te pozvala i na sudjelovanje u idu\u0107em Natje\u010daju koji \u0107e biti raspisan u mjesecu rujnu.<\/p>\n\n\n\n<p>Izvor:pobijeni.info<\/p>\n","protected":false},"excerpt":{"rendered":"<p>\u0160iroki Brijeg, 7. velja\u010de 2022. (Lucijana Ko\u017eul) \u2013 Na dana\u0161nji dan prije 77 godina jugokomunisti su po\u010dinili nevi\u0111eni zlo\u010din nad sve\u0107enicima i franjevcima u samostanu na \u0160irokom Brijegu. Njih 12-oricu, koje su prona\u0161li u samostanu, odveli su do ratnog skloni\u0161ta, ubili ih, polili benzinom i potom zapalili. To je bio uvod za sva idu\u0107a doga\u0111anja, [&hellip;]<\/p>\n","protected":false},"author":2,"featured_media":111809,"comment_status":"closed","ping_status":"closed","sticky":false,"template":"","format":"standard","meta":{"h5ap_radio_sources":[],"footnotes":""},"categories":[1],"tags":[],"class_list":["post-111808","post","type-post","status-publish","format-standard","has-post-thumbnail","hentry","category-bihiregija"],"yoast_head":"<!-- This site is optimized with the Yoast SEO plugin v27.4 - https:\/\/yoast.com\/product\/yoast-seo-wordpress\/ -->\n<title>Obilje\u017eena 77. obljetnica jugokomunisti\u010dkog ubojstva 66 hercegova\u010dkih franjevaca - RADIO LJUBU\u0160KI<\/title>\n<meta name=\"robots\" content=\"index, follow, max-snippet:-1, max-image-preview:large, max-video-preview:-1\" \/>\n<link rel=\"canonical\" href=\"https:\/\/radioljubuski.ba\/index.php\/2022\/02\/08\/obiljezena-77-obljetnica-jugokomunistickog-ubojstva-66-hercegovackih-franjevaca\/\" \/>\n<meta property=\"og:locale\" content=\"hr_HR\" \/>\n<meta property=\"og:type\" content=\"article\" \/>\n<meta property=\"og:title\" content=\"Obilje\u017eena 77. obljetnica jugokomunisti\u010dkog ubojstva 66 hercegova\u010dkih franjevaca - RADIO LJUBU\u0160KI\" \/>\n<meta property=\"og:description\" content=\"\u0160iroki Brijeg, 7. velja\u010de 2022. (Lucijana Ko\u017eul) \u2013 Na dana\u0161nji dan prije 77 godina jugokomunisti su po\u010dinili nevi\u0111eni zlo\u010din nad sve\u0107enicima i franjevcima u samostanu na \u0160irokom Brijegu. Njih 12-oricu, koje su prona\u0161li u samostanu, odveli su do ratnog skloni\u0161ta, ubili ih, polili benzinom i potom zapalili. To je bio uvod za sva idu\u0107a doga\u0111anja, [&hellip;]\" \/>\n<meta property=\"og:url\" content=\"https:\/\/radioljubuski.ba\/index.php\/2022\/02\/08\/obiljezena-77-obljetnica-jugokomunistickog-ubojstva-66-hercegovackih-franjevaca\/\" \/>\n<meta property=\"og:site_name\" content=\"RADIO LJUBU\u0160KI\" \/>\n<meta property=\"article:publisher\" content=\"https:\/\/www.facebook.com\/Radiio-Ljubuski-1490835324566332\" \/>\n<meta property=\"article:published_time\" content=\"2022-02-08T09:52:27+00:00\" \/>\n<meta property=\"article:modified_time\" content=\"2022-02-08T09:52:29+00:00\" \/>\n<meta property=\"og:image\" content=\"https:\/\/radioljubuski.ba\/wp-content\/uploads\/2022\/02\/obljetnica-brig-22-2048x1365-1.jpg\" \/>\n\t<meta property=\"og:image:width\" content=\"2048\" \/>\n\t<meta property=\"og:image:height\" content=\"1365\" \/>\n\t<meta property=\"og:image:type\" content=\"image\/jpeg\" \/>\n<meta name=\"author\" content=\"Radio Ljubu\u0161ki\" \/>\n<meta name=\"twitter:card\" content=\"summary_large_image\" \/>\n<meta name=\"twitter:creator\" content=\"@radioljubuski\" \/>\n<meta name=\"twitter:site\" content=\"@radioljubuski\" \/>\n<meta name=\"twitter:label1\" content=\"Napisao\/la\" \/>\n\t<meta name=\"twitter:data1\" content=\"Radio Ljubu\u0161ki\" \/>\n\t<meta name=\"twitter:label2\" content=\"Procijenjeno vrijeme \u010ditanja\" \/>\n\t<meta name=\"twitter:data2\" content=\"6 minuta\" \/>\n<script type=\"application\/ld+json\" class=\"yoast-schema-graph\">{\"@context\":\"https:\\\/\\\/schema.org\",\"@graph\":[{\"@type\":\"Article\",\"@id\":\"https:\\\/\\\/radioljubuski.ba\\\/index.php\\\/2022\\\/02\\\/08\\\/obiljezena-77-obljetnica-jugokomunistickog-ubojstva-66-hercegovackih-franjevaca\\\/#article\",\"isPartOf\":{\"@id\":\"https:\\\/\\\/radioljubuski.ba\\\/index.php\\\/2022\\\/02\\\/08\\\/obiljezena-77-obljetnica-jugokomunistickog-ubojstva-66-hercegovackih-franjevaca\\\/\"},\"author\":{\"name\":\"Radio Ljubu\u0161ki\",\"@id\":\"https:\\\/\\\/radioljubuski.ba\\\/#\\\/schema\\\/person\\\/19fc700381a780f69665d7956c469e3b\"},\"headline\":\"Obilje\u017eena 77. obljetnica jugokomunisti\u010dkog ubojstva 66 hercegova\u010dkih franjevaca\",\"datePublished\":\"2022-02-08T09:52:27+00:00\",\"dateModified\":\"2022-02-08T09:52:29+00:00\",\"mainEntityOfPage\":{\"@id\":\"https:\\\/\\\/radioljubuski.ba\\\/index.php\\\/2022\\\/02\\\/08\\\/obiljezena-77-obljetnica-jugokomunistickog-ubojstva-66-hercegovackih-franjevaca\\\/\"},\"wordCount\":1484,\"publisher\":{\"@id\":\"https:\\\/\\\/radioljubuski.ba\\\/#organization\"},\"image\":{\"@id\":\"https:\\\/\\\/radioljubuski.ba\\\/index.php\\\/2022\\\/02\\\/08\\\/obiljezena-77-obljetnica-jugokomunistickog-ubojstva-66-hercegovackih-franjevaca\\\/#primaryimage\"},\"thumbnailUrl\":\"https:\\\/\\\/radioljubuski.ba\\\/wp-content\\\/uploads\\\/2022\\\/02\\\/obljetnica-brig-22-2048x1365-1.jpg\",\"articleSection\":[\"BIH i regija\"],\"inLanguage\":\"hr\"},{\"@type\":\"WebPage\",\"@id\":\"https:\\\/\\\/radioljubuski.ba\\\/index.php\\\/2022\\\/02\\\/08\\\/obiljezena-77-obljetnica-jugokomunistickog-ubojstva-66-hercegovackih-franjevaca\\\/\",\"url\":\"https:\\\/\\\/radioljubuski.ba\\\/index.php\\\/2022\\\/02\\\/08\\\/obiljezena-77-obljetnica-jugokomunistickog-ubojstva-66-hercegovackih-franjevaca\\\/\",\"name\":\"Obilje\u017eena 77. obljetnica jugokomunisti\u010dkog ubojstva 66 hercegova\u010dkih franjevaca - RADIO LJUBU\u0160KI\",\"isPartOf\":{\"@id\":\"https:\\\/\\\/radioljubuski.ba\\\/#website\"},\"primaryImageOfPage\":{\"@id\":\"https:\\\/\\\/radioljubuski.ba\\\/index.php\\\/2022\\\/02\\\/08\\\/obiljezena-77-obljetnica-jugokomunistickog-ubojstva-66-hercegovackih-franjevaca\\\/#primaryimage\"},\"image\":{\"@id\":\"https:\\\/\\\/radioljubuski.ba\\\/index.php\\\/2022\\\/02\\\/08\\\/obiljezena-77-obljetnica-jugokomunistickog-ubojstva-66-hercegovackih-franjevaca\\\/#primaryimage\"},\"thumbnailUrl\":\"https:\\\/\\\/radioljubuski.ba\\\/wp-content\\\/uploads\\\/2022\\\/02\\\/obljetnica-brig-22-2048x1365-1.jpg\",\"datePublished\":\"2022-02-08T09:52:27+00:00\",\"dateModified\":\"2022-02-08T09:52:29+00:00\",\"breadcrumb\":{\"@id\":\"https:\\\/\\\/radioljubuski.ba\\\/index.php\\\/2022\\\/02\\\/08\\\/obiljezena-77-obljetnica-jugokomunistickog-ubojstva-66-hercegovackih-franjevaca\\\/#breadcrumb\"},\"inLanguage\":\"hr\",\"potentialAction\":[{\"@type\":\"ReadAction\",\"target\":[\"https:\\\/\\\/radioljubuski.ba\\\/index.php\\\/2022\\\/02\\\/08\\\/obiljezena-77-obljetnica-jugokomunistickog-ubojstva-66-hercegovackih-franjevaca\\\/\"]}]},{\"@type\":\"ImageObject\",\"inLanguage\":\"hr\",\"@id\":\"https:\\\/\\\/radioljubuski.ba\\\/index.php\\\/2022\\\/02\\\/08\\\/obiljezena-77-obljetnica-jugokomunistickog-ubojstva-66-hercegovackih-franjevaca\\\/#primaryimage\",\"url\":\"https:\\\/\\\/radioljubuski.ba\\\/wp-content\\\/uploads\\\/2022\\\/02\\\/obljetnica-brig-22-2048x1365-1.jpg\",\"contentUrl\":\"https:\\\/\\\/radioljubuski.ba\\\/wp-content\\\/uploads\\\/2022\\\/02\\\/obljetnica-brig-22-2048x1365-1.jpg\",\"width\":2048,\"height\":1365},{\"@type\":\"BreadcrumbList\",\"@id\":\"https:\\\/\\\/radioljubuski.ba\\\/index.php\\\/2022\\\/02\\\/08\\\/obiljezena-77-obljetnica-jugokomunistickog-ubojstva-66-hercegovackih-franjevaca\\\/#breadcrumb\",\"itemListElement\":[{\"@type\":\"ListItem\",\"position\":1,\"name\":\"Po\u010detna stranica\",\"item\":\"https:\\\/\\\/radioljubuski.ba\\\/\"},{\"@type\":\"ListItem\",\"position\":2,\"name\":\"Obilje\u017eena 77. obljetnica jugokomunisti\u010dkog ubojstva 66 hercegova\u010dkih franjevaca\"}]},{\"@type\":\"WebSite\",\"@id\":\"https:\\\/\\\/radioljubuski.ba\\\/#website\",\"url\":\"https:\\\/\\\/radioljubuski.ba\\\/\",\"name\":\"Radio Ljubu\u0161ki\",\"description\":\"Sun\u010dana frekvencija Hercegovine\",\"publisher\":{\"@id\":\"https:\\\/\\\/radioljubuski.ba\\\/#organization\"},\"potentialAction\":[{\"@type\":\"SearchAction\",\"target\":{\"@type\":\"EntryPoint\",\"urlTemplate\":\"https:\\\/\\\/radioljubuski.ba\\\/?s={search_term_string}\"},\"query-input\":{\"@type\":\"PropertyValueSpecification\",\"valueRequired\":true,\"valueName\":\"search_term_string\"}}],\"inLanguage\":\"hr\"},{\"@type\":\"Organization\",\"@id\":\"https:\\\/\\\/radioljubuski.ba\\\/#organization\",\"name\":\"Radio Ljubu\u0161ki\",\"url\":\"https:\\\/\\\/radioljubuski.ba\\\/\",\"logo\":{\"@type\":\"ImageObject\",\"inLanguage\":\"hr\",\"@id\":\"https:\\\/\\\/radioljubuski.ba\\\/#\\\/schema\\\/logo\\\/image\\\/\",\"url\":\"https:\\\/\\\/radioljubuski.ba\\\/wp-content\\\/uploads\\\/2021\\\/02\\\/cropped-Radio_Ljubuski_logo1.jpg\",\"contentUrl\":\"https:\\\/\\\/radioljubuski.ba\\\/wp-content\\\/uploads\\\/2021\\\/02\\\/cropped-Radio_Ljubuski_logo1.jpg\",\"width\":512,\"height\":512,\"caption\":\"Radio Ljubu\u0161ki\"},\"image\":{\"@id\":\"https:\\\/\\\/radioljubuski.ba\\\/#\\\/schema\\\/logo\\\/image\\\/\"},\"sameAs\":[\"https:\\\/\\\/www.facebook.com\\\/Radiio-Ljubuski-1490835324566332\",\"https:\\\/\\\/x.com\\\/radioljubuski\",\"https:\\\/\\\/hr.linkedin.com\\\/company\\\/radio-ljubuski\",\"https:\\\/\\\/www.youtube.com\\\/channel\\\/UCHYaeO_n0Db3tjNGudGpXyw\"]},{\"@type\":\"Person\",\"@id\":\"https:\\\/\\\/radioljubuski.ba\\\/#\\\/schema\\\/person\\\/19fc700381a780f69665d7956c469e3b\",\"name\":\"Radio Ljubu\u0161ki\"}]}<\/script>\n<!-- \/ Yoast SEO plugin. -->","yoast_head_json":{"title":"Obilje\u017eena 77. obljetnica jugokomunisti\u010dkog ubojstva 66 hercegova\u010dkih franjevaca - RADIO LJUBU\u0160KI","robots":{"index":"index","follow":"follow","max-snippet":"max-snippet:-1","max-image-preview":"max-image-preview:large","max-video-preview":"max-video-preview:-1"},"canonical":"https:\/\/radioljubuski.ba\/index.php\/2022\/02\/08\/obiljezena-77-obljetnica-jugokomunistickog-ubojstva-66-hercegovackih-franjevaca\/","og_locale":"hr_HR","og_type":"article","og_title":"Obilje\u017eena 77. obljetnica jugokomunisti\u010dkog ubojstva 66 hercegova\u010dkih franjevaca - RADIO LJUBU\u0160KI","og_description":"\u0160iroki Brijeg, 7. velja\u010de 2022. (Lucijana Ko\u017eul) \u2013 Na dana\u0161nji dan prije 77 godina jugokomunisti su po\u010dinili nevi\u0111eni zlo\u010din nad sve\u0107enicima i franjevcima u samostanu na \u0160irokom Brijegu. Njih 12-oricu, koje su prona\u0161li u samostanu, odveli su do ratnog skloni\u0161ta, ubili ih, polili benzinom i potom zapalili. To je bio uvod za sva idu\u0107a doga\u0111anja, [&hellip;]","og_url":"https:\/\/radioljubuski.ba\/index.php\/2022\/02\/08\/obiljezena-77-obljetnica-jugokomunistickog-ubojstva-66-hercegovackih-franjevaca\/","og_site_name":"RADIO LJUBU\u0160KI","article_publisher":"https:\/\/www.facebook.com\/Radiio-Ljubuski-1490835324566332","article_published_time":"2022-02-08T09:52:27+00:00","article_modified_time":"2022-02-08T09:52:29+00:00","og_image":[{"width":2048,"height":1365,"url":"https:\/\/radioljubuski.ba\/wp-content\/uploads\/2022\/02\/obljetnica-brig-22-2048x1365-1.jpg","type":"image\/jpeg"}],"author":"Radio Ljubu\u0161ki","twitter_card":"summary_large_image","twitter_creator":"@radioljubuski","twitter_site":"@radioljubuski","twitter_misc":{"Napisao\/la":"Radio Ljubu\u0161ki","Procijenjeno vrijeme \u010ditanja":"6 minuta"},"schema":{"@context":"https:\/\/schema.org","@graph":[{"@type":"Article","@id":"https:\/\/radioljubuski.ba\/index.php\/2022\/02\/08\/obiljezena-77-obljetnica-jugokomunistickog-ubojstva-66-hercegovackih-franjevaca\/#article","isPartOf":{"@id":"https:\/\/radioljubuski.ba\/index.php\/2022\/02\/08\/obiljezena-77-obljetnica-jugokomunistickog-ubojstva-66-hercegovackih-franjevaca\/"},"author":{"name":"Radio Ljubu\u0161ki","@id":"https:\/\/radioljubuski.ba\/#\/schema\/person\/19fc700381a780f69665d7956c469e3b"},"headline":"Obilje\u017eena 77. obljetnica jugokomunisti\u010dkog ubojstva 66 hercegova\u010dkih franjevaca","datePublished":"2022-02-08T09:52:27+00:00","dateModified":"2022-02-08T09:52:29+00:00","mainEntityOfPage":{"@id":"https:\/\/radioljubuski.ba\/index.php\/2022\/02\/08\/obiljezena-77-obljetnica-jugokomunistickog-ubojstva-66-hercegovackih-franjevaca\/"},"wordCount":1484,"publisher":{"@id":"https:\/\/radioljubuski.ba\/#organization"},"image":{"@id":"https:\/\/radioljubuski.ba\/index.php\/2022\/02\/08\/obiljezena-77-obljetnica-jugokomunistickog-ubojstva-66-hercegovackih-franjevaca\/#primaryimage"},"thumbnailUrl":"https:\/\/radioljubuski.ba\/wp-content\/uploads\/2022\/02\/obljetnica-brig-22-2048x1365-1.jpg","articleSection":["BIH i regija"],"inLanguage":"hr"},{"@type":"WebPage","@id":"https:\/\/radioljubuski.ba\/index.php\/2022\/02\/08\/obiljezena-77-obljetnica-jugokomunistickog-ubojstva-66-hercegovackih-franjevaca\/","url":"https:\/\/radioljubuski.ba\/index.php\/2022\/02\/08\/obiljezena-77-obljetnica-jugokomunistickog-ubojstva-66-hercegovackih-franjevaca\/","name":"Obilje\u017eena 77. obljetnica jugokomunisti\u010dkog ubojstva 66 hercegova\u010dkih franjevaca - RADIO LJUBU\u0160KI","isPartOf":{"@id":"https:\/\/radioljubuski.ba\/#website"},"primaryImageOfPage":{"@id":"https:\/\/radioljubuski.ba\/index.php\/2022\/02\/08\/obiljezena-77-obljetnica-jugokomunistickog-ubojstva-66-hercegovackih-franjevaca\/#primaryimage"},"image":{"@id":"https:\/\/radioljubuski.ba\/index.php\/2022\/02\/08\/obiljezena-77-obljetnica-jugokomunistickog-ubojstva-66-hercegovackih-franjevaca\/#primaryimage"},"thumbnailUrl":"https:\/\/radioljubuski.ba\/wp-content\/uploads\/2022\/02\/obljetnica-brig-22-2048x1365-1.jpg","datePublished":"2022-02-08T09:52:27+00:00","dateModified":"2022-02-08T09:52:29+00:00","breadcrumb":{"@id":"https:\/\/radioljubuski.ba\/index.php\/2022\/02\/08\/obiljezena-77-obljetnica-jugokomunistickog-ubojstva-66-hercegovackih-franjevaca\/#breadcrumb"},"inLanguage":"hr","potentialAction":[{"@type":"ReadAction","target":["https:\/\/radioljubuski.ba\/index.php\/2022\/02\/08\/obiljezena-77-obljetnica-jugokomunistickog-ubojstva-66-hercegovackih-franjevaca\/"]}]},{"@type":"ImageObject","inLanguage":"hr","@id":"https:\/\/radioljubuski.ba\/index.php\/2022\/02\/08\/obiljezena-77-obljetnica-jugokomunistickog-ubojstva-66-hercegovackih-franjevaca\/#primaryimage","url":"https:\/\/radioljubuski.ba\/wp-content\/uploads\/2022\/02\/obljetnica-brig-22-2048x1365-1.jpg","contentUrl":"https:\/\/radioljubuski.ba\/wp-content\/uploads\/2022\/02\/obljetnica-brig-22-2048x1365-1.jpg","width":2048,"height":1365},{"@type":"BreadcrumbList","@id":"https:\/\/radioljubuski.ba\/index.php\/2022\/02\/08\/obiljezena-77-obljetnica-jugokomunistickog-ubojstva-66-hercegovackih-franjevaca\/#breadcrumb","itemListElement":[{"@type":"ListItem","position":1,"name":"Po\u010detna stranica","item":"https:\/\/radioljubuski.ba\/"},{"@type":"ListItem","position":2,"name":"Obilje\u017eena 77. obljetnica jugokomunisti\u010dkog ubojstva 66 hercegova\u010dkih franjevaca"}]},{"@type":"WebSite","@id":"https:\/\/radioljubuski.ba\/#website","url":"https:\/\/radioljubuski.ba\/","name":"Radio Ljubu\u0161ki","description":"Sun\u010dana frekvencija Hercegovine","publisher":{"@id":"https:\/\/radioljubuski.ba\/#organization"},"potentialAction":[{"@type":"SearchAction","target":{"@type":"EntryPoint","urlTemplate":"https:\/\/radioljubuski.ba\/?s={search_term_string}"},"query-input":{"@type":"PropertyValueSpecification","valueRequired":true,"valueName":"search_term_string"}}],"inLanguage":"hr"},{"@type":"Organization","@id":"https:\/\/radioljubuski.ba\/#organization","name":"Radio Ljubu\u0161ki","url":"https:\/\/radioljubuski.ba\/","logo":{"@type":"ImageObject","inLanguage":"hr","@id":"https:\/\/radioljubuski.ba\/#\/schema\/logo\/image\/","url":"https:\/\/radioljubuski.ba\/wp-content\/uploads\/2021\/02\/cropped-Radio_Ljubuski_logo1.jpg","contentUrl":"https:\/\/radioljubuski.ba\/wp-content\/uploads\/2021\/02\/cropped-Radio_Ljubuski_logo1.jpg","width":512,"height":512,"caption":"Radio Ljubu\u0161ki"},"image":{"@id":"https:\/\/radioljubuski.ba\/#\/schema\/logo\/image\/"},"sameAs":["https:\/\/www.facebook.com\/Radiio-Ljubuski-1490835324566332","https:\/\/x.com\/radioljubuski","https:\/\/hr.linkedin.com\/company\/radio-ljubuski","https:\/\/www.youtube.com\/channel\/UCHYaeO_n0Db3tjNGudGpXyw"]},{"@type":"Person","@id":"https:\/\/radioljubuski.ba\/#\/schema\/person\/19fc700381a780f69665d7956c469e3b","name":"Radio Ljubu\u0161ki"}]}},"_links":{"self":[{"href":"https:\/\/radioljubuski.ba\/index.php\/wp-json\/wp\/v2\/posts\/111808","targetHints":{"allow":["GET"]}}],"collection":[{"href":"https:\/\/radioljubuski.ba\/index.php\/wp-json\/wp\/v2\/posts"}],"about":[{"href":"https:\/\/radioljubuski.ba\/index.php\/wp-json\/wp\/v2\/types\/post"}],"author":[{"embeddable":true,"href":"https:\/\/radioljubuski.ba\/index.php\/wp-json\/wp\/v2\/users\/2"}],"replies":[{"embeddable":true,"href":"https:\/\/radioljubuski.ba\/index.php\/wp-json\/wp\/v2\/comments?post=111808"}],"version-history":[{"count":1,"href":"https:\/\/radioljubuski.ba\/index.php\/wp-json\/wp\/v2\/posts\/111808\/revisions"}],"predecessor-version":[{"id":111810,"href":"https:\/\/radioljubuski.ba\/index.php\/wp-json\/wp\/v2\/posts\/111808\/revisions\/111810"}],"wp:featuredmedia":[{"embeddable":true,"href":"https:\/\/radioljubuski.ba\/index.php\/wp-json\/wp\/v2\/media\/111809"}],"wp:attachment":[{"href":"https:\/\/radioljubuski.ba\/index.php\/wp-json\/wp\/v2\/media?parent=111808"}],"wp:term":[{"taxonomy":"category","embeddable":true,"href":"https:\/\/radioljubuski.ba\/index.php\/wp-json\/wp\/v2\/categories?post=111808"},{"taxonomy":"post_tag","embeddable":true,"href":"https:\/\/radioljubuski.ba\/index.php\/wp-json\/wp\/v2\/tags?post=111808"}],"curies":[{"name":"wp","href":"https:\/\/api.w.org\/{rel}","templated":true}]}}