{"id":111811,"date":"2022-02-08T10:53:51","date_gmt":"2022-02-08T09:53:51","guid":{"rendered":"https:\/\/radioljubuski.ba\/?p=111811"},"modified":"2022-02-08T10:53:53","modified_gmt":"2022-02-08T09:53:53","slug":"komunisticki-rezimi-tijekom-dvadesetoga-stoljeca-ubili-oko-100-milijuna-ljudi","status":"publish","type":"post","link":"https:\/\/radioljubuski.ba\/index.php\/2022\/02\/08\/komunisticki-rezimi-tijekom-dvadesetoga-stoljeca-ubili-oko-100-milijuna-ljudi\/","title":{"rendered":"Komunisti\u010dki re\u017eimi tijekom dvadesetoga stolje\u0107a ubili oko 100 milijuna ljudi"},"content":{"rendered":"\n<p><strong>U povodu 77. obljetnice ubojstva 66 hercegova\u010dkih franjevaca u \u0160irokom Brijegu zapaljene su svije\u0107e te je slu\u017eena misa zadu\u0161nica. Prije 77 godina 7. velja\u010de 1945. godine jugokomunisti su po\u010dinili zlo\u010din nad sve\u0107enicima i franjevcima u samostanu na \u0160irokom Brijegu. Njih dvanaestoricu koje su prona\u0161li u samostanu, odveli su do ratnog skloni\u0161ta, ubili ih, polili benzinom i zatim zapalili. To je bio uvod za sva idu\u0107a doga\u0111anja, za druge nepravedno ubijene franjevce u Mostaru, \u010citluku, Ljubu\u0161kom i mnogim drugim mjestima,<\/strong><\/p>\n\n\n\n<p>A koliki su razmjeri stradanja Katoli\u010dke crkve u BiH najbolje se mo\u017ee vidjeti u podacima koje je javnosti nedavno predo\u010dio novi nadbiskup Vrhbosanske nadbiskupije Tomo Vuk\u0161i\u0107. Prema tim podatcima za vrijeme Drugoga svjetskog rata i neposredno nakon njega, kao izravna ili neizravna \u017ertva ratnih doga\u0111anja i poratnih komunisti\u010dkih progona, od 1941. do 1952. godine, smrtno je stradalo 160 katoli\u010dkih sve\u0107enika, inkardiniranih u jednu od biskupija ili redovni\u010dkih zajednica u BiH. Kad se gubici svih pojedinih zajednica usporede s ukupnim brojem \u010dlanova, koje su te iste zajednice bez ovih gubitaka mogle imati 1945. godine, onda je Banjalu\u010dka biskupija izgubila \u010dak 41,93 posto svojih sve\u0107enika, Mostarsko-trebinjska 40 posto, hercegova\u010dki franjevci 36,77 posto, bosanski franjevci 24,47 posto, Sarajevska nadbiskupija 21,95 posto i trapisti 5 posto.<\/p>\n\n\n\n<p>Nadbiskup Vuk\u0161i\u0107 istaknuo je tada da zbrajaju\u0107i sve \u017ertve, proizlazi da je tijekom Drugoga svjetskoga rata Katoli\u010dka crkva u BiH, koliko je poznato, ostala bez 235 smrtno stradalih sve\u0107enika, bra\u0107e laika, bogoslova, sjemeni\u0161taraca i \u010dasnih sestara. Dodaje, komunisti\u010dka vlast je, progone\u0107i sve\u0107enike i biskupe, u\u010dinila tako da je Crkva u BiH krajem 1949. ostala bez i jednoga biskupa na slu\u017ebi. Najprije je mostarskoga biskupa Petra \u010culu 1948. godine na montiranom procesu osudila na vi\u0161egodi\u0161nju robiju. Skopskoga biskupa Smiljana \u010cekadu, koji je upravljao Banjalu\u010dkom biskupijom kao apostolski upravitelj, na kraju 1949. godine protjerali su iz BiH i zabranili mu svako djelovanje na tome podru\u010dju dok se sarajevski nadbiskup Ivan \u0160ari\u0107 jo\u0161 od 1945. godine nalazio u inozemstvu.<\/p>\n\n\n\n<p>Kao posebnu bezo\u010dnost navodi ubojstvo nedu\u017enoga Maksimilijana Nestora, sve\u0107enika Banjalu\u010dke biskupije i \u017eupnika u Drvaru, te grupe posvema nedu\u017enih hodo\u010dasnika s njim, koje je izvr\u0161eno 27. srpnja 1941., a taj datum je postao doga\u0111aj kojim se u BiH kroz cijelo razdoblje nakon Drugoga svjetskog rata obilje\u017eava po\u010detak ustanka protiv fa\u0161izma.<\/p>\n\n\n\n<p>Usprkos tolikoj koli\u010dini kr\u0161\u0107anskoga svjedo\u010denja, samo je pet \u010dasnih sestara, koje su \u010detnici odveli s Pala i ubili 1941. godine, progla\u0161eno bla\u017eenim. A \u010dinjenica je kako se nikako nije moglo dogoditi ubojstvo tolikih sve\u0107enika i drugih crkvenih osoba kao posljedica slu\u010dajnih nesretnih okolnosti, ve\u0107 se radilo o planiranoj likvidaciji, a kao dokaz nalazimo u \u010dinjenici da nikada nitko nije odgovarao za smrt bilo koje crkvene osobe, iako ih je daleko najvi\u0161e ubijeno poslije zavr\u0161etka ratnih operacija i to bez ikakva su\u0111enja i na najbrutalniji na\u010din. Mnogi su ubijeni u vrlo tajnovitim okolnostima tako da ne postoje nikakvi pisani tragovi o njihovim nasilnim smrtima. Me\u0111utim, u mnogo slu\u010dajeva, sre\u0107om, ipak postoje dokumenti i zabilje\u017eena svjedo\u010danstva pre\u017eivjelih svjedoka ili iskazi izravnih sudionika zlo\u010dina. Du\u017eni smo stoga ponavljati \u010dinjenicu kako je za vrijeme progona pod komunisti\u010dkim re\u017eimima, prema razli\u010ditim izvorima, tijekom dvadesetoga stolje\u0107a ubijeno oko 100 milijuna ljudi.<\/p>\n\n\n\n<figure class=\"wp-block-embed is-type-wp-embed is-provider-radio-ljubuski wp-block-embed-radio-ljubuski\"><div class=\"wp-block-embed__wrapper\">\n<blockquote class=\"wp-embedded-content\" data-secret=\"rgqweKCjfq\"><a href=\"https:\/\/radioljubuski.ba\/index.php\/2022\/02\/08\/obiljezena-77-obljetnica-jugokomunistickog-ubojstva-66-hercegovackih-franjevaca\/\">Obilje\u017eena 77. obljetnica jugokomunisti\u010dkog ubojstva 66 hercegova\u010dkih franjevaca<\/a><\/blockquote><iframe loading=\"lazy\" class=\"wp-embedded-content\" sandbox=\"allow-scripts\" security=\"restricted\" style=\"position: absolute; clip: rect(1px, 1px, 1px, 1px);\" title=\"&#8220;Obilje\u017eena 77. obljetnica jugokomunisti\u010dkog ubojstva 66 hercegova\u010dkih franjevaca&#8221; &#8212;   RADIO LJUBU\u0160KI\" src=\"https:\/\/radioljubuski.ba\/index.php\/2022\/02\/08\/obiljezena-77-obljetnica-jugokomunistickog-ubojstva-66-hercegovackih-franjevaca\/embed\/#?secret=UMaVedUHZB#?secret=rgqweKCjfq\" data-secret=\"rgqweKCjfq\" width=\"600\" height=\"338\" frameborder=\"0\" marginwidth=\"0\" marginheight=\"0\" scrolling=\"no\"><\/iframe>\n<\/div><\/figure>\n\n\n\n<p>\/M. L.\/HMS\/<\/p>\n","protected":false},"excerpt":{"rendered":"<p>U povodu 77. obljetnice ubojstva 66 hercegova\u010dkih franjevaca u \u0160irokom Brijegu zapaljene su svije\u0107e te je slu\u017eena misa zadu\u0161nica. Prije 77 godina 7. velja\u010de 1945. godine jugokomunisti su po\u010dinili zlo\u010din nad sve\u0107enicima i franjevcima u samostanu na \u0160irokom Brijegu. Njih dvanaestoricu koje su prona\u0161li u samostanu, odveli su do ratnog skloni\u0161ta, ubili ih, polili benzinom [&hellip;]<\/p>\n","protected":false},"author":2,"featured_media":111812,"comment_status":"closed","ping_status":"closed","sticky":false,"template":"","format":"standard","meta":{"h5ap_radio_sources":[],"footnotes":""},"categories":[1],"tags":[],"class_list":["post-111811","post","type-post","status-publish","format-standard","has-post-thumbnail","hentry","category-bihiregija"],"yoast_head":"<!-- This site is optimized with the Yoast SEO plugin v27.4 - https:\/\/yoast.com\/product\/yoast-seo-wordpress\/ -->\n<title>Komunisti\u010dki re\u017eimi tijekom dvadesetoga stolje\u0107a ubili oko 100 milijuna ljudi - RADIO LJUBU\u0160KI<\/title>\n<meta name=\"robots\" content=\"index, follow, max-snippet:-1, max-image-preview:large, max-video-preview:-1\" \/>\n<link rel=\"canonical\" href=\"https:\/\/radioljubuski.ba\/index.php\/2022\/02\/08\/komunisticki-rezimi-tijekom-dvadesetoga-stoljeca-ubili-oko-100-milijuna-ljudi\/\" \/>\n<meta property=\"og:locale\" content=\"hr_HR\" \/>\n<meta property=\"og:type\" content=\"article\" \/>\n<meta property=\"og:title\" content=\"Komunisti\u010dki re\u017eimi tijekom dvadesetoga stolje\u0107a ubili oko 100 milijuna ljudi - RADIO LJUBU\u0160KI\" \/>\n<meta property=\"og:description\" content=\"U povodu 77. obljetnice ubojstva 66 hercegova\u010dkih franjevaca u \u0160irokom Brijegu zapaljene su svije\u0107e te je slu\u017eena misa zadu\u0161nica. Prije 77 godina 7. velja\u010de 1945. godine jugokomunisti su po\u010dinili zlo\u010din nad sve\u0107enicima i franjevcima u samostanu na \u0160irokom Brijegu. Njih dvanaestoricu koje su prona\u0161li u samostanu, odveli su do ratnog skloni\u0161ta, ubili ih, polili benzinom [&hellip;]\" \/>\n<meta property=\"og:url\" content=\"https:\/\/radioljubuski.ba\/index.php\/2022\/02\/08\/komunisticki-rezimi-tijekom-dvadesetoga-stoljeca-ubili-oko-100-milijuna-ljudi\/\" \/>\n<meta property=\"og:site_name\" content=\"RADIO LJUBU\u0160KI\" \/>\n<meta property=\"article:publisher\" content=\"https:\/\/www.facebook.com\/Radiio-Ljubuski-1490835324566332\" \/>\n<meta property=\"article:published_time\" content=\"2022-02-08T09:53:51+00:00\" \/>\n<meta property=\"article:modified_time\" content=\"2022-02-08T09:53:53+00:00\" \/>\n<meta property=\"og:image\" content=\"https:\/\/radioljubuski.ba\/wp-content\/uploads\/2022\/02\/8b5fb74124d0909b4271.jpeg\" \/>\n\t<meta property=\"og:image:width\" content=\"612\" \/>\n\t<meta property=\"og:image:height\" content=\"408\" \/>\n\t<meta property=\"og:image:type\" content=\"image\/jpeg\" \/>\n<meta name=\"author\" content=\"Radio Ljubu\u0161ki\" \/>\n<meta name=\"twitter:card\" content=\"summary_large_image\" \/>\n<meta name=\"twitter:creator\" content=\"@radioljubuski\" \/>\n<meta name=\"twitter:site\" content=\"@radioljubuski\" \/>\n<meta name=\"twitter:label1\" content=\"Napisao\/la\" \/>\n\t<meta name=\"twitter:data1\" content=\"Radio Ljubu\u0161ki\" \/>\n\t<meta name=\"twitter:label2\" content=\"Procijenjeno vrijeme \u010ditanja\" \/>\n\t<meta name=\"twitter:data2\" content=\"3 minute\" \/>\n<script type=\"application\/ld+json\" class=\"yoast-schema-graph\">{\"@context\":\"https:\\\/\\\/schema.org\",\"@graph\":[{\"@type\":\"Article\",\"@id\":\"https:\\\/\\\/radioljubuski.ba\\\/index.php\\\/2022\\\/02\\\/08\\\/komunisticki-rezimi-tijekom-dvadesetoga-stoljeca-ubili-oko-100-milijuna-ljudi\\\/#article\",\"isPartOf\":{\"@id\":\"https:\\\/\\\/radioljubuski.ba\\\/index.php\\\/2022\\\/02\\\/08\\\/komunisticki-rezimi-tijekom-dvadesetoga-stoljeca-ubili-oko-100-milijuna-ljudi\\\/\"},\"author\":{\"name\":\"Radio Ljubu\u0161ki\",\"@id\":\"https:\\\/\\\/radioljubuski.ba\\\/#\\\/schema\\\/person\\\/19fc700381a780f69665d7956c469e3b\"},\"headline\":\"Komunisti\u010dki re\u017eimi tijekom dvadesetoga stolje\u0107a ubili oko 100 milijuna ljudi\",\"datePublished\":\"2022-02-08T09:53:51+00:00\",\"dateModified\":\"2022-02-08T09:53:53+00:00\",\"mainEntityOfPage\":{\"@id\":\"https:\\\/\\\/radioljubuski.ba\\\/index.php\\\/2022\\\/02\\\/08\\\/komunisticki-rezimi-tijekom-dvadesetoga-stoljeca-ubili-oko-100-milijuna-ljudi\\\/\"},\"wordCount\":585,\"publisher\":{\"@id\":\"https:\\\/\\\/radioljubuski.ba\\\/#organization\"},\"image\":{\"@id\":\"https:\\\/\\\/radioljubuski.ba\\\/index.php\\\/2022\\\/02\\\/08\\\/komunisticki-rezimi-tijekom-dvadesetoga-stoljeca-ubili-oko-100-milijuna-ljudi\\\/#primaryimage\"},\"thumbnailUrl\":\"https:\\\/\\\/radioljubuski.ba\\\/wp-content\\\/uploads\\\/2022\\\/02\\\/8b5fb74124d0909b4271.jpeg\",\"articleSection\":[\"BIH i regija\"],\"inLanguage\":\"hr\"},{\"@type\":\"WebPage\",\"@id\":\"https:\\\/\\\/radioljubuski.ba\\\/index.php\\\/2022\\\/02\\\/08\\\/komunisticki-rezimi-tijekom-dvadesetoga-stoljeca-ubili-oko-100-milijuna-ljudi\\\/\",\"url\":\"https:\\\/\\\/radioljubuski.ba\\\/index.php\\\/2022\\\/02\\\/08\\\/komunisticki-rezimi-tijekom-dvadesetoga-stoljeca-ubili-oko-100-milijuna-ljudi\\\/\",\"name\":\"Komunisti\u010dki re\u017eimi tijekom dvadesetoga stolje\u0107a ubili oko 100 milijuna ljudi - RADIO LJUBU\u0160KI\",\"isPartOf\":{\"@id\":\"https:\\\/\\\/radioljubuski.ba\\\/#website\"},\"primaryImageOfPage\":{\"@id\":\"https:\\\/\\\/radioljubuski.ba\\\/index.php\\\/2022\\\/02\\\/08\\\/komunisticki-rezimi-tijekom-dvadesetoga-stoljeca-ubili-oko-100-milijuna-ljudi\\\/#primaryimage\"},\"image\":{\"@id\":\"https:\\\/\\\/radioljubuski.ba\\\/index.php\\\/2022\\\/02\\\/08\\\/komunisticki-rezimi-tijekom-dvadesetoga-stoljeca-ubili-oko-100-milijuna-ljudi\\\/#primaryimage\"},\"thumbnailUrl\":\"https:\\\/\\\/radioljubuski.ba\\\/wp-content\\\/uploads\\\/2022\\\/02\\\/8b5fb74124d0909b4271.jpeg\",\"datePublished\":\"2022-02-08T09:53:51+00:00\",\"dateModified\":\"2022-02-08T09:53:53+00:00\",\"breadcrumb\":{\"@id\":\"https:\\\/\\\/radioljubuski.ba\\\/index.php\\\/2022\\\/02\\\/08\\\/komunisticki-rezimi-tijekom-dvadesetoga-stoljeca-ubili-oko-100-milijuna-ljudi\\\/#breadcrumb\"},\"inLanguage\":\"hr\",\"potentialAction\":[{\"@type\":\"ReadAction\",\"target\":[\"https:\\\/\\\/radioljubuski.ba\\\/index.php\\\/2022\\\/02\\\/08\\\/komunisticki-rezimi-tijekom-dvadesetoga-stoljeca-ubili-oko-100-milijuna-ljudi\\\/\"]}]},{\"@type\":\"ImageObject\",\"inLanguage\":\"hr\",\"@id\":\"https:\\\/\\\/radioljubuski.ba\\\/index.php\\\/2022\\\/02\\\/08\\\/komunisticki-rezimi-tijekom-dvadesetoga-stoljeca-ubili-oko-100-milijuna-ljudi\\\/#primaryimage\",\"url\":\"https:\\\/\\\/radioljubuski.ba\\\/wp-content\\\/uploads\\\/2022\\\/02\\\/8b5fb74124d0909b4271.jpeg\",\"contentUrl\":\"https:\\\/\\\/radioljubuski.ba\\\/wp-content\\\/uploads\\\/2022\\\/02\\\/8b5fb74124d0909b4271.jpeg\",\"width\":612,\"height\":408},{\"@type\":\"BreadcrumbList\",\"@id\":\"https:\\\/\\\/radioljubuski.ba\\\/index.php\\\/2022\\\/02\\\/08\\\/komunisticki-rezimi-tijekom-dvadesetoga-stoljeca-ubili-oko-100-milijuna-ljudi\\\/#breadcrumb\",\"itemListElement\":[{\"@type\":\"ListItem\",\"position\":1,\"name\":\"Po\u010detna stranica\",\"item\":\"https:\\\/\\\/radioljubuski.ba\\\/\"},{\"@type\":\"ListItem\",\"position\":2,\"name\":\"Komunisti\u010dki re\u017eimi tijekom dvadesetoga stolje\u0107a ubili oko 100 milijuna ljudi\"}]},{\"@type\":\"WebSite\",\"@id\":\"https:\\\/\\\/radioljubuski.ba\\\/#website\",\"url\":\"https:\\\/\\\/radioljubuski.ba\\\/\",\"name\":\"Radio Ljubu\u0161ki\",\"description\":\"Sun\u010dana frekvencija Hercegovine\",\"publisher\":{\"@id\":\"https:\\\/\\\/radioljubuski.ba\\\/#organization\"},\"potentialAction\":[{\"@type\":\"SearchAction\",\"target\":{\"@type\":\"EntryPoint\",\"urlTemplate\":\"https:\\\/\\\/radioljubuski.ba\\\/?s={search_term_string}\"},\"query-input\":{\"@type\":\"PropertyValueSpecification\",\"valueRequired\":true,\"valueName\":\"search_term_string\"}}],\"inLanguage\":\"hr\"},{\"@type\":\"Organization\",\"@id\":\"https:\\\/\\\/radioljubuski.ba\\\/#organization\",\"name\":\"Radio Ljubu\u0161ki\",\"url\":\"https:\\\/\\\/radioljubuski.ba\\\/\",\"logo\":{\"@type\":\"ImageObject\",\"inLanguage\":\"hr\",\"@id\":\"https:\\\/\\\/radioljubuski.ba\\\/#\\\/schema\\\/logo\\\/image\\\/\",\"url\":\"https:\\\/\\\/radioljubuski.ba\\\/wp-content\\\/uploads\\\/2021\\\/02\\\/cropped-Radio_Ljubuski_logo1.jpg\",\"contentUrl\":\"https:\\\/\\\/radioljubuski.ba\\\/wp-content\\\/uploads\\\/2021\\\/02\\\/cropped-Radio_Ljubuski_logo1.jpg\",\"width\":512,\"height\":512,\"caption\":\"Radio Ljubu\u0161ki\"},\"image\":{\"@id\":\"https:\\\/\\\/radioljubuski.ba\\\/#\\\/schema\\\/logo\\\/image\\\/\"},\"sameAs\":[\"https:\\\/\\\/www.facebook.com\\\/Radiio-Ljubuski-1490835324566332\",\"https:\\\/\\\/x.com\\\/radioljubuski\",\"https:\\\/\\\/hr.linkedin.com\\\/company\\\/radio-ljubuski\",\"https:\\\/\\\/www.youtube.com\\\/channel\\\/UCHYaeO_n0Db3tjNGudGpXyw\"]},{\"@type\":\"Person\",\"@id\":\"https:\\\/\\\/radioljubuski.ba\\\/#\\\/schema\\\/person\\\/19fc700381a780f69665d7956c469e3b\",\"name\":\"Radio Ljubu\u0161ki\"}]}<\/script>\n<!-- \/ Yoast SEO plugin. -->","yoast_head_json":{"title":"Komunisti\u010dki re\u017eimi tijekom dvadesetoga stolje\u0107a ubili oko 100 milijuna ljudi - RADIO LJUBU\u0160KI","robots":{"index":"index","follow":"follow","max-snippet":"max-snippet:-1","max-image-preview":"max-image-preview:large","max-video-preview":"max-video-preview:-1"},"canonical":"https:\/\/radioljubuski.ba\/index.php\/2022\/02\/08\/komunisticki-rezimi-tijekom-dvadesetoga-stoljeca-ubili-oko-100-milijuna-ljudi\/","og_locale":"hr_HR","og_type":"article","og_title":"Komunisti\u010dki re\u017eimi tijekom dvadesetoga stolje\u0107a ubili oko 100 milijuna ljudi - RADIO LJUBU\u0160KI","og_description":"U povodu 77. obljetnice ubojstva 66 hercegova\u010dkih franjevaca u \u0160irokom Brijegu zapaljene su svije\u0107e te je slu\u017eena misa zadu\u0161nica. Prije 77 godina 7. velja\u010de 1945. godine jugokomunisti su po\u010dinili zlo\u010din nad sve\u0107enicima i franjevcima u samostanu na \u0160irokom Brijegu. Njih dvanaestoricu koje su prona\u0161li u samostanu, odveli su do ratnog skloni\u0161ta, ubili ih, polili benzinom [&hellip;]","og_url":"https:\/\/radioljubuski.ba\/index.php\/2022\/02\/08\/komunisticki-rezimi-tijekom-dvadesetoga-stoljeca-ubili-oko-100-milijuna-ljudi\/","og_site_name":"RADIO LJUBU\u0160KI","article_publisher":"https:\/\/www.facebook.com\/Radiio-Ljubuski-1490835324566332","article_published_time":"2022-02-08T09:53:51+00:00","article_modified_time":"2022-02-08T09:53:53+00:00","og_image":[{"width":612,"height":408,"url":"https:\/\/radioljubuski.ba\/wp-content\/uploads\/2022\/02\/8b5fb74124d0909b4271.jpeg","type":"image\/jpeg"}],"author":"Radio Ljubu\u0161ki","twitter_card":"summary_large_image","twitter_creator":"@radioljubuski","twitter_site":"@radioljubuski","twitter_misc":{"Napisao\/la":"Radio Ljubu\u0161ki","Procijenjeno vrijeme \u010ditanja":"3 minute"},"schema":{"@context":"https:\/\/schema.org","@graph":[{"@type":"Article","@id":"https:\/\/radioljubuski.ba\/index.php\/2022\/02\/08\/komunisticki-rezimi-tijekom-dvadesetoga-stoljeca-ubili-oko-100-milijuna-ljudi\/#article","isPartOf":{"@id":"https:\/\/radioljubuski.ba\/index.php\/2022\/02\/08\/komunisticki-rezimi-tijekom-dvadesetoga-stoljeca-ubili-oko-100-milijuna-ljudi\/"},"author":{"name":"Radio Ljubu\u0161ki","@id":"https:\/\/radioljubuski.ba\/#\/schema\/person\/19fc700381a780f69665d7956c469e3b"},"headline":"Komunisti\u010dki re\u017eimi tijekom dvadesetoga stolje\u0107a ubili oko 100 milijuna ljudi","datePublished":"2022-02-08T09:53:51+00:00","dateModified":"2022-02-08T09:53:53+00:00","mainEntityOfPage":{"@id":"https:\/\/radioljubuski.ba\/index.php\/2022\/02\/08\/komunisticki-rezimi-tijekom-dvadesetoga-stoljeca-ubili-oko-100-milijuna-ljudi\/"},"wordCount":585,"publisher":{"@id":"https:\/\/radioljubuski.ba\/#organization"},"image":{"@id":"https:\/\/radioljubuski.ba\/index.php\/2022\/02\/08\/komunisticki-rezimi-tijekom-dvadesetoga-stoljeca-ubili-oko-100-milijuna-ljudi\/#primaryimage"},"thumbnailUrl":"https:\/\/radioljubuski.ba\/wp-content\/uploads\/2022\/02\/8b5fb74124d0909b4271.jpeg","articleSection":["BIH i regija"],"inLanguage":"hr"},{"@type":"WebPage","@id":"https:\/\/radioljubuski.ba\/index.php\/2022\/02\/08\/komunisticki-rezimi-tijekom-dvadesetoga-stoljeca-ubili-oko-100-milijuna-ljudi\/","url":"https:\/\/radioljubuski.ba\/index.php\/2022\/02\/08\/komunisticki-rezimi-tijekom-dvadesetoga-stoljeca-ubili-oko-100-milijuna-ljudi\/","name":"Komunisti\u010dki re\u017eimi tijekom dvadesetoga stolje\u0107a ubili oko 100 milijuna ljudi - RADIO LJUBU\u0160KI","isPartOf":{"@id":"https:\/\/radioljubuski.ba\/#website"},"primaryImageOfPage":{"@id":"https:\/\/radioljubuski.ba\/index.php\/2022\/02\/08\/komunisticki-rezimi-tijekom-dvadesetoga-stoljeca-ubili-oko-100-milijuna-ljudi\/#primaryimage"},"image":{"@id":"https:\/\/radioljubuski.ba\/index.php\/2022\/02\/08\/komunisticki-rezimi-tijekom-dvadesetoga-stoljeca-ubili-oko-100-milijuna-ljudi\/#primaryimage"},"thumbnailUrl":"https:\/\/radioljubuski.ba\/wp-content\/uploads\/2022\/02\/8b5fb74124d0909b4271.jpeg","datePublished":"2022-02-08T09:53:51+00:00","dateModified":"2022-02-08T09:53:53+00:00","breadcrumb":{"@id":"https:\/\/radioljubuski.ba\/index.php\/2022\/02\/08\/komunisticki-rezimi-tijekom-dvadesetoga-stoljeca-ubili-oko-100-milijuna-ljudi\/#breadcrumb"},"inLanguage":"hr","potentialAction":[{"@type":"ReadAction","target":["https:\/\/radioljubuski.ba\/index.php\/2022\/02\/08\/komunisticki-rezimi-tijekom-dvadesetoga-stoljeca-ubili-oko-100-milijuna-ljudi\/"]}]},{"@type":"ImageObject","inLanguage":"hr","@id":"https:\/\/radioljubuski.ba\/index.php\/2022\/02\/08\/komunisticki-rezimi-tijekom-dvadesetoga-stoljeca-ubili-oko-100-milijuna-ljudi\/#primaryimage","url":"https:\/\/radioljubuski.ba\/wp-content\/uploads\/2022\/02\/8b5fb74124d0909b4271.jpeg","contentUrl":"https:\/\/radioljubuski.ba\/wp-content\/uploads\/2022\/02\/8b5fb74124d0909b4271.jpeg","width":612,"height":408},{"@type":"BreadcrumbList","@id":"https:\/\/radioljubuski.ba\/index.php\/2022\/02\/08\/komunisticki-rezimi-tijekom-dvadesetoga-stoljeca-ubili-oko-100-milijuna-ljudi\/#breadcrumb","itemListElement":[{"@type":"ListItem","position":1,"name":"Po\u010detna stranica","item":"https:\/\/radioljubuski.ba\/"},{"@type":"ListItem","position":2,"name":"Komunisti\u010dki re\u017eimi tijekom dvadesetoga stolje\u0107a ubili oko 100 milijuna ljudi"}]},{"@type":"WebSite","@id":"https:\/\/radioljubuski.ba\/#website","url":"https:\/\/radioljubuski.ba\/","name":"Radio Ljubu\u0161ki","description":"Sun\u010dana frekvencija Hercegovine","publisher":{"@id":"https:\/\/radioljubuski.ba\/#organization"},"potentialAction":[{"@type":"SearchAction","target":{"@type":"EntryPoint","urlTemplate":"https:\/\/radioljubuski.ba\/?s={search_term_string}"},"query-input":{"@type":"PropertyValueSpecification","valueRequired":true,"valueName":"search_term_string"}}],"inLanguage":"hr"},{"@type":"Organization","@id":"https:\/\/radioljubuski.ba\/#organization","name":"Radio Ljubu\u0161ki","url":"https:\/\/radioljubuski.ba\/","logo":{"@type":"ImageObject","inLanguage":"hr","@id":"https:\/\/radioljubuski.ba\/#\/schema\/logo\/image\/","url":"https:\/\/radioljubuski.ba\/wp-content\/uploads\/2021\/02\/cropped-Radio_Ljubuski_logo1.jpg","contentUrl":"https:\/\/radioljubuski.ba\/wp-content\/uploads\/2021\/02\/cropped-Radio_Ljubuski_logo1.jpg","width":512,"height":512,"caption":"Radio Ljubu\u0161ki"},"image":{"@id":"https:\/\/radioljubuski.ba\/#\/schema\/logo\/image\/"},"sameAs":["https:\/\/www.facebook.com\/Radiio-Ljubuski-1490835324566332","https:\/\/x.com\/radioljubuski","https:\/\/hr.linkedin.com\/company\/radio-ljubuski","https:\/\/www.youtube.com\/channel\/UCHYaeO_n0Db3tjNGudGpXyw"]},{"@type":"Person","@id":"https:\/\/radioljubuski.ba\/#\/schema\/person\/19fc700381a780f69665d7956c469e3b","name":"Radio Ljubu\u0161ki"}]}},"_links":{"self":[{"href":"https:\/\/radioljubuski.ba\/index.php\/wp-json\/wp\/v2\/posts\/111811","targetHints":{"allow":["GET"]}}],"collection":[{"href":"https:\/\/radioljubuski.ba\/index.php\/wp-json\/wp\/v2\/posts"}],"about":[{"href":"https:\/\/radioljubuski.ba\/index.php\/wp-json\/wp\/v2\/types\/post"}],"author":[{"embeddable":true,"href":"https:\/\/radioljubuski.ba\/index.php\/wp-json\/wp\/v2\/users\/2"}],"replies":[{"embeddable":true,"href":"https:\/\/radioljubuski.ba\/index.php\/wp-json\/wp\/v2\/comments?post=111811"}],"version-history":[{"count":1,"href":"https:\/\/radioljubuski.ba\/index.php\/wp-json\/wp\/v2\/posts\/111811\/revisions"}],"predecessor-version":[{"id":111813,"href":"https:\/\/radioljubuski.ba\/index.php\/wp-json\/wp\/v2\/posts\/111811\/revisions\/111813"}],"wp:featuredmedia":[{"embeddable":true,"href":"https:\/\/radioljubuski.ba\/index.php\/wp-json\/wp\/v2\/media\/111812"}],"wp:attachment":[{"href":"https:\/\/radioljubuski.ba\/index.php\/wp-json\/wp\/v2\/media?parent=111811"}],"wp:term":[{"taxonomy":"category","embeddable":true,"href":"https:\/\/radioljubuski.ba\/index.php\/wp-json\/wp\/v2\/categories?post=111811"},{"taxonomy":"post_tag","embeddable":true,"href":"https:\/\/radioljubuski.ba\/index.php\/wp-json\/wp\/v2\/tags?post=111811"}],"curies":[{"name":"wp","href":"https:\/\/api.w.org\/{rel}","templated":true}]}}