{"id":111817,"date":"2022-02-08T11:08:21","date_gmt":"2022-02-08T10:08:21","guid":{"rendered":"https:\/\/radioljubuski.ba\/?p=111817"},"modified":"2022-02-08T11:08:22","modified_gmt":"2022-02-08T10:08:22","slug":"covic-venecijanska-komisija-je-potvrdila-da-nema-nista-sporno-ni-u-dvije-izborne-jedinice-u-fbih-nema-uvjeta-za-zakonito-odrzavanje-izbora","status":"publish","type":"post","link":"https:\/\/radioljubuski.ba\/index.php\/2022\/02\/08\/covic-venecijanska-komisija-je-potvrdila-da-nema-nista-sporno-ni-u-dvije-izborne-jedinice-u-fbih-nema-uvjeta-za-zakonito-odrzavanje-izbora\/","title":{"rendered":"\u010covi\u0107: Venecijanska komisija je potvrdila da nema ni\u0161ta sporno ni u dvije izborne jedinice u FBiH, nema uvjeta za zakonito odr\u017eavanje izbora"},"content":{"rendered":"\n<p><strong>Predsjednik HDZ-a BiH Dragan \u010covi\u0107, nakon dana\u0161nje zajedni\u010dke sjednice Predsjedni\u0161tava HDZ-a BiH i HDZ-a RH, izjavio je kako je Venecijanska komisija potvrdila kako je hrvatski prijedlog promjena Izbornog zakona BiH u potpunosti u skladu sa svim presudama Europskog suda za ljudska prava. \u0160tovi\u0161e, potvrdila je i kako je nema ni\u0161ta problemati\u010dno ni u formiranju dviju izbornih jedinica, hrvatske i bo\u0161nja\u010dke, na teritoriju FBIH. Tako\u0111er, rekao je kako nema uvjeta za zakonito odr\u017eavanje izbora.<\/strong><\/p>\n\n\n\n<p>\u201cOdluka Ustavnoga suda BiH u predmetu Ljubi\u0107 je stavila izvan snage dijelove Izbornog suda. Jasno se ka\u017ee kako se promjene moraju napraviti u Parlamentarnoj skup\u0161tini BiH. Kako to nije u\u010dinjeno, onda je jasno da nema uvjeta za odr\u017eavanje izbora, unato\u010d tomu \u0161to smo \u010duli od me\u0111unarodnih predstavnika. To sam tijekom vikenda rekao i g.Schmidtu. Ni\u010dim izazvan je ohrabrio jednu stranu u Neumu da ne do\u0111e do dogovora. Danas nema preduvjeta za organizaciju izbora. Ne\u0161to sli\u010dno kao \u0161to je bilo za Mostar. Ipak, vjerujem da \u0107emo promijeniti Izborni zakon i da ovo ne\u0107e biti tema.\u201d<\/p>\n\n\n\n<p>Objasnio kako su problemi na pregovorima u Neumu nastali kad su se bo\u0161nja\u010dki politi\u010dki predstavnici uvjerili da Venecijanska komisija smatra kako nema ni\u0161ta sporno s hrvatskim prijedlogom. tad su, ka\u017ee, po\u010dela eskiviranja bilo kakvog dogovora, prenosi<a href=\"https:\/\/www.dnevnik.ba\/vijesti\/covic-venecijanska-komisija-je-potvrdila-da-nema-nista-sporno-ni-u-dvije-izborne-jedinice-u-fbih-nema-uvjeta-za-zakonito-odrzavanje-izbora-2626406\"> Dnevnik.ba<\/a>.<\/p>\n\n\n\n<p>\u201c\u0160to se \u010dlanova Predsjedni\u0161tva ti\u010de, svi modeli koji su bili na stolu su elektorski. Temelj je struktura stanovni\u0161tva \u017eupanija. Svi modaliteti su i\u0161li u tom pravcu. Klju\u010dno je imamo li jednu ili dvije liste u FBiH. Venecijanska komisija je jasno rekla kako nema problema oko dvije izborne jedinice u FBiH kao ni u elektorskom modelu. Budu\u0107i da kolege Bo\u0161njaci imaju dvojbe oko dvije izborne jedinice, onda smo pristali na model koji je utemeljen na sada\u0161njem stanju, odnosno modelu s dvije izborne liste\u201d, izjavio je \u010covi\u0107.<\/p>\n\n\n\n<p>Bo\u0161nja\u010dke kolege su, istaknuo je, dale svoj prijedlog tek zadnji dan pregovora u Neumu. Oni su predlo\u017eili samo jednu listu, za razliku od sada\u0161nje dvije, s koje se biraju svi kandidati za hrvatskog i bo\u0161nja\u010dkog \u010dlana Predsjedni\u0161tva. Kakao je objasnio, to ponovna vra\u0107a u igru plutaju\u0107e izborne jedinice.<\/p>\n\n\n\n<p>\u201cNo to ujedno otvara vrata i brojnim mogu\u0107im manipulacijama. Uz malo dogovora dvije jake stranke mo\u017ee se Hrvatima opet nametnuti \u010dlan Predsjedni\u0161tva. Taj model je apsolutno neprihvatljiv. Prihvatljiv model mora omogu\u0107iti nesmetano legitimno politi\u010dko predstavljanje konstitutivnih naroda u domovima naroda i Predsjedni\u0161tvu BiH\u201d, rekao je Predsjednik HDZ-a BiH.<\/p>\n\n\n\n<p>\u201cU Banja Luku sam oti\u0161ao na poziv vodstva NSRS. To je izazvalo lavinu reakcija iz politi\u010dkog Sarajeva. Oti\u0161ao sam da rije\u0161imo pitanje povratka u institucije BiH, da ka\u017eem da trebamo \u010duvati ustav BiH, a RS je dio tog Ustava, da ka\u017eem da gra\u0111anska BiH nije rje\u0161enje, kao i zbog hrvatskog naroda u RS. Ona je realnost i \u010dinjenica. Svi koji po\u0161tuju Ustav moraju po\u0161tovati i RS. Ako je neka rije\u010d moja izvu\u010dena iz konteksta i tako nekog povrijedila, to je neko drugo pitanje. U Neumu su razgovarali predstavnici Hrvata i Bo\u0161njaka, bez Srba. Mi \u017eelimo predstavnike RS vratiti u Parlament\u201d, rekao je \u010covi\u0107 te dodao kako su stranke zastupljene u NSRS potrebne kao partneri da bismo ne\u0161to usvojili na razini BiH.<\/p>\n\n\n\n<p>Istaknuo je i kako ima podr\u0161ku HDZ-a RH za svoje aktivnosti u pogledu reforme Izbornog zakona BiH.<\/p>\n\n\n\n<p>\u201cHDZ RH nam je dao punu potporu ovom \u0161to radimo. HDZ Hrvatske podr\u017eava na\u0161 rad. Njihova je zasluga rast utjecaja na sve one koji \u017eele i\u0161ta \u010duti o BiH, mada takvih nema puno. To je ipak velika zasluga g. Plenkovi\u0107a i g. Grli\u0107 Radmana. No razgovarao sam i s predsjednikom Milanovi\u0107em, i premijerom Plenkovi\u0107em. Svi su jako zainteresirani i zabrinuti \u0161to \u0107e se dogoditi u BiH\u201d, rekao je \u010covi\u0107.<\/p>\n\n\n\n<p>\/HMS\/<\/p>\n","protected":false},"excerpt":{"rendered":"<p>Predsjednik HDZ-a BiH Dragan \u010covi\u0107, nakon dana\u0161nje zajedni\u010dke sjednice Predsjedni\u0161tava HDZ-a BiH i HDZ-a RH, izjavio je kako je Venecijanska komisija potvrdila kako je hrvatski prijedlog promjena Izbornog zakona BiH u potpunosti u skladu sa svim presudama Europskog suda za ljudska prava. \u0160tovi\u0161e, potvrdila je i kako je nema ni\u0161ta problemati\u010dno ni u formiranju dviju [&hellip;]<\/p>\n","protected":false},"author":2,"featured_media":111818,"comment_status":"closed","ping_status":"closed","sticky":false,"template":"","format":"standard","meta":{"h5ap_radio_sources":[],"footnotes":""},"categories":[1],"tags":[],"class_list":["post-111817","post","type-post","status-publish","format-standard","has-post-thumbnail","hentry","category-bihiregija"],"yoast_head":"<!-- This site is optimized with the Yoast SEO plugin v27.4 - https:\/\/yoast.com\/product\/yoast-seo-wordpress\/ -->\n<title>\u010covi\u0107: Venecijanska komisija je potvrdila da nema ni\u0161ta sporno ni u dvije izborne jedinice u FBiH, nema uvjeta za zakonito odr\u017eavanje izbora - RADIO LJUBU\u0160KI<\/title>\n<meta name=\"robots\" content=\"index, follow, max-snippet:-1, max-image-preview:large, max-video-preview:-1\" \/>\n<link rel=\"canonical\" href=\"https:\/\/radioljubuski.ba\/index.php\/2022\/02\/08\/covic-venecijanska-komisija-je-potvrdila-da-nema-nista-sporno-ni-u-dvije-izborne-jedinice-u-fbih-nema-uvjeta-za-zakonito-odrzavanje-izbora\/\" \/>\n<meta property=\"og:locale\" content=\"hr_HR\" \/>\n<meta property=\"og:type\" content=\"article\" \/>\n<meta property=\"og:title\" content=\"\u010covi\u0107: Venecijanska komisija je potvrdila da nema ni\u0161ta sporno ni u dvije izborne jedinice u FBiH, nema uvjeta za zakonito odr\u017eavanje izbora - RADIO LJUBU\u0160KI\" \/>\n<meta property=\"og:description\" content=\"Predsjednik HDZ-a BiH Dragan \u010covi\u0107, nakon dana\u0161nje zajedni\u010dke sjednice Predsjedni\u0161tava HDZ-a BiH i HDZ-a RH, izjavio je kako je Venecijanska komisija potvrdila kako je hrvatski prijedlog promjena Izbornog zakona BiH u potpunosti u skladu sa svim presudama Europskog suda za ljudska prava. \u0160tovi\u0161e, potvrdila je i kako je nema ni\u0161ta problemati\u010dno ni u formiranju dviju [&hellip;]\" \/>\n<meta property=\"og:url\" content=\"https:\/\/radioljubuski.ba\/index.php\/2022\/02\/08\/covic-venecijanska-komisija-je-potvrdila-da-nema-nista-sporno-ni-u-dvije-izborne-jedinice-u-fbih-nema-uvjeta-za-zakonito-odrzavanje-izbora\/\" \/>\n<meta property=\"og:site_name\" content=\"RADIO LJUBU\u0160KI\" \/>\n<meta property=\"article:publisher\" content=\"https:\/\/www.facebook.com\/Radiio-Ljubuski-1490835324566332\" \/>\n<meta property=\"article:published_time\" content=\"2022-02-08T10:08:21+00:00\" \/>\n<meta property=\"article:modified_time\" content=\"2022-02-08T10:08:22+00:00\" \/>\n<meta property=\"og:image\" content=\"https:\/\/radioljubuski.ba\/wp-content\/uploads\/2022\/02\/o_106318_1024-e1644251261901.jpg\" \/>\n\t<meta property=\"og:image:width\" content=\"535\" \/>\n\t<meta property=\"og:image:height\" content=\"291\" \/>\n\t<meta property=\"og:image:type\" content=\"image\/jpeg\" \/>\n<meta name=\"author\" content=\"Radio Ljubu\u0161ki\" \/>\n<meta name=\"twitter:card\" content=\"summary_large_image\" \/>\n<meta name=\"twitter:creator\" content=\"@radioljubuski\" \/>\n<meta name=\"twitter:site\" content=\"@radioljubuski\" \/>\n<meta name=\"twitter:label1\" content=\"Napisao\/la\" \/>\n\t<meta name=\"twitter:data1\" content=\"Radio Ljubu\u0161ki\" \/>\n\t<meta name=\"twitter:label2\" content=\"Procijenjeno vrijeme \u010ditanja\" \/>\n\t<meta name=\"twitter:data2\" content=\"3 minute\" \/>\n<script type=\"application\/ld+json\" class=\"yoast-schema-graph\">{\"@context\":\"https:\\\/\\\/schema.org\",\"@graph\":[{\"@type\":\"Article\",\"@id\":\"https:\\\/\\\/radioljubuski.ba\\\/index.php\\\/2022\\\/02\\\/08\\\/covic-venecijanska-komisija-je-potvrdila-da-nema-nista-sporno-ni-u-dvije-izborne-jedinice-u-fbih-nema-uvjeta-za-zakonito-odrzavanje-izbora\\\/#article\",\"isPartOf\":{\"@id\":\"https:\\\/\\\/radioljubuski.ba\\\/index.php\\\/2022\\\/02\\\/08\\\/covic-venecijanska-komisija-je-potvrdila-da-nema-nista-sporno-ni-u-dvije-izborne-jedinice-u-fbih-nema-uvjeta-za-zakonito-odrzavanje-izbora\\\/\"},\"author\":{\"name\":\"Radio Ljubu\u0161ki\",\"@id\":\"https:\\\/\\\/radioljubuski.ba\\\/#\\\/schema\\\/person\\\/19fc700381a780f69665d7956c469e3b\"},\"headline\":\"\u010covi\u0107: Venecijanska komisija je potvrdila da nema ni\u0161ta sporno ni u dvije izborne jedinice u FBiH, nema uvjeta za zakonito odr\u017eavanje izbora\",\"datePublished\":\"2022-02-08T10:08:21+00:00\",\"dateModified\":\"2022-02-08T10:08:22+00:00\",\"mainEntityOfPage\":{\"@id\":\"https:\\\/\\\/radioljubuski.ba\\\/index.php\\\/2022\\\/02\\\/08\\\/covic-venecijanska-komisija-je-potvrdila-da-nema-nista-sporno-ni-u-dvije-izborne-jedinice-u-fbih-nema-uvjeta-za-zakonito-odrzavanje-izbora\\\/\"},\"wordCount\":687,\"publisher\":{\"@id\":\"https:\\\/\\\/radioljubuski.ba\\\/#organization\"},\"image\":{\"@id\":\"https:\\\/\\\/radioljubuski.ba\\\/index.php\\\/2022\\\/02\\\/08\\\/covic-venecijanska-komisija-je-potvrdila-da-nema-nista-sporno-ni-u-dvije-izborne-jedinice-u-fbih-nema-uvjeta-za-zakonito-odrzavanje-izbora\\\/#primaryimage\"},\"thumbnailUrl\":\"https:\\\/\\\/radioljubuski.ba\\\/wp-content\\\/uploads\\\/2022\\\/02\\\/o_106318_1024-e1644251261901.jpg\",\"articleSection\":[\"BIH i regija\"],\"inLanguage\":\"hr\"},{\"@type\":\"WebPage\",\"@id\":\"https:\\\/\\\/radioljubuski.ba\\\/index.php\\\/2022\\\/02\\\/08\\\/covic-venecijanska-komisija-je-potvrdila-da-nema-nista-sporno-ni-u-dvije-izborne-jedinice-u-fbih-nema-uvjeta-za-zakonito-odrzavanje-izbora\\\/\",\"url\":\"https:\\\/\\\/radioljubuski.ba\\\/index.php\\\/2022\\\/02\\\/08\\\/covic-venecijanska-komisija-je-potvrdila-da-nema-nista-sporno-ni-u-dvije-izborne-jedinice-u-fbih-nema-uvjeta-za-zakonito-odrzavanje-izbora\\\/\",\"name\":\"\u010covi\u0107: Venecijanska komisija je potvrdila da nema ni\u0161ta sporno ni u dvije izborne jedinice u FBiH, nema uvjeta za zakonito odr\u017eavanje izbora - RADIO LJUBU\u0160KI\",\"isPartOf\":{\"@id\":\"https:\\\/\\\/radioljubuski.ba\\\/#website\"},\"primaryImageOfPage\":{\"@id\":\"https:\\\/\\\/radioljubuski.ba\\\/index.php\\\/2022\\\/02\\\/08\\\/covic-venecijanska-komisija-je-potvrdila-da-nema-nista-sporno-ni-u-dvije-izborne-jedinice-u-fbih-nema-uvjeta-za-zakonito-odrzavanje-izbora\\\/#primaryimage\"},\"image\":{\"@id\":\"https:\\\/\\\/radioljubuski.ba\\\/index.php\\\/2022\\\/02\\\/08\\\/covic-venecijanska-komisija-je-potvrdila-da-nema-nista-sporno-ni-u-dvije-izborne-jedinice-u-fbih-nema-uvjeta-za-zakonito-odrzavanje-izbora\\\/#primaryimage\"},\"thumbnailUrl\":\"https:\\\/\\\/radioljubuski.ba\\\/wp-content\\\/uploads\\\/2022\\\/02\\\/o_106318_1024-e1644251261901.jpg\",\"datePublished\":\"2022-02-08T10:08:21+00:00\",\"dateModified\":\"2022-02-08T10:08:22+00:00\",\"breadcrumb\":{\"@id\":\"https:\\\/\\\/radioljubuski.ba\\\/index.php\\\/2022\\\/02\\\/08\\\/covic-venecijanska-komisija-je-potvrdila-da-nema-nista-sporno-ni-u-dvije-izborne-jedinice-u-fbih-nema-uvjeta-za-zakonito-odrzavanje-izbora\\\/#breadcrumb\"},\"inLanguage\":\"hr\",\"potentialAction\":[{\"@type\":\"ReadAction\",\"target\":[\"https:\\\/\\\/radioljubuski.ba\\\/index.php\\\/2022\\\/02\\\/08\\\/covic-venecijanska-komisija-je-potvrdila-da-nema-nista-sporno-ni-u-dvije-izborne-jedinice-u-fbih-nema-uvjeta-za-zakonito-odrzavanje-izbora\\\/\"]}]},{\"@type\":\"ImageObject\",\"inLanguage\":\"hr\",\"@id\":\"https:\\\/\\\/radioljubuski.ba\\\/index.php\\\/2022\\\/02\\\/08\\\/covic-venecijanska-komisija-je-potvrdila-da-nema-nista-sporno-ni-u-dvije-izborne-jedinice-u-fbih-nema-uvjeta-za-zakonito-odrzavanje-izbora\\\/#primaryimage\",\"url\":\"https:\\\/\\\/radioljubuski.ba\\\/wp-content\\\/uploads\\\/2022\\\/02\\\/o_106318_1024-e1644251261901.jpg\",\"contentUrl\":\"https:\\\/\\\/radioljubuski.ba\\\/wp-content\\\/uploads\\\/2022\\\/02\\\/o_106318_1024-e1644251261901.jpg\",\"width\":535,\"height\":291},{\"@type\":\"BreadcrumbList\",\"@id\":\"https:\\\/\\\/radioljubuski.ba\\\/index.php\\\/2022\\\/02\\\/08\\\/covic-venecijanska-komisija-je-potvrdila-da-nema-nista-sporno-ni-u-dvije-izborne-jedinice-u-fbih-nema-uvjeta-za-zakonito-odrzavanje-izbora\\\/#breadcrumb\",\"itemListElement\":[{\"@type\":\"ListItem\",\"position\":1,\"name\":\"Po\u010detna stranica\",\"item\":\"https:\\\/\\\/radioljubuski.ba\\\/\"},{\"@type\":\"ListItem\",\"position\":2,\"name\":\"\u010covi\u0107: Venecijanska komisija je potvrdila da nema ni\u0161ta sporno ni u dvije izborne jedinice u FBiH, nema uvjeta za zakonito odr\u017eavanje izbora\"}]},{\"@type\":\"WebSite\",\"@id\":\"https:\\\/\\\/radioljubuski.ba\\\/#website\",\"url\":\"https:\\\/\\\/radioljubuski.ba\\\/\",\"name\":\"Radio Ljubu\u0161ki\",\"description\":\"Sun\u010dana frekvencija Hercegovine\",\"publisher\":{\"@id\":\"https:\\\/\\\/radioljubuski.ba\\\/#organization\"},\"potentialAction\":[{\"@type\":\"SearchAction\",\"target\":{\"@type\":\"EntryPoint\",\"urlTemplate\":\"https:\\\/\\\/radioljubuski.ba\\\/?s={search_term_string}\"},\"query-input\":{\"@type\":\"PropertyValueSpecification\",\"valueRequired\":true,\"valueName\":\"search_term_string\"}}],\"inLanguage\":\"hr\"},{\"@type\":\"Organization\",\"@id\":\"https:\\\/\\\/radioljubuski.ba\\\/#organization\",\"name\":\"Radio Ljubu\u0161ki\",\"url\":\"https:\\\/\\\/radioljubuski.ba\\\/\",\"logo\":{\"@type\":\"ImageObject\",\"inLanguage\":\"hr\",\"@id\":\"https:\\\/\\\/radioljubuski.ba\\\/#\\\/schema\\\/logo\\\/image\\\/\",\"url\":\"https:\\\/\\\/radioljubuski.ba\\\/wp-content\\\/uploads\\\/2021\\\/02\\\/cropped-Radio_Ljubuski_logo1.jpg\",\"contentUrl\":\"https:\\\/\\\/radioljubuski.ba\\\/wp-content\\\/uploads\\\/2021\\\/02\\\/cropped-Radio_Ljubuski_logo1.jpg\",\"width\":512,\"height\":512,\"caption\":\"Radio Ljubu\u0161ki\"},\"image\":{\"@id\":\"https:\\\/\\\/radioljubuski.ba\\\/#\\\/schema\\\/logo\\\/image\\\/\"},\"sameAs\":[\"https:\\\/\\\/www.facebook.com\\\/Radiio-Ljubuski-1490835324566332\",\"https:\\\/\\\/x.com\\\/radioljubuski\",\"https:\\\/\\\/hr.linkedin.com\\\/company\\\/radio-ljubuski\",\"https:\\\/\\\/www.youtube.com\\\/channel\\\/UCHYaeO_n0Db3tjNGudGpXyw\"]},{\"@type\":\"Person\",\"@id\":\"https:\\\/\\\/radioljubuski.ba\\\/#\\\/schema\\\/person\\\/19fc700381a780f69665d7956c469e3b\",\"name\":\"Radio Ljubu\u0161ki\"}]}<\/script>\n<!-- \/ Yoast SEO plugin. -->","yoast_head_json":{"title":"\u010covi\u0107: Venecijanska komisija je potvrdila da nema ni\u0161ta sporno ni u dvije izborne jedinice u FBiH, nema uvjeta za zakonito odr\u017eavanje izbora - RADIO LJUBU\u0160KI","robots":{"index":"index","follow":"follow","max-snippet":"max-snippet:-1","max-image-preview":"max-image-preview:large","max-video-preview":"max-video-preview:-1"},"canonical":"https:\/\/radioljubuski.ba\/index.php\/2022\/02\/08\/covic-venecijanska-komisija-je-potvrdila-da-nema-nista-sporno-ni-u-dvije-izborne-jedinice-u-fbih-nema-uvjeta-za-zakonito-odrzavanje-izbora\/","og_locale":"hr_HR","og_type":"article","og_title":"\u010covi\u0107: Venecijanska komisija je potvrdila da nema ni\u0161ta sporno ni u dvije izborne jedinice u FBiH, nema uvjeta za zakonito odr\u017eavanje izbora - RADIO LJUBU\u0160KI","og_description":"Predsjednik HDZ-a BiH Dragan \u010covi\u0107, nakon dana\u0161nje zajedni\u010dke sjednice Predsjedni\u0161tava HDZ-a BiH i HDZ-a RH, izjavio je kako je Venecijanska komisija potvrdila kako je hrvatski prijedlog promjena Izbornog zakona BiH u potpunosti u skladu sa svim presudama Europskog suda za ljudska prava. \u0160tovi\u0161e, potvrdila je i kako je nema ni\u0161ta problemati\u010dno ni u formiranju dviju [&hellip;]","og_url":"https:\/\/radioljubuski.ba\/index.php\/2022\/02\/08\/covic-venecijanska-komisija-je-potvrdila-da-nema-nista-sporno-ni-u-dvije-izborne-jedinice-u-fbih-nema-uvjeta-za-zakonito-odrzavanje-izbora\/","og_site_name":"RADIO LJUBU\u0160KI","article_publisher":"https:\/\/www.facebook.com\/Radiio-Ljubuski-1490835324566332","article_published_time":"2022-02-08T10:08:21+00:00","article_modified_time":"2022-02-08T10:08:22+00:00","og_image":[{"width":535,"height":291,"url":"https:\/\/radioljubuski.ba\/wp-content\/uploads\/2022\/02\/o_106318_1024-e1644251261901.jpg","type":"image\/jpeg"}],"author":"Radio Ljubu\u0161ki","twitter_card":"summary_large_image","twitter_creator":"@radioljubuski","twitter_site":"@radioljubuski","twitter_misc":{"Napisao\/la":"Radio Ljubu\u0161ki","Procijenjeno vrijeme \u010ditanja":"3 minute"},"schema":{"@context":"https:\/\/schema.org","@graph":[{"@type":"Article","@id":"https:\/\/radioljubuski.ba\/index.php\/2022\/02\/08\/covic-venecijanska-komisija-je-potvrdila-da-nema-nista-sporno-ni-u-dvije-izborne-jedinice-u-fbih-nema-uvjeta-za-zakonito-odrzavanje-izbora\/#article","isPartOf":{"@id":"https:\/\/radioljubuski.ba\/index.php\/2022\/02\/08\/covic-venecijanska-komisija-je-potvrdila-da-nema-nista-sporno-ni-u-dvije-izborne-jedinice-u-fbih-nema-uvjeta-za-zakonito-odrzavanje-izbora\/"},"author":{"name":"Radio Ljubu\u0161ki","@id":"https:\/\/radioljubuski.ba\/#\/schema\/person\/19fc700381a780f69665d7956c469e3b"},"headline":"\u010covi\u0107: Venecijanska komisija je potvrdila da nema ni\u0161ta sporno ni u dvije izborne jedinice u FBiH, nema uvjeta za zakonito odr\u017eavanje izbora","datePublished":"2022-02-08T10:08:21+00:00","dateModified":"2022-02-08T10:08:22+00:00","mainEntityOfPage":{"@id":"https:\/\/radioljubuski.ba\/index.php\/2022\/02\/08\/covic-venecijanska-komisija-je-potvrdila-da-nema-nista-sporno-ni-u-dvije-izborne-jedinice-u-fbih-nema-uvjeta-za-zakonito-odrzavanje-izbora\/"},"wordCount":687,"publisher":{"@id":"https:\/\/radioljubuski.ba\/#organization"},"image":{"@id":"https:\/\/radioljubuski.ba\/index.php\/2022\/02\/08\/covic-venecijanska-komisija-je-potvrdila-da-nema-nista-sporno-ni-u-dvije-izborne-jedinice-u-fbih-nema-uvjeta-za-zakonito-odrzavanje-izbora\/#primaryimage"},"thumbnailUrl":"https:\/\/radioljubuski.ba\/wp-content\/uploads\/2022\/02\/o_106318_1024-e1644251261901.jpg","articleSection":["BIH i regija"],"inLanguage":"hr"},{"@type":"WebPage","@id":"https:\/\/radioljubuski.ba\/index.php\/2022\/02\/08\/covic-venecijanska-komisija-je-potvrdila-da-nema-nista-sporno-ni-u-dvije-izborne-jedinice-u-fbih-nema-uvjeta-za-zakonito-odrzavanje-izbora\/","url":"https:\/\/radioljubuski.ba\/index.php\/2022\/02\/08\/covic-venecijanska-komisija-je-potvrdila-da-nema-nista-sporno-ni-u-dvije-izborne-jedinice-u-fbih-nema-uvjeta-za-zakonito-odrzavanje-izbora\/","name":"\u010covi\u0107: Venecijanska komisija je potvrdila da nema ni\u0161ta sporno ni u dvije izborne jedinice u FBiH, nema uvjeta za zakonito odr\u017eavanje izbora - RADIO LJUBU\u0160KI","isPartOf":{"@id":"https:\/\/radioljubuski.ba\/#website"},"primaryImageOfPage":{"@id":"https:\/\/radioljubuski.ba\/index.php\/2022\/02\/08\/covic-venecijanska-komisija-je-potvrdila-da-nema-nista-sporno-ni-u-dvije-izborne-jedinice-u-fbih-nema-uvjeta-za-zakonito-odrzavanje-izbora\/#primaryimage"},"image":{"@id":"https:\/\/radioljubuski.ba\/index.php\/2022\/02\/08\/covic-venecijanska-komisija-je-potvrdila-da-nema-nista-sporno-ni-u-dvije-izborne-jedinice-u-fbih-nema-uvjeta-za-zakonito-odrzavanje-izbora\/#primaryimage"},"thumbnailUrl":"https:\/\/radioljubuski.ba\/wp-content\/uploads\/2022\/02\/o_106318_1024-e1644251261901.jpg","datePublished":"2022-02-08T10:08:21+00:00","dateModified":"2022-02-08T10:08:22+00:00","breadcrumb":{"@id":"https:\/\/radioljubuski.ba\/index.php\/2022\/02\/08\/covic-venecijanska-komisija-je-potvrdila-da-nema-nista-sporno-ni-u-dvije-izborne-jedinice-u-fbih-nema-uvjeta-za-zakonito-odrzavanje-izbora\/#breadcrumb"},"inLanguage":"hr","potentialAction":[{"@type":"ReadAction","target":["https:\/\/radioljubuski.ba\/index.php\/2022\/02\/08\/covic-venecijanska-komisija-je-potvrdila-da-nema-nista-sporno-ni-u-dvije-izborne-jedinice-u-fbih-nema-uvjeta-za-zakonito-odrzavanje-izbora\/"]}]},{"@type":"ImageObject","inLanguage":"hr","@id":"https:\/\/radioljubuski.ba\/index.php\/2022\/02\/08\/covic-venecijanska-komisija-je-potvrdila-da-nema-nista-sporno-ni-u-dvije-izborne-jedinice-u-fbih-nema-uvjeta-za-zakonito-odrzavanje-izbora\/#primaryimage","url":"https:\/\/radioljubuski.ba\/wp-content\/uploads\/2022\/02\/o_106318_1024-e1644251261901.jpg","contentUrl":"https:\/\/radioljubuski.ba\/wp-content\/uploads\/2022\/02\/o_106318_1024-e1644251261901.jpg","width":535,"height":291},{"@type":"BreadcrumbList","@id":"https:\/\/radioljubuski.ba\/index.php\/2022\/02\/08\/covic-venecijanska-komisija-je-potvrdila-da-nema-nista-sporno-ni-u-dvije-izborne-jedinice-u-fbih-nema-uvjeta-za-zakonito-odrzavanje-izbora\/#breadcrumb","itemListElement":[{"@type":"ListItem","position":1,"name":"Po\u010detna stranica","item":"https:\/\/radioljubuski.ba\/"},{"@type":"ListItem","position":2,"name":"\u010covi\u0107: Venecijanska komisija je potvrdila da nema ni\u0161ta sporno ni u dvije izborne jedinice u FBiH, nema uvjeta za zakonito odr\u017eavanje izbora"}]},{"@type":"WebSite","@id":"https:\/\/radioljubuski.ba\/#website","url":"https:\/\/radioljubuski.ba\/","name":"Radio Ljubu\u0161ki","description":"Sun\u010dana frekvencija Hercegovine","publisher":{"@id":"https:\/\/radioljubuski.ba\/#organization"},"potentialAction":[{"@type":"SearchAction","target":{"@type":"EntryPoint","urlTemplate":"https:\/\/radioljubuski.ba\/?s={search_term_string}"},"query-input":{"@type":"PropertyValueSpecification","valueRequired":true,"valueName":"search_term_string"}}],"inLanguage":"hr"},{"@type":"Organization","@id":"https:\/\/radioljubuski.ba\/#organization","name":"Radio Ljubu\u0161ki","url":"https:\/\/radioljubuski.ba\/","logo":{"@type":"ImageObject","inLanguage":"hr","@id":"https:\/\/radioljubuski.ba\/#\/schema\/logo\/image\/","url":"https:\/\/radioljubuski.ba\/wp-content\/uploads\/2021\/02\/cropped-Radio_Ljubuski_logo1.jpg","contentUrl":"https:\/\/radioljubuski.ba\/wp-content\/uploads\/2021\/02\/cropped-Radio_Ljubuski_logo1.jpg","width":512,"height":512,"caption":"Radio Ljubu\u0161ki"},"image":{"@id":"https:\/\/radioljubuski.ba\/#\/schema\/logo\/image\/"},"sameAs":["https:\/\/www.facebook.com\/Radiio-Ljubuski-1490835324566332","https:\/\/x.com\/radioljubuski","https:\/\/hr.linkedin.com\/company\/radio-ljubuski","https:\/\/www.youtube.com\/channel\/UCHYaeO_n0Db3tjNGudGpXyw"]},{"@type":"Person","@id":"https:\/\/radioljubuski.ba\/#\/schema\/person\/19fc700381a780f69665d7956c469e3b","name":"Radio Ljubu\u0161ki"}]}},"_links":{"self":[{"href":"https:\/\/radioljubuski.ba\/index.php\/wp-json\/wp\/v2\/posts\/111817","targetHints":{"allow":["GET"]}}],"collection":[{"href":"https:\/\/radioljubuski.ba\/index.php\/wp-json\/wp\/v2\/posts"}],"about":[{"href":"https:\/\/radioljubuski.ba\/index.php\/wp-json\/wp\/v2\/types\/post"}],"author":[{"embeddable":true,"href":"https:\/\/radioljubuski.ba\/index.php\/wp-json\/wp\/v2\/users\/2"}],"replies":[{"embeddable":true,"href":"https:\/\/radioljubuski.ba\/index.php\/wp-json\/wp\/v2\/comments?post=111817"}],"version-history":[{"count":1,"href":"https:\/\/radioljubuski.ba\/index.php\/wp-json\/wp\/v2\/posts\/111817\/revisions"}],"predecessor-version":[{"id":111819,"href":"https:\/\/radioljubuski.ba\/index.php\/wp-json\/wp\/v2\/posts\/111817\/revisions\/111819"}],"wp:featuredmedia":[{"embeddable":true,"href":"https:\/\/radioljubuski.ba\/index.php\/wp-json\/wp\/v2\/media\/111818"}],"wp:attachment":[{"href":"https:\/\/radioljubuski.ba\/index.php\/wp-json\/wp\/v2\/media?parent=111817"}],"wp:term":[{"taxonomy":"category","embeddable":true,"href":"https:\/\/radioljubuski.ba\/index.php\/wp-json\/wp\/v2\/categories?post=111817"},{"taxonomy":"post_tag","embeddable":true,"href":"https:\/\/radioljubuski.ba\/index.php\/wp-json\/wp\/v2\/tags?post=111817"}],"curies":[{"name":"wp","href":"https:\/\/api.w.org\/{rel}","templated":true}]}}