{"id":111820,"date":"2022-02-08T11:09:34","date_gmt":"2022-02-08T10:09:34","guid":{"rendered":"https:\/\/radioljubuski.ba\/?p=111820"},"modified":"2022-02-08T11:09:35","modified_gmt":"2022-02-08T10:09:35","slug":"podrska-hdz-hrvatske-politici-koju-provodi-hdz-bih-oko-izmjena-izbornog-zakona","status":"publish","type":"post","link":"https:\/\/radioljubuski.ba\/index.php\/2022\/02\/08\/podrska-hdz-hrvatske-politici-koju-provodi-hdz-bih-oko-izmjena-izbornog-zakona\/","title":{"rendered":"Podr\u0161ka HDZ Hrvatske politici koju provodi HDZ BiH oko izmjena Izbornog zakona"},"content":{"rendered":"\n<p><strong>U Domu HDZ-a BiH u Mostaru odr\u017eana je 28. redovita sjednica Predsjedni\u0161tva HDZ-a BiH. Tako\u0111er, dana\u0161njoj sjednici putem videolinka pridru\u017eilo se i Predsjedni\u0161tvo HDZ-a RH s predsjednikom Vlade RH Andrejem Plenkovi\u0107em. Fokus razgovora sa sestrinskom organizacijom odnosio se na aktualne politi\u010dke okolnosti.<\/strong><\/p>\n\n\n\n<p>Predsjedni\u0161tva HDZ-a BiH i HDZ-a zajedni\u010dki su zaklju\u010dili:<\/p>\n\n\n\n<p>1. Podr\u0161ka HDZ-a Republike Hrvatske politici koju provode HDZ BiH, HNS i Hrvatima u BiH oko svih aktivnosti oko reforme izbornog zakonodavstva koje \u0107e osigurati legitimno politi\u010dko predstavljanje i jednakopravnost hrvatskog naroda definirano Sporazumom iz Mostara.<\/p>\n\n\n\n<p>2. Podr\u0161ka hrvatskim pravnim prijedlozima rje\u0161enja koji su u skladu s europskim vrijednostima, za \u0161to su dobili i pozitivna stajali\u0161ta Venecijanske komisije.<\/p>\n\n\n\n<p>3. Potpora politi\u010dkoj koheziji svih stranaka HNS-a i zajedni\u010dkog djelovanja u budu\u0107nosti.<\/p>\n\n\n\n<p>4. Podr\u0161ka nastavku \u017eurnih politi\u010dkih razgovora koji se nastavljaju u \u010detvrtak, 10. velja\u010de.<\/p>\n\n\n\n<p>5. HDZ RH i svi du\u017enosnici \u0107e nastaviti kontinuirano biti potpora za sve projekte Hrvata u BiH i integracijskim procesima BiH prema EU.<\/p>\n\n\n\n<p>Na sjednici je napravljen presjek svih razgovora o reformi izbornog zakonodavstva zaklju\u010dno s pregovorima u Neumu. Potpisani Sporazum iz Mostara kao temelj za kona\u010dni dogovor je odbijen u svakoj formi s bo\u0161nja\u010dke strane, kao i bilo kakav model koji implementira sve odluke Ustavnog suda BiH i Europskog suda za ljudska prava.<\/p>\n\n\n\n<p>Na press konferenciji predsjednik \u010covi\u0107 je istaknuo je kako formalno pravni uvjeti, sli\u010dno kao nekad za Grad Mostar, ne postoje. Minimalne naznake za kona\u010dan dogovor postoje i bit \u0107e poznate nakon \u010detvrtka kada je predvi\u0111en susret s predstavnicima bo\u0161nja\u010dkih stranaka koje su sudjelovale na razgovorima u Neumu.<\/p>\n\n\n\n<p>\u201cU \u010detvrtak u 12 sati u Parlamentu BiH \u0107emo imati sastanak stranaka koje su sjedile i u Neumu. U\u010dinit \u0107emo sve da napravimo iskorak. Ustavni sud BiH stavio je van snage odredbe Izbornog zakona koje jedino Parlamentarna skup\u0161tina mo\u017ee definirati, sli\u010dno kao \u0161to je bio primjer za Grad Mostar. Venecijanska komisija je u Neumu jasno potvrdila i pozitivno ocijenila na\u0161 prijedlog, uklju\u010duju\u0107i i dvije izborne jedinice\u201d, jasno je istaknuo \u010covi\u0107.<\/p>\n\n\n\n<p>&nbsp;\/HMS\/<\/p>\n","protected":false},"excerpt":{"rendered":"<p>U Domu HDZ-a BiH u Mostaru odr\u017eana je 28. redovita sjednica Predsjedni\u0161tva HDZ-a BiH. Tako\u0111er, dana\u0161njoj sjednici putem videolinka pridru\u017eilo se i Predsjedni\u0161tvo HDZ-a RH s predsjednikom Vlade RH Andrejem Plenkovi\u0107em. Fokus razgovora sa sestrinskom organizacijom odnosio se na aktualne politi\u010dke okolnosti. Predsjedni\u0161tva HDZ-a BiH i HDZ-a zajedni\u010dki su zaklju\u010dili: 1. Podr\u0161ka HDZ-a Republike Hrvatske [&hellip;]<\/p>\n","protected":false},"author":2,"featured_media":111821,"comment_status":"closed","ping_status":"closed","sticky":false,"template":"","format":"standard","meta":{"h5ap_radio_sources":[],"footnotes":""},"categories":[1],"tags":[],"class_list":["post-111820","post","type-post","status-publish","format-standard","has-post-thumbnail","hentry","category-bihiregija"],"yoast_head":"<!-- This site is optimized with the Yoast SEO plugin v27.4 - https:\/\/yoast.com\/product\/yoast-seo-wordpress\/ -->\n<title>Podr\u0161ka HDZ Hrvatske politici koju provodi HDZ BiH oko izmjena Izbornog zakona - RADIO LJUBU\u0160KI<\/title>\n<meta name=\"robots\" content=\"index, follow, max-snippet:-1, max-image-preview:large, max-video-preview:-1\" \/>\n<link rel=\"canonical\" href=\"https:\/\/radioljubuski.ba\/index.php\/2022\/02\/08\/podrska-hdz-hrvatske-politici-koju-provodi-hdz-bih-oko-izmjena-izbornog-zakona\/\" \/>\n<meta property=\"og:locale\" content=\"hr_HR\" \/>\n<meta property=\"og:type\" content=\"article\" \/>\n<meta property=\"og:title\" content=\"Podr\u0161ka HDZ Hrvatske politici koju provodi HDZ BiH oko izmjena Izbornog zakona - RADIO LJUBU\u0160KI\" \/>\n<meta property=\"og:description\" content=\"U Domu HDZ-a BiH u Mostaru odr\u017eana je 28. redovita sjednica Predsjedni\u0161tva HDZ-a BiH. Tako\u0111er, dana\u0161njoj sjednici putem videolinka pridru\u017eilo se i Predsjedni\u0161tvo HDZ-a RH s predsjednikom Vlade RH Andrejem Plenkovi\u0107em. Fokus razgovora sa sestrinskom organizacijom odnosio se na aktualne politi\u010dke okolnosti. Predsjedni\u0161tva HDZ-a BiH i HDZ-a zajedni\u010dki su zaklju\u010dili: 1. Podr\u0161ka HDZ-a Republike Hrvatske [&hellip;]\" \/>\n<meta property=\"og:url\" content=\"https:\/\/radioljubuski.ba\/index.php\/2022\/02\/08\/podrska-hdz-hrvatske-politici-koju-provodi-hdz-bih-oko-izmjena-izbornog-zakona\/\" \/>\n<meta property=\"og:site_name\" content=\"RADIO LJUBU\u0160KI\" \/>\n<meta property=\"article:publisher\" content=\"https:\/\/www.facebook.com\/Radiio-Ljubuski-1490835324566332\" \/>\n<meta property=\"article:published_time\" content=\"2022-02-08T10:09:34+00:00\" \/>\n<meta property=\"article:modified_time\" content=\"2022-02-08T10:09:35+00:00\" \/>\n<meta property=\"og:image\" content=\"https:\/\/radioljubuski.ba\/wp-content\/uploads\/2022\/02\/hdz3-1068x712-1.jpg\" \/>\n\t<meta property=\"og:image:width\" content=\"1068\" \/>\n\t<meta property=\"og:image:height\" content=\"712\" \/>\n\t<meta property=\"og:image:type\" content=\"image\/jpeg\" \/>\n<meta name=\"author\" content=\"Radio Ljubu\u0161ki\" \/>\n<meta name=\"twitter:card\" content=\"summary_large_image\" \/>\n<meta name=\"twitter:creator\" content=\"@radioljubuski\" \/>\n<meta name=\"twitter:site\" content=\"@radioljubuski\" \/>\n<meta name=\"twitter:label1\" content=\"Napisao\/la\" \/>\n\t<meta name=\"twitter:data1\" content=\"Radio Ljubu\u0161ki\" \/>\n\t<meta name=\"twitter:label2\" content=\"Procijenjeno vrijeme \u010ditanja\" \/>\n\t<meta name=\"twitter:data2\" content=\"2 minute\" \/>\n<script type=\"application\/ld+json\" class=\"yoast-schema-graph\">{\"@context\":\"https:\\\/\\\/schema.org\",\"@graph\":[{\"@type\":\"Article\",\"@id\":\"https:\\\/\\\/radioljubuski.ba\\\/index.php\\\/2022\\\/02\\\/08\\\/podrska-hdz-hrvatske-politici-koju-provodi-hdz-bih-oko-izmjena-izbornog-zakona\\\/#article\",\"isPartOf\":{\"@id\":\"https:\\\/\\\/radioljubuski.ba\\\/index.php\\\/2022\\\/02\\\/08\\\/podrska-hdz-hrvatske-politici-koju-provodi-hdz-bih-oko-izmjena-izbornog-zakona\\\/\"},\"author\":{\"name\":\"Radio Ljubu\u0161ki\",\"@id\":\"https:\\\/\\\/radioljubuski.ba\\\/#\\\/schema\\\/person\\\/19fc700381a780f69665d7956c469e3b\"},\"headline\":\"Podr\u0161ka HDZ Hrvatske politici koju provodi HDZ BiH oko izmjena Izbornog zakona\",\"datePublished\":\"2022-02-08T10:09:34+00:00\",\"dateModified\":\"2022-02-08T10:09:35+00:00\",\"mainEntityOfPage\":{\"@id\":\"https:\\\/\\\/radioljubuski.ba\\\/index.php\\\/2022\\\/02\\\/08\\\/podrska-hdz-hrvatske-politici-koju-provodi-hdz-bih-oko-izmjena-izbornog-zakona\\\/\"},\"wordCount\":369,\"publisher\":{\"@id\":\"https:\\\/\\\/radioljubuski.ba\\\/#organization\"},\"image\":{\"@id\":\"https:\\\/\\\/radioljubuski.ba\\\/index.php\\\/2022\\\/02\\\/08\\\/podrska-hdz-hrvatske-politici-koju-provodi-hdz-bih-oko-izmjena-izbornog-zakona\\\/#primaryimage\"},\"thumbnailUrl\":\"https:\\\/\\\/radioljubuski.ba\\\/wp-content\\\/uploads\\\/2022\\\/02\\\/hdz3-1068x712-1.jpg\",\"articleSection\":[\"BIH i regija\"],\"inLanguage\":\"hr\"},{\"@type\":\"WebPage\",\"@id\":\"https:\\\/\\\/radioljubuski.ba\\\/index.php\\\/2022\\\/02\\\/08\\\/podrska-hdz-hrvatske-politici-koju-provodi-hdz-bih-oko-izmjena-izbornog-zakona\\\/\",\"url\":\"https:\\\/\\\/radioljubuski.ba\\\/index.php\\\/2022\\\/02\\\/08\\\/podrska-hdz-hrvatske-politici-koju-provodi-hdz-bih-oko-izmjena-izbornog-zakona\\\/\",\"name\":\"Podr\u0161ka HDZ Hrvatske politici koju provodi HDZ BiH oko izmjena Izbornog zakona - RADIO LJUBU\u0160KI\",\"isPartOf\":{\"@id\":\"https:\\\/\\\/radioljubuski.ba\\\/#website\"},\"primaryImageOfPage\":{\"@id\":\"https:\\\/\\\/radioljubuski.ba\\\/index.php\\\/2022\\\/02\\\/08\\\/podrska-hdz-hrvatske-politici-koju-provodi-hdz-bih-oko-izmjena-izbornog-zakona\\\/#primaryimage\"},\"image\":{\"@id\":\"https:\\\/\\\/radioljubuski.ba\\\/index.php\\\/2022\\\/02\\\/08\\\/podrska-hdz-hrvatske-politici-koju-provodi-hdz-bih-oko-izmjena-izbornog-zakona\\\/#primaryimage\"},\"thumbnailUrl\":\"https:\\\/\\\/radioljubuski.ba\\\/wp-content\\\/uploads\\\/2022\\\/02\\\/hdz3-1068x712-1.jpg\",\"datePublished\":\"2022-02-08T10:09:34+00:00\",\"dateModified\":\"2022-02-08T10:09:35+00:00\",\"breadcrumb\":{\"@id\":\"https:\\\/\\\/radioljubuski.ba\\\/index.php\\\/2022\\\/02\\\/08\\\/podrska-hdz-hrvatske-politici-koju-provodi-hdz-bih-oko-izmjena-izbornog-zakona\\\/#breadcrumb\"},\"inLanguage\":\"hr\",\"potentialAction\":[{\"@type\":\"ReadAction\",\"target\":[\"https:\\\/\\\/radioljubuski.ba\\\/index.php\\\/2022\\\/02\\\/08\\\/podrska-hdz-hrvatske-politici-koju-provodi-hdz-bih-oko-izmjena-izbornog-zakona\\\/\"]}]},{\"@type\":\"ImageObject\",\"inLanguage\":\"hr\",\"@id\":\"https:\\\/\\\/radioljubuski.ba\\\/index.php\\\/2022\\\/02\\\/08\\\/podrska-hdz-hrvatske-politici-koju-provodi-hdz-bih-oko-izmjena-izbornog-zakona\\\/#primaryimage\",\"url\":\"https:\\\/\\\/radioljubuski.ba\\\/wp-content\\\/uploads\\\/2022\\\/02\\\/hdz3-1068x712-1.jpg\",\"contentUrl\":\"https:\\\/\\\/radioljubuski.ba\\\/wp-content\\\/uploads\\\/2022\\\/02\\\/hdz3-1068x712-1.jpg\",\"width\":1068,\"height\":712},{\"@type\":\"BreadcrumbList\",\"@id\":\"https:\\\/\\\/radioljubuski.ba\\\/index.php\\\/2022\\\/02\\\/08\\\/podrska-hdz-hrvatske-politici-koju-provodi-hdz-bih-oko-izmjena-izbornog-zakona\\\/#breadcrumb\",\"itemListElement\":[{\"@type\":\"ListItem\",\"position\":1,\"name\":\"Po\u010detna stranica\",\"item\":\"https:\\\/\\\/radioljubuski.ba\\\/\"},{\"@type\":\"ListItem\",\"position\":2,\"name\":\"Podr\u0161ka HDZ Hrvatske politici koju provodi HDZ BiH oko izmjena Izbornog zakona\"}]},{\"@type\":\"WebSite\",\"@id\":\"https:\\\/\\\/radioljubuski.ba\\\/#website\",\"url\":\"https:\\\/\\\/radioljubuski.ba\\\/\",\"name\":\"Radio Ljubu\u0161ki\",\"description\":\"Sun\u010dana frekvencija Hercegovine\",\"publisher\":{\"@id\":\"https:\\\/\\\/radioljubuski.ba\\\/#organization\"},\"potentialAction\":[{\"@type\":\"SearchAction\",\"target\":{\"@type\":\"EntryPoint\",\"urlTemplate\":\"https:\\\/\\\/radioljubuski.ba\\\/?s={search_term_string}\"},\"query-input\":{\"@type\":\"PropertyValueSpecification\",\"valueRequired\":true,\"valueName\":\"search_term_string\"}}],\"inLanguage\":\"hr\"},{\"@type\":\"Organization\",\"@id\":\"https:\\\/\\\/radioljubuski.ba\\\/#organization\",\"name\":\"Radio Ljubu\u0161ki\",\"url\":\"https:\\\/\\\/radioljubuski.ba\\\/\",\"logo\":{\"@type\":\"ImageObject\",\"inLanguage\":\"hr\",\"@id\":\"https:\\\/\\\/radioljubuski.ba\\\/#\\\/schema\\\/logo\\\/image\\\/\",\"url\":\"https:\\\/\\\/radioljubuski.ba\\\/wp-content\\\/uploads\\\/2021\\\/02\\\/cropped-Radio_Ljubuski_logo1.jpg\",\"contentUrl\":\"https:\\\/\\\/radioljubuski.ba\\\/wp-content\\\/uploads\\\/2021\\\/02\\\/cropped-Radio_Ljubuski_logo1.jpg\",\"width\":512,\"height\":512,\"caption\":\"Radio Ljubu\u0161ki\"},\"image\":{\"@id\":\"https:\\\/\\\/radioljubuski.ba\\\/#\\\/schema\\\/logo\\\/image\\\/\"},\"sameAs\":[\"https:\\\/\\\/www.facebook.com\\\/Radiio-Ljubuski-1490835324566332\",\"https:\\\/\\\/x.com\\\/radioljubuski\",\"https:\\\/\\\/hr.linkedin.com\\\/company\\\/radio-ljubuski\",\"https:\\\/\\\/www.youtube.com\\\/channel\\\/UCHYaeO_n0Db3tjNGudGpXyw\"]},{\"@type\":\"Person\",\"@id\":\"https:\\\/\\\/radioljubuski.ba\\\/#\\\/schema\\\/person\\\/19fc700381a780f69665d7956c469e3b\",\"name\":\"Radio Ljubu\u0161ki\"}]}<\/script>\n<!-- \/ Yoast SEO plugin. -->","yoast_head_json":{"title":"Podr\u0161ka HDZ Hrvatske politici koju provodi HDZ BiH oko izmjena Izbornog zakona - RADIO LJUBU\u0160KI","robots":{"index":"index","follow":"follow","max-snippet":"max-snippet:-1","max-image-preview":"max-image-preview:large","max-video-preview":"max-video-preview:-1"},"canonical":"https:\/\/radioljubuski.ba\/index.php\/2022\/02\/08\/podrska-hdz-hrvatske-politici-koju-provodi-hdz-bih-oko-izmjena-izbornog-zakona\/","og_locale":"hr_HR","og_type":"article","og_title":"Podr\u0161ka HDZ Hrvatske politici koju provodi HDZ BiH oko izmjena Izbornog zakona - RADIO LJUBU\u0160KI","og_description":"U Domu HDZ-a BiH u Mostaru odr\u017eana je 28. redovita sjednica Predsjedni\u0161tva HDZ-a BiH. Tako\u0111er, dana\u0161njoj sjednici putem videolinka pridru\u017eilo se i Predsjedni\u0161tvo HDZ-a RH s predsjednikom Vlade RH Andrejem Plenkovi\u0107em. Fokus razgovora sa sestrinskom organizacijom odnosio se na aktualne politi\u010dke okolnosti. Predsjedni\u0161tva HDZ-a BiH i HDZ-a zajedni\u010dki su zaklju\u010dili: 1. Podr\u0161ka HDZ-a Republike Hrvatske [&hellip;]","og_url":"https:\/\/radioljubuski.ba\/index.php\/2022\/02\/08\/podrska-hdz-hrvatske-politici-koju-provodi-hdz-bih-oko-izmjena-izbornog-zakona\/","og_site_name":"RADIO LJUBU\u0160KI","article_publisher":"https:\/\/www.facebook.com\/Radiio-Ljubuski-1490835324566332","article_published_time":"2022-02-08T10:09:34+00:00","article_modified_time":"2022-02-08T10:09:35+00:00","og_image":[{"width":1068,"height":712,"url":"https:\/\/radioljubuski.ba\/wp-content\/uploads\/2022\/02\/hdz3-1068x712-1.jpg","type":"image\/jpeg"}],"author":"Radio Ljubu\u0161ki","twitter_card":"summary_large_image","twitter_creator":"@radioljubuski","twitter_site":"@radioljubuski","twitter_misc":{"Napisao\/la":"Radio Ljubu\u0161ki","Procijenjeno vrijeme \u010ditanja":"2 minute"},"schema":{"@context":"https:\/\/schema.org","@graph":[{"@type":"Article","@id":"https:\/\/radioljubuski.ba\/index.php\/2022\/02\/08\/podrska-hdz-hrvatske-politici-koju-provodi-hdz-bih-oko-izmjena-izbornog-zakona\/#article","isPartOf":{"@id":"https:\/\/radioljubuski.ba\/index.php\/2022\/02\/08\/podrska-hdz-hrvatske-politici-koju-provodi-hdz-bih-oko-izmjena-izbornog-zakona\/"},"author":{"name":"Radio Ljubu\u0161ki","@id":"https:\/\/radioljubuski.ba\/#\/schema\/person\/19fc700381a780f69665d7956c469e3b"},"headline":"Podr\u0161ka HDZ Hrvatske politici koju provodi HDZ BiH oko izmjena Izbornog zakona","datePublished":"2022-02-08T10:09:34+00:00","dateModified":"2022-02-08T10:09:35+00:00","mainEntityOfPage":{"@id":"https:\/\/radioljubuski.ba\/index.php\/2022\/02\/08\/podrska-hdz-hrvatske-politici-koju-provodi-hdz-bih-oko-izmjena-izbornog-zakona\/"},"wordCount":369,"publisher":{"@id":"https:\/\/radioljubuski.ba\/#organization"},"image":{"@id":"https:\/\/radioljubuski.ba\/index.php\/2022\/02\/08\/podrska-hdz-hrvatske-politici-koju-provodi-hdz-bih-oko-izmjena-izbornog-zakona\/#primaryimage"},"thumbnailUrl":"https:\/\/radioljubuski.ba\/wp-content\/uploads\/2022\/02\/hdz3-1068x712-1.jpg","articleSection":["BIH i regija"],"inLanguage":"hr"},{"@type":"WebPage","@id":"https:\/\/radioljubuski.ba\/index.php\/2022\/02\/08\/podrska-hdz-hrvatske-politici-koju-provodi-hdz-bih-oko-izmjena-izbornog-zakona\/","url":"https:\/\/radioljubuski.ba\/index.php\/2022\/02\/08\/podrska-hdz-hrvatske-politici-koju-provodi-hdz-bih-oko-izmjena-izbornog-zakona\/","name":"Podr\u0161ka HDZ Hrvatske politici koju provodi HDZ BiH oko izmjena Izbornog zakona - RADIO LJUBU\u0160KI","isPartOf":{"@id":"https:\/\/radioljubuski.ba\/#website"},"primaryImageOfPage":{"@id":"https:\/\/radioljubuski.ba\/index.php\/2022\/02\/08\/podrska-hdz-hrvatske-politici-koju-provodi-hdz-bih-oko-izmjena-izbornog-zakona\/#primaryimage"},"image":{"@id":"https:\/\/radioljubuski.ba\/index.php\/2022\/02\/08\/podrska-hdz-hrvatske-politici-koju-provodi-hdz-bih-oko-izmjena-izbornog-zakona\/#primaryimage"},"thumbnailUrl":"https:\/\/radioljubuski.ba\/wp-content\/uploads\/2022\/02\/hdz3-1068x712-1.jpg","datePublished":"2022-02-08T10:09:34+00:00","dateModified":"2022-02-08T10:09:35+00:00","breadcrumb":{"@id":"https:\/\/radioljubuski.ba\/index.php\/2022\/02\/08\/podrska-hdz-hrvatske-politici-koju-provodi-hdz-bih-oko-izmjena-izbornog-zakona\/#breadcrumb"},"inLanguage":"hr","potentialAction":[{"@type":"ReadAction","target":["https:\/\/radioljubuski.ba\/index.php\/2022\/02\/08\/podrska-hdz-hrvatske-politici-koju-provodi-hdz-bih-oko-izmjena-izbornog-zakona\/"]}]},{"@type":"ImageObject","inLanguage":"hr","@id":"https:\/\/radioljubuski.ba\/index.php\/2022\/02\/08\/podrska-hdz-hrvatske-politici-koju-provodi-hdz-bih-oko-izmjena-izbornog-zakona\/#primaryimage","url":"https:\/\/radioljubuski.ba\/wp-content\/uploads\/2022\/02\/hdz3-1068x712-1.jpg","contentUrl":"https:\/\/radioljubuski.ba\/wp-content\/uploads\/2022\/02\/hdz3-1068x712-1.jpg","width":1068,"height":712},{"@type":"BreadcrumbList","@id":"https:\/\/radioljubuski.ba\/index.php\/2022\/02\/08\/podrska-hdz-hrvatske-politici-koju-provodi-hdz-bih-oko-izmjena-izbornog-zakona\/#breadcrumb","itemListElement":[{"@type":"ListItem","position":1,"name":"Po\u010detna stranica","item":"https:\/\/radioljubuski.ba\/"},{"@type":"ListItem","position":2,"name":"Podr\u0161ka HDZ Hrvatske politici koju provodi HDZ BiH oko izmjena Izbornog zakona"}]},{"@type":"WebSite","@id":"https:\/\/radioljubuski.ba\/#website","url":"https:\/\/radioljubuski.ba\/","name":"Radio Ljubu\u0161ki","description":"Sun\u010dana frekvencija Hercegovine","publisher":{"@id":"https:\/\/radioljubuski.ba\/#organization"},"potentialAction":[{"@type":"SearchAction","target":{"@type":"EntryPoint","urlTemplate":"https:\/\/radioljubuski.ba\/?s={search_term_string}"},"query-input":{"@type":"PropertyValueSpecification","valueRequired":true,"valueName":"search_term_string"}}],"inLanguage":"hr"},{"@type":"Organization","@id":"https:\/\/radioljubuski.ba\/#organization","name":"Radio Ljubu\u0161ki","url":"https:\/\/radioljubuski.ba\/","logo":{"@type":"ImageObject","inLanguage":"hr","@id":"https:\/\/radioljubuski.ba\/#\/schema\/logo\/image\/","url":"https:\/\/radioljubuski.ba\/wp-content\/uploads\/2021\/02\/cropped-Radio_Ljubuski_logo1.jpg","contentUrl":"https:\/\/radioljubuski.ba\/wp-content\/uploads\/2021\/02\/cropped-Radio_Ljubuski_logo1.jpg","width":512,"height":512,"caption":"Radio Ljubu\u0161ki"},"image":{"@id":"https:\/\/radioljubuski.ba\/#\/schema\/logo\/image\/"},"sameAs":["https:\/\/www.facebook.com\/Radiio-Ljubuski-1490835324566332","https:\/\/x.com\/radioljubuski","https:\/\/hr.linkedin.com\/company\/radio-ljubuski","https:\/\/www.youtube.com\/channel\/UCHYaeO_n0Db3tjNGudGpXyw"]},{"@type":"Person","@id":"https:\/\/radioljubuski.ba\/#\/schema\/person\/19fc700381a780f69665d7956c469e3b","name":"Radio Ljubu\u0161ki"}]}},"_links":{"self":[{"href":"https:\/\/radioljubuski.ba\/index.php\/wp-json\/wp\/v2\/posts\/111820","targetHints":{"allow":["GET"]}}],"collection":[{"href":"https:\/\/radioljubuski.ba\/index.php\/wp-json\/wp\/v2\/posts"}],"about":[{"href":"https:\/\/radioljubuski.ba\/index.php\/wp-json\/wp\/v2\/types\/post"}],"author":[{"embeddable":true,"href":"https:\/\/radioljubuski.ba\/index.php\/wp-json\/wp\/v2\/users\/2"}],"replies":[{"embeddable":true,"href":"https:\/\/radioljubuski.ba\/index.php\/wp-json\/wp\/v2\/comments?post=111820"}],"version-history":[{"count":1,"href":"https:\/\/radioljubuski.ba\/index.php\/wp-json\/wp\/v2\/posts\/111820\/revisions"}],"predecessor-version":[{"id":111822,"href":"https:\/\/radioljubuski.ba\/index.php\/wp-json\/wp\/v2\/posts\/111820\/revisions\/111822"}],"wp:featuredmedia":[{"embeddable":true,"href":"https:\/\/radioljubuski.ba\/index.php\/wp-json\/wp\/v2\/media\/111821"}],"wp:attachment":[{"href":"https:\/\/radioljubuski.ba\/index.php\/wp-json\/wp\/v2\/media?parent=111820"}],"wp:term":[{"taxonomy":"category","embeddable":true,"href":"https:\/\/radioljubuski.ba\/index.php\/wp-json\/wp\/v2\/categories?post=111820"},{"taxonomy":"post_tag","embeddable":true,"href":"https:\/\/radioljubuski.ba\/index.php\/wp-json\/wp\/v2\/tags?post=111820"}],"curies":[{"name":"wp","href":"https:\/\/api.w.org\/{rel}","templated":true}]}}