{"id":112160,"date":"2022-02-09T10:05:36","date_gmt":"2022-02-09T09:05:36","guid":{"rendered":"https:\/\/radioljubuski.ba\/?p=112160"},"modified":"2022-02-10T13:14:09","modified_gmt":"2022-02-10T12:14:09","slug":"u-pripremi-ljubuski-pjesnicki-zbornik-audio","status":"publish","type":"post","link":"https:\/\/radioljubuski.ba\/index.php\/2022\/02\/09\/u-pripremi-ljubuski-pjesnicki-zbornik-audio\/","title":{"rendered":"U pripremi Ljubu\u0161ki pjesni\u010dki zbornik! &#8211; audio"},"content":{"rendered":"\n<p>\u201eLjubu\u0161ki kraj poseban je po svojim talentiranim pjesnicima i to ne samo u dana\u0161nje vrijeme, prvi koji je pisao i svoje misli izra\u017eavao stihom bio je fra Lovro \u0160itovi\u0107 jo\u0161 po\u010detkom osamnaestog stolje\u0107a i od tada te\u010de ta rijeka pjesni\u010dka u Ljubu\u0161kom. Meni je zaista drago da privodim kraju pjesni\u010dki zbornik koji \u0107e na jednom mjestu okupiti sve pjesnike Ljubu\u0161kog\u201c kazao je u razgovoru za Radio Ljubu\u0161ki knji\u017eevnik prof. Mate Grbavac, idejni za\u010detnik i voditelj jedinstvene pjesni\u010dke manifestacije &#8211;  pjesni\u010dkog maratona koja se odr\u017eava svake godine u Ljubu\u0161kom.<br><br>O ideji nastanka pjesni\u010dkog zbornika isti\u010de \u201eTo je ideja koja se u meni dugo razvijala, kao srednjo\u0161kolski profesor susreo sam se i upoznao mno\u0161tvo talentiranih ljudi i vremenom ideja se preto\u010dila u djelo koje \u0107e se uskoro, za mjesec, dva pojaviti. Krenuo sam prvo od onih koji su tiskali knjige, brojne knjige sam prona\u0161ao u knji\u017enicama, preko prijatelja, interneta, dosad sam prikupio samo dvadesetak imena, onih koji vi\u0161e nisu s nama a koji zaslu\u017euju biti dijelom ove knjige.\u201c<br><br>\u201eNema ni jednog grada u okolici , daleko ve\u0107eg od Ljubu\u0161kog koji se mo\u017ee pohvaliti sa brojim pjesnicima koji su knji\u017eevnosti i to vrhunskoj knji\u017eevnosti dali toliko toga, imena kojima se mo\u017ee podi\u010diti Europa. Uzmimo samo Veselka Koromana koji je bio predlagan za Nobelovu nagradu, on je vrh ledenog brijega brojnih ljudi Ljubu\u0161kog koji su stvarali poeziju koja se pamti, poeziju koja ima du\u0161u i srce. \u017divot stvara zgode i nezgode, nevjerojatne pri\u010de koje treba predo\u010diti u prepoznatljiv zgusnuti izraz jer je osnovno pravilo poezije \u201etijesno rije\u010dima \u2013\u0161iroko mislima\u201c, odnosno sa \u0161to manje rije\u010di \u0161to vi\u0161e re\u0107i!\u201c nagla\u0161ava prof. Grbavac.<br><\/p>\n\n\n\n<p>\u201eBit \u0107e mi drago da se jave oni koji svoju poeziju, svoje pjesme koje \u010duvaju kao svoju intimu, pjesma je da leti, da u\u0111e u svijet, da je svijet upozna i ovo je poziv svima onima koji pi\u0161u da smognu hrabrosti po\u0161alju mi svoje pjesme, oni koji nisu nikad javno objavljivali, pozivam neka smognu hrabrosti i po\u0161alju mi svoje pjesme, mogu mi se javiti e-mailom na adresu: mate.grabavac@gmail.com, ja \u0107u pjesme pregledati i procijeniti njihovu vrijednost kako bi u\u0161le u ovu zbirku.\u201c<br><\/p>\n\n\n\n<p>O vrijednosti i brojnosti dosad prikupljenih imena nagla\u0161ava; \u201eMogu re\u0107i kako imam 80 imena, nadam se da \u0107emo dobiti jo\u0161 nekoliko imena koja \u0107e se na\u0107i u Ljubu\u0161kom pjesni\u010dkom zborniku, knjizi koja \u0107e biti na ponos i gradu i ljudima koji vole poeziju i onima koji stvaraju poeziju.\u201c<br><br>Uz poziv za pjesnike stoji otvoren poziv i za one koji to \u017eele i postati. Naime, profesor Mate Grbavac je voditelj radionice kreativnog pisanja poezije i proze za u\u010denike i odrasle u organizaciji JU Kulturno-\u0161portski centar Ljubu\u0161ki koja se odr\u017eava u Knji\u017enici Ljubu\u0161ki, prijaviti se mo\u017eete do 15.velja\u010de osobno u Knji\u017enici Ljubu\u0161ki ili pozivom na broj 039 831 829.<\/p>\n\n\n\n<iframe src=\"https:\/\/drive.google.com\/file\/d\/1MCRlgn-LfRl_WTPEqFDNaLe7eiqmZsir\/preview\" style=\"width: 100%; height: 100px;\"><\/iframe>\n\n\n\n<p><strong>Bjanka Medi\u0107 \/ Radio Ljubu\u0161ki   <\/strong><\/p>\n","protected":false},"excerpt":{"rendered":"<p>\u201eLjubu\u0161ki kraj poseban je po svojim talentiranim pjesnicima i to ne samo u dana\u0161nje vrijeme, prvi koji je pisao i svoje misli izra\u017eavao stihom bio je fra Lovro \u0160itovi\u0107 jo\u0161 po\u010detkom osamnaestog stolje\u0107a i od tada te\u010de ta rijeka pjesni\u010dka u Ljubu\u0161kom. Meni je zaista drago da privodim kraju pjesni\u010dki zbornik koji \u0107e na jednom [&hellip;]<\/p>\n","protected":false},"author":2,"featured_media":112161,"comment_status":"closed","ping_status":"closed","sticky":false,"template":"","format":"standard","meta":{"h5ap_radio_sources":[],"footnotes":""},"categories":[8],"tags":[],"class_list":["post-112160","post","type-post","status-publish","format-standard","has-post-thumbnail","hentry","category-rlj-audio"],"yoast_head":"<!-- This site is optimized with the Yoast SEO plugin v27.4 - https:\/\/yoast.com\/product\/yoast-seo-wordpress\/ -->\n<title>U pripremi Ljubu\u0161ki pjesni\u010dki zbornik! - audio - RADIO LJUBU\u0160KI<\/title>\n<meta name=\"robots\" content=\"index, follow, max-snippet:-1, max-image-preview:large, max-video-preview:-1\" \/>\n<link rel=\"canonical\" href=\"https:\/\/radioljubuski.ba\/index.php\/2022\/02\/09\/u-pripremi-ljubuski-pjesnicki-zbornik-audio\/\" \/>\n<meta property=\"og:locale\" content=\"hr_HR\" \/>\n<meta property=\"og:type\" content=\"article\" \/>\n<meta property=\"og:title\" content=\"U pripremi Ljubu\u0161ki pjesni\u010dki zbornik! - audio - RADIO LJUBU\u0160KI\" \/>\n<meta property=\"og:description\" content=\"\u201eLjubu\u0161ki kraj poseban je po svojim talentiranim pjesnicima i to ne samo u dana\u0161nje vrijeme, prvi koji je pisao i svoje misli izra\u017eavao stihom bio je fra Lovro \u0160itovi\u0107 jo\u0161 po\u010detkom osamnaestog stolje\u0107a i od tada te\u010de ta rijeka pjesni\u010dka u Ljubu\u0161kom. Meni je zaista drago da privodim kraju pjesni\u010dki zbornik koji \u0107e na jednom [&hellip;]\" \/>\n<meta property=\"og:url\" content=\"https:\/\/radioljubuski.ba\/index.php\/2022\/02\/09\/u-pripremi-ljubuski-pjesnicki-zbornik-audio\/\" \/>\n<meta property=\"og:site_name\" content=\"RADIO LJUBU\u0160KI\" \/>\n<meta property=\"article:publisher\" content=\"https:\/\/www.facebook.com\/Radiio-Ljubuski-1490835324566332\" \/>\n<meta property=\"article:published_time\" content=\"2022-02-09T09:05:36+00:00\" \/>\n<meta property=\"article:modified_time\" content=\"2022-02-10T12:14:09+00:00\" \/>\n<meta property=\"og:image\" content=\"https:\/\/radioljubuski.ba\/wp-content\/uploads\/2022\/02\/pjesme.jpg\" \/>\n\t<meta property=\"og:image:width\" content=\"1357\" \/>\n\t<meta property=\"og:image:height\" content=\"808\" \/>\n\t<meta property=\"og:image:type\" content=\"image\/jpeg\" \/>\n<meta name=\"author\" content=\"Radio Ljubu\u0161ki\" \/>\n<meta name=\"twitter:card\" content=\"summary_large_image\" \/>\n<meta name=\"twitter:creator\" content=\"@radioljubuski\" \/>\n<meta name=\"twitter:site\" content=\"@radioljubuski\" \/>\n<meta name=\"twitter:label1\" content=\"Napisao\/la\" \/>\n\t<meta name=\"twitter:data1\" content=\"Radio Ljubu\u0161ki\" \/>\n\t<meta name=\"twitter:label2\" content=\"Procijenjeno vrijeme \u010ditanja\" \/>\n\t<meta name=\"twitter:data2\" content=\"3 minute\" \/>\n<script type=\"application\/ld+json\" class=\"yoast-schema-graph\">{\"@context\":\"https:\\\/\\\/schema.org\",\"@graph\":[{\"@type\":\"Article\",\"@id\":\"https:\\\/\\\/radioljubuski.ba\\\/index.php\\\/2022\\\/02\\\/09\\\/u-pripremi-ljubuski-pjesnicki-zbornik-audio\\\/#article\",\"isPartOf\":{\"@id\":\"https:\\\/\\\/radioljubuski.ba\\\/index.php\\\/2022\\\/02\\\/09\\\/u-pripremi-ljubuski-pjesnicki-zbornik-audio\\\/\"},\"author\":{\"name\":\"Radio Ljubu\u0161ki\",\"@id\":\"https:\\\/\\\/radioljubuski.ba\\\/#\\\/schema\\\/person\\\/19fc700381a780f69665d7956c469e3b\"},\"headline\":\"U pripremi Ljubu\u0161ki pjesni\u010dki zbornik! &#8211; audio\",\"datePublished\":\"2022-02-09T09:05:36+00:00\",\"dateModified\":\"2022-02-10T12:14:09+00:00\",\"mainEntityOfPage\":{\"@id\":\"https:\\\/\\\/radioljubuski.ba\\\/index.php\\\/2022\\\/02\\\/09\\\/u-pripremi-ljubuski-pjesnicki-zbornik-audio\\\/\"},\"wordCount\":529,\"publisher\":{\"@id\":\"https:\\\/\\\/radioljubuski.ba\\\/#organization\"},\"image\":{\"@id\":\"https:\\\/\\\/radioljubuski.ba\\\/index.php\\\/2022\\\/02\\\/09\\\/u-pripremi-ljubuski-pjesnicki-zbornik-audio\\\/#primaryimage\"},\"thumbnailUrl\":\"https:\\\/\\\/radioljubuski.ba\\\/wp-content\\\/uploads\\\/2022\\\/02\\\/pjesme.jpg\",\"articleSection\":[\"RLJ Audio\"],\"inLanguage\":\"hr\"},{\"@type\":\"WebPage\",\"@id\":\"https:\\\/\\\/radioljubuski.ba\\\/index.php\\\/2022\\\/02\\\/09\\\/u-pripremi-ljubuski-pjesnicki-zbornik-audio\\\/\",\"url\":\"https:\\\/\\\/radioljubuski.ba\\\/index.php\\\/2022\\\/02\\\/09\\\/u-pripremi-ljubuski-pjesnicki-zbornik-audio\\\/\",\"name\":\"U pripremi Ljubu\u0161ki pjesni\u010dki zbornik! - audio - RADIO LJUBU\u0160KI\",\"isPartOf\":{\"@id\":\"https:\\\/\\\/radioljubuski.ba\\\/#website\"},\"primaryImageOfPage\":{\"@id\":\"https:\\\/\\\/radioljubuski.ba\\\/index.php\\\/2022\\\/02\\\/09\\\/u-pripremi-ljubuski-pjesnicki-zbornik-audio\\\/#primaryimage\"},\"image\":{\"@id\":\"https:\\\/\\\/radioljubuski.ba\\\/index.php\\\/2022\\\/02\\\/09\\\/u-pripremi-ljubuski-pjesnicki-zbornik-audio\\\/#primaryimage\"},\"thumbnailUrl\":\"https:\\\/\\\/radioljubuski.ba\\\/wp-content\\\/uploads\\\/2022\\\/02\\\/pjesme.jpg\",\"datePublished\":\"2022-02-09T09:05:36+00:00\",\"dateModified\":\"2022-02-10T12:14:09+00:00\",\"breadcrumb\":{\"@id\":\"https:\\\/\\\/radioljubuski.ba\\\/index.php\\\/2022\\\/02\\\/09\\\/u-pripremi-ljubuski-pjesnicki-zbornik-audio\\\/#breadcrumb\"},\"inLanguage\":\"hr\",\"potentialAction\":[{\"@type\":\"ReadAction\",\"target\":[\"https:\\\/\\\/radioljubuski.ba\\\/index.php\\\/2022\\\/02\\\/09\\\/u-pripremi-ljubuski-pjesnicki-zbornik-audio\\\/\"]}]},{\"@type\":\"ImageObject\",\"inLanguage\":\"hr\",\"@id\":\"https:\\\/\\\/radioljubuski.ba\\\/index.php\\\/2022\\\/02\\\/09\\\/u-pripremi-ljubuski-pjesnicki-zbornik-audio\\\/#primaryimage\",\"url\":\"https:\\\/\\\/radioljubuski.ba\\\/wp-content\\\/uploads\\\/2022\\\/02\\\/pjesme.jpg\",\"contentUrl\":\"https:\\\/\\\/radioljubuski.ba\\\/wp-content\\\/uploads\\\/2022\\\/02\\\/pjesme.jpg\",\"width\":1357,\"height\":808},{\"@type\":\"BreadcrumbList\",\"@id\":\"https:\\\/\\\/radioljubuski.ba\\\/index.php\\\/2022\\\/02\\\/09\\\/u-pripremi-ljubuski-pjesnicki-zbornik-audio\\\/#breadcrumb\",\"itemListElement\":[{\"@type\":\"ListItem\",\"position\":1,\"name\":\"Po\u010detna stranica\",\"item\":\"https:\\\/\\\/radioljubuski.ba\\\/\"},{\"@type\":\"ListItem\",\"position\":2,\"name\":\"U pripremi Ljubu\u0161ki pjesni\u010dki zbornik! &#8211; audio\"}]},{\"@type\":\"WebSite\",\"@id\":\"https:\\\/\\\/radioljubuski.ba\\\/#website\",\"url\":\"https:\\\/\\\/radioljubuski.ba\\\/\",\"name\":\"Radio Ljubu\u0161ki\",\"description\":\"Sun\u010dana frekvencija Hercegovine\",\"publisher\":{\"@id\":\"https:\\\/\\\/radioljubuski.ba\\\/#organization\"},\"potentialAction\":[{\"@type\":\"SearchAction\",\"target\":{\"@type\":\"EntryPoint\",\"urlTemplate\":\"https:\\\/\\\/radioljubuski.ba\\\/?s={search_term_string}\"},\"query-input\":{\"@type\":\"PropertyValueSpecification\",\"valueRequired\":true,\"valueName\":\"search_term_string\"}}],\"inLanguage\":\"hr\"},{\"@type\":\"Organization\",\"@id\":\"https:\\\/\\\/radioljubuski.ba\\\/#organization\",\"name\":\"Radio Ljubu\u0161ki\",\"url\":\"https:\\\/\\\/radioljubuski.ba\\\/\",\"logo\":{\"@type\":\"ImageObject\",\"inLanguage\":\"hr\",\"@id\":\"https:\\\/\\\/radioljubuski.ba\\\/#\\\/schema\\\/logo\\\/image\\\/\",\"url\":\"https:\\\/\\\/radioljubuski.ba\\\/wp-content\\\/uploads\\\/2021\\\/02\\\/cropped-Radio_Ljubuski_logo1.jpg\",\"contentUrl\":\"https:\\\/\\\/radioljubuski.ba\\\/wp-content\\\/uploads\\\/2021\\\/02\\\/cropped-Radio_Ljubuski_logo1.jpg\",\"width\":512,\"height\":512,\"caption\":\"Radio Ljubu\u0161ki\"},\"image\":{\"@id\":\"https:\\\/\\\/radioljubuski.ba\\\/#\\\/schema\\\/logo\\\/image\\\/\"},\"sameAs\":[\"https:\\\/\\\/www.facebook.com\\\/Radiio-Ljubuski-1490835324566332\",\"https:\\\/\\\/x.com\\\/radioljubuski\",\"https:\\\/\\\/hr.linkedin.com\\\/company\\\/radio-ljubuski\",\"https:\\\/\\\/www.youtube.com\\\/channel\\\/UCHYaeO_n0Db3tjNGudGpXyw\"]},{\"@type\":\"Person\",\"@id\":\"https:\\\/\\\/radioljubuski.ba\\\/#\\\/schema\\\/person\\\/19fc700381a780f69665d7956c469e3b\",\"name\":\"Radio Ljubu\u0161ki\"}]}<\/script>\n<!-- \/ Yoast SEO plugin. -->","yoast_head_json":{"title":"U pripremi Ljubu\u0161ki pjesni\u010dki zbornik! - audio - RADIO LJUBU\u0160KI","robots":{"index":"index","follow":"follow","max-snippet":"max-snippet:-1","max-image-preview":"max-image-preview:large","max-video-preview":"max-video-preview:-1"},"canonical":"https:\/\/radioljubuski.ba\/index.php\/2022\/02\/09\/u-pripremi-ljubuski-pjesnicki-zbornik-audio\/","og_locale":"hr_HR","og_type":"article","og_title":"U pripremi Ljubu\u0161ki pjesni\u010dki zbornik! - audio - RADIO LJUBU\u0160KI","og_description":"\u201eLjubu\u0161ki kraj poseban je po svojim talentiranim pjesnicima i to ne samo u dana\u0161nje vrijeme, prvi koji je pisao i svoje misli izra\u017eavao stihom bio je fra Lovro \u0160itovi\u0107 jo\u0161 po\u010detkom osamnaestog stolje\u0107a i od tada te\u010de ta rijeka pjesni\u010dka u Ljubu\u0161kom. Meni je zaista drago da privodim kraju pjesni\u010dki zbornik koji \u0107e na jednom [&hellip;]","og_url":"https:\/\/radioljubuski.ba\/index.php\/2022\/02\/09\/u-pripremi-ljubuski-pjesnicki-zbornik-audio\/","og_site_name":"RADIO LJUBU\u0160KI","article_publisher":"https:\/\/www.facebook.com\/Radiio-Ljubuski-1490835324566332","article_published_time":"2022-02-09T09:05:36+00:00","article_modified_time":"2022-02-10T12:14:09+00:00","og_image":[{"width":1357,"height":808,"url":"https:\/\/radioljubuski.ba\/wp-content\/uploads\/2022\/02\/pjesme.jpg","type":"image\/jpeg"}],"author":"Radio Ljubu\u0161ki","twitter_card":"summary_large_image","twitter_creator":"@radioljubuski","twitter_site":"@radioljubuski","twitter_misc":{"Napisao\/la":"Radio Ljubu\u0161ki","Procijenjeno vrijeme \u010ditanja":"3 minute"},"schema":{"@context":"https:\/\/schema.org","@graph":[{"@type":"Article","@id":"https:\/\/radioljubuski.ba\/index.php\/2022\/02\/09\/u-pripremi-ljubuski-pjesnicki-zbornik-audio\/#article","isPartOf":{"@id":"https:\/\/radioljubuski.ba\/index.php\/2022\/02\/09\/u-pripremi-ljubuski-pjesnicki-zbornik-audio\/"},"author":{"name":"Radio Ljubu\u0161ki","@id":"https:\/\/radioljubuski.ba\/#\/schema\/person\/19fc700381a780f69665d7956c469e3b"},"headline":"U pripremi Ljubu\u0161ki pjesni\u010dki zbornik! &#8211; audio","datePublished":"2022-02-09T09:05:36+00:00","dateModified":"2022-02-10T12:14:09+00:00","mainEntityOfPage":{"@id":"https:\/\/radioljubuski.ba\/index.php\/2022\/02\/09\/u-pripremi-ljubuski-pjesnicki-zbornik-audio\/"},"wordCount":529,"publisher":{"@id":"https:\/\/radioljubuski.ba\/#organization"},"image":{"@id":"https:\/\/radioljubuski.ba\/index.php\/2022\/02\/09\/u-pripremi-ljubuski-pjesnicki-zbornik-audio\/#primaryimage"},"thumbnailUrl":"https:\/\/radioljubuski.ba\/wp-content\/uploads\/2022\/02\/pjesme.jpg","articleSection":["RLJ Audio"],"inLanguage":"hr"},{"@type":"WebPage","@id":"https:\/\/radioljubuski.ba\/index.php\/2022\/02\/09\/u-pripremi-ljubuski-pjesnicki-zbornik-audio\/","url":"https:\/\/radioljubuski.ba\/index.php\/2022\/02\/09\/u-pripremi-ljubuski-pjesnicki-zbornik-audio\/","name":"U pripremi Ljubu\u0161ki pjesni\u010dki zbornik! - audio - RADIO LJUBU\u0160KI","isPartOf":{"@id":"https:\/\/radioljubuski.ba\/#website"},"primaryImageOfPage":{"@id":"https:\/\/radioljubuski.ba\/index.php\/2022\/02\/09\/u-pripremi-ljubuski-pjesnicki-zbornik-audio\/#primaryimage"},"image":{"@id":"https:\/\/radioljubuski.ba\/index.php\/2022\/02\/09\/u-pripremi-ljubuski-pjesnicki-zbornik-audio\/#primaryimage"},"thumbnailUrl":"https:\/\/radioljubuski.ba\/wp-content\/uploads\/2022\/02\/pjesme.jpg","datePublished":"2022-02-09T09:05:36+00:00","dateModified":"2022-02-10T12:14:09+00:00","breadcrumb":{"@id":"https:\/\/radioljubuski.ba\/index.php\/2022\/02\/09\/u-pripremi-ljubuski-pjesnicki-zbornik-audio\/#breadcrumb"},"inLanguage":"hr","potentialAction":[{"@type":"ReadAction","target":["https:\/\/radioljubuski.ba\/index.php\/2022\/02\/09\/u-pripremi-ljubuski-pjesnicki-zbornik-audio\/"]}]},{"@type":"ImageObject","inLanguage":"hr","@id":"https:\/\/radioljubuski.ba\/index.php\/2022\/02\/09\/u-pripremi-ljubuski-pjesnicki-zbornik-audio\/#primaryimage","url":"https:\/\/radioljubuski.ba\/wp-content\/uploads\/2022\/02\/pjesme.jpg","contentUrl":"https:\/\/radioljubuski.ba\/wp-content\/uploads\/2022\/02\/pjesme.jpg","width":1357,"height":808},{"@type":"BreadcrumbList","@id":"https:\/\/radioljubuski.ba\/index.php\/2022\/02\/09\/u-pripremi-ljubuski-pjesnicki-zbornik-audio\/#breadcrumb","itemListElement":[{"@type":"ListItem","position":1,"name":"Po\u010detna stranica","item":"https:\/\/radioljubuski.ba\/"},{"@type":"ListItem","position":2,"name":"U pripremi Ljubu\u0161ki pjesni\u010dki zbornik! &#8211; audio"}]},{"@type":"WebSite","@id":"https:\/\/radioljubuski.ba\/#website","url":"https:\/\/radioljubuski.ba\/","name":"Radio Ljubu\u0161ki","description":"Sun\u010dana frekvencija Hercegovine","publisher":{"@id":"https:\/\/radioljubuski.ba\/#organization"},"potentialAction":[{"@type":"SearchAction","target":{"@type":"EntryPoint","urlTemplate":"https:\/\/radioljubuski.ba\/?s={search_term_string}"},"query-input":{"@type":"PropertyValueSpecification","valueRequired":true,"valueName":"search_term_string"}}],"inLanguage":"hr"},{"@type":"Organization","@id":"https:\/\/radioljubuski.ba\/#organization","name":"Radio Ljubu\u0161ki","url":"https:\/\/radioljubuski.ba\/","logo":{"@type":"ImageObject","inLanguage":"hr","@id":"https:\/\/radioljubuski.ba\/#\/schema\/logo\/image\/","url":"https:\/\/radioljubuski.ba\/wp-content\/uploads\/2021\/02\/cropped-Radio_Ljubuski_logo1.jpg","contentUrl":"https:\/\/radioljubuski.ba\/wp-content\/uploads\/2021\/02\/cropped-Radio_Ljubuski_logo1.jpg","width":512,"height":512,"caption":"Radio Ljubu\u0161ki"},"image":{"@id":"https:\/\/radioljubuski.ba\/#\/schema\/logo\/image\/"},"sameAs":["https:\/\/www.facebook.com\/Radiio-Ljubuski-1490835324566332","https:\/\/x.com\/radioljubuski","https:\/\/hr.linkedin.com\/company\/radio-ljubuski","https:\/\/www.youtube.com\/channel\/UCHYaeO_n0Db3tjNGudGpXyw"]},{"@type":"Person","@id":"https:\/\/radioljubuski.ba\/#\/schema\/person\/19fc700381a780f69665d7956c469e3b","name":"Radio Ljubu\u0161ki"}]}},"_links":{"self":[{"href":"https:\/\/radioljubuski.ba\/index.php\/wp-json\/wp\/v2\/posts\/112160","targetHints":{"allow":["GET"]}}],"collection":[{"href":"https:\/\/radioljubuski.ba\/index.php\/wp-json\/wp\/v2\/posts"}],"about":[{"href":"https:\/\/radioljubuski.ba\/index.php\/wp-json\/wp\/v2\/types\/post"}],"author":[{"embeddable":true,"href":"https:\/\/radioljubuski.ba\/index.php\/wp-json\/wp\/v2\/users\/2"}],"replies":[{"embeddable":true,"href":"https:\/\/radioljubuski.ba\/index.php\/wp-json\/wp\/v2\/comments?post=112160"}],"version-history":[{"count":1,"href":"https:\/\/radioljubuski.ba\/index.php\/wp-json\/wp\/v2\/posts\/112160\/revisions"}],"predecessor-version":[{"id":112162,"href":"https:\/\/radioljubuski.ba\/index.php\/wp-json\/wp\/v2\/posts\/112160\/revisions\/112162"}],"wp:featuredmedia":[{"embeddable":true,"href":"https:\/\/radioljubuski.ba\/index.php\/wp-json\/wp\/v2\/media\/112161"}],"wp:attachment":[{"href":"https:\/\/radioljubuski.ba\/index.php\/wp-json\/wp\/v2\/media?parent=112160"}],"wp:term":[{"taxonomy":"category","embeddable":true,"href":"https:\/\/radioljubuski.ba\/index.php\/wp-json\/wp\/v2\/categories?post=112160"},{"taxonomy":"post_tag","embeddable":true,"href":"https:\/\/radioljubuski.ba\/index.php\/wp-json\/wp\/v2\/tags?post=112160"}],"curies":[{"name":"wp","href":"https:\/\/api.w.org\/{rel}","templated":true}]}}