{"id":113096,"date":"2022-02-11T20:26:15","date_gmt":"2022-02-11T19:26:15","guid":{"rendered":"https:\/\/radioljubuski.ba\/?p=113096"},"modified":"2022-02-15T00:05:59","modified_gmt":"2022-02-14T23:05:59","slug":"u-ljubuskom-dodijeljene-nagrade-najboljim-sportasima","status":"publish","type":"post","link":"https:\/\/radioljubuski.ba\/index.php\/2022\/02\/11\/u-ljubuskom-dodijeljene-nagrade-najboljim-sportasima\/","title":{"rendered":"U Ljubu\u0161kom dodijeljene nagrade najboljim sporta\u0161ima"},"content":{"rendered":"\n<p>U trenucima dok se ljubu\u0161ki tenisa\u010d Tomislav Brki\u0107 u paru s Nikolom \u010ca\u010di\u0107em borio za finale ATP turnira u Buenos Airesu, njegov brat Josip je ve\u010deras u dvorani hotela Bigeste u Ljubu\u0161kom primio nagradu u Tomislavovo ime za najboljeg sporta\u0161a Ljubu\u0161kog za 2021. godinu.<\/p>\n\n\n\n<p>Bila je to samo jedan od zanimljivih detalja s ovogodi\u0161njeg, 25. jubilarnog progla\u0161enja najboljih ljubu\u0161kih sporta\u0161a.<\/p>\n\n\n\n<p>Tomislav je nagradu itekako zaslu\u017eio. U pro\u0161loj godini je ostvari niz uspjeha, popeo se na 40. mjesto na ATP ljestvici parova, igrao je u \u010detvrtfinalu Roland Garrosa i tako postao prvi bh. tenisa\u010d koji je do\u0161ao do \u010detvrtfinala jednog Grand Slama, a uz sve to, nanizao je niz sjajnih me\u010deva na jakim turnirima.<\/p>\n\n\n\n<p>Kako je istaknula voditeljica ovogodi\u0161njeg programa dodjele Bjanka Medi\u0107, Tomislav Brki\u0107 je i dobitnik nagrade Olimpijskog odbora za postignute rezultate u 2021. godini.<\/p>\n\n\n\n<p>Osim Brki\u0107u, \u010diju je nagradu uru\u010dio predsjednik Gradskog vije\u0107a Tihomir Kvesi\u0107, ve\u010deras su u hotelu Bigeste dodijeljene nagrade i najboljoj sporta\u0161ici, najboljem klubu i treneru, kao i najboljim mladim ljubu\u0161kim sporta\u0161ima.<\/p>\n\n\n\n<p>Nagradu za najbolju sporta\u0161icu dobila je svestrana Lea \u010cepo, uspje\u0161na nogometa\u0161ica, nogometna sutkinja, te trenerica u \u0161koli nogometa za djevoj\u010dice, nekada\u0161nja kapetanica \u017dNK Sloga koja \u0107e ostati upisana u povijesti kao djevojka u nogometnom dresu koja je dala prvi povijesni gol za grad Ljubu\u0161ki.<\/p>\n\n\n\n<p>Nagradu joj je uru\u010dio dopredsjednik Vlade \u017dZH-a i ministar financija Toni Kraljevi\u0107, a Lea je prethodno novinarima rekla kako joj ovo priznanje najve\u0107e u \u017eivotu. &nbsp;<\/p>\n\n\n\n<p>Nagradu za najbolji klub dobio je Izvi\u0111a\u010d, ljubu\u0161ka sportska institucija. Kako je ve\u010deras istaknuo poznati ljubu\u0161ki novinar i sportski djelatnik Nikica \u0160iljeg, Izvi\u0111a\u010d ve\u0107 godinama dominira ovom kategorijom i redovno s pravom dobiva nagrade za najbolji ljubu\u0161ki klub. Nagradu je u ime Izvi\u0111a\u010da preuzeo predsjednik kluba Toni Kraljevi\u0107, a uru\u010dio ju je gradona\u010delnik Vedran Markoti\u0107.<\/p>\n\n\n\n<p>Izvi\u0111a\u010dev Toni \u010colina je dobio nagradu za najboljeg trenera, a u njegovo ime nagradu je iz ruku gradona\u010delnika preuzeo kapetan Izvi\u0111a\u010da Domagoj Alilovi\u0107.<\/p>\n\n\n\n<p>Nagradu za najboljeg mladog ljubu\u0161kog sporta\u0161a (do 18 godina) dobio je Leon Vranje\u0161, mladi boksa\u010d koji iza sebe ima ve\u0107 pet osvojenih dr\u017eavnih prvenstava u svojoj kategoriji, a ve\u010deras mu je \u010destitao i nagradu uru\u010dio David Grbavac, ministar MUP-a \u017dZH-a.<\/p>\n\n\n\n<p>Najbolja mlada ljubu\u0161ka sporta\u0161ica je biciklisti\u010dka prvakinja BiH Dragana Mati\u0107 koja je pro\u0161le godine osvajala mno\u0161tvo utrka te se okitila naslovom dr\u017eavne prvakinje u kategoriji mla\u0111ih kadeta. Nagradu joj je uru\u010dila Ankica \u0160aravanja, &nbsp;\u0161efica Kabineta Gradona\u010delnika. <\/p>\n\n\n\n<p>Sve\u010danost dodjele nagrada uljep\u0161ali su i glumci iz Kluba kulture Libu\u0161a koji su nasmijali prisutne isje\u010dkom iz svoje predstave Naoposum ili Nikako, a nakon dodjela uprili\u010deno je dru\u017eenje uz domjenak.<\/p>\n\n\n\n<p>Poslu\u0161ajte \u0161to smo snimili ve\u010deras<\/p>\n\n\n\n<iframe src=\"https:\/\/drive.google.com\/file\/d\/1rL9lLAe07jrlac99BLvMaLYItWIPiH2o\/preview\" style=\"width: 100%; height: 100px;\"><\/iframe>\n\n\n\n<iframe loading=\"lazy\" src=\"https:\/\/www.facebook.com\/plugins\/post.php?href=https%3A%2F%2Fwww.facebook.com%2Fpermalink.php%3Fstory_fbid%3D3064598583856657%26id%3D1490835324566332&amp;show_text=true&amp;width=500\" width=\"500\" height=\"773\" style=\"border:none;overflow:hidden\" scrolling=\"no\" frameborder=\"0\" allowfullscreen=\"true\" allow=\"autoplay; clipboard-write; encrypted-media; picture-in-picture; web-share\"><\/iframe>\n\n\n\n<p><strong>Ivan Herceg \/ Radio Ljubu\u0161ki<\/strong><\/p>\n","protected":false},"excerpt":{"rendered":"<p>U trenucima dok se ljubu\u0161ki tenisa\u010d Tomislav Brki\u0107 u paru s Nikolom \u010ca\u010di\u0107em borio za finale ATP turnira u Buenos Airesu, njegov brat Josip je ve\u010deras u dvorani hotela Bigeste u Ljubu\u0161kom primio nagradu u Tomislavovo ime za najboljeg sporta\u0161a Ljubu\u0161kog za 2021. godinu. Bila je to samo jedan od zanimljivih detalja s ovogodi\u0161njeg, 25. [&hellip;]<\/p>\n","protected":false},"author":2,"featured_media":113097,"comment_status":"closed","ping_status":"closed","sticky":false,"template":"","format":"standard","meta":{"h5ap_radio_sources":[],"footnotes":""},"categories":[8],"tags":[],"class_list":["post-113096","post","type-post","status-publish","format-standard","has-post-thumbnail","hentry","category-rlj-audio"],"yoast_head":"<!-- This site is optimized with the Yoast SEO plugin v27.5 - https:\/\/yoast.com\/product\/yoast-seo-wordpress\/ -->\n<title>U Ljubu\u0161kom dodijeljene nagrade najboljim sporta\u0161ima - RADIO LJUBU\u0160KI<\/title>\n<meta name=\"robots\" content=\"index, follow, max-snippet:-1, max-image-preview:large, max-video-preview:-1\" \/>\n<link rel=\"canonical\" href=\"https:\/\/radioljubuski.ba\/index.php\/2022\/02\/11\/u-ljubuskom-dodijeljene-nagrade-najboljim-sportasima\/\" \/>\n<meta property=\"og:locale\" content=\"hr_HR\" \/>\n<meta property=\"og:type\" content=\"article\" \/>\n<meta property=\"og:title\" content=\"U Ljubu\u0161kom dodijeljene nagrade najboljim sporta\u0161ima - RADIO LJUBU\u0160KI\" \/>\n<meta property=\"og:description\" content=\"U trenucima dok se ljubu\u0161ki tenisa\u010d Tomislav Brki\u0107 u paru s Nikolom \u010ca\u010di\u0107em borio za finale ATP turnira u Buenos Airesu, njegov brat Josip je ve\u010deras u dvorani hotela Bigeste u Ljubu\u0161kom primio nagradu u Tomislavovo ime za najboljeg sporta\u0161a Ljubu\u0161kog za 2021. godinu. Bila je to samo jedan od zanimljivih detalja s ovogodi\u0161njeg, 25. [&hellip;]\" \/>\n<meta property=\"og:url\" content=\"https:\/\/radioljubuski.ba\/index.php\/2022\/02\/11\/u-ljubuskom-dodijeljene-nagrade-najboljim-sportasima\/\" \/>\n<meta property=\"og:site_name\" content=\"RADIO LJUBU\u0160KI\" \/>\n<meta property=\"article:publisher\" content=\"https:\/\/www.facebook.com\/Radiio-Ljubuski-1490835324566332\" \/>\n<meta property=\"article:published_time\" content=\"2022-02-11T19:26:15+00:00\" \/>\n<meta property=\"article:modified_time\" content=\"2022-02-14T23:05:59+00:00\" \/>\n<meta property=\"og:image\" content=\"https:\/\/radioljubuski.ba\/wp-content\/uploads\/2022\/02\/najbolji.jpg\" \/>\n\t<meta property=\"og:image:width\" content=\"1421\" \/>\n\t<meta property=\"og:image:height\" content=\"649\" \/>\n\t<meta property=\"og:image:type\" content=\"image\/jpeg\" \/>\n<meta name=\"author\" content=\"Radio Ljubu\u0161ki\" \/>\n<meta name=\"twitter:card\" content=\"summary_large_image\" \/>\n<meta name=\"twitter:creator\" content=\"@radioljubuski\" \/>\n<meta name=\"twitter:site\" content=\"@radioljubuski\" \/>\n<meta name=\"twitter:label1\" content=\"Napisao\/la\" \/>\n\t<meta name=\"twitter:data1\" content=\"Radio Ljubu\u0161ki\" \/>\n\t<meta name=\"twitter:label2\" content=\"Procijenjeno vrijeme \u010ditanja\" \/>\n\t<meta name=\"twitter:data2\" content=\"2 minute\" \/>\n<script type=\"application\/ld+json\" class=\"yoast-schema-graph\">{\"@context\":\"https:\\\/\\\/schema.org\",\"@graph\":[{\"@type\":\"Article\",\"@id\":\"https:\\\/\\\/radioljubuski.ba\\\/index.php\\\/2022\\\/02\\\/11\\\/u-ljubuskom-dodijeljene-nagrade-najboljim-sportasima\\\/#article\",\"isPartOf\":{\"@id\":\"https:\\\/\\\/radioljubuski.ba\\\/index.php\\\/2022\\\/02\\\/11\\\/u-ljubuskom-dodijeljene-nagrade-najboljim-sportasima\\\/\"},\"author\":{\"name\":\"Radio Ljubu\u0161ki\",\"@id\":\"https:\\\/\\\/radioljubuski.ba\\\/#\\\/schema\\\/person\\\/19fc700381a780f69665d7956c469e3b\"},\"headline\":\"U Ljubu\u0161kom dodijeljene nagrade najboljim sporta\u0161ima\",\"datePublished\":\"2022-02-11T19:26:15+00:00\",\"dateModified\":\"2022-02-14T23:05:59+00:00\",\"mainEntityOfPage\":{\"@id\":\"https:\\\/\\\/radioljubuski.ba\\\/index.php\\\/2022\\\/02\\\/11\\\/u-ljubuskom-dodijeljene-nagrade-najboljim-sportasima\\\/\"},\"wordCount\":503,\"publisher\":{\"@id\":\"https:\\\/\\\/radioljubuski.ba\\\/#organization\"},\"image\":{\"@id\":\"https:\\\/\\\/radioljubuski.ba\\\/index.php\\\/2022\\\/02\\\/11\\\/u-ljubuskom-dodijeljene-nagrade-najboljim-sportasima\\\/#primaryimage\"},\"thumbnailUrl\":\"https:\\\/\\\/radioljubuski.ba\\\/wp-content\\\/uploads\\\/2022\\\/02\\\/najbolji.jpg\",\"articleSection\":[\"RLJ Audio\"],\"inLanguage\":\"hr\"},{\"@type\":\"WebPage\",\"@id\":\"https:\\\/\\\/radioljubuski.ba\\\/index.php\\\/2022\\\/02\\\/11\\\/u-ljubuskom-dodijeljene-nagrade-najboljim-sportasima\\\/\",\"url\":\"https:\\\/\\\/radioljubuski.ba\\\/index.php\\\/2022\\\/02\\\/11\\\/u-ljubuskom-dodijeljene-nagrade-najboljim-sportasima\\\/\",\"name\":\"U Ljubu\u0161kom dodijeljene nagrade najboljim sporta\u0161ima - RADIO LJUBU\u0160KI\",\"isPartOf\":{\"@id\":\"https:\\\/\\\/radioljubuski.ba\\\/#website\"},\"primaryImageOfPage\":{\"@id\":\"https:\\\/\\\/radioljubuski.ba\\\/index.php\\\/2022\\\/02\\\/11\\\/u-ljubuskom-dodijeljene-nagrade-najboljim-sportasima\\\/#primaryimage\"},\"image\":{\"@id\":\"https:\\\/\\\/radioljubuski.ba\\\/index.php\\\/2022\\\/02\\\/11\\\/u-ljubuskom-dodijeljene-nagrade-najboljim-sportasima\\\/#primaryimage\"},\"thumbnailUrl\":\"https:\\\/\\\/radioljubuski.ba\\\/wp-content\\\/uploads\\\/2022\\\/02\\\/najbolji.jpg\",\"datePublished\":\"2022-02-11T19:26:15+00:00\",\"dateModified\":\"2022-02-14T23:05:59+00:00\",\"breadcrumb\":{\"@id\":\"https:\\\/\\\/radioljubuski.ba\\\/index.php\\\/2022\\\/02\\\/11\\\/u-ljubuskom-dodijeljene-nagrade-najboljim-sportasima\\\/#breadcrumb\"},\"inLanguage\":\"hr\",\"potentialAction\":[{\"@type\":\"ReadAction\",\"target\":[\"https:\\\/\\\/radioljubuski.ba\\\/index.php\\\/2022\\\/02\\\/11\\\/u-ljubuskom-dodijeljene-nagrade-najboljim-sportasima\\\/\"]}]},{\"@type\":\"ImageObject\",\"inLanguage\":\"hr\",\"@id\":\"https:\\\/\\\/radioljubuski.ba\\\/index.php\\\/2022\\\/02\\\/11\\\/u-ljubuskom-dodijeljene-nagrade-najboljim-sportasima\\\/#primaryimage\",\"url\":\"https:\\\/\\\/radioljubuski.ba\\\/wp-content\\\/uploads\\\/2022\\\/02\\\/najbolji.jpg\",\"contentUrl\":\"https:\\\/\\\/radioljubuski.ba\\\/wp-content\\\/uploads\\\/2022\\\/02\\\/najbolji.jpg\",\"width\":1421,\"height\":649},{\"@type\":\"BreadcrumbList\",\"@id\":\"https:\\\/\\\/radioljubuski.ba\\\/index.php\\\/2022\\\/02\\\/11\\\/u-ljubuskom-dodijeljene-nagrade-najboljim-sportasima\\\/#breadcrumb\",\"itemListElement\":[{\"@type\":\"ListItem\",\"position\":1,\"name\":\"Po\u010detna stranica\",\"item\":\"https:\\\/\\\/radioljubuski.ba\\\/\"},{\"@type\":\"ListItem\",\"position\":2,\"name\":\"U Ljubu\u0161kom dodijeljene nagrade najboljim sporta\u0161ima\"}]},{\"@type\":\"WebSite\",\"@id\":\"https:\\\/\\\/radioljubuski.ba\\\/#website\",\"url\":\"https:\\\/\\\/radioljubuski.ba\\\/\",\"name\":\"Radio Ljubu\u0161ki\",\"description\":\"Sun\u010dana frekvencija Hercegovine\",\"publisher\":{\"@id\":\"https:\\\/\\\/radioljubuski.ba\\\/#organization\"},\"potentialAction\":[{\"@type\":\"SearchAction\",\"target\":{\"@type\":\"EntryPoint\",\"urlTemplate\":\"https:\\\/\\\/radioljubuski.ba\\\/?s={search_term_string}\"},\"query-input\":{\"@type\":\"PropertyValueSpecification\",\"valueRequired\":true,\"valueName\":\"search_term_string\"}}],\"inLanguage\":\"hr\"},{\"@type\":\"Organization\",\"@id\":\"https:\\\/\\\/radioljubuski.ba\\\/#organization\",\"name\":\"Radio Ljubu\u0161ki\",\"url\":\"https:\\\/\\\/radioljubuski.ba\\\/\",\"logo\":{\"@type\":\"ImageObject\",\"inLanguage\":\"hr\",\"@id\":\"https:\\\/\\\/radioljubuski.ba\\\/#\\\/schema\\\/logo\\\/image\\\/\",\"url\":\"https:\\\/\\\/radioljubuski.ba\\\/wp-content\\\/uploads\\\/2021\\\/02\\\/cropped-Radio_Ljubuski_logo1.jpg\",\"contentUrl\":\"https:\\\/\\\/radioljubuski.ba\\\/wp-content\\\/uploads\\\/2021\\\/02\\\/cropped-Radio_Ljubuski_logo1.jpg\",\"width\":512,\"height\":512,\"caption\":\"Radio Ljubu\u0161ki\"},\"image\":{\"@id\":\"https:\\\/\\\/radioljubuski.ba\\\/#\\\/schema\\\/logo\\\/image\\\/\"},\"sameAs\":[\"https:\\\/\\\/www.facebook.com\\\/Radiio-Ljubuski-1490835324566332\",\"https:\\\/\\\/x.com\\\/radioljubuski\",\"https:\\\/\\\/hr.linkedin.com\\\/company\\\/radio-ljubuski\",\"https:\\\/\\\/www.youtube.com\\\/channel\\\/UCHYaeO_n0Db3tjNGudGpXyw\"]},{\"@type\":\"Person\",\"@id\":\"https:\\\/\\\/radioljubuski.ba\\\/#\\\/schema\\\/person\\\/19fc700381a780f69665d7956c469e3b\",\"name\":\"Radio Ljubu\u0161ki\"}]}<\/script>\n<!-- \/ Yoast SEO plugin. -->","yoast_head_json":{"title":"U Ljubu\u0161kom dodijeljene nagrade najboljim sporta\u0161ima - RADIO LJUBU\u0160KI","robots":{"index":"index","follow":"follow","max-snippet":"max-snippet:-1","max-image-preview":"max-image-preview:large","max-video-preview":"max-video-preview:-1"},"canonical":"https:\/\/radioljubuski.ba\/index.php\/2022\/02\/11\/u-ljubuskom-dodijeljene-nagrade-najboljim-sportasima\/","og_locale":"hr_HR","og_type":"article","og_title":"U Ljubu\u0161kom dodijeljene nagrade najboljim sporta\u0161ima - RADIO LJUBU\u0160KI","og_description":"U trenucima dok se ljubu\u0161ki tenisa\u010d Tomislav Brki\u0107 u paru s Nikolom \u010ca\u010di\u0107em borio za finale ATP turnira u Buenos Airesu, njegov brat Josip je ve\u010deras u dvorani hotela Bigeste u Ljubu\u0161kom primio nagradu u Tomislavovo ime za najboljeg sporta\u0161a Ljubu\u0161kog za 2021. godinu. Bila je to samo jedan od zanimljivih detalja s ovogodi\u0161njeg, 25. [&hellip;]","og_url":"https:\/\/radioljubuski.ba\/index.php\/2022\/02\/11\/u-ljubuskom-dodijeljene-nagrade-najboljim-sportasima\/","og_site_name":"RADIO LJUBU\u0160KI","article_publisher":"https:\/\/www.facebook.com\/Radiio-Ljubuski-1490835324566332","article_published_time":"2022-02-11T19:26:15+00:00","article_modified_time":"2022-02-14T23:05:59+00:00","og_image":[{"width":1421,"height":649,"url":"https:\/\/radioljubuski.ba\/wp-content\/uploads\/2022\/02\/najbolji.jpg","type":"image\/jpeg"}],"author":"Radio Ljubu\u0161ki","twitter_card":"summary_large_image","twitter_creator":"@radioljubuski","twitter_site":"@radioljubuski","twitter_misc":{"Napisao\/la":"Radio Ljubu\u0161ki","Procijenjeno vrijeme \u010ditanja":"2 minute"},"schema":{"@context":"https:\/\/schema.org","@graph":[{"@type":"Article","@id":"https:\/\/radioljubuski.ba\/index.php\/2022\/02\/11\/u-ljubuskom-dodijeljene-nagrade-najboljim-sportasima\/#article","isPartOf":{"@id":"https:\/\/radioljubuski.ba\/index.php\/2022\/02\/11\/u-ljubuskom-dodijeljene-nagrade-najboljim-sportasima\/"},"author":{"name":"Radio Ljubu\u0161ki","@id":"https:\/\/radioljubuski.ba\/#\/schema\/person\/19fc700381a780f69665d7956c469e3b"},"headline":"U Ljubu\u0161kom dodijeljene nagrade najboljim sporta\u0161ima","datePublished":"2022-02-11T19:26:15+00:00","dateModified":"2022-02-14T23:05:59+00:00","mainEntityOfPage":{"@id":"https:\/\/radioljubuski.ba\/index.php\/2022\/02\/11\/u-ljubuskom-dodijeljene-nagrade-najboljim-sportasima\/"},"wordCount":503,"publisher":{"@id":"https:\/\/radioljubuski.ba\/#organization"},"image":{"@id":"https:\/\/radioljubuski.ba\/index.php\/2022\/02\/11\/u-ljubuskom-dodijeljene-nagrade-najboljim-sportasima\/#primaryimage"},"thumbnailUrl":"https:\/\/radioljubuski.ba\/wp-content\/uploads\/2022\/02\/najbolji.jpg","articleSection":["RLJ Audio"],"inLanguage":"hr"},{"@type":"WebPage","@id":"https:\/\/radioljubuski.ba\/index.php\/2022\/02\/11\/u-ljubuskom-dodijeljene-nagrade-najboljim-sportasima\/","url":"https:\/\/radioljubuski.ba\/index.php\/2022\/02\/11\/u-ljubuskom-dodijeljene-nagrade-najboljim-sportasima\/","name":"U Ljubu\u0161kom dodijeljene nagrade najboljim sporta\u0161ima - RADIO LJUBU\u0160KI","isPartOf":{"@id":"https:\/\/radioljubuski.ba\/#website"},"primaryImageOfPage":{"@id":"https:\/\/radioljubuski.ba\/index.php\/2022\/02\/11\/u-ljubuskom-dodijeljene-nagrade-najboljim-sportasima\/#primaryimage"},"image":{"@id":"https:\/\/radioljubuski.ba\/index.php\/2022\/02\/11\/u-ljubuskom-dodijeljene-nagrade-najboljim-sportasima\/#primaryimage"},"thumbnailUrl":"https:\/\/radioljubuski.ba\/wp-content\/uploads\/2022\/02\/najbolji.jpg","datePublished":"2022-02-11T19:26:15+00:00","dateModified":"2022-02-14T23:05:59+00:00","breadcrumb":{"@id":"https:\/\/radioljubuski.ba\/index.php\/2022\/02\/11\/u-ljubuskom-dodijeljene-nagrade-najboljim-sportasima\/#breadcrumb"},"inLanguage":"hr","potentialAction":[{"@type":"ReadAction","target":["https:\/\/radioljubuski.ba\/index.php\/2022\/02\/11\/u-ljubuskom-dodijeljene-nagrade-najboljim-sportasima\/"]}]},{"@type":"ImageObject","inLanguage":"hr","@id":"https:\/\/radioljubuski.ba\/index.php\/2022\/02\/11\/u-ljubuskom-dodijeljene-nagrade-najboljim-sportasima\/#primaryimage","url":"https:\/\/radioljubuski.ba\/wp-content\/uploads\/2022\/02\/najbolji.jpg","contentUrl":"https:\/\/radioljubuski.ba\/wp-content\/uploads\/2022\/02\/najbolji.jpg","width":1421,"height":649},{"@type":"BreadcrumbList","@id":"https:\/\/radioljubuski.ba\/index.php\/2022\/02\/11\/u-ljubuskom-dodijeljene-nagrade-najboljim-sportasima\/#breadcrumb","itemListElement":[{"@type":"ListItem","position":1,"name":"Po\u010detna stranica","item":"https:\/\/radioljubuski.ba\/"},{"@type":"ListItem","position":2,"name":"U Ljubu\u0161kom dodijeljene nagrade najboljim sporta\u0161ima"}]},{"@type":"WebSite","@id":"https:\/\/radioljubuski.ba\/#website","url":"https:\/\/radioljubuski.ba\/","name":"Radio Ljubu\u0161ki","description":"Sun\u010dana frekvencija Hercegovine","publisher":{"@id":"https:\/\/radioljubuski.ba\/#organization"},"potentialAction":[{"@type":"SearchAction","target":{"@type":"EntryPoint","urlTemplate":"https:\/\/radioljubuski.ba\/?s={search_term_string}"},"query-input":{"@type":"PropertyValueSpecification","valueRequired":true,"valueName":"search_term_string"}}],"inLanguage":"hr"},{"@type":"Organization","@id":"https:\/\/radioljubuski.ba\/#organization","name":"Radio Ljubu\u0161ki","url":"https:\/\/radioljubuski.ba\/","logo":{"@type":"ImageObject","inLanguage":"hr","@id":"https:\/\/radioljubuski.ba\/#\/schema\/logo\/image\/","url":"https:\/\/radioljubuski.ba\/wp-content\/uploads\/2021\/02\/cropped-Radio_Ljubuski_logo1.jpg","contentUrl":"https:\/\/radioljubuski.ba\/wp-content\/uploads\/2021\/02\/cropped-Radio_Ljubuski_logo1.jpg","width":512,"height":512,"caption":"Radio Ljubu\u0161ki"},"image":{"@id":"https:\/\/radioljubuski.ba\/#\/schema\/logo\/image\/"},"sameAs":["https:\/\/www.facebook.com\/Radiio-Ljubuski-1490835324566332","https:\/\/x.com\/radioljubuski","https:\/\/hr.linkedin.com\/company\/radio-ljubuski","https:\/\/www.youtube.com\/channel\/UCHYaeO_n0Db3tjNGudGpXyw"]},{"@type":"Person","@id":"https:\/\/radioljubuski.ba\/#\/schema\/person\/19fc700381a780f69665d7956c469e3b","name":"Radio Ljubu\u0161ki"}]}},"_links":{"self":[{"href":"https:\/\/radioljubuski.ba\/index.php\/wp-json\/wp\/v2\/posts\/113096","targetHints":{"allow":["GET"]}}],"collection":[{"href":"https:\/\/radioljubuski.ba\/index.php\/wp-json\/wp\/v2\/posts"}],"about":[{"href":"https:\/\/radioljubuski.ba\/index.php\/wp-json\/wp\/v2\/types\/post"}],"author":[{"embeddable":true,"href":"https:\/\/radioljubuski.ba\/index.php\/wp-json\/wp\/v2\/users\/2"}],"replies":[{"embeddable":true,"href":"https:\/\/radioljubuski.ba\/index.php\/wp-json\/wp\/v2\/comments?post=113096"}],"version-history":[{"count":8,"href":"https:\/\/radioljubuski.ba\/index.php\/wp-json\/wp\/v2\/posts\/113096\/revisions"}],"predecessor-version":[{"id":113108,"href":"https:\/\/radioljubuski.ba\/index.php\/wp-json\/wp\/v2\/posts\/113096\/revisions\/113108"}],"wp:featuredmedia":[{"embeddable":true,"href":"https:\/\/radioljubuski.ba\/index.php\/wp-json\/wp\/v2\/media\/113097"}],"wp:attachment":[{"href":"https:\/\/radioljubuski.ba\/index.php\/wp-json\/wp\/v2\/media?parent=113096"}],"wp:term":[{"taxonomy":"category","embeddable":true,"href":"https:\/\/radioljubuski.ba\/index.php\/wp-json\/wp\/v2\/categories?post=113096"},{"taxonomy":"post_tag","embeddable":true,"href":"https:\/\/radioljubuski.ba\/index.php\/wp-json\/wp\/v2\/tags?post=113096"}],"curies":[{"name":"wp","href":"https:\/\/api.w.org\/{rel}","templated":true}]}}