{"id":113173,"date":"2022-02-14T10:08:55","date_gmt":"2022-02-14T09:08:55","guid":{"rendered":"https:\/\/radioljubuski.ba\/?p=113173"},"modified":"2022-02-14T10:08:56","modified_gmt":"2022-02-14T09:08:56","slug":"u-knjiznici-ljubuski-otvorena-literarna-izlozba-povodom-valentinova","status":"publish","type":"post","link":"https:\/\/radioljubuski.ba\/index.php\/2022\/02\/14\/u-knjiznici-ljubuski-otvorena-literarna-izlozba-povodom-valentinova\/","title":{"rendered":"U Knji\u017enici Ljubu\u0161ki otvorena literarna izlo\u017eba povodom Valentinova"},"content":{"rendered":"\n<p><strong>Danas je u Knji\u017enici Ljubu\u0161ki, povodom Dana zaljubljenih &#8211; Valentinova, otvorena izlo\u017eba literarnih radova u\u010denici O\u0160 Marka Maruli\u0107a Ljubu\u0161ki.<\/strong><\/p>\n\n\n\n<p>Izlo\u017eba ostaje otvorena od 14. do 19. velja\u010de &#8211; do kada \u0107e svi posjetitelji knji\u017enice biti u prigodi vidjeti \u0161to o ljubavi, zaljubljenosti i leptiri\u0107ima u trbuhu misle u\u010denici.<\/p>\n\n\n\n<p><em>&#8220;Pozivamo sve da, nadasve tijekom dana\u0161njeg dana &#8211; Dana zaljubljenih, ali ujedno i tijekom teku\u0107eg tjedna do 19. velja\u010de, posjete Knji\u017enicu Ljubu\u0161ki i pro\u010ditaju \u0161to o ljubavi misle najmla\u0111i.\u00a0Naime, dugo vremena psiholozi su bili neskloni kako definiranju tako i istra\u017eivanju\u00a0fenomena ljubavi. Izgleda da se ta tema smatrala neozbiljnom i neprikladnom, a ni\u0161ta bolje nisu prolazili ni oni koji su je poku\u0161avali istra\u017eivati. Ni dan danas, na ta vje\u010dna pitanja o ljubavi, zaljubljenosti i leptiri\u0107ima u trbuhu, nismo uspjeli na\u0107i jedinstven odgovor. Me\u0111utim, uvjerenja smo da su u\u010denici O\u0160 Marka Maruli\u0107a svojim literarnim radovima dali odgovor na spomenuta pitanja.&#8221;,\u00a0<\/em>istaknuli su iz JU &#8220;Kulturno-\u0161portski centar&#8221; Ljubu\u0161ki.<\/p>\n\n\n\n<p><strong>Izvor: Iks-portal.info<\/strong><\/p>\n","protected":false},"excerpt":{"rendered":"<p>Danas je u Knji\u017enici Ljubu\u0161ki, povodom Dana zaljubljenih &#8211; Valentinova, otvorena izlo\u017eba literarnih radova u\u010denici O\u0160 Marka Maruli\u0107a Ljubu\u0161ki. Izlo\u017eba ostaje otvorena od 14. do 19. velja\u010de &#8211; do kada \u0107e svi posjetitelji knji\u017enice biti u prigodi vidjeti \u0161to o ljubavi, zaljubljenosti i leptiri\u0107ima u trbuhu misle u\u010denici. &#8220;Pozivamo sve da, nadasve tijekom dana\u0161njeg dana [&hellip;]<\/p>\n","protected":false},"author":2,"featured_media":113174,"comment_status":"closed","ping_status":"closed","sticky":false,"template":"","format":"standard","meta":{"h5ap_radio_sources":[],"footnotes":""},"categories":[3],"tags":[],"class_list":["post-113173","post","type-post","status-publish","format-standard","has-post-thumbnail","hentry","category-ljubuski"],"yoast_head":"<!-- This site is optimized with the Yoast SEO plugin v27.4 - https:\/\/yoast.com\/product\/yoast-seo-wordpress\/ -->\n<title>U Knji\u017enici Ljubu\u0161ki otvorena literarna izlo\u017eba povodom Valentinova - RADIO LJUBU\u0160KI<\/title>\n<meta name=\"robots\" content=\"index, follow, max-snippet:-1, max-image-preview:large, max-video-preview:-1\" \/>\n<link rel=\"canonical\" href=\"https:\/\/radioljubuski.ba\/index.php\/2022\/02\/14\/u-knjiznici-ljubuski-otvorena-literarna-izlozba-povodom-valentinova\/\" \/>\n<meta property=\"og:locale\" content=\"hr_HR\" \/>\n<meta property=\"og:type\" content=\"article\" \/>\n<meta property=\"og:title\" content=\"U Knji\u017enici Ljubu\u0161ki otvorena literarna izlo\u017eba povodom Valentinova - RADIO LJUBU\u0160KI\" \/>\n<meta property=\"og:description\" content=\"Danas je u Knji\u017enici Ljubu\u0161ki, povodom Dana zaljubljenih &#8211; Valentinova, otvorena izlo\u017eba literarnih radova u\u010denici O\u0160 Marka Maruli\u0107a Ljubu\u0161ki. Izlo\u017eba ostaje otvorena od 14. do 19. velja\u010de &#8211; do kada \u0107e svi posjetitelji knji\u017enice biti u prigodi vidjeti \u0161to o ljubavi, zaljubljenosti i leptiri\u0107ima u trbuhu misle u\u010denici. &#8220;Pozivamo sve da, nadasve tijekom dana\u0161njeg dana [&hellip;]\" \/>\n<meta property=\"og:url\" content=\"https:\/\/radioljubuski.ba\/index.php\/2022\/02\/14\/u-knjiznici-ljubuski-otvorena-literarna-izlozba-povodom-valentinova\/\" \/>\n<meta property=\"og:site_name\" content=\"RADIO LJUBU\u0160KI\" \/>\n<meta property=\"article:publisher\" content=\"https:\/\/www.facebook.com\/Radiio-Ljubuski-1490835324566332\" \/>\n<meta property=\"article:published_time\" content=\"2022-02-14T09:08:55+00:00\" \/>\n<meta property=\"article:modified_time\" content=\"2022-02-14T09:08:56+00:00\" \/>\n<meta property=\"og:image\" content=\"https:\/\/radioljubuski.ba\/wp-content\/uploads\/2022\/02\/izlozba-2.jpg\" \/>\n\t<meta property=\"og:image:width\" content=\"2048\" \/>\n\t<meta property=\"og:image:height\" content=\"1336\" \/>\n\t<meta property=\"og:image:type\" content=\"image\/jpeg\" \/>\n<meta name=\"author\" content=\"Radio Ljubu\u0161ki\" \/>\n<meta name=\"twitter:card\" content=\"summary_large_image\" \/>\n<meta name=\"twitter:creator\" content=\"@radioljubuski\" \/>\n<meta name=\"twitter:site\" content=\"@radioljubuski\" \/>\n<meta name=\"twitter:label1\" content=\"Napisao\/la\" \/>\n\t<meta name=\"twitter:data1\" content=\"Radio Ljubu\u0161ki\" \/>\n\t<meta name=\"twitter:label2\" content=\"Procijenjeno vrijeme \u010ditanja\" \/>\n\t<meta name=\"twitter:data2\" content=\"1 minuta\" \/>\n<script type=\"application\/ld+json\" class=\"yoast-schema-graph\">{\"@context\":\"https:\\\/\\\/schema.org\",\"@graph\":[{\"@type\":\"Article\",\"@id\":\"https:\\\/\\\/radioljubuski.ba\\\/index.php\\\/2022\\\/02\\\/14\\\/u-knjiznici-ljubuski-otvorena-literarna-izlozba-povodom-valentinova\\\/#article\",\"isPartOf\":{\"@id\":\"https:\\\/\\\/radioljubuski.ba\\\/index.php\\\/2022\\\/02\\\/14\\\/u-knjiznici-ljubuski-otvorena-literarna-izlozba-povodom-valentinova\\\/\"},\"author\":{\"name\":\"Radio Ljubu\u0161ki\",\"@id\":\"https:\\\/\\\/radioljubuski.ba\\\/#\\\/schema\\\/person\\\/19fc700381a780f69665d7956c469e3b\"},\"headline\":\"U Knji\u017enici Ljubu\u0161ki otvorena literarna izlo\u017eba povodom Valentinova\",\"datePublished\":\"2022-02-14T09:08:55+00:00\",\"dateModified\":\"2022-02-14T09:08:56+00:00\",\"mainEntityOfPage\":{\"@id\":\"https:\\\/\\\/radioljubuski.ba\\\/index.php\\\/2022\\\/02\\\/14\\\/u-knjiznici-ljubuski-otvorena-literarna-izlozba-povodom-valentinova\\\/\"},\"wordCount\":196,\"publisher\":{\"@id\":\"https:\\\/\\\/radioljubuski.ba\\\/#organization\"},\"image\":{\"@id\":\"https:\\\/\\\/radioljubuski.ba\\\/index.php\\\/2022\\\/02\\\/14\\\/u-knjiznici-ljubuski-otvorena-literarna-izlozba-povodom-valentinova\\\/#primaryimage\"},\"thumbnailUrl\":\"https:\\\/\\\/radioljubuski.ba\\\/wp-content\\\/uploads\\\/2022\\\/02\\\/izlozba-2.jpg\",\"articleSection\":[\"Ljubu\u0161ki\"],\"inLanguage\":\"hr\"},{\"@type\":\"WebPage\",\"@id\":\"https:\\\/\\\/radioljubuski.ba\\\/index.php\\\/2022\\\/02\\\/14\\\/u-knjiznici-ljubuski-otvorena-literarna-izlozba-povodom-valentinova\\\/\",\"url\":\"https:\\\/\\\/radioljubuski.ba\\\/index.php\\\/2022\\\/02\\\/14\\\/u-knjiznici-ljubuski-otvorena-literarna-izlozba-povodom-valentinova\\\/\",\"name\":\"U Knji\u017enici Ljubu\u0161ki otvorena literarna izlo\u017eba povodom Valentinova - RADIO LJUBU\u0160KI\",\"isPartOf\":{\"@id\":\"https:\\\/\\\/radioljubuski.ba\\\/#website\"},\"primaryImageOfPage\":{\"@id\":\"https:\\\/\\\/radioljubuski.ba\\\/index.php\\\/2022\\\/02\\\/14\\\/u-knjiznici-ljubuski-otvorena-literarna-izlozba-povodom-valentinova\\\/#primaryimage\"},\"image\":{\"@id\":\"https:\\\/\\\/radioljubuski.ba\\\/index.php\\\/2022\\\/02\\\/14\\\/u-knjiznici-ljubuski-otvorena-literarna-izlozba-povodom-valentinova\\\/#primaryimage\"},\"thumbnailUrl\":\"https:\\\/\\\/radioljubuski.ba\\\/wp-content\\\/uploads\\\/2022\\\/02\\\/izlozba-2.jpg\",\"datePublished\":\"2022-02-14T09:08:55+00:00\",\"dateModified\":\"2022-02-14T09:08:56+00:00\",\"breadcrumb\":{\"@id\":\"https:\\\/\\\/radioljubuski.ba\\\/index.php\\\/2022\\\/02\\\/14\\\/u-knjiznici-ljubuski-otvorena-literarna-izlozba-povodom-valentinova\\\/#breadcrumb\"},\"inLanguage\":\"hr\",\"potentialAction\":[{\"@type\":\"ReadAction\",\"target\":[\"https:\\\/\\\/radioljubuski.ba\\\/index.php\\\/2022\\\/02\\\/14\\\/u-knjiznici-ljubuski-otvorena-literarna-izlozba-povodom-valentinova\\\/\"]}]},{\"@type\":\"ImageObject\",\"inLanguage\":\"hr\",\"@id\":\"https:\\\/\\\/radioljubuski.ba\\\/index.php\\\/2022\\\/02\\\/14\\\/u-knjiznici-ljubuski-otvorena-literarna-izlozba-povodom-valentinova\\\/#primaryimage\",\"url\":\"https:\\\/\\\/radioljubuski.ba\\\/wp-content\\\/uploads\\\/2022\\\/02\\\/izlozba-2.jpg\",\"contentUrl\":\"https:\\\/\\\/radioljubuski.ba\\\/wp-content\\\/uploads\\\/2022\\\/02\\\/izlozba-2.jpg\",\"width\":2048,\"height\":1336},{\"@type\":\"BreadcrumbList\",\"@id\":\"https:\\\/\\\/radioljubuski.ba\\\/index.php\\\/2022\\\/02\\\/14\\\/u-knjiznici-ljubuski-otvorena-literarna-izlozba-povodom-valentinova\\\/#breadcrumb\",\"itemListElement\":[{\"@type\":\"ListItem\",\"position\":1,\"name\":\"Po\u010detna stranica\",\"item\":\"https:\\\/\\\/radioljubuski.ba\\\/\"},{\"@type\":\"ListItem\",\"position\":2,\"name\":\"U Knji\u017enici Ljubu\u0161ki otvorena literarna izlo\u017eba povodom Valentinova\"}]},{\"@type\":\"WebSite\",\"@id\":\"https:\\\/\\\/radioljubuski.ba\\\/#website\",\"url\":\"https:\\\/\\\/radioljubuski.ba\\\/\",\"name\":\"Radio Ljubu\u0161ki\",\"description\":\"Sun\u010dana frekvencija Hercegovine\",\"publisher\":{\"@id\":\"https:\\\/\\\/radioljubuski.ba\\\/#organization\"},\"potentialAction\":[{\"@type\":\"SearchAction\",\"target\":{\"@type\":\"EntryPoint\",\"urlTemplate\":\"https:\\\/\\\/radioljubuski.ba\\\/?s={search_term_string}\"},\"query-input\":{\"@type\":\"PropertyValueSpecification\",\"valueRequired\":true,\"valueName\":\"search_term_string\"}}],\"inLanguage\":\"hr\"},{\"@type\":\"Organization\",\"@id\":\"https:\\\/\\\/radioljubuski.ba\\\/#organization\",\"name\":\"Radio Ljubu\u0161ki\",\"url\":\"https:\\\/\\\/radioljubuski.ba\\\/\",\"logo\":{\"@type\":\"ImageObject\",\"inLanguage\":\"hr\",\"@id\":\"https:\\\/\\\/radioljubuski.ba\\\/#\\\/schema\\\/logo\\\/image\\\/\",\"url\":\"https:\\\/\\\/radioljubuski.ba\\\/wp-content\\\/uploads\\\/2021\\\/02\\\/cropped-Radio_Ljubuski_logo1.jpg\",\"contentUrl\":\"https:\\\/\\\/radioljubuski.ba\\\/wp-content\\\/uploads\\\/2021\\\/02\\\/cropped-Radio_Ljubuski_logo1.jpg\",\"width\":512,\"height\":512,\"caption\":\"Radio Ljubu\u0161ki\"},\"image\":{\"@id\":\"https:\\\/\\\/radioljubuski.ba\\\/#\\\/schema\\\/logo\\\/image\\\/\"},\"sameAs\":[\"https:\\\/\\\/www.facebook.com\\\/Radiio-Ljubuski-1490835324566332\",\"https:\\\/\\\/x.com\\\/radioljubuski\",\"https:\\\/\\\/hr.linkedin.com\\\/company\\\/radio-ljubuski\",\"https:\\\/\\\/www.youtube.com\\\/channel\\\/UCHYaeO_n0Db3tjNGudGpXyw\"]},{\"@type\":\"Person\",\"@id\":\"https:\\\/\\\/radioljubuski.ba\\\/#\\\/schema\\\/person\\\/19fc700381a780f69665d7956c469e3b\",\"name\":\"Radio Ljubu\u0161ki\"}]}<\/script>\n<!-- \/ Yoast SEO plugin. -->","yoast_head_json":{"title":"U Knji\u017enici Ljubu\u0161ki otvorena literarna izlo\u017eba povodom Valentinova - RADIO LJUBU\u0160KI","robots":{"index":"index","follow":"follow","max-snippet":"max-snippet:-1","max-image-preview":"max-image-preview:large","max-video-preview":"max-video-preview:-1"},"canonical":"https:\/\/radioljubuski.ba\/index.php\/2022\/02\/14\/u-knjiznici-ljubuski-otvorena-literarna-izlozba-povodom-valentinova\/","og_locale":"hr_HR","og_type":"article","og_title":"U Knji\u017enici Ljubu\u0161ki otvorena literarna izlo\u017eba povodom Valentinova - RADIO LJUBU\u0160KI","og_description":"Danas je u Knji\u017enici Ljubu\u0161ki, povodom Dana zaljubljenih &#8211; Valentinova, otvorena izlo\u017eba literarnih radova u\u010denici O\u0160 Marka Maruli\u0107a Ljubu\u0161ki. Izlo\u017eba ostaje otvorena od 14. do 19. velja\u010de &#8211; do kada \u0107e svi posjetitelji knji\u017enice biti u prigodi vidjeti \u0161to o ljubavi, zaljubljenosti i leptiri\u0107ima u trbuhu misle u\u010denici. &#8220;Pozivamo sve da, nadasve tijekom dana\u0161njeg dana [&hellip;]","og_url":"https:\/\/radioljubuski.ba\/index.php\/2022\/02\/14\/u-knjiznici-ljubuski-otvorena-literarna-izlozba-povodom-valentinova\/","og_site_name":"RADIO LJUBU\u0160KI","article_publisher":"https:\/\/www.facebook.com\/Radiio-Ljubuski-1490835324566332","article_published_time":"2022-02-14T09:08:55+00:00","article_modified_time":"2022-02-14T09:08:56+00:00","og_image":[{"width":2048,"height":1336,"url":"https:\/\/radioljubuski.ba\/wp-content\/uploads\/2022\/02\/izlozba-2.jpg","type":"image\/jpeg"}],"author":"Radio Ljubu\u0161ki","twitter_card":"summary_large_image","twitter_creator":"@radioljubuski","twitter_site":"@radioljubuski","twitter_misc":{"Napisao\/la":"Radio Ljubu\u0161ki","Procijenjeno vrijeme \u010ditanja":"1 minuta"},"schema":{"@context":"https:\/\/schema.org","@graph":[{"@type":"Article","@id":"https:\/\/radioljubuski.ba\/index.php\/2022\/02\/14\/u-knjiznici-ljubuski-otvorena-literarna-izlozba-povodom-valentinova\/#article","isPartOf":{"@id":"https:\/\/radioljubuski.ba\/index.php\/2022\/02\/14\/u-knjiznici-ljubuski-otvorena-literarna-izlozba-povodom-valentinova\/"},"author":{"name":"Radio Ljubu\u0161ki","@id":"https:\/\/radioljubuski.ba\/#\/schema\/person\/19fc700381a780f69665d7956c469e3b"},"headline":"U Knji\u017enici Ljubu\u0161ki otvorena literarna izlo\u017eba povodom Valentinova","datePublished":"2022-02-14T09:08:55+00:00","dateModified":"2022-02-14T09:08:56+00:00","mainEntityOfPage":{"@id":"https:\/\/radioljubuski.ba\/index.php\/2022\/02\/14\/u-knjiznici-ljubuski-otvorena-literarna-izlozba-povodom-valentinova\/"},"wordCount":196,"publisher":{"@id":"https:\/\/radioljubuski.ba\/#organization"},"image":{"@id":"https:\/\/radioljubuski.ba\/index.php\/2022\/02\/14\/u-knjiznici-ljubuski-otvorena-literarna-izlozba-povodom-valentinova\/#primaryimage"},"thumbnailUrl":"https:\/\/radioljubuski.ba\/wp-content\/uploads\/2022\/02\/izlozba-2.jpg","articleSection":["Ljubu\u0161ki"],"inLanguage":"hr"},{"@type":"WebPage","@id":"https:\/\/radioljubuski.ba\/index.php\/2022\/02\/14\/u-knjiznici-ljubuski-otvorena-literarna-izlozba-povodom-valentinova\/","url":"https:\/\/radioljubuski.ba\/index.php\/2022\/02\/14\/u-knjiznici-ljubuski-otvorena-literarna-izlozba-povodom-valentinova\/","name":"U Knji\u017enici Ljubu\u0161ki otvorena literarna izlo\u017eba povodom Valentinova - RADIO LJUBU\u0160KI","isPartOf":{"@id":"https:\/\/radioljubuski.ba\/#website"},"primaryImageOfPage":{"@id":"https:\/\/radioljubuski.ba\/index.php\/2022\/02\/14\/u-knjiznici-ljubuski-otvorena-literarna-izlozba-povodom-valentinova\/#primaryimage"},"image":{"@id":"https:\/\/radioljubuski.ba\/index.php\/2022\/02\/14\/u-knjiznici-ljubuski-otvorena-literarna-izlozba-povodom-valentinova\/#primaryimage"},"thumbnailUrl":"https:\/\/radioljubuski.ba\/wp-content\/uploads\/2022\/02\/izlozba-2.jpg","datePublished":"2022-02-14T09:08:55+00:00","dateModified":"2022-02-14T09:08:56+00:00","breadcrumb":{"@id":"https:\/\/radioljubuski.ba\/index.php\/2022\/02\/14\/u-knjiznici-ljubuski-otvorena-literarna-izlozba-povodom-valentinova\/#breadcrumb"},"inLanguage":"hr","potentialAction":[{"@type":"ReadAction","target":["https:\/\/radioljubuski.ba\/index.php\/2022\/02\/14\/u-knjiznici-ljubuski-otvorena-literarna-izlozba-povodom-valentinova\/"]}]},{"@type":"ImageObject","inLanguage":"hr","@id":"https:\/\/radioljubuski.ba\/index.php\/2022\/02\/14\/u-knjiznici-ljubuski-otvorena-literarna-izlozba-povodom-valentinova\/#primaryimage","url":"https:\/\/radioljubuski.ba\/wp-content\/uploads\/2022\/02\/izlozba-2.jpg","contentUrl":"https:\/\/radioljubuski.ba\/wp-content\/uploads\/2022\/02\/izlozba-2.jpg","width":2048,"height":1336},{"@type":"BreadcrumbList","@id":"https:\/\/radioljubuski.ba\/index.php\/2022\/02\/14\/u-knjiznici-ljubuski-otvorena-literarna-izlozba-povodom-valentinova\/#breadcrumb","itemListElement":[{"@type":"ListItem","position":1,"name":"Po\u010detna stranica","item":"https:\/\/radioljubuski.ba\/"},{"@type":"ListItem","position":2,"name":"U Knji\u017enici Ljubu\u0161ki otvorena literarna izlo\u017eba povodom Valentinova"}]},{"@type":"WebSite","@id":"https:\/\/radioljubuski.ba\/#website","url":"https:\/\/radioljubuski.ba\/","name":"Radio Ljubu\u0161ki","description":"Sun\u010dana frekvencija Hercegovine","publisher":{"@id":"https:\/\/radioljubuski.ba\/#organization"},"potentialAction":[{"@type":"SearchAction","target":{"@type":"EntryPoint","urlTemplate":"https:\/\/radioljubuski.ba\/?s={search_term_string}"},"query-input":{"@type":"PropertyValueSpecification","valueRequired":true,"valueName":"search_term_string"}}],"inLanguage":"hr"},{"@type":"Organization","@id":"https:\/\/radioljubuski.ba\/#organization","name":"Radio Ljubu\u0161ki","url":"https:\/\/radioljubuski.ba\/","logo":{"@type":"ImageObject","inLanguage":"hr","@id":"https:\/\/radioljubuski.ba\/#\/schema\/logo\/image\/","url":"https:\/\/radioljubuski.ba\/wp-content\/uploads\/2021\/02\/cropped-Radio_Ljubuski_logo1.jpg","contentUrl":"https:\/\/radioljubuski.ba\/wp-content\/uploads\/2021\/02\/cropped-Radio_Ljubuski_logo1.jpg","width":512,"height":512,"caption":"Radio Ljubu\u0161ki"},"image":{"@id":"https:\/\/radioljubuski.ba\/#\/schema\/logo\/image\/"},"sameAs":["https:\/\/www.facebook.com\/Radiio-Ljubuski-1490835324566332","https:\/\/x.com\/radioljubuski","https:\/\/hr.linkedin.com\/company\/radio-ljubuski","https:\/\/www.youtube.com\/channel\/UCHYaeO_n0Db3tjNGudGpXyw"]},{"@type":"Person","@id":"https:\/\/radioljubuski.ba\/#\/schema\/person\/19fc700381a780f69665d7956c469e3b","name":"Radio Ljubu\u0161ki"}]}},"_links":{"self":[{"href":"https:\/\/radioljubuski.ba\/index.php\/wp-json\/wp\/v2\/posts\/113173","targetHints":{"allow":["GET"]}}],"collection":[{"href":"https:\/\/radioljubuski.ba\/index.php\/wp-json\/wp\/v2\/posts"}],"about":[{"href":"https:\/\/radioljubuski.ba\/index.php\/wp-json\/wp\/v2\/types\/post"}],"author":[{"embeddable":true,"href":"https:\/\/radioljubuski.ba\/index.php\/wp-json\/wp\/v2\/users\/2"}],"replies":[{"embeddable":true,"href":"https:\/\/radioljubuski.ba\/index.php\/wp-json\/wp\/v2\/comments?post=113173"}],"version-history":[{"count":1,"href":"https:\/\/radioljubuski.ba\/index.php\/wp-json\/wp\/v2\/posts\/113173\/revisions"}],"predecessor-version":[{"id":113175,"href":"https:\/\/radioljubuski.ba\/index.php\/wp-json\/wp\/v2\/posts\/113173\/revisions\/113175"}],"wp:featuredmedia":[{"embeddable":true,"href":"https:\/\/radioljubuski.ba\/index.php\/wp-json\/wp\/v2\/media\/113174"}],"wp:attachment":[{"href":"https:\/\/radioljubuski.ba\/index.php\/wp-json\/wp\/v2\/media?parent=113173"}],"wp:term":[{"taxonomy":"category","embeddable":true,"href":"https:\/\/radioljubuski.ba\/index.php\/wp-json\/wp\/v2\/categories?post=113173"},{"taxonomy":"post_tag","embeddable":true,"href":"https:\/\/radioljubuski.ba\/index.php\/wp-json\/wp\/v2\/tags?post=113173"}],"curies":[{"name":"wp","href":"https:\/\/api.w.org\/{rel}","templated":true}]}}