{"id":113529,"date":"2022-02-15T11:41:17","date_gmt":"2022-02-15T10:41:17","guid":{"rendered":"https:\/\/radioljubuski.ba\/?p=113529"},"modified":"2022-02-17T11:37:08","modified_gmt":"2022-02-17T10:37:08","slug":"ljubuski-maskare-preuzele-vlast-od-markotica-i-kvesica","status":"publish","type":"post","link":"https:\/\/radioljubuski.ba\/index.php\/2022\/02\/15\/ljubuski-maskare-preuzele-vlast-od-markotica-i-kvesica\/","title":{"rendered":"Ljubu\u0161ki: Ma\u0161kare preuzele vlast od Markoti\u0107a i Kvesi\u0107a"},"content":{"rendered":"\n<p>Ma\u0161kare su danas preuzele klju\u010d Grada Ljubu\u0161kog, a Gradom \u0107e vladati do pretkraj velja\u010de.<\/p>\n\n\n\n<p>Klju\u010d Grada preuzeo je Me\u0161tar Jakov Begi\u0107 iz Karnevalskog dru\u0161tva Prolog sa suradnicima, a predali su im ga gradona\u010delnik Vedran Markoti\u0107 i predsjednik Gradskog vije\u0107a Tihomir Kvesi\u0107.<\/p>\n\n\n\n<p>Nakon preuzimanja vlasti, ma\u0161kare su se ponosno fotografirale pred zgradom Gradske Uprave te su najavile kako im je glavni zadatak ove godine provesti lije\u010denje stanovni\u0161tva.<\/p>\n\n\n\n<p>\u201e<em>Da li \u0107e to biti cijepljenje ili neki drugi na\u010din, to \u0107emo sve znati 27. velja\u010de (na dan odr\u017eavanja zavr\u0161nog ili velikog karnevala). Na\u0161 zadatak je da rije\u0161imo stanovni\u0161tvo korone i svih drugih bolesti, a obnovu kule herceg Stjepana \u0107emo prepustiti ovoj dosada\u0161njoj vlasti, budu\u0107i da je na\u0161 herceg Stjepan jako zadovoljan kako obnova kule ide. Tu \u0107e na\u0161a karnevalska vlast priznati ovoj sada ve\u0107 pro\u0161loj vlasti da im to ide jako dobro i ostaviti \u0107emo to na njima\u201c,<\/em> izjavio je Begi\u0107. <\/p>\n\n\n\n<p>On je dodao kako \u0107e zavr\u0161na karnevalska manifestacija, koja \u0107e se odr\u017eati 27. velja\u010de biti me\u0111unarodna. &nbsp;<\/p>\n\n\n\n<p>\u201e<em>Dolazi nam velik broj gostiju iz drugih zemalja, konkretno pet karnevalskih skupina iz Hrvatske, dvije grupe iz Slovenije i jedna iz Crne Gore\u201c.<\/em><\/p>\n\n\n\n<p>Poslu\u0161ajte \u0161to je jo\u0161 rekao Begi\u0107<\/p>\n\n\n\n<iframe src=\"https:\/\/drive.google.com\/file\/d\/1Vr5Y03lXNlqKECZKadquc4iOWHS5o2-t\/preview\" style=\"width: 100%; height: 100px;\"><\/iframe>\n\n\n\n<iframe loading=\"lazy\" src=\"https:\/\/www.facebook.com\/plugins\/post.php?href=https%3A%2F%2Fwww.facebook.com%2Fpermalink.php%3Fstory_fbid%3D3067175956932253%26id%3D1490835324566332&amp;show_text=true&amp;width=500\" style=\"border:none;overflow:hidden\" scrolling=\"no\" allowfullscreen=\"true\" allow=\"autoplay; clipboard-write; encrypted-media; picture-in-picture; web-share\" width=\"500\" height=\"729\" frameborder=\"0\"><\/iframe>\n\n\n\n<p><strong>Ivan Herceg \/ Radio Ljubu\u0161ki  <\/strong><\/p>\n","protected":false},"excerpt":{"rendered":"<p>Ma\u0161kare su danas preuzele klju\u010d Grada Ljubu\u0161kog, a Gradom \u0107e vladati do pretkraj velja\u010de. Klju\u010d Grada preuzeo je Me\u0161tar Jakov Begi\u0107 iz Karnevalskog dru\u0161tva Prolog sa suradnicima, a predali su im ga gradona\u010delnik Vedran Markoti\u0107 i predsjednik Gradskog vije\u0107a Tihomir Kvesi\u0107. Nakon preuzimanja vlasti, ma\u0161kare su se ponosno fotografirale pred zgradom Gradske Uprave te su [&hellip;]<\/p>\n","protected":false},"author":2,"featured_media":113540,"comment_status":"closed","ping_status":"closed","sticky":false,"template":"","format":"standard","meta":{"h5ap_radio_sources":[],"footnotes":""},"categories":[8],"tags":[],"class_list":["post-113529","post","type-post","status-publish","format-standard","has-post-thumbnail","hentry","category-rlj-audio"],"yoast_head":"<!-- This site is optimized with the Yoast SEO plugin v27.4 - https:\/\/yoast.com\/product\/yoast-seo-wordpress\/ -->\n<title>Ljubu\u0161ki: Ma\u0161kare preuzele vlast od Markoti\u0107a i Kvesi\u0107a - RADIO LJUBU\u0160KI<\/title>\n<meta name=\"robots\" content=\"index, follow, max-snippet:-1, max-image-preview:large, max-video-preview:-1\" \/>\n<link rel=\"canonical\" href=\"https:\/\/radioljubuski.ba\/index.php\/2022\/02\/15\/ljubuski-maskare-preuzele-vlast-od-markotica-i-kvesica\/\" \/>\n<meta property=\"og:locale\" content=\"hr_HR\" \/>\n<meta property=\"og:type\" content=\"article\" \/>\n<meta property=\"og:title\" content=\"Ljubu\u0161ki: Ma\u0161kare preuzele vlast od Markoti\u0107a i Kvesi\u0107a - RADIO LJUBU\u0160KI\" \/>\n<meta property=\"og:description\" content=\"Ma\u0161kare su danas preuzele klju\u010d Grada Ljubu\u0161kog, a Gradom \u0107e vladati do pretkraj velja\u010de. Klju\u010d Grada preuzeo je Me\u0161tar Jakov Begi\u0107 iz Karnevalskog dru\u0161tva Prolog sa suradnicima, a predali su im ga gradona\u010delnik Vedran Markoti\u0107 i predsjednik Gradskog vije\u0107a Tihomir Kvesi\u0107. Nakon preuzimanja vlasti, ma\u0161kare su se ponosno fotografirale pred zgradom Gradske Uprave te su [&hellip;]\" \/>\n<meta property=\"og:url\" content=\"https:\/\/radioljubuski.ba\/index.php\/2022\/02\/15\/ljubuski-maskare-preuzele-vlast-od-markotica-i-kvesica\/\" \/>\n<meta property=\"og:site_name\" content=\"RADIO LJUBU\u0160KI\" \/>\n<meta property=\"article:publisher\" content=\"https:\/\/www.facebook.com\/Radiio-Ljubuski-1490835324566332\" \/>\n<meta property=\"article:published_time\" content=\"2022-02-15T10:41:17+00:00\" \/>\n<meta property=\"article:modified_time\" content=\"2022-02-17T10:37:08+00:00\" \/>\n<meta property=\"og:image\" content=\"https:\/\/radioljubuski.ba\/wp-content\/uploads\/2022\/02\/mackare-kljucevi.jpg\" \/>\n\t<meta property=\"og:image:width\" content=\"1444\" \/>\n\t<meta property=\"og:image:height\" content=\"804\" \/>\n\t<meta property=\"og:image:type\" content=\"image\/jpeg\" \/>\n<meta name=\"author\" content=\"Radio Ljubu\u0161ki\" \/>\n<meta name=\"twitter:card\" content=\"summary_large_image\" \/>\n<meta name=\"twitter:creator\" content=\"@radioljubuski\" \/>\n<meta name=\"twitter:site\" content=\"@radioljubuski\" \/>\n<meta name=\"twitter:label1\" content=\"Napisao\/la\" \/>\n\t<meta name=\"twitter:data1\" content=\"Radio Ljubu\u0161ki\" \/>\n\t<meta name=\"twitter:label2\" content=\"Procijenjeno vrijeme \u010ditanja\" \/>\n\t<meta name=\"twitter:data2\" content=\"1 minuta\" \/>\n<script type=\"application\/ld+json\" class=\"yoast-schema-graph\">{\"@context\":\"https:\\\/\\\/schema.org\",\"@graph\":[{\"@type\":\"Article\",\"@id\":\"https:\\\/\\\/radioljubuski.ba\\\/index.php\\\/2022\\\/02\\\/15\\\/ljubuski-maskare-preuzele-vlast-od-markotica-i-kvesica\\\/#article\",\"isPartOf\":{\"@id\":\"https:\\\/\\\/radioljubuski.ba\\\/index.php\\\/2022\\\/02\\\/15\\\/ljubuski-maskare-preuzele-vlast-od-markotica-i-kvesica\\\/\"},\"author\":{\"name\":\"Radio Ljubu\u0161ki\",\"@id\":\"https:\\\/\\\/radioljubuski.ba\\\/#\\\/schema\\\/person\\\/19fc700381a780f69665d7956c469e3b\"},\"headline\":\"Ljubu\u0161ki: Ma\u0161kare preuzele vlast od Markoti\u0107a i Kvesi\u0107a\",\"datePublished\":\"2022-02-15T10:41:17+00:00\",\"dateModified\":\"2022-02-17T10:37:08+00:00\",\"mainEntityOfPage\":{\"@id\":\"https:\\\/\\\/radioljubuski.ba\\\/index.php\\\/2022\\\/02\\\/15\\\/ljubuski-maskare-preuzele-vlast-od-markotica-i-kvesica\\\/\"},\"wordCount\":234,\"publisher\":{\"@id\":\"https:\\\/\\\/radioljubuski.ba\\\/#organization\"},\"image\":{\"@id\":\"https:\\\/\\\/radioljubuski.ba\\\/index.php\\\/2022\\\/02\\\/15\\\/ljubuski-maskare-preuzele-vlast-od-markotica-i-kvesica\\\/#primaryimage\"},\"thumbnailUrl\":\"https:\\\/\\\/radioljubuski.ba\\\/wp-content\\\/uploads\\\/2022\\\/02\\\/mackare-kljucevi.jpg\",\"articleSection\":[\"RLJ Audio\"],\"inLanguage\":\"hr\"},{\"@type\":\"WebPage\",\"@id\":\"https:\\\/\\\/radioljubuski.ba\\\/index.php\\\/2022\\\/02\\\/15\\\/ljubuski-maskare-preuzele-vlast-od-markotica-i-kvesica\\\/\",\"url\":\"https:\\\/\\\/radioljubuski.ba\\\/index.php\\\/2022\\\/02\\\/15\\\/ljubuski-maskare-preuzele-vlast-od-markotica-i-kvesica\\\/\",\"name\":\"Ljubu\u0161ki: Ma\u0161kare preuzele vlast od Markoti\u0107a i Kvesi\u0107a - RADIO LJUBU\u0160KI\",\"isPartOf\":{\"@id\":\"https:\\\/\\\/radioljubuski.ba\\\/#website\"},\"primaryImageOfPage\":{\"@id\":\"https:\\\/\\\/radioljubuski.ba\\\/index.php\\\/2022\\\/02\\\/15\\\/ljubuski-maskare-preuzele-vlast-od-markotica-i-kvesica\\\/#primaryimage\"},\"image\":{\"@id\":\"https:\\\/\\\/radioljubuski.ba\\\/index.php\\\/2022\\\/02\\\/15\\\/ljubuski-maskare-preuzele-vlast-od-markotica-i-kvesica\\\/#primaryimage\"},\"thumbnailUrl\":\"https:\\\/\\\/radioljubuski.ba\\\/wp-content\\\/uploads\\\/2022\\\/02\\\/mackare-kljucevi.jpg\",\"datePublished\":\"2022-02-15T10:41:17+00:00\",\"dateModified\":\"2022-02-17T10:37:08+00:00\",\"breadcrumb\":{\"@id\":\"https:\\\/\\\/radioljubuski.ba\\\/index.php\\\/2022\\\/02\\\/15\\\/ljubuski-maskare-preuzele-vlast-od-markotica-i-kvesica\\\/#breadcrumb\"},\"inLanguage\":\"hr\",\"potentialAction\":[{\"@type\":\"ReadAction\",\"target\":[\"https:\\\/\\\/radioljubuski.ba\\\/index.php\\\/2022\\\/02\\\/15\\\/ljubuski-maskare-preuzele-vlast-od-markotica-i-kvesica\\\/\"]}]},{\"@type\":\"ImageObject\",\"inLanguage\":\"hr\",\"@id\":\"https:\\\/\\\/radioljubuski.ba\\\/index.php\\\/2022\\\/02\\\/15\\\/ljubuski-maskare-preuzele-vlast-od-markotica-i-kvesica\\\/#primaryimage\",\"url\":\"https:\\\/\\\/radioljubuski.ba\\\/wp-content\\\/uploads\\\/2022\\\/02\\\/mackare-kljucevi.jpg\",\"contentUrl\":\"https:\\\/\\\/radioljubuski.ba\\\/wp-content\\\/uploads\\\/2022\\\/02\\\/mackare-kljucevi.jpg\",\"width\":1444,\"height\":804},{\"@type\":\"BreadcrumbList\",\"@id\":\"https:\\\/\\\/radioljubuski.ba\\\/index.php\\\/2022\\\/02\\\/15\\\/ljubuski-maskare-preuzele-vlast-od-markotica-i-kvesica\\\/#breadcrumb\",\"itemListElement\":[{\"@type\":\"ListItem\",\"position\":1,\"name\":\"Po\u010detna stranica\",\"item\":\"https:\\\/\\\/radioljubuski.ba\\\/\"},{\"@type\":\"ListItem\",\"position\":2,\"name\":\"Ljubu\u0161ki: Ma\u0161kare preuzele vlast od Markoti\u0107a i Kvesi\u0107a\"}]},{\"@type\":\"WebSite\",\"@id\":\"https:\\\/\\\/radioljubuski.ba\\\/#website\",\"url\":\"https:\\\/\\\/radioljubuski.ba\\\/\",\"name\":\"Radio Ljubu\u0161ki\",\"description\":\"Sun\u010dana frekvencija Hercegovine\",\"publisher\":{\"@id\":\"https:\\\/\\\/radioljubuski.ba\\\/#organization\"},\"potentialAction\":[{\"@type\":\"SearchAction\",\"target\":{\"@type\":\"EntryPoint\",\"urlTemplate\":\"https:\\\/\\\/radioljubuski.ba\\\/?s={search_term_string}\"},\"query-input\":{\"@type\":\"PropertyValueSpecification\",\"valueRequired\":true,\"valueName\":\"search_term_string\"}}],\"inLanguage\":\"hr\"},{\"@type\":\"Organization\",\"@id\":\"https:\\\/\\\/radioljubuski.ba\\\/#organization\",\"name\":\"Radio Ljubu\u0161ki\",\"url\":\"https:\\\/\\\/radioljubuski.ba\\\/\",\"logo\":{\"@type\":\"ImageObject\",\"inLanguage\":\"hr\",\"@id\":\"https:\\\/\\\/radioljubuski.ba\\\/#\\\/schema\\\/logo\\\/image\\\/\",\"url\":\"https:\\\/\\\/radioljubuski.ba\\\/wp-content\\\/uploads\\\/2021\\\/02\\\/cropped-Radio_Ljubuski_logo1.jpg\",\"contentUrl\":\"https:\\\/\\\/radioljubuski.ba\\\/wp-content\\\/uploads\\\/2021\\\/02\\\/cropped-Radio_Ljubuski_logo1.jpg\",\"width\":512,\"height\":512,\"caption\":\"Radio Ljubu\u0161ki\"},\"image\":{\"@id\":\"https:\\\/\\\/radioljubuski.ba\\\/#\\\/schema\\\/logo\\\/image\\\/\"},\"sameAs\":[\"https:\\\/\\\/www.facebook.com\\\/Radiio-Ljubuski-1490835324566332\",\"https:\\\/\\\/x.com\\\/radioljubuski\",\"https:\\\/\\\/hr.linkedin.com\\\/company\\\/radio-ljubuski\",\"https:\\\/\\\/www.youtube.com\\\/channel\\\/UCHYaeO_n0Db3tjNGudGpXyw\"]},{\"@type\":\"Person\",\"@id\":\"https:\\\/\\\/radioljubuski.ba\\\/#\\\/schema\\\/person\\\/19fc700381a780f69665d7956c469e3b\",\"name\":\"Radio Ljubu\u0161ki\"}]}<\/script>\n<!-- \/ Yoast SEO plugin. -->","yoast_head_json":{"title":"Ljubu\u0161ki: Ma\u0161kare preuzele vlast od Markoti\u0107a i Kvesi\u0107a - RADIO LJUBU\u0160KI","robots":{"index":"index","follow":"follow","max-snippet":"max-snippet:-1","max-image-preview":"max-image-preview:large","max-video-preview":"max-video-preview:-1"},"canonical":"https:\/\/radioljubuski.ba\/index.php\/2022\/02\/15\/ljubuski-maskare-preuzele-vlast-od-markotica-i-kvesica\/","og_locale":"hr_HR","og_type":"article","og_title":"Ljubu\u0161ki: Ma\u0161kare preuzele vlast od Markoti\u0107a i Kvesi\u0107a - RADIO LJUBU\u0160KI","og_description":"Ma\u0161kare su danas preuzele klju\u010d Grada Ljubu\u0161kog, a Gradom \u0107e vladati do pretkraj velja\u010de. Klju\u010d Grada preuzeo je Me\u0161tar Jakov Begi\u0107 iz Karnevalskog dru\u0161tva Prolog sa suradnicima, a predali su im ga gradona\u010delnik Vedran Markoti\u0107 i predsjednik Gradskog vije\u0107a Tihomir Kvesi\u0107. Nakon preuzimanja vlasti, ma\u0161kare su se ponosno fotografirale pred zgradom Gradske Uprave te su [&hellip;]","og_url":"https:\/\/radioljubuski.ba\/index.php\/2022\/02\/15\/ljubuski-maskare-preuzele-vlast-od-markotica-i-kvesica\/","og_site_name":"RADIO LJUBU\u0160KI","article_publisher":"https:\/\/www.facebook.com\/Radiio-Ljubuski-1490835324566332","article_published_time":"2022-02-15T10:41:17+00:00","article_modified_time":"2022-02-17T10:37:08+00:00","og_image":[{"width":1444,"height":804,"url":"https:\/\/radioljubuski.ba\/wp-content\/uploads\/2022\/02\/mackare-kljucevi.jpg","type":"image\/jpeg"}],"author":"Radio Ljubu\u0161ki","twitter_card":"summary_large_image","twitter_creator":"@radioljubuski","twitter_site":"@radioljubuski","twitter_misc":{"Napisao\/la":"Radio Ljubu\u0161ki","Procijenjeno vrijeme \u010ditanja":"1 minuta"},"schema":{"@context":"https:\/\/schema.org","@graph":[{"@type":"Article","@id":"https:\/\/radioljubuski.ba\/index.php\/2022\/02\/15\/ljubuski-maskare-preuzele-vlast-od-markotica-i-kvesica\/#article","isPartOf":{"@id":"https:\/\/radioljubuski.ba\/index.php\/2022\/02\/15\/ljubuski-maskare-preuzele-vlast-od-markotica-i-kvesica\/"},"author":{"name":"Radio Ljubu\u0161ki","@id":"https:\/\/radioljubuski.ba\/#\/schema\/person\/19fc700381a780f69665d7956c469e3b"},"headline":"Ljubu\u0161ki: Ma\u0161kare preuzele vlast od Markoti\u0107a i Kvesi\u0107a","datePublished":"2022-02-15T10:41:17+00:00","dateModified":"2022-02-17T10:37:08+00:00","mainEntityOfPage":{"@id":"https:\/\/radioljubuski.ba\/index.php\/2022\/02\/15\/ljubuski-maskare-preuzele-vlast-od-markotica-i-kvesica\/"},"wordCount":234,"publisher":{"@id":"https:\/\/radioljubuski.ba\/#organization"},"image":{"@id":"https:\/\/radioljubuski.ba\/index.php\/2022\/02\/15\/ljubuski-maskare-preuzele-vlast-od-markotica-i-kvesica\/#primaryimage"},"thumbnailUrl":"https:\/\/radioljubuski.ba\/wp-content\/uploads\/2022\/02\/mackare-kljucevi.jpg","articleSection":["RLJ Audio"],"inLanguage":"hr"},{"@type":"WebPage","@id":"https:\/\/radioljubuski.ba\/index.php\/2022\/02\/15\/ljubuski-maskare-preuzele-vlast-od-markotica-i-kvesica\/","url":"https:\/\/radioljubuski.ba\/index.php\/2022\/02\/15\/ljubuski-maskare-preuzele-vlast-od-markotica-i-kvesica\/","name":"Ljubu\u0161ki: Ma\u0161kare preuzele vlast od Markoti\u0107a i Kvesi\u0107a - RADIO LJUBU\u0160KI","isPartOf":{"@id":"https:\/\/radioljubuski.ba\/#website"},"primaryImageOfPage":{"@id":"https:\/\/radioljubuski.ba\/index.php\/2022\/02\/15\/ljubuski-maskare-preuzele-vlast-od-markotica-i-kvesica\/#primaryimage"},"image":{"@id":"https:\/\/radioljubuski.ba\/index.php\/2022\/02\/15\/ljubuski-maskare-preuzele-vlast-od-markotica-i-kvesica\/#primaryimage"},"thumbnailUrl":"https:\/\/radioljubuski.ba\/wp-content\/uploads\/2022\/02\/mackare-kljucevi.jpg","datePublished":"2022-02-15T10:41:17+00:00","dateModified":"2022-02-17T10:37:08+00:00","breadcrumb":{"@id":"https:\/\/radioljubuski.ba\/index.php\/2022\/02\/15\/ljubuski-maskare-preuzele-vlast-od-markotica-i-kvesica\/#breadcrumb"},"inLanguage":"hr","potentialAction":[{"@type":"ReadAction","target":["https:\/\/radioljubuski.ba\/index.php\/2022\/02\/15\/ljubuski-maskare-preuzele-vlast-od-markotica-i-kvesica\/"]}]},{"@type":"ImageObject","inLanguage":"hr","@id":"https:\/\/radioljubuski.ba\/index.php\/2022\/02\/15\/ljubuski-maskare-preuzele-vlast-od-markotica-i-kvesica\/#primaryimage","url":"https:\/\/radioljubuski.ba\/wp-content\/uploads\/2022\/02\/mackare-kljucevi.jpg","contentUrl":"https:\/\/radioljubuski.ba\/wp-content\/uploads\/2022\/02\/mackare-kljucevi.jpg","width":1444,"height":804},{"@type":"BreadcrumbList","@id":"https:\/\/radioljubuski.ba\/index.php\/2022\/02\/15\/ljubuski-maskare-preuzele-vlast-od-markotica-i-kvesica\/#breadcrumb","itemListElement":[{"@type":"ListItem","position":1,"name":"Po\u010detna stranica","item":"https:\/\/radioljubuski.ba\/"},{"@type":"ListItem","position":2,"name":"Ljubu\u0161ki: Ma\u0161kare preuzele vlast od Markoti\u0107a i Kvesi\u0107a"}]},{"@type":"WebSite","@id":"https:\/\/radioljubuski.ba\/#website","url":"https:\/\/radioljubuski.ba\/","name":"Radio Ljubu\u0161ki","description":"Sun\u010dana frekvencija Hercegovine","publisher":{"@id":"https:\/\/radioljubuski.ba\/#organization"},"potentialAction":[{"@type":"SearchAction","target":{"@type":"EntryPoint","urlTemplate":"https:\/\/radioljubuski.ba\/?s={search_term_string}"},"query-input":{"@type":"PropertyValueSpecification","valueRequired":true,"valueName":"search_term_string"}}],"inLanguage":"hr"},{"@type":"Organization","@id":"https:\/\/radioljubuski.ba\/#organization","name":"Radio Ljubu\u0161ki","url":"https:\/\/radioljubuski.ba\/","logo":{"@type":"ImageObject","inLanguage":"hr","@id":"https:\/\/radioljubuski.ba\/#\/schema\/logo\/image\/","url":"https:\/\/radioljubuski.ba\/wp-content\/uploads\/2021\/02\/cropped-Radio_Ljubuski_logo1.jpg","contentUrl":"https:\/\/radioljubuski.ba\/wp-content\/uploads\/2021\/02\/cropped-Radio_Ljubuski_logo1.jpg","width":512,"height":512,"caption":"Radio Ljubu\u0161ki"},"image":{"@id":"https:\/\/radioljubuski.ba\/#\/schema\/logo\/image\/"},"sameAs":["https:\/\/www.facebook.com\/Radiio-Ljubuski-1490835324566332","https:\/\/x.com\/radioljubuski","https:\/\/hr.linkedin.com\/company\/radio-ljubuski","https:\/\/www.youtube.com\/channel\/UCHYaeO_n0Db3tjNGudGpXyw"]},{"@type":"Person","@id":"https:\/\/radioljubuski.ba\/#\/schema\/person\/19fc700381a780f69665d7956c469e3b","name":"Radio Ljubu\u0161ki"}]}},"_links":{"self":[{"href":"https:\/\/radioljubuski.ba\/index.php\/wp-json\/wp\/v2\/posts\/113529","targetHints":{"allow":["GET"]}}],"collection":[{"href":"https:\/\/radioljubuski.ba\/index.php\/wp-json\/wp\/v2\/posts"}],"about":[{"href":"https:\/\/radioljubuski.ba\/index.php\/wp-json\/wp\/v2\/types\/post"}],"author":[{"embeddable":true,"href":"https:\/\/radioljubuski.ba\/index.php\/wp-json\/wp\/v2\/users\/2"}],"replies":[{"embeddable":true,"href":"https:\/\/radioljubuski.ba\/index.php\/wp-json\/wp\/v2\/comments?post=113529"}],"version-history":[{"count":3,"href":"https:\/\/radioljubuski.ba\/index.php\/wp-json\/wp\/v2\/posts\/113529\/revisions"}],"predecessor-version":[{"id":114178,"href":"https:\/\/radioljubuski.ba\/index.php\/wp-json\/wp\/v2\/posts\/113529\/revisions\/114178"}],"wp:featuredmedia":[{"embeddable":true,"href":"https:\/\/radioljubuski.ba\/index.php\/wp-json\/wp\/v2\/media\/113540"}],"wp:attachment":[{"href":"https:\/\/radioljubuski.ba\/index.php\/wp-json\/wp\/v2\/media?parent=113529"}],"wp:term":[{"taxonomy":"category","embeddable":true,"href":"https:\/\/radioljubuski.ba\/index.php\/wp-json\/wp\/v2\/categories?post=113529"},{"taxonomy":"post_tag","embeddable":true,"href":"https:\/\/radioljubuski.ba\/index.php\/wp-json\/wp\/v2\/tags?post=113529"}],"curies":[{"name":"wp","href":"https:\/\/api.w.org\/{rel}","templated":true}]}}