{"id":113753,"date":"2022-02-16T08:13:27","date_gmt":"2022-02-16T07:13:27","guid":{"rendered":"https:\/\/radioljubuski.ba\/?p=113753"},"modified":"2022-02-16T08:13:28","modified_gmt":"2022-02-16T07:13:28","slug":"detaljan-program-24-ljubuskog-karnevala","status":"publish","type":"post","link":"https:\/\/radioljubuski.ba\/index.php\/2022\/02\/16\/detaljan-program-24-ljubuskog-karnevala\/","title":{"rendered":"Detaljan program 24. Ljubu\u0161kog karnevala"},"content":{"rendered":"\n<p><strong>Gej parada je u Rimu, svi putevi vode u Ljubu\u0161ki!<\/strong><\/p>\n\n\n\n<p>24.Ljubu\u0161ki Karneval se vra\u0107a u grad \u2013 Od radosti tresu mi se kosti!!!<\/p>\n\n\n\n<iframe loading=\"lazy\" width=\"560\" height=\"315\" src=\"https:\/\/www.youtube.com\/embed\/bZBSdxnElj4\" title=\"YouTube video player\" frameborder=\"0\" allow=\"accelerometer; autoplay; clipboard-write; encrypted-media; gyroscope; picture-in-picture\" allowfullscreen><\/iframe>\n\n\n\n<p>Dan je nedjelja, 27.velja\u010de, a raspored je slijede\u0107i:<\/p>\n\n\n\n<p>8,00h \u2013 Skup ma\u010dkara u Prologu<\/p>\n\n\n\n<p>9,00h \u2013 Polazak auto-kolone testom revolucije od Prologa do Ljubu\u0161kog priko Male Moskve<\/p>\n\n\n\n<p>12,00h \u2013 Skup ma\u010dkara u centru grada kod O\u0160 Marka Maruli\u0107a<\/p>\n\n\n\n<p>12,30h \u2013 ME\u0110UNARODNA POVORKA ULICAMA GRADA (Od O\u0160 M.Maruli\u0107a do \u0160portskog Centra)<\/p>\n\n\n\n<p>13,00h \u2013 SREDI\u0160NJI KARNEVALSKI PROGRAM NA \u0160PORTSKOM CENTRU LJUBU\u0160KI<\/p>\n\n\n\n<ul class=\"wp-block-list\"><li>Predstavljanje karnevalskih skupina<\/li><li>Dodjela suvenira biv\u0161oj vlasti<\/li><li>Su\u0111enje Marku Karnevalu po pet glavnih to\u010daka optu\u017enice:<\/li><\/ul>\n\n\n\n<p>1.LJUBU\u0160KA PLANTA\u017dA I GR\u010cKI BOG VINA<\/p>\n\n\n\n<p>2.NISKE STRASTI VISOKIH PREDSTAVNIKA<\/p>\n\n\n\n<p>3.PLAVU\u0160E, GARAVU\u0160E, INSTAGRAMU\u0160E<\/p>\n\n\n\n<p>4.MISLI NA BUREK. OKRIJEPI SE!<\/p>\n\n\n\n<p>5.OTKRIVANJE BISTE HRVATSKOM VELIKANU \u017dELJKU KOM\u0160I\u0106U<\/p>\n\n\n\n<ul class=\"wp-block-list\"><li>Presuda<\/li><li>Posmrtna besida Marka Karnevala<\/li><li>Progla\u0161enje najbolje karnevalske skupine<\/li><\/ul>\n\n\n\n<p>14,30h \u2013 Odjava programa na \u0160portskom centru u Ljubu\u0161kom<\/p>\n\n\n\n<p>16,00h \u2013 Po\u010detak programa u Prologu<\/p>\n\n\n\n<ul class=\"wp-block-list\"><li>Karnevalski grah<\/li><li>Prolo\u0161ka oporuka<\/li><li>Diple purple<\/li><li>Spaljivanje Marka Karnevala<\/li><li>Vatromet<\/li><\/ul>\n\n\n\n<p>19,00h \u2013 Bal pod maskama<\/p>\n\n\n\n<p>22,00h \u2013 Dodjela Nobelove nagrade za najbolje maske<\/p>\n\n\n\n<p>U me\u0111unarodnoj karnevalskoj povorci sudjeluju skupine iz Bosne i Hercegovine, Hrvatske, Slovenije i Crne Gore, a prije same povorke za predstavnike inozemnih grupa bit \u0107e uprili\u010den i prijem kod ljubu\u0161kog gradona\u010delnika Vedrana Markoti\u0107a.<\/p>\n\n\n\n<p>Vidimo se u Ljubu\u0161kom!<\/p>\n\n\n\n<p><strong>Izvor: Iks-portal.info<\/strong><\/p>\n","protected":false},"excerpt":{"rendered":"<p>Gej parada je u Rimu, svi putevi vode u Ljubu\u0161ki! 24.Ljubu\u0161ki Karneval se vra\u0107a u grad \u2013 Od radosti tresu mi se kosti!!! Dan je nedjelja, 27.velja\u010de, a raspored je slijede\u0107i: 8,00h \u2013 Skup ma\u010dkara u Prologu 9,00h \u2013 Polazak auto-kolone testom revolucije od Prologa do Ljubu\u0161kog priko Male Moskve 12,00h \u2013 Skup ma\u010dkara u [&hellip;]<\/p>\n","protected":false},"author":2,"featured_media":113754,"comment_status":"closed","ping_status":"closed","sticky":false,"template":"","format":"standard","meta":{"h5ap_radio_sources":[],"footnotes":""},"categories":[3],"tags":[],"class_list":["post-113753","post","type-post","status-publish","format-standard","has-post-thumbnail","hentry","category-ljubuski"],"yoast_head":"<!-- This site is optimized with the Yoast SEO plugin v27.4 - https:\/\/yoast.com\/product\/yoast-seo-wordpress\/ -->\n<title>Detaljan program 24. Ljubu\u0161kog karnevala - RADIO LJUBU\u0160KI<\/title>\n<meta name=\"robots\" content=\"index, follow, max-snippet:-1, max-image-preview:large, max-video-preview:-1\" \/>\n<link rel=\"canonical\" href=\"https:\/\/radioljubuski.ba\/index.php\/2022\/02\/16\/detaljan-program-24-ljubuskog-karnevala\/\" \/>\n<meta property=\"og:locale\" content=\"hr_HR\" \/>\n<meta property=\"og:type\" content=\"article\" \/>\n<meta property=\"og:title\" content=\"Detaljan program 24. Ljubu\u0161kog karnevala - RADIO LJUBU\u0160KI\" \/>\n<meta property=\"og:description\" content=\"Gej parada je u Rimu, svi putevi vode u Ljubu\u0161ki! 24.Ljubu\u0161ki Karneval se vra\u0107a u grad \u2013 Od radosti tresu mi se kosti!!! Dan je nedjelja, 27.velja\u010de, a raspored je slijede\u0107i: 8,00h \u2013 Skup ma\u010dkara u Prologu 9,00h \u2013 Polazak auto-kolone testom revolucije od Prologa do Ljubu\u0161kog priko Male Moskve 12,00h \u2013 Skup ma\u010dkara u [&hellip;]\" \/>\n<meta property=\"og:url\" content=\"https:\/\/radioljubuski.ba\/index.php\/2022\/02\/16\/detaljan-program-24-ljubuskog-karnevala\/\" \/>\n<meta property=\"og:site_name\" content=\"RADIO LJUBU\u0160KI\" \/>\n<meta property=\"article:publisher\" content=\"https:\/\/www.facebook.com\/Radiio-Ljubuski-1490835324566332\" \/>\n<meta property=\"article:published_time\" content=\"2022-02-16T07:13:27+00:00\" \/>\n<meta property=\"article:modified_time\" content=\"2022-02-16T07:13:28+00:00\" \/>\n<meta property=\"og:image\" content=\"https:\/\/radioljubuski.ba\/wp-content\/uploads\/2022\/02\/karneval.jpg\" \/>\n\t<meta property=\"og:image:width\" content=\"1024\" \/>\n\t<meta property=\"og:image:height\" content=\"576\" \/>\n\t<meta property=\"og:image:type\" content=\"image\/jpeg\" \/>\n<meta name=\"author\" content=\"Radio Ljubu\u0161ki\" \/>\n<meta name=\"twitter:card\" content=\"summary_large_image\" \/>\n<meta name=\"twitter:creator\" content=\"@radioljubuski\" \/>\n<meta name=\"twitter:site\" content=\"@radioljubuski\" \/>\n<meta name=\"twitter:label1\" content=\"Napisao\/la\" \/>\n\t<meta name=\"twitter:data1\" content=\"Radio Ljubu\u0161ki\" \/>\n\t<meta name=\"twitter:label2\" content=\"Procijenjeno vrijeme \u010ditanja\" \/>\n\t<meta name=\"twitter:data2\" content=\"1 minuta\" \/>\n<script type=\"application\/ld+json\" class=\"yoast-schema-graph\">{\"@context\":\"https:\\\/\\\/schema.org\",\"@graph\":[{\"@type\":\"Article\",\"@id\":\"https:\\\/\\\/radioljubuski.ba\\\/index.php\\\/2022\\\/02\\\/16\\\/detaljan-program-24-ljubuskog-karnevala\\\/#article\",\"isPartOf\":{\"@id\":\"https:\\\/\\\/radioljubuski.ba\\\/index.php\\\/2022\\\/02\\\/16\\\/detaljan-program-24-ljubuskog-karnevala\\\/\"},\"author\":{\"name\":\"Radio Ljubu\u0161ki\",\"@id\":\"https:\\\/\\\/radioljubuski.ba\\\/#\\\/schema\\\/person\\\/19fc700381a780f69665d7956c469e3b\"},\"headline\":\"Detaljan program 24. Ljubu\u0161kog karnevala\",\"datePublished\":\"2022-02-16T07:13:27+00:00\",\"dateModified\":\"2022-02-16T07:13:28+00:00\",\"mainEntityOfPage\":{\"@id\":\"https:\\\/\\\/radioljubuski.ba\\\/index.php\\\/2022\\\/02\\\/16\\\/detaljan-program-24-ljubuskog-karnevala\\\/\"},\"wordCount\":239,\"publisher\":{\"@id\":\"https:\\\/\\\/radioljubuski.ba\\\/#organization\"},\"image\":{\"@id\":\"https:\\\/\\\/radioljubuski.ba\\\/index.php\\\/2022\\\/02\\\/16\\\/detaljan-program-24-ljubuskog-karnevala\\\/#primaryimage\"},\"thumbnailUrl\":\"https:\\\/\\\/radioljubuski.ba\\\/wp-content\\\/uploads\\\/2022\\\/02\\\/karneval.jpg\",\"articleSection\":[\"Ljubu\u0161ki\"],\"inLanguage\":\"hr\"},{\"@type\":\"WebPage\",\"@id\":\"https:\\\/\\\/radioljubuski.ba\\\/index.php\\\/2022\\\/02\\\/16\\\/detaljan-program-24-ljubuskog-karnevala\\\/\",\"url\":\"https:\\\/\\\/radioljubuski.ba\\\/index.php\\\/2022\\\/02\\\/16\\\/detaljan-program-24-ljubuskog-karnevala\\\/\",\"name\":\"Detaljan program 24. Ljubu\u0161kog karnevala - RADIO LJUBU\u0160KI\",\"isPartOf\":{\"@id\":\"https:\\\/\\\/radioljubuski.ba\\\/#website\"},\"primaryImageOfPage\":{\"@id\":\"https:\\\/\\\/radioljubuski.ba\\\/index.php\\\/2022\\\/02\\\/16\\\/detaljan-program-24-ljubuskog-karnevala\\\/#primaryimage\"},\"image\":{\"@id\":\"https:\\\/\\\/radioljubuski.ba\\\/index.php\\\/2022\\\/02\\\/16\\\/detaljan-program-24-ljubuskog-karnevala\\\/#primaryimage\"},\"thumbnailUrl\":\"https:\\\/\\\/radioljubuski.ba\\\/wp-content\\\/uploads\\\/2022\\\/02\\\/karneval.jpg\",\"datePublished\":\"2022-02-16T07:13:27+00:00\",\"dateModified\":\"2022-02-16T07:13:28+00:00\",\"breadcrumb\":{\"@id\":\"https:\\\/\\\/radioljubuski.ba\\\/index.php\\\/2022\\\/02\\\/16\\\/detaljan-program-24-ljubuskog-karnevala\\\/#breadcrumb\"},\"inLanguage\":\"hr\",\"potentialAction\":[{\"@type\":\"ReadAction\",\"target\":[\"https:\\\/\\\/radioljubuski.ba\\\/index.php\\\/2022\\\/02\\\/16\\\/detaljan-program-24-ljubuskog-karnevala\\\/\"]}]},{\"@type\":\"ImageObject\",\"inLanguage\":\"hr\",\"@id\":\"https:\\\/\\\/radioljubuski.ba\\\/index.php\\\/2022\\\/02\\\/16\\\/detaljan-program-24-ljubuskog-karnevala\\\/#primaryimage\",\"url\":\"https:\\\/\\\/radioljubuski.ba\\\/wp-content\\\/uploads\\\/2022\\\/02\\\/karneval.jpg\",\"contentUrl\":\"https:\\\/\\\/radioljubuski.ba\\\/wp-content\\\/uploads\\\/2022\\\/02\\\/karneval.jpg\",\"width\":1024,\"height\":576},{\"@type\":\"BreadcrumbList\",\"@id\":\"https:\\\/\\\/radioljubuski.ba\\\/index.php\\\/2022\\\/02\\\/16\\\/detaljan-program-24-ljubuskog-karnevala\\\/#breadcrumb\",\"itemListElement\":[{\"@type\":\"ListItem\",\"position\":1,\"name\":\"Po\u010detna stranica\",\"item\":\"https:\\\/\\\/radioljubuski.ba\\\/\"},{\"@type\":\"ListItem\",\"position\":2,\"name\":\"Detaljan program 24. Ljubu\u0161kog karnevala\"}]},{\"@type\":\"WebSite\",\"@id\":\"https:\\\/\\\/radioljubuski.ba\\\/#website\",\"url\":\"https:\\\/\\\/radioljubuski.ba\\\/\",\"name\":\"Radio Ljubu\u0161ki\",\"description\":\"Sun\u010dana frekvencija Hercegovine\",\"publisher\":{\"@id\":\"https:\\\/\\\/radioljubuski.ba\\\/#organization\"},\"potentialAction\":[{\"@type\":\"SearchAction\",\"target\":{\"@type\":\"EntryPoint\",\"urlTemplate\":\"https:\\\/\\\/radioljubuski.ba\\\/?s={search_term_string}\"},\"query-input\":{\"@type\":\"PropertyValueSpecification\",\"valueRequired\":true,\"valueName\":\"search_term_string\"}}],\"inLanguage\":\"hr\"},{\"@type\":\"Organization\",\"@id\":\"https:\\\/\\\/radioljubuski.ba\\\/#organization\",\"name\":\"Radio Ljubu\u0161ki\",\"url\":\"https:\\\/\\\/radioljubuski.ba\\\/\",\"logo\":{\"@type\":\"ImageObject\",\"inLanguage\":\"hr\",\"@id\":\"https:\\\/\\\/radioljubuski.ba\\\/#\\\/schema\\\/logo\\\/image\\\/\",\"url\":\"https:\\\/\\\/radioljubuski.ba\\\/wp-content\\\/uploads\\\/2021\\\/02\\\/cropped-Radio_Ljubuski_logo1.jpg\",\"contentUrl\":\"https:\\\/\\\/radioljubuski.ba\\\/wp-content\\\/uploads\\\/2021\\\/02\\\/cropped-Radio_Ljubuski_logo1.jpg\",\"width\":512,\"height\":512,\"caption\":\"Radio Ljubu\u0161ki\"},\"image\":{\"@id\":\"https:\\\/\\\/radioljubuski.ba\\\/#\\\/schema\\\/logo\\\/image\\\/\"},\"sameAs\":[\"https:\\\/\\\/www.facebook.com\\\/Radiio-Ljubuski-1490835324566332\",\"https:\\\/\\\/x.com\\\/radioljubuski\",\"https:\\\/\\\/hr.linkedin.com\\\/company\\\/radio-ljubuski\",\"https:\\\/\\\/www.youtube.com\\\/channel\\\/UCHYaeO_n0Db3tjNGudGpXyw\"]},{\"@type\":\"Person\",\"@id\":\"https:\\\/\\\/radioljubuski.ba\\\/#\\\/schema\\\/person\\\/19fc700381a780f69665d7956c469e3b\",\"name\":\"Radio Ljubu\u0161ki\"}]}<\/script>\n<!-- \/ Yoast SEO plugin. -->","yoast_head_json":{"title":"Detaljan program 24. Ljubu\u0161kog karnevala - RADIO LJUBU\u0160KI","robots":{"index":"index","follow":"follow","max-snippet":"max-snippet:-1","max-image-preview":"max-image-preview:large","max-video-preview":"max-video-preview:-1"},"canonical":"https:\/\/radioljubuski.ba\/index.php\/2022\/02\/16\/detaljan-program-24-ljubuskog-karnevala\/","og_locale":"hr_HR","og_type":"article","og_title":"Detaljan program 24. Ljubu\u0161kog karnevala - RADIO LJUBU\u0160KI","og_description":"Gej parada je u Rimu, svi putevi vode u Ljubu\u0161ki! 24.Ljubu\u0161ki Karneval se vra\u0107a u grad \u2013 Od radosti tresu mi se kosti!!! Dan je nedjelja, 27.velja\u010de, a raspored je slijede\u0107i: 8,00h \u2013 Skup ma\u010dkara u Prologu 9,00h \u2013 Polazak auto-kolone testom revolucije od Prologa do Ljubu\u0161kog priko Male Moskve 12,00h \u2013 Skup ma\u010dkara u [&hellip;]","og_url":"https:\/\/radioljubuski.ba\/index.php\/2022\/02\/16\/detaljan-program-24-ljubuskog-karnevala\/","og_site_name":"RADIO LJUBU\u0160KI","article_publisher":"https:\/\/www.facebook.com\/Radiio-Ljubuski-1490835324566332","article_published_time":"2022-02-16T07:13:27+00:00","article_modified_time":"2022-02-16T07:13:28+00:00","og_image":[{"width":1024,"height":576,"url":"https:\/\/radioljubuski.ba\/wp-content\/uploads\/2022\/02\/karneval.jpg","type":"image\/jpeg"}],"author":"Radio Ljubu\u0161ki","twitter_card":"summary_large_image","twitter_creator":"@radioljubuski","twitter_site":"@radioljubuski","twitter_misc":{"Napisao\/la":"Radio Ljubu\u0161ki","Procijenjeno vrijeme \u010ditanja":"1 minuta"},"schema":{"@context":"https:\/\/schema.org","@graph":[{"@type":"Article","@id":"https:\/\/radioljubuski.ba\/index.php\/2022\/02\/16\/detaljan-program-24-ljubuskog-karnevala\/#article","isPartOf":{"@id":"https:\/\/radioljubuski.ba\/index.php\/2022\/02\/16\/detaljan-program-24-ljubuskog-karnevala\/"},"author":{"name":"Radio Ljubu\u0161ki","@id":"https:\/\/radioljubuski.ba\/#\/schema\/person\/19fc700381a780f69665d7956c469e3b"},"headline":"Detaljan program 24. Ljubu\u0161kog karnevala","datePublished":"2022-02-16T07:13:27+00:00","dateModified":"2022-02-16T07:13:28+00:00","mainEntityOfPage":{"@id":"https:\/\/radioljubuski.ba\/index.php\/2022\/02\/16\/detaljan-program-24-ljubuskog-karnevala\/"},"wordCount":239,"publisher":{"@id":"https:\/\/radioljubuski.ba\/#organization"},"image":{"@id":"https:\/\/radioljubuski.ba\/index.php\/2022\/02\/16\/detaljan-program-24-ljubuskog-karnevala\/#primaryimage"},"thumbnailUrl":"https:\/\/radioljubuski.ba\/wp-content\/uploads\/2022\/02\/karneval.jpg","articleSection":["Ljubu\u0161ki"],"inLanguage":"hr"},{"@type":"WebPage","@id":"https:\/\/radioljubuski.ba\/index.php\/2022\/02\/16\/detaljan-program-24-ljubuskog-karnevala\/","url":"https:\/\/radioljubuski.ba\/index.php\/2022\/02\/16\/detaljan-program-24-ljubuskog-karnevala\/","name":"Detaljan program 24. Ljubu\u0161kog karnevala - RADIO LJUBU\u0160KI","isPartOf":{"@id":"https:\/\/radioljubuski.ba\/#website"},"primaryImageOfPage":{"@id":"https:\/\/radioljubuski.ba\/index.php\/2022\/02\/16\/detaljan-program-24-ljubuskog-karnevala\/#primaryimage"},"image":{"@id":"https:\/\/radioljubuski.ba\/index.php\/2022\/02\/16\/detaljan-program-24-ljubuskog-karnevala\/#primaryimage"},"thumbnailUrl":"https:\/\/radioljubuski.ba\/wp-content\/uploads\/2022\/02\/karneval.jpg","datePublished":"2022-02-16T07:13:27+00:00","dateModified":"2022-02-16T07:13:28+00:00","breadcrumb":{"@id":"https:\/\/radioljubuski.ba\/index.php\/2022\/02\/16\/detaljan-program-24-ljubuskog-karnevala\/#breadcrumb"},"inLanguage":"hr","potentialAction":[{"@type":"ReadAction","target":["https:\/\/radioljubuski.ba\/index.php\/2022\/02\/16\/detaljan-program-24-ljubuskog-karnevala\/"]}]},{"@type":"ImageObject","inLanguage":"hr","@id":"https:\/\/radioljubuski.ba\/index.php\/2022\/02\/16\/detaljan-program-24-ljubuskog-karnevala\/#primaryimage","url":"https:\/\/radioljubuski.ba\/wp-content\/uploads\/2022\/02\/karneval.jpg","contentUrl":"https:\/\/radioljubuski.ba\/wp-content\/uploads\/2022\/02\/karneval.jpg","width":1024,"height":576},{"@type":"BreadcrumbList","@id":"https:\/\/radioljubuski.ba\/index.php\/2022\/02\/16\/detaljan-program-24-ljubuskog-karnevala\/#breadcrumb","itemListElement":[{"@type":"ListItem","position":1,"name":"Po\u010detna stranica","item":"https:\/\/radioljubuski.ba\/"},{"@type":"ListItem","position":2,"name":"Detaljan program 24. Ljubu\u0161kog karnevala"}]},{"@type":"WebSite","@id":"https:\/\/radioljubuski.ba\/#website","url":"https:\/\/radioljubuski.ba\/","name":"Radio Ljubu\u0161ki","description":"Sun\u010dana frekvencija Hercegovine","publisher":{"@id":"https:\/\/radioljubuski.ba\/#organization"},"potentialAction":[{"@type":"SearchAction","target":{"@type":"EntryPoint","urlTemplate":"https:\/\/radioljubuski.ba\/?s={search_term_string}"},"query-input":{"@type":"PropertyValueSpecification","valueRequired":true,"valueName":"search_term_string"}}],"inLanguage":"hr"},{"@type":"Organization","@id":"https:\/\/radioljubuski.ba\/#organization","name":"Radio Ljubu\u0161ki","url":"https:\/\/radioljubuski.ba\/","logo":{"@type":"ImageObject","inLanguage":"hr","@id":"https:\/\/radioljubuski.ba\/#\/schema\/logo\/image\/","url":"https:\/\/radioljubuski.ba\/wp-content\/uploads\/2021\/02\/cropped-Radio_Ljubuski_logo1.jpg","contentUrl":"https:\/\/radioljubuski.ba\/wp-content\/uploads\/2021\/02\/cropped-Radio_Ljubuski_logo1.jpg","width":512,"height":512,"caption":"Radio Ljubu\u0161ki"},"image":{"@id":"https:\/\/radioljubuski.ba\/#\/schema\/logo\/image\/"},"sameAs":["https:\/\/www.facebook.com\/Radiio-Ljubuski-1490835324566332","https:\/\/x.com\/radioljubuski","https:\/\/hr.linkedin.com\/company\/radio-ljubuski","https:\/\/www.youtube.com\/channel\/UCHYaeO_n0Db3tjNGudGpXyw"]},{"@type":"Person","@id":"https:\/\/radioljubuski.ba\/#\/schema\/person\/19fc700381a780f69665d7956c469e3b","name":"Radio Ljubu\u0161ki"}]}},"_links":{"self":[{"href":"https:\/\/radioljubuski.ba\/index.php\/wp-json\/wp\/v2\/posts\/113753","targetHints":{"allow":["GET"]}}],"collection":[{"href":"https:\/\/radioljubuski.ba\/index.php\/wp-json\/wp\/v2\/posts"}],"about":[{"href":"https:\/\/radioljubuski.ba\/index.php\/wp-json\/wp\/v2\/types\/post"}],"author":[{"embeddable":true,"href":"https:\/\/radioljubuski.ba\/index.php\/wp-json\/wp\/v2\/users\/2"}],"replies":[{"embeddable":true,"href":"https:\/\/radioljubuski.ba\/index.php\/wp-json\/wp\/v2\/comments?post=113753"}],"version-history":[{"count":1,"href":"https:\/\/radioljubuski.ba\/index.php\/wp-json\/wp\/v2\/posts\/113753\/revisions"}],"predecessor-version":[{"id":113755,"href":"https:\/\/radioljubuski.ba\/index.php\/wp-json\/wp\/v2\/posts\/113753\/revisions\/113755"}],"wp:featuredmedia":[{"embeddable":true,"href":"https:\/\/radioljubuski.ba\/index.php\/wp-json\/wp\/v2\/media\/113754"}],"wp:attachment":[{"href":"https:\/\/radioljubuski.ba\/index.php\/wp-json\/wp\/v2\/media?parent=113753"}],"wp:term":[{"taxonomy":"category","embeddable":true,"href":"https:\/\/radioljubuski.ba\/index.php\/wp-json\/wp\/v2\/categories?post=113753"},{"taxonomy":"post_tag","embeddable":true,"href":"https:\/\/radioljubuski.ba\/index.php\/wp-json\/wp\/v2\/tags?post=113753"}],"curies":[{"name":"wp","href":"https:\/\/api.w.org\/{rel}","templated":true}]}}