{"id":113759,"date":"2022-02-16T08:22:23","date_gmt":"2022-02-16T07:22:23","guid":{"rendered":"https:\/\/radioljubuski.ba\/?p=113759"},"modified":"2022-02-16T08:22:24","modified_gmt":"2022-02-16T07:22:24","slug":"knjiga-ljubusaka-boze-skoke-okupila-znanstvenu-komunikacijsku-i-diplomatsku-elitu-u-zagrebu","status":"publish","type":"post","link":"https:\/\/radioljubuski.ba\/index.php\/2022\/02\/16\/knjiga-ljubusaka-boze-skoke-okupila-znanstvenu-komunikacijsku-i-diplomatsku-elitu-u-zagrebu\/","title":{"rendered":"Knjiga Ljubu\u0161aka Bo\u017ee Skoke okupila znanstvenu, komunikacijsku i diplomatsku elitu u Zagrebu"},"content":{"rendered":"\n<p>Hrvatska je dobila prvi sveu\u010dili\u0161ni ud\u017ebenik posve\u0107en javnoj diplomaciji i strate\u0161kom komuniciranju dr\u017eava, novoj disciplini koja povezuje me\u0111unarodne odnose i komunikacijski menad\u017ement. <\/p>\n\n\n\n<p>Tim povodom u zagreba\u010dkom Kaptol centru okupili su se vode\u0107i hrvatski stru\u010dnjaci za diplomaciju, marketing, odnose s javno\u0161\u0107u i srodne discipline na prigodnoj promociji i popratnoj konferenciji posve\u0107enoj javnoj diplomaciji i imid\u017eu Hrvatske, koju su organizirali njema\u010dka zaklada Hanns Seidel i Edward Bernays Visoka \u0161kola za komunikacijski menad\u017ement.<\/p>\n\n\n\n<p>Autor tog monumentalnog djela je prof. dr. sc. Bo\u017eo Skoko, vode\u0107i hrvatski stru\u010dnjak za ovu problematiku, ina\u010de redoviti profesor Fakulteta politi\u010dkih znanosti Sveu\u010dili\u0161ta u Zagrebu. <\/p>\n\n\n\n<p>Skoko je jedan od rijetkih znanstvenika koji je oko svoje knjige uspio okupiti stru\u010dnjake razli\u010ditih vrijednosnih uvjerenja i politi\u010dkih opcija, pokazuju\u0107i kako je ovo tema koja nadilazi podjele i zahtijeva dru\u0161tveni konsenzus.<\/p>\n\n\n\n<figure class=\"wp-block-image\"><img decoding=\"async\" src=\"https:\/\/www.ljportal.com\/wp-content\/uploads\/2022\/02\/bd77d24ca515d4d09fb7.jpeg\" alt=\"bd77d24ca515d4d09fb7\"\/><\/figure>\n\n\n\n<p>Tako su u prvom dijelu konferencije, o autoru i knjizi govorili prof. dr. Igor Vida\u010dak i dr. sc. Hrvoje Jakopovi\u0107, s Fakulteta politi\u010dkih znanosti, prof. dr. sc. Doris Peru\u010di\u0107 s Edward Bernays visoke \u0161kole, komunikacijski stru\u010dnjak Davor Bruketa, te biv\u0161i ministri vanjskih poslova dr. sc. Vesna Pusi\u0107 i Davor Ivo Stier, koji su bili potpuno suglasni oko iznimne va\u017enosti javne diplomacije i Skoninim doprinosima izu\u010davanju ovog podru\u010dja. <\/p>\n\n\n\n<p>Ina\u010de, \u201eStrate\u0161ko komuniciranje dr\u017eava\u201c je knjiga koja u dva dijela analizira dr\u017eave kao komunikacijske subjekte, odnosno fenomen javne diplomacije, nacionalnog brendiranja i me\u0111unarodnih odnosa s javno\u0161\u0107u te donosi primjere dobre prakse iz cijelog svijeta. <\/p>\n\n\n\n<p>Dok je u prvom dijelu naglasak na teoriji i praksi ovog interdisciplinarnog podru\u010dja s mnogobrojnim studijama slu\u010daja, drugi (uredni\u010dki) donosi radove dvadesetak gostuju\u0107ih autora vode\u0107ih hrvatskih stru\u010dnjaka koji pi\u0161u o podru\u010djima primjene te hrvatskim iskustvima.<\/p>\n\n\n\n<p>Autori poglavlja u drugom dijelu knjige su: Ana-Maria Boromisa, Dejan Gluva\u010devi\u0107, Marijana Grbe\u0161a, Iva Hraste So\u010do, Daniela Angelina Jelin\u010di\u0107, Robert Kolobara, Luka Le\u0161ko, \u0110ana Lu\u0161a, Boris Ljubi\u010di\u0107, Katarina Mili\u010devi\u0107, Martina Pand\u017ei\u0107 Skoko, Stela Prislan Fujs i Slobodan Prosperov Novak, koji obra\u0111uju specifi\u010dne teme i podru\u010dja primjene strate\u0161kog komuniciranja dr\u017eava, a ti\u010du se kreativnih industrija, dizajna, filma, festivala, uloge lidera, gastronomije i na\u010dina \u017eivota u brendiranju zemlje te mnogih drugih elemenata korisnih za uspje\u0161no strate\u0161ko komuniciranje na me\u0111unarodnoj sceni. Zadnje, osmo poglavlje posve\u0107eno je poku\u0161ajima, proma\u0161ajima i ostvarenjima hrvatske javne diplomacije kroz povijest.<\/p>\n\n\n\n<p>Kroz deset priloga vode\u0107ih hrvatskih povjesni\u010dara, znanstvenika iz drugih podru\u010dja i stru\u010dnjaka iz prakse (Mladen Andrli\u0107, Darko Beki\u0107, Zvonimir Frka-Pete\u0161i\u0107, Gordan Grli\u0107 Radman, Tvrtko Jakovina, Mario Jareb, Marijan Lipovac, Vladimir Lon\u010darevi\u0107, Vladimir Peter Goss, Dubravka Sin\u010di\u0107 \u0106ori\u0107) pratimo korijene hrvatske javne diplomacije u vremenu renesanse, poku\u0161aje Stjepana Radi\u0107a da zainteresira me\u0111unarodnu javnost za hrvatsko pitanje u prvoj Jugoslaviji, na\u010dine promocije Hrvatske u totalitarnom re\u017eimu tijekom Drugog svjetskog rata, primjenu javne diplomacije u socijalisti\u010dkoj Jugoslaviji, nastojanja hrvatske dijaspore u razbijanju propagande i borbi za me\u0111unarodno priznanje neovisne Hrvatske, uspostavu suvremene hrvatske (javne) diplomacije, odnosno poku\u0161aje strate\u0161kog kreiranja novog hrvatskog brenda.<\/p>\n\n\n\n<p>Autori pogovora su Davor Stier i akademik Igor Rudan. <\/p>\n\n\n\n<p>Nakladnik knjige je Synopsis (Zagreb \u2013 Sarajevo), a sunakladnici Plejada i Edward Bernays visoka \u0161kola za komunikacijski mena\u017edment iz Zagreba. Autor naslovnice je Vladimir Resner, a dizajn knjige potpisuje Bruno Abramovi\u0107. <\/p>\n\n\n\n<p>\u201eDr\u017eavama kao komunikatorima u me\u0111unarodnom odnosu nikada nije bilo lak\u0161e komunicirati nego danas, ali i konkurencija nikada nije bila ve\u0107a. Dr\u017eave koje svoj imid\u017e prepu\u0161taju slu\u010dajnosti, dovode se u opasnosti da drugi ispri\u010daju pri\u010du o njima umjesto njih samih. Na\u0161 identitet je temelj brenda dr\u017eave, pa ga moramo definirati nacionalnim koncensusom o vlastitim vrijednostima, a zatim ih kroz javnu diplomaciju, strate\u0161ki pristup brendiranju, ali i kreativne industrije predstaviti doma\u0107oj i me\u0111unarodnoj zajednici.\u201c naglasio je prof. dr. sc. Bo\u017eo Skoko, jedan od vode\u0107ih stru\u010dnjaka za strate\u0161ko komuniciranje dr\u017eava u Hrvatskoj.<\/p>\n\n\n\n<p>Ministar vanjskih i europskih poslova RH i autor jednog od poglavlja knjige dr. sc. Gordan Grli\u0107 Radman je istaknuo:<\/p>\n\n\n\n<p>\u201ePonosan sam \u0161to sam pridonio nastajanju ove knjige koja je suvremeni putokaz prema strate\u0161kom upravljanju identitetom i imid\u017eom za svaku modernu dr\u017eavu. Hrvatska diplomacija u ovoj je knjizi posebno istaknuta, a iako mlada disciplina, predstavlja \u010ditavu na\u0161u zemlju. Diplomati su glasnici svoje dr\u017eave po kojima me\u0111unarodna zajednica percipira Hrvatsku, a u izazovnim vremenima globalizacije trebamo iskoristiti sve alate javne diplomacije koje autor u ovom kapitalnom djelu razla\u017ee te ih upotrijebiti za unaprje\u0111enje svog me\u0111unarodnog ugleda.\u201c<br><\/p>\n\n\n\n<p>Dekan Edward Bernays Visoke \u0161kole za komunikacijski menad\u017ement doc. dr. sc. Damir Jugo ovom je prilikom istaknuo: \u201eKnjiga Strate\u0161ko komuniciranje dr\u017eava bez sumnje \u0107e ostaviti dubok trag u akademskoj zajednici i \u0161iroj javnosti jer je autor uspje\u0161no povezao teoriju i praksu, najbolja svjetska iskustva te 30 gostuju\u0107ih autora, koji svi zajedno daju idealan recept za upravljanje ugledom dr\u017eava u suvremenim me\u0111unarodnim odnosima\u201c.<\/p>\n\n\n\n<p>\u201eSkoko je povezao i okupio vrhunske hrvatske stru\u010dnjake, znanstvenike, teoreti\u010dare i prakti\u010dare, ali i diplomate koji su godinama predano radili na kreiranju ugleda Hrvatske, a autor nije mogao odabrati bolju godinu za objavljivanje ove knjige nego godinu u kojoj obilje\u017eavamo 30 godina od me\u0111unarodnog priznanja Republike Hrvatske\u201c, mr. sc. Aleksandra Marki\u0107 Boban, ravnateljica ureda Hans Seidel Stiftung u Zagrebu.<\/p>\n\n\n\n<p>U sklopu predstavljanja knjige odr\u017eana je i konferencija \u201eKako unaprijediti hrvatsku javnu diplomaciju i imid\u017e Hrvatske\u201c na kojoj su sudjelovali ugledni stru\u010dnjaci s podru\u010dja me\u0111unarodnih odnosa i diplomacije, turizma, kulture, odnosa s javno\u0161\u0107u i drugih srodnih podru\u010dja, koji su predstavili aktualnosti i trendove u upravljanju me\u0111unarodnim ugledom i nacionalnim identitetom. <\/p>\n\n\n\n<p>Na konferenciji su sudjelovali prof. dr. sc. Dubravka Sin\u010di\u0107 \u0106ori\u0107, profesorica na Katedri za marketing Ekonomskog fakulteta Sveu\u010dili\u0161ta u Zagrebu i voditeljica Radne skupine Predsjednice RH za razvoj identiteta i brenda RH (2018. \u2013 2019.); dr. sc. Mladen Andrli\u0107, veleposlanik Republike Hrvatske u Ma\u0111arskoj i biv\u0161i ravnatelj Diplomatske akademije MVEP RH; dr. sc. Daniela Angelina Jelin\u010di\u0107, znanstvena savjetnica u Institutu za razvoj i me\u0111unarodne odnose; doc. dr. sc. Katarina Mili\u010devi\u0107, pro\u010delnica Odjela za turizma Edward Bernays visoke \u0161kole u Zagrebu i profesorica na Sveu\u010dili\u0161tu u Ljubljani; Tomislav Gugo, voditelj Odjela za javnu diplomaciju i kulturne odnose pri veleposlanstvu Kraljevine Danske u Hrvatskoj; dr. sc. Dejan Gluva\u010devi\u0107, pro\u010delnik odjela za komunikacije Edward Bernays visoke \u0161kole u Zagrebu i dr. sc. Miro Kova\u010d, biv\u0161i ministar vanjskih i europskih poslova RH, povjesni\u010dar i diplomat, pi\u0161e Ve\u010dernji.hr.<\/p>\n\n\n\n<p><strong>Izvor: Ljportal.com<\/strong><\/p>\n","protected":false},"excerpt":{"rendered":"<p>Hrvatska je dobila prvi sveu\u010dili\u0161ni ud\u017ebenik posve\u0107en javnoj diplomaciji i strate\u0161kom komuniciranju dr\u017eava, novoj disciplini koja povezuje me\u0111unarodne odnose i komunikacijski menad\u017ement. Tim povodom u zagreba\u010dkom Kaptol centru okupili su se vode\u0107i hrvatski stru\u010dnjaci za diplomaciju, marketing, odnose s javno\u0161\u0107u i srodne discipline na prigodnoj promociji i popratnoj konferenciji posve\u0107enoj javnoj diplomaciji i imid\u017eu Hrvatske, [&hellip;]<\/p>\n","protected":false},"author":2,"featured_media":113760,"comment_status":"closed","ping_status":"closed","sticky":false,"template":"","format":"standard","meta":{"h5ap_radio_sources":[],"footnotes":""},"categories":[3],"tags":[],"class_list":["post-113759","post","type-post","status-publish","format-standard","has-post-thumbnail","hentry","category-ljubuski"],"yoast_head":"<!-- This site is optimized with the Yoast SEO plugin v27.4 - https:\/\/yoast.com\/product\/yoast-seo-wordpress\/ -->\n<title>Knjiga Ljubu\u0161aka Bo\u017ee Skoke okupila znanstvenu, komunikacijsku i diplomatsku elitu u Zagrebu - RADIO LJUBU\u0160KI<\/title>\n<meta name=\"robots\" content=\"index, follow, max-snippet:-1, max-image-preview:large, max-video-preview:-1\" \/>\n<link rel=\"canonical\" href=\"https:\/\/radioljubuski.ba\/index.php\/2022\/02\/16\/knjiga-ljubusaka-boze-skoke-okupila-znanstvenu-komunikacijsku-i-diplomatsku-elitu-u-zagrebu\/\" \/>\n<meta property=\"og:locale\" content=\"hr_HR\" \/>\n<meta property=\"og:type\" content=\"article\" \/>\n<meta property=\"og:title\" content=\"Knjiga Ljubu\u0161aka Bo\u017ee Skoke okupila znanstvenu, komunikacijsku i diplomatsku elitu u Zagrebu - RADIO LJUBU\u0160KI\" \/>\n<meta property=\"og:description\" content=\"Hrvatska je dobila prvi sveu\u010dili\u0161ni ud\u017ebenik posve\u0107en javnoj diplomaciji i strate\u0161kom komuniciranju dr\u017eava, novoj disciplini koja povezuje me\u0111unarodne odnose i komunikacijski menad\u017ement. Tim povodom u zagreba\u010dkom Kaptol centru okupili su se vode\u0107i hrvatski stru\u010dnjaci za diplomaciju, marketing, odnose s javno\u0161\u0107u i srodne discipline na prigodnoj promociji i popratnoj konferenciji posve\u0107enoj javnoj diplomaciji i imid\u017eu Hrvatske, [&hellip;]\" \/>\n<meta property=\"og:url\" content=\"https:\/\/radioljubuski.ba\/index.php\/2022\/02\/16\/knjiga-ljubusaka-boze-skoke-okupila-znanstvenu-komunikacijsku-i-diplomatsku-elitu-u-zagrebu\/\" \/>\n<meta property=\"og:site_name\" content=\"RADIO LJUBU\u0160KI\" \/>\n<meta property=\"article:publisher\" content=\"https:\/\/www.facebook.com\/Radiio-Ljubuski-1490835324566332\" \/>\n<meta property=\"article:published_time\" content=\"2022-02-16T07:22:23+00:00\" \/>\n<meta property=\"article:modified_time\" content=\"2022-02-16T07:22:24+00:00\" \/>\n<meta property=\"og:image\" content=\"https:\/\/radioljubuski.ba\/wp-content\/uploads\/2022\/02\/skoko.jpeg\" \/>\n\t<meta property=\"og:image:width\" content=\"809\" \/>\n\t<meta property=\"og:image:height\" content=\"540\" \/>\n\t<meta property=\"og:image:type\" content=\"image\/jpeg\" \/>\n<meta name=\"author\" content=\"Radio Ljubu\u0161ki\" \/>\n<meta name=\"twitter:card\" content=\"summary_large_image\" \/>\n<meta name=\"twitter:creator\" content=\"@radioljubuski\" \/>\n<meta name=\"twitter:site\" content=\"@radioljubuski\" \/>\n<meta name=\"twitter:label1\" content=\"Napisao\/la\" \/>\n\t<meta name=\"twitter:data1\" content=\"Radio Ljubu\u0161ki\" \/>\n\t<meta name=\"twitter:label2\" content=\"Procijenjeno vrijeme \u010ditanja\" \/>\n\t<meta name=\"twitter:data2\" content=\"5 minuta\" \/>\n<script type=\"application\/ld+json\" class=\"yoast-schema-graph\">{\"@context\":\"https:\\\/\\\/schema.org\",\"@graph\":[{\"@type\":\"Article\",\"@id\":\"https:\\\/\\\/radioljubuski.ba\\\/index.php\\\/2022\\\/02\\\/16\\\/knjiga-ljubusaka-boze-skoke-okupila-znanstvenu-komunikacijsku-i-diplomatsku-elitu-u-zagrebu\\\/#article\",\"isPartOf\":{\"@id\":\"https:\\\/\\\/radioljubuski.ba\\\/index.php\\\/2022\\\/02\\\/16\\\/knjiga-ljubusaka-boze-skoke-okupila-znanstvenu-komunikacijsku-i-diplomatsku-elitu-u-zagrebu\\\/\"},\"author\":{\"name\":\"Radio Ljubu\u0161ki\",\"@id\":\"https:\\\/\\\/radioljubuski.ba\\\/#\\\/schema\\\/person\\\/19fc700381a780f69665d7956c469e3b\"},\"headline\":\"Knjiga Ljubu\u0161aka Bo\u017ee Skoke okupila znanstvenu, komunikacijsku i diplomatsku elitu u Zagrebu\",\"datePublished\":\"2022-02-16T07:22:23+00:00\",\"dateModified\":\"2022-02-16T07:22:24+00:00\",\"mainEntityOfPage\":{\"@id\":\"https:\\\/\\\/radioljubuski.ba\\\/index.php\\\/2022\\\/02\\\/16\\\/knjiga-ljubusaka-boze-skoke-okupila-znanstvenu-komunikacijsku-i-diplomatsku-elitu-u-zagrebu\\\/\"},\"wordCount\":1145,\"publisher\":{\"@id\":\"https:\\\/\\\/radioljubuski.ba\\\/#organization\"},\"image\":{\"@id\":\"https:\\\/\\\/radioljubuski.ba\\\/index.php\\\/2022\\\/02\\\/16\\\/knjiga-ljubusaka-boze-skoke-okupila-znanstvenu-komunikacijsku-i-diplomatsku-elitu-u-zagrebu\\\/#primaryimage\"},\"thumbnailUrl\":\"https:\\\/\\\/radioljubuski.ba\\\/wp-content\\\/uploads\\\/2022\\\/02\\\/skoko.jpeg\",\"articleSection\":[\"Ljubu\u0161ki\"],\"inLanguage\":\"hr\"},{\"@type\":\"WebPage\",\"@id\":\"https:\\\/\\\/radioljubuski.ba\\\/index.php\\\/2022\\\/02\\\/16\\\/knjiga-ljubusaka-boze-skoke-okupila-znanstvenu-komunikacijsku-i-diplomatsku-elitu-u-zagrebu\\\/\",\"url\":\"https:\\\/\\\/radioljubuski.ba\\\/index.php\\\/2022\\\/02\\\/16\\\/knjiga-ljubusaka-boze-skoke-okupila-znanstvenu-komunikacijsku-i-diplomatsku-elitu-u-zagrebu\\\/\",\"name\":\"Knjiga Ljubu\u0161aka Bo\u017ee Skoke okupila znanstvenu, komunikacijsku i diplomatsku elitu u Zagrebu - RADIO LJUBU\u0160KI\",\"isPartOf\":{\"@id\":\"https:\\\/\\\/radioljubuski.ba\\\/#website\"},\"primaryImageOfPage\":{\"@id\":\"https:\\\/\\\/radioljubuski.ba\\\/index.php\\\/2022\\\/02\\\/16\\\/knjiga-ljubusaka-boze-skoke-okupila-znanstvenu-komunikacijsku-i-diplomatsku-elitu-u-zagrebu\\\/#primaryimage\"},\"image\":{\"@id\":\"https:\\\/\\\/radioljubuski.ba\\\/index.php\\\/2022\\\/02\\\/16\\\/knjiga-ljubusaka-boze-skoke-okupila-znanstvenu-komunikacijsku-i-diplomatsku-elitu-u-zagrebu\\\/#primaryimage\"},\"thumbnailUrl\":\"https:\\\/\\\/radioljubuski.ba\\\/wp-content\\\/uploads\\\/2022\\\/02\\\/skoko.jpeg\",\"datePublished\":\"2022-02-16T07:22:23+00:00\",\"dateModified\":\"2022-02-16T07:22:24+00:00\",\"breadcrumb\":{\"@id\":\"https:\\\/\\\/radioljubuski.ba\\\/index.php\\\/2022\\\/02\\\/16\\\/knjiga-ljubusaka-boze-skoke-okupila-znanstvenu-komunikacijsku-i-diplomatsku-elitu-u-zagrebu\\\/#breadcrumb\"},\"inLanguage\":\"hr\",\"potentialAction\":[{\"@type\":\"ReadAction\",\"target\":[\"https:\\\/\\\/radioljubuski.ba\\\/index.php\\\/2022\\\/02\\\/16\\\/knjiga-ljubusaka-boze-skoke-okupila-znanstvenu-komunikacijsku-i-diplomatsku-elitu-u-zagrebu\\\/\"]}]},{\"@type\":\"ImageObject\",\"inLanguage\":\"hr\",\"@id\":\"https:\\\/\\\/radioljubuski.ba\\\/index.php\\\/2022\\\/02\\\/16\\\/knjiga-ljubusaka-boze-skoke-okupila-znanstvenu-komunikacijsku-i-diplomatsku-elitu-u-zagrebu\\\/#primaryimage\",\"url\":\"https:\\\/\\\/radioljubuski.ba\\\/wp-content\\\/uploads\\\/2022\\\/02\\\/skoko.jpeg\",\"contentUrl\":\"https:\\\/\\\/radioljubuski.ba\\\/wp-content\\\/uploads\\\/2022\\\/02\\\/skoko.jpeg\",\"width\":809,\"height\":540},{\"@type\":\"BreadcrumbList\",\"@id\":\"https:\\\/\\\/radioljubuski.ba\\\/index.php\\\/2022\\\/02\\\/16\\\/knjiga-ljubusaka-boze-skoke-okupila-znanstvenu-komunikacijsku-i-diplomatsku-elitu-u-zagrebu\\\/#breadcrumb\",\"itemListElement\":[{\"@type\":\"ListItem\",\"position\":1,\"name\":\"Po\u010detna stranica\",\"item\":\"https:\\\/\\\/radioljubuski.ba\\\/\"},{\"@type\":\"ListItem\",\"position\":2,\"name\":\"Knjiga Ljubu\u0161aka Bo\u017ee Skoke okupila znanstvenu, komunikacijsku i diplomatsku elitu u Zagrebu\"}]},{\"@type\":\"WebSite\",\"@id\":\"https:\\\/\\\/radioljubuski.ba\\\/#website\",\"url\":\"https:\\\/\\\/radioljubuski.ba\\\/\",\"name\":\"Radio Ljubu\u0161ki\",\"description\":\"Sun\u010dana frekvencija Hercegovine\",\"publisher\":{\"@id\":\"https:\\\/\\\/radioljubuski.ba\\\/#organization\"},\"potentialAction\":[{\"@type\":\"SearchAction\",\"target\":{\"@type\":\"EntryPoint\",\"urlTemplate\":\"https:\\\/\\\/radioljubuski.ba\\\/?s={search_term_string}\"},\"query-input\":{\"@type\":\"PropertyValueSpecification\",\"valueRequired\":true,\"valueName\":\"search_term_string\"}}],\"inLanguage\":\"hr\"},{\"@type\":\"Organization\",\"@id\":\"https:\\\/\\\/radioljubuski.ba\\\/#organization\",\"name\":\"Radio Ljubu\u0161ki\",\"url\":\"https:\\\/\\\/radioljubuski.ba\\\/\",\"logo\":{\"@type\":\"ImageObject\",\"inLanguage\":\"hr\",\"@id\":\"https:\\\/\\\/radioljubuski.ba\\\/#\\\/schema\\\/logo\\\/image\\\/\",\"url\":\"https:\\\/\\\/radioljubuski.ba\\\/wp-content\\\/uploads\\\/2021\\\/02\\\/cropped-Radio_Ljubuski_logo1.jpg\",\"contentUrl\":\"https:\\\/\\\/radioljubuski.ba\\\/wp-content\\\/uploads\\\/2021\\\/02\\\/cropped-Radio_Ljubuski_logo1.jpg\",\"width\":512,\"height\":512,\"caption\":\"Radio Ljubu\u0161ki\"},\"image\":{\"@id\":\"https:\\\/\\\/radioljubuski.ba\\\/#\\\/schema\\\/logo\\\/image\\\/\"},\"sameAs\":[\"https:\\\/\\\/www.facebook.com\\\/Radiio-Ljubuski-1490835324566332\",\"https:\\\/\\\/x.com\\\/radioljubuski\",\"https:\\\/\\\/hr.linkedin.com\\\/company\\\/radio-ljubuski\",\"https:\\\/\\\/www.youtube.com\\\/channel\\\/UCHYaeO_n0Db3tjNGudGpXyw\"]},{\"@type\":\"Person\",\"@id\":\"https:\\\/\\\/radioljubuski.ba\\\/#\\\/schema\\\/person\\\/19fc700381a780f69665d7956c469e3b\",\"name\":\"Radio Ljubu\u0161ki\"}]}<\/script>\n<!-- \/ Yoast SEO plugin. -->","yoast_head_json":{"title":"Knjiga Ljubu\u0161aka Bo\u017ee Skoke okupila znanstvenu, komunikacijsku i diplomatsku elitu u Zagrebu - RADIO LJUBU\u0160KI","robots":{"index":"index","follow":"follow","max-snippet":"max-snippet:-1","max-image-preview":"max-image-preview:large","max-video-preview":"max-video-preview:-1"},"canonical":"https:\/\/radioljubuski.ba\/index.php\/2022\/02\/16\/knjiga-ljubusaka-boze-skoke-okupila-znanstvenu-komunikacijsku-i-diplomatsku-elitu-u-zagrebu\/","og_locale":"hr_HR","og_type":"article","og_title":"Knjiga Ljubu\u0161aka Bo\u017ee Skoke okupila znanstvenu, komunikacijsku i diplomatsku elitu u Zagrebu - RADIO LJUBU\u0160KI","og_description":"Hrvatska je dobila prvi sveu\u010dili\u0161ni ud\u017ebenik posve\u0107en javnoj diplomaciji i strate\u0161kom komuniciranju dr\u017eava, novoj disciplini koja povezuje me\u0111unarodne odnose i komunikacijski menad\u017ement. Tim povodom u zagreba\u010dkom Kaptol centru okupili su se vode\u0107i hrvatski stru\u010dnjaci za diplomaciju, marketing, odnose s javno\u0161\u0107u i srodne discipline na prigodnoj promociji i popratnoj konferenciji posve\u0107enoj javnoj diplomaciji i imid\u017eu Hrvatske, [&hellip;]","og_url":"https:\/\/radioljubuski.ba\/index.php\/2022\/02\/16\/knjiga-ljubusaka-boze-skoke-okupila-znanstvenu-komunikacijsku-i-diplomatsku-elitu-u-zagrebu\/","og_site_name":"RADIO LJUBU\u0160KI","article_publisher":"https:\/\/www.facebook.com\/Radiio-Ljubuski-1490835324566332","article_published_time":"2022-02-16T07:22:23+00:00","article_modified_time":"2022-02-16T07:22:24+00:00","og_image":[{"width":809,"height":540,"url":"https:\/\/radioljubuski.ba\/wp-content\/uploads\/2022\/02\/skoko.jpeg","type":"image\/jpeg"}],"author":"Radio Ljubu\u0161ki","twitter_card":"summary_large_image","twitter_creator":"@radioljubuski","twitter_site":"@radioljubuski","twitter_misc":{"Napisao\/la":"Radio Ljubu\u0161ki","Procijenjeno vrijeme \u010ditanja":"5 minuta"},"schema":{"@context":"https:\/\/schema.org","@graph":[{"@type":"Article","@id":"https:\/\/radioljubuski.ba\/index.php\/2022\/02\/16\/knjiga-ljubusaka-boze-skoke-okupila-znanstvenu-komunikacijsku-i-diplomatsku-elitu-u-zagrebu\/#article","isPartOf":{"@id":"https:\/\/radioljubuski.ba\/index.php\/2022\/02\/16\/knjiga-ljubusaka-boze-skoke-okupila-znanstvenu-komunikacijsku-i-diplomatsku-elitu-u-zagrebu\/"},"author":{"name":"Radio Ljubu\u0161ki","@id":"https:\/\/radioljubuski.ba\/#\/schema\/person\/19fc700381a780f69665d7956c469e3b"},"headline":"Knjiga Ljubu\u0161aka Bo\u017ee Skoke okupila znanstvenu, komunikacijsku i diplomatsku elitu u Zagrebu","datePublished":"2022-02-16T07:22:23+00:00","dateModified":"2022-02-16T07:22:24+00:00","mainEntityOfPage":{"@id":"https:\/\/radioljubuski.ba\/index.php\/2022\/02\/16\/knjiga-ljubusaka-boze-skoke-okupila-znanstvenu-komunikacijsku-i-diplomatsku-elitu-u-zagrebu\/"},"wordCount":1145,"publisher":{"@id":"https:\/\/radioljubuski.ba\/#organization"},"image":{"@id":"https:\/\/radioljubuski.ba\/index.php\/2022\/02\/16\/knjiga-ljubusaka-boze-skoke-okupila-znanstvenu-komunikacijsku-i-diplomatsku-elitu-u-zagrebu\/#primaryimage"},"thumbnailUrl":"https:\/\/radioljubuski.ba\/wp-content\/uploads\/2022\/02\/skoko.jpeg","articleSection":["Ljubu\u0161ki"],"inLanguage":"hr"},{"@type":"WebPage","@id":"https:\/\/radioljubuski.ba\/index.php\/2022\/02\/16\/knjiga-ljubusaka-boze-skoke-okupila-znanstvenu-komunikacijsku-i-diplomatsku-elitu-u-zagrebu\/","url":"https:\/\/radioljubuski.ba\/index.php\/2022\/02\/16\/knjiga-ljubusaka-boze-skoke-okupila-znanstvenu-komunikacijsku-i-diplomatsku-elitu-u-zagrebu\/","name":"Knjiga Ljubu\u0161aka Bo\u017ee Skoke okupila znanstvenu, komunikacijsku i diplomatsku elitu u Zagrebu - RADIO LJUBU\u0160KI","isPartOf":{"@id":"https:\/\/radioljubuski.ba\/#website"},"primaryImageOfPage":{"@id":"https:\/\/radioljubuski.ba\/index.php\/2022\/02\/16\/knjiga-ljubusaka-boze-skoke-okupila-znanstvenu-komunikacijsku-i-diplomatsku-elitu-u-zagrebu\/#primaryimage"},"image":{"@id":"https:\/\/radioljubuski.ba\/index.php\/2022\/02\/16\/knjiga-ljubusaka-boze-skoke-okupila-znanstvenu-komunikacijsku-i-diplomatsku-elitu-u-zagrebu\/#primaryimage"},"thumbnailUrl":"https:\/\/radioljubuski.ba\/wp-content\/uploads\/2022\/02\/skoko.jpeg","datePublished":"2022-02-16T07:22:23+00:00","dateModified":"2022-02-16T07:22:24+00:00","breadcrumb":{"@id":"https:\/\/radioljubuski.ba\/index.php\/2022\/02\/16\/knjiga-ljubusaka-boze-skoke-okupila-znanstvenu-komunikacijsku-i-diplomatsku-elitu-u-zagrebu\/#breadcrumb"},"inLanguage":"hr","potentialAction":[{"@type":"ReadAction","target":["https:\/\/radioljubuski.ba\/index.php\/2022\/02\/16\/knjiga-ljubusaka-boze-skoke-okupila-znanstvenu-komunikacijsku-i-diplomatsku-elitu-u-zagrebu\/"]}]},{"@type":"ImageObject","inLanguage":"hr","@id":"https:\/\/radioljubuski.ba\/index.php\/2022\/02\/16\/knjiga-ljubusaka-boze-skoke-okupila-znanstvenu-komunikacijsku-i-diplomatsku-elitu-u-zagrebu\/#primaryimage","url":"https:\/\/radioljubuski.ba\/wp-content\/uploads\/2022\/02\/skoko.jpeg","contentUrl":"https:\/\/radioljubuski.ba\/wp-content\/uploads\/2022\/02\/skoko.jpeg","width":809,"height":540},{"@type":"BreadcrumbList","@id":"https:\/\/radioljubuski.ba\/index.php\/2022\/02\/16\/knjiga-ljubusaka-boze-skoke-okupila-znanstvenu-komunikacijsku-i-diplomatsku-elitu-u-zagrebu\/#breadcrumb","itemListElement":[{"@type":"ListItem","position":1,"name":"Po\u010detna stranica","item":"https:\/\/radioljubuski.ba\/"},{"@type":"ListItem","position":2,"name":"Knjiga Ljubu\u0161aka Bo\u017ee Skoke okupila znanstvenu, komunikacijsku i diplomatsku elitu u Zagrebu"}]},{"@type":"WebSite","@id":"https:\/\/radioljubuski.ba\/#website","url":"https:\/\/radioljubuski.ba\/","name":"Radio Ljubu\u0161ki","description":"Sun\u010dana frekvencija Hercegovine","publisher":{"@id":"https:\/\/radioljubuski.ba\/#organization"},"potentialAction":[{"@type":"SearchAction","target":{"@type":"EntryPoint","urlTemplate":"https:\/\/radioljubuski.ba\/?s={search_term_string}"},"query-input":{"@type":"PropertyValueSpecification","valueRequired":true,"valueName":"search_term_string"}}],"inLanguage":"hr"},{"@type":"Organization","@id":"https:\/\/radioljubuski.ba\/#organization","name":"Radio Ljubu\u0161ki","url":"https:\/\/radioljubuski.ba\/","logo":{"@type":"ImageObject","inLanguage":"hr","@id":"https:\/\/radioljubuski.ba\/#\/schema\/logo\/image\/","url":"https:\/\/radioljubuski.ba\/wp-content\/uploads\/2021\/02\/cropped-Radio_Ljubuski_logo1.jpg","contentUrl":"https:\/\/radioljubuski.ba\/wp-content\/uploads\/2021\/02\/cropped-Radio_Ljubuski_logo1.jpg","width":512,"height":512,"caption":"Radio Ljubu\u0161ki"},"image":{"@id":"https:\/\/radioljubuski.ba\/#\/schema\/logo\/image\/"},"sameAs":["https:\/\/www.facebook.com\/Radiio-Ljubuski-1490835324566332","https:\/\/x.com\/radioljubuski","https:\/\/hr.linkedin.com\/company\/radio-ljubuski","https:\/\/www.youtube.com\/channel\/UCHYaeO_n0Db3tjNGudGpXyw"]},{"@type":"Person","@id":"https:\/\/radioljubuski.ba\/#\/schema\/person\/19fc700381a780f69665d7956c469e3b","name":"Radio Ljubu\u0161ki"}]}},"_links":{"self":[{"href":"https:\/\/radioljubuski.ba\/index.php\/wp-json\/wp\/v2\/posts\/113759","targetHints":{"allow":["GET"]}}],"collection":[{"href":"https:\/\/radioljubuski.ba\/index.php\/wp-json\/wp\/v2\/posts"}],"about":[{"href":"https:\/\/radioljubuski.ba\/index.php\/wp-json\/wp\/v2\/types\/post"}],"author":[{"embeddable":true,"href":"https:\/\/radioljubuski.ba\/index.php\/wp-json\/wp\/v2\/users\/2"}],"replies":[{"embeddable":true,"href":"https:\/\/radioljubuski.ba\/index.php\/wp-json\/wp\/v2\/comments?post=113759"}],"version-history":[{"count":1,"href":"https:\/\/radioljubuski.ba\/index.php\/wp-json\/wp\/v2\/posts\/113759\/revisions"}],"predecessor-version":[{"id":113761,"href":"https:\/\/radioljubuski.ba\/index.php\/wp-json\/wp\/v2\/posts\/113759\/revisions\/113761"}],"wp:featuredmedia":[{"embeddable":true,"href":"https:\/\/radioljubuski.ba\/index.php\/wp-json\/wp\/v2\/media\/113760"}],"wp:attachment":[{"href":"https:\/\/radioljubuski.ba\/index.php\/wp-json\/wp\/v2\/media?parent=113759"}],"wp:term":[{"taxonomy":"category","embeddable":true,"href":"https:\/\/radioljubuski.ba\/index.php\/wp-json\/wp\/v2\/categories?post=113759"},{"taxonomy":"post_tag","embeddable":true,"href":"https:\/\/radioljubuski.ba\/index.php\/wp-json\/wp\/v2\/tags?post=113759"}],"curies":[{"name":"wp","href":"https:\/\/api.w.org\/{rel}","templated":true}]}}