{"id":113767,"date":"2022-02-16T09:02:03","date_gmt":"2022-02-16T08:02:03","guid":{"rendered":"https:\/\/radioljubuski.ba\/?p=113767"},"modified":"2022-02-17T08:58:30","modified_gmt":"2022-02-17T07:58:30","slug":"hkud-antas-mucic-ljubuski-ide-na-55-sokacko-sijelo","status":"publish","type":"post","link":"https:\/\/radioljubuski.ba\/index.php\/2022\/02\/16\/hkud-antas-mucic-ljubuski-ide-na-55-sokacko-sijelo\/","title":{"rendered":"HKUD Antas Muci\u0107 Ljubu\u0161ki ide na 55. \u0160oka\u010dko sijelo"},"content":{"rendered":"\n<p>HKUD \u201eAntas Muci\u0107\u201c iz Ljubu\u0161kog ovoga tjedna putuje u Slavoniju gdje \u0107e nastupiti na 55. \u0160oka\u010dkom sijelu u \u017dupanji.<\/p>\n\n\n\n<p>Na ovoj, jednoj od najstarijih manifestacija tradicijske kulture u Hrvatskoj, Ljubu\u0161aci \u0107e se predstaviti ve\u0107 u petak, 18. velja\u010de, gdje \u0107e sudjelovati na Glazbenoj radionici tradicijskih glazbala.<\/p>\n\n\n\n<p>U subotu \u0107e sudjelovati na otvaranju sajma \u201eZlatne niti\u201c gdje \u0107e se na trgu Kralja Tomislava u \u017dupanji predstaviti bogatom gastro ponudom na\u0161eg kraja. U subotu nave\u010der \u0107e sudjelovati na folklornoj ve\u010deri uz niz drugih kulturno-umjetni\u010dkih dru\u0161tava.<\/p>\n\n\n\n<p>Svoj nastup u \u017dupanji zaokru\u017eiti \u0107e u nedjelju na glavnom gradskom trgu gdje \u0107e sudjelovati na sajmu \u201eZlatne niti\u201c.<\/p>\n\n\n\n<p>Iz HKUD-a \u201eAntas Muci\u0107\u201c zahvaljuju se gradona\u010delniku Grada Ljubu\u0161kog gosp. Vedranu Markoti\u0107u, kao i ministru financija u Vladi \u017dupanije Zapadno-hercegova\u010dke gosp. Toniju Kraljevi\u0107u na svesrdnoj pomo\u0107i u organizaciji odlaska u Slavoniju gdje \u0107e promovirati Grad Ljubu\u0161ki i na\u0161u \u017eupaniju.<\/p>\n\n\n\n<p>Tako\u0111er, iz HKUD-a zahvaljuju i sponzorima \u010diji \u0107e se proizvodi na\u0107i na \u0161tandu dru\u0161tva; Vinarija Ke\u017ea, Podrum Begi\u0107, Podrum Tolj, Vinarija Petrus, Ekofilm Ljubu\u0161ki i Svadbeni salon Ohio.<\/p>\n\n\n\n<p>I ovim putem iz Uprave dru\u0161tva pozivaju sve one koji vole tradicijske pjesme i plesove da se mogu priklju\u010diti radu dru\u0161tva svakog ponedjeljka od 1.3.2022. u Osnovnoj \u0161koli Marka Maruli\u0107a u 20 sati.<\/p>\n\n\n\n<p>Svi su dobrodo\u0161li!<\/p>\n","protected":false},"excerpt":{"rendered":"<p>HKUD \u201eAntas Muci\u0107\u201c iz Ljubu\u0161kog ovoga tjedna putuje u Slavoniju gdje \u0107e nastupiti na 55. \u0160oka\u010dkom sijelu u \u017dupanji. Na ovoj, jednoj od najstarijih manifestacija tradicijske kulture u Hrvatskoj, Ljubu\u0161aci \u0107e se predstaviti ve\u0107 u petak, 18. velja\u010de, gdje \u0107e sudjelovati na Glazbenoj radionici tradicijskih glazbala. U subotu \u0107e sudjelovati na otvaranju sajma \u201eZlatne niti\u201c [&hellip;]<\/p>\n","protected":false},"author":2,"featured_media":113768,"comment_status":"closed","ping_status":"closed","sticky":false,"template":"","format":"standard","meta":{"h5ap_radio_sources":[],"footnotes":""},"categories":[3],"tags":[],"class_list":["post-113767","post","type-post","status-publish","format-standard","has-post-thumbnail","hentry","category-ljubuski"],"yoast_head":"<!-- This site is optimized with the Yoast SEO plugin v27.4 - https:\/\/yoast.com\/product\/yoast-seo-wordpress\/ -->\n<title>HKUD Antas Muci\u0107 Ljubu\u0161ki ide na 55. \u0160oka\u010dko sijelo - RADIO LJUBU\u0160KI<\/title>\n<meta name=\"robots\" content=\"index, follow, max-snippet:-1, max-image-preview:large, max-video-preview:-1\" \/>\n<link rel=\"canonical\" href=\"https:\/\/radioljubuski.ba\/index.php\/2022\/02\/16\/hkud-antas-mucic-ljubuski-ide-na-55-sokacko-sijelo\/\" \/>\n<meta property=\"og:locale\" content=\"hr_HR\" \/>\n<meta property=\"og:type\" content=\"article\" \/>\n<meta property=\"og:title\" content=\"HKUD Antas Muci\u0107 Ljubu\u0161ki ide na 55. \u0160oka\u010dko sijelo - RADIO LJUBU\u0160KI\" \/>\n<meta property=\"og:description\" content=\"HKUD \u201eAntas Muci\u0107\u201c iz Ljubu\u0161kog ovoga tjedna putuje u Slavoniju gdje \u0107e nastupiti na 55. \u0160oka\u010dkom sijelu u \u017dupanji. Na ovoj, jednoj od najstarijih manifestacija tradicijske kulture u Hrvatskoj, Ljubu\u0161aci \u0107e se predstaviti ve\u0107 u petak, 18. velja\u010de, gdje \u0107e sudjelovati na Glazbenoj radionici tradicijskih glazbala. U subotu \u0107e sudjelovati na otvaranju sajma \u201eZlatne niti\u201c [&hellip;]\" \/>\n<meta property=\"og:url\" content=\"https:\/\/radioljubuski.ba\/index.php\/2022\/02\/16\/hkud-antas-mucic-ljubuski-ide-na-55-sokacko-sijelo\/\" \/>\n<meta property=\"og:site_name\" content=\"RADIO LJUBU\u0160KI\" \/>\n<meta property=\"article:publisher\" content=\"https:\/\/www.facebook.com\/Radiio-Ljubuski-1490835324566332\" \/>\n<meta property=\"article:published_time\" content=\"2022-02-16T08:02:03+00:00\" \/>\n<meta property=\"article:modified_time\" content=\"2022-02-17T07:58:30+00:00\" \/>\n<meta property=\"og:image\" content=\"https:\/\/radioljubuski.ba\/wp-content\/uploads\/2022\/02\/hkud.jpg\" \/>\n\t<meta property=\"og:image:width\" content=\"720\" \/>\n\t<meta property=\"og:image:height\" content=\"403\" \/>\n\t<meta property=\"og:image:type\" content=\"image\/jpeg\" \/>\n<meta name=\"author\" content=\"Radio Ljubu\u0161ki\" \/>\n<meta name=\"twitter:card\" content=\"summary_large_image\" \/>\n<meta name=\"twitter:creator\" content=\"@radioljubuski\" \/>\n<meta name=\"twitter:site\" content=\"@radioljubuski\" \/>\n<meta name=\"twitter:label1\" content=\"Napisao\/la\" \/>\n\t<meta name=\"twitter:data1\" content=\"Radio Ljubu\u0161ki\" \/>\n\t<meta name=\"twitter:label2\" content=\"Procijenjeno vrijeme \u010ditanja\" \/>\n\t<meta name=\"twitter:data2\" content=\"1 minuta\" \/>\n<script type=\"application\/ld+json\" class=\"yoast-schema-graph\">{\"@context\":\"https:\\\/\\\/schema.org\",\"@graph\":[{\"@type\":\"Article\",\"@id\":\"https:\\\/\\\/radioljubuski.ba\\\/index.php\\\/2022\\\/02\\\/16\\\/hkud-antas-mucic-ljubuski-ide-na-55-sokacko-sijelo\\\/#article\",\"isPartOf\":{\"@id\":\"https:\\\/\\\/radioljubuski.ba\\\/index.php\\\/2022\\\/02\\\/16\\\/hkud-antas-mucic-ljubuski-ide-na-55-sokacko-sijelo\\\/\"},\"author\":{\"name\":\"Radio Ljubu\u0161ki\",\"@id\":\"https:\\\/\\\/radioljubuski.ba\\\/#\\\/schema\\\/person\\\/19fc700381a780f69665d7956c469e3b\"},\"headline\":\"HKUD Antas Muci\u0107 Ljubu\u0161ki ide na 55. \u0160oka\u010dko sijelo\",\"datePublished\":\"2022-02-16T08:02:03+00:00\",\"dateModified\":\"2022-02-17T07:58:30+00:00\",\"mainEntityOfPage\":{\"@id\":\"https:\\\/\\\/radioljubuski.ba\\\/index.php\\\/2022\\\/02\\\/16\\\/hkud-antas-mucic-ljubuski-ide-na-55-sokacko-sijelo\\\/\"},\"wordCount\":239,\"publisher\":{\"@id\":\"https:\\\/\\\/radioljubuski.ba\\\/#organization\"},\"image\":{\"@id\":\"https:\\\/\\\/radioljubuski.ba\\\/index.php\\\/2022\\\/02\\\/16\\\/hkud-antas-mucic-ljubuski-ide-na-55-sokacko-sijelo\\\/#primaryimage\"},\"thumbnailUrl\":\"https:\\\/\\\/radioljubuski.ba\\\/wp-content\\\/uploads\\\/2022\\\/02\\\/hkud.jpg\",\"articleSection\":[\"Ljubu\u0161ki\"],\"inLanguage\":\"hr\"},{\"@type\":\"WebPage\",\"@id\":\"https:\\\/\\\/radioljubuski.ba\\\/index.php\\\/2022\\\/02\\\/16\\\/hkud-antas-mucic-ljubuski-ide-na-55-sokacko-sijelo\\\/\",\"url\":\"https:\\\/\\\/radioljubuski.ba\\\/index.php\\\/2022\\\/02\\\/16\\\/hkud-antas-mucic-ljubuski-ide-na-55-sokacko-sijelo\\\/\",\"name\":\"HKUD Antas Muci\u0107 Ljubu\u0161ki ide na 55. \u0160oka\u010dko sijelo - RADIO LJUBU\u0160KI\",\"isPartOf\":{\"@id\":\"https:\\\/\\\/radioljubuski.ba\\\/#website\"},\"primaryImageOfPage\":{\"@id\":\"https:\\\/\\\/radioljubuski.ba\\\/index.php\\\/2022\\\/02\\\/16\\\/hkud-antas-mucic-ljubuski-ide-na-55-sokacko-sijelo\\\/#primaryimage\"},\"image\":{\"@id\":\"https:\\\/\\\/radioljubuski.ba\\\/index.php\\\/2022\\\/02\\\/16\\\/hkud-antas-mucic-ljubuski-ide-na-55-sokacko-sijelo\\\/#primaryimage\"},\"thumbnailUrl\":\"https:\\\/\\\/radioljubuski.ba\\\/wp-content\\\/uploads\\\/2022\\\/02\\\/hkud.jpg\",\"datePublished\":\"2022-02-16T08:02:03+00:00\",\"dateModified\":\"2022-02-17T07:58:30+00:00\",\"breadcrumb\":{\"@id\":\"https:\\\/\\\/radioljubuski.ba\\\/index.php\\\/2022\\\/02\\\/16\\\/hkud-antas-mucic-ljubuski-ide-na-55-sokacko-sijelo\\\/#breadcrumb\"},\"inLanguage\":\"hr\",\"potentialAction\":[{\"@type\":\"ReadAction\",\"target\":[\"https:\\\/\\\/radioljubuski.ba\\\/index.php\\\/2022\\\/02\\\/16\\\/hkud-antas-mucic-ljubuski-ide-na-55-sokacko-sijelo\\\/\"]}]},{\"@type\":\"ImageObject\",\"inLanguage\":\"hr\",\"@id\":\"https:\\\/\\\/radioljubuski.ba\\\/index.php\\\/2022\\\/02\\\/16\\\/hkud-antas-mucic-ljubuski-ide-na-55-sokacko-sijelo\\\/#primaryimage\",\"url\":\"https:\\\/\\\/radioljubuski.ba\\\/wp-content\\\/uploads\\\/2022\\\/02\\\/hkud.jpg\",\"contentUrl\":\"https:\\\/\\\/radioljubuski.ba\\\/wp-content\\\/uploads\\\/2022\\\/02\\\/hkud.jpg\",\"width\":720,\"height\":403},{\"@type\":\"BreadcrumbList\",\"@id\":\"https:\\\/\\\/radioljubuski.ba\\\/index.php\\\/2022\\\/02\\\/16\\\/hkud-antas-mucic-ljubuski-ide-na-55-sokacko-sijelo\\\/#breadcrumb\",\"itemListElement\":[{\"@type\":\"ListItem\",\"position\":1,\"name\":\"Po\u010detna stranica\",\"item\":\"https:\\\/\\\/radioljubuski.ba\\\/\"},{\"@type\":\"ListItem\",\"position\":2,\"name\":\"HKUD Antas Muci\u0107 Ljubu\u0161ki ide na 55. \u0160oka\u010dko sijelo\"}]},{\"@type\":\"WebSite\",\"@id\":\"https:\\\/\\\/radioljubuski.ba\\\/#website\",\"url\":\"https:\\\/\\\/radioljubuski.ba\\\/\",\"name\":\"Radio Ljubu\u0161ki\",\"description\":\"Sun\u010dana frekvencija Hercegovine\",\"publisher\":{\"@id\":\"https:\\\/\\\/radioljubuski.ba\\\/#organization\"},\"potentialAction\":[{\"@type\":\"SearchAction\",\"target\":{\"@type\":\"EntryPoint\",\"urlTemplate\":\"https:\\\/\\\/radioljubuski.ba\\\/?s={search_term_string}\"},\"query-input\":{\"@type\":\"PropertyValueSpecification\",\"valueRequired\":true,\"valueName\":\"search_term_string\"}}],\"inLanguage\":\"hr\"},{\"@type\":\"Organization\",\"@id\":\"https:\\\/\\\/radioljubuski.ba\\\/#organization\",\"name\":\"Radio Ljubu\u0161ki\",\"url\":\"https:\\\/\\\/radioljubuski.ba\\\/\",\"logo\":{\"@type\":\"ImageObject\",\"inLanguage\":\"hr\",\"@id\":\"https:\\\/\\\/radioljubuski.ba\\\/#\\\/schema\\\/logo\\\/image\\\/\",\"url\":\"https:\\\/\\\/radioljubuski.ba\\\/wp-content\\\/uploads\\\/2021\\\/02\\\/cropped-Radio_Ljubuski_logo1.jpg\",\"contentUrl\":\"https:\\\/\\\/radioljubuski.ba\\\/wp-content\\\/uploads\\\/2021\\\/02\\\/cropped-Radio_Ljubuski_logo1.jpg\",\"width\":512,\"height\":512,\"caption\":\"Radio Ljubu\u0161ki\"},\"image\":{\"@id\":\"https:\\\/\\\/radioljubuski.ba\\\/#\\\/schema\\\/logo\\\/image\\\/\"},\"sameAs\":[\"https:\\\/\\\/www.facebook.com\\\/Radiio-Ljubuski-1490835324566332\",\"https:\\\/\\\/x.com\\\/radioljubuski\",\"https:\\\/\\\/hr.linkedin.com\\\/company\\\/radio-ljubuski\",\"https:\\\/\\\/www.youtube.com\\\/channel\\\/UCHYaeO_n0Db3tjNGudGpXyw\"]},{\"@type\":\"Person\",\"@id\":\"https:\\\/\\\/radioljubuski.ba\\\/#\\\/schema\\\/person\\\/19fc700381a780f69665d7956c469e3b\",\"name\":\"Radio Ljubu\u0161ki\"}]}<\/script>\n<!-- \/ Yoast SEO plugin. -->","yoast_head_json":{"title":"HKUD Antas Muci\u0107 Ljubu\u0161ki ide na 55. \u0160oka\u010dko sijelo - RADIO LJUBU\u0160KI","robots":{"index":"index","follow":"follow","max-snippet":"max-snippet:-1","max-image-preview":"max-image-preview:large","max-video-preview":"max-video-preview:-1"},"canonical":"https:\/\/radioljubuski.ba\/index.php\/2022\/02\/16\/hkud-antas-mucic-ljubuski-ide-na-55-sokacko-sijelo\/","og_locale":"hr_HR","og_type":"article","og_title":"HKUD Antas Muci\u0107 Ljubu\u0161ki ide na 55. \u0160oka\u010dko sijelo - RADIO LJUBU\u0160KI","og_description":"HKUD \u201eAntas Muci\u0107\u201c iz Ljubu\u0161kog ovoga tjedna putuje u Slavoniju gdje \u0107e nastupiti na 55. \u0160oka\u010dkom sijelu u \u017dupanji. Na ovoj, jednoj od najstarijih manifestacija tradicijske kulture u Hrvatskoj, Ljubu\u0161aci \u0107e se predstaviti ve\u0107 u petak, 18. velja\u010de, gdje \u0107e sudjelovati na Glazbenoj radionici tradicijskih glazbala. U subotu \u0107e sudjelovati na otvaranju sajma \u201eZlatne niti\u201c [&hellip;]","og_url":"https:\/\/radioljubuski.ba\/index.php\/2022\/02\/16\/hkud-antas-mucic-ljubuski-ide-na-55-sokacko-sijelo\/","og_site_name":"RADIO LJUBU\u0160KI","article_publisher":"https:\/\/www.facebook.com\/Radiio-Ljubuski-1490835324566332","article_published_time":"2022-02-16T08:02:03+00:00","article_modified_time":"2022-02-17T07:58:30+00:00","og_image":[{"width":720,"height":403,"url":"https:\/\/radioljubuski.ba\/wp-content\/uploads\/2022\/02\/hkud.jpg","type":"image\/jpeg"}],"author":"Radio Ljubu\u0161ki","twitter_card":"summary_large_image","twitter_creator":"@radioljubuski","twitter_site":"@radioljubuski","twitter_misc":{"Napisao\/la":"Radio Ljubu\u0161ki","Procijenjeno vrijeme \u010ditanja":"1 minuta"},"schema":{"@context":"https:\/\/schema.org","@graph":[{"@type":"Article","@id":"https:\/\/radioljubuski.ba\/index.php\/2022\/02\/16\/hkud-antas-mucic-ljubuski-ide-na-55-sokacko-sijelo\/#article","isPartOf":{"@id":"https:\/\/radioljubuski.ba\/index.php\/2022\/02\/16\/hkud-antas-mucic-ljubuski-ide-na-55-sokacko-sijelo\/"},"author":{"name":"Radio Ljubu\u0161ki","@id":"https:\/\/radioljubuski.ba\/#\/schema\/person\/19fc700381a780f69665d7956c469e3b"},"headline":"HKUD Antas Muci\u0107 Ljubu\u0161ki ide na 55. \u0160oka\u010dko sijelo","datePublished":"2022-02-16T08:02:03+00:00","dateModified":"2022-02-17T07:58:30+00:00","mainEntityOfPage":{"@id":"https:\/\/radioljubuski.ba\/index.php\/2022\/02\/16\/hkud-antas-mucic-ljubuski-ide-na-55-sokacko-sijelo\/"},"wordCount":239,"publisher":{"@id":"https:\/\/radioljubuski.ba\/#organization"},"image":{"@id":"https:\/\/radioljubuski.ba\/index.php\/2022\/02\/16\/hkud-antas-mucic-ljubuski-ide-na-55-sokacko-sijelo\/#primaryimage"},"thumbnailUrl":"https:\/\/radioljubuski.ba\/wp-content\/uploads\/2022\/02\/hkud.jpg","articleSection":["Ljubu\u0161ki"],"inLanguage":"hr"},{"@type":"WebPage","@id":"https:\/\/radioljubuski.ba\/index.php\/2022\/02\/16\/hkud-antas-mucic-ljubuski-ide-na-55-sokacko-sijelo\/","url":"https:\/\/radioljubuski.ba\/index.php\/2022\/02\/16\/hkud-antas-mucic-ljubuski-ide-na-55-sokacko-sijelo\/","name":"HKUD Antas Muci\u0107 Ljubu\u0161ki ide na 55. \u0160oka\u010dko sijelo - RADIO LJUBU\u0160KI","isPartOf":{"@id":"https:\/\/radioljubuski.ba\/#website"},"primaryImageOfPage":{"@id":"https:\/\/radioljubuski.ba\/index.php\/2022\/02\/16\/hkud-antas-mucic-ljubuski-ide-na-55-sokacko-sijelo\/#primaryimage"},"image":{"@id":"https:\/\/radioljubuski.ba\/index.php\/2022\/02\/16\/hkud-antas-mucic-ljubuski-ide-na-55-sokacko-sijelo\/#primaryimage"},"thumbnailUrl":"https:\/\/radioljubuski.ba\/wp-content\/uploads\/2022\/02\/hkud.jpg","datePublished":"2022-02-16T08:02:03+00:00","dateModified":"2022-02-17T07:58:30+00:00","breadcrumb":{"@id":"https:\/\/radioljubuski.ba\/index.php\/2022\/02\/16\/hkud-antas-mucic-ljubuski-ide-na-55-sokacko-sijelo\/#breadcrumb"},"inLanguage":"hr","potentialAction":[{"@type":"ReadAction","target":["https:\/\/radioljubuski.ba\/index.php\/2022\/02\/16\/hkud-antas-mucic-ljubuski-ide-na-55-sokacko-sijelo\/"]}]},{"@type":"ImageObject","inLanguage":"hr","@id":"https:\/\/radioljubuski.ba\/index.php\/2022\/02\/16\/hkud-antas-mucic-ljubuski-ide-na-55-sokacko-sijelo\/#primaryimage","url":"https:\/\/radioljubuski.ba\/wp-content\/uploads\/2022\/02\/hkud.jpg","contentUrl":"https:\/\/radioljubuski.ba\/wp-content\/uploads\/2022\/02\/hkud.jpg","width":720,"height":403},{"@type":"BreadcrumbList","@id":"https:\/\/radioljubuski.ba\/index.php\/2022\/02\/16\/hkud-antas-mucic-ljubuski-ide-na-55-sokacko-sijelo\/#breadcrumb","itemListElement":[{"@type":"ListItem","position":1,"name":"Po\u010detna stranica","item":"https:\/\/radioljubuski.ba\/"},{"@type":"ListItem","position":2,"name":"HKUD Antas Muci\u0107 Ljubu\u0161ki ide na 55. \u0160oka\u010dko sijelo"}]},{"@type":"WebSite","@id":"https:\/\/radioljubuski.ba\/#website","url":"https:\/\/radioljubuski.ba\/","name":"Radio Ljubu\u0161ki","description":"Sun\u010dana frekvencija Hercegovine","publisher":{"@id":"https:\/\/radioljubuski.ba\/#organization"},"potentialAction":[{"@type":"SearchAction","target":{"@type":"EntryPoint","urlTemplate":"https:\/\/radioljubuski.ba\/?s={search_term_string}"},"query-input":{"@type":"PropertyValueSpecification","valueRequired":true,"valueName":"search_term_string"}}],"inLanguage":"hr"},{"@type":"Organization","@id":"https:\/\/radioljubuski.ba\/#organization","name":"Radio Ljubu\u0161ki","url":"https:\/\/radioljubuski.ba\/","logo":{"@type":"ImageObject","inLanguage":"hr","@id":"https:\/\/radioljubuski.ba\/#\/schema\/logo\/image\/","url":"https:\/\/radioljubuski.ba\/wp-content\/uploads\/2021\/02\/cropped-Radio_Ljubuski_logo1.jpg","contentUrl":"https:\/\/radioljubuski.ba\/wp-content\/uploads\/2021\/02\/cropped-Radio_Ljubuski_logo1.jpg","width":512,"height":512,"caption":"Radio Ljubu\u0161ki"},"image":{"@id":"https:\/\/radioljubuski.ba\/#\/schema\/logo\/image\/"},"sameAs":["https:\/\/www.facebook.com\/Radiio-Ljubuski-1490835324566332","https:\/\/x.com\/radioljubuski","https:\/\/hr.linkedin.com\/company\/radio-ljubuski","https:\/\/www.youtube.com\/channel\/UCHYaeO_n0Db3tjNGudGpXyw"]},{"@type":"Person","@id":"https:\/\/radioljubuski.ba\/#\/schema\/person\/19fc700381a780f69665d7956c469e3b","name":"Radio Ljubu\u0161ki"}]}},"_links":{"self":[{"href":"https:\/\/radioljubuski.ba\/index.php\/wp-json\/wp\/v2\/posts\/113767","targetHints":{"allow":["GET"]}}],"collection":[{"href":"https:\/\/radioljubuski.ba\/index.php\/wp-json\/wp\/v2\/posts"}],"about":[{"href":"https:\/\/radioljubuski.ba\/index.php\/wp-json\/wp\/v2\/types\/post"}],"author":[{"embeddable":true,"href":"https:\/\/radioljubuski.ba\/index.php\/wp-json\/wp\/v2\/users\/2"}],"replies":[{"embeddable":true,"href":"https:\/\/radioljubuski.ba\/index.php\/wp-json\/wp\/v2\/comments?post=113767"}],"version-history":[{"count":1,"href":"https:\/\/radioljubuski.ba\/index.php\/wp-json\/wp\/v2\/posts\/113767\/revisions"}],"predecessor-version":[{"id":113769,"href":"https:\/\/radioljubuski.ba\/index.php\/wp-json\/wp\/v2\/posts\/113767\/revisions\/113769"}],"wp:featuredmedia":[{"embeddable":true,"href":"https:\/\/radioljubuski.ba\/index.php\/wp-json\/wp\/v2\/media\/113768"}],"wp:attachment":[{"href":"https:\/\/radioljubuski.ba\/index.php\/wp-json\/wp\/v2\/media?parent=113767"}],"wp:term":[{"taxonomy":"category","embeddable":true,"href":"https:\/\/radioljubuski.ba\/index.php\/wp-json\/wp\/v2\/categories?post=113767"},{"taxonomy":"post_tag","embeddable":true,"href":"https:\/\/radioljubuski.ba\/index.php\/wp-json\/wp\/v2\/tags?post=113767"}],"curies":[{"name":"wp","href":"https:\/\/api.w.org\/{rel}","templated":true}]}}