{"id":114114,"date":"2022-02-17T08:41:16","date_gmt":"2022-02-17T07:41:16","guid":{"rendered":"https:\/\/radioljubuski.ba\/?p=114114"},"modified":"2022-02-17T08:41:16","modified_gmt":"2022-02-17T07:41:16","slug":"ljubusanka-sudjeluje-u-novoj-sezoni-showa-ples-sa-zvijezdama","status":"publish","type":"post","link":"https:\/\/radioljubuski.ba\/index.php\/2022\/02\/17\/ljubusanka-sudjeluje-u-novoj-sezoni-showa-ples-sa-zvijezdama\/","title":{"rendered":"Ljubu\u0161anka sudjeluje u novoj sezoni showa \u201cPles sa zvijezdama\u201d"},"content":{"rendered":"\n<p><strong>Poznatu slasti\u010darku Ivanu \u010culjak Lo\u0161i\u0107 iz Ljubu\u0161kog, hrvatska publika je imala priliku upoznati u showu\u201dMasterChef\u201d, u kojem je pokazala zavidne kulinarske vje\u0161tine, a sada \u0107e im se predstaviti u sasvim novom svjetlu.&nbsp;<\/strong><\/p>\n\n\n\n<p>Naime, Ivana \u0107e biti jedna od natjecateljica showa\u201cPles sa zvijezdama\u201d, koji se uskoro vra\u0107a na male ekrane, a simpati\u010dna slasti\u010darka i poduzetnica ne krije koliko je zaljubljena u ples u svakodnevnom \u017eivotu.<\/p>\n\n\n\n<p>&#8220;Volim se baviti fizi\u010dkom aktivno\u0161\u0107u, tako da je ples, osim vje\u017ebe, za mene i na\u010din izra\u017eavanja emocija. Ritam glazbe me \u010dini sretnom, pa mi ples poma\u017ee da se isklju\u010dim iz svakodnevice, koja ponekad nije laka, i odmorim misli&#8221;, priznala je Ivana za Dnevnik.hr.\u00a0<\/p>\n\n\n\n<p>Otkrila je i koji je to plesni stil za koji misli da joj ide najbolje, ali i kojeg se najvi\u0161e pribojava.\u00a0<\/p>\n\n\n\n<p>&#8220;Mo\u017eda latinoameri\u010dki plesovi? Oni mi najbolje pristaju, prpo\u0161ni su, zaigrani i dinami\u010dni. Ne pribojavam se niti jednog stila, sigurno \u0107e neki biti zahtjevniji od drugih, ali sve se mo\u017ee nau\u010diti.&#8221;\u00a0<\/p>\n\n\n\n<p>Ivana ve\u0107 ima tajni adut za prolaz u daljnje natjecanje, a rekla je i \u0161to o\u010dekuje od plesnog partnera i natjecanja.\u00a0<\/p>\n\n\n\n<p>&#8220;Moj plesni partner je moj najsna\u017eniji adut. Bio je devet puta dr\u017eavni prvak, a to nije mala stvar. O\u010dekujem puno zabave, usavr\u0161avanje plesnih vje\u0161tina i ru\u0161enje osobnih granica&#8221;, izjavila je Ivana.\u00a0<\/p>\n\n\n\n<p>Osim kuhanja i pripremanja slastica, njezina velika ljubav su i putovanja. Jedno od posljednjih na kojem je bila je ono u Jordan, a posjetila je i Meksiko. <\/p>\n\n\n\n<p>&#8220;Evo koju bi destinaciju izdvojila kao najdra\u017eu i preporu\u010dila je drugima.\u00a0Mislim da svi ve\u0107 znaju da je Meksiko moja druga domovina i uvijek \u0107u ga preporu\u010diti onima koji se upu\u0107uju u prekooceanske avanture, ali ako se radi o nekim bli\u017eim destinacijama kojima se rado vra\u0107am, to su Rim i Pariz&#8221;, poru\u010dila je Ivana.\u00a0<\/p>\n\n\n\n<p>Na Instagramu je prati vi\u0161e od 10 tisu\u0107a ljudi i mnogima je uzor. Kako to do\u017eivljava i javljaju li joj se ljudi svakodnevno u inbox?\u00a0<\/p>\n\n\n\n<p>&#8220;Zbilja je kompliment \u010duti da sam nekom uzor. Drago mi je da je moj rad prepoznat i cijenjen i da sam mo\u017eda inspiracija drugima. Trudim se odgovorno shva\u0107ati tu ulogu i nastojim svima odgovoriti na komentar, pitanje, pa \u010dak i kritiku&#8221;, priznala je.\u00a0<\/p>\n\n\n\n<p>Ivana je otkrila i koji je najve\u0107i kompliment koji je dobila u \u017eivotu.\u00a0<\/p>\n\n\n\n<p>&#8220;Volim kada ljudi prepoznaju moj smisao za humor.&#8221;\u00a0<\/p>\n\n\n\n<p>Ivana danas uspje\u0161no vodi vlastitu slasti\u010darnicu u Zagrebu, no je li od malih nogu znala da \u0107e jednog dana tako zavr\u0161iti i koliko je hrabrosti za to bilo potrebno?\u00a0<\/p>\n\n\n\n<p>&#8220;Oduvijek sam voljela kuhanje i pripremu slastica, ali tek nakon MasterChefa sam shvatila da je to moj poziv i da to \u017eelim raditi. Bio je to dug i te\u017eak put, proces koji zahtijeva puno strpljenja i odricanja, ali danas znam da je sve bilo vrijedno toga&#8221;, priznala nam je Ivana.\u00a0<\/p>\n\n\n\n<p>Na dru\u0161tvenim mre\u017eama ne otkriva puno detalja iz privatnog \u017eivota, ali ono \u0161to mnoge zanima je postoji li neki poseban mu\u0161karac u njezinu \u017eivotu.\u00a0Neka to ostane, poput mojih recepata, jo\u0161 jedna slatka tajna, zaklju\u010dila je za kraj.<\/p>\n\n\n\n<p><strong>Izvor: Iks-portal.info<\/strong><\/p>\n","protected":false},"excerpt":{"rendered":"<p>Poznatu slasti\u010darku Ivanu \u010culjak Lo\u0161i\u0107 iz Ljubu\u0161kog, hrvatska publika je imala priliku upoznati u showu\u201dMasterChef\u201d, u kojem je pokazala zavidne kulinarske vje\u0161tine, a sada \u0107e im se predstaviti u sasvim novom svjetlu.&nbsp; Naime, Ivana \u0107e biti jedna od natjecateljica showa\u201cPles sa zvijezdama\u201d, koji se uskoro vra\u0107a na male ekrane, a simpati\u010dna slasti\u010darka i poduzetnica ne [&hellip;]<\/p>\n","protected":false},"author":2,"featured_media":114115,"comment_status":"closed","ping_status":"closed","sticky":false,"template":"","format":"standard","meta":{"h5ap_radio_sources":[],"footnotes":""},"categories":[3],"tags":[],"class_list":["post-114114","post","type-post","status-publish","format-standard","has-post-thumbnail","hentry","category-ljubuski"],"yoast_head":"<!-- This site is optimized with the Yoast SEO plugin v27.4 - https:\/\/yoast.com\/product\/yoast-seo-wordpress\/ -->\n<title>Ljubu\u0161anka sudjeluje u novoj sezoni showa \u201cPles sa zvijezdama\u201d - RADIO LJUBU\u0160KI<\/title>\n<meta name=\"robots\" content=\"index, follow, max-snippet:-1, max-image-preview:large, max-video-preview:-1\" \/>\n<link rel=\"canonical\" href=\"https:\/\/radioljubuski.ba\/index.php\/2022\/02\/17\/ljubusanka-sudjeluje-u-novoj-sezoni-showa-ples-sa-zvijezdama\/\" \/>\n<meta property=\"og:locale\" content=\"hr_HR\" \/>\n<meta property=\"og:type\" content=\"article\" \/>\n<meta property=\"og:title\" content=\"Ljubu\u0161anka sudjeluje u novoj sezoni showa \u201cPles sa zvijezdama\u201d - RADIO LJUBU\u0160KI\" \/>\n<meta property=\"og:description\" content=\"Poznatu slasti\u010darku Ivanu \u010culjak Lo\u0161i\u0107 iz Ljubu\u0161kog, hrvatska publika je imala priliku upoznati u showu\u201dMasterChef\u201d, u kojem je pokazala zavidne kulinarske vje\u0161tine, a sada \u0107e im se predstaviti u sasvim novom svjetlu.&nbsp; Naime, Ivana \u0107e biti jedna od natjecateljica showa\u201cPles sa zvijezdama\u201d, koji se uskoro vra\u0107a na male ekrane, a simpati\u010dna slasti\u010darka i poduzetnica ne [&hellip;]\" \/>\n<meta property=\"og:url\" content=\"https:\/\/radioljubuski.ba\/index.php\/2022\/02\/17\/ljubusanka-sudjeluje-u-novoj-sezoni-showa-ples-sa-zvijezdama\/\" \/>\n<meta property=\"og:site_name\" content=\"RADIO LJUBU\u0160KI\" \/>\n<meta property=\"article:publisher\" content=\"https:\/\/www.facebook.com\/Radiio-Ljubuski-1490835324566332\" \/>\n<meta property=\"article:published_time\" content=\"2022-02-17T07:41:16+00:00\" \/>\n<meta property=\"og:image\" content=\"https:\/\/radioljubuski.ba\/wp-content\/uploads\/2022\/02\/culjak-losic.jpg\" \/>\n\t<meta property=\"og:image:width\" content=\"1024\" \/>\n\t<meta property=\"og:image:height\" content=\"814\" \/>\n\t<meta property=\"og:image:type\" content=\"image\/jpeg\" \/>\n<meta name=\"author\" content=\"Radio Ljubu\u0161ki\" \/>\n<meta name=\"twitter:card\" content=\"summary_large_image\" \/>\n<meta name=\"twitter:creator\" content=\"@radioljubuski\" \/>\n<meta name=\"twitter:site\" content=\"@radioljubuski\" \/>\n<meta name=\"twitter:label1\" content=\"Napisao\/la\" \/>\n\t<meta name=\"twitter:data1\" content=\"Radio Ljubu\u0161ki\" \/>\n\t<meta name=\"twitter:label2\" content=\"Procijenjeno vrijeme \u010ditanja\" \/>\n\t<meta name=\"twitter:data2\" content=\"3 minute\" \/>\n<script type=\"application\/ld+json\" class=\"yoast-schema-graph\">{\"@context\":\"https:\\\/\\\/schema.org\",\"@graph\":[{\"@type\":\"Article\",\"@id\":\"https:\\\/\\\/radioljubuski.ba\\\/index.php\\\/2022\\\/02\\\/17\\\/ljubusanka-sudjeluje-u-novoj-sezoni-showa-ples-sa-zvijezdama\\\/#article\",\"isPartOf\":{\"@id\":\"https:\\\/\\\/radioljubuski.ba\\\/index.php\\\/2022\\\/02\\\/17\\\/ljubusanka-sudjeluje-u-novoj-sezoni-showa-ples-sa-zvijezdama\\\/\"},\"author\":{\"name\":\"Radio Ljubu\u0161ki\",\"@id\":\"https:\\\/\\\/radioljubuski.ba\\\/#\\\/schema\\\/person\\\/19fc700381a780f69665d7956c469e3b\"},\"headline\":\"Ljubu\u0161anka sudjeluje u novoj sezoni showa \u201cPles sa zvijezdama\u201d\",\"datePublished\":\"2022-02-17T07:41:16+00:00\",\"mainEntityOfPage\":{\"@id\":\"https:\\\/\\\/radioljubuski.ba\\\/index.php\\\/2022\\\/02\\\/17\\\/ljubusanka-sudjeluje-u-novoj-sezoni-showa-ples-sa-zvijezdama\\\/\"},\"wordCount\":562,\"publisher\":{\"@id\":\"https:\\\/\\\/radioljubuski.ba\\\/#organization\"},\"image\":{\"@id\":\"https:\\\/\\\/radioljubuski.ba\\\/index.php\\\/2022\\\/02\\\/17\\\/ljubusanka-sudjeluje-u-novoj-sezoni-showa-ples-sa-zvijezdama\\\/#primaryimage\"},\"thumbnailUrl\":\"https:\\\/\\\/radioljubuski.ba\\\/wp-content\\\/uploads\\\/2022\\\/02\\\/culjak-losic.jpg\",\"articleSection\":[\"Ljubu\u0161ki\"],\"inLanguage\":\"hr\"},{\"@type\":\"WebPage\",\"@id\":\"https:\\\/\\\/radioljubuski.ba\\\/index.php\\\/2022\\\/02\\\/17\\\/ljubusanka-sudjeluje-u-novoj-sezoni-showa-ples-sa-zvijezdama\\\/\",\"url\":\"https:\\\/\\\/radioljubuski.ba\\\/index.php\\\/2022\\\/02\\\/17\\\/ljubusanka-sudjeluje-u-novoj-sezoni-showa-ples-sa-zvijezdama\\\/\",\"name\":\"Ljubu\u0161anka sudjeluje u novoj sezoni showa \u201cPles sa zvijezdama\u201d - RADIO LJUBU\u0160KI\",\"isPartOf\":{\"@id\":\"https:\\\/\\\/radioljubuski.ba\\\/#website\"},\"primaryImageOfPage\":{\"@id\":\"https:\\\/\\\/radioljubuski.ba\\\/index.php\\\/2022\\\/02\\\/17\\\/ljubusanka-sudjeluje-u-novoj-sezoni-showa-ples-sa-zvijezdama\\\/#primaryimage\"},\"image\":{\"@id\":\"https:\\\/\\\/radioljubuski.ba\\\/index.php\\\/2022\\\/02\\\/17\\\/ljubusanka-sudjeluje-u-novoj-sezoni-showa-ples-sa-zvijezdama\\\/#primaryimage\"},\"thumbnailUrl\":\"https:\\\/\\\/radioljubuski.ba\\\/wp-content\\\/uploads\\\/2022\\\/02\\\/culjak-losic.jpg\",\"datePublished\":\"2022-02-17T07:41:16+00:00\",\"breadcrumb\":{\"@id\":\"https:\\\/\\\/radioljubuski.ba\\\/index.php\\\/2022\\\/02\\\/17\\\/ljubusanka-sudjeluje-u-novoj-sezoni-showa-ples-sa-zvijezdama\\\/#breadcrumb\"},\"inLanguage\":\"hr\",\"potentialAction\":[{\"@type\":\"ReadAction\",\"target\":[\"https:\\\/\\\/radioljubuski.ba\\\/index.php\\\/2022\\\/02\\\/17\\\/ljubusanka-sudjeluje-u-novoj-sezoni-showa-ples-sa-zvijezdama\\\/\"]}]},{\"@type\":\"ImageObject\",\"inLanguage\":\"hr\",\"@id\":\"https:\\\/\\\/radioljubuski.ba\\\/index.php\\\/2022\\\/02\\\/17\\\/ljubusanka-sudjeluje-u-novoj-sezoni-showa-ples-sa-zvijezdama\\\/#primaryimage\",\"url\":\"https:\\\/\\\/radioljubuski.ba\\\/wp-content\\\/uploads\\\/2022\\\/02\\\/culjak-losic.jpg\",\"contentUrl\":\"https:\\\/\\\/radioljubuski.ba\\\/wp-content\\\/uploads\\\/2022\\\/02\\\/culjak-losic.jpg\",\"width\":1024,\"height\":814},{\"@type\":\"BreadcrumbList\",\"@id\":\"https:\\\/\\\/radioljubuski.ba\\\/index.php\\\/2022\\\/02\\\/17\\\/ljubusanka-sudjeluje-u-novoj-sezoni-showa-ples-sa-zvijezdama\\\/#breadcrumb\",\"itemListElement\":[{\"@type\":\"ListItem\",\"position\":1,\"name\":\"Po\u010detna stranica\",\"item\":\"https:\\\/\\\/radioljubuski.ba\\\/\"},{\"@type\":\"ListItem\",\"position\":2,\"name\":\"Ljubu\u0161anka sudjeluje u novoj sezoni showa \u201cPles sa zvijezdama\u201d\"}]},{\"@type\":\"WebSite\",\"@id\":\"https:\\\/\\\/radioljubuski.ba\\\/#website\",\"url\":\"https:\\\/\\\/radioljubuski.ba\\\/\",\"name\":\"Radio Ljubu\u0161ki\",\"description\":\"Sun\u010dana frekvencija Hercegovine\",\"publisher\":{\"@id\":\"https:\\\/\\\/radioljubuski.ba\\\/#organization\"},\"potentialAction\":[{\"@type\":\"SearchAction\",\"target\":{\"@type\":\"EntryPoint\",\"urlTemplate\":\"https:\\\/\\\/radioljubuski.ba\\\/?s={search_term_string}\"},\"query-input\":{\"@type\":\"PropertyValueSpecification\",\"valueRequired\":true,\"valueName\":\"search_term_string\"}}],\"inLanguage\":\"hr\"},{\"@type\":\"Organization\",\"@id\":\"https:\\\/\\\/radioljubuski.ba\\\/#organization\",\"name\":\"Radio Ljubu\u0161ki\",\"url\":\"https:\\\/\\\/radioljubuski.ba\\\/\",\"logo\":{\"@type\":\"ImageObject\",\"inLanguage\":\"hr\",\"@id\":\"https:\\\/\\\/radioljubuski.ba\\\/#\\\/schema\\\/logo\\\/image\\\/\",\"url\":\"https:\\\/\\\/radioljubuski.ba\\\/wp-content\\\/uploads\\\/2021\\\/02\\\/cropped-Radio_Ljubuski_logo1.jpg\",\"contentUrl\":\"https:\\\/\\\/radioljubuski.ba\\\/wp-content\\\/uploads\\\/2021\\\/02\\\/cropped-Radio_Ljubuski_logo1.jpg\",\"width\":512,\"height\":512,\"caption\":\"Radio Ljubu\u0161ki\"},\"image\":{\"@id\":\"https:\\\/\\\/radioljubuski.ba\\\/#\\\/schema\\\/logo\\\/image\\\/\"},\"sameAs\":[\"https:\\\/\\\/www.facebook.com\\\/Radiio-Ljubuski-1490835324566332\",\"https:\\\/\\\/x.com\\\/radioljubuski\",\"https:\\\/\\\/hr.linkedin.com\\\/company\\\/radio-ljubuski\",\"https:\\\/\\\/www.youtube.com\\\/channel\\\/UCHYaeO_n0Db3tjNGudGpXyw\"]},{\"@type\":\"Person\",\"@id\":\"https:\\\/\\\/radioljubuski.ba\\\/#\\\/schema\\\/person\\\/19fc700381a780f69665d7956c469e3b\",\"name\":\"Radio Ljubu\u0161ki\"}]}<\/script>\n<!-- \/ Yoast SEO plugin. -->","yoast_head_json":{"title":"Ljubu\u0161anka sudjeluje u novoj sezoni showa \u201cPles sa zvijezdama\u201d - RADIO LJUBU\u0160KI","robots":{"index":"index","follow":"follow","max-snippet":"max-snippet:-1","max-image-preview":"max-image-preview:large","max-video-preview":"max-video-preview:-1"},"canonical":"https:\/\/radioljubuski.ba\/index.php\/2022\/02\/17\/ljubusanka-sudjeluje-u-novoj-sezoni-showa-ples-sa-zvijezdama\/","og_locale":"hr_HR","og_type":"article","og_title":"Ljubu\u0161anka sudjeluje u novoj sezoni showa \u201cPles sa zvijezdama\u201d - RADIO LJUBU\u0160KI","og_description":"Poznatu slasti\u010darku Ivanu \u010culjak Lo\u0161i\u0107 iz Ljubu\u0161kog, hrvatska publika je imala priliku upoznati u showu\u201dMasterChef\u201d, u kojem je pokazala zavidne kulinarske vje\u0161tine, a sada \u0107e im se predstaviti u sasvim novom svjetlu.&nbsp; Naime, Ivana \u0107e biti jedna od natjecateljica showa\u201cPles sa zvijezdama\u201d, koji se uskoro vra\u0107a na male ekrane, a simpati\u010dna slasti\u010darka i poduzetnica ne [&hellip;]","og_url":"https:\/\/radioljubuski.ba\/index.php\/2022\/02\/17\/ljubusanka-sudjeluje-u-novoj-sezoni-showa-ples-sa-zvijezdama\/","og_site_name":"RADIO LJUBU\u0160KI","article_publisher":"https:\/\/www.facebook.com\/Radiio-Ljubuski-1490835324566332","article_published_time":"2022-02-17T07:41:16+00:00","og_image":[{"width":1024,"height":814,"url":"https:\/\/radioljubuski.ba\/wp-content\/uploads\/2022\/02\/culjak-losic.jpg","type":"image\/jpeg"}],"author":"Radio Ljubu\u0161ki","twitter_card":"summary_large_image","twitter_creator":"@radioljubuski","twitter_site":"@radioljubuski","twitter_misc":{"Napisao\/la":"Radio Ljubu\u0161ki","Procijenjeno vrijeme \u010ditanja":"3 minute"},"schema":{"@context":"https:\/\/schema.org","@graph":[{"@type":"Article","@id":"https:\/\/radioljubuski.ba\/index.php\/2022\/02\/17\/ljubusanka-sudjeluje-u-novoj-sezoni-showa-ples-sa-zvijezdama\/#article","isPartOf":{"@id":"https:\/\/radioljubuski.ba\/index.php\/2022\/02\/17\/ljubusanka-sudjeluje-u-novoj-sezoni-showa-ples-sa-zvijezdama\/"},"author":{"name":"Radio Ljubu\u0161ki","@id":"https:\/\/radioljubuski.ba\/#\/schema\/person\/19fc700381a780f69665d7956c469e3b"},"headline":"Ljubu\u0161anka sudjeluje u novoj sezoni showa \u201cPles sa zvijezdama\u201d","datePublished":"2022-02-17T07:41:16+00:00","mainEntityOfPage":{"@id":"https:\/\/radioljubuski.ba\/index.php\/2022\/02\/17\/ljubusanka-sudjeluje-u-novoj-sezoni-showa-ples-sa-zvijezdama\/"},"wordCount":562,"publisher":{"@id":"https:\/\/radioljubuski.ba\/#organization"},"image":{"@id":"https:\/\/radioljubuski.ba\/index.php\/2022\/02\/17\/ljubusanka-sudjeluje-u-novoj-sezoni-showa-ples-sa-zvijezdama\/#primaryimage"},"thumbnailUrl":"https:\/\/radioljubuski.ba\/wp-content\/uploads\/2022\/02\/culjak-losic.jpg","articleSection":["Ljubu\u0161ki"],"inLanguage":"hr"},{"@type":"WebPage","@id":"https:\/\/radioljubuski.ba\/index.php\/2022\/02\/17\/ljubusanka-sudjeluje-u-novoj-sezoni-showa-ples-sa-zvijezdama\/","url":"https:\/\/radioljubuski.ba\/index.php\/2022\/02\/17\/ljubusanka-sudjeluje-u-novoj-sezoni-showa-ples-sa-zvijezdama\/","name":"Ljubu\u0161anka sudjeluje u novoj sezoni showa \u201cPles sa zvijezdama\u201d - RADIO LJUBU\u0160KI","isPartOf":{"@id":"https:\/\/radioljubuski.ba\/#website"},"primaryImageOfPage":{"@id":"https:\/\/radioljubuski.ba\/index.php\/2022\/02\/17\/ljubusanka-sudjeluje-u-novoj-sezoni-showa-ples-sa-zvijezdama\/#primaryimage"},"image":{"@id":"https:\/\/radioljubuski.ba\/index.php\/2022\/02\/17\/ljubusanka-sudjeluje-u-novoj-sezoni-showa-ples-sa-zvijezdama\/#primaryimage"},"thumbnailUrl":"https:\/\/radioljubuski.ba\/wp-content\/uploads\/2022\/02\/culjak-losic.jpg","datePublished":"2022-02-17T07:41:16+00:00","breadcrumb":{"@id":"https:\/\/radioljubuski.ba\/index.php\/2022\/02\/17\/ljubusanka-sudjeluje-u-novoj-sezoni-showa-ples-sa-zvijezdama\/#breadcrumb"},"inLanguage":"hr","potentialAction":[{"@type":"ReadAction","target":["https:\/\/radioljubuski.ba\/index.php\/2022\/02\/17\/ljubusanka-sudjeluje-u-novoj-sezoni-showa-ples-sa-zvijezdama\/"]}]},{"@type":"ImageObject","inLanguage":"hr","@id":"https:\/\/radioljubuski.ba\/index.php\/2022\/02\/17\/ljubusanka-sudjeluje-u-novoj-sezoni-showa-ples-sa-zvijezdama\/#primaryimage","url":"https:\/\/radioljubuski.ba\/wp-content\/uploads\/2022\/02\/culjak-losic.jpg","contentUrl":"https:\/\/radioljubuski.ba\/wp-content\/uploads\/2022\/02\/culjak-losic.jpg","width":1024,"height":814},{"@type":"BreadcrumbList","@id":"https:\/\/radioljubuski.ba\/index.php\/2022\/02\/17\/ljubusanka-sudjeluje-u-novoj-sezoni-showa-ples-sa-zvijezdama\/#breadcrumb","itemListElement":[{"@type":"ListItem","position":1,"name":"Po\u010detna stranica","item":"https:\/\/radioljubuski.ba\/"},{"@type":"ListItem","position":2,"name":"Ljubu\u0161anka sudjeluje u novoj sezoni showa \u201cPles sa zvijezdama\u201d"}]},{"@type":"WebSite","@id":"https:\/\/radioljubuski.ba\/#website","url":"https:\/\/radioljubuski.ba\/","name":"Radio Ljubu\u0161ki","description":"Sun\u010dana frekvencija Hercegovine","publisher":{"@id":"https:\/\/radioljubuski.ba\/#organization"},"potentialAction":[{"@type":"SearchAction","target":{"@type":"EntryPoint","urlTemplate":"https:\/\/radioljubuski.ba\/?s={search_term_string}"},"query-input":{"@type":"PropertyValueSpecification","valueRequired":true,"valueName":"search_term_string"}}],"inLanguage":"hr"},{"@type":"Organization","@id":"https:\/\/radioljubuski.ba\/#organization","name":"Radio Ljubu\u0161ki","url":"https:\/\/radioljubuski.ba\/","logo":{"@type":"ImageObject","inLanguage":"hr","@id":"https:\/\/radioljubuski.ba\/#\/schema\/logo\/image\/","url":"https:\/\/radioljubuski.ba\/wp-content\/uploads\/2021\/02\/cropped-Radio_Ljubuski_logo1.jpg","contentUrl":"https:\/\/radioljubuski.ba\/wp-content\/uploads\/2021\/02\/cropped-Radio_Ljubuski_logo1.jpg","width":512,"height":512,"caption":"Radio Ljubu\u0161ki"},"image":{"@id":"https:\/\/radioljubuski.ba\/#\/schema\/logo\/image\/"},"sameAs":["https:\/\/www.facebook.com\/Radiio-Ljubuski-1490835324566332","https:\/\/x.com\/radioljubuski","https:\/\/hr.linkedin.com\/company\/radio-ljubuski","https:\/\/www.youtube.com\/channel\/UCHYaeO_n0Db3tjNGudGpXyw"]},{"@type":"Person","@id":"https:\/\/radioljubuski.ba\/#\/schema\/person\/19fc700381a780f69665d7956c469e3b","name":"Radio Ljubu\u0161ki"}]}},"_links":{"self":[{"href":"https:\/\/radioljubuski.ba\/index.php\/wp-json\/wp\/v2\/posts\/114114","targetHints":{"allow":["GET"]}}],"collection":[{"href":"https:\/\/radioljubuski.ba\/index.php\/wp-json\/wp\/v2\/posts"}],"about":[{"href":"https:\/\/radioljubuski.ba\/index.php\/wp-json\/wp\/v2\/types\/post"}],"author":[{"embeddable":true,"href":"https:\/\/radioljubuski.ba\/index.php\/wp-json\/wp\/v2\/users\/2"}],"replies":[{"embeddable":true,"href":"https:\/\/radioljubuski.ba\/index.php\/wp-json\/wp\/v2\/comments?post=114114"}],"version-history":[{"count":1,"href":"https:\/\/radioljubuski.ba\/index.php\/wp-json\/wp\/v2\/posts\/114114\/revisions"}],"predecessor-version":[{"id":114116,"href":"https:\/\/radioljubuski.ba\/index.php\/wp-json\/wp\/v2\/posts\/114114\/revisions\/114116"}],"wp:featuredmedia":[{"embeddable":true,"href":"https:\/\/radioljubuski.ba\/index.php\/wp-json\/wp\/v2\/media\/114115"}],"wp:attachment":[{"href":"https:\/\/radioljubuski.ba\/index.php\/wp-json\/wp\/v2\/media?parent=114114"}],"wp:term":[{"taxonomy":"category","embeddable":true,"href":"https:\/\/radioljubuski.ba\/index.php\/wp-json\/wp\/v2\/categories?post=114114"},{"taxonomy":"post_tag","embeddable":true,"href":"https:\/\/radioljubuski.ba\/index.php\/wp-json\/wp\/v2\/tags?post=114114"}],"curies":[{"name":"wp","href":"https:\/\/api.w.org\/{rel}","templated":true}]}}