{"id":114136,"date":"2022-02-17T10:28:38","date_gmt":"2022-02-17T09:28:38","guid":{"rendered":"https:\/\/radioljubuski.ba\/?p=114136"},"modified":"2022-02-17T10:28:39","modified_gmt":"2022-02-17T09:28:39","slug":"u-gradskoj-sportskoj-dvorani-ljubuski-otvorena-moderno-opremljena-teretana","status":"publish","type":"post","link":"https:\/\/radioljubuski.ba\/index.php\/2022\/02\/17\/u-gradskoj-sportskoj-dvorani-ljubuski-otvorena-moderno-opremljena-teretana\/","title":{"rendered":"U Gradskoj \u0161portskoj dvorani Ljubu\u0161ki otvorena moderno opremljena teretana"},"content":{"rendered":"\n<p><strong>Javna ustanova \u201eKulturno-\u0161portski centar\u201c Ljubu\u0161ki svakodnevno radi na pobolj\u0161anju uvjeta kori\u0161tenja i uvo\u0111enju novih sadr\u017eaja za korisnike svojih usluga.<\/strong><\/p>\n\n\n\n<p>Tako je u Gradskoj \u0161portskoj dvorani Ljubu\u0161ki zavr\u0161eno opremanje teretane profesionalnom fitness opremom.<\/p>\n\n\n\n<p>Naime, zahvaljuju\u0107i Federalnom ministarstvu kulture i \u0161porta, koje je, kroz tri projekta, potpomoglo navedeni projekt, osigurana su sredstva u iznosu od 20.000,00 KM.<\/p>\n\n\n\n<p>Tako\u0111er, da bi teretana bila potpuno spremna za pru\u017eanje usluga prostor je trebalo dodatno prilagodit uvjetima potrebnim za tu namjenu. Ure\u0111ena je unutra\u0161njost, osigurane su \u010detiri tu\u0161 kabine i topla voda, prostor je klimatiziran, a&nbsp; postavljena je i odgovaraju\u0107a podloga. Tako da je ukupna vrijednost projekta&nbsp; 30.000,00 KM. Dodatna sredstva osigurali su Grad Ljubu\u0161ki i Javna ustanova \u201cKulturno-\u0161portski centar\u201d.<\/p>\n\n\n\n<p><em>&#8220;Korisnicima je na raspolaganju nekoliko osnovnih profesionalnih sprava koje \u0107e, nadamo se, zadovoljiti potrebe pojedinaca i sportskih klubova koji Gradsku \u0161portsku dvoranu koriste za druge potrebe. Tako\u0111er, ima puno dvoranskih i drugih sportova u Ljubu\u0161kom koji su naslonjeni na Gradsku \u0161portsku dvoranu, tako da im je ovo dobrodo\u0161ao prostor za vje\u017ebanje, koji je Javna ustanova otvorila za sve zainteresirane&#8221;,<\/em>\u00a0istaknuo je ravnatelj Javne ustanove \u201eKulturno-\u0161portski centar\u201c Ljubu\u0161ki Ivan Bebek, koji je jo\u0161 jednom zahvalio svima koji su sudjelovali u realizaciji navedenog projekta.<\/p>\n\n\n\n<figure class=\"wp-block-image\"><img decoding=\"async\" src=\"https:\/\/iks-portal.info\/images\/1645004280713.jpg\" alt=\"1645004280713.jpg\"\/><\/figure>\n\n\n\n<p><strong>Izvor: iks-portal.info<\/strong><\/p>\n","protected":false},"excerpt":{"rendered":"<p>Javna ustanova \u201eKulturno-\u0161portski centar\u201c Ljubu\u0161ki svakodnevno radi na pobolj\u0161anju uvjeta kori\u0161tenja i uvo\u0111enju novih sadr\u017eaja za korisnike svojih usluga. Tako je u Gradskoj \u0161portskoj dvorani Ljubu\u0161ki zavr\u0161eno opremanje teretane profesionalnom fitness opremom. Naime, zahvaljuju\u0107i Federalnom ministarstvu kulture i \u0161porta, koje je, kroz tri projekta, potpomoglo navedeni projekt, osigurana su sredstva u iznosu od 20.000,00 KM. [&hellip;]<\/p>\n","protected":false},"author":2,"featured_media":114137,"comment_status":"closed","ping_status":"closed","sticky":false,"template":"","format":"standard","meta":{"h5ap_radio_sources":[],"footnotes":""},"categories":[3],"tags":[],"class_list":["post-114136","post","type-post","status-publish","format-standard","has-post-thumbnail","hentry","category-ljubuski"],"yoast_head":"<!-- This site is optimized with the Yoast SEO plugin v27.4 - https:\/\/yoast.com\/product\/yoast-seo-wordpress\/ -->\n<title>U Gradskoj \u0161portskoj dvorani Ljubu\u0161ki otvorena moderno opremljena teretana - RADIO LJUBU\u0160KI<\/title>\n<meta name=\"robots\" content=\"index, follow, max-snippet:-1, max-image-preview:large, max-video-preview:-1\" \/>\n<link rel=\"canonical\" href=\"https:\/\/radioljubuski.ba\/index.php\/2022\/02\/17\/u-gradskoj-sportskoj-dvorani-ljubuski-otvorena-moderno-opremljena-teretana\/\" \/>\n<meta property=\"og:locale\" content=\"hr_HR\" \/>\n<meta property=\"og:type\" content=\"article\" \/>\n<meta property=\"og:title\" content=\"U Gradskoj \u0161portskoj dvorani Ljubu\u0161ki otvorena moderno opremljena teretana - RADIO LJUBU\u0160KI\" \/>\n<meta property=\"og:description\" content=\"Javna ustanova \u201eKulturno-\u0161portski centar\u201c Ljubu\u0161ki svakodnevno radi na pobolj\u0161anju uvjeta kori\u0161tenja i uvo\u0111enju novih sadr\u017eaja za korisnike svojih usluga. Tako je u Gradskoj \u0161portskoj dvorani Ljubu\u0161ki zavr\u0161eno opremanje teretane profesionalnom fitness opremom. Naime, zahvaljuju\u0107i Federalnom ministarstvu kulture i \u0161porta, koje je, kroz tri projekta, potpomoglo navedeni projekt, osigurana su sredstva u iznosu od 20.000,00 KM. [&hellip;]\" \/>\n<meta property=\"og:url\" content=\"https:\/\/radioljubuski.ba\/index.php\/2022\/02\/17\/u-gradskoj-sportskoj-dvorani-ljubuski-otvorena-moderno-opremljena-teretana\/\" \/>\n<meta property=\"og:site_name\" content=\"RADIO LJUBU\u0160KI\" \/>\n<meta property=\"article:publisher\" content=\"https:\/\/www.facebook.com\/Radiio-Ljubuski-1490835324566332\" \/>\n<meta property=\"article:published_time\" content=\"2022-02-17T09:28:38+00:00\" \/>\n<meta property=\"article:modified_time\" content=\"2022-02-17T09:28:39+00:00\" \/>\n<meta property=\"og:image\" content=\"https:\/\/radioljubuski.ba\/wp-content\/uploads\/2022\/02\/teretana.jpg\" \/>\n\t<meta property=\"og:image:width\" content=\"1024\" \/>\n\t<meta property=\"og:image:height\" content=\"462\" \/>\n\t<meta property=\"og:image:type\" content=\"image\/jpeg\" \/>\n<meta name=\"author\" content=\"Radio Ljubu\u0161ki\" \/>\n<meta name=\"twitter:card\" content=\"summary_large_image\" \/>\n<meta name=\"twitter:creator\" content=\"@radioljubuski\" \/>\n<meta name=\"twitter:site\" content=\"@radioljubuski\" \/>\n<meta name=\"twitter:label1\" content=\"Napisao\/la\" \/>\n\t<meta name=\"twitter:data1\" content=\"Radio Ljubu\u0161ki\" \/>\n\t<meta name=\"twitter:label2\" content=\"Procijenjeno vrijeme \u010ditanja\" \/>\n\t<meta name=\"twitter:data2\" content=\"2 minute\" \/>\n<script type=\"application\/ld+json\" class=\"yoast-schema-graph\">{\"@context\":\"https:\\\/\\\/schema.org\",\"@graph\":[{\"@type\":\"Article\",\"@id\":\"https:\\\/\\\/radioljubuski.ba\\\/index.php\\\/2022\\\/02\\\/17\\\/u-gradskoj-sportskoj-dvorani-ljubuski-otvorena-moderno-opremljena-teretana\\\/#article\",\"isPartOf\":{\"@id\":\"https:\\\/\\\/radioljubuski.ba\\\/index.php\\\/2022\\\/02\\\/17\\\/u-gradskoj-sportskoj-dvorani-ljubuski-otvorena-moderno-opremljena-teretana\\\/\"},\"author\":{\"name\":\"Radio Ljubu\u0161ki\",\"@id\":\"https:\\\/\\\/radioljubuski.ba\\\/#\\\/schema\\\/person\\\/19fc700381a780f69665d7956c469e3b\"},\"headline\":\"U Gradskoj \u0161portskoj dvorani Ljubu\u0161ki otvorena moderno opremljena teretana\",\"datePublished\":\"2022-02-17T09:28:38+00:00\",\"dateModified\":\"2022-02-17T09:28:39+00:00\",\"mainEntityOfPage\":{\"@id\":\"https:\\\/\\\/radioljubuski.ba\\\/index.php\\\/2022\\\/02\\\/17\\\/u-gradskoj-sportskoj-dvorani-ljubuski-otvorena-moderno-opremljena-teretana\\\/\"},\"wordCount\":231,\"publisher\":{\"@id\":\"https:\\\/\\\/radioljubuski.ba\\\/#organization\"},\"image\":{\"@id\":\"https:\\\/\\\/radioljubuski.ba\\\/index.php\\\/2022\\\/02\\\/17\\\/u-gradskoj-sportskoj-dvorani-ljubuski-otvorena-moderno-opremljena-teretana\\\/#primaryimage\"},\"thumbnailUrl\":\"https:\\\/\\\/radioljubuski.ba\\\/wp-content\\\/uploads\\\/2022\\\/02\\\/teretana.jpg\",\"articleSection\":[\"Ljubu\u0161ki\"],\"inLanguage\":\"hr\"},{\"@type\":\"WebPage\",\"@id\":\"https:\\\/\\\/radioljubuski.ba\\\/index.php\\\/2022\\\/02\\\/17\\\/u-gradskoj-sportskoj-dvorani-ljubuski-otvorena-moderno-opremljena-teretana\\\/\",\"url\":\"https:\\\/\\\/radioljubuski.ba\\\/index.php\\\/2022\\\/02\\\/17\\\/u-gradskoj-sportskoj-dvorani-ljubuski-otvorena-moderno-opremljena-teretana\\\/\",\"name\":\"U Gradskoj \u0161portskoj dvorani Ljubu\u0161ki otvorena moderno opremljena teretana - RADIO LJUBU\u0160KI\",\"isPartOf\":{\"@id\":\"https:\\\/\\\/radioljubuski.ba\\\/#website\"},\"primaryImageOfPage\":{\"@id\":\"https:\\\/\\\/radioljubuski.ba\\\/index.php\\\/2022\\\/02\\\/17\\\/u-gradskoj-sportskoj-dvorani-ljubuski-otvorena-moderno-opremljena-teretana\\\/#primaryimage\"},\"image\":{\"@id\":\"https:\\\/\\\/radioljubuski.ba\\\/index.php\\\/2022\\\/02\\\/17\\\/u-gradskoj-sportskoj-dvorani-ljubuski-otvorena-moderno-opremljena-teretana\\\/#primaryimage\"},\"thumbnailUrl\":\"https:\\\/\\\/radioljubuski.ba\\\/wp-content\\\/uploads\\\/2022\\\/02\\\/teretana.jpg\",\"datePublished\":\"2022-02-17T09:28:38+00:00\",\"dateModified\":\"2022-02-17T09:28:39+00:00\",\"breadcrumb\":{\"@id\":\"https:\\\/\\\/radioljubuski.ba\\\/index.php\\\/2022\\\/02\\\/17\\\/u-gradskoj-sportskoj-dvorani-ljubuski-otvorena-moderno-opremljena-teretana\\\/#breadcrumb\"},\"inLanguage\":\"hr\",\"potentialAction\":[{\"@type\":\"ReadAction\",\"target\":[\"https:\\\/\\\/radioljubuski.ba\\\/index.php\\\/2022\\\/02\\\/17\\\/u-gradskoj-sportskoj-dvorani-ljubuski-otvorena-moderno-opremljena-teretana\\\/\"]}]},{\"@type\":\"ImageObject\",\"inLanguage\":\"hr\",\"@id\":\"https:\\\/\\\/radioljubuski.ba\\\/index.php\\\/2022\\\/02\\\/17\\\/u-gradskoj-sportskoj-dvorani-ljubuski-otvorena-moderno-opremljena-teretana\\\/#primaryimage\",\"url\":\"https:\\\/\\\/radioljubuski.ba\\\/wp-content\\\/uploads\\\/2022\\\/02\\\/teretana.jpg\",\"contentUrl\":\"https:\\\/\\\/radioljubuski.ba\\\/wp-content\\\/uploads\\\/2022\\\/02\\\/teretana.jpg\",\"width\":1024,\"height\":462},{\"@type\":\"BreadcrumbList\",\"@id\":\"https:\\\/\\\/radioljubuski.ba\\\/index.php\\\/2022\\\/02\\\/17\\\/u-gradskoj-sportskoj-dvorani-ljubuski-otvorena-moderno-opremljena-teretana\\\/#breadcrumb\",\"itemListElement\":[{\"@type\":\"ListItem\",\"position\":1,\"name\":\"Po\u010detna stranica\",\"item\":\"https:\\\/\\\/radioljubuski.ba\\\/\"},{\"@type\":\"ListItem\",\"position\":2,\"name\":\"U Gradskoj \u0161portskoj dvorani Ljubu\u0161ki otvorena moderno opremljena teretana\"}]},{\"@type\":\"WebSite\",\"@id\":\"https:\\\/\\\/radioljubuski.ba\\\/#website\",\"url\":\"https:\\\/\\\/radioljubuski.ba\\\/\",\"name\":\"Radio Ljubu\u0161ki\",\"description\":\"Sun\u010dana frekvencija Hercegovine\",\"publisher\":{\"@id\":\"https:\\\/\\\/radioljubuski.ba\\\/#organization\"},\"potentialAction\":[{\"@type\":\"SearchAction\",\"target\":{\"@type\":\"EntryPoint\",\"urlTemplate\":\"https:\\\/\\\/radioljubuski.ba\\\/?s={search_term_string}\"},\"query-input\":{\"@type\":\"PropertyValueSpecification\",\"valueRequired\":true,\"valueName\":\"search_term_string\"}}],\"inLanguage\":\"hr\"},{\"@type\":\"Organization\",\"@id\":\"https:\\\/\\\/radioljubuski.ba\\\/#organization\",\"name\":\"Radio Ljubu\u0161ki\",\"url\":\"https:\\\/\\\/radioljubuski.ba\\\/\",\"logo\":{\"@type\":\"ImageObject\",\"inLanguage\":\"hr\",\"@id\":\"https:\\\/\\\/radioljubuski.ba\\\/#\\\/schema\\\/logo\\\/image\\\/\",\"url\":\"https:\\\/\\\/radioljubuski.ba\\\/wp-content\\\/uploads\\\/2021\\\/02\\\/cropped-Radio_Ljubuski_logo1.jpg\",\"contentUrl\":\"https:\\\/\\\/radioljubuski.ba\\\/wp-content\\\/uploads\\\/2021\\\/02\\\/cropped-Radio_Ljubuski_logo1.jpg\",\"width\":512,\"height\":512,\"caption\":\"Radio Ljubu\u0161ki\"},\"image\":{\"@id\":\"https:\\\/\\\/radioljubuski.ba\\\/#\\\/schema\\\/logo\\\/image\\\/\"},\"sameAs\":[\"https:\\\/\\\/www.facebook.com\\\/Radiio-Ljubuski-1490835324566332\",\"https:\\\/\\\/x.com\\\/radioljubuski\",\"https:\\\/\\\/hr.linkedin.com\\\/company\\\/radio-ljubuski\",\"https:\\\/\\\/www.youtube.com\\\/channel\\\/UCHYaeO_n0Db3tjNGudGpXyw\"]},{\"@type\":\"Person\",\"@id\":\"https:\\\/\\\/radioljubuski.ba\\\/#\\\/schema\\\/person\\\/19fc700381a780f69665d7956c469e3b\",\"name\":\"Radio Ljubu\u0161ki\"}]}<\/script>\n<!-- \/ Yoast SEO plugin. -->","yoast_head_json":{"title":"U Gradskoj \u0161portskoj dvorani Ljubu\u0161ki otvorena moderno opremljena teretana - RADIO LJUBU\u0160KI","robots":{"index":"index","follow":"follow","max-snippet":"max-snippet:-1","max-image-preview":"max-image-preview:large","max-video-preview":"max-video-preview:-1"},"canonical":"https:\/\/radioljubuski.ba\/index.php\/2022\/02\/17\/u-gradskoj-sportskoj-dvorani-ljubuski-otvorena-moderno-opremljena-teretana\/","og_locale":"hr_HR","og_type":"article","og_title":"U Gradskoj \u0161portskoj dvorani Ljubu\u0161ki otvorena moderno opremljena teretana - RADIO LJUBU\u0160KI","og_description":"Javna ustanova \u201eKulturno-\u0161portski centar\u201c Ljubu\u0161ki svakodnevno radi na pobolj\u0161anju uvjeta kori\u0161tenja i uvo\u0111enju novih sadr\u017eaja za korisnike svojih usluga. Tako je u Gradskoj \u0161portskoj dvorani Ljubu\u0161ki zavr\u0161eno opremanje teretane profesionalnom fitness opremom. Naime, zahvaljuju\u0107i Federalnom ministarstvu kulture i \u0161porta, koje je, kroz tri projekta, potpomoglo navedeni projekt, osigurana su sredstva u iznosu od 20.000,00 KM. [&hellip;]","og_url":"https:\/\/radioljubuski.ba\/index.php\/2022\/02\/17\/u-gradskoj-sportskoj-dvorani-ljubuski-otvorena-moderno-opremljena-teretana\/","og_site_name":"RADIO LJUBU\u0160KI","article_publisher":"https:\/\/www.facebook.com\/Radiio-Ljubuski-1490835324566332","article_published_time":"2022-02-17T09:28:38+00:00","article_modified_time":"2022-02-17T09:28:39+00:00","og_image":[{"width":1024,"height":462,"url":"https:\/\/radioljubuski.ba\/wp-content\/uploads\/2022\/02\/teretana.jpg","type":"image\/jpeg"}],"author":"Radio Ljubu\u0161ki","twitter_card":"summary_large_image","twitter_creator":"@radioljubuski","twitter_site":"@radioljubuski","twitter_misc":{"Napisao\/la":"Radio Ljubu\u0161ki","Procijenjeno vrijeme \u010ditanja":"2 minute"},"schema":{"@context":"https:\/\/schema.org","@graph":[{"@type":"Article","@id":"https:\/\/radioljubuski.ba\/index.php\/2022\/02\/17\/u-gradskoj-sportskoj-dvorani-ljubuski-otvorena-moderno-opremljena-teretana\/#article","isPartOf":{"@id":"https:\/\/radioljubuski.ba\/index.php\/2022\/02\/17\/u-gradskoj-sportskoj-dvorani-ljubuski-otvorena-moderno-opremljena-teretana\/"},"author":{"name":"Radio Ljubu\u0161ki","@id":"https:\/\/radioljubuski.ba\/#\/schema\/person\/19fc700381a780f69665d7956c469e3b"},"headline":"U Gradskoj \u0161portskoj dvorani Ljubu\u0161ki otvorena moderno opremljena teretana","datePublished":"2022-02-17T09:28:38+00:00","dateModified":"2022-02-17T09:28:39+00:00","mainEntityOfPage":{"@id":"https:\/\/radioljubuski.ba\/index.php\/2022\/02\/17\/u-gradskoj-sportskoj-dvorani-ljubuski-otvorena-moderno-opremljena-teretana\/"},"wordCount":231,"publisher":{"@id":"https:\/\/radioljubuski.ba\/#organization"},"image":{"@id":"https:\/\/radioljubuski.ba\/index.php\/2022\/02\/17\/u-gradskoj-sportskoj-dvorani-ljubuski-otvorena-moderno-opremljena-teretana\/#primaryimage"},"thumbnailUrl":"https:\/\/radioljubuski.ba\/wp-content\/uploads\/2022\/02\/teretana.jpg","articleSection":["Ljubu\u0161ki"],"inLanguage":"hr"},{"@type":"WebPage","@id":"https:\/\/radioljubuski.ba\/index.php\/2022\/02\/17\/u-gradskoj-sportskoj-dvorani-ljubuski-otvorena-moderno-opremljena-teretana\/","url":"https:\/\/radioljubuski.ba\/index.php\/2022\/02\/17\/u-gradskoj-sportskoj-dvorani-ljubuski-otvorena-moderno-opremljena-teretana\/","name":"U Gradskoj \u0161portskoj dvorani Ljubu\u0161ki otvorena moderno opremljena teretana - RADIO LJUBU\u0160KI","isPartOf":{"@id":"https:\/\/radioljubuski.ba\/#website"},"primaryImageOfPage":{"@id":"https:\/\/radioljubuski.ba\/index.php\/2022\/02\/17\/u-gradskoj-sportskoj-dvorani-ljubuski-otvorena-moderno-opremljena-teretana\/#primaryimage"},"image":{"@id":"https:\/\/radioljubuski.ba\/index.php\/2022\/02\/17\/u-gradskoj-sportskoj-dvorani-ljubuski-otvorena-moderno-opremljena-teretana\/#primaryimage"},"thumbnailUrl":"https:\/\/radioljubuski.ba\/wp-content\/uploads\/2022\/02\/teretana.jpg","datePublished":"2022-02-17T09:28:38+00:00","dateModified":"2022-02-17T09:28:39+00:00","breadcrumb":{"@id":"https:\/\/radioljubuski.ba\/index.php\/2022\/02\/17\/u-gradskoj-sportskoj-dvorani-ljubuski-otvorena-moderno-opremljena-teretana\/#breadcrumb"},"inLanguage":"hr","potentialAction":[{"@type":"ReadAction","target":["https:\/\/radioljubuski.ba\/index.php\/2022\/02\/17\/u-gradskoj-sportskoj-dvorani-ljubuski-otvorena-moderno-opremljena-teretana\/"]}]},{"@type":"ImageObject","inLanguage":"hr","@id":"https:\/\/radioljubuski.ba\/index.php\/2022\/02\/17\/u-gradskoj-sportskoj-dvorani-ljubuski-otvorena-moderno-opremljena-teretana\/#primaryimage","url":"https:\/\/radioljubuski.ba\/wp-content\/uploads\/2022\/02\/teretana.jpg","contentUrl":"https:\/\/radioljubuski.ba\/wp-content\/uploads\/2022\/02\/teretana.jpg","width":1024,"height":462},{"@type":"BreadcrumbList","@id":"https:\/\/radioljubuski.ba\/index.php\/2022\/02\/17\/u-gradskoj-sportskoj-dvorani-ljubuski-otvorena-moderno-opremljena-teretana\/#breadcrumb","itemListElement":[{"@type":"ListItem","position":1,"name":"Po\u010detna stranica","item":"https:\/\/radioljubuski.ba\/"},{"@type":"ListItem","position":2,"name":"U Gradskoj \u0161portskoj dvorani Ljubu\u0161ki otvorena moderno opremljena teretana"}]},{"@type":"WebSite","@id":"https:\/\/radioljubuski.ba\/#website","url":"https:\/\/radioljubuski.ba\/","name":"Radio Ljubu\u0161ki","description":"Sun\u010dana frekvencija Hercegovine","publisher":{"@id":"https:\/\/radioljubuski.ba\/#organization"},"potentialAction":[{"@type":"SearchAction","target":{"@type":"EntryPoint","urlTemplate":"https:\/\/radioljubuski.ba\/?s={search_term_string}"},"query-input":{"@type":"PropertyValueSpecification","valueRequired":true,"valueName":"search_term_string"}}],"inLanguage":"hr"},{"@type":"Organization","@id":"https:\/\/radioljubuski.ba\/#organization","name":"Radio Ljubu\u0161ki","url":"https:\/\/radioljubuski.ba\/","logo":{"@type":"ImageObject","inLanguage":"hr","@id":"https:\/\/radioljubuski.ba\/#\/schema\/logo\/image\/","url":"https:\/\/radioljubuski.ba\/wp-content\/uploads\/2021\/02\/cropped-Radio_Ljubuski_logo1.jpg","contentUrl":"https:\/\/radioljubuski.ba\/wp-content\/uploads\/2021\/02\/cropped-Radio_Ljubuski_logo1.jpg","width":512,"height":512,"caption":"Radio Ljubu\u0161ki"},"image":{"@id":"https:\/\/radioljubuski.ba\/#\/schema\/logo\/image\/"},"sameAs":["https:\/\/www.facebook.com\/Radiio-Ljubuski-1490835324566332","https:\/\/x.com\/radioljubuski","https:\/\/hr.linkedin.com\/company\/radio-ljubuski","https:\/\/www.youtube.com\/channel\/UCHYaeO_n0Db3tjNGudGpXyw"]},{"@type":"Person","@id":"https:\/\/radioljubuski.ba\/#\/schema\/person\/19fc700381a780f69665d7956c469e3b","name":"Radio Ljubu\u0161ki"}]}},"_links":{"self":[{"href":"https:\/\/radioljubuski.ba\/index.php\/wp-json\/wp\/v2\/posts\/114136","targetHints":{"allow":["GET"]}}],"collection":[{"href":"https:\/\/radioljubuski.ba\/index.php\/wp-json\/wp\/v2\/posts"}],"about":[{"href":"https:\/\/radioljubuski.ba\/index.php\/wp-json\/wp\/v2\/types\/post"}],"author":[{"embeddable":true,"href":"https:\/\/radioljubuski.ba\/index.php\/wp-json\/wp\/v2\/users\/2"}],"replies":[{"embeddable":true,"href":"https:\/\/radioljubuski.ba\/index.php\/wp-json\/wp\/v2\/comments?post=114136"}],"version-history":[{"count":1,"href":"https:\/\/radioljubuski.ba\/index.php\/wp-json\/wp\/v2\/posts\/114136\/revisions"}],"predecessor-version":[{"id":114138,"href":"https:\/\/radioljubuski.ba\/index.php\/wp-json\/wp\/v2\/posts\/114136\/revisions\/114138"}],"wp:featuredmedia":[{"embeddable":true,"href":"https:\/\/radioljubuski.ba\/index.php\/wp-json\/wp\/v2\/media\/114137"}],"wp:attachment":[{"href":"https:\/\/radioljubuski.ba\/index.php\/wp-json\/wp\/v2\/media?parent=114136"}],"wp:term":[{"taxonomy":"category","embeddable":true,"href":"https:\/\/radioljubuski.ba\/index.php\/wp-json\/wp\/v2\/categories?post=114136"},{"taxonomy":"post_tag","embeddable":true,"href":"https:\/\/radioljubuski.ba\/index.php\/wp-json\/wp\/v2\/tags?post=114136"}],"curies":[{"name":"wp","href":"https:\/\/api.w.org\/{rel}","templated":true}]}}