{"id":114160,"date":"2022-02-17T11:31:50","date_gmt":"2022-02-17T10:31:50","guid":{"rendered":"https:\/\/radioljubuski.ba\/?p=114160"},"modified":"2022-02-17T11:31:51","modified_gmt":"2022-02-17T10:31:51","slug":"samopouzdanje-i-osmijeh-na-lice-ubiranjem-plodova-vlastitog-rada","status":"publish","type":"post","link":"https:\/\/radioljubuski.ba\/index.php\/2022\/02\/17\/samopouzdanje-i-osmijeh-na-lice-ubiranjem-plodova-vlastitog-rada\/","title":{"rendered":"Samopouzdanje i osmijeh na lice ubiranjem plodova vlastitog rada"},"content":{"rendered":"\n<p>Dru\u0161tvo jednakih mogu\u0107nosti za sve gra\u0111ane mogu\u0107e je uz predani rad i zalaganje svih uklju\u010denih u za\u0161titu, o\u010duvanje i promociju ljudskih prava. <\/p>\n\n\n\n<p>Pojedinci, udru\u017eenja i institucije \u0161irom Bosne i Hercegovine sura\u0111uju sa lokalnim zajednicama kako bi osobama sa invaliditetom i drugim ranjivim kategorijama gra\u0111ana osigurale nove mogu\u0107nosti.<br><br>Udru\u017eenje Vedri osmijeh iz Mostara okuplja stotinjak \u010dlanova s misijom pobolj\u0161anja uvjeta \u017eivota i ostvarenja jednakopravnosti za osobe s invaliditetom, naro\u010dito punoljetne osobe koje nisu uklju\u010dene u dru\u0161tvene tokove. <\/p>\n\n\n\n<p>U\u010denjem o poljoprivrednoj proizvodnji, radom u plastenicima, obukama sa stru\u010dnjacima, mladi i osobe sa pote\u0161ko\u0107ama u\u010de o uzgoju vo\u0107a i povr\u0107a, ljekovitog bilja i proizvodnji proizvoda od onoga \u0161to sami uzgoje, isti\u010de Danijela Kegelj iz Vedrog osmijeha. <\/p>\n\n\n\n<p>\u201eDjeca su educirana u oblasti uzgoja povr\u0107a, vo\u0107a, eko bilja, i ono \u0161to je za njih zna\u010dajno jeste da su stekli novo samopouzdanje da mogu u\u010diti nove stvari. Osim toga, najve\u0107a korist projekta je \u0161to smo nadogradili na\u0161 plastenik, postavili vanjske gredice i dodatno uljep\u0161ali okoli\u0161 Vedrog osmijeha,\u201c isti\u010de Kegelj.<br><br>Pored direktne i o\u010digledne koristi za \u010dlanove udru\u017eenja kroz sticanje novih znanja i vje\u0161tina, rad u plasteniku i proizvodnju proizvoda od vo\u0107a, povr\u0107a i bilja koje sami uzgoje, provo\u0111enjem ovakvih projekata uz podr\u0161ku Evropske unije, Vedri osmijeh pru\u017ea i \u0161ansu za samoodr\u017eanje i napredak kroz zaradu od prodaje proizvoda iz vlastitog uzgoja.<br><br>\u017dana Kvesi\u0107 ve\u0107 deset godina \u010dlan je udruge Vedri osmijeh, a kako sama ka\u017ee, zna\u010di joj svaki dan proveden u plasteniku, kao i mladoj Angelini Mihaljevi\u0107. \u201eSje\u0107am se kad sam i\u0161la kod Sanje i Muhameda, u\u010dili smo o raznoraznom vo\u0107u i povr\u0107u, kako se sadi kako se zalijeva. U\u010dili smo kako se su\u0161i \u010daj, u kojem vo\u0107u i povr\u0107u ima najvi\u0161e vitamina, nau\u010dila sam kako se pravi bioenzim,\u201c nagla\u0161ava Angelina.<br><br>Obukama iz socijalnog menad\u017eementa i socijalnog poduzetni\u0161tva, unapre\u0111enjem zagovara\u010dkih aktivnosti, ja\u010danjem mre\u017ea udru\u017eenja osoba sa invaliditetom podr\u017eavaju se odr\u017eiva i sistemska rje\u0161enja aktivnog uklju\u010divanja osoba sa invaliditetom u lokalne zajednice i dru\u0161tvo. U\u010denjem novih vje\u0161tina, ja\u010danjem samopouzdanja i samostalnosti, otvaraju se mnogobrojne prilike i mogu\u0107nosti za vra\u0107anje osmijeha na lice onima koje \u010desto ne vidimo niti \u010dujemo, a od kojih mo\u017eemo mnogo nau\u010diti. <\/p>\n\n\n\n<p>Europska unija kontinuirano i predano podr\u017eava takve napore kako bi se osiguralo uva\u017eavanje ljudskih prava i osigurale nove prilike za ravnopravno u\u010de\u0161\u0107e u dru\u0161tvu.<\/p>\n\n\n\n<iframe src=\"https:\/\/drive.google.com\/file\/d\/1rQRIxYsxDohRHq6eQai4cH7FCLYS6xiu\/preview\" style=\"width: 100%; height: 100px;\"><\/iframe>\n\n\n\n<figure class=\"wp-block-gallery columns-3 is-cropped wp-block-gallery-1 is-layout-flex wp-block-gallery-is-layout-flex\"><ul class=\"blocks-gallery-grid\"><li class=\"blocks-gallery-item\"><figure><img loading=\"lazy\" decoding=\"async\" width=\"1024\" height=\"569\" src=\"https:\/\/radioljubuski.ba\/wp-content\/uploads\/2022\/02\/EU-periscope-photos-12-214-1024x569.jpg\" alt=\"\" data-id=\"114164\" data-full-url=\"https:\/\/radioljubuski.ba\/wp-content\/uploads\/2022\/02\/EU-periscope-photos-12-214.jpg\" data-link=\"https:\/\/radioljubuski.ba\/?attachment_id=114164\" class=\"wp-image-114164\" srcset=\"https:\/\/radioljubuski.ba\/wp-content\/uploads\/2022\/02\/EU-periscope-photos-12-214-1024x569.jpg 1024w, https:\/\/radioljubuski.ba\/wp-content\/uploads\/2022\/02\/EU-periscope-photos-12-214-300x167.jpg 300w, https:\/\/radioljubuski.ba\/wp-content\/uploads\/2022\/02\/EU-periscope-photos-12-214-768x427.jpg 768w, https:\/\/radioljubuski.ba\/wp-content\/uploads\/2022\/02\/EU-periscope-photos-12-214-18x10.jpg 18w, https:\/\/radioljubuski.ba\/wp-content\/uploads\/2022\/02\/EU-periscope-photos-12-214.jpg 1188w\" sizes=\"auto, (max-width: 1024px) 100vw, 1024px\" \/><\/figure><\/li><li class=\"blocks-gallery-item\"><figure><img loading=\"lazy\" decoding=\"async\" width=\"1024\" height=\"569\" src=\"https:\/\/radioljubuski.ba\/wp-content\/uploads\/2022\/02\/EU-periscope-photos-12-215-1024x569.jpg\" alt=\"\" data-id=\"114165\" data-full-url=\"https:\/\/radioljubuski.ba\/wp-content\/uploads\/2022\/02\/EU-periscope-photos-12-215.jpg\" data-link=\"https:\/\/radioljubuski.ba\/?attachment_id=114165\" class=\"wp-image-114165\" srcset=\"https:\/\/radioljubuski.ba\/wp-content\/uploads\/2022\/02\/EU-periscope-photos-12-215-1024x569.jpg 1024w, https:\/\/radioljubuski.ba\/wp-content\/uploads\/2022\/02\/EU-periscope-photos-12-215-300x167.jpg 300w, https:\/\/radioljubuski.ba\/wp-content\/uploads\/2022\/02\/EU-periscope-photos-12-215-768x427.jpg 768w, https:\/\/radioljubuski.ba\/wp-content\/uploads\/2022\/02\/EU-periscope-photos-12-215-18x10.jpg 18w, https:\/\/radioljubuski.ba\/wp-content\/uploads\/2022\/02\/EU-periscope-photos-12-215.jpg 1188w\" sizes=\"auto, (max-width: 1024px) 100vw, 1024px\" \/><\/figure><\/li><li class=\"blocks-gallery-item\"><figure><img loading=\"lazy\" decoding=\"async\" width=\"1024\" height=\"569\" src=\"https:\/\/radioljubuski.ba\/wp-content\/uploads\/2022\/02\/EU-periscope-photos-12-216-1024x569.jpg\" alt=\"\" data-id=\"114166\" data-full-url=\"https:\/\/radioljubuski.ba\/wp-content\/uploads\/2022\/02\/EU-periscope-photos-12-216.jpg\" data-link=\"https:\/\/radioljubuski.ba\/?attachment_id=114166\" class=\"wp-image-114166\" srcset=\"https:\/\/radioljubuski.ba\/wp-content\/uploads\/2022\/02\/EU-periscope-photos-12-216-1024x569.jpg 1024w, https:\/\/radioljubuski.ba\/wp-content\/uploads\/2022\/02\/EU-periscope-photos-12-216-300x167.jpg 300w, https:\/\/radioljubuski.ba\/wp-content\/uploads\/2022\/02\/EU-periscope-photos-12-216-768x427.jpg 768w, https:\/\/radioljubuski.ba\/wp-content\/uploads\/2022\/02\/EU-periscope-photos-12-216-18x10.jpg 18w, https:\/\/radioljubuski.ba\/wp-content\/uploads\/2022\/02\/EU-periscope-photos-12-216.jpg 1188w\" sizes=\"auto, (max-width: 1024px) 100vw, 1024px\" \/><\/figure><\/li><li class=\"blocks-gallery-item\"><figure><img loading=\"lazy\" decoding=\"async\" width=\"1024\" height=\"569\" src=\"https:\/\/radioljubuski.ba\/wp-content\/uploads\/2022\/02\/EU-periscope-photos-12-217-1024x569.jpg\" alt=\"\" data-id=\"114167\" data-full-url=\"https:\/\/radioljubuski.ba\/wp-content\/uploads\/2022\/02\/EU-periscope-photos-12-217.jpg\" data-link=\"https:\/\/radioljubuski.ba\/?attachment_id=114167\" class=\"wp-image-114167\" srcset=\"https:\/\/radioljubuski.ba\/wp-content\/uploads\/2022\/02\/EU-periscope-photos-12-217-1024x569.jpg 1024w, https:\/\/radioljubuski.ba\/wp-content\/uploads\/2022\/02\/EU-periscope-photos-12-217-300x167.jpg 300w, https:\/\/radioljubuski.ba\/wp-content\/uploads\/2022\/02\/EU-periscope-photos-12-217-768x427.jpg 768w, https:\/\/radioljubuski.ba\/wp-content\/uploads\/2022\/02\/EU-periscope-photos-12-217-18x10.jpg 18w, https:\/\/radioljubuski.ba\/wp-content\/uploads\/2022\/02\/EU-periscope-photos-12-217.jpg 1188w\" sizes=\"auto, (max-width: 1024px) 100vw, 1024px\" \/><\/figure><\/li><\/ul><\/figure>\n","protected":false},"excerpt":{"rendered":"<p>Dru\u0161tvo jednakih mogu\u0107nosti za sve gra\u0111ane mogu\u0107e je uz predani rad i zalaganje svih uklju\u010denih u za\u0161titu, o\u010duvanje i promociju ljudskih prava. Pojedinci, udru\u017eenja i institucije \u0161irom Bosne i Hercegovine sura\u0111uju sa lokalnim zajednicama kako bi osobama sa invaliditetom i drugim ranjivim kategorijama gra\u0111ana osigurale nove mogu\u0107nosti. Udru\u017eenje Vedri osmijeh iz Mostara okuplja stotinjak \u010dlanova [&hellip;]<\/p>\n","protected":false},"author":2,"featured_media":114164,"comment_status":"closed","ping_status":"closed","sticky":false,"template":"","format":"standard","meta":{"h5ap_radio_sources":[],"footnotes":""},"categories":[8],"tags":[],"class_list":["post-114160","post","type-post","status-publish","format-standard","has-post-thumbnail","hentry","category-rlj-audio"],"yoast_head":"<!-- This site is optimized with the Yoast SEO plugin v27.4 - https:\/\/yoast.com\/product\/yoast-seo-wordpress\/ -->\n<title>Samopouzdanje i osmijeh na lice ubiranjem plodova vlastitog rada - RADIO LJUBU\u0160KI<\/title>\n<meta name=\"robots\" content=\"index, follow, max-snippet:-1, max-image-preview:large, max-video-preview:-1\" \/>\n<link rel=\"canonical\" href=\"https:\/\/radioljubuski.ba\/index.php\/2022\/02\/17\/samopouzdanje-i-osmijeh-na-lice-ubiranjem-plodova-vlastitog-rada\/\" \/>\n<meta property=\"og:locale\" content=\"hr_HR\" \/>\n<meta property=\"og:type\" content=\"article\" \/>\n<meta property=\"og:title\" content=\"Samopouzdanje i osmijeh na lice ubiranjem plodova vlastitog rada - RADIO LJUBU\u0160KI\" \/>\n<meta property=\"og:description\" content=\"Dru\u0161tvo jednakih mogu\u0107nosti za sve gra\u0111ane mogu\u0107e je uz predani rad i zalaganje svih uklju\u010denih u za\u0161titu, o\u010duvanje i promociju ljudskih prava. Pojedinci, udru\u017eenja i institucije \u0161irom Bosne i Hercegovine sura\u0111uju sa lokalnim zajednicama kako bi osobama sa invaliditetom i drugim ranjivim kategorijama gra\u0111ana osigurale nove mogu\u0107nosti. Udru\u017eenje Vedri osmijeh iz Mostara okuplja stotinjak \u010dlanova [&hellip;]\" \/>\n<meta property=\"og:url\" content=\"https:\/\/radioljubuski.ba\/index.php\/2022\/02\/17\/samopouzdanje-i-osmijeh-na-lice-ubiranjem-plodova-vlastitog-rada\/\" \/>\n<meta property=\"og:site_name\" content=\"RADIO LJUBU\u0160KI\" \/>\n<meta property=\"article:publisher\" content=\"https:\/\/www.facebook.com\/Radiio-Ljubuski-1490835324566332\" \/>\n<meta property=\"article:published_time\" content=\"2022-02-17T10:31:50+00:00\" \/>\n<meta property=\"article:modified_time\" content=\"2022-02-17T10:31:51+00:00\" \/>\n<meta property=\"og:image\" content=\"https:\/\/radioljubuski.ba\/wp-content\/uploads\/2022\/02\/EU-periscope-photos-12-214.jpg\" \/>\n\t<meta property=\"og:image:width\" content=\"1188\" \/>\n\t<meta property=\"og:image:height\" content=\"660\" \/>\n\t<meta property=\"og:image:type\" content=\"image\/jpeg\" \/>\n<meta name=\"author\" content=\"Radio Ljubu\u0161ki\" \/>\n<meta name=\"twitter:card\" content=\"summary_large_image\" \/>\n<meta name=\"twitter:creator\" content=\"@radioljubuski\" \/>\n<meta name=\"twitter:site\" content=\"@radioljubuski\" \/>\n<meta name=\"twitter:label1\" content=\"Napisao\/la\" \/>\n\t<meta name=\"twitter:data1\" content=\"Radio Ljubu\u0161ki\" \/>\n\t<meta name=\"twitter:label2\" content=\"Procijenjeno vrijeme \u010ditanja\" \/>\n\t<meta name=\"twitter:data2\" content=\"3 minute\" \/>\n<script type=\"application\/ld+json\" class=\"yoast-schema-graph\">{\"@context\":\"https:\\\/\\\/schema.org\",\"@graph\":[{\"@type\":\"Article\",\"@id\":\"https:\\\/\\\/radioljubuski.ba\\\/index.php\\\/2022\\\/02\\\/17\\\/samopouzdanje-i-osmijeh-na-lice-ubiranjem-plodova-vlastitog-rada\\\/#article\",\"isPartOf\":{\"@id\":\"https:\\\/\\\/radioljubuski.ba\\\/index.php\\\/2022\\\/02\\\/17\\\/samopouzdanje-i-osmijeh-na-lice-ubiranjem-plodova-vlastitog-rada\\\/\"},\"author\":{\"name\":\"Radio Ljubu\u0161ki\",\"@id\":\"https:\\\/\\\/radioljubuski.ba\\\/#\\\/schema\\\/person\\\/19fc700381a780f69665d7956c469e3b\"},\"headline\":\"Samopouzdanje i osmijeh na lice ubiranjem plodova vlastitog rada\",\"datePublished\":\"2022-02-17T10:31:50+00:00\",\"dateModified\":\"2022-02-17T10:31:51+00:00\",\"mainEntityOfPage\":{\"@id\":\"https:\\\/\\\/radioljubuski.ba\\\/index.php\\\/2022\\\/02\\\/17\\\/samopouzdanje-i-osmijeh-na-lice-ubiranjem-plodova-vlastitog-rada\\\/\"},\"wordCount\":459,\"publisher\":{\"@id\":\"https:\\\/\\\/radioljubuski.ba\\\/#organization\"},\"image\":{\"@id\":\"https:\\\/\\\/radioljubuski.ba\\\/index.php\\\/2022\\\/02\\\/17\\\/samopouzdanje-i-osmijeh-na-lice-ubiranjem-plodova-vlastitog-rada\\\/#primaryimage\"},\"thumbnailUrl\":\"https:\\\/\\\/radioljubuski.ba\\\/wp-content\\\/uploads\\\/2022\\\/02\\\/EU-periscope-photos-12-214.jpg\",\"articleSection\":[\"RLJ Audio\"],\"inLanguage\":\"hr\"},{\"@type\":\"WebPage\",\"@id\":\"https:\\\/\\\/radioljubuski.ba\\\/index.php\\\/2022\\\/02\\\/17\\\/samopouzdanje-i-osmijeh-na-lice-ubiranjem-plodova-vlastitog-rada\\\/\",\"url\":\"https:\\\/\\\/radioljubuski.ba\\\/index.php\\\/2022\\\/02\\\/17\\\/samopouzdanje-i-osmijeh-na-lice-ubiranjem-plodova-vlastitog-rada\\\/\",\"name\":\"Samopouzdanje i osmijeh na lice ubiranjem plodova vlastitog rada - RADIO LJUBU\u0160KI\",\"isPartOf\":{\"@id\":\"https:\\\/\\\/radioljubuski.ba\\\/#website\"},\"primaryImageOfPage\":{\"@id\":\"https:\\\/\\\/radioljubuski.ba\\\/index.php\\\/2022\\\/02\\\/17\\\/samopouzdanje-i-osmijeh-na-lice-ubiranjem-plodova-vlastitog-rada\\\/#primaryimage\"},\"image\":{\"@id\":\"https:\\\/\\\/radioljubuski.ba\\\/index.php\\\/2022\\\/02\\\/17\\\/samopouzdanje-i-osmijeh-na-lice-ubiranjem-plodova-vlastitog-rada\\\/#primaryimage\"},\"thumbnailUrl\":\"https:\\\/\\\/radioljubuski.ba\\\/wp-content\\\/uploads\\\/2022\\\/02\\\/EU-periscope-photos-12-214.jpg\",\"datePublished\":\"2022-02-17T10:31:50+00:00\",\"dateModified\":\"2022-02-17T10:31:51+00:00\",\"breadcrumb\":{\"@id\":\"https:\\\/\\\/radioljubuski.ba\\\/index.php\\\/2022\\\/02\\\/17\\\/samopouzdanje-i-osmijeh-na-lice-ubiranjem-plodova-vlastitog-rada\\\/#breadcrumb\"},\"inLanguage\":\"hr\",\"potentialAction\":[{\"@type\":\"ReadAction\",\"target\":[\"https:\\\/\\\/radioljubuski.ba\\\/index.php\\\/2022\\\/02\\\/17\\\/samopouzdanje-i-osmijeh-na-lice-ubiranjem-plodova-vlastitog-rada\\\/\"]}]},{\"@type\":\"ImageObject\",\"inLanguage\":\"hr\",\"@id\":\"https:\\\/\\\/radioljubuski.ba\\\/index.php\\\/2022\\\/02\\\/17\\\/samopouzdanje-i-osmijeh-na-lice-ubiranjem-plodova-vlastitog-rada\\\/#primaryimage\",\"url\":\"https:\\\/\\\/radioljubuski.ba\\\/wp-content\\\/uploads\\\/2022\\\/02\\\/EU-periscope-photos-12-214.jpg\",\"contentUrl\":\"https:\\\/\\\/radioljubuski.ba\\\/wp-content\\\/uploads\\\/2022\\\/02\\\/EU-periscope-photos-12-214.jpg\",\"width\":1188,\"height\":660},{\"@type\":\"BreadcrumbList\",\"@id\":\"https:\\\/\\\/radioljubuski.ba\\\/index.php\\\/2022\\\/02\\\/17\\\/samopouzdanje-i-osmijeh-na-lice-ubiranjem-plodova-vlastitog-rada\\\/#breadcrumb\",\"itemListElement\":[{\"@type\":\"ListItem\",\"position\":1,\"name\":\"Po\u010detna stranica\",\"item\":\"https:\\\/\\\/radioljubuski.ba\\\/\"},{\"@type\":\"ListItem\",\"position\":2,\"name\":\"Samopouzdanje i osmijeh na lice ubiranjem plodova vlastitog rada\"}]},{\"@type\":\"WebSite\",\"@id\":\"https:\\\/\\\/radioljubuski.ba\\\/#website\",\"url\":\"https:\\\/\\\/radioljubuski.ba\\\/\",\"name\":\"Radio Ljubu\u0161ki\",\"description\":\"Sun\u010dana frekvencija Hercegovine\",\"publisher\":{\"@id\":\"https:\\\/\\\/radioljubuski.ba\\\/#organization\"},\"potentialAction\":[{\"@type\":\"SearchAction\",\"target\":{\"@type\":\"EntryPoint\",\"urlTemplate\":\"https:\\\/\\\/radioljubuski.ba\\\/?s={search_term_string}\"},\"query-input\":{\"@type\":\"PropertyValueSpecification\",\"valueRequired\":true,\"valueName\":\"search_term_string\"}}],\"inLanguage\":\"hr\"},{\"@type\":\"Organization\",\"@id\":\"https:\\\/\\\/radioljubuski.ba\\\/#organization\",\"name\":\"Radio Ljubu\u0161ki\",\"url\":\"https:\\\/\\\/radioljubuski.ba\\\/\",\"logo\":{\"@type\":\"ImageObject\",\"inLanguage\":\"hr\",\"@id\":\"https:\\\/\\\/radioljubuski.ba\\\/#\\\/schema\\\/logo\\\/image\\\/\",\"url\":\"https:\\\/\\\/radioljubuski.ba\\\/wp-content\\\/uploads\\\/2021\\\/02\\\/cropped-Radio_Ljubuski_logo1.jpg\",\"contentUrl\":\"https:\\\/\\\/radioljubuski.ba\\\/wp-content\\\/uploads\\\/2021\\\/02\\\/cropped-Radio_Ljubuski_logo1.jpg\",\"width\":512,\"height\":512,\"caption\":\"Radio Ljubu\u0161ki\"},\"image\":{\"@id\":\"https:\\\/\\\/radioljubuski.ba\\\/#\\\/schema\\\/logo\\\/image\\\/\"},\"sameAs\":[\"https:\\\/\\\/www.facebook.com\\\/Radiio-Ljubuski-1490835324566332\",\"https:\\\/\\\/x.com\\\/radioljubuski\",\"https:\\\/\\\/hr.linkedin.com\\\/company\\\/radio-ljubuski\",\"https:\\\/\\\/www.youtube.com\\\/channel\\\/UCHYaeO_n0Db3tjNGudGpXyw\"]},{\"@type\":\"Person\",\"@id\":\"https:\\\/\\\/radioljubuski.ba\\\/#\\\/schema\\\/person\\\/19fc700381a780f69665d7956c469e3b\",\"name\":\"Radio Ljubu\u0161ki\"}]}<\/script>\n<!-- \/ Yoast SEO plugin. -->","yoast_head_json":{"title":"Samopouzdanje i osmijeh na lice ubiranjem plodova vlastitog rada - RADIO LJUBU\u0160KI","robots":{"index":"index","follow":"follow","max-snippet":"max-snippet:-1","max-image-preview":"max-image-preview:large","max-video-preview":"max-video-preview:-1"},"canonical":"https:\/\/radioljubuski.ba\/index.php\/2022\/02\/17\/samopouzdanje-i-osmijeh-na-lice-ubiranjem-plodova-vlastitog-rada\/","og_locale":"hr_HR","og_type":"article","og_title":"Samopouzdanje i osmijeh na lice ubiranjem plodova vlastitog rada - RADIO LJUBU\u0160KI","og_description":"Dru\u0161tvo jednakih mogu\u0107nosti za sve gra\u0111ane mogu\u0107e je uz predani rad i zalaganje svih uklju\u010denih u za\u0161titu, o\u010duvanje i promociju ljudskih prava. Pojedinci, udru\u017eenja i institucije \u0161irom Bosne i Hercegovine sura\u0111uju sa lokalnim zajednicama kako bi osobama sa invaliditetom i drugim ranjivim kategorijama gra\u0111ana osigurale nove mogu\u0107nosti. Udru\u017eenje Vedri osmijeh iz Mostara okuplja stotinjak \u010dlanova [&hellip;]","og_url":"https:\/\/radioljubuski.ba\/index.php\/2022\/02\/17\/samopouzdanje-i-osmijeh-na-lice-ubiranjem-plodova-vlastitog-rada\/","og_site_name":"RADIO LJUBU\u0160KI","article_publisher":"https:\/\/www.facebook.com\/Radiio-Ljubuski-1490835324566332","article_published_time":"2022-02-17T10:31:50+00:00","article_modified_time":"2022-02-17T10:31:51+00:00","og_image":[{"width":1188,"height":660,"url":"https:\/\/radioljubuski.ba\/wp-content\/uploads\/2022\/02\/EU-periscope-photos-12-214.jpg","type":"image\/jpeg"}],"author":"Radio Ljubu\u0161ki","twitter_card":"summary_large_image","twitter_creator":"@radioljubuski","twitter_site":"@radioljubuski","twitter_misc":{"Napisao\/la":"Radio Ljubu\u0161ki","Procijenjeno vrijeme \u010ditanja":"3 minute"},"schema":{"@context":"https:\/\/schema.org","@graph":[{"@type":"Article","@id":"https:\/\/radioljubuski.ba\/index.php\/2022\/02\/17\/samopouzdanje-i-osmijeh-na-lice-ubiranjem-plodova-vlastitog-rada\/#article","isPartOf":{"@id":"https:\/\/radioljubuski.ba\/index.php\/2022\/02\/17\/samopouzdanje-i-osmijeh-na-lice-ubiranjem-plodova-vlastitog-rada\/"},"author":{"name":"Radio Ljubu\u0161ki","@id":"https:\/\/radioljubuski.ba\/#\/schema\/person\/19fc700381a780f69665d7956c469e3b"},"headline":"Samopouzdanje i osmijeh na lice ubiranjem plodova vlastitog rada","datePublished":"2022-02-17T10:31:50+00:00","dateModified":"2022-02-17T10:31:51+00:00","mainEntityOfPage":{"@id":"https:\/\/radioljubuski.ba\/index.php\/2022\/02\/17\/samopouzdanje-i-osmijeh-na-lice-ubiranjem-plodova-vlastitog-rada\/"},"wordCount":459,"publisher":{"@id":"https:\/\/radioljubuski.ba\/#organization"},"image":{"@id":"https:\/\/radioljubuski.ba\/index.php\/2022\/02\/17\/samopouzdanje-i-osmijeh-na-lice-ubiranjem-plodova-vlastitog-rada\/#primaryimage"},"thumbnailUrl":"https:\/\/radioljubuski.ba\/wp-content\/uploads\/2022\/02\/EU-periscope-photos-12-214.jpg","articleSection":["RLJ Audio"],"inLanguage":"hr"},{"@type":"WebPage","@id":"https:\/\/radioljubuski.ba\/index.php\/2022\/02\/17\/samopouzdanje-i-osmijeh-na-lice-ubiranjem-plodova-vlastitog-rada\/","url":"https:\/\/radioljubuski.ba\/index.php\/2022\/02\/17\/samopouzdanje-i-osmijeh-na-lice-ubiranjem-plodova-vlastitog-rada\/","name":"Samopouzdanje i osmijeh na lice ubiranjem plodova vlastitog rada - RADIO LJUBU\u0160KI","isPartOf":{"@id":"https:\/\/radioljubuski.ba\/#website"},"primaryImageOfPage":{"@id":"https:\/\/radioljubuski.ba\/index.php\/2022\/02\/17\/samopouzdanje-i-osmijeh-na-lice-ubiranjem-plodova-vlastitog-rada\/#primaryimage"},"image":{"@id":"https:\/\/radioljubuski.ba\/index.php\/2022\/02\/17\/samopouzdanje-i-osmijeh-na-lice-ubiranjem-plodova-vlastitog-rada\/#primaryimage"},"thumbnailUrl":"https:\/\/radioljubuski.ba\/wp-content\/uploads\/2022\/02\/EU-periscope-photos-12-214.jpg","datePublished":"2022-02-17T10:31:50+00:00","dateModified":"2022-02-17T10:31:51+00:00","breadcrumb":{"@id":"https:\/\/radioljubuski.ba\/index.php\/2022\/02\/17\/samopouzdanje-i-osmijeh-na-lice-ubiranjem-plodova-vlastitog-rada\/#breadcrumb"},"inLanguage":"hr","potentialAction":[{"@type":"ReadAction","target":["https:\/\/radioljubuski.ba\/index.php\/2022\/02\/17\/samopouzdanje-i-osmijeh-na-lice-ubiranjem-plodova-vlastitog-rada\/"]}]},{"@type":"ImageObject","inLanguage":"hr","@id":"https:\/\/radioljubuski.ba\/index.php\/2022\/02\/17\/samopouzdanje-i-osmijeh-na-lice-ubiranjem-plodova-vlastitog-rada\/#primaryimage","url":"https:\/\/radioljubuski.ba\/wp-content\/uploads\/2022\/02\/EU-periscope-photos-12-214.jpg","contentUrl":"https:\/\/radioljubuski.ba\/wp-content\/uploads\/2022\/02\/EU-periscope-photos-12-214.jpg","width":1188,"height":660},{"@type":"BreadcrumbList","@id":"https:\/\/radioljubuski.ba\/index.php\/2022\/02\/17\/samopouzdanje-i-osmijeh-na-lice-ubiranjem-plodova-vlastitog-rada\/#breadcrumb","itemListElement":[{"@type":"ListItem","position":1,"name":"Po\u010detna stranica","item":"https:\/\/radioljubuski.ba\/"},{"@type":"ListItem","position":2,"name":"Samopouzdanje i osmijeh na lice ubiranjem plodova vlastitog rada"}]},{"@type":"WebSite","@id":"https:\/\/radioljubuski.ba\/#website","url":"https:\/\/radioljubuski.ba\/","name":"Radio Ljubu\u0161ki","description":"Sun\u010dana frekvencija Hercegovine","publisher":{"@id":"https:\/\/radioljubuski.ba\/#organization"},"potentialAction":[{"@type":"SearchAction","target":{"@type":"EntryPoint","urlTemplate":"https:\/\/radioljubuski.ba\/?s={search_term_string}"},"query-input":{"@type":"PropertyValueSpecification","valueRequired":true,"valueName":"search_term_string"}}],"inLanguage":"hr"},{"@type":"Organization","@id":"https:\/\/radioljubuski.ba\/#organization","name":"Radio Ljubu\u0161ki","url":"https:\/\/radioljubuski.ba\/","logo":{"@type":"ImageObject","inLanguage":"hr","@id":"https:\/\/radioljubuski.ba\/#\/schema\/logo\/image\/","url":"https:\/\/radioljubuski.ba\/wp-content\/uploads\/2021\/02\/cropped-Radio_Ljubuski_logo1.jpg","contentUrl":"https:\/\/radioljubuski.ba\/wp-content\/uploads\/2021\/02\/cropped-Radio_Ljubuski_logo1.jpg","width":512,"height":512,"caption":"Radio Ljubu\u0161ki"},"image":{"@id":"https:\/\/radioljubuski.ba\/#\/schema\/logo\/image\/"},"sameAs":["https:\/\/www.facebook.com\/Radiio-Ljubuski-1490835324566332","https:\/\/x.com\/radioljubuski","https:\/\/hr.linkedin.com\/company\/radio-ljubuski","https:\/\/www.youtube.com\/channel\/UCHYaeO_n0Db3tjNGudGpXyw"]},{"@type":"Person","@id":"https:\/\/radioljubuski.ba\/#\/schema\/person\/19fc700381a780f69665d7956c469e3b","name":"Radio Ljubu\u0161ki"}]}},"_links":{"self":[{"href":"https:\/\/radioljubuski.ba\/index.php\/wp-json\/wp\/v2\/posts\/114160","targetHints":{"allow":["GET"]}}],"collection":[{"href":"https:\/\/radioljubuski.ba\/index.php\/wp-json\/wp\/v2\/posts"}],"about":[{"href":"https:\/\/radioljubuski.ba\/index.php\/wp-json\/wp\/v2\/types\/post"}],"author":[{"embeddable":true,"href":"https:\/\/radioljubuski.ba\/index.php\/wp-json\/wp\/v2\/users\/2"}],"replies":[{"embeddable":true,"href":"https:\/\/radioljubuski.ba\/index.php\/wp-json\/wp\/v2\/comments?post=114160"}],"version-history":[{"count":1,"href":"https:\/\/radioljubuski.ba\/index.php\/wp-json\/wp\/v2\/posts\/114160\/revisions"}],"predecessor-version":[{"id":114168,"href":"https:\/\/radioljubuski.ba\/index.php\/wp-json\/wp\/v2\/posts\/114160\/revisions\/114168"}],"wp:featuredmedia":[{"embeddable":true,"href":"https:\/\/radioljubuski.ba\/index.php\/wp-json\/wp\/v2\/media\/114164"}],"wp:attachment":[{"href":"https:\/\/radioljubuski.ba\/index.php\/wp-json\/wp\/v2\/media?parent=114160"}],"wp:term":[{"taxonomy":"category","embeddable":true,"href":"https:\/\/radioljubuski.ba\/index.php\/wp-json\/wp\/v2\/categories?post=114160"},{"taxonomy":"post_tag","embeddable":true,"href":"https:\/\/radioljubuski.ba\/index.php\/wp-json\/wp\/v2\/tags?post=114160"}],"curies":[{"name":"wp","href":"https:\/\/api.w.org\/{rel}","templated":true}]}}