{"id":114313,"date":"2022-02-17T13:25:31","date_gmt":"2022-02-17T12:25:31","guid":{"rendered":"https:\/\/radioljubuski.ba\/?p=114313"},"modified":"2022-04-25T13:10:44","modified_gmt":"2022-04-25T12:10:44","slug":"ljilja-i-branka-sestre-iz-ljubuskog-amaterske-slikarice-slikanje-bismo-preporucile-svima","status":"publish","type":"post","link":"https:\/\/radioljubuski.ba\/index.php\/2022\/02\/17\/ljilja-i-branka-sestre-iz-ljubuskog-amaterske-slikarice-slikanje-bismo-preporucile-svima\/","title":{"rendered":"Ljilja i Branka, sestre iz Ljubu\u0161kog amaterske slikarice: &#8220;Slikanje bismo preporu\u010dile svima!&#8221; &#8211; audio"},"content":{"rendered":"\n<p>U programu Radija Ljubu\u0161ki ugostili smo amaterske slikarice iz Ljubu\u0161kog sestre Ljilju Petkovi\u0107 i Branku Matija\u0161evi\u0107.<\/p>\n\n\n\n<p>Njih dvije su polaznice te\u010daja crtanja i slikanja u Knji\u017enici Ljubu\u0161ki u kojoj je trenutno u sklopu obilje\u017eavanja dana Grada otvorena skupna izlo\u017eba slika sudionika &#8220;Eko likovne kolonije&#8221; na kojoj su sudjelovale na\u0161e go\u0161\u0107e. <\/p>\n\n\n\n<p>U razgovoru s njima otkrile su nam kako uskoro planiraju organizirati zajedni\u010dku izlo\u017ebu slika, te kako ih slikanje veseli i opu\u0161ta.<br><br>No to nisu jedini talenti na\u0161ih go\u0161\u0107a, uz slikanje obje vole i pjevati, a Ljilja sa suprugom Antom godinama nastupa kao glazbeni duo. <\/p>\n\n\n\n<p>\u201e Pjesma nas povezuje i bodri u svim pa i onim najte\u017eim \u017eivotnim situacijama, treba znati \u017eivjeti i nositi se hrabro sa \u017eivotom, u\u017eivati u jednostavnim, svakodnevnim, naizgled obi\u010dnim stvarima\u201c isti\u010de Ljlilja.<br><br>\u201eDolazimo iz velike obitelji, odgojene smo u katoli\u010dkom duhu, vjera nam puno zna\u010di, ona nas vodi da svakog dana pronalazimo ljepotu oko nas, bilo da je rije\u010d o prirodi \u010diju ljepotu prenosimo na slikarska platna ili susretu sa obitelji i dragim ljudima,\u201c rekla nam je Branka.<br><br>\u201eNe \u017eivi \u010dovjek samo o kruhu nego o svakoj rije\u010di koja dolazi iz usta Bo\u017ejih &#8211;  poruka je koju nam je prenio na\u0161 otac i koje se dr\u017eimo&#8221;, kazale su.<br><br>Razgovor se dotaknuo i teme odgoja u obitelji, usporedili smo odgoj u kojem su same odrastale sa dana\u0161njim odgojem i \u017eivotom. <br><br>\u201e\u010covjek danas nema vremena sjesti sam sa sobom i vidjeti \u0161to je unutra, prioritete je danas te\u0161ko poslo\u017eiti. \u010covjek danas treba odlu\u010diti \u0161to mu je va\u017enije, sjesti sa svojom djecom i obitelji ili provesti to vrijeme recimo u \u010di\u0161\u0107enju ku\u0107e. Mi smo danas bake i do\u0161le smo do toga da znamo da je najva\u017enije dru\u017eiti se sa svojom djecom, upoznati ih, provesti vrijeme s njima.\u201c<br><br>\u201eIskustvo te\u010daja crtanja i slikanja i samo sudjelovanje na likovnoj koloniji nas je obogatilo i uljep\u0161alo nam \u017eivot, \u017eelimo to isto preporu\u010diti svima, uskoro kre\u0107e novi ciklus te\u010daja crtanja i slikanja u Knji\u017enici. Preporu\u010dujemo svima, osobito \u017eenama u mirovini da se prijave\u201e poru\u010duju na\u0161e go\u0161\u0107e.<\/p>\n\n\n\n<p>Izlo\u017ebu slika nastalih na Eko likovnoj koloniji mo\u017eete pogledati u Knji\u017enici Ljubu\u0161ki do kraja velja\u010de, a ujedno se mo\u017eete i prijaviti na novi ciklus te\u010daja.<br><br>U audio zapisu poslu\u0161ajte cijeli razgovor s na\u0161im go\u0161\u0107ama.<\/p>\n\n\n\n<iframe src=\"https:\/\/drive.google.com\/file\/d\/140VxvNNBWQZuF2ZhmcjKPqJWwYNXA9RK\/preview\" style=\"width: 100%; height: 100px;\"><\/iframe>\n\n\n\n<p><strong>Bjanka Medi\u0107 \/ Radio Ljubu\u0161ki<\/strong><\/p>\n","protected":false},"excerpt":{"rendered":"<p>U programu Radija Ljubu\u0161ki ugostili smo amaterske slikarice iz Ljubu\u0161kog sestre Ljilju Petkovi\u0107 i Branku Matija\u0161evi\u0107. Njih dvije su polaznice te\u010daja crtanja i slikanja u Knji\u017enici Ljubu\u0161ki u kojoj je trenutno u sklopu obilje\u017eavanja dana Grada otvorena skupna izlo\u017eba slika sudionika &#8220;Eko likovne kolonije&#8221; na kojoj su sudjelovale na\u0161e go\u0161\u0107e. U razgovoru s njima otkrile [&hellip;]<\/p>\n","protected":false},"author":2,"featured_media":114323,"comment_status":"closed","ping_status":"closed","sticky":false,"template":"","format":"standard","meta":{"h5ap_radio_sources":[],"footnotes":""},"categories":[8],"tags":[],"class_list":["post-114313","post","type-post","status-publish","format-standard","has-post-thumbnail","hentry","category-rlj-audio"],"yoast_head":"<!-- This site is optimized with the Yoast SEO plugin v27.4 - https:\/\/yoast.com\/product\/yoast-seo-wordpress\/ -->\n<title>Ljilja i Branka, sestre iz Ljubu\u0161kog amaterske slikarice: &quot;Slikanje bismo preporu\u010dile svima!&quot; - audio - RADIO LJUBU\u0160KI<\/title>\n<meta name=\"robots\" content=\"index, follow, max-snippet:-1, max-image-preview:large, max-video-preview:-1\" \/>\n<link rel=\"canonical\" href=\"https:\/\/radioljubuski.ba\/index.php\/2022\/02\/17\/ljilja-i-branka-sestre-iz-ljubuskog-amaterske-slikarice-slikanje-bismo-preporucile-svima\/\" \/>\n<meta property=\"og:locale\" content=\"hr_HR\" \/>\n<meta property=\"og:type\" content=\"article\" \/>\n<meta property=\"og:title\" content=\"Ljilja i Branka, sestre iz Ljubu\u0161kog amaterske slikarice: &quot;Slikanje bismo preporu\u010dile svima!&quot; - audio - RADIO LJUBU\u0160KI\" \/>\n<meta property=\"og:description\" content=\"U programu Radija Ljubu\u0161ki ugostili smo amaterske slikarice iz Ljubu\u0161kog sestre Ljilju Petkovi\u0107 i Branku Matija\u0161evi\u0107. Njih dvije su polaznice te\u010daja crtanja i slikanja u Knji\u017enici Ljubu\u0161ki u kojoj je trenutno u sklopu obilje\u017eavanja dana Grada otvorena skupna izlo\u017eba slika sudionika &#8220;Eko likovne kolonije&#8221; na kojoj su sudjelovale na\u0161e go\u0161\u0107e. U razgovoru s njima otkrile [&hellip;]\" \/>\n<meta property=\"og:url\" content=\"https:\/\/radioljubuski.ba\/index.php\/2022\/02\/17\/ljilja-i-branka-sestre-iz-ljubuskog-amaterske-slikarice-slikanje-bismo-preporucile-svima\/\" \/>\n<meta property=\"og:site_name\" content=\"RADIO LJUBU\u0160KI\" \/>\n<meta property=\"article:publisher\" content=\"https:\/\/www.facebook.com\/Radiio-Ljubuski-1490835324566332\" \/>\n<meta property=\"article:published_time\" content=\"2022-02-17T12:25:31+00:00\" \/>\n<meta property=\"article:modified_time\" content=\"2022-04-25T12:10:44+00:00\" \/>\n<meta property=\"og:image\" content=\"https:\/\/radioljubuski.ba\/wp-content\/uploads\/2022\/02\/sestre-petkovic.jpg\" \/>\n\t<meta property=\"og:image:width\" content=\"1363\" \/>\n\t<meta property=\"og:image:height\" content=\"769\" \/>\n\t<meta property=\"og:image:type\" content=\"image\/jpeg\" \/>\n<meta name=\"author\" content=\"Radio Ljubu\u0161ki\" \/>\n<meta name=\"twitter:card\" content=\"summary_large_image\" \/>\n<meta name=\"twitter:creator\" content=\"@radioljubuski\" \/>\n<meta name=\"twitter:site\" content=\"@radioljubuski\" \/>\n<meta name=\"twitter:label1\" content=\"Napisao\/la\" \/>\n\t<meta name=\"twitter:data1\" content=\"Radio Ljubu\u0161ki\" \/>\n\t<meta name=\"twitter:label2\" content=\"Procijenjeno vrijeme \u010ditanja\" \/>\n\t<meta name=\"twitter:data2\" content=\"2 minute\" \/>\n<script type=\"application\/ld+json\" class=\"yoast-schema-graph\">{\"@context\":\"https:\\\/\\\/schema.org\",\"@graph\":[{\"@type\":\"Article\",\"@id\":\"https:\\\/\\\/radioljubuski.ba\\\/index.php\\\/2022\\\/02\\\/17\\\/ljilja-i-branka-sestre-iz-ljubuskog-amaterske-slikarice-slikanje-bismo-preporucile-svima\\\/#article\",\"isPartOf\":{\"@id\":\"https:\\\/\\\/radioljubuski.ba\\\/index.php\\\/2022\\\/02\\\/17\\\/ljilja-i-branka-sestre-iz-ljubuskog-amaterske-slikarice-slikanje-bismo-preporucile-svima\\\/\"},\"author\":{\"name\":\"Radio Ljubu\u0161ki\",\"@id\":\"https:\\\/\\\/radioljubuski.ba\\\/#\\\/schema\\\/person\\\/19fc700381a780f69665d7956c469e3b\"},\"headline\":\"Ljilja i Branka, sestre iz Ljubu\u0161kog amaterske slikarice: &#8220;Slikanje bismo preporu\u010dile svima!&#8221; &#8211; audio\",\"datePublished\":\"2022-02-17T12:25:31+00:00\",\"dateModified\":\"2022-04-25T12:10:44+00:00\",\"mainEntityOfPage\":{\"@id\":\"https:\\\/\\\/radioljubuski.ba\\\/index.php\\\/2022\\\/02\\\/17\\\/ljilja-i-branka-sestre-iz-ljubuskog-amaterske-slikarice-slikanje-bismo-preporucile-svima\\\/\"},\"wordCount\":441,\"publisher\":{\"@id\":\"https:\\\/\\\/radioljubuski.ba\\\/#organization\"},\"image\":{\"@id\":\"https:\\\/\\\/radioljubuski.ba\\\/index.php\\\/2022\\\/02\\\/17\\\/ljilja-i-branka-sestre-iz-ljubuskog-amaterske-slikarice-slikanje-bismo-preporucile-svima\\\/#primaryimage\"},\"thumbnailUrl\":\"https:\\\/\\\/radioljubuski.ba\\\/wp-content\\\/uploads\\\/2022\\\/02\\\/sestre-petkovic.jpg\",\"articleSection\":[\"RLJ Audio\"],\"inLanguage\":\"hr\"},{\"@type\":\"WebPage\",\"@id\":\"https:\\\/\\\/radioljubuski.ba\\\/index.php\\\/2022\\\/02\\\/17\\\/ljilja-i-branka-sestre-iz-ljubuskog-amaterske-slikarice-slikanje-bismo-preporucile-svima\\\/\",\"url\":\"https:\\\/\\\/radioljubuski.ba\\\/index.php\\\/2022\\\/02\\\/17\\\/ljilja-i-branka-sestre-iz-ljubuskog-amaterske-slikarice-slikanje-bismo-preporucile-svima\\\/\",\"name\":\"Ljilja i Branka, sestre iz Ljubu\u0161kog amaterske slikarice: \\\"Slikanje bismo preporu\u010dile svima!\\\" - audio - RADIO LJUBU\u0160KI\",\"isPartOf\":{\"@id\":\"https:\\\/\\\/radioljubuski.ba\\\/#website\"},\"primaryImageOfPage\":{\"@id\":\"https:\\\/\\\/radioljubuski.ba\\\/index.php\\\/2022\\\/02\\\/17\\\/ljilja-i-branka-sestre-iz-ljubuskog-amaterske-slikarice-slikanje-bismo-preporucile-svima\\\/#primaryimage\"},\"image\":{\"@id\":\"https:\\\/\\\/radioljubuski.ba\\\/index.php\\\/2022\\\/02\\\/17\\\/ljilja-i-branka-sestre-iz-ljubuskog-amaterske-slikarice-slikanje-bismo-preporucile-svima\\\/#primaryimage\"},\"thumbnailUrl\":\"https:\\\/\\\/radioljubuski.ba\\\/wp-content\\\/uploads\\\/2022\\\/02\\\/sestre-petkovic.jpg\",\"datePublished\":\"2022-02-17T12:25:31+00:00\",\"dateModified\":\"2022-04-25T12:10:44+00:00\",\"breadcrumb\":{\"@id\":\"https:\\\/\\\/radioljubuski.ba\\\/index.php\\\/2022\\\/02\\\/17\\\/ljilja-i-branka-sestre-iz-ljubuskog-amaterske-slikarice-slikanje-bismo-preporucile-svima\\\/#breadcrumb\"},\"inLanguage\":\"hr\",\"potentialAction\":[{\"@type\":\"ReadAction\",\"target\":[\"https:\\\/\\\/radioljubuski.ba\\\/index.php\\\/2022\\\/02\\\/17\\\/ljilja-i-branka-sestre-iz-ljubuskog-amaterske-slikarice-slikanje-bismo-preporucile-svima\\\/\"]}]},{\"@type\":\"ImageObject\",\"inLanguage\":\"hr\",\"@id\":\"https:\\\/\\\/radioljubuski.ba\\\/index.php\\\/2022\\\/02\\\/17\\\/ljilja-i-branka-sestre-iz-ljubuskog-amaterske-slikarice-slikanje-bismo-preporucile-svima\\\/#primaryimage\",\"url\":\"https:\\\/\\\/radioljubuski.ba\\\/wp-content\\\/uploads\\\/2022\\\/02\\\/sestre-petkovic.jpg\",\"contentUrl\":\"https:\\\/\\\/radioljubuski.ba\\\/wp-content\\\/uploads\\\/2022\\\/02\\\/sestre-petkovic.jpg\",\"width\":1363,\"height\":769},{\"@type\":\"BreadcrumbList\",\"@id\":\"https:\\\/\\\/radioljubuski.ba\\\/index.php\\\/2022\\\/02\\\/17\\\/ljilja-i-branka-sestre-iz-ljubuskog-amaterske-slikarice-slikanje-bismo-preporucile-svima\\\/#breadcrumb\",\"itemListElement\":[{\"@type\":\"ListItem\",\"position\":1,\"name\":\"Po\u010detna stranica\",\"item\":\"https:\\\/\\\/radioljubuski.ba\\\/\"},{\"@type\":\"ListItem\",\"position\":2,\"name\":\"Ljilja i Branka, sestre iz Ljubu\u0161kog amaterske slikarice: &#8220;Slikanje bismo preporu\u010dile svima!&#8221; &#8211; audio\"}]},{\"@type\":\"WebSite\",\"@id\":\"https:\\\/\\\/radioljubuski.ba\\\/#website\",\"url\":\"https:\\\/\\\/radioljubuski.ba\\\/\",\"name\":\"Radio Ljubu\u0161ki\",\"description\":\"Sun\u010dana frekvencija Hercegovine\",\"publisher\":{\"@id\":\"https:\\\/\\\/radioljubuski.ba\\\/#organization\"},\"potentialAction\":[{\"@type\":\"SearchAction\",\"target\":{\"@type\":\"EntryPoint\",\"urlTemplate\":\"https:\\\/\\\/radioljubuski.ba\\\/?s={search_term_string}\"},\"query-input\":{\"@type\":\"PropertyValueSpecification\",\"valueRequired\":true,\"valueName\":\"search_term_string\"}}],\"inLanguage\":\"hr\"},{\"@type\":\"Organization\",\"@id\":\"https:\\\/\\\/radioljubuski.ba\\\/#organization\",\"name\":\"Radio Ljubu\u0161ki\",\"url\":\"https:\\\/\\\/radioljubuski.ba\\\/\",\"logo\":{\"@type\":\"ImageObject\",\"inLanguage\":\"hr\",\"@id\":\"https:\\\/\\\/radioljubuski.ba\\\/#\\\/schema\\\/logo\\\/image\\\/\",\"url\":\"https:\\\/\\\/radioljubuski.ba\\\/wp-content\\\/uploads\\\/2021\\\/02\\\/cropped-Radio_Ljubuski_logo1.jpg\",\"contentUrl\":\"https:\\\/\\\/radioljubuski.ba\\\/wp-content\\\/uploads\\\/2021\\\/02\\\/cropped-Radio_Ljubuski_logo1.jpg\",\"width\":512,\"height\":512,\"caption\":\"Radio Ljubu\u0161ki\"},\"image\":{\"@id\":\"https:\\\/\\\/radioljubuski.ba\\\/#\\\/schema\\\/logo\\\/image\\\/\"},\"sameAs\":[\"https:\\\/\\\/www.facebook.com\\\/Radiio-Ljubuski-1490835324566332\",\"https:\\\/\\\/x.com\\\/radioljubuski\",\"https:\\\/\\\/hr.linkedin.com\\\/company\\\/radio-ljubuski\",\"https:\\\/\\\/www.youtube.com\\\/channel\\\/UCHYaeO_n0Db3tjNGudGpXyw\"]},{\"@type\":\"Person\",\"@id\":\"https:\\\/\\\/radioljubuski.ba\\\/#\\\/schema\\\/person\\\/19fc700381a780f69665d7956c469e3b\",\"name\":\"Radio Ljubu\u0161ki\"}]}<\/script>\n<!-- \/ Yoast SEO plugin. -->","yoast_head_json":{"title":"Ljilja i Branka, sestre iz Ljubu\u0161kog amaterske slikarice: \"Slikanje bismo preporu\u010dile svima!\" - audio - RADIO LJUBU\u0160KI","robots":{"index":"index","follow":"follow","max-snippet":"max-snippet:-1","max-image-preview":"max-image-preview:large","max-video-preview":"max-video-preview:-1"},"canonical":"https:\/\/radioljubuski.ba\/index.php\/2022\/02\/17\/ljilja-i-branka-sestre-iz-ljubuskog-amaterske-slikarice-slikanje-bismo-preporucile-svima\/","og_locale":"hr_HR","og_type":"article","og_title":"Ljilja i Branka, sestre iz Ljubu\u0161kog amaterske slikarice: \"Slikanje bismo preporu\u010dile svima!\" - audio - RADIO LJUBU\u0160KI","og_description":"U programu Radija Ljubu\u0161ki ugostili smo amaterske slikarice iz Ljubu\u0161kog sestre Ljilju Petkovi\u0107 i Branku Matija\u0161evi\u0107. Njih dvije su polaznice te\u010daja crtanja i slikanja u Knji\u017enici Ljubu\u0161ki u kojoj je trenutno u sklopu obilje\u017eavanja dana Grada otvorena skupna izlo\u017eba slika sudionika &#8220;Eko likovne kolonije&#8221; na kojoj su sudjelovale na\u0161e go\u0161\u0107e. U razgovoru s njima otkrile [&hellip;]","og_url":"https:\/\/radioljubuski.ba\/index.php\/2022\/02\/17\/ljilja-i-branka-sestre-iz-ljubuskog-amaterske-slikarice-slikanje-bismo-preporucile-svima\/","og_site_name":"RADIO LJUBU\u0160KI","article_publisher":"https:\/\/www.facebook.com\/Radiio-Ljubuski-1490835324566332","article_published_time":"2022-02-17T12:25:31+00:00","article_modified_time":"2022-04-25T12:10:44+00:00","og_image":[{"width":1363,"height":769,"url":"https:\/\/radioljubuski.ba\/wp-content\/uploads\/2022\/02\/sestre-petkovic.jpg","type":"image\/jpeg"}],"author":"Radio Ljubu\u0161ki","twitter_card":"summary_large_image","twitter_creator":"@radioljubuski","twitter_site":"@radioljubuski","twitter_misc":{"Napisao\/la":"Radio Ljubu\u0161ki","Procijenjeno vrijeme \u010ditanja":"2 minute"},"schema":{"@context":"https:\/\/schema.org","@graph":[{"@type":"Article","@id":"https:\/\/radioljubuski.ba\/index.php\/2022\/02\/17\/ljilja-i-branka-sestre-iz-ljubuskog-amaterske-slikarice-slikanje-bismo-preporucile-svima\/#article","isPartOf":{"@id":"https:\/\/radioljubuski.ba\/index.php\/2022\/02\/17\/ljilja-i-branka-sestre-iz-ljubuskog-amaterske-slikarice-slikanje-bismo-preporucile-svima\/"},"author":{"name":"Radio Ljubu\u0161ki","@id":"https:\/\/radioljubuski.ba\/#\/schema\/person\/19fc700381a780f69665d7956c469e3b"},"headline":"Ljilja i Branka, sestre iz Ljubu\u0161kog amaterske slikarice: &#8220;Slikanje bismo preporu\u010dile svima!&#8221; &#8211; audio","datePublished":"2022-02-17T12:25:31+00:00","dateModified":"2022-04-25T12:10:44+00:00","mainEntityOfPage":{"@id":"https:\/\/radioljubuski.ba\/index.php\/2022\/02\/17\/ljilja-i-branka-sestre-iz-ljubuskog-amaterske-slikarice-slikanje-bismo-preporucile-svima\/"},"wordCount":441,"publisher":{"@id":"https:\/\/radioljubuski.ba\/#organization"},"image":{"@id":"https:\/\/radioljubuski.ba\/index.php\/2022\/02\/17\/ljilja-i-branka-sestre-iz-ljubuskog-amaterske-slikarice-slikanje-bismo-preporucile-svima\/#primaryimage"},"thumbnailUrl":"https:\/\/radioljubuski.ba\/wp-content\/uploads\/2022\/02\/sestre-petkovic.jpg","articleSection":["RLJ Audio"],"inLanguage":"hr"},{"@type":"WebPage","@id":"https:\/\/radioljubuski.ba\/index.php\/2022\/02\/17\/ljilja-i-branka-sestre-iz-ljubuskog-amaterske-slikarice-slikanje-bismo-preporucile-svima\/","url":"https:\/\/radioljubuski.ba\/index.php\/2022\/02\/17\/ljilja-i-branka-sestre-iz-ljubuskog-amaterske-slikarice-slikanje-bismo-preporucile-svima\/","name":"Ljilja i Branka, sestre iz Ljubu\u0161kog amaterske slikarice: \"Slikanje bismo preporu\u010dile svima!\" - audio - RADIO LJUBU\u0160KI","isPartOf":{"@id":"https:\/\/radioljubuski.ba\/#website"},"primaryImageOfPage":{"@id":"https:\/\/radioljubuski.ba\/index.php\/2022\/02\/17\/ljilja-i-branka-sestre-iz-ljubuskog-amaterske-slikarice-slikanje-bismo-preporucile-svima\/#primaryimage"},"image":{"@id":"https:\/\/radioljubuski.ba\/index.php\/2022\/02\/17\/ljilja-i-branka-sestre-iz-ljubuskog-amaterske-slikarice-slikanje-bismo-preporucile-svima\/#primaryimage"},"thumbnailUrl":"https:\/\/radioljubuski.ba\/wp-content\/uploads\/2022\/02\/sestre-petkovic.jpg","datePublished":"2022-02-17T12:25:31+00:00","dateModified":"2022-04-25T12:10:44+00:00","breadcrumb":{"@id":"https:\/\/radioljubuski.ba\/index.php\/2022\/02\/17\/ljilja-i-branka-sestre-iz-ljubuskog-amaterske-slikarice-slikanje-bismo-preporucile-svima\/#breadcrumb"},"inLanguage":"hr","potentialAction":[{"@type":"ReadAction","target":["https:\/\/radioljubuski.ba\/index.php\/2022\/02\/17\/ljilja-i-branka-sestre-iz-ljubuskog-amaterske-slikarice-slikanje-bismo-preporucile-svima\/"]}]},{"@type":"ImageObject","inLanguage":"hr","@id":"https:\/\/radioljubuski.ba\/index.php\/2022\/02\/17\/ljilja-i-branka-sestre-iz-ljubuskog-amaterske-slikarice-slikanje-bismo-preporucile-svima\/#primaryimage","url":"https:\/\/radioljubuski.ba\/wp-content\/uploads\/2022\/02\/sestre-petkovic.jpg","contentUrl":"https:\/\/radioljubuski.ba\/wp-content\/uploads\/2022\/02\/sestre-petkovic.jpg","width":1363,"height":769},{"@type":"BreadcrumbList","@id":"https:\/\/radioljubuski.ba\/index.php\/2022\/02\/17\/ljilja-i-branka-sestre-iz-ljubuskog-amaterske-slikarice-slikanje-bismo-preporucile-svima\/#breadcrumb","itemListElement":[{"@type":"ListItem","position":1,"name":"Po\u010detna stranica","item":"https:\/\/radioljubuski.ba\/"},{"@type":"ListItem","position":2,"name":"Ljilja i Branka, sestre iz Ljubu\u0161kog amaterske slikarice: &#8220;Slikanje bismo preporu\u010dile svima!&#8221; &#8211; audio"}]},{"@type":"WebSite","@id":"https:\/\/radioljubuski.ba\/#website","url":"https:\/\/radioljubuski.ba\/","name":"Radio Ljubu\u0161ki","description":"Sun\u010dana frekvencija Hercegovine","publisher":{"@id":"https:\/\/radioljubuski.ba\/#organization"},"potentialAction":[{"@type":"SearchAction","target":{"@type":"EntryPoint","urlTemplate":"https:\/\/radioljubuski.ba\/?s={search_term_string}"},"query-input":{"@type":"PropertyValueSpecification","valueRequired":true,"valueName":"search_term_string"}}],"inLanguage":"hr"},{"@type":"Organization","@id":"https:\/\/radioljubuski.ba\/#organization","name":"Radio Ljubu\u0161ki","url":"https:\/\/radioljubuski.ba\/","logo":{"@type":"ImageObject","inLanguage":"hr","@id":"https:\/\/radioljubuski.ba\/#\/schema\/logo\/image\/","url":"https:\/\/radioljubuski.ba\/wp-content\/uploads\/2021\/02\/cropped-Radio_Ljubuski_logo1.jpg","contentUrl":"https:\/\/radioljubuski.ba\/wp-content\/uploads\/2021\/02\/cropped-Radio_Ljubuski_logo1.jpg","width":512,"height":512,"caption":"Radio Ljubu\u0161ki"},"image":{"@id":"https:\/\/radioljubuski.ba\/#\/schema\/logo\/image\/"},"sameAs":["https:\/\/www.facebook.com\/Radiio-Ljubuski-1490835324566332","https:\/\/x.com\/radioljubuski","https:\/\/hr.linkedin.com\/company\/radio-ljubuski","https:\/\/www.youtube.com\/channel\/UCHYaeO_n0Db3tjNGudGpXyw"]},{"@type":"Person","@id":"https:\/\/radioljubuski.ba\/#\/schema\/person\/19fc700381a780f69665d7956c469e3b","name":"Radio Ljubu\u0161ki"}]}},"_links":{"self":[{"href":"https:\/\/radioljubuski.ba\/index.php\/wp-json\/wp\/v2\/posts\/114313","targetHints":{"allow":["GET"]}}],"collection":[{"href":"https:\/\/radioljubuski.ba\/index.php\/wp-json\/wp\/v2\/posts"}],"about":[{"href":"https:\/\/radioljubuski.ba\/index.php\/wp-json\/wp\/v2\/types\/post"}],"author":[{"embeddable":true,"href":"https:\/\/radioljubuski.ba\/index.php\/wp-json\/wp\/v2\/users\/2"}],"replies":[{"embeddable":true,"href":"https:\/\/radioljubuski.ba\/index.php\/wp-json\/wp\/v2\/comments?post=114313"}],"version-history":[{"count":2,"href":"https:\/\/radioljubuski.ba\/index.php\/wp-json\/wp\/v2\/posts\/114313\/revisions"}],"predecessor-version":[{"id":136042,"href":"https:\/\/radioljubuski.ba\/index.php\/wp-json\/wp\/v2\/posts\/114313\/revisions\/136042"}],"wp:featuredmedia":[{"embeddable":true,"href":"https:\/\/radioljubuski.ba\/index.php\/wp-json\/wp\/v2\/media\/114323"}],"wp:attachment":[{"href":"https:\/\/radioljubuski.ba\/index.php\/wp-json\/wp\/v2\/media?parent=114313"}],"wp:term":[{"taxonomy":"category","embeddable":true,"href":"https:\/\/radioljubuski.ba\/index.php\/wp-json\/wp\/v2\/categories?post=114313"},{"taxonomy":"post_tag","embeddable":true,"href":"https:\/\/radioljubuski.ba\/index.php\/wp-json\/wp\/v2\/tags?post=114313"}],"curies":[{"name":"wp","href":"https:\/\/api.w.org\/{rel}","templated":true}]}}