{"id":114784,"date":"2022-02-18T21:32:55","date_gmt":"2022-02-18T20:32:55","guid":{"rendered":"https:\/\/radioljubuski.ba\/?p=114784"},"modified":"2022-02-20T18:49:07","modified_gmt":"2022-02-20T17:49:07","slug":"promovirana-knjiga-boze-skoke-u-ljubuskom","status":"publish","type":"post","link":"https:\/\/radioljubuski.ba\/index.php\/2022\/02\/18\/promovirana-knjiga-boze-skoke-u-ljubuskom\/","title":{"rendered":"Promovirana knjiga Bo\u017ee Skoke u Ljubu\u0161kom &#8211; audio i foto"},"content":{"rendered":"\n<p>Predstavljanje knjige \u201cStrate\u0161ko komuniciranje dr\u017eava\u201d prof. dr. sc. Bo\u017ee Skoke, u kojoj je opisao kako se dr\u017eave brendiraju i predstavljaju u svijetu, kako koriste laku mo\u0107, kulturu, medije pa i gastronomiju za svoje pozicioniranje u svijetu, u srijedu je u Ljubu\u0161kom okupila brojne goste i uzvanike iz svih sfera \u017eivota.<\/p>\n\n\n\n<p>Dvorana Kulturnog centra bila je puna, a kroz sat i pol govorilo se o raznim na\u010dinima i metodama komuniciranja dr\u017eava, o tome kako je knjiga nastala, te o Skokinim novim projektima.<\/p>\n\n\n\n<p>Prvi je govornicu zauzeo upravo autor koji je okupljenima predstavio svoje novo djelo, a sve je popratio i zanimljivim primjerima, spominjao je konkretne na\u010dine komunikacije Nijemaca, Rusa, \u0160ve\u0111ana, Kineza i drugih nacija. Kako je istaknuo, u svojoj knjizi u dva dijela analizira dr\u017eave kao komunikacijske subjekte, odnosno fenomen javne diplomacije, nacionalnog brendiranja i me\u0111unarodnih odnosa s javno\u0161\u0107u te donosi primjere dobre prakse iz cijelog svijeta.<\/p>\n\n\n\n<p>\u201e<em>Ka\u017ee se kako u 21. stolje\u0107u ugled postaje najdragocjenija imovina dr\u017eava. Ako su dr\u017eave ugledne, one lak\u0161e prodaju svoje proizvode, lak\u0161e privla\u010de turiste, lak\u0161e uspijevaju u me\u0111unarodnim odnosima i zato sve ve\u0107i broj dr\u017eava ula\u017ee milijune eura kako bi upravljali identitetom i imi\u017edom kako bi stvorile pozitivnu sliku u o\u010dima drugih. \u010cak i manje razvijene dr\u017eave to sada uzimaju kao svoj prioritet\u201c,<\/em> istaknuo je, me\u0111u ostalim, Skoko.<\/p>\n\n\n\n<p>Nakon autorovog uvodnog izlaganja, promocija je poprimila jedan oblik panel diskusije gdje su svoje osvrte na ovo djelo dali dr. sc. Davorka Topi\u0107 Stipi\u0107, dr.sc. Marijan Primorac, prof. dr. sc. fra Iko Skoko i dr. sc. Robert Kolobara.<\/p>\n\n\n\n<p>Tako je dr. sc. Davorka Topi\u0107 Stipi\u0107 istaknula kako je rije\u010d o monumentalnom djelu iz kojeg puno mogu nau\u010diti, ne samo studenti i svekolika javnost, nego i na\u0161i politi\u010dari. &nbsp;Prof. dr. sc. fra Iko Skoko je, govore\u0107i u kontekstu Hercegovine koja se \u017eeli promovirati kao turisti\u010dka destinacija, istaknuo kako i mi sami moramo puno u\u010diti o kulturama turista koji nam dolaze jer \u0107emo tako poslati bolju sliku u svijet, dr. sc. Robert Kolobara je govorio o obavje\u0161tajnom aspektu djelovanja dr\u017eava i komunikaciji u tom smislu, a dr. sc. Marijan Primorac se, me\u0111u ostalim, osvrnuo na analizu imid\u017ea BiH koja je objavljena u ovoj knjizi.<\/p>\n\n\n\n<p>Ina\u010de, promocija je odr\u017eana u sklopu obilje\u017eavanja Dana Grada Ljubu\u0161kog, programom je moderirala Bjanka Medi\u0107, a za glazbene to\u010dke pobrinule su se u\u010denice Glazbene \u0161kole Ljubu\u0161ki Stanka Mikuli\u0107 i Lucija Bo\u0161njak.<\/p>\n\n\n\n<p>Poslu\u0161ajte \u0161to je Bo\u017eo Skoko nakon promocije rekao za Radio Ljubu\u0161ki<\/p>\n\n\n\n<iframe src=\"https:\/\/drive.google.com\/file\/d\/1QuPKBwW504XYVg0kuSP3gj0-jiEtM-hF\/preview\" style=\"width: 100%; height: 100px;\"><\/iframe>\n\n\n\n<iframe loading=\"lazy\" src=\"https:\/\/www.facebook.com\/plugins\/video.php?height=476&amp;href=https%3A%2F%2Fwww.facebook.com%2Fljubuskiportal%2Fvideos%2F1062343737655779%2F&amp;show_text=false&amp;width=267&amp;t=0\" width=\"267\" height=\"476\" style=\"border:none;overflow:hidden\" scrolling=\"no\" frameborder=\"0\" allowfullscreen=\"true\" allow=\"autoplay; clipboard-write; encrypted-media; picture-in-picture; web-share\"><\/iframe>\n\n\n\n<iframe loading=\"lazy\" src=\"https:\/\/www.facebook.com\/plugins\/video.php?height=476&amp;href=https%3A%2F%2Fwww.facebook.com%2Fljubuskiportal%2Fvideos%2F437821904804401%2F&amp;show_text=false&amp;width=267&amp;t=0\" width=\"267\" height=\"476\" style=\"border:none;overflow:hidden\" scrolling=\"no\" frameborder=\"0\" allowfullscreen=\"true\" allow=\"autoplay; clipboard-write; encrypted-media; picture-in-picture; web-share\"><\/iframe>\n\n\n\n<iframe loading=\"lazy\" src=\"https:\/\/www.facebook.com\/plugins\/post.php?href=https%3A%2F%2Fwww.facebook.com%2Fpermalink.php%3Fstory_fbid%3D3069683940014788%26id%3D1490835324566332&amp;show_text=true&amp;width=500\" width=\"500\" height=\"748\" style=\"border:none;overflow:hidden\" scrolling=\"no\" frameborder=\"0\" allowfullscreen=\"true\" allow=\"autoplay; clipboard-write; encrypted-media; picture-in-picture; web-share\"><\/iframe>\n\n\n\n<p><strong>Ivan Herceg \/ Radio Ljubu\u0161ki<\/strong><br><strong>Video: Ljportal.com<\/strong><\/p>\n","protected":false},"excerpt":{"rendered":"<p>Predstavljanje knjige \u201cStrate\u0161ko komuniciranje dr\u017eava\u201d prof. dr. sc. Bo\u017ee Skoke, u kojoj je opisao kako se dr\u017eave brendiraju i predstavljaju u svijetu, kako koriste laku mo\u0107, kulturu, medije pa i gastronomiju za svoje pozicioniranje u svijetu, u srijedu je u Ljubu\u0161kom okupila brojne goste i uzvanike iz svih sfera \u017eivota. Dvorana Kulturnog centra bila je [&hellip;]<\/p>\n","protected":false},"author":2,"featured_media":114786,"comment_status":"closed","ping_status":"closed","sticky":false,"template":"","format":"standard","meta":{"h5ap_radio_sources":[],"footnotes":""},"categories":[8],"tags":[],"class_list":["post-114784","post","type-post","status-publish","format-standard","has-post-thumbnail","hentry","category-rlj-audio"],"yoast_head":"<!-- This site is optimized with the Yoast SEO plugin v27.4 - https:\/\/yoast.com\/product\/yoast-seo-wordpress\/ -->\n<title>Promovirana knjiga Bo\u017ee Skoke u Ljubu\u0161kom - audio i foto - RADIO LJUBU\u0160KI<\/title>\n<meta name=\"robots\" content=\"index, follow, max-snippet:-1, max-image-preview:large, max-video-preview:-1\" \/>\n<link rel=\"canonical\" href=\"https:\/\/radioljubuski.ba\/index.php\/2022\/02\/18\/promovirana-knjiga-boze-skoke-u-ljubuskom\/\" \/>\n<meta property=\"og:locale\" content=\"hr_HR\" \/>\n<meta property=\"og:type\" content=\"article\" \/>\n<meta property=\"og:title\" content=\"Promovirana knjiga Bo\u017ee Skoke u Ljubu\u0161kom - audio i foto - RADIO LJUBU\u0160KI\" \/>\n<meta property=\"og:description\" content=\"Predstavljanje knjige \u201cStrate\u0161ko komuniciranje dr\u017eava\u201d prof. dr. sc. Bo\u017ee Skoke, u kojoj je opisao kako se dr\u017eave brendiraju i predstavljaju u svijetu, kako koriste laku mo\u0107, kulturu, medije pa i gastronomiju za svoje pozicioniranje u svijetu, u srijedu je u Ljubu\u0161kom okupila brojne goste i uzvanike iz svih sfera \u017eivota. Dvorana Kulturnog centra bila je [&hellip;]\" \/>\n<meta property=\"og:url\" content=\"https:\/\/radioljubuski.ba\/index.php\/2022\/02\/18\/promovirana-knjiga-boze-skoke-u-ljubuskom\/\" \/>\n<meta property=\"og:site_name\" content=\"RADIO LJUBU\u0160KI\" \/>\n<meta property=\"article:publisher\" content=\"https:\/\/www.facebook.com\/Radiio-Ljubuski-1490835324566332\" \/>\n<meta property=\"article:published_time\" content=\"2022-02-18T20:32:55+00:00\" \/>\n<meta property=\"article:modified_time\" content=\"2022-02-20T17:49:07+00:00\" \/>\n<meta property=\"og:image\" content=\"https:\/\/radioljubuski.ba\/wp-content\/uploads\/2022\/02\/skoko-promocija.jpg\" \/>\n\t<meta property=\"og:image:width\" content=\"1437\" \/>\n\t<meta property=\"og:image:height\" content=\"778\" \/>\n\t<meta property=\"og:image:type\" content=\"image\/jpeg\" \/>\n<meta name=\"author\" content=\"Radio Ljubu\u0161ki\" \/>\n<meta name=\"twitter:card\" content=\"summary_large_image\" \/>\n<meta name=\"twitter:creator\" content=\"@radioljubuski\" \/>\n<meta name=\"twitter:site\" content=\"@radioljubuski\" \/>\n<meta name=\"twitter:label1\" content=\"Napisao\/la\" \/>\n\t<meta name=\"twitter:data1\" content=\"Radio Ljubu\u0161ki\" \/>\n\t<meta name=\"twitter:label2\" content=\"Procijenjeno vrijeme \u010ditanja\" \/>\n\t<meta name=\"twitter:data2\" content=\"2 minute\" \/>\n<script type=\"application\/ld+json\" class=\"yoast-schema-graph\">{\"@context\":\"https:\\\/\\\/schema.org\",\"@graph\":[{\"@type\":\"Article\",\"@id\":\"https:\\\/\\\/radioljubuski.ba\\\/index.php\\\/2022\\\/02\\\/18\\\/promovirana-knjiga-boze-skoke-u-ljubuskom\\\/#article\",\"isPartOf\":{\"@id\":\"https:\\\/\\\/radioljubuski.ba\\\/index.php\\\/2022\\\/02\\\/18\\\/promovirana-knjiga-boze-skoke-u-ljubuskom\\\/\"},\"author\":{\"name\":\"Radio Ljubu\u0161ki\",\"@id\":\"https:\\\/\\\/radioljubuski.ba\\\/#\\\/schema\\\/person\\\/19fc700381a780f69665d7956c469e3b\"},\"headline\":\"Promovirana knjiga Bo\u017ee Skoke u Ljubu\u0161kom &#8211; audio i foto\",\"datePublished\":\"2022-02-18T20:32:55+00:00\",\"dateModified\":\"2022-02-20T17:49:07+00:00\",\"mainEntityOfPage\":{\"@id\":\"https:\\\/\\\/radioljubuski.ba\\\/index.php\\\/2022\\\/02\\\/18\\\/promovirana-knjiga-boze-skoke-u-ljubuskom\\\/\"},\"wordCount\":467,\"publisher\":{\"@id\":\"https:\\\/\\\/radioljubuski.ba\\\/#organization\"},\"image\":{\"@id\":\"https:\\\/\\\/radioljubuski.ba\\\/index.php\\\/2022\\\/02\\\/18\\\/promovirana-knjiga-boze-skoke-u-ljubuskom\\\/#primaryimage\"},\"thumbnailUrl\":\"https:\\\/\\\/radioljubuski.ba\\\/wp-content\\\/uploads\\\/2022\\\/02\\\/skoko-promocija.jpg\",\"articleSection\":[\"RLJ Audio\"],\"inLanguage\":\"hr\"},{\"@type\":\"WebPage\",\"@id\":\"https:\\\/\\\/radioljubuski.ba\\\/index.php\\\/2022\\\/02\\\/18\\\/promovirana-knjiga-boze-skoke-u-ljubuskom\\\/\",\"url\":\"https:\\\/\\\/radioljubuski.ba\\\/index.php\\\/2022\\\/02\\\/18\\\/promovirana-knjiga-boze-skoke-u-ljubuskom\\\/\",\"name\":\"Promovirana knjiga Bo\u017ee Skoke u Ljubu\u0161kom - audio i foto - RADIO LJUBU\u0160KI\",\"isPartOf\":{\"@id\":\"https:\\\/\\\/radioljubuski.ba\\\/#website\"},\"primaryImageOfPage\":{\"@id\":\"https:\\\/\\\/radioljubuski.ba\\\/index.php\\\/2022\\\/02\\\/18\\\/promovirana-knjiga-boze-skoke-u-ljubuskom\\\/#primaryimage\"},\"image\":{\"@id\":\"https:\\\/\\\/radioljubuski.ba\\\/index.php\\\/2022\\\/02\\\/18\\\/promovirana-knjiga-boze-skoke-u-ljubuskom\\\/#primaryimage\"},\"thumbnailUrl\":\"https:\\\/\\\/radioljubuski.ba\\\/wp-content\\\/uploads\\\/2022\\\/02\\\/skoko-promocija.jpg\",\"datePublished\":\"2022-02-18T20:32:55+00:00\",\"dateModified\":\"2022-02-20T17:49:07+00:00\",\"breadcrumb\":{\"@id\":\"https:\\\/\\\/radioljubuski.ba\\\/index.php\\\/2022\\\/02\\\/18\\\/promovirana-knjiga-boze-skoke-u-ljubuskom\\\/#breadcrumb\"},\"inLanguage\":\"hr\",\"potentialAction\":[{\"@type\":\"ReadAction\",\"target\":[\"https:\\\/\\\/radioljubuski.ba\\\/index.php\\\/2022\\\/02\\\/18\\\/promovirana-knjiga-boze-skoke-u-ljubuskom\\\/\"]}]},{\"@type\":\"ImageObject\",\"inLanguage\":\"hr\",\"@id\":\"https:\\\/\\\/radioljubuski.ba\\\/index.php\\\/2022\\\/02\\\/18\\\/promovirana-knjiga-boze-skoke-u-ljubuskom\\\/#primaryimage\",\"url\":\"https:\\\/\\\/radioljubuski.ba\\\/wp-content\\\/uploads\\\/2022\\\/02\\\/skoko-promocija.jpg\",\"contentUrl\":\"https:\\\/\\\/radioljubuski.ba\\\/wp-content\\\/uploads\\\/2022\\\/02\\\/skoko-promocija.jpg\",\"width\":1437,\"height\":778},{\"@type\":\"BreadcrumbList\",\"@id\":\"https:\\\/\\\/radioljubuski.ba\\\/index.php\\\/2022\\\/02\\\/18\\\/promovirana-knjiga-boze-skoke-u-ljubuskom\\\/#breadcrumb\",\"itemListElement\":[{\"@type\":\"ListItem\",\"position\":1,\"name\":\"Po\u010detna stranica\",\"item\":\"https:\\\/\\\/radioljubuski.ba\\\/\"},{\"@type\":\"ListItem\",\"position\":2,\"name\":\"Promovirana knjiga Bo\u017ee Skoke u Ljubu\u0161kom &#8211; audio i foto\"}]},{\"@type\":\"WebSite\",\"@id\":\"https:\\\/\\\/radioljubuski.ba\\\/#website\",\"url\":\"https:\\\/\\\/radioljubuski.ba\\\/\",\"name\":\"Radio Ljubu\u0161ki\",\"description\":\"Sun\u010dana frekvencija Hercegovine\",\"publisher\":{\"@id\":\"https:\\\/\\\/radioljubuski.ba\\\/#organization\"},\"potentialAction\":[{\"@type\":\"SearchAction\",\"target\":{\"@type\":\"EntryPoint\",\"urlTemplate\":\"https:\\\/\\\/radioljubuski.ba\\\/?s={search_term_string}\"},\"query-input\":{\"@type\":\"PropertyValueSpecification\",\"valueRequired\":true,\"valueName\":\"search_term_string\"}}],\"inLanguage\":\"hr\"},{\"@type\":\"Organization\",\"@id\":\"https:\\\/\\\/radioljubuski.ba\\\/#organization\",\"name\":\"Radio Ljubu\u0161ki\",\"url\":\"https:\\\/\\\/radioljubuski.ba\\\/\",\"logo\":{\"@type\":\"ImageObject\",\"inLanguage\":\"hr\",\"@id\":\"https:\\\/\\\/radioljubuski.ba\\\/#\\\/schema\\\/logo\\\/image\\\/\",\"url\":\"https:\\\/\\\/radioljubuski.ba\\\/wp-content\\\/uploads\\\/2021\\\/02\\\/cropped-Radio_Ljubuski_logo1.jpg\",\"contentUrl\":\"https:\\\/\\\/radioljubuski.ba\\\/wp-content\\\/uploads\\\/2021\\\/02\\\/cropped-Radio_Ljubuski_logo1.jpg\",\"width\":512,\"height\":512,\"caption\":\"Radio Ljubu\u0161ki\"},\"image\":{\"@id\":\"https:\\\/\\\/radioljubuski.ba\\\/#\\\/schema\\\/logo\\\/image\\\/\"},\"sameAs\":[\"https:\\\/\\\/www.facebook.com\\\/Radiio-Ljubuski-1490835324566332\",\"https:\\\/\\\/x.com\\\/radioljubuski\",\"https:\\\/\\\/hr.linkedin.com\\\/company\\\/radio-ljubuski\",\"https:\\\/\\\/www.youtube.com\\\/channel\\\/UCHYaeO_n0Db3tjNGudGpXyw\"]},{\"@type\":\"Person\",\"@id\":\"https:\\\/\\\/radioljubuski.ba\\\/#\\\/schema\\\/person\\\/19fc700381a780f69665d7956c469e3b\",\"name\":\"Radio Ljubu\u0161ki\"}]}<\/script>\n<!-- \/ Yoast SEO plugin. -->","yoast_head_json":{"title":"Promovirana knjiga Bo\u017ee Skoke u Ljubu\u0161kom - audio i foto - RADIO LJUBU\u0160KI","robots":{"index":"index","follow":"follow","max-snippet":"max-snippet:-1","max-image-preview":"max-image-preview:large","max-video-preview":"max-video-preview:-1"},"canonical":"https:\/\/radioljubuski.ba\/index.php\/2022\/02\/18\/promovirana-knjiga-boze-skoke-u-ljubuskom\/","og_locale":"hr_HR","og_type":"article","og_title":"Promovirana knjiga Bo\u017ee Skoke u Ljubu\u0161kom - audio i foto - RADIO LJUBU\u0160KI","og_description":"Predstavljanje knjige \u201cStrate\u0161ko komuniciranje dr\u017eava\u201d prof. dr. sc. Bo\u017ee Skoke, u kojoj je opisao kako se dr\u017eave brendiraju i predstavljaju u svijetu, kako koriste laku mo\u0107, kulturu, medije pa i gastronomiju za svoje pozicioniranje u svijetu, u srijedu je u Ljubu\u0161kom okupila brojne goste i uzvanike iz svih sfera \u017eivota. Dvorana Kulturnog centra bila je [&hellip;]","og_url":"https:\/\/radioljubuski.ba\/index.php\/2022\/02\/18\/promovirana-knjiga-boze-skoke-u-ljubuskom\/","og_site_name":"RADIO LJUBU\u0160KI","article_publisher":"https:\/\/www.facebook.com\/Radiio-Ljubuski-1490835324566332","article_published_time":"2022-02-18T20:32:55+00:00","article_modified_time":"2022-02-20T17:49:07+00:00","og_image":[{"width":1437,"height":778,"url":"https:\/\/radioljubuski.ba\/wp-content\/uploads\/2022\/02\/skoko-promocija.jpg","type":"image\/jpeg"}],"author":"Radio Ljubu\u0161ki","twitter_card":"summary_large_image","twitter_creator":"@radioljubuski","twitter_site":"@radioljubuski","twitter_misc":{"Napisao\/la":"Radio Ljubu\u0161ki","Procijenjeno vrijeme \u010ditanja":"2 minute"},"schema":{"@context":"https:\/\/schema.org","@graph":[{"@type":"Article","@id":"https:\/\/radioljubuski.ba\/index.php\/2022\/02\/18\/promovirana-knjiga-boze-skoke-u-ljubuskom\/#article","isPartOf":{"@id":"https:\/\/radioljubuski.ba\/index.php\/2022\/02\/18\/promovirana-knjiga-boze-skoke-u-ljubuskom\/"},"author":{"name":"Radio Ljubu\u0161ki","@id":"https:\/\/radioljubuski.ba\/#\/schema\/person\/19fc700381a780f69665d7956c469e3b"},"headline":"Promovirana knjiga Bo\u017ee Skoke u Ljubu\u0161kom &#8211; audio i foto","datePublished":"2022-02-18T20:32:55+00:00","dateModified":"2022-02-20T17:49:07+00:00","mainEntityOfPage":{"@id":"https:\/\/radioljubuski.ba\/index.php\/2022\/02\/18\/promovirana-knjiga-boze-skoke-u-ljubuskom\/"},"wordCount":467,"publisher":{"@id":"https:\/\/radioljubuski.ba\/#organization"},"image":{"@id":"https:\/\/radioljubuski.ba\/index.php\/2022\/02\/18\/promovirana-knjiga-boze-skoke-u-ljubuskom\/#primaryimage"},"thumbnailUrl":"https:\/\/radioljubuski.ba\/wp-content\/uploads\/2022\/02\/skoko-promocija.jpg","articleSection":["RLJ Audio"],"inLanguage":"hr"},{"@type":"WebPage","@id":"https:\/\/radioljubuski.ba\/index.php\/2022\/02\/18\/promovirana-knjiga-boze-skoke-u-ljubuskom\/","url":"https:\/\/radioljubuski.ba\/index.php\/2022\/02\/18\/promovirana-knjiga-boze-skoke-u-ljubuskom\/","name":"Promovirana knjiga Bo\u017ee Skoke u Ljubu\u0161kom - audio i foto - RADIO LJUBU\u0160KI","isPartOf":{"@id":"https:\/\/radioljubuski.ba\/#website"},"primaryImageOfPage":{"@id":"https:\/\/radioljubuski.ba\/index.php\/2022\/02\/18\/promovirana-knjiga-boze-skoke-u-ljubuskom\/#primaryimage"},"image":{"@id":"https:\/\/radioljubuski.ba\/index.php\/2022\/02\/18\/promovirana-knjiga-boze-skoke-u-ljubuskom\/#primaryimage"},"thumbnailUrl":"https:\/\/radioljubuski.ba\/wp-content\/uploads\/2022\/02\/skoko-promocija.jpg","datePublished":"2022-02-18T20:32:55+00:00","dateModified":"2022-02-20T17:49:07+00:00","breadcrumb":{"@id":"https:\/\/radioljubuski.ba\/index.php\/2022\/02\/18\/promovirana-knjiga-boze-skoke-u-ljubuskom\/#breadcrumb"},"inLanguage":"hr","potentialAction":[{"@type":"ReadAction","target":["https:\/\/radioljubuski.ba\/index.php\/2022\/02\/18\/promovirana-knjiga-boze-skoke-u-ljubuskom\/"]}]},{"@type":"ImageObject","inLanguage":"hr","@id":"https:\/\/radioljubuski.ba\/index.php\/2022\/02\/18\/promovirana-knjiga-boze-skoke-u-ljubuskom\/#primaryimage","url":"https:\/\/radioljubuski.ba\/wp-content\/uploads\/2022\/02\/skoko-promocija.jpg","contentUrl":"https:\/\/radioljubuski.ba\/wp-content\/uploads\/2022\/02\/skoko-promocija.jpg","width":1437,"height":778},{"@type":"BreadcrumbList","@id":"https:\/\/radioljubuski.ba\/index.php\/2022\/02\/18\/promovirana-knjiga-boze-skoke-u-ljubuskom\/#breadcrumb","itemListElement":[{"@type":"ListItem","position":1,"name":"Po\u010detna stranica","item":"https:\/\/radioljubuski.ba\/"},{"@type":"ListItem","position":2,"name":"Promovirana knjiga Bo\u017ee Skoke u Ljubu\u0161kom &#8211; audio i foto"}]},{"@type":"WebSite","@id":"https:\/\/radioljubuski.ba\/#website","url":"https:\/\/radioljubuski.ba\/","name":"Radio Ljubu\u0161ki","description":"Sun\u010dana frekvencija Hercegovine","publisher":{"@id":"https:\/\/radioljubuski.ba\/#organization"},"potentialAction":[{"@type":"SearchAction","target":{"@type":"EntryPoint","urlTemplate":"https:\/\/radioljubuski.ba\/?s={search_term_string}"},"query-input":{"@type":"PropertyValueSpecification","valueRequired":true,"valueName":"search_term_string"}}],"inLanguage":"hr"},{"@type":"Organization","@id":"https:\/\/radioljubuski.ba\/#organization","name":"Radio Ljubu\u0161ki","url":"https:\/\/radioljubuski.ba\/","logo":{"@type":"ImageObject","inLanguage":"hr","@id":"https:\/\/radioljubuski.ba\/#\/schema\/logo\/image\/","url":"https:\/\/radioljubuski.ba\/wp-content\/uploads\/2021\/02\/cropped-Radio_Ljubuski_logo1.jpg","contentUrl":"https:\/\/radioljubuski.ba\/wp-content\/uploads\/2021\/02\/cropped-Radio_Ljubuski_logo1.jpg","width":512,"height":512,"caption":"Radio Ljubu\u0161ki"},"image":{"@id":"https:\/\/radioljubuski.ba\/#\/schema\/logo\/image\/"},"sameAs":["https:\/\/www.facebook.com\/Radiio-Ljubuski-1490835324566332","https:\/\/x.com\/radioljubuski","https:\/\/hr.linkedin.com\/company\/radio-ljubuski","https:\/\/www.youtube.com\/channel\/UCHYaeO_n0Db3tjNGudGpXyw"]},{"@type":"Person","@id":"https:\/\/radioljubuski.ba\/#\/schema\/person\/19fc700381a780f69665d7956c469e3b","name":"Radio Ljubu\u0161ki"}]}},"_links":{"self":[{"href":"https:\/\/radioljubuski.ba\/index.php\/wp-json\/wp\/v2\/posts\/114784","targetHints":{"allow":["GET"]}}],"collection":[{"href":"https:\/\/radioljubuski.ba\/index.php\/wp-json\/wp\/v2\/posts"}],"about":[{"href":"https:\/\/radioljubuski.ba\/index.php\/wp-json\/wp\/v2\/types\/post"}],"author":[{"embeddable":true,"href":"https:\/\/radioljubuski.ba\/index.php\/wp-json\/wp\/v2\/users\/2"}],"replies":[{"embeddable":true,"href":"https:\/\/radioljubuski.ba\/index.php\/wp-json\/wp\/v2\/comments?post=114784"}],"version-history":[{"count":8,"href":"https:\/\/radioljubuski.ba\/index.php\/wp-json\/wp\/v2\/posts\/114784\/revisions"}],"predecessor-version":[{"id":115079,"href":"https:\/\/radioljubuski.ba\/index.php\/wp-json\/wp\/v2\/posts\/114784\/revisions\/115079"}],"wp:featuredmedia":[{"embeddable":true,"href":"https:\/\/radioljubuski.ba\/index.php\/wp-json\/wp\/v2\/media\/114786"}],"wp:attachment":[{"href":"https:\/\/radioljubuski.ba\/index.php\/wp-json\/wp\/v2\/media?parent=114784"}],"wp:term":[{"taxonomy":"category","embeddable":true,"href":"https:\/\/radioljubuski.ba\/index.php\/wp-json\/wp\/v2\/categories?post=114784"},{"taxonomy":"post_tag","embeddable":true,"href":"https:\/\/radioljubuski.ba\/index.php\/wp-json\/wp\/v2\/tags?post=114784"}],"curies":[{"name":"wp","href":"https:\/\/api.w.org\/{rel}","templated":true}]}}