{"id":11483,"date":"2021-04-10T18:59:37","date_gmt":"2021-04-10T17:59:37","guid":{"rendered":"https:\/\/radioljubuski.ba\/?p=11483"},"modified":"2021-04-10T18:59:38","modified_gmt":"2021-04-10T17:59:38","slug":"schumacherova-supruga-prodaje-obiteljsko-imanje-trazi-sest-milijuna-eura","status":"publish","type":"post","link":"https:\/\/radioljubuski.ba\/index.php\/2021\/04\/10\/schumacherova-supruga-prodaje-obiteljsko-imanje-trazi-sest-milijuna-eura\/","title":{"rendered":"Schumacherova supruga prodaje obiteljsko imanje. Tra\u017ei \u0161est milijuna eura"},"content":{"rendered":"\n<p>Corinna Schumacher stavila je obiteljsko imanje kraj \u017denevskog jezera na prodaju i za njega tra\u017ei 5.9 milijuna eura.<\/p>\n\n\n\n<p>Michael i njegova supruga imanje su kupili nedaleko od obiteljske rezidencije i namjeravali su ga koristiti kao ran\u010d u mirovini, ali on sad vi\u0161e, pi\u0161u njema\u010dki mediji, nema smisla. Schumacher je zemlji\u0161te povr\u0161ine ne\u0161to vi\u0161e od 21.000 \u010detvornih metara kupio za 3.5 milijuna eura nekoliko godina prije nego \u0161to je 2013. te\u0161ko stradao na skijanju u Francuskoj.<\/p>\n\n\n\n<p>Na ran\u010du su napravili farmu konja, ali je ona zadnjih godina bila samo tro\u0161ak i na njoj nije bilo nikoga osim timaritelja konja i pripadnika osiguranja.<\/p>\n\n\n\n<p>Te\u0161ko je vjerovati da je Corinna imanje prodala zato \u0161to obitelji nedostaje novca za skupo Schumacherovo lije\u010denje, budu\u0107i da je sedmerostruki svjetski prvak u karijeri zaradio oko 700 milijuna eura. No, budu\u0107i da je Nijemac u prakti\u010dki vegetativnom stanju, takvo imanje samo je nepotreban tro\u0161ak obitelji.<\/p>\n\n\n\n<p>Izvor:index.hr<\/p>\n","protected":false},"excerpt":{"rendered":"<p>Corinna Schumacher stavila je obiteljsko imanje kraj \u017denevskog jezera na prodaju i za njega tra\u017ei 5.9 milijuna eura. Michael i njegova supruga imanje su kupili nedaleko od obiteljske rezidencije i namjeravali su ga koristiti kao ran\u010d u mirovini, ali on sad vi\u0161e, pi\u0161u njema\u010dki mediji, nema smisla. Schumacher je zemlji\u0161te povr\u0161ine ne\u0161to vi\u0161e od 21.000 [&hellip;]<\/p>\n","protected":false},"author":2,"featured_media":11484,"comment_status":"closed","ping_status":"closed","sticky":false,"template":"","format":"standard","meta":{"h5ap_radio_sources":[],"footnotes":""},"categories":[1],"tags":[],"class_list":["post-11483","post","type-post","status-publish","format-standard","has-post-thumbnail","hentry","category-bihiregija"],"yoast_head":"<!-- This site is optimized with the Yoast SEO plugin v27.4 - https:\/\/yoast.com\/product\/yoast-seo-wordpress\/ -->\n<title>Schumacherova supruga prodaje obiteljsko imanje. Tra\u017ei \u0161est milijuna eura - RADIO LJUBU\u0160KI<\/title>\n<meta name=\"robots\" content=\"index, follow, max-snippet:-1, max-image-preview:large, max-video-preview:-1\" \/>\n<link rel=\"canonical\" href=\"https:\/\/radioljubuski.ba\/index.php\/2021\/04\/10\/schumacherova-supruga-prodaje-obiteljsko-imanje-trazi-sest-milijuna-eura\/\" \/>\n<meta property=\"og:locale\" content=\"hr_HR\" \/>\n<meta property=\"og:type\" content=\"article\" \/>\n<meta property=\"og:title\" content=\"Schumacherova supruga prodaje obiteljsko imanje. Tra\u017ei \u0161est milijuna eura - RADIO LJUBU\u0160KI\" \/>\n<meta property=\"og:description\" content=\"Corinna Schumacher stavila je obiteljsko imanje kraj \u017denevskog jezera na prodaju i za njega tra\u017ei 5.9 milijuna eura. Michael i njegova supruga imanje su kupili nedaleko od obiteljske rezidencije i namjeravali su ga koristiti kao ran\u010d u mirovini, ali on sad vi\u0161e, pi\u0161u njema\u010dki mediji, nema smisla. Schumacher je zemlji\u0161te povr\u0161ine ne\u0161to vi\u0161e od 21.000 [&hellip;]\" \/>\n<meta property=\"og:url\" content=\"https:\/\/radioljubuski.ba\/index.php\/2021\/04\/10\/schumacherova-supruga-prodaje-obiteljsko-imanje-trazi-sest-milijuna-eura\/\" \/>\n<meta property=\"og:site_name\" content=\"RADIO LJUBU\u0160KI\" \/>\n<meta property=\"article:publisher\" content=\"https:\/\/www.facebook.com\/Radiio-Ljubuski-1490835324566332\" \/>\n<meta property=\"article:published_time\" content=\"2021-04-10T17:59:37+00:00\" \/>\n<meta property=\"article:modified_time\" content=\"2021-04-10T17:59:38+00:00\" \/>\n<meta property=\"og:image\" content=\"https:\/\/radioljubuski.ba\/wp-content\/uploads\/2021\/04\/2-2021-04-10-16-55-02-4fc14559-76e6-435e-b941-58c560cc21c6.jpg\" \/>\n\t<meta property=\"og:image:width\" content=\"1000\" \/>\n\t<meta property=\"og:image:height\" content=\"625\" \/>\n\t<meta property=\"og:image:type\" content=\"image\/jpeg\" \/>\n<meta name=\"author\" content=\"Radio Ljubu\u0161ki\" \/>\n<meta name=\"twitter:card\" content=\"summary_large_image\" \/>\n<meta name=\"twitter:creator\" content=\"@radioljubuski\" \/>\n<meta name=\"twitter:site\" content=\"@radioljubuski\" \/>\n<meta name=\"twitter:label1\" content=\"Napisao\/la\" \/>\n\t<meta name=\"twitter:data1\" content=\"Radio Ljubu\u0161ki\" \/>\n\t<meta name=\"twitter:label2\" content=\"Procijenjeno vrijeme \u010ditanja\" \/>\n\t<meta name=\"twitter:data2\" content=\"1 minuta\" \/>\n<script type=\"application\/ld+json\" class=\"yoast-schema-graph\">{\"@context\":\"https:\\\/\\\/schema.org\",\"@graph\":[{\"@type\":\"Article\",\"@id\":\"https:\\\/\\\/radioljubuski.ba\\\/index.php\\\/2021\\\/04\\\/10\\\/schumacherova-supruga-prodaje-obiteljsko-imanje-trazi-sest-milijuna-eura\\\/#article\",\"isPartOf\":{\"@id\":\"https:\\\/\\\/radioljubuski.ba\\\/index.php\\\/2021\\\/04\\\/10\\\/schumacherova-supruga-prodaje-obiteljsko-imanje-trazi-sest-milijuna-eura\\\/\"},\"author\":{\"name\":\"Radio Ljubu\u0161ki\",\"@id\":\"https:\\\/\\\/radioljubuski.ba\\\/#\\\/schema\\\/person\\\/19fc700381a780f69665d7956c469e3b\"},\"headline\":\"Schumacherova supruga prodaje obiteljsko imanje. Tra\u017ei \u0161est milijuna eura\",\"datePublished\":\"2021-04-10T17:59:37+00:00\",\"dateModified\":\"2021-04-10T17:59:38+00:00\",\"mainEntityOfPage\":{\"@id\":\"https:\\\/\\\/radioljubuski.ba\\\/index.php\\\/2021\\\/04\\\/10\\\/schumacherova-supruga-prodaje-obiteljsko-imanje-trazi-sest-milijuna-eura\\\/\"},\"wordCount\":172,\"publisher\":{\"@id\":\"https:\\\/\\\/radioljubuski.ba\\\/#organization\"},\"image\":{\"@id\":\"https:\\\/\\\/radioljubuski.ba\\\/index.php\\\/2021\\\/04\\\/10\\\/schumacherova-supruga-prodaje-obiteljsko-imanje-trazi-sest-milijuna-eura\\\/#primaryimage\"},\"thumbnailUrl\":\"https:\\\/\\\/radioljubuski.ba\\\/wp-content\\\/uploads\\\/2021\\\/04\\\/2-2021-04-10-16-55-02-4fc14559-76e6-435e-b941-58c560cc21c6.jpg\",\"articleSection\":[\"BIH i regija\"],\"inLanguage\":\"hr\"},{\"@type\":\"WebPage\",\"@id\":\"https:\\\/\\\/radioljubuski.ba\\\/index.php\\\/2021\\\/04\\\/10\\\/schumacherova-supruga-prodaje-obiteljsko-imanje-trazi-sest-milijuna-eura\\\/\",\"url\":\"https:\\\/\\\/radioljubuski.ba\\\/index.php\\\/2021\\\/04\\\/10\\\/schumacherova-supruga-prodaje-obiteljsko-imanje-trazi-sest-milijuna-eura\\\/\",\"name\":\"Schumacherova supruga prodaje obiteljsko imanje. Tra\u017ei \u0161est milijuna eura - RADIO LJUBU\u0160KI\",\"isPartOf\":{\"@id\":\"https:\\\/\\\/radioljubuski.ba\\\/#website\"},\"primaryImageOfPage\":{\"@id\":\"https:\\\/\\\/radioljubuski.ba\\\/index.php\\\/2021\\\/04\\\/10\\\/schumacherova-supruga-prodaje-obiteljsko-imanje-trazi-sest-milijuna-eura\\\/#primaryimage\"},\"image\":{\"@id\":\"https:\\\/\\\/radioljubuski.ba\\\/index.php\\\/2021\\\/04\\\/10\\\/schumacherova-supruga-prodaje-obiteljsko-imanje-trazi-sest-milijuna-eura\\\/#primaryimage\"},\"thumbnailUrl\":\"https:\\\/\\\/radioljubuski.ba\\\/wp-content\\\/uploads\\\/2021\\\/04\\\/2-2021-04-10-16-55-02-4fc14559-76e6-435e-b941-58c560cc21c6.jpg\",\"datePublished\":\"2021-04-10T17:59:37+00:00\",\"dateModified\":\"2021-04-10T17:59:38+00:00\",\"breadcrumb\":{\"@id\":\"https:\\\/\\\/radioljubuski.ba\\\/index.php\\\/2021\\\/04\\\/10\\\/schumacherova-supruga-prodaje-obiteljsko-imanje-trazi-sest-milijuna-eura\\\/#breadcrumb\"},\"inLanguage\":\"hr\",\"potentialAction\":[{\"@type\":\"ReadAction\",\"target\":[\"https:\\\/\\\/radioljubuski.ba\\\/index.php\\\/2021\\\/04\\\/10\\\/schumacherova-supruga-prodaje-obiteljsko-imanje-trazi-sest-milijuna-eura\\\/\"]}]},{\"@type\":\"ImageObject\",\"inLanguage\":\"hr\",\"@id\":\"https:\\\/\\\/radioljubuski.ba\\\/index.php\\\/2021\\\/04\\\/10\\\/schumacherova-supruga-prodaje-obiteljsko-imanje-trazi-sest-milijuna-eura\\\/#primaryimage\",\"url\":\"https:\\\/\\\/radioljubuski.ba\\\/wp-content\\\/uploads\\\/2021\\\/04\\\/2-2021-04-10-16-55-02-4fc14559-76e6-435e-b941-58c560cc21c6.jpg\",\"contentUrl\":\"https:\\\/\\\/radioljubuski.ba\\\/wp-content\\\/uploads\\\/2021\\\/04\\\/2-2021-04-10-16-55-02-4fc14559-76e6-435e-b941-58c560cc21c6.jpg\",\"width\":1000,\"height\":625},{\"@type\":\"BreadcrumbList\",\"@id\":\"https:\\\/\\\/radioljubuski.ba\\\/index.php\\\/2021\\\/04\\\/10\\\/schumacherova-supruga-prodaje-obiteljsko-imanje-trazi-sest-milijuna-eura\\\/#breadcrumb\",\"itemListElement\":[{\"@type\":\"ListItem\",\"position\":1,\"name\":\"Po\u010detna stranica\",\"item\":\"https:\\\/\\\/radioljubuski.ba\\\/\"},{\"@type\":\"ListItem\",\"position\":2,\"name\":\"Schumacherova supruga prodaje obiteljsko imanje. Tra\u017ei \u0161est milijuna eura\"}]},{\"@type\":\"WebSite\",\"@id\":\"https:\\\/\\\/radioljubuski.ba\\\/#website\",\"url\":\"https:\\\/\\\/radioljubuski.ba\\\/\",\"name\":\"Radio Ljubu\u0161ki\",\"description\":\"Sun\u010dana frekvencija Hercegovine\",\"publisher\":{\"@id\":\"https:\\\/\\\/radioljubuski.ba\\\/#organization\"},\"potentialAction\":[{\"@type\":\"SearchAction\",\"target\":{\"@type\":\"EntryPoint\",\"urlTemplate\":\"https:\\\/\\\/radioljubuski.ba\\\/?s={search_term_string}\"},\"query-input\":{\"@type\":\"PropertyValueSpecification\",\"valueRequired\":true,\"valueName\":\"search_term_string\"}}],\"inLanguage\":\"hr\"},{\"@type\":\"Organization\",\"@id\":\"https:\\\/\\\/radioljubuski.ba\\\/#organization\",\"name\":\"Radio Ljubu\u0161ki\",\"url\":\"https:\\\/\\\/radioljubuski.ba\\\/\",\"logo\":{\"@type\":\"ImageObject\",\"inLanguage\":\"hr\",\"@id\":\"https:\\\/\\\/radioljubuski.ba\\\/#\\\/schema\\\/logo\\\/image\\\/\",\"url\":\"https:\\\/\\\/radioljubuski.ba\\\/wp-content\\\/uploads\\\/2021\\\/02\\\/cropped-Radio_Ljubuski_logo1.jpg\",\"contentUrl\":\"https:\\\/\\\/radioljubuski.ba\\\/wp-content\\\/uploads\\\/2021\\\/02\\\/cropped-Radio_Ljubuski_logo1.jpg\",\"width\":512,\"height\":512,\"caption\":\"Radio Ljubu\u0161ki\"},\"image\":{\"@id\":\"https:\\\/\\\/radioljubuski.ba\\\/#\\\/schema\\\/logo\\\/image\\\/\"},\"sameAs\":[\"https:\\\/\\\/www.facebook.com\\\/Radiio-Ljubuski-1490835324566332\",\"https:\\\/\\\/x.com\\\/radioljubuski\",\"https:\\\/\\\/hr.linkedin.com\\\/company\\\/radio-ljubuski\",\"https:\\\/\\\/www.youtube.com\\\/channel\\\/UCHYaeO_n0Db3tjNGudGpXyw\"]},{\"@type\":\"Person\",\"@id\":\"https:\\\/\\\/radioljubuski.ba\\\/#\\\/schema\\\/person\\\/19fc700381a780f69665d7956c469e3b\",\"name\":\"Radio Ljubu\u0161ki\"}]}<\/script>\n<!-- \/ Yoast SEO plugin. -->","yoast_head_json":{"title":"Schumacherova supruga prodaje obiteljsko imanje. Tra\u017ei \u0161est milijuna eura - RADIO LJUBU\u0160KI","robots":{"index":"index","follow":"follow","max-snippet":"max-snippet:-1","max-image-preview":"max-image-preview:large","max-video-preview":"max-video-preview:-1"},"canonical":"https:\/\/radioljubuski.ba\/index.php\/2021\/04\/10\/schumacherova-supruga-prodaje-obiteljsko-imanje-trazi-sest-milijuna-eura\/","og_locale":"hr_HR","og_type":"article","og_title":"Schumacherova supruga prodaje obiteljsko imanje. Tra\u017ei \u0161est milijuna eura - RADIO LJUBU\u0160KI","og_description":"Corinna Schumacher stavila je obiteljsko imanje kraj \u017denevskog jezera na prodaju i za njega tra\u017ei 5.9 milijuna eura. Michael i njegova supruga imanje su kupili nedaleko od obiteljske rezidencije i namjeravali su ga koristiti kao ran\u010d u mirovini, ali on sad vi\u0161e, pi\u0161u njema\u010dki mediji, nema smisla. Schumacher je zemlji\u0161te povr\u0161ine ne\u0161to vi\u0161e od 21.000 [&hellip;]","og_url":"https:\/\/radioljubuski.ba\/index.php\/2021\/04\/10\/schumacherova-supruga-prodaje-obiteljsko-imanje-trazi-sest-milijuna-eura\/","og_site_name":"RADIO LJUBU\u0160KI","article_publisher":"https:\/\/www.facebook.com\/Radiio-Ljubuski-1490835324566332","article_published_time":"2021-04-10T17:59:37+00:00","article_modified_time":"2021-04-10T17:59:38+00:00","og_image":[{"width":1000,"height":625,"url":"https:\/\/radioljubuski.ba\/wp-content\/uploads\/2021\/04\/2-2021-04-10-16-55-02-4fc14559-76e6-435e-b941-58c560cc21c6.jpg","type":"image\/jpeg"}],"author":"Radio Ljubu\u0161ki","twitter_card":"summary_large_image","twitter_creator":"@radioljubuski","twitter_site":"@radioljubuski","twitter_misc":{"Napisao\/la":"Radio Ljubu\u0161ki","Procijenjeno vrijeme \u010ditanja":"1 minuta"},"schema":{"@context":"https:\/\/schema.org","@graph":[{"@type":"Article","@id":"https:\/\/radioljubuski.ba\/index.php\/2021\/04\/10\/schumacherova-supruga-prodaje-obiteljsko-imanje-trazi-sest-milijuna-eura\/#article","isPartOf":{"@id":"https:\/\/radioljubuski.ba\/index.php\/2021\/04\/10\/schumacherova-supruga-prodaje-obiteljsko-imanje-trazi-sest-milijuna-eura\/"},"author":{"name":"Radio Ljubu\u0161ki","@id":"https:\/\/radioljubuski.ba\/#\/schema\/person\/19fc700381a780f69665d7956c469e3b"},"headline":"Schumacherova supruga prodaje obiteljsko imanje. Tra\u017ei \u0161est milijuna eura","datePublished":"2021-04-10T17:59:37+00:00","dateModified":"2021-04-10T17:59:38+00:00","mainEntityOfPage":{"@id":"https:\/\/radioljubuski.ba\/index.php\/2021\/04\/10\/schumacherova-supruga-prodaje-obiteljsko-imanje-trazi-sest-milijuna-eura\/"},"wordCount":172,"publisher":{"@id":"https:\/\/radioljubuski.ba\/#organization"},"image":{"@id":"https:\/\/radioljubuski.ba\/index.php\/2021\/04\/10\/schumacherova-supruga-prodaje-obiteljsko-imanje-trazi-sest-milijuna-eura\/#primaryimage"},"thumbnailUrl":"https:\/\/radioljubuski.ba\/wp-content\/uploads\/2021\/04\/2-2021-04-10-16-55-02-4fc14559-76e6-435e-b941-58c560cc21c6.jpg","articleSection":["BIH i regija"],"inLanguage":"hr"},{"@type":"WebPage","@id":"https:\/\/radioljubuski.ba\/index.php\/2021\/04\/10\/schumacherova-supruga-prodaje-obiteljsko-imanje-trazi-sest-milijuna-eura\/","url":"https:\/\/radioljubuski.ba\/index.php\/2021\/04\/10\/schumacherova-supruga-prodaje-obiteljsko-imanje-trazi-sest-milijuna-eura\/","name":"Schumacherova supruga prodaje obiteljsko imanje. Tra\u017ei \u0161est milijuna eura - RADIO LJUBU\u0160KI","isPartOf":{"@id":"https:\/\/radioljubuski.ba\/#website"},"primaryImageOfPage":{"@id":"https:\/\/radioljubuski.ba\/index.php\/2021\/04\/10\/schumacherova-supruga-prodaje-obiteljsko-imanje-trazi-sest-milijuna-eura\/#primaryimage"},"image":{"@id":"https:\/\/radioljubuski.ba\/index.php\/2021\/04\/10\/schumacherova-supruga-prodaje-obiteljsko-imanje-trazi-sest-milijuna-eura\/#primaryimage"},"thumbnailUrl":"https:\/\/radioljubuski.ba\/wp-content\/uploads\/2021\/04\/2-2021-04-10-16-55-02-4fc14559-76e6-435e-b941-58c560cc21c6.jpg","datePublished":"2021-04-10T17:59:37+00:00","dateModified":"2021-04-10T17:59:38+00:00","breadcrumb":{"@id":"https:\/\/radioljubuski.ba\/index.php\/2021\/04\/10\/schumacherova-supruga-prodaje-obiteljsko-imanje-trazi-sest-milijuna-eura\/#breadcrumb"},"inLanguage":"hr","potentialAction":[{"@type":"ReadAction","target":["https:\/\/radioljubuski.ba\/index.php\/2021\/04\/10\/schumacherova-supruga-prodaje-obiteljsko-imanje-trazi-sest-milijuna-eura\/"]}]},{"@type":"ImageObject","inLanguage":"hr","@id":"https:\/\/radioljubuski.ba\/index.php\/2021\/04\/10\/schumacherova-supruga-prodaje-obiteljsko-imanje-trazi-sest-milijuna-eura\/#primaryimage","url":"https:\/\/radioljubuski.ba\/wp-content\/uploads\/2021\/04\/2-2021-04-10-16-55-02-4fc14559-76e6-435e-b941-58c560cc21c6.jpg","contentUrl":"https:\/\/radioljubuski.ba\/wp-content\/uploads\/2021\/04\/2-2021-04-10-16-55-02-4fc14559-76e6-435e-b941-58c560cc21c6.jpg","width":1000,"height":625},{"@type":"BreadcrumbList","@id":"https:\/\/radioljubuski.ba\/index.php\/2021\/04\/10\/schumacherova-supruga-prodaje-obiteljsko-imanje-trazi-sest-milijuna-eura\/#breadcrumb","itemListElement":[{"@type":"ListItem","position":1,"name":"Po\u010detna stranica","item":"https:\/\/radioljubuski.ba\/"},{"@type":"ListItem","position":2,"name":"Schumacherova supruga prodaje obiteljsko imanje. Tra\u017ei \u0161est milijuna eura"}]},{"@type":"WebSite","@id":"https:\/\/radioljubuski.ba\/#website","url":"https:\/\/radioljubuski.ba\/","name":"Radio Ljubu\u0161ki","description":"Sun\u010dana frekvencija Hercegovine","publisher":{"@id":"https:\/\/radioljubuski.ba\/#organization"},"potentialAction":[{"@type":"SearchAction","target":{"@type":"EntryPoint","urlTemplate":"https:\/\/radioljubuski.ba\/?s={search_term_string}"},"query-input":{"@type":"PropertyValueSpecification","valueRequired":true,"valueName":"search_term_string"}}],"inLanguage":"hr"},{"@type":"Organization","@id":"https:\/\/radioljubuski.ba\/#organization","name":"Radio Ljubu\u0161ki","url":"https:\/\/radioljubuski.ba\/","logo":{"@type":"ImageObject","inLanguage":"hr","@id":"https:\/\/radioljubuski.ba\/#\/schema\/logo\/image\/","url":"https:\/\/radioljubuski.ba\/wp-content\/uploads\/2021\/02\/cropped-Radio_Ljubuski_logo1.jpg","contentUrl":"https:\/\/radioljubuski.ba\/wp-content\/uploads\/2021\/02\/cropped-Radio_Ljubuski_logo1.jpg","width":512,"height":512,"caption":"Radio Ljubu\u0161ki"},"image":{"@id":"https:\/\/radioljubuski.ba\/#\/schema\/logo\/image\/"},"sameAs":["https:\/\/www.facebook.com\/Radiio-Ljubuski-1490835324566332","https:\/\/x.com\/radioljubuski","https:\/\/hr.linkedin.com\/company\/radio-ljubuski","https:\/\/www.youtube.com\/channel\/UCHYaeO_n0Db3tjNGudGpXyw"]},{"@type":"Person","@id":"https:\/\/radioljubuski.ba\/#\/schema\/person\/19fc700381a780f69665d7956c469e3b","name":"Radio Ljubu\u0161ki"}]}},"_links":{"self":[{"href":"https:\/\/radioljubuski.ba\/index.php\/wp-json\/wp\/v2\/posts\/11483","targetHints":{"allow":["GET"]}}],"collection":[{"href":"https:\/\/radioljubuski.ba\/index.php\/wp-json\/wp\/v2\/posts"}],"about":[{"href":"https:\/\/radioljubuski.ba\/index.php\/wp-json\/wp\/v2\/types\/post"}],"author":[{"embeddable":true,"href":"https:\/\/radioljubuski.ba\/index.php\/wp-json\/wp\/v2\/users\/2"}],"replies":[{"embeddable":true,"href":"https:\/\/radioljubuski.ba\/index.php\/wp-json\/wp\/v2\/comments?post=11483"}],"version-history":[{"count":1,"href":"https:\/\/radioljubuski.ba\/index.php\/wp-json\/wp\/v2\/posts\/11483\/revisions"}],"predecessor-version":[{"id":11485,"href":"https:\/\/radioljubuski.ba\/index.php\/wp-json\/wp\/v2\/posts\/11483\/revisions\/11485"}],"wp:featuredmedia":[{"embeddable":true,"href":"https:\/\/radioljubuski.ba\/index.php\/wp-json\/wp\/v2\/media\/11484"}],"wp:attachment":[{"href":"https:\/\/radioljubuski.ba\/index.php\/wp-json\/wp\/v2\/media?parent=11483"}],"wp:term":[{"taxonomy":"category","embeddable":true,"href":"https:\/\/radioljubuski.ba\/index.php\/wp-json\/wp\/v2\/categories?post=11483"},{"taxonomy":"post_tag","embeddable":true,"href":"https:\/\/radioljubuski.ba\/index.php\/wp-json\/wp\/v2\/tags?post=11483"}],"curies":[{"name":"wp","href":"https:\/\/api.w.org\/{rel}","templated":true}]}}