{"id":114947,"date":"2022-02-19T21:00:35","date_gmt":"2022-02-19T20:00:35","guid":{"rendered":"https:\/\/radioljubuski.ba\/?p=114947"},"modified":"2022-02-21T09:50:05","modified_gmt":"2022-02-21T08:50:05","slug":"ljubusaci-u-prepunoj-dvorani-uzivali-u-predstavi-pidzama-za-sestero","status":"publish","type":"post","link":"https:\/\/radioljubuski.ba\/index.php\/2022\/02\/19\/ljubusaci-u-prepunoj-dvorani-uzivali-u-predstavi-pidzama-za-sestero\/","title":{"rendered":"Ljubu\u0161aci u prepunoj dvorani u\u017eivali u predstavi &#8220;Pid\u017eama za \u0161estero&#8221; &#8211; audio i foto"},"content":{"rendered":"\n<p>Ljubu\u0161aci su u sklopu obilje\u017eavanja Dana Grada imali priliku u\u017eivati u sjajnoj predstavi.&nbsp;<\/p>\n\n\n\n<p>Glumci Gradskog kazali\u0161ta mladih Vitez su se predstavili doma\u0107oj publici s adaptacijom predstave &#8220;Pid\u017eama za \u0161estero\u201d, nastaloj po motivima teksta Marca Camolettija, francuskog suvremenog autora poznatog po tzv. bulevarskim farsama.<\/p>\n\n\n\n<p>Zanimanje za ovu komediju bilo je veliko, dvorana Kulturnog centra Ljubu\u0161ki bila je dupkom puna, a istom se svako malo prolamao grohot smijeha.<\/p>\n\n\n\n<p>Glumce je na zavr\u0161etku predstave doma\u0107a publika nagradila dugim i gromoglasnim pljeskom.<\/p>\n\n\n\n<p>\u201e<em>U Ljubu\u0161kom je nama uvijek sjajno. Osje\u0107amo se kao doma, zbilja je bilo prekrasno. Atmosfera je bila odli\u010dna, publika divna. Reagirali su sjajno na predstavu. Mi smo poku\u0161ali pokazati \u0161to bolju energiju i \u0161to kvalitetniju glumu, a po reakcijama publike vidim da im se svidjelo\u201c,<\/em> rekao je nakon predstave Ivan Sajevi\u0107, direktor Gradskog kazali\u0161ta mladih Vitez.<\/p>\n\n\n\n<p>On je na kraju predstave \u010destirao Ljubu\u0161acima i Ljubu\u0161ankama Dan Grada.<\/p>\n\n\n\n<p>\u201e<em>\u017delim \u010destitati svim gra\u0111anima i gra\u0111ankama Ljubu\u0161kog Dan Grada. Mi se zbilja osje\u0107amo ovdje kao Ljubu\u0161aci kada god do\u0111emo. Hrvatskom kulturnom dru\u0161tvu Napredak \u010destitamo 120. godi\u0161njicu djelovanja, a \u010destitamo i gradona\u010delniku Markoti\u0107u i predsjedniku GV Kvesi\u0107u na ovom \u0161to rade u Ljubu\u0161kom. Sje\u0107am se, kada smo ovdje bili prije nekoliko godina igrali smo u hotelskoj dvorani, a sada Ljubu\u0161ki ima jedan Kulturni centar kakav ima malo koja sredina u BiH, a rekao bih i u zemljama okru\u017eenja. Mi glumimo diljem regije i imamo priliku vidjeti puno tih dvorana. Ovo je jedna od boljih i kvalitetnijih dvorana u kojima smo glumili i vjerujem da \u0107e ona potaknuti brojne mlade da se okrenu kazali\u0161noj umjetnosti\u201c<\/em> rekao je Sajevi\u0107.<\/p>\n\n\n\n<p>Poslu\u0161ajte razgovor<\/p>\n\n\n\n<iframe src=\"https:\/\/drive.google.com\/file\/d\/1G-Lt5FXMhrheo4e7pT7k_MKguOmnrzE6\/preview\" style=\"width: 100%; height: 100px;\"><\/iframe>\n\n\n\n<iframe loading=\"lazy\" src=\"https:\/\/www.facebook.com\/plugins\/post.php?href=https%3A%2F%2Fwww.facebook.com%2Fpermalink.php%3Fstory_fbid%3D3070353483281167%26id%3D1490835324566332&amp;show_text=true&amp;width=500\" style=\"border:none;overflow:hidden\" scrolling=\"no\" allowfullscreen=\"true\" allow=\"autoplay; clipboard-write; encrypted-media; picture-in-picture; web-share\" width=\"500\" height=\"665\" frameborder=\"0\"><\/iframe>\n\n\n\n<p><strong>Ivan Herceg \/ Radio Ljubu\u0161ki<\/strong><\/p>\n","protected":false},"excerpt":{"rendered":"<p>Ljubu\u0161aci su u sklopu obilje\u017eavanja Dana Grada imali priliku u\u017eivati u sjajnoj predstavi.&nbsp; Glumci Gradskog kazali\u0161ta mladih Vitez su se predstavili doma\u0107oj publici s adaptacijom predstave &#8220;Pid\u017eama za \u0161estero\u201d, nastaloj po motivima teksta Marca Camolettija, francuskog suvremenog autora poznatog po tzv. bulevarskim farsama. Zanimanje za ovu komediju bilo je veliko, dvorana Kulturnog centra Ljubu\u0161ki bila [&hellip;]<\/p>\n","protected":false},"author":2,"featured_media":114948,"comment_status":"closed","ping_status":"closed","sticky":false,"template":"","format":"standard","meta":{"h5ap_radio_sources":[],"footnotes":""},"categories":[8],"tags":[],"class_list":["post-114947","post","type-post","status-publish","format-standard","has-post-thumbnail","hentry","category-rlj-audio"],"yoast_head":"<!-- This site is optimized with the Yoast SEO plugin v27.4 - https:\/\/yoast.com\/product\/yoast-seo-wordpress\/ -->\n<title>Ljubu\u0161aci u prepunoj dvorani u\u017eivali u predstavi &quot;Pid\u017eama za \u0161estero&quot; - audio i foto - RADIO LJUBU\u0160KI<\/title>\n<meta name=\"robots\" content=\"index, follow, max-snippet:-1, max-image-preview:large, max-video-preview:-1\" \/>\n<link rel=\"canonical\" href=\"https:\/\/radioljubuski.ba\/index.php\/2022\/02\/19\/ljubusaci-u-prepunoj-dvorani-uzivali-u-predstavi-pidzama-za-sestero\/\" \/>\n<meta property=\"og:locale\" content=\"hr_HR\" \/>\n<meta property=\"og:type\" content=\"article\" \/>\n<meta property=\"og:title\" content=\"Ljubu\u0161aci u prepunoj dvorani u\u017eivali u predstavi &quot;Pid\u017eama za \u0161estero&quot; - audio i foto - RADIO LJUBU\u0160KI\" \/>\n<meta property=\"og:description\" content=\"Ljubu\u0161aci su u sklopu obilje\u017eavanja Dana Grada imali priliku u\u017eivati u sjajnoj predstavi.&nbsp; Glumci Gradskog kazali\u0161ta mladih Vitez su se predstavili doma\u0107oj publici s adaptacijom predstave &#8220;Pid\u017eama za \u0161estero\u201d, nastaloj po motivima teksta Marca Camolettija, francuskog suvremenog autora poznatog po tzv. bulevarskim farsama. Zanimanje za ovu komediju bilo je veliko, dvorana Kulturnog centra Ljubu\u0161ki bila [&hellip;]\" \/>\n<meta property=\"og:url\" content=\"https:\/\/radioljubuski.ba\/index.php\/2022\/02\/19\/ljubusaci-u-prepunoj-dvorani-uzivali-u-predstavi-pidzama-za-sestero\/\" \/>\n<meta property=\"og:site_name\" content=\"RADIO LJUBU\u0160KI\" \/>\n<meta property=\"article:publisher\" content=\"https:\/\/www.facebook.com\/Radiio-Ljubuski-1490835324566332\" \/>\n<meta property=\"article:published_time\" content=\"2022-02-19T20:00:35+00:00\" \/>\n<meta property=\"article:modified_time\" content=\"2022-02-21T08:50:05+00:00\" \/>\n<meta property=\"og:image\" content=\"https:\/\/radioljubuski.ba\/wp-content\/uploads\/2022\/02\/pidzama-za-sestero-1.jpg\" \/>\n\t<meta property=\"og:image:width\" content=\"1413\" \/>\n\t<meta property=\"og:image:height\" content=\"917\" \/>\n\t<meta property=\"og:image:type\" content=\"image\/jpeg\" \/>\n<meta name=\"author\" content=\"Radio Ljubu\u0161ki\" \/>\n<meta name=\"twitter:card\" content=\"summary_large_image\" \/>\n<meta name=\"twitter:creator\" content=\"@radioljubuski\" \/>\n<meta name=\"twitter:site\" content=\"@radioljubuski\" \/>\n<meta name=\"twitter:label1\" content=\"Napisao\/la\" \/>\n\t<meta name=\"twitter:data1\" content=\"Radio Ljubu\u0161ki\" \/>\n\t<meta name=\"twitter:label2\" content=\"Procijenjeno vrijeme \u010ditanja\" \/>\n\t<meta name=\"twitter:data2\" content=\"2 minute\" \/>\n<script type=\"application\/ld+json\" class=\"yoast-schema-graph\">{\"@context\":\"https:\\\/\\\/schema.org\",\"@graph\":[{\"@type\":\"Article\",\"@id\":\"https:\\\/\\\/radioljubuski.ba\\\/index.php\\\/2022\\\/02\\\/19\\\/ljubusaci-u-prepunoj-dvorani-uzivali-u-predstavi-pidzama-za-sestero\\\/#article\",\"isPartOf\":{\"@id\":\"https:\\\/\\\/radioljubuski.ba\\\/index.php\\\/2022\\\/02\\\/19\\\/ljubusaci-u-prepunoj-dvorani-uzivali-u-predstavi-pidzama-za-sestero\\\/\"},\"author\":{\"name\":\"Radio Ljubu\u0161ki\",\"@id\":\"https:\\\/\\\/radioljubuski.ba\\\/#\\\/schema\\\/person\\\/19fc700381a780f69665d7956c469e3b\"},\"headline\":\"Ljubu\u0161aci u prepunoj dvorani u\u017eivali u predstavi &#8220;Pid\u017eama za \u0161estero&#8221; &#8211; audio i foto\",\"datePublished\":\"2022-02-19T20:00:35+00:00\",\"dateModified\":\"2022-02-21T08:50:05+00:00\",\"mainEntityOfPage\":{\"@id\":\"https:\\\/\\\/radioljubuski.ba\\\/index.php\\\/2022\\\/02\\\/19\\\/ljubusaci-u-prepunoj-dvorani-uzivali-u-predstavi-pidzama-za-sestero\\\/\"},\"wordCount\":318,\"publisher\":{\"@id\":\"https:\\\/\\\/radioljubuski.ba\\\/#organization\"},\"image\":{\"@id\":\"https:\\\/\\\/radioljubuski.ba\\\/index.php\\\/2022\\\/02\\\/19\\\/ljubusaci-u-prepunoj-dvorani-uzivali-u-predstavi-pidzama-za-sestero\\\/#primaryimage\"},\"thumbnailUrl\":\"https:\\\/\\\/radioljubuski.ba\\\/wp-content\\\/uploads\\\/2022\\\/02\\\/pidzama-za-sestero-1.jpg\",\"articleSection\":[\"RLJ Audio\"],\"inLanguage\":\"hr\"},{\"@type\":\"WebPage\",\"@id\":\"https:\\\/\\\/radioljubuski.ba\\\/index.php\\\/2022\\\/02\\\/19\\\/ljubusaci-u-prepunoj-dvorani-uzivali-u-predstavi-pidzama-za-sestero\\\/\",\"url\":\"https:\\\/\\\/radioljubuski.ba\\\/index.php\\\/2022\\\/02\\\/19\\\/ljubusaci-u-prepunoj-dvorani-uzivali-u-predstavi-pidzama-za-sestero\\\/\",\"name\":\"Ljubu\u0161aci u prepunoj dvorani u\u017eivali u predstavi \\\"Pid\u017eama za \u0161estero\\\" - audio i foto - RADIO LJUBU\u0160KI\",\"isPartOf\":{\"@id\":\"https:\\\/\\\/radioljubuski.ba\\\/#website\"},\"primaryImageOfPage\":{\"@id\":\"https:\\\/\\\/radioljubuski.ba\\\/index.php\\\/2022\\\/02\\\/19\\\/ljubusaci-u-prepunoj-dvorani-uzivali-u-predstavi-pidzama-za-sestero\\\/#primaryimage\"},\"image\":{\"@id\":\"https:\\\/\\\/radioljubuski.ba\\\/index.php\\\/2022\\\/02\\\/19\\\/ljubusaci-u-prepunoj-dvorani-uzivali-u-predstavi-pidzama-za-sestero\\\/#primaryimage\"},\"thumbnailUrl\":\"https:\\\/\\\/radioljubuski.ba\\\/wp-content\\\/uploads\\\/2022\\\/02\\\/pidzama-za-sestero-1.jpg\",\"datePublished\":\"2022-02-19T20:00:35+00:00\",\"dateModified\":\"2022-02-21T08:50:05+00:00\",\"breadcrumb\":{\"@id\":\"https:\\\/\\\/radioljubuski.ba\\\/index.php\\\/2022\\\/02\\\/19\\\/ljubusaci-u-prepunoj-dvorani-uzivali-u-predstavi-pidzama-za-sestero\\\/#breadcrumb\"},\"inLanguage\":\"hr\",\"potentialAction\":[{\"@type\":\"ReadAction\",\"target\":[\"https:\\\/\\\/radioljubuski.ba\\\/index.php\\\/2022\\\/02\\\/19\\\/ljubusaci-u-prepunoj-dvorani-uzivali-u-predstavi-pidzama-za-sestero\\\/\"]}]},{\"@type\":\"ImageObject\",\"inLanguage\":\"hr\",\"@id\":\"https:\\\/\\\/radioljubuski.ba\\\/index.php\\\/2022\\\/02\\\/19\\\/ljubusaci-u-prepunoj-dvorani-uzivali-u-predstavi-pidzama-za-sestero\\\/#primaryimage\",\"url\":\"https:\\\/\\\/radioljubuski.ba\\\/wp-content\\\/uploads\\\/2022\\\/02\\\/pidzama-za-sestero-1.jpg\",\"contentUrl\":\"https:\\\/\\\/radioljubuski.ba\\\/wp-content\\\/uploads\\\/2022\\\/02\\\/pidzama-za-sestero-1.jpg\",\"width\":1413,\"height\":917},{\"@type\":\"BreadcrumbList\",\"@id\":\"https:\\\/\\\/radioljubuski.ba\\\/index.php\\\/2022\\\/02\\\/19\\\/ljubusaci-u-prepunoj-dvorani-uzivali-u-predstavi-pidzama-za-sestero\\\/#breadcrumb\",\"itemListElement\":[{\"@type\":\"ListItem\",\"position\":1,\"name\":\"Po\u010detna stranica\",\"item\":\"https:\\\/\\\/radioljubuski.ba\\\/\"},{\"@type\":\"ListItem\",\"position\":2,\"name\":\"Ljubu\u0161aci u prepunoj dvorani u\u017eivali u predstavi &#8220;Pid\u017eama za \u0161estero&#8221; &#8211; audio i foto\"}]},{\"@type\":\"WebSite\",\"@id\":\"https:\\\/\\\/radioljubuski.ba\\\/#website\",\"url\":\"https:\\\/\\\/radioljubuski.ba\\\/\",\"name\":\"Radio Ljubu\u0161ki\",\"description\":\"Sun\u010dana frekvencija Hercegovine\",\"publisher\":{\"@id\":\"https:\\\/\\\/radioljubuski.ba\\\/#organization\"},\"potentialAction\":[{\"@type\":\"SearchAction\",\"target\":{\"@type\":\"EntryPoint\",\"urlTemplate\":\"https:\\\/\\\/radioljubuski.ba\\\/?s={search_term_string}\"},\"query-input\":{\"@type\":\"PropertyValueSpecification\",\"valueRequired\":true,\"valueName\":\"search_term_string\"}}],\"inLanguage\":\"hr\"},{\"@type\":\"Organization\",\"@id\":\"https:\\\/\\\/radioljubuski.ba\\\/#organization\",\"name\":\"Radio Ljubu\u0161ki\",\"url\":\"https:\\\/\\\/radioljubuski.ba\\\/\",\"logo\":{\"@type\":\"ImageObject\",\"inLanguage\":\"hr\",\"@id\":\"https:\\\/\\\/radioljubuski.ba\\\/#\\\/schema\\\/logo\\\/image\\\/\",\"url\":\"https:\\\/\\\/radioljubuski.ba\\\/wp-content\\\/uploads\\\/2021\\\/02\\\/cropped-Radio_Ljubuski_logo1.jpg\",\"contentUrl\":\"https:\\\/\\\/radioljubuski.ba\\\/wp-content\\\/uploads\\\/2021\\\/02\\\/cropped-Radio_Ljubuski_logo1.jpg\",\"width\":512,\"height\":512,\"caption\":\"Radio Ljubu\u0161ki\"},\"image\":{\"@id\":\"https:\\\/\\\/radioljubuski.ba\\\/#\\\/schema\\\/logo\\\/image\\\/\"},\"sameAs\":[\"https:\\\/\\\/www.facebook.com\\\/Radiio-Ljubuski-1490835324566332\",\"https:\\\/\\\/x.com\\\/radioljubuski\",\"https:\\\/\\\/hr.linkedin.com\\\/company\\\/radio-ljubuski\",\"https:\\\/\\\/www.youtube.com\\\/channel\\\/UCHYaeO_n0Db3tjNGudGpXyw\"]},{\"@type\":\"Person\",\"@id\":\"https:\\\/\\\/radioljubuski.ba\\\/#\\\/schema\\\/person\\\/19fc700381a780f69665d7956c469e3b\",\"name\":\"Radio Ljubu\u0161ki\"}]}<\/script>\n<!-- \/ Yoast SEO plugin. -->","yoast_head_json":{"title":"Ljubu\u0161aci u prepunoj dvorani u\u017eivali u predstavi \"Pid\u017eama za \u0161estero\" - audio i foto - RADIO LJUBU\u0160KI","robots":{"index":"index","follow":"follow","max-snippet":"max-snippet:-1","max-image-preview":"max-image-preview:large","max-video-preview":"max-video-preview:-1"},"canonical":"https:\/\/radioljubuski.ba\/index.php\/2022\/02\/19\/ljubusaci-u-prepunoj-dvorani-uzivali-u-predstavi-pidzama-za-sestero\/","og_locale":"hr_HR","og_type":"article","og_title":"Ljubu\u0161aci u prepunoj dvorani u\u017eivali u predstavi \"Pid\u017eama za \u0161estero\" - audio i foto - RADIO LJUBU\u0160KI","og_description":"Ljubu\u0161aci su u sklopu obilje\u017eavanja Dana Grada imali priliku u\u017eivati u sjajnoj predstavi.&nbsp; Glumci Gradskog kazali\u0161ta mladih Vitez su se predstavili doma\u0107oj publici s adaptacijom predstave &#8220;Pid\u017eama za \u0161estero\u201d, nastaloj po motivima teksta Marca Camolettija, francuskog suvremenog autora poznatog po tzv. bulevarskim farsama. Zanimanje za ovu komediju bilo je veliko, dvorana Kulturnog centra Ljubu\u0161ki bila [&hellip;]","og_url":"https:\/\/radioljubuski.ba\/index.php\/2022\/02\/19\/ljubusaci-u-prepunoj-dvorani-uzivali-u-predstavi-pidzama-za-sestero\/","og_site_name":"RADIO LJUBU\u0160KI","article_publisher":"https:\/\/www.facebook.com\/Radiio-Ljubuski-1490835324566332","article_published_time":"2022-02-19T20:00:35+00:00","article_modified_time":"2022-02-21T08:50:05+00:00","og_image":[{"width":1413,"height":917,"url":"https:\/\/radioljubuski.ba\/wp-content\/uploads\/2022\/02\/pidzama-za-sestero-1.jpg","type":"image\/jpeg"}],"author":"Radio Ljubu\u0161ki","twitter_card":"summary_large_image","twitter_creator":"@radioljubuski","twitter_site":"@radioljubuski","twitter_misc":{"Napisao\/la":"Radio Ljubu\u0161ki","Procijenjeno vrijeme \u010ditanja":"2 minute"},"schema":{"@context":"https:\/\/schema.org","@graph":[{"@type":"Article","@id":"https:\/\/radioljubuski.ba\/index.php\/2022\/02\/19\/ljubusaci-u-prepunoj-dvorani-uzivali-u-predstavi-pidzama-za-sestero\/#article","isPartOf":{"@id":"https:\/\/radioljubuski.ba\/index.php\/2022\/02\/19\/ljubusaci-u-prepunoj-dvorani-uzivali-u-predstavi-pidzama-za-sestero\/"},"author":{"name":"Radio Ljubu\u0161ki","@id":"https:\/\/radioljubuski.ba\/#\/schema\/person\/19fc700381a780f69665d7956c469e3b"},"headline":"Ljubu\u0161aci u prepunoj dvorani u\u017eivali u predstavi &#8220;Pid\u017eama za \u0161estero&#8221; &#8211; audio i foto","datePublished":"2022-02-19T20:00:35+00:00","dateModified":"2022-02-21T08:50:05+00:00","mainEntityOfPage":{"@id":"https:\/\/radioljubuski.ba\/index.php\/2022\/02\/19\/ljubusaci-u-prepunoj-dvorani-uzivali-u-predstavi-pidzama-za-sestero\/"},"wordCount":318,"publisher":{"@id":"https:\/\/radioljubuski.ba\/#organization"},"image":{"@id":"https:\/\/radioljubuski.ba\/index.php\/2022\/02\/19\/ljubusaci-u-prepunoj-dvorani-uzivali-u-predstavi-pidzama-za-sestero\/#primaryimage"},"thumbnailUrl":"https:\/\/radioljubuski.ba\/wp-content\/uploads\/2022\/02\/pidzama-za-sestero-1.jpg","articleSection":["RLJ Audio"],"inLanguage":"hr"},{"@type":"WebPage","@id":"https:\/\/radioljubuski.ba\/index.php\/2022\/02\/19\/ljubusaci-u-prepunoj-dvorani-uzivali-u-predstavi-pidzama-za-sestero\/","url":"https:\/\/radioljubuski.ba\/index.php\/2022\/02\/19\/ljubusaci-u-prepunoj-dvorani-uzivali-u-predstavi-pidzama-za-sestero\/","name":"Ljubu\u0161aci u prepunoj dvorani u\u017eivali u predstavi \"Pid\u017eama za \u0161estero\" - audio i foto - RADIO LJUBU\u0160KI","isPartOf":{"@id":"https:\/\/radioljubuski.ba\/#website"},"primaryImageOfPage":{"@id":"https:\/\/radioljubuski.ba\/index.php\/2022\/02\/19\/ljubusaci-u-prepunoj-dvorani-uzivali-u-predstavi-pidzama-za-sestero\/#primaryimage"},"image":{"@id":"https:\/\/radioljubuski.ba\/index.php\/2022\/02\/19\/ljubusaci-u-prepunoj-dvorani-uzivali-u-predstavi-pidzama-za-sestero\/#primaryimage"},"thumbnailUrl":"https:\/\/radioljubuski.ba\/wp-content\/uploads\/2022\/02\/pidzama-za-sestero-1.jpg","datePublished":"2022-02-19T20:00:35+00:00","dateModified":"2022-02-21T08:50:05+00:00","breadcrumb":{"@id":"https:\/\/radioljubuski.ba\/index.php\/2022\/02\/19\/ljubusaci-u-prepunoj-dvorani-uzivali-u-predstavi-pidzama-za-sestero\/#breadcrumb"},"inLanguage":"hr","potentialAction":[{"@type":"ReadAction","target":["https:\/\/radioljubuski.ba\/index.php\/2022\/02\/19\/ljubusaci-u-prepunoj-dvorani-uzivali-u-predstavi-pidzama-za-sestero\/"]}]},{"@type":"ImageObject","inLanguage":"hr","@id":"https:\/\/radioljubuski.ba\/index.php\/2022\/02\/19\/ljubusaci-u-prepunoj-dvorani-uzivali-u-predstavi-pidzama-za-sestero\/#primaryimage","url":"https:\/\/radioljubuski.ba\/wp-content\/uploads\/2022\/02\/pidzama-za-sestero-1.jpg","contentUrl":"https:\/\/radioljubuski.ba\/wp-content\/uploads\/2022\/02\/pidzama-za-sestero-1.jpg","width":1413,"height":917},{"@type":"BreadcrumbList","@id":"https:\/\/radioljubuski.ba\/index.php\/2022\/02\/19\/ljubusaci-u-prepunoj-dvorani-uzivali-u-predstavi-pidzama-za-sestero\/#breadcrumb","itemListElement":[{"@type":"ListItem","position":1,"name":"Po\u010detna stranica","item":"https:\/\/radioljubuski.ba\/"},{"@type":"ListItem","position":2,"name":"Ljubu\u0161aci u prepunoj dvorani u\u017eivali u predstavi &#8220;Pid\u017eama za \u0161estero&#8221; &#8211; audio i foto"}]},{"@type":"WebSite","@id":"https:\/\/radioljubuski.ba\/#website","url":"https:\/\/radioljubuski.ba\/","name":"Radio Ljubu\u0161ki","description":"Sun\u010dana frekvencija Hercegovine","publisher":{"@id":"https:\/\/radioljubuski.ba\/#organization"},"potentialAction":[{"@type":"SearchAction","target":{"@type":"EntryPoint","urlTemplate":"https:\/\/radioljubuski.ba\/?s={search_term_string}"},"query-input":{"@type":"PropertyValueSpecification","valueRequired":true,"valueName":"search_term_string"}}],"inLanguage":"hr"},{"@type":"Organization","@id":"https:\/\/radioljubuski.ba\/#organization","name":"Radio Ljubu\u0161ki","url":"https:\/\/radioljubuski.ba\/","logo":{"@type":"ImageObject","inLanguage":"hr","@id":"https:\/\/radioljubuski.ba\/#\/schema\/logo\/image\/","url":"https:\/\/radioljubuski.ba\/wp-content\/uploads\/2021\/02\/cropped-Radio_Ljubuski_logo1.jpg","contentUrl":"https:\/\/radioljubuski.ba\/wp-content\/uploads\/2021\/02\/cropped-Radio_Ljubuski_logo1.jpg","width":512,"height":512,"caption":"Radio Ljubu\u0161ki"},"image":{"@id":"https:\/\/radioljubuski.ba\/#\/schema\/logo\/image\/"},"sameAs":["https:\/\/www.facebook.com\/Radiio-Ljubuski-1490835324566332","https:\/\/x.com\/radioljubuski","https:\/\/hr.linkedin.com\/company\/radio-ljubuski","https:\/\/www.youtube.com\/channel\/UCHYaeO_n0Db3tjNGudGpXyw"]},{"@type":"Person","@id":"https:\/\/radioljubuski.ba\/#\/schema\/person\/19fc700381a780f69665d7956c469e3b","name":"Radio Ljubu\u0161ki"}]}},"_links":{"self":[{"href":"https:\/\/radioljubuski.ba\/index.php\/wp-json\/wp\/v2\/posts\/114947","targetHints":{"allow":["GET"]}}],"collection":[{"href":"https:\/\/radioljubuski.ba\/index.php\/wp-json\/wp\/v2\/posts"}],"about":[{"href":"https:\/\/radioljubuski.ba\/index.php\/wp-json\/wp\/v2\/types\/post"}],"author":[{"embeddable":true,"href":"https:\/\/radioljubuski.ba\/index.php\/wp-json\/wp\/v2\/users\/2"}],"replies":[{"embeddable":true,"href":"https:\/\/radioljubuski.ba\/index.php\/wp-json\/wp\/v2\/comments?post=114947"}],"version-history":[{"count":5,"href":"https:\/\/radioljubuski.ba\/index.php\/wp-json\/wp\/v2\/posts\/114947\/revisions"}],"predecessor-version":[{"id":115157,"href":"https:\/\/radioljubuski.ba\/index.php\/wp-json\/wp\/v2\/posts\/114947\/revisions\/115157"}],"wp:featuredmedia":[{"embeddable":true,"href":"https:\/\/radioljubuski.ba\/index.php\/wp-json\/wp\/v2\/media\/114948"}],"wp:attachment":[{"href":"https:\/\/radioljubuski.ba\/index.php\/wp-json\/wp\/v2\/media?parent=114947"}],"wp:term":[{"taxonomy":"category","embeddable":true,"href":"https:\/\/radioljubuski.ba\/index.php\/wp-json\/wp\/v2\/categories?post=114947"},{"taxonomy":"post_tag","embeddable":true,"href":"https:\/\/radioljubuski.ba\/index.php\/wp-json\/wp\/v2\/tags?post=114947"}],"curies":[{"name":"wp","href":"https:\/\/api.w.org\/{rel}","templated":true}]}}