{"id":115041,"date":"2022-02-20T15:46:55","date_gmt":"2022-02-20T14:46:55","guid":{"rendered":"https:\/\/radioljubuski.ba\/?p=115041"},"modified":"2022-02-22T10:31:40","modified_gmt":"2022-02-22T09:31:40","slug":"obuka-potraznih-pasa-u-ljubuskom","status":"publish","type":"post","link":"https:\/\/radioljubuski.ba\/index.php\/2022\/02\/20\/obuka-potraznih-pasa-u-ljubuskom\/","title":{"rendered":"Obuka potra\u017enih pasa u Ljubu\u0161kom: Bili smo na treningu na kojem se stvaraju budu\u0107i \u010detverono\u017eni heroji &#8211; audio i foto"},"content":{"rendered":"\n<p>Potra\u017eni pas mo\u017ee zna\u010diti razliku izme\u0111u \u017eivota i smrti tijekom potrage za unesre\u0107enom osobom, no da bi se obu\u010dio jedan potra\u017eni pas potrebne su godine rada.<\/p>\n\n\n\n<p>Upravo na tome rade spa\u0161avatelji iz Saveza Gorskih slu\u017ebi spa\u0161avanja u BiH koji su danas u Ljubu\u0161kom odr\u017eali jednu u nizu komisijskih obuka za potra\u017ene pse.<\/p>\n\n\n\n<p>Stigli su tako danas u Ljubu\u0161ki gorski spa\u0161avatelji iz \u010capljine, \u010citluka i \u0160irokog Brijega te su doveli svoje potra\u017ene pse gdje su s njima satima radili obuku.<\/p>\n\n\n\n<p>Obuka se radila na prostoru ljubu\u0161ke Platnare gdje su vodi\u010di svoje mlade pse u\u010dili osnovama traganja.<\/p>\n\n\n\n<p>U\u010dili su tako psi kako prona\u0107i osobu skrivenu u \u0161ikari, kako pretra\u017eivati ru\u0161evine u potrazi za nestalim, kako zalajati kada na\u0111u tra\u017eenu osobu, a njihovi vodi\u010di su ih nagra\u0111ivali kada bi psi dobro odradili zadatak.<\/p>\n\n\n\n<p>\u201e<em>Va\u017enost jednog potra\u017enog psa najbolje se pokazala nedavno za vrijeme razornog potresa u Petrinji. Mi po lave\u017eu mo\u017eemo prepoznati je li pas na\u0161ao \u017eivu ili mrtvu osobu, u Petrinji je bio slu\u010daj gdje je pas u ru\u0161evini prona\u0161ao djevojku i lajanjem je oglasio da je prona\u0161ao \u017eivu osobu. Unutra su poslani vatrogasci i &nbsp;djevojka je iz ru\u0161evina izvu\u010dena \u017eiva\u201c,<\/em> opisuje nam Mateo Dadi\u0107 iz \u010capljine, voditelj potkomisije za potra\u017ene pse GSS-a u BiH.<\/p>\n\n\n\n<p>Njegov kolega spa\u0161avatelj Bruno Grgi\u0107 iz ljubu\u0161ke stanice GSS-a ka\u017ee kako jedan pas mo\u017ee zamijeniti \u010ditave ljudske ekipe na terenu.<\/p>\n\n\n\n<p>\u201e<em>Dok sedam ljudi odradi segment veli\u010dine 10 do 20 hektara pro\u0111e \u010detiri-pet sati, potra\u017eni pas to odradi u \u010detiri puta kra\u0107em vremenu sa jako velikom sigurno\u0161\u0107u. Potra\u017eni psi koji su licencirani imaju vjerojatnost detekcije nestale osobe izme\u0111u 90 i 95 posto\u201c,<\/em> govori nam Grgi\u0107.<\/p>\n\n\n\n<figure class=\"wp-block-image size-large\"><img loading=\"lazy\" decoding=\"async\" width=\"1024\" height=\"683\" src=\"https:\/\/radioljubuski.ba\/wp-content\/uploads\/2022\/02\/obuka-psi-1024x683.jpg\" alt=\"\" class=\"wp-image-115045\" srcset=\"https:\/\/radioljubuski.ba\/wp-content\/uploads\/2022\/02\/obuka-psi-1024x683.jpg 1024w, https:\/\/radioljubuski.ba\/wp-content\/uploads\/2022\/02\/obuka-psi-300x200.jpg 300w, https:\/\/radioljubuski.ba\/wp-content\/uploads\/2022\/02\/obuka-psi-768x512.jpg 768w, https:\/\/radioljubuski.ba\/wp-content\/uploads\/2022\/02\/obuka-psi-1536x1025.jpg 1536w, https:\/\/radioljubuski.ba\/wp-content\/uploads\/2022\/02\/obuka-psi-18x12.jpg 18w, https:\/\/radioljubuski.ba\/wp-content\/uploads\/2022\/02\/obuka-psi.jpg 1686w\" sizes=\"auto, (max-width: 1024px) 100vw, 1024px\" \/><\/figure>\n\n\n\n<p>Trenutno na razini Saveza Gorskih slu\u017ebi spa\u0161avanja postoje tek tri licencirana psa, no jo\u0161 15 pasa je u sustavu \u0161kolovanja.<\/p>\n\n\n\n<p>\u201e<em>To su ve\u0107inom mladi psi i psi koji su trenutno u pripremama za polaganje licence<\/em>\u201c, obja\u0161njava nam Mateo Dadi\u0107. <\/p>\n\n\n\n<p>Ina\u010de, Mateo i njegov pas Floky su postali prvi licencirani potra\u017eni tim GSS-a u BiH, a Mateo sada poma\u017ee mla\u0111im kolegama kako bi i oni obu\u010dili svoje pse s ciljem pove\u0107anja broja licenciranih potra\u017enih pasa i njihovih vodi\u010da u BiH.&nbsp;<\/p>\n\n\n\n<p>&nbsp;Ovo je dugotrajan proces i zahtijeva puno ljubavi prema psima te strpljenja.<\/p>\n\n\n\n<p><em>\u201ePotrebne su godine da vi formirate potra\u017enog psa. Za mene je potra\u017eni pas kao dijete. To je velika obaveza. Vi morate svaki dan oti\u0107i do njega, morate ga pustiti na istr\u010davanje, morate s njim odraditi par treninga tijekom tjedna, voditi ga veterinaru, hraniti ga. To su veliki tro\u0161kovi i zato je potreban veliki entuzijazam\u201c, <\/em>obja\u0161njava nam Bruno Grgi\u0107, a Mateo Dadi\u0107 dodaje kako svaki mjesec provode standardne komisijske treninge, poput dana\u0161njeg u Ljubu\u0161kom, na kojima prate napredak pasa te daju instrukcije vodi\u010dima pasa \u0161to je potrebno dalje raditi.<\/p>\n\n\n\n<p>&nbsp;\u201e<em>Svaki trening je poseban. Svaki trening donosi ne\u0161to novo. Mi se na treninzima \u010desto vra\u0107amo i nekoliko koraka unatrag gdje pse \u017eelimo jo\u0161 vi\u0161e obu\u010diti i ponoviti stvari koje su oni ranije usvojili. Na ovakvim treninzima imamo i starije pse koji su licencirani i koji rade neke druge zadatke, te imamo mla\u0111e pse koji tek kre\u0107u u obuku za potra\u017ene pse\u201c, <\/em>govori nam Dadi\u0107.<\/p>\n\n\n\n<p>On opisuje kako se svakom psu treba pristupiti individualno jer je svaki pas razli\u010dit. &nbsp;Osim u\u010denja psa kako prona\u0107i nestalu osobu, svoje \u010detverono\u017ene ljubimce u\u010de i pona\u0161anju, da budu mirni i da slu\u0161aju zapovijedi.<\/p>\n\n\n\n<p>Pored obuke psa, potrebno je i da vodi\u010di usvoje brojna znanja.<\/p>\n\n\n\n<p>\u201e<em>Potra\u017eni tim se sastoji od \u010dovjeka i psa. Da bi nastao dobar potra\u017eni tim, moramo zadovoljiti prvu stvar, a to je da je vodi\u010d psa dobar gorski spa\u0161avatelj\u201c, <\/em>govori Dadi\u0107.<\/p>\n\n\n\n<p>On dodaje kako pas i njegov vodi\u010d na terenu nastupaju kao tim i mora se razviti povjerenje izme\u0111u psa i vodi\u010da kako bi sve bilo na vrhunskoj razini.<\/p>\n\n\n\n<p>\u201e<em>Sve stvari moraju biti na vrhunskoj razini jer je nama krajnji cilj prona\u0107i \u010dovjeka i spasiti ljudski \u017eivot\u201c, <\/em>zaklju\u010duje Dadi\u0107.<\/p>\n\n\n\n<p>U audiozapisu koji slijedi poslu\u0161ajte razgovor s Grgi\u0107em i Dadi\u0107em, poslu\u0161ajte vi\u0161e detalja o tome kako se treniraju potra\u017eni psi u BiH, koje su najbolje pasmine za potragu za nestalima, te mnoge druge detalje iz ove tematike.<\/p>\n\n\n\n<iframe src=\"https:\/\/drive.google.com\/file\/d\/1OX7x_IObWkcidfrTAsFc4EqIEU03zyLs\/preview\" style=\"width: 100%; height: 100px;\"><\/iframe>\n\n\n\n<iframe loading=\"lazy\" src=\"https:\/\/www.facebook.com\/plugins\/post.php?href=https%3A%2F%2Fwww.facebook.com%2Fpermalink.php%3Fstory_fbid%3D10160273282410101%26id%3D168112865100&amp;show_text=true&amp;width=500\" style=\"border:none;overflow:hidden\" scrolling=\"no\" allowfullscreen=\"true\" allow=\"autoplay; clipboard-write; encrypted-media; picture-in-picture; web-share\" width=\"500\" height=\"793\" frameborder=\"0\"><\/iframe>\n\n\n\n<p><strong>Ivan Herceg \/ Radio Ljubu\u0161ki<\/strong><\/p>\n","protected":false},"excerpt":{"rendered":"<p>Potra\u017eni pas mo\u017ee zna\u010diti razliku izme\u0111u \u017eivota i smrti tijekom potrage za unesre\u0107enom osobom, no da bi se obu\u010dio jedan potra\u017eni pas potrebne su godine rada. Upravo na tome rade spa\u0161avatelji iz Saveza Gorskih slu\u017ebi spa\u0161avanja u BiH koji su danas u Ljubu\u0161kom odr\u017eali jednu u nizu komisijskih obuka za potra\u017ene pse. Stigli su tako [&hellip;]<\/p>\n","protected":false},"author":2,"featured_media":115042,"comment_status":"closed","ping_status":"closed","sticky":false,"template":"","format":"standard","meta":{"h5ap_radio_sources":[],"footnotes":""},"categories":[8],"tags":[],"class_list":["post-115041","post","type-post","status-publish","format-standard","has-post-thumbnail","hentry","category-rlj-audio"],"yoast_head":"<!-- This site is optimized with the Yoast SEO plugin v27.4 - https:\/\/yoast.com\/product\/yoast-seo-wordpress\/ -->\n<title>Obuka potra\u017enih pasa u Ljubu\u0161kom: Bili smo na treningu na kojem se stvaraju budu\u0107i \u010detverono\u017eni heroji - audio i foto - RADIO LJUBU\u0160KI<\/title>\n<meta name=\"robots\" content=\"index, follow, max-snippet:-1, max-image-preview:large, max-video-preview:-1\" \/>\n<link rel=\"canonical\" href=\"https:\/\/radioljubuski.ba\/index.php\/2022\/02\/20\/obuka-potraznih-pasa-u-ljubuskom\/\" \/>\n<meta property=\"og:locale\" content=\"hr_HR\" \/>\n<meta property=\"og:type\" content=\"article\" \/>\n<meta property=\"og:title\" content=\"Obuka potra\u017enih pasa u Ljubu\u0161kom: Bili smo na treningu na kojem se stvaraju budu\u0107i \u010detverono\u017eni heroji - audio i foto - RADIO LJUBU\u0160KI\" \/>\n<meta property=\"og:description\" content=\"Potra\u017eni pas mo\u017ee zna\u010diti razliku izme\u0111u \u017eivota i smrti tijekom potrage za unesre\u0107enom osobom, no da bi se obu\u010dio jedan potra\u017eni pas potrebne su godine rada. Upravo na tome rade spa\u0161avatelji iz Saveza Gorskih slu\u017ebi spa\u0161avanja u BiH koji su danas u Ljubu\u0161kom odr\u017eali jednu u nizu komisijskih obuka za potra\u017ene pse. Stigli su tako [&hellip;]\" \/>\n<meta property=\"og:url\" content=\"https:\/\/radioljubuski.ba\/index.php\/2022\/02\/20\/obuka-potraznih-pasa-u-ljubuskom\/\" \/>\n<meta property=\"og:site_name\" content=\"RADIO LJUBU\u0160KI\" \/>\n<meta property=\"article:publisher\" content=\"https:\/\/www.facebook.com\/Radiio-Ljubuski-1490835324566332\" \/>\n<meta property=\"article:published_time\" content=\"2022-02-20T14:46:55+00:00\" \/>\n<meta property=\"article:modified_time\" content=\"2022-02-22T09:31:40+00:00\" \/>\n<meta property=\"og:image\" content=\"https:\/\/radioljubuski.ba\/wp-content\/uploads\/2022\/02\/psi1.jpg\" \/>\n\t<meta property=\"og:image:width\" content=\"1686\" \/>\n\t<meta property=\"og:image:height\" content=\"1125\" \/>\n\t<meta property=\"og:image:type\" content=\"image\/jpeg\" \/>\n<meta name=\"author\" content=\"Radio Ljubu\u0161ki\" \/>\n<meta name=\"twitter:card\" content=\"summary_large_image\" \/>\n<meta name=\"twitter:creator\" content=\"@radioljubuski\" \/>\n<meta name=\"twitter:site\" content=\"@radioljubuski\" \/>\n<meta name=\"twitter:label1\" content=\"Napisao\/la\" \/>\n\t<meta name=\"twitter:data1\" content=\"Radio Ljubu\u0161ki\" \/>\n\t<meta name=\"twitter:label2\" content=\"Procijenjeno vrijeme \u010ditanja\" \/>\n\t<meta name=\"twitter:data2\" content=\"4 minute\" \/>\n<script type=\"application\/ld+json\" class=\"yoast-schema-graph\">{\"@context\":\"https:\\\/\\\/schema.org\",\"@graph\":[{\"@type\":\"Article\",\"@id\":\"https:\\\/\\\/radioljubuski.ba\\\/index.php\\\/2022\\\/02\\\/20\\\/obuka-potraznih-pasa-u-ljubuskom\\\/#article\",\"isPartOf\":{\"@id\":\"https:\\\/\\\/radioljubuski.ba\\\/index.php\\\/2022\\\/02\\\/20\\\/obuka-potraznih-pasa-u-ljubuskom\\\/\"},\"author\":{\"name\":\"Radio Ljubu\u0161ki\",\"@id\":\"https:\\\/\\\/radioljubuski.ba\\\/#\\\/schema\\\/person\\\/19fc700381a780f69665d7956c469e3b\"},\"headline\":\"Obuka potra\u017enih pasa u Ljubu\u0161kom: Bili smo na treningu na kojem se stvaraju budu\u0107i \u010detverono\u017eni heroji &#8211; audio i foto\",\"datePublished\":\"2022-02-20T14:46:55+00:00\",\"dateModified\":\"2022-02-22T09:31:40+00:00\",\"mainEntityOfPage\":{\"@id\":\"https:\\\/\\\/radioljubuski.ba\\\/index.php\\\/2022\\\/02\\\/20\\\/obuka-potraznih-pasa-u-ljubuskom\\\/\"},\"wordCount\":798,\"publisher\":{\"@id\":\"https:\\\/\\\/radioljubuski.ba\\\/#organization\"},\"image\":{\"@id\":\"https:\\\/\\\/radioljubuski.ba\\\/index.php\\\/2022\\\/02\\\/20\\\/obuka-potraznih-pasa-u-ljubuskom\\\/#primaryimage\"},\"thumbnailUrl\":\"https:\\\/\\\/radioljubuski.ba\\\/wp-content\\\/uploads\\\/2022\\\/02\\\/psi1.jpg\",\"articleSection\":[\"RLJ Audio\"],\"inLanguage\":\"hr\"},{\"@type\":\"WebPage\",\"@id\":\"https:\\\/\\\/radioljubuski.ba\\\/index.php\\\/2022\\\/02\\\/20\\\/obuka-potraznih-pasa-u-ljubuskom\\\/\",\"url\":\"https:\\\/\\\/radioljubuski.ba\\\/index.php\\\/2022\\\/02\\\/20\\\/obuka-potraznih-pasa-u-ljubuskom\\\/\",\"name\":\"Obuka potra\u017enih pasa u Ljubu\u0161kom: Bili smo na treningu na kojem se stvaraju budu\u0107i \u010detverono\u017eni heroji - audio i foto - RADIO LJUBU\u0160KI\",\"isPartOf\":{\"@id\":\"https:\\\/\\\/radioljubuski.ba\\\/#website\"},\"primaryImageOfPage\":{\"@id\":\"https:\\\/\\\/radioljubuski.ba\\\/index.php\\\/2022\\\/02\\\/20\\\/obuka-potraznih-pasa-u-ljubuskom\\\/#primaryimage\"},\"image\":{\"@id\":\"https:\\\/\\\/radioljubuski.ba\\\/index.php\\\/2022\\\/02\\\/20\\\/obuka-potraznih-pasa-u-ljubuskom\\\/#primaryimage\"},\"thumbnailUrl\":\"https:\\\/\\\/radioljubuski.ba\\\/wp-content\\\/uploads\\\/2022\\\/02\\\/psi1.jpg\",\"datePublished\":\"2022-02-20T14:46:55+00:00\",\"dateModified\":\"2022-02-22T09:31:40+00:00\",\"breadcrumb\":{\"@id\":\"https:\\\/\\\/radioljubuski.ba\\\/index.php\\\/2022\\\/02\\\/20\\\/obuka-potraznih-pasa-u-ljubuskom\\\/#breadcrumb\"},\"inLanguage\":\"hr\",\"potentialAction\":[{\"@type\":\"ReadAction\",\"target\":[\"https:\\\/\\\/radioljubuski.ba\\\/index.php\\\/2022\\\/02\\\/20\\\/obuka-potraznih-pasa-u-ljubuskom\\\/\"]}]},{\"@type\":\"ImageObject\",\"inLanguage\":\"hr\",\"@id\":\"https:\\\/\\\/radioljubuski.ba\\\/index.php\\\/2022\\\/02\\\/20\\\/obuka-potraznih-pasa-u-ljubuskom\\\/#primaryimage\",\"url\":\"https:\\\/\\\/radioljubuski.ba\\\/wp-content\\\/uploads\\\/2022\\\/02\\\/psi1.jpg\",\"contentUrl\":\"https:\\\/\\\/radioljubuski.ba\\\/wp-content\\\/uploads\\\/2022\\\/02\\\/psi1.jpg\",\"width\":1686,\"height\":1125},{\"@type\":\"BreadcrumbList\",\"@id\":\"https:\\\/\\\/radioljubuski.ba\\\/index.php\\\/2022\\\/02\\\/20\\\/obuka-potraznih-pasa-u-ljubuskom\\\/#breadcrumb\",\"itemListElement\":[{\"@type\":\"ListItem\",\"position\":1,\"name\":\"Po\u010detna stranica\",\"item\":\"https:\\\/\\\/radioljubuski.ba\\\/\"},{\"@type\":\"ListItem\",\"position\":2,\"name\":\"Obuka potra\u017enih pasa u Ljubu\u0161kom: Bili smo na treningu na kojem se stvaraju budu\u0107i \u010detverono\u017eni heroji &#8211; audio i foto\"}]},{\"@type\":\"WebSite\",\"@id\":\"https:\\\/\\\/radioljubuski.ba\\\/#website\",\"url\":\"https:\\\/\\\/radioljubuski.ba\\\/\",\"name\":\"Radio Ljubu\u0161ki\",\"description\":\"Sun\u010dana frekvencija Hercegovine\",\"publisher\":{\"@id\":\"https:\\\/\\\/radioljubuski.ba\\\/#organization\"},\"potentialAction\":[{\"@type\":\"SearchAction\",\"target\":{\"@type\":\"EntryPoint\",\"urlTemplate\":\"https:\\\/\\\/radioljubuski.ba\\\/?s={search_term_string}\"},\"query-input\":{\"@type\":\"PropertyValueSpecification\",\"valueRequired\":true,\"valueName\":\"search_term_string\"}}],\"inLanguage\":\"hr\"},{\"@type\":\"Organization\",\"@id\":\"https:\\\/\\\/radioljubuski.ba\\\/#organization\",\"name\":\"Radio Ljubu\u0161ki\",\"url\":\"https:\\\/\\\/radioljubuski.ba\\\/\",\"logo\":{\"@type\":\"ImageObject\",\"inLanguage\":\"hr\",\"@id\":\"https:\\\/\\\/radioljubuski.ba\\\/#\\\/schema\\\/logo\\\/image\\\/\",\"url\":\"https:\\\/\\\/radioljubuski.ba\\\/wp-content\\\/uploads\\\/2021\\\/02\\\/cropped-Radio_Ljubuski_logo1.jpg\",\"contentUrl\":\"https:\\\/\\\/radioljubuski.ba\\\/wp-content\\\/uploads\\\/2021\\\/02\\\/cropped-Radio_Ljubuski_logo1.jpg\",\"width\":512,\"height\":512,\"caption\":\"Radio Ljubu\u0161ki\"},\"image\":{\"@id\":\"https:\\\/\\\/radioljubuski.ba\\\/#\\\/schema\\\/logo\\\/image\\\/\"},\"sameAs\":[\"https:\\\/\\\/www.facebook.com\\\/Radiio-Ljubuski-1490835324566332\",\"https:\\\/\\\/x.com\\\/radioljubuski\",\"https:\\\/\\\/hr.linkedin.com\\\/company\\\/radio-ljubuski\",\"https:\\\/\\\/www.youtube.com\\\/channel\\\/UCHYaeO_n0Db3tjNGudGpXyw\"]},{\"@type\":\"Person\",\"@id\":\"https:\\\/\\\/radioljubuski.ba\\\/#\\\/schema\\\/person\\\/19fc700381a780f69665d7956c469e3b\",\"name\":\"Radio Ljubu\u0161ki\"}]}<\/script>\n<!-- \/ Yoast SEO plugin. -->","yoast_head_json":{"title":"Obuka potra\u017enih pasa u Ljubu\u0161kom: Bili smo na treningu na kojem se stvaraju budu\u0107i \u010detverono\u017eni heroji - audio i foto - RADIO LJUBU\u0160KI","robots":{"index":"index","follow":"follow","max-snippet":"max-snippet:-1","max-image-preview":"max-image-preview:large","max-video-preview":"max-video-preview:-1"},"canonical":"https:\/\/radioljubuski.ba\/index.php\/2022\/02\/20\/obuka-potraznih-pasa-u-ljubuskom\/","og_locale":"hr_HR","og_type":"article","og_title":"Obuka potra\u017enih pasa u Ljubu\u0161kom: Bili smo na treningu na kojem se stvaraju budu\u0107i \u010detverono\u017eni heroji - audio i foto - RADIO LJUBU\u0160KI","og_description":"Potra\u017eni pas mo\u017ee zna\u010diti razliku izme\u0111u \u017eivota i smrti tijekom potrage za unesre\u0107enom osobom, no da bi se obu\u010dio jedan potra\u017eni pas potrebne su godine rada. Upravo na tome rade spa\u0161avatelji iz Saveza Gorskih slu\u017ebi spa\u0161avanja u BiH koji su danas u Ljubu\u0161kom odr\u017eali jednu u nizu komisijskih obuka za potra\u017ene pse. Stigli su tako [&hellip;]","og_url":"https:\/\/radioljubuski.ba\/index.php\/2022\/02\/20\/obuka-potraznih-pasa-u-ljubuskom\/","og_site_name":"RADIO LJUBU\u0160KI","article_publisher":"https:\/\/www.facebook.com\/Radiio-Ljubuski-1490835324566332","article_published_time":"2022-02-20T14:46:55+00:00","article_modified_time":"2022-02-22T09:31:40+00:00","og_image":[{"width":1686,"height":1125,"url":"https:\/\/radioljubuski.ba\/wp-content\/uploads\/2022\/02\/psi1.jpg","type":"image\/jpeg"}],"author":"Radio Ljubu\u0161ki","twitter_card":"summary_large_image","twitter_creator":"@radioljubuski","twitter_site":"@radioljubuski","twitter_misc":{"Napisao\/la":"Radio Ljubu\u0161ki","Procijenjeno vrijeme \u010ditanja":"4 minute"},"schema":{"@context":"https:\/\/schema.org","@graph":[{"@type":"Article","@id":"https:\/\/radioljubuski.ba\/index.php\/2022\/02\/20\/obuka-potraznih-pasa-u-ljubuskom\/#article","isPartOf":{"@id":"https:\/\/radioljubuski.ba\/index.php\/2022\/02\/20\/obuka-potraznih-pasa-u-ljubuskom\/"},"author":{"name":"Radio Ljubu\u0161ki","@id":"https:\/\/radioljubuski.ba\/#\/schema\/person\/19fc700381a780f69665d7956c469e3b"},"headline":"Obuka potra\u017enih pasa u Ljubu\u0161kom: Bili smo na treningu na kojem se stvaraju budu\u0107i \u010detverono\u017eni heroji &#8211; audio i foto","datePublished":"2022-02-20T14:46:55+00:00","dateModified":"2022-02-22T09:31:40+00:00","mainEntityOfPage":{"@id":"https:\/\/radioljubuski.ba\/index.php\/2022\/02\/20\/obuka-potraznih-pasa-u-ljubuskom\/"},"wordCount":798,"publisher":{"@id":"https:\/\/radioljubuski.ba\/#organization"},"image":{"@id":"https:\/\/radioljubuski.ba\/index.php\/2022\/02\/20\/obuka-potraznih-pasa-u-ljubuskom\/#primaryimage"},"thumbnailUrl":"https:\/\/radioljubuski.ba\/wp-content\/uploads\/2022\/02\/psi1.jpg","articleSection":["RLJ Audio"],"inLanguage":"hr"},{"@type":"WebPage","@id":"https:\/\/radioljubuski.ba\/index.php\/2022\/02\/20\/obuka-potraznih-pasa-u-ljubuskom\/","url":"https:\/\/radioljubuski.ba\/index.php\/2022\/02\/20\/obuka-potraznih-pasa-u-ljubuskom\/","name":"Obuka potra\u017enih pasa u Ljubu\u0161kom: Bili smo na treningu na kojem se stvaraju budu\u0107i \u010detverono\u017eni heroji - audio i foto - RADIO LJUBU\u0160KI","isPartOf":{"@id":"https:\/\/radioljubuski.ba\/#website"},"primaryImageOfPage":{"@id":"https:\/\/radioljubuski.ba\/index.php\/2022\/02\/20\/obuka-potraznih-pasa-u-ljubuskom\/#primaryimage"},"image":{"@id":"https:\/\/radioljubuski.ba\/index.php\/2022\/02\/20\/obuka-potraznih-pasa-u-ljubuskom\/#primaryimage"},"thumbnailUrl":"https:\/\/radioljubuski.ba\/wp-content\/uploads\/2022\/02\/psi1.jpg","datePublished":"2022-02-20T14:46:55+00:00","dateModified":"2022-02-22T09:31:40+00:00","breadcrumb":{"@id":"https:\/\/radioljubuski.ba\/index.php\/2022\/02\/20\/obuka-potraznih-pasa-u-ljubuskom\/#breadcrumb"},"inLanguage":"hr","potentialAction":[{"@type":"ReadAction","target":["https:\/\/radioljubuski.ba\/index.php\/2022\/02\/20\/obuka-potraznih-pasa-u-ljubuskom\/"]}]},{"@type":"ImageObject","inLanguage":"hr","@id":"https:\/\/radioljubuski.ba\/index.php\/2022\/02\/20\/obuka-potraznih-pasa-u-ljubuskom\/#primaryimage","url":"https:\/\/radioljubuski.ba\/wp-content\/uploads\/2022\/02\/psi1.jpg","contentUrl":"https:\/\/radioljubuski.ba\/wp-content\/uploads\/2022\/02\/psi1.jpg","width":1686,"height":1125},{"@type":"BreadcrumbList","@id":"https:\/\/radioljubuski.ba\/index.php\/2022\/02\/20\/obuka-potraznih-pasa-u-ljubuskom\/#breadcrumb","itemListElement":[{"@type":"ListItem","position":1,"name":"Po\u010detna stranica","item":"https:\/\/radioljubuski.ba\/"},{"@type":"ListItem","position":2,"name":"Obuka potra\u017enih pasa u Ljubu\u0161kom: Bili smo na treningu na kojem se stvaraju budu\u0107i \u010detverono\u017eni heroji &#8211; audio i foto"}]},{"@type":"WebSite","@id":"https:\/\/radioljubuski.ba\/#website","url":"https:\/\/radioljubuski.ba\/","name":"Radio Ljubu\u0161ki","description":"Sun\u010dana frekvencija Hercegovine","publisher":{"@id":"https:\/\/radioljubuski.ba\/#organization"},"potentialAction":[{"@type":"SearchAction","target":{"@type":"EntryPoint","urlTemplate":"https:\/\/radioljubuski.ba\/?s={search_term_string}"},"query-input":{"@type":"PropertyValueSpecification","valueRequired":true,"valueName":"search_term_string"}}],"inLanguage":"hr"},{"@type":"Organization","@id":"https:\/\/radioljubuski.ba\/#organization","name":"Radio Ljubu\u0161ki","url":"https:\/\/radioljubuski.ba\/","logo":{"@type":"ImageObject","inLanguage":"hr","@id":"https:\/\/radioljubuski.ba\/#\/schema\/logo\/image\/","url":"https:\/\/radioljubuski.ba\/wp-content\/uploads\/2021\/02\/cropped-Radio_Ljubuski_logo1.jpg","contentUrl":"https:\/\/radioljubuski.ba\/wp-content\/uploads\/2021\/02\/cropped-Radio_Ljubuski_logo1.jpg","width":512,"height":512,"caption":"Radio Ljubu\u0161ki"},"image":{"@id":"https:\/\/radioljubuski.ba\/#\/schema\/logo\/image\/"},"sameAs":["https:\/\/www.facebook.com\/Radiio-Ljubuski-1490835324566332","https:\/\/x.com\/radioljubuski","https:\/\/hr.linkedin.com\/company\/radio-ljubuski","https:\/\/www.youtube.com\/channel\/UCHYaeO_n0Db3tjNGudGpXyw"]},{"@type":"Person","@id":"https:\/\/radioljubuski.ba\/#\/schema\/person\/19fc700381a780f69665d7956c469e3b","name":"Radio Ljubu\u0161ki"}]}},"_links":{"self":[{"href":"https:\/\/radioljubuski.ba\/index.php\/wp-json\/wp\/v2\/posts\/115041","targetHints":{"allow":["GET"]}}],"collection":[{"href":"https:\/\/radioljubuski.ba\/index.php\/wp-json\/wp\/v2\/posts"}],"about":[{"href":"https:\/\/radioljubuski.ba\/index.php\/wp-json\/wp\/v2\/types\/post"}],"author":[{"embeddable":true,"href":"https:\/\/radioljubuski.ba\/index.php\/wp-json\/wp\/v2\/users\/2"}],"replies":[{"embeddable":true,"href":"https:\/\/radioljubuski.ba\/index.php\/wp-json\/wp\/v2\/comments?post=115041"}],"version-history":[{"count":7,"href":"https:\/\/radioljubuski.ba\/index.php\/wp-json\/wp\/v2\/posts\/115041\/revisions"}],"predecessor-version":[{"id":115434,"href":"https:\/\/radioljubuski.ba\/index.php\/wp-json\/wp\/v2\/posts\/115041\/revisions\/115434"}],"wp:featuredmedia":[{"embeddable":true,"href":"https:\/\/radioljubuski.ba\/index.php\/wp-json\/wp\/v2\/media\/115042"}],"wp:attachment":[{"href":"https:\/\/radioljubuski.ba\/index.php\/wp-json\/wp\/v2\/media?parent=115041"}],"wp:term":[{"taxonomy":"category","embeddable":true,"href":"https:\/\/radioljubuski.ba\/index.php\/wp-json\/wp\/v2\/categories?post=115041"},{"taxonomy":"post_tag","embeddable":true,"href":"https:\/\/radioljubuski.ba\/index.php\/wp-json\/wp\/v2\/tags?post=115041"}],"curies":[{"name":"wp","href":"https:\/\/api.w.org\/{rel}","templated":true}]}}