{"id":115093,"date":"2022-02-21T09:13:19","date_gmt":"2022-02-21T08:13:19","guid":{"rendered":"https:\/\/radioljubuski.ba\/?p=115093"},"modified":"2022-02-22T10:30:01","modified_gmt":"2022-02-22T09:30:01","slug":"nakon-30-godina-okupio-se-izvidnicki-vod-u-ljubuskom","status":"publish","type":"post","link":"https:\/\/radioljubuski.ba\/index.php\/2022\/02\/21\/nakon-30-godina-okupio-se-izvidnicki-vod-u-ljubuskom\/","title":{"rendered":"Nakon 30 godina okupio se Izvidni\u010dki vod u Ljubu\u0161kom"},"content":{"rendered":"\n<p>Po prvi put nakon Domovinskog rata ve\u010deras je organizirano okupljanje ratnih pripadnika Izvidni\u010dkog voda u Ljubu\u0161kom. Ljudi koji su pripadali ovim Izvidni\u010dkom vodu stavili su svoju Domovinu iznad svega, okupljeni nakon trideset godina, u mislima i sa srcem uz poginule i nestale suborce, uz molitvu i blagoslov, zapo\u010deli su dru\u017eenje. Na samom po\u010detku vije\u0107nik Gradskog vije\u0107a Grada Ljubu\u0161kog An\u0111elko \u010colak je u ime doma\u0107ina pozdravio gradona\u010delnika Vedrana Markoti\u0107a i predsjednika Gradskog vije\u0107a Tihomira Kvesi\u0107a koji su financijski pomogli dru\u017eenje te sve okupljene Ljubu\u0161ake i goste iz Kri\u017eevaca.<\/p>\n\n\n\n<p>Me\u0111u gostima bili su Mario Crn\u010di\u0107, Dragan Brnji\u0107, Zdravko Pofuk i \u0110ur\u0111ica Kula\u0161 koji su 1992. godine do\u0161li iz Kri\u017eevaca da Ljubu\u0161ake podu\u010de te ostali s njima u obrani Hrvatskog naroda.<\/p>\n\n\n\n<p>Prema rije\u010dima \u010colaka, ratni put Izvidni\u010dkog voda Ljubu\u0161ki zapo\u010deo je dolaskom ekipe iz Kri\u017eevac koja ih je obu\u010davala za Izvidnike. \u201eObuka traje 7 dana u okolici Vitine, gdje je u po\u010detku bilo oko 50 polaznika, a kasnije je to spalo na oko 30 vojnika. Tada su formacijski oformljene tri desetine Izvidni\u010dkog voda, na \u010delu tog voda je Mario Crn\u010di\u0107 koji nas je ve\u0107inom \u0161to se ti\u010de vojne doktrine obu\u010di. Prvi teren bio je Bile\u0107 polje, drugi Krivodol,&nbsp; tre\u0107i teren Krivodol oslobodila\u010dka akcija Lipanjske zore gdje na\u0161 zapovjednik Mario Crn\u010di\u0107 prvi kre\u0107e u proboj, a mi ostali za njim i tada prvi ulazimo u \u010detni\u010dke polo\u017eaje. \u010cetvrti teren bio je prelazak na drugu stranu Neretve, a to je Elezovina -Gubavica i tada prelazimo na Stola\u010dko boji\u0161te na Drenovac gdje se nalazimo do kraja 1992. godine. Brigada Ljubu\u0161ki \u2013 Grude &nbsp;-\u010citluk je formirana 18. sije\u010dnja 1993. godine, a zborno podru\u010dje ostaje Stola\u010dka boji\u0161nica, te s tog terena idemo na ispomo\u0107 u Mostar\u201c, kazao je \u010colak te se prisjetio kako su po\u010detkom osmog mjeseca oti\u0161li na uskopljansko boji\u0161te gdje su sudjelovali u pomjeranju boji\u0161nice na Crnim vrhovima i tu boravili do kraja 1993. godine.<\/p>\n\n\n\n<p>\u201ePo\u010detkom 1994. godine trebalo je preuzeti linija od postrojbe Ludviga Pavlovi\u0107a, na Hodovskoj visoravni gdje tada pukovnija ne mo\u017ee skupiti broj vojnika da preuzme liniju. Zamoljen sam tada od pukovnika Ivi\u0107a Brki\u0107a da Izvidni\u010dki vod preuzme liniju dok se okupi satnija koja treba preuzeti liniju. Prihva\u0107amo zamolbu i preuzimamo liniju u trajanju od sedam dana, iza toga odlazimo na Bijelo polje iznad Mostara, zatim boji\u0161te kod Bok\u0161evice te se vra\u0107amo na stola\u010dko boji\u0161te gdje ostajemo do kraja rata\u201c, prisjetio se \u010colak.<\/p>\n\n\n\n<p>Cilj ustrojavanja Izvidni\u010dkog voda je bio organizirati jednu malu, mobilnu, stalno spremnu postrojbu za nove izazove. Izvidni\u010dki vod se ustrojavao od dragovoljaca, a osim izvidni\u010dkih aktivnosti, sudjelovao je i u svim borbenim akcijama.<\/p>\n\n\n\n<p>\u201eKroz Izvidni\u010dkog vod pro\u0161la su 52 vojnika. Devet vojnika su odradili od prvog do zadnjeg dana. Jedan vojnik je ranjen na Krivodolu, a 9 umrlih branitelja. Najve\u0107e mi je zadovoljstvo \u0161to sam vas uspio skupiti u ovom broju i tako mi je drago \u0161to sam vas uspio vratiti va\u0161im roditeljima, suprugama i djeci \u017eive, a koliko zdrave, to ne znam, ipak mi je zadovoljstvo i zbog toga mogu mirno spavati\u201c, zaklju\u010dio je \u010colak.<\/p>\n\n\n\n<iframe loading=\"lazy\" src=\"https:\/\/www.facebook.com\/plugins\/post.php?href=https%3A%2F%2Fwww.facebook.com%2Fljubuskiportal%2Fposts%2F10159225455002025&amp;show_text=true&amp;width=500\" style=\"border:none;overflow:hidden\" scrolling=\"no\" allowfullscreen=\"true\" allow=\"autoplay; clipboard-write; encrypted-media; picture-in-picture; web-share\" width=\"500\" height=\"645\" frameborder=\"0\"><\/iframe>\n\n\n\n<p>Izvor:ljportal.com<\/p>\n","protected":false},"excerpt":{"rendered":"<p>Po prvi put nakon Domovinskog rata ve\u010deras je organizirano okupljanje ratnih pripadnika Izvidni\u010dkog voda u Ljubu\u0161kom. Ljudi koji su pripadali ovim Izvidni\u010dkom vodu stavili su svoju Domovinu iznad svega, okupljeni nakon trideset godina, u mislima i sa srcem uz poginule i nestale suborce, uz molitvu i blagoslov, zapo\u010deli su dru\u017eenje. Na samom po\u010detku vije\u0107nik Gradskog [&hellip;]<\/p>\n","protected":false},"author":2,"featured_media":115094,"comment_status":"closed","ping_status":"closed","sticky":false,"template":"","format":"standard","meta":{"h5ap_radio_sources":[],"footnotes":""},"categories":[3],"tags":[],"class_list":["post-115093","post","type-post","status-publish","format-standard","has-post-thumbnail","hentry","category-ljubuski"],"yoast_head":"<!-- This site is optimized with the Yoast SEO plugin v27.4 - https:\/\/yoast.com\/product\/yoast-seo-wordpress\/ -->\n<title>Nakon 30 godina okupio se Izvidni\u010dki vod u Ljubu\u0161kom - RADIO LJUBU\u0160KI<\/title>\n<meta name=\"robots\" content=\"index, follow, max-snippet:-1, max-image-preview:large, max-video-preview:-1\" \/>\n<link rel=\"canonical\" href=\"https:\/\/radioljubuski.ba\/index.php\/2022\/02\/21\/nakon-30-godina-okupio-se-izvidnicki-vod-u-ljubuskom\/\" \/>\n<meta property=\"og:locale\" content=\"hr_HR\" \/>\n<meta property=\"og:type\" content=\"article\" \/>\n<meta property=\"og:title\" content=\"Nakon 30 godina okupio se Izvidni\u010dki vod u Ljubu\u0161kom - RADIO LJUBU\u0160KI\" \/>\n<meta property=\"og:description\" content=\"Po prvi put nakon Domovinskog rata ve\u010deras je organizirano okupljanje ratnih pripadnika Izvidni\u010dkog voda u Ljubu\u0161kom. Ljudi koji su pripadali ovim Izvidni\u010dkom vodu stavili su svoju Domovinu iznad svega, okupljeni nakon trideset godina, u mislima i sa srcem uz poginule i nestale suborce, uz molitvu i blagoslov, zapo\u010deli su dru\u017eenje. Na samom po\u010detku vije\u0107nik Gradskog [&hellip;]\" \/>\n<meta property=\"og:url\" content=\"https:\/\/radioljubuski.ba\/index.php\/2022\/02\/21\/nakon-30-godina-okupio-se-izvidnicki-vod-u-ljubuskom\/\" \/>\n<meta property=\"og:site_name\" content=\"RADIO LJUBU\u0160KI\" \/>\n<meta property=\"article:publisher\" content=\"https:\/\/www.facebook.com\/Radiio-Ljubuski-1490835324566332\" \/>\n<meta property=\"article:published_time\" content=\"2022-02-21T08:13:19+00:00\" \/>\n<meta property=\"article:modified_time\" content=\"2022-02-22T09:30:01+00:00\" \/>\n<meta property=\"og:image\" content=\"https:\/\/radioljubuski.ba\/wp-content\/uploads\/2022\/02\/izvidnicki-vod.jpg\" \/>\n\t<meta property=\"og:image:width\" content=\"600\" \/>\n\t<meta property=\"og:image:height\" content=\"400\" \/>\n\t<meta property=\"og:image:type\" content=\"image\/jpeg\" \/>\n<meta name=\"author\" content=\"Radio Ljubu\u0161ki\" \/>\n<meta name=\"twitter:card\" content=\"summary_large_image\" \/>\n<meta name=\"twitter:creator\" content=\"@radioljubuski\" \/>\n<meta name=\"twitter:site\" content=\"@radioljubuski\" \/>\n<meta name=\"twitter:label1\" content=\"Napisao\/la\" \/>\n\t<meta name=\"twitter:data1\" content=\"Radio Ljubu\u0161ki\" \/>\n\t<meta name=\"twitter:label2\" content=\"Procijenjeno vrijeme \u010ditanja\" \/>\n\t<meta name=\"twitter:data2\" content=\"3 minute\" \/>\n<script type=\"application\/ld+json\" class=\"yoast-schema-graph\">{\"@context\":\"https:\\\/\\\/schema.org\",\"@graph\":[{\"@type\":\"Article\",\"@id\":\"https:\\\/\\\/radioljubuski.ba\\\/index.php\\\/2022\\\/02\\\/21\\\/nakon-30-godina-okupio-se-izvidnicki-vod-u-ljubuskom\\\/#article\",\"isPartOf\":{\"@id\":\"https:\\\/\\\/radioljubuski.ba\\\/index.php\\\/2022\\\/02\\\/21\\\/nakon-30-godina-okupio-se-izvidnicki-vod-u-ljubuskom\\\/\"},\"author\":{\"name\":\"Radio Ljubu\u0161ki\",\"@id\":\"https:\\\/\\\/radioljubuski.ba\\\/#\\\/schema\\\/person\\\/19fc700381a780f69665d7956c469e3b\"},\"headline\":\"Nakon 30 godina okupio se Izvidni\u010dki vod u Ljubu\u0161kom\",\"datePublished\":\"2022-02-21T08:13:19+00:00\",\"dateModified\":\"2022-02-22T09:30:01+00:00\",\"mainEntityOfPage\":{\"@id\":\"https:\\\/\\\/radioljubuski.ba\\\/index.php\\\/2022\\\/02\\\/21\\\/nakon-30-godina-okupio-se-izvidnicki-vod-u-ljubuskom\\\/\"},\"wordCount\":575,\"publisher\":{\"@id\":\"https:\\\/\\\/radioljubuski.ba\\\/#organization\"},\"image\":{\"@id\":\"https:\\\/\\\/radioljubuski.ba\\\/index.php\\\/2022\\\/02\\\/21\\\/nakon-30-godina-okupio-se-izvidnicki-vod-u-ljubuskom\\\/#primaryimage\"},\"thumbnailUrl\":\"https:\\\/\\\/radioljubuski.ba\\\/wp-content\\\/uploads\\\/2022\\\/02\\\/izvidnicki-vod.jpg\",\"articleSection\":[\"Ljubu\u0161ki\"],\"inLanguage\":\"hr\"},{\"@type\":\"WebPage\",\"@id\":\"https:\\\/\\\/radioljubuski.ba\\\/index.php\\\/2022\\\/02\\\/21\\\/nakon-30-godina-okupio-se-izvidnicki-vod-u-ljubuskom\\\/\",\"url\":\"https:\\\/\\\/radioljubuski.ba\\\/index.php\\\/2022\\\/02\\\/21\\\/nakon-30-godina-okupio-se-izvidnicki-vod-u-ljubuskom\\\/\",\"name\":\"Nakon 30 godina okupio se Izvidni\u010dki vod u Ljubu\u0161kom - RADIO LJUBU\u0160KI\",\"isPartOf\":{\"@id\":\"https:\\\/\\\/radioljubuski.ba\\\/#website\"},\"primaryImageOfPage\":{\"@id\":\"https:\\\/\\\/radioljubuski.ba\\\/index.php\\\/2022\\\/02\\\/21\\\/nakon-30-godina-okupio-se-izvidnicki-vod-u-ljubuskom\\\/#primaryimage\"},\"image\":{\"@id\":\"https:\\\/\\\/radioljubuski.ba\\\/index.php\\\/2022\\\/02\\\/21\\\/nakon-30-godina-okupio-se-izvidnicki-vod-u-ljubuskom\\\/#primaryimage\"},\"thumbnailUrl\":\"https:\\\/\\\/radioljubuski.ba\\\/wp-content\\\/uploads\\\/2022\\\/02\\\/izvidnicki-vod.jpg\",\"datePublished\":\"2022-02-21T08:13:19+00:00\",\"dateModified\":\"2022-02-22T09:30:01+00:00\",\"breadcrumb\":{\"@id\":\"https:\\\/\\\/radioljubuski.ba\\\/index.php\\\/2022\\\/02\\\/21\\\/nakon-30-godina-okupio-se-izvidnicki-vod-u-ljubuskom\\\/#breadcrumb\"},\"inLanguage\":\"hr\",\"potentialAction\":[{\"@type\":\"ReadAction\",\"target\":[\"https:\\\/\\\/radioljubuski.ba\\\/index.php\\\/2022\\\/02\\\/21\\\/nakon-30-godina-okupio-se-izvidnicki-vod-u-ljubuskom\\\/\"]}]},{\"@type\":\"ImageObject\",\"inLanguage\":\"hr\",\"@id\":\"https:\\\/\\\/radioljubuski.ba\\\/index.php\\\/2022\\\/02\\\/21\\\/nakon-30-godina-okupio-se-izvidnicki-vod-u-ljubuskom\\\/#primaryimage\",\"url\":\"https:\\\/\\\/radioljubuski.ba\\\/wp-content\\\/uploads\\\/2022\\\/02\\\/izvidnicki-vod.jpg\",\"contentUrl\":\"https:\\\/\\\/radioljubuski.ba\\\/wp-content\\\/uploads\\\/2022\\\/02\\\/izvidnicki-vod.jpg\",\"width\":600,\"height\":400},{\"@type\":\"BreadcrumbList\",\"@id\":\"https:\\\/\\\/radioljubuski.ba\\\/index.php\\\/2022\\\/02\\\/21\\\/nakon-30-godina-okupio-se-izvidnicki-vod-u-ljubuskom\\\/#breadcrumb\",\"itemListElement\":[{\"@type\":\"ListItem\",\"position\":1,\"name\":\"Po\u010detna stranica\",\"item\":\"https:\\\/\\\/radioljubuski.ba\\\/\"},{\"@type\":\"ListItem\",\"position\":2,\"name\":\"Nakon 30 godina okupio se Izvidni\u010dki vod u Ljubu\u0161kom\"}]},{\"@type\":\"WebSite\",\"@id\":\"https:\\\/\\\/radioljubuski.ba\\\/#website\",\"url\":\"https:\\\/\\\/radioljubuski.ba\\\/\",\"name\":\"Radio Ljubu\u0161ki\",\"description\":\"Sun\u010dana frekvencija Hercegovine\",\"publisher\":{\"@id\":\"https:\\\/\\\/radioljubuski.ba\\\/#organization\"},\"potentialAction\":[{\"@type\":\"SearchAction\",\"target\":{\"@type\":\"EntryPoint\",\"urlTemplate\":\"https:\\\/\\\/radioljubuski.ba\\\/?s={search_term_string}\"},\"query-input\":{\"@type\":\"PropertyValueSpecification\",\"valueRequired\":true,\"valueName\":\"search_term_string\"}}],\"inLanguage\":\"hr\"},{\"@type\":\"Organization\",\"@id\":\"https:\\\/\\\/radioljubuski.ba\\\/#organization\",\"name\":\"Radio Ljubu\u0161ki\",\"url\":\"https:\\\/\\\/radioljubuski.ba\\\/\",\"logo\":{\"@type\":\"ImageObject\",\"inLanguage\":\"hr\",\"@id\":\"https:\\\/\\\/radioljubuski.ba\\\/#\\\/schema\\\/logo\\\/image\\\/\",\"url\":\"https:\\\/\\\/radioljubuski.ba\\\/wp-content\\\/uploads\\\/2021\\\/02\\\/cropped-Radio_Ljubuski_logo1.jpg\",\"contentUrl\":\"https:\\\/\\\/radioljubuski.ba\\\/wp-content\\\/uploads\\\/2021\\\/02\\\/cropped-Radio_Ljubuski_logo1.jpg\",\"width\":512,\"height\":512,\"caption\":\"Radio Ljubu\u0161ki\"},\"image\":{\"@id\":\"https:\\\/\\\/radioljubuski.ba\\\/#\\\/schema\\\/logo\\\/image\\\/\"},\"sameAs\":[\"https:\\\/\\\/www.facebook.com\\\/Radiio-Ljubuski-1490835324566332\",\"https:\\\/\\\/x.com\\\/radioljubuski\",\"https:\\\/\\\/hr.linkedin.com\\\/company\\\/radio-ljubuski\",\"https:\\\/\\\/www.youtube.com\\\/channel\\\/UCHYaeO_n0Db3tjNGudGpXyw\"]},{\"@type\":\"Person\",\"@id\":\"https:\\\/\\\/radioljubuski.ba\\\/#\\\/schema\\\/person\\\/19fc700381a780f69665d7956c469e3b\",\"name\":\"Radio Ljubu\u0161ki\"}]}<\/script>\n<!-- \/ Yoast SEO plugin. -->","yoast_head_json":{"title":"Nakon 30 godina okupio se Izvidni\u010dki vod u Ljubu\u0161kom - RADIO LJUBU\u0160KI","robots":{"index":"index","follow":"follow","max-snippet":"max-snippet:-1","max-image-preview":"max-image-preview:large","max-video-preview":"max-video-preview:-1"},"canonical":"https:\/\/radioljubuski.ba\/index.php\/2022\/02\/21\/nakon-30-godina-okupio-se-izvidnicki-vod-u-ljubuskom\/","og_locale":"hr_HR","og_type":"article","og_title":"Nakon 30 godina okupio se Izvidni\u010dki vod u Ljubu\u0161kom - RADIO LJUBU\u0160KI","og_description":"Po prvi put nakon Domovinskog rata ve\u010deras je organizirano okupljanje ratnih pripadnika Izvidni\u010dkog voda u Ljubu\u0161kom. Ljudi koji su pripadali ovim Izvidni\u010dkom vodu stavili su svoju Domovinu iznad svega, okupljeni nakon trideset godina, u mislima i sa srcem uz poginule i nestale suborce, uz molitvu i blagoslov, zapo\u010deli su dru\u017eenje. Na samom po\u010detku vije\u0107nik Gradskog [&hellip;]","og_url":"https:\/\/radioljubuski.ba\/index.php\/2022\/02\/21\/nakon-30-godina-okupio-se-izvidnicki-vod-u-ljubuskom\/","og_site_name":"RADIO LJUBU\u0160KI","article_publisher":"https:\/\/www.facebook.com\/Radiio-Ljubuski-1490835324566332","article_published_time":"2022-02-21T08:13:19+00:00","article_modified_time":"2022-02-22T09:30:01+00:00","og_image":[{"width":600,"height":400,"url":"https:\/\/radioljubuski.ba\/wp-content\/uploads\/2022\/02\/izvidnicki-vod.jpg","type":"image\/jpeg"}],"author":"Radio Ljubu\u0161ki","twitter_card":"summary_large_image","twitter_creator":"@radioljubuski","twitter_site":"@radioljubuski","twitter_misc":{"Napisao\/la":"Radio Ljubu\u0161ki","Procijenjeno vrijeme \u010ditanja":"3 minute"},"schema":{"@context":"https:\/\/schema.org","@graph":[{"@type":"Article","@id":"https:\/\/radioljubuski.ba\/index.php\/2022\/02\/21\/nakon-30-godina-okupio-se-izvidnicki-vod-u-ljubuskom\/#article","isPartOf":{"@id":"https:\/\/radioljubuski.ba\/index.php\/2022\/02\/21\/nakon-30-godina-okupio-se-izvidnicki-vod-u-ljubuskom\/"},"author":{"name":"Radio Ljubu\u0161ki","@id":"https:\/\/radioljubuski.ba\/#\/schema\/person\/19fc700381a780f69665d7956c469e3b"},"headline":"Nakon 30 godina okupio se Izvidni\u010dki vod u Ljubu\u0161kom","datePublished":"2022-02-21T08:13:19+00:00","dateModified":"2022-02-22T09:30:01+00:00","mainEntityOfPage":{"@id":"https:\/\/radioljubuski.ba\/index.php\/2022\/02\/21\/nakon-30-godina-okupio-se-izvidnicki-vod-u-ljubuskom\/"},"wordCount":575,"publisher":{"@id":"https:\/\/radioljubuski.ba\/#organization"},"image":{"@id":"https:\/\/radioljubuski.ba\/index.php\/2022\/02\/21\/nakon-30-godina-okupio-se-izvidnicki-vod-u-ljubuskom\/#primaryimage"},"thumbnailUrl":"https:\/\/radioljubuski.ba\/wp-content\/uploads\/2022\/02\/izvidnicki-vod.jpg","articleSection":["Ljubu\u0161ki"],"inLanguage":"hr"},{"@type":"WebPage","@id":"https:\/\/radioljubuski.ba\/index.php\/2022\/02\/21\/nakon-30-godina-okupio-se-izvidnicki-vod-u-ljubuskom\/","url":"https:\/\/radioljubuski.ba\/index.php\/2022\/02\/21\/nakon-30-godina-okupio-se-izvidnicki-vod-u-ljubuskom\/","name":"Nakon 30 godina okupio se Izvidni\u010dki vod u Ljubu\u0161kom - RADIO LJUBU\u0160KI","isPartOf":{"@id":"https:\/\/radioljubuski.ba\/#website"},"primaryImageOfPage":{"@id":"https:\/\/radioljubuski.ba\/index.php\/2022\/02\/21\/nakon-30-godina-okupio-se-izvidnicki-vod-u-ljubuskom\/#primaryimage"},"image":{"@id":"https:\/\/radioljubuski.ba\/index.php\/2022\/02\/21\/nakon-30-godina-okupio-se-izvidnicki-vod-u-ljubuskom\/#primaryimage"},"thumbnailUrl":"https:\/\/radioljubuski.ba\/wp-content\/uploads\/2022\/02\/izvidnicki-vod.jpg","datePublished":"2022-02-21T08:13:19+00:00","dateModified":"2022-02-22T09:30:01+00:00","breadcrumb":{"@id":"https:\/\/radioljubuski.ba\/index.php\/2022\/02\/21\/nakon-30-godina-okupio-se-izvidnicki-vod-u-ljubuskom\/#breadcrumb"},"inLanguage":"hr","potentialAction":[{"@type":"ReadAction","target":["https:\/\/radioljubuski.ba\/index.php\/2022\/02\/21\/nakon-30-godina-okupio-se-izvidnicki-vod-u-ljubuskom\/"]}]},{"@type":"ImageObject","inLanguage":"hr","@id":"https:\/\/radioljubuski.ba\/index.php\/2022\/02\/21\/nakon-30-godina-okupio-se-izvidnicki-vod-u-ljubuskom\/#primaryimage","url":"https:\/\/radioljubuski.ba\/wp-content\/uploads\/2022\/02\/izvidnicki-vod.jpg","contentUrl":"https:\/\/radioljubuski.ba\/wp-content\/uploads\/2022\/02\/izvidnicki-vod.jpg","width":600,"height":400},{"@type":"BreadcrumbList","@id":"https:\/\/radioljubuski.ba\/index.php\/2022\/02\/21\/nakon-30-godina-okupio-se-izvidnicki-vod-u-ljubuskom\/#breadcrumb","itemListElement":[{"@type":"ListItem","position":1,"name":"Po\u010detna stranica","item":"https:\/\/radioljubuski.ba\/"},{"@type":"ListItem","position":2,"name":"Nakon 30 godina okupio se Izvidni\u010dki vod u Ljubu\u0161kom"}]},{"@type":"WebSite","@id":"https:\/\/radioljubuski.ba\/#website","url":"https:\/\/radioljubuski.ba\/","name":"Radio Ljubu\u0161ki","description":"Sun\u010dana frekvencija Hercegovine","publisher":{"@id":"https:\/\/radioljubuski.ba\/#organization"},"potentialAction":[{"@type":"SearchAction","target":{"@type":"EntryPoint","urlTemplate":"https:\/\/radioljubuski.ba\/?s={search_term_string}"},"query-input":{"@type":"PropertyValueSpecification","valueRequired":true,"valueName":"search_term_string"}}],"inLanguage":"hr"},{"@type":"Organization","@id":"https:\/\/radioljubuski.ba\/#organization","name":"Radio Ljubu\u0161ki","url":"https:\/\/radioljubuski.ba\/","logo":{"@type":"ImageObject","inLanguage":"hr","@id":"https:\/\/radioljubuski.ba\/#\/schema\/logo\/image\/","url":"https:\/\/radioljubuski.ba\/wp-content\/uploads\/2021\/02\/cropped-Radio_Ljubuski_logo1.jpg","contentUrl":"https:\/\/radioljubuski.ba\/wp-content\/uploads\/2021\/02\/cropped-Radio_Ljubuski_logo1.jpg","width":512,"height":512,"caption":"Radio Ljubu\u0161ki"},"image":{"@id":"https:\/\/radioljubuski.ba\/#\/schema\/logo\/image\/"},"sameAs":["https:\/\/www.facebook.com\/Radiio-Ljubuski-1490835324566332","https:\/\/x.com\/radioljubuski","https:\/\/hr.linkedin.com\/company\/radio-ljubuski","https:\/\/www.youtube.com\/channel\/UCHYaeO_n0Db3tjNGudGpXyw"]},{"@type":"Person","@id":"https:\/\/radioljubuski.ba\/#\/schema\/person\/19fc700381a780f69665d7956c469e3b","name":"Radio Ljubu\u0161ki"}]}},"_links":{"self":[{"href":"https:\/\/radioljubuski.ba\/index.php\/wp-json\/wp\/v2\/posts\/115093","targetHints":{"allow":["GET"]}}],"collection":[{"href":"https:\/\/radioljubuski.ba\/index.php\/wp-json\/wp\/v2\/posts"}],"about":[{"href":"https:\/\/radioljubuski.ba\/index.php\/wp-json\/wp\/v2\/types\/post"}],"author":[{"embeddable":true,"href":"https:\/\/radioljubuski.ba\/index.php\/wp-json\/wp\/v2\/users\/2"}],"replies":[{"embeddable":true,"href":"https:\/\/radioljubuski.ba\/index.php\/wp-json\/wp\/v2\/comments?post=115093"}],"version-history":[{"count":2,"href":"https:\/\/radioljubuski.ba\/index.php\/wp-json\/wp\/v2\/posts\/115093\/revisions"}],"predecessor-version":[{"id":115433,"href":"https:\/\/radioljubuski.ba\/index.php\/wp-json\/wp\/v2\/posts\/115093\/revisions\/115433"}],"wp:featuredmedia":[{"embeddable":true,"href":"https:\/\/radioljubuski.ba\/index.php\/wp-json\/wp\/v2\/media\/115094"}],"wp:attachment":[{"href":"https:\/\/radioljubuski.ba\/index.php\/wp-json\/wp\/v2\/media?parent=115093"}],"wp:term":[{"taxonomy":"category","embeddable":true,"href":"https:\/\/radioljubuski.ba\/index.php\/wp-json\/wp\/v2\/categories?post=115093"},{"taxonomy":"post_tag","embeddable":true,"href":"https:\/\/radioljubuski.ba\/index.php\/wp-json\/wp\/v2\/tags?post=115093"}],"curies":[{"name":"wp","href":"https:\/\/api.w.org\/{rel}","templated":true}]}}