{"id":11558,"date":"2021-04-10T22:19:03","date_gmt":"2021-04-10T21:19:03","guid":{"rendered":"https:\/\/radioljubuski.ba\/?p=11558"},"modified":"2021-04-10T22:19:04","modified_gmt":"2021-04-10T21:19:04","slug":"rijeka-iskoristila-kiks-gorice","status":"publish","type":"post","link":"https:\/\/radioljubuski.ba\/index.php\/2021\/04\/10\/rijeka-iskoristila-kiks-gorice\/","title":{"rendered":"Rijeka iskoristila kiks Gorice"},"content":{"rendered":"\n<p><strong>U dva susreta 28. kola Prve HNL igrana u subotu postignut je samo jedan pogodak, Rijeka je kao gost svladala \u0160ibenik sa 1-0 (0-0), dok su Gorica i Vara\u017edin igrali 0-0.<\/strong><\/p>\n\n\n\n<p>Strijelac gola vrijednog tri boda za Rijeku na \u0160ubi\u0107evcu bio je&nbsp;<strong>Drmi\u0107&nbsp;<\/strong>u 72. minuti. Rijeka je odigrala odli\u010dnu brzu akciju, lopta je nekoliko puta odigrana iz prve, a na kraju je Liber odli\u010dno proigrao Drmi\u0107a koji je ostao sam vrhu kaznenog prostora i zatim smireno zatrwsao mre\u017eu.<br><br><\/p>\n\n\n\n<p>\u010cetvrta Rijeka sada ima 45 bodova, \u010detiri manje od tre\u0107e Gorice, koja je ranije u subotu odigrala 0-0 protiv Vara\u017edina, a pet vi\u0161e uz dvije utakmice vi\u0161e od petog Hajduka. \u0160ibenik je \u0161esti sa 26 bodova, jednim vi\u0161e od sedmog Slavena Belupa, dva vi\u0161e od osme Istre 1961 i devetog Vara\u017edina, a \u0161est vi\u0161e od posljednje Lokomotive.<br><br><\/p>\n\n\n\n<p>Na \u010delu su Dinamo i Osijek sa po 61 bodom, ali Dinamo je odigrao susret manje.<\/p>\n\n\n\n<p>REZULTATI 28. KOLA,<\/p>\n\n\n\n<p>Subota:<\/p>\n\n\n\n<p>Gorica &#8211; Vara\u017edin 0-0<\/p>\n\n\n\n<p>\u0160ibenik &#8211; Rijeka 0-1 (Drmi\u0107 72)<\/p>\n\n\n\n<p>Nedjelja:<\/p>\n\n\n\n<p>Slaven Belupo &#8211; Osijek (15 sati)<\/p>\n\n\n\n<p>Istra 1961 &#8211; Hajduk (17.05 sati)<\/p>\n\n\n\n<p>Lokomotiva &#8211; Dinamo (19.10 sati)<\/p>\n\n\n\n<p>TABLICA:<\/p>\n\n\n\n<p>&nbsp;1. Dinamo 26 19 4 3 64-23 61<\/p>\n\n\n\n<p>&nbsp;2. Osijek 27 19 4 4 47-19 61<\/p>\n\n\n\n<p>&nbsp;3. Gorica 28 14 7 7 51-34 49<\/p>\n\n\n\n<p>&nbsp;4. Rijeka 28 13 6 9 36-34 45<\/p>\n\n\n\n<p>&nbsp;5. Hajduk 25 12 3 10 31-28 39<\/p>\n\n\n\n<p>&nbsp;6. \u0160ibenik 28 7 6 15 27-38 27<\/p>\n\n\n\n<p>&nbsp;7. Slaven B. 26 5 10 11 28-38 25<\/p>\n\n\n\n<p>&nbsp;8. Istra 1961 27 6 6 15 22-41 24<\/p>\n\n\n\n<p>&nbsp;9. Vara\u017edin 28 6 6 16 23-47 24<\/p>\n\n\n\n<p>10. Lokomotiva 27 4 8 15 18-45 20<\/p>\n\n\n\n<p>Izvor:hrt.hr<\/p>\n","protected":false},"excerpt":{"rendered":"<p>U dva susreta 28. kola Prve HNL igrana u subotu postignut je samo jedan pogodak, Rijeka je kao gost svladala \u0160ibenik sa 1-0 (0-0), dok su Gorica i Vara\u017edin igrali 0-0. Strijelac gola vrijednog tri boda za Rijeku na \u0160ubi\u0107evcu bio je&nbsp;Drmi\u0107&nbsp;u 72. minuti. Rijeka je odigrala odli\u010dnu brzu akciju, lopta je nekoliko puta odigrana [&hellip;]<\/p>\n","protected":false},"author":2,"featured_media":11559,"comment_status":"closed","ping_status":"closed","sticky":false,"template":"","format":"standard","meta":{"h5ap_radio_sources":[],"footnotes":""},"categories":[1],"tags":[],"class_list":["post-11558","post","type-post","status-publish","format-standard","has-post-thumbnail","hentry","category-bihiregija"],"yoast_head":"<!-- This site is optimized with the Yoast SEO plugin v27.5 - https:\/\/yoast.com\/product\/yoast-seo-wordpress\/ -->\n<title>Rijeka iskoristila kiks Gorice - RADIO LJUBU\u0160KI<\/title>\n<meta name=\"robots\" content=\"index, follow, max-snippet:-1, max-image-preview:large, max-video-preview:-1\" \/>\n<link rel=\"canonical\" href=\"https:\/\/radioljubuski.ba\/index.php\/2021\/04\/10\/rijeka-iskoristila-kiks-gorice\/\" \/>\n<meta property=\"og:locale\" content=\"hr_HR\" \/>\n<meta property=\"og:type\" content=\"article\" \/>\n<meta property=\"og:title\" content=\"Rijeka iskoristila kiks Gorice - RADIO LJUBU\u0160KI\" \/>\n<meta property=\"og:description\" content=\"U dva susreta 28. kola Prve HNL igrana u subotu postignut je samo jedan pogodak, Rijeka je kao gost svladala \u0160ibenik sa 1-0 (0-0), dok su Gorica i Vara\u017edin igrali 0-0. Strijelac gola vrijednog tri boda za Rijeku na \u0160ubi\u0107evcu bio je&nbsp;Drmi\u0107&nbsp;u 72. minuti. Rijeka je odigrala odli\u010dnu brzu akciju, lopta je nekoliko puta odigrana [&hellip;]\" \/>\n<meta property=\"og:url\" content=\"https:\/\/radioljubuski.ba\/index.php\/2021\/04\/10\/rijeka-iskoristila-kiks-gorice\/\" \/>\n<meta property=\"og:site_name\" content=\"RADIO LJUBU\u0160KI\" \/>\n<meta property=\"article:publisher\" content=\"https:\/\/www.facebook.com\/Radiio-Ljubuski-1490835324566332\" \/>\n<meta property=\"article:published_time\" content=\"2021-04-10T21:19:03+00:00\" \/>\n<meta property=\"article:modified_time\" content=\"2021-04-10T21:19:04+00:00\" \/>\n<meta property=\"og:image\" content=\"https:\/\/radioljubuski.ba\/wp-content\/uploads\/2021\/04\/44-13.png\" \/>\n\t<meta property=\"og:image:width\" content=\"644\" \/>\n\t<meta property=\"og:image:height\" content=\"360\" \/>\n\t<meta property=\"og:image:type\" content=\"image\/png\" \/>\n<meta name=\"author\" content=\"Radio Ljubu\u0161ki\" \/>\n<meta name=\"twitter:card\" content=\"summary_large_image\" \/>\n<meta name=\"twitter:creator\" content=\"@radioljubuski\" \/>\n<meta name=\"twitter:site\" content=\"@radioljubuski\" \/>\n<meta name=\"twitter:label1\" content=\"Napisao\/la\" \/>\n\t<meta name=\"twitter:data1\" content=\"Radio Ljubu\u0161ki\" \/>\n\t<meta name=\"twitter:label2\" content=\"Procijenjeno vrijeme \u010ditanja\" \/>\n\t<meta name=\"twitter:data2\" content=\"2 minute\" \/>\n<script type=\"application\/ld+json\" class=\"yoast-schema-graph\">{\"@context\":\"https:\\\/\\\/schema.org\",\"@graph\":[{\"@type\":\"Article\",\"@id\":\"https:\\\/\\\/radioljubuski.ba\\\/index.php\\\/2021\\\/04\\\/10\\\/rijeka-iskoristila-kiks-gorice\\\/#article\",\"isPartOf\":{\"@id\":\"https:\\\/\\\/radioljubuski.ba\\\/index.php\\\/2021\\\/04\\\/10\\\/rijeka-iskoristila-kiks-gorice\\\/\"},\"author\":{\"name\":\"Radio Ljubu\u0161ki\",\"@id\":\"https:\\\/\\\/radioljubuski.ba\\\/#\\\/schema\\\/person\\\/19fc700381a780f69665d7956c469e3b\"},\"headline\":\"Rijeka iskoristila kiks Gorice\",\"datePublished\":\"2021-04-10T21:19:03+00:00\",\"dateModified\":\"2021-04-10T21:19:04+00:00\",\"mainEntityOfPage\":{\"@id\":\"https:\\\/\\\/radioljubuski.ba\\\/index.php\\\/2021\\\/04\\\/10\\\/rijeka-iskoristila-kiks-gorice\\\/\"},\"wordCount\":228,\"publisher\":{\"@id\":\"https:\\\/\\\/radioljubuski.ba\\\/#organization\"},\"image\":{\"@id\":\"https:\\\/\\\/radioljubuski.ba\\\/index.php\\\/2021\\\/04\\\/10\\\/rijeka-iskoristila-kiks-gorice\\\/#primaryimage\"},\"thumbnailUrl\":\"https:\\\/\\\/radioljubuski.ba\\\/wp-content\\\/uploads\\\/2021\\\/04\\\/44-13.png\",\"articleSection\":[\"BIH i regija\"],\"inLanguage\":\"hr\"},{\"@type\":\"WebPage\",\"@id\":\"https:\\\/\\\/radioljubuski.ba\\\/index.php\\\/2021\\\/04\\\/10\\\/rijeka-iskoristila-kiks-gorice\\\/\",\"url\":\"https:\\\/\\\/radioljubuski.ba\\\/index.php\\\/2021\\\/04\\\/10\\\/rijeka-iskoristila-kiks-gorice\\\/\",\"name\":\"Rijeka iskoristila kiks Gorice - RADIO LJUBU\u0160KI\",\"isPartOf\":{\"@id\":\"https:\\\/\\\/radioljubuski.ba\\\/#website\"},\"primaryImageOfPage\":{\"@id\":\"https:\\\/\\\/radioljubuski.ba\\\/index.php\\\/2021\\\/04\\\/10\\\/rijeka-iskoristila-kiks-gorice\\\/#primaryimage\"},\"image\":{\"@id\":\"https:\\\/\\\/radioljubuski.ba\\\/index.php\\\/2021\\\/04\\\/10\\\/rijeka-iskoristila-kiks-gorice\\\/#primaryimage\"},\"thumbnailUrl\":\"https:\\\/\\\/radioljubuski.ba\\\/wp-content\\\/uploads\\\/2021\\\/04\\\/44-13.png\",\"datePublished\":\"2021-04-10T21:19:03+00:00\",\"dateModified\":\"2021-04-10T21:19:04+00:00\",\"breadcrumb\":{\"@id\":\"https:\\\/\\\/radioljubuski.ba\\\/index.php\\\/2021\\\/04\\\/10\\\/rijeka-iskoristila-kiks-gorice\\\/#breadcrumb\"},\"inLanguage\":\"hr\",\"potentialAction\":[{\"@type\":\"ReadAction\",\"target\":[\"https:\\\/\\\/radioljubuski.ba\\\/index.php\\\/2021\\\/04\\\/10\\\/rijeka-iskoristila-kiks-gorice\\\/\"]}]},{\"@type\":\"ImageObject\",\"inLanguage\":\"hr\",\"@id\":\"https:\\\/\\\/radioljubuski.ba\\\/index.php\\\/2021\\\/04\\\/10\\\/rijeka-iskoristila-kiks-gorice\\\/#primaryimage\",\"url\":\"https:\\\/\\\/radioljubuski.ba\\\/wp-content\\\/uploads\\\/2021\\\/04\\\/44-13.png\",\"contentUrl\":\"https:\\\/\\\/radioljubuski.ba\\\/wp-content\\\/uploads\\\/2021\\\/04\\\/44-13.png\",\"width\":644,\"height\":360},{\"@type\":\"BreadcrumbList\",\"@id\":\"https:\\\/\\\/radioljubuski.ba\\\/index.php\\\/2021\\\/04\\\/10\\\/rijeka-iskoristila-kiks-gorice\\\/#breadcrumb\",\"itemListElement\":[{\"@type\":\"ListItem\",\"position\":1,\"name\":\"Po\u010detna stranica\",\"item\":\"https:\\\/\\\/radioljubuski.ba\\\/\"},{\"@type\":\"ListItem\",\"position\":2,\"name\":\"Rijeka iskoristila kiks Gorice\"}]},{\"@type\":\"WebSite\",\"@id\":\"https:\\\/\\\/radioljubuski.ba\\\/#website\",\"url\":\"https:\\\/\\\/radioljubuski.ba\\\/\",\"name\":\"Radio Ljubu\u0161ki\",\"description\":\"Sun\u010dana frekvencija Hercegovine\",\"publisher\":{\"@id\":\"https:\\\/\\\/radioljubuski.ba\\\/#organization\"},\"potentialAction\":[{\"@type\":\"SearchAction\",\"target\":{\"@type\":\"EntryPoint\",\"urlTemplate\":\"https:\\\/\\\/radioljubuski.ba\\\/?s={search_term_string}\"},\"query-input\":{\"@type\":\"PropertyValueSpecification\",\"valueRequired\":true,\"valueName\":\"search_term_string\"}}],\"inLanguage\":\"hr\"},{\"@type\":\"Organization\",\"@id\":\"https:\\\/\\\/radioljubuski.ba\\\/#organization\",\"name\":\"Radio Ljubu\u0161ki\",\"url\":\"https:\\\/\\\/radioljubuski.ba\\\/\",\"logo\":{\"@type\":\"ImageObject\",\"inLanguage\":\"hr\",\"@id\":\"https:\\\/\\\/radioljubuski.ba\\\/#\\\/schema\\\/logo\\\/image\\\/\",\"url\":\"https:\\\/\\\/radioljubuski.ba\\\/wp-content\\\/uploads\\\/2021\\\/02\\\/cropped-Radio_Ljubuski_logo1.jpg\",\"contentUrl\":\"https:\\\/\\\/radioljubuski.ba\\\/wp-content\\\/uploads\\\/2021\\\/02\\\/cropped-Radio_Ljubuski_logo1.jpg\",\"width\":512,\"height\":512,\"caption\":\"Radio Ljubu\u0161ki\"},\"image\":{\"@id\":\"https:\\\/\\\/radioljubuski.ba\\\/#\\\/schema\\\/logo\\\/image\\\/\"},\"sameAs\":[\"https:\\\/\\\/www.facebook.com\\\/Radiio-Ljubuski-1490835324566332\",\"https:\\\/\\\/x.com\\\/radioljubuski\",\"https:\\\/\\\/hr.linkedin.com\\\/company\\\/radio-ljubuski\",\"https:\\\/\\\/www.youtube.com\\\/channel\\\/UCHYaeO_n0Db3tjNGudGpXyw\"]},{\"@type\":\"Person\",\"@id\":\"https:\\\/\\\/radioljubuski.ba\\\/#\\\/schema\\\/person\\\/19fc700381a780f69665d7956c469e3b\",\"name\":\"Radio Ljubu\u0161ki\"}]}<\/script>\n<!-- \/ Yoast SEO plugin. -->","yoast_head_json":{"title":"Rijeka iskoristila kiks Gorice - RADIO LJUBU\u0160KI","robots":{"index":"index","follow":"follow","max-snippet":"max-snippet:-1","max-image-preview":"max-image-preview:large","max-video-preview":"max-video-preview:-1"},"canonical":"https:\/\/radioljubuski.ba\/index.php\/2021\/04\/10\/rijeka-iskoristila-kiks-gorice\/","og_locale":"hr_HR","og_type":"article","og_title":"Rijeka iskoristila kiks Gorice - RADIO LJUBU\u0160KI","og_description":"U dva susreta 28. kola Prve HNL igrana u subotu postignut je samo jedan pogodak, Rijeka je kao gost svladala \u0160ibenik sa 1-0 (0-0), dok su Gorica i Vara\u017edin igrali 0-0. Strijelac gola vrijednog tri boda za Rijeku na \u0160ubi\u0107evcu bio je&nbsp;Drmi\u0107&nbsp;u 72. minuti. Rijeka je odigrala odli\u010dnu brzu akciju, lopta je nekoliko puta odigrana [&hellip;]","og_url":"https:\/\/radioljubuski.ba\/index.php\/2021\/04\/10\/rijeka-iskoristila-kiks-gorice\/","og_site_name":"RADIO LJUBU\u0160KI","article_publisher":"https:\/\/www.facebook.com\/Radiio-Ljubuski-1490835324566332","article_published_time":"2021-04-10T21:19:03+00:00","article_modified_time":"2021-04-10T21:19:04+00:00","og_image":[{"width":644,"height":360,"url":"https:\/\/radioljubuski.ba\/wp-content\/uploads\/2021\/04\/44-13.png","type":"image\/png"}],"author":"Radio Ljubu\u0161ki","twitter_card":"summary_large_image","twitter_creator":"@radioljubuski","twitter_site":"@radioljubuski","twitter_misc":{"Napisao\/la":"Radio Ljubu\u0161ki","Procijenjeno vrijeme \u010ditanja":"2 minute"},"schema":{"@context":"https:\/\/schema.org","@graph":[{"@type":"Article","@id":"https:\/\/radioljubuski.ba\/index.php\/2021\/04\/10\/rijeka-iskoristila-kiks-gorice\/#article","isPartOf":{"@id":"https:\/\/radioljubuski.ba\/index.php\/2021\/04\/10\/rijeka-iskoristila-kiks-gorice\/"},"author":{"name":"Radio Ljubu\u0161ki","@id":"https:\/\/radioljubuski.ba\/#\/schema\/person\/19fc700381a780f69665d7956c469e3b"},"headline":"Rijeka iskoristila kiks Gorice","datePublished":"2021-04-10T21:19:03+00:00","dateModified":"2021-04-10T21:19:04+00:00","mainEntityOfPage":{"@id":"https:\/\/radioljubuski.ba\/index.php\/2021\/04\/10\/rijeka-iskoristila-kiks-gorice\/"},"wordCount":228,"publisher":{"@id":"https:\/\/radioljubuski.ba\/#organization"},"image":{"@id":"https:\/\/radioljubuski.ba\/index.php\/2021\/04\/10\/rijeka-iskoristila-kiks-gorice\/#primaryimage"},"thumbnailUrl":"https:\/\/radioljubuski.ba\/wp-content\/uploads\/2021\/04\/44-13.png","articleSection":["BIH i regija"],"inLanguage":"hr"},{"@type":"WebPage","@id":"https:\/\/radioljubuski.ba\/index.php\/2021\/04\/10\/rijeka-iskoristila-kiks-gorice\/","url":"https:\/\/radioljubuski.ba\/index.php\/2021\/04\/10\/rijeka-iskoristila-kiks-gorice\/","name":"Rijeka iskoristila kiks Gorice - RADIO LJUBU\u0160KI","isPartOf":{"@id":"https:\/\/radioljubuski.ba\/#website"},"primaryImageOfPage":{"@id":"https:\/\/radioljubuski.ba\/index.php\/2021\/04\/10\/rijeka-iskoristila-kiks-gorice\/#primaryimage"},"image":{"@id":"https:\/\/radioljubuski.ba\/index.php\/2021\/04\/10\/rijeka-iskoristila-kiks-gorice\/#primaryimage"},"thumbnailUrl":"https:\/\/radioljubuski.ba\/wp-content\/uploads\/2021\/04\/44-13.png","datePublished":"2021-04-10T21:19:03+00:00","dateModified":"2021-04-10T21:19:04+00:00","breadcrumb":{"@id":"https:\/\/radioljubuski.ba\/index.php\/2021\/04\/10\/rijeka-iskoristila-kiks-gorice\/#breadcrumb"},"inLanguage":"hr","potentialAction":[{"@type":"ReadAction","target":["https:\/\/radioljubuski.ba\/index.php\/2021\/04\/10\/rijeka-iskoristila-kiks-gorice\/"]}]},{"@type":"ImageObject","inLanguage":"hr","@id":"https:\/\/radioljubuski.ba\/index.php\/2021\/04\/10\/rijeka-iskoristila-kiks-gorice\/#primaryimage","url":"https:\/\/radioljubuski.ba\/wp-content\/uploads\/2021\/04\/44-13.png","contentUrl":"https:\/\/radioljubuski.ba\/wp-content\/uploads\/2021\/04\/44-13.png","width":644,"height":360},{"@type":"BreadcrumbList","@id":"https:\/\/radioljubuski.ba\/index.php\/2021\/04\/10\/rijeka-iskoristila-kiks-gorice\/#breadcrumb","itemListElement":[{"@type":"ListItem","position":1,"name":"Po\u010detna stranica","item":"https:\/\/radioljubuski.ba\/"},{"@type":"ListItem","position":2,"name":"Rijeka iskoristila kiks Gorice"}]},{"@type":"WebSite","@id":"https:\/\/radioljubuski.ba\/#website","url":"https:\/\/radioljubuski.ba\/","name":"Radio Ljubu\u0161ki","description":"Sun\u010dana frekvencija Hercegovine","publisher":{"@id":"https:\/\/radioljubuski.ba\/#organization"},"potentialAction":[{"@type":"SearchAction","target":{"@type":"EntryPoint","urlTemplate":"https:\/\/radioljubuski.ba\/?s={search_term_string}"},"query-input":{"@type":"PropertyValueSpecification","valueRequired":true,"valueName":"search_term_string"}}],"inLanguage":"hr"},{"@type":"Organization","@id":"https:\/\/radioljubuski.ba\/#organization","name":"Radio Ljubu\u0161ki","url":"https:\/\/radioljubuski.ba\/","logo":{"@type":"ImageObject","inLanguage":"hr","@id":"https:\/\/radioljubuski.ba\/#\/schema\/logo\/image\/","url":"https:\/\/radioljubuski.ba\/wp-content\/uploads\/2021\/02\/cropped-Radio_Ljubuski_logo1.jpg","contentUrl":"https:\/\/radioljubuski.ba\/wp-content\/uploads\/2021\/02\/cropped-Radio_Ljubuski_logo1.jpg","width":512,"height":512,"caption":"Radio Ljubu\u0161ki"},"image":{"@id":"https:\/\/radioljubuski.ba\/#\/schema\/logo\/image\/"},"sameAs":["https:\/\/www.facebook.com\/Radiio-Ljubuski-1490835324566332","https:\/\/x.com\/radioljubuski","https:\/\/hr.linkedin.com\/company\/radio-ljubuski","https:\/\/www.youtube.com\/channel\/UCHYaeO_n0Db3tjNGudGpXyw"]},{"@type":"Person","@id":"https:\/\/radioljubuski.ba\/#\/schema\/person\/19fc700381a780f69665d7956c469e3b","name":"Radio Ljubu\u0161ki"}]}},"_links":{"self":[{"href":"https:\/\/radioljubuski.ba\/index.php\/wp-json\/wp\/v2\/posts\/11558","targetHints":{"allow":["GET"]}}],"collection":[{"href":"https:\/\/radioljubuski.ba\/index.php\/wp-json\/wp\/v2\/posts"}],"about":[{"href":"https:\/\/radioljubuski.ba\/index.php\/wp-json\/wp\/v2\/types\/post"}],"author":[{"embeddable":true,"href":"https:\/\/radioljubuski.ba\/index.php\/wp-json\/wp\/v2\/users\/2"}],"replies":[{"embeddable":true,"href":"https:\/\/radioljubuski.ba\/index.php\/wp-json\/wp\/v2\/comments?post=11558"}],"version-history":[{"count":1,"href":"https:\/\/radioljubuski.ba\/index.php\/wp-json\/wp\/v2\/posts\/11558\/revisions"}],"predecessor-version":[{"id":11560,"href":"https:\/\/radioljubuski.ba\/index.php\/wp-json\/wp\/v2\/posts\/11558\/revisions\/11560"}],"wp:featuredmedia":[{"embeddable":true,"href":"https:\/\/radioljubuski.ba\/index.php\/wp-json\/wp\/v2\/media\/11559"}],"wp:attachment":[{"href":"https:\/\/radioljubuski.ba\/index.php\/wp-json\/wp\/v2\/media?parent=11558"}],"wp:term":[{"taxonomy":"category","embeddable":true,"href":"https:\/\/radioljubuski.ba\/index.php\/wp-json\/wp\/v2\/categories?post=11558"},{"taxonomy":"post_tag","embeddable":true,"href":"https:\/\/radioljubuski.ba\/index.php\/wp-json\/wp\/v2\/tags?post=11558"}],"curies":[{"name":"wp","href":"https:\/\/api.w.org\/{rel}","templated":true}]}}