{"id":11561,"date":"2021-04-10T22:21:27","date_gmt":"2021-04-10T21:21:27","guid":{"rendered":"https:\/\/radioljubuski.ba\/?p=11561"},"modified":"2021-04-10T22:21:29","modified_gmt":"2021-04-10T21:21:29","slug":"guardiola-ce-biti-sretan-ako-aguero-ode-u-redove-cityjevog-rivala","status":"publish","type":"post","link":"https:\/\/radioljubuski.ba\/index.php\/2021\/04\/10\/guardiola-ce-biti-sretan-ako-aguero-ode-u-redove-cityjevog-rivala\/","title":{"rendered":"Guardiola \u0107e biti sretan ako Aguero ode u redove Cityjevog rivala"},"content":{"rendered":"\n<p><strong>Trener Manchester Cityja Pep Guardiola rekao je da \u017eeli samo najbolje za Sergija Aguera, legendu kluba, koji napu\u0161ta Gra\u0111ane na kraju sezone, \u010dak i ako Argentinac odlu\u010di poja\u010dati konkurenta u Premier ligi.<\/strong><\/p>\n\n\n\n<p>Aguero je u dresu Cityja postigao 257 golova u 385 nastupa i osvojio \u010detiri naslova prvaka Engleske.<br><br>Tridesetdvogodi\u0161njeg nogometa\u0161a povezivalo se s klubovima diljem Europe, ali i onima u Engleskoj.<br><br>&#8211; \u017delim mu sve najbolje u posljednjim godinama karijere, rekao je Guardiola. &#8211; Bit \u0107u sretan s bilo kojom odlukom, ako \u0107e biti najbolja za njega i obitelj, rekao je Guardiola koji se nada da \u0107e Argentinac ostati zdrav i pomo\u0107i klubu do kraja sezone.<br><br>&#8211; Sve se mo\u017ee dogoditi, i brzo se promijeniti u pozitivnom ili negativnom smislu. Svi moraju biti spremni i nadam se da \u0107e on biti. On je sjajna osoba i razumijem ga da treba vremena da budu potpuno u formi, zaklju\u010dio je trener Cityja.<\/p>\n\n\n\n<blockquote class=\"twitter-tweet\"><p lang=\"en\" dir=\"ltr\">Pep Guardiola would be happy to see Sergio Aguero lining up against Manchester City in the Premier League next season.<\/p>&mdash; Sky Sports Premier League (@SkySportsPL) <a href=\"https:\/\/twitter.com\/SkySportsPL\/status\/1380643181541396487?ref_src=twsrc%5Etfw\">April 9, 2021<\/a><\/blockquote> <script async src=\"https:\/\/platform.twitter.com\/widgets.js\" charset=\"utf-8\"><\/script>\n\n\n\n<p>Izvor:hrt.hr<\/p>\n","protected":false},"excerpt":{"rendered":"<p>Trener Manchester Cityja Pep Guardiola rekao je da \u017eeli samo najbolje za Sergija Aguera, legendu kluba, koji napu\u0161ta Gra\u0111ane na kraju sezone, \u010dak i ako Argentinac odlu\u010di poja\u010dati konkurenta u Premier ligi. Aguero je u dresu Cityja postigao 257 golova u 385 nastupa i osvojio \u010detiri naslova prvaka Engleske. Tridesetdvogodi\u0161njeg nogometa\u0161a povezivalo se s klubovima [&hellip;]<\/p>\n","protected":false},"author":2,"featured_media":11562,"comment_status":"closed","ping_status":"closed","sticky":false,"template":"","format":"standard","meta":{"h5ap_radio_sources":[],"footnotes":""},"categories":[1],"tags":[],"class_list":["post-11561","post","type-post","status-publish","format-standard","has-post-thumbnail","hentry","category-bihiregija"],"yoast_head":"<!-- This site is optimized with the Yoast SEO plugin v27.5 - https:\/\/yoast.com\/product\/yoast-seo-wordpress\/ -->\n<title>Guardiola \u0107e biti sretan ako Aguero ode u redove Cityjevog rivala - RADIO LJUBU\u0160KI<\/title>\n<meta name=\"robots\" content=\"index, follow, max-snippet:-1, max-image-preview:large, max-video-preview:-1\" \/>\n<link rel=\"canonical\" href=\"https:\/\/radioljubuski.ba\/index.php\/2021\/04\/10\/guardiola-ce-biti-sretan-ako-aguero-ode-u-redove-cityjevog-rivala\/\" \/>\n<meta property=\"og:locale\" content=\"hr_HR\" \/>\n<meta property=\"og:type\" content=\"article\" \/>\n<meta property=\"og:title\" content=\"Guardiola \u0107e biti sretan ako Aguero ode u redove Cityjevog rivala - RADIO LJUBU\u0160KI\" \/>\n<meta property=\"og:description\" content=\"Trener Manchester Cityja Pep Guardiola rekao je da \u017eeli samo najbolje za Sergija Aguera, legendu kluba, koji napu\u0161ta Gra\u0111ane na kraju sezone, \u010dak i ako Argentinac odlu\u010di poja\u010dati konkurenta u Premier ligi. Aguero je u dresu Cityja postigao 257 golova u 385 nastupa i osvojio \u010detiri naslova prvaka Engleske. Tridesetdvogodi\u0161njeg nogometa\u0161a povezivalo se s klubovima [&hellip;]\" \/>\n<meta property=\"og:url\" content=\"https:\/\/radioljubuski.ba\/index.php\/2021\/04\/10\/guardiola-ce-biti-sretan-ako-aguero-ode-u-redove-cityjevog-rivala\/\" \/>\n<meta property=\"og:site_name\" content=\"RADIO LJUBU\u0160KI\" \/>\n<meta property=\"article:publisher\" content=\"https:\/\/www.facebook.com\/Radiio-Ljubuski-1490835324566332\" \/>\n<meta property=\"article:published_time\" content=\"2021-04-10T21:21:27+00:00\" \/>\n<meta property=\"article:modified_time\" content=\"2021-04-10T21:21:29+00:00\" \/>\n<meta property=\"og:image\" content=\"https:\/\/radioljubuski.ba\/wp-content\/uploads\/2021\/04\/guardiola-hrlj.png\" \/>\n\t<meta property=\"og:image:width\" content=\"645\" \/>\n\t<meta property=\"og:image:height\" content=\"362\" \/>\n\t<meta property=\"og:image:type\" content=\"image\/png\" \/>\n<meta name=\"author\" content=\"Radio Ljubu\u0161ki\" \/>\n<meta name=\"twitter:card\" content=\"summary_large_image\" \/>\n<meta name=\"twitter:creator\" content=\"@radioljubuski\" \/>\n<meta name=\"twitter:site\" content=\"@radioljubuski\" \/>\n<meta name=\"twitter:label1\" content=\"Napisao\/la\" \/>\n\t<meta name=\"twitter:data1\" content=\"Radio Ljubu\u0161ki\" \/>\n\t<meta name=\"twitter:label2\" content=\"Procijenjeno vrijeme \u010ditanja\" \/>\n\t<meta name=\"twitter:data2\" content=\"1 minuta\" \/>\n<script type=\"application\/ld+json\" class=\"yoast-schema-graph\">{\"@context\":\"https:\\\/\\\/schema.org\",\"@graph\":[{\"@type\":\"Article\",\"@id\":\"https:\\\/\\\/radioljubuski.ba\\\/index.php\\\/2021\\\/04\\\/10\\\/guardiola-ce-biti-sretan-ako-aguero-ode-u-redove-cityjevog-rivala\\\/#article\",\"isPartOf\":{\"@id\":\"https:\\\/\\\/radioljubuski.ba\\\/index.php\\\/2021\\\/04\\\/10\\\/guardiola-ce-biti-sretan-ako-aguero-ode-u-redove-cityjevog-rivala\\\/\"},\"author\":{\"name\":\"Radio Ljubu\u0161ki\",\"@id\":\"https:\\\/\\\/radioljubuski.ba\\\/#\\\/schema\\\/person\\\/19fc700381a780f69665d7956c469e3b\"},\"headline\":\"Guardiola \u0107e biti sretan ako Aguero ode u redove Cityjevog rivala\",\"datePublished\":\"2021-04-10T21:21:27+00:00\",\"dateModified\":\"2021-04-10T21:21:29+00:00\",\"mainEntityOfPage\":{\"@id\":\"https:\\\/\\\/radioljubuski.ba\\\/index.php\\\/2021\\\/04\\\/10\\\/guardiola-ce-biti-sretan-ako-aguero-ode-u-redove-cityjevog-rivala\\\/\"},\"wordCount\":199,\"publisher\":{\"@id\":\"https:\\\/\\\/radioljubuski.ba\\\/#organization\"},\"image\":{\"@id\":\"https:\\\/\\\/radioljubuski.ba\\\/index.php\\\/2021\\\/04\\\/10\\\/guardiola-ce-biti-sretan-ako-aguero-ode-u-redove-cityjevog-rivala\\\/#primaryimage\"},\"thumbnailUrl\":\"https:\\\/\\\/radioljubuski.ba\\\/wp-content\\\/uploads\\\/2021\\\/04\\\/guardiola-hrlj.png\",\"articleSection\":[\"BIH i regija\"],\"inLanguage\":\"hr\"},{\"@type\":\"WebPage\",\"@id\":\"https:\\\/\\\/radioljubuski.ba\\\/index.php\\\/2021\\\/04\\\/10\\\/guardiola-ce-biti-sretan-ako-aguero-ode-u-redove-cityjevog-rivala\\\/\",\"url\":\"https:\\\/\\\/radioljubuski.ba\\\/index.php\\\/2021\\\/04\\\/10\\\/guardiola-ce-biti-sretan-ako-aguero-ode-u-redove-cityjevog-rivala\\\/\",\"name\":\"Guardiola \u0107e biti sretan ako Aguero ode u redove Cityjevog rivala - RADIO LJUBU\u0160KI\",\"isPartOf\":{\"@id\":\"https:\\\/\\\/radioljubuski.ba\\\/#website\"},\"primaryImageOfPage\":{\"@id\":\"https:\\\/\\\/radioljubuski.ba\\\/index.php\\\/2021\\\/04\\\/10\\\/guardiola-ce-biti-sretan-ako-aguero-ode-u-redove-cityjevog-rivala\\\/#primaryimage\"},\"image\":{\"@id\":\"https:\\\/\\\/radioljubuski.ba\\\/index.php\\\/2021\\\/04\\\/10\\\/guardiola-ce-biti-sretan-ako-aguero-ode-u-redove-cityjevog-rivala\\\/#primaryimage\"},\"thumbnailUrl\":\"https:\\\/\\\/radioljubuski.ba\\\/wp-content\\\/uploads\\\/2021\\\/04\\\/guardiola-hrlj.png\",\"datePublished\":\"2021-04-10T21:21:27+00:00\",\"dateModified\":\"2021-04-10T21:21:29+00:00\",\"breadcrumb\":{\"@id\":\"https:\\\/\\\/radioljubuski.ba\\\/index.php\\\/2021\\\/04\\\/10\\\/guardiola-ce-biti-sretan-ako-aguero-ode-u-redove-cityjevog-rivala\\\/#breadcrumb\"},\"inLanguage\":\"hr\",\"potentialAction\":[{\"@type\":\"ReadAction\",\"target\":[\"https:\\\/\\\/radioljubuski.ba\\\/index.php\\\/2021\\\/04\\\/10\\\/guardiola-ce-biti-sretan-ako-aguero-ode-u-redove-cityjevog-rivala\\\/\"]}]},{\"@type\":\"ImageObject\",\"inLanguage\":\"hr\",\"@id\":\"https:\\\/\\\/radioljubuski.ba\\\/index.php\\\/2021\\\/04\\\/10\\\/guardiola-ce-biti-sretan-ako-aguero-ode-u-redove-cityjevog-rivala\\\/#primaryimage\",\"url\":\"https:\\\/\\\/radioljubuski.ba\\\/wp-content\\\/uploads\\\/2021\\\/04\\\/guardiola-hrlj.png\",\"contentUrl\":\"https:\\\/\\\/radioljubuski.ba\\\/wp-content\\\/uploads\\\/2021\\\/04\\\/guardiola-hrlj.png\",\"width\":645,\"height\":362},{\"@type\":\"BreadcrumbList\",\"@id\":\"https:\\\/\\\/radioljubuski.ba\\\/index.php\\\/2021\\\/04\\\/10\\\/guardiola-ce-biti-sretan-ako-aguero-ode-u-redove-cityjevog-rivala\\\/#breadcrumb\",\"itemListElement\":[{\"@type\":\"ListItem\",\"position\":1,\"name\":\"Po\u010detna stranica\",\"item\":\"https:\\\/\\\/radioljubuski.ba\\\/\"},{\"@type\":\"ListItem\",\"position\":2,\"name\":\"Guardiola \u0107e biti sretan ako Aguero ode u redove Cityjevog rivala\"}]},{\"@type\":\"WebSite\",\"@id\":\"https:\\\/\\\/radioljubuski.ba\\\/#website\",\"url\":\"https:\\\/\\\/radioljubuski.ba\\\/\",\"name\":\"Radio Ljubu\u0161ki\",\"description\":\"Sun\u010dana frekvencija Hercegovine\",\"publisher\":{\"@id\":\"https:\\\/\\\/radioljubuski.ba\\\/#organization\"},\"potentialAction\":[{\"@type\":\"SearchAction\",\"target\":{\"@type\":\"EntryPoint\",\"urlTemplate\":\"https:\\\/\\\/radioljubuski.ba\\\/?s={search_term_string}\"},\"query-input\":{\"@type\":\"PropertyValueSpecification\",\"valueRequired\":true,\"valueName\":\"search_term_string\"}}],\"inLanguage\":\"hr\"},{\"@type\":\"Organization\",\"@id\":\"https:\\\/\\\/radioljubuski.ba\\\/#organization\",\"name\":\"Radio Ljubu\u0161ki\",\"url\":\"https:\\\/\\\/radioljubuski.ba\\\/\",\"logo\":{\"@type\":\"ImageObject\",\"inLanguage\":\"hr\",\"@id\":\"https:\\\/\\\/radioljubuski.ba\\\/#\\\/schema\\\/logo\\\/image\\\/\",\"url\":\"https:\\\/\\\/radioljubuski.ba\\\/wp-content\\\/uploads\\\/2021\\\/02\\\/cropped-Radio_Ljubuski_logo1.jpg\",\"contentUrl\":\"https:\\\/\\\/radioljubuski.ba\\\/wp-content\\\/uploads\\\/2021\\\/02\\\/cropped-Radio_Ljubuski_logo1.jpg\",\"width\":512,\"height\":512,\"caption\":\"Radio Ljubu\u0161ki\"},\"image\":{\"@id\":\"https:\\\/\\\/radioljubuski.ba\\\/#\\\/schema\\\/logo\\\/image\\\/\"},\"sameAs\":[\"https:\\\/\\\/www.facebook.com\\\/Radiio-Ljubuski-1490835324566332\",\"https:\\\/\\\/x.com\\\/radioljubuski\",\"https:\\\/\\\/hr.linkedin.com\\\/company\\\/radio-ljubuski\",\"https:\\\/\\\/www.youtube.com\\\/channel\\\/UCHYaeO_n0Db3tjNGudGpXyw\"]},{\"@type\":\"Person\",\"@id\":\"https:\\\/\\\/radioljubuski.ba\\\/#\\\/schema\\\/person\\\/19fc700381a780f69665d7956c469e3b\",\"name\":\"Radio Ljubu\u0161ki\"}]}<\/script>\n<!-- \/ Yoast SEO plugin. -->","yoast_head_json":{"title":"Guardiola \u0107e biti sretan ako Aguero ode u redove Cityjevog rivala - RADIO LJUBU\u0160KI","robots":{"index":"index","follow":"follow","max-snippet":"max-snippet:-1","max-image-preview":"max-image-preview:large","max-video-preview":"max-video-preview:-1"},"canonical":"https:\/\/radioljubuski.ba\/index.php\/2021\/04\/10\/guardiola-ce-biti-sretan-ako-aguero-ode-u-redove-cityjevog-rivala\/","og_locale":"hr_HR","og_type":"article","og_title":"Guardiola \u0107e biti sretan ako Aguero ode u redove Cityjevog rivala - RADIO LJUBU\u0160KI","og_description":"Trener Manchester Cityja Pep Guardiola rekao je da \u017eeli samo najbolje za Sergija Aguera, legendu kluba, koji napu\u0161ta Gra\u0111ane na kraju sezone, \u010dak i ako Argentinac odlu\u010di poja\u010dati konkurenta u Premier ligi. Aguero je u dresu Cityja postigao 257 golova u 385 nastupa i osvojio \u010detiri naslova prvaka Engleske. Tridesetdvogodi\u0161njeg nogometa\u0161a povezivalo se s klubovima [&hellip;]","og_url":"https:\/\/radioljubuski.ba\/index.php\/2021\/04\/10\/guardiola-ce-biti-sretan-ako-aguero-ode-u-redove-cityjevog-rivala\/","og_site_name":"RADIO LJUBU\u0160KI","article_publisher":"https:\/\/www.facebook.com\/Radiio-Ljubuski-1490835324566332","article_published_time":"2021-04-10T21:21:27+00:00","article_modified_time":"2021-04-10T21:21:29+00:00","og_image":[{"width":645,"height":362,"url":"https:\/\/radioljubuski.ba\/wp-content\/uploads\/2021\/04\/guardiola-hrlj.png","type":"image\/png"}],"author":"Radio Ljubu\u0161ki","twitter_card":"summary_large_image","twitter_creator":"@radioljubuski","twitter_site":"@radioljubuski","twitter_misc":{"Napisao\/la":"Radio Ljubu\u0161ki","Procijenjeno vrijeme \u010ditanja":"1 minuta"},"schema":{"@context":"https:\/\/schema.org","@graph":[{"@type":"Article","@id":"https:\/\/radioljubuski.ba\/index.php\/2021\/04\/10\/guardiola-ce-biti-sretan-ako-aguero-ode-u-redove-cityjevog-rivala\/#article","isPartOf":{"@id":"https:\/\/radioljubuski.ba\/index.php\/2021\/04\/10\/guardiola-ce-biti-sretan-ako-aguero-ode-u-redove-cityjevog-rivala\/"},"author":{"name":"Radio Ljubu\u0161ki","@id":"https:\/\/radioljubuski.ba\/#\/schema\/person\/19fc700381a780f69665d7956c469e3b"},"headline":"Guardiola \u0107e biti sretan ako Aguero ode u redove Cityjevog rivala","datePublished":"2021-04-10T21:21:27+00:00","dateModified":"2021-04-10T21:21:29+00:00","mainEntityOfPage":{"@id":"https:\/\/radioljubuski.ba\/index.php\/2021\/04\/10\/guardiola-ce-biti-sretan-ako-aguero-ode-u-redove-cityjevog-rivala\/"},"wordCount":199,"publisher":{"@id":"https:\/\/radioljubuski.ba\/#organization"},"image":{"@id":"https:\/\/radioljubuski.ba\/index.php\/2021\/04\/10\/guardiola-ce-biti-sretan-ako-aguero-ode-u-redove-cityjevog-rivala\/#primaryimage"},"thumbnailUrl":"https:\/\/radioljubuski.ba\/wp-content\/uploads\/2021\/04\/guardiola-hrlj.png","articleSection":["BIH i regija"],"inLanguage":"hr"},{"@type":"WebPage","@id":"https:\/\/radioljubuski.ba\/index.php\/2021\/04\/10\/guardiola-ce-biti-sretan-ako-aguero-ode-u-redove-cityjevog-rivala\/","url":"https:\/\/radioljubuski.ba\/index.php\/2021\/04\/10\/guardiola-ce-biti-sretan-ako-aguero-ode-u-redove-cityjevog-rivala\/","name":"Guardiola \u0107e biti sretan ako Aguero ode u redove Cityjevog rivala - RADIO LJUBU\u0160KI","isPartOf":{"@id":"https:\/\/radioljubuski.ba\/#website"},"primaryImageOfPage":{"@id":"https:\/\/radioljubuski.ba\/index.php\/2021\/04\/10\/guardiola-ce-biti-sretan-ako-aguero-ode-u-redove-cityjevog-rivala\/#primaryimage"},"image":{"@id":"https:\/\/radioljubuski.ba\/index.php\/2021\/04\/10\/guardiola-ce-biti-sretan-ako-aguero-ode-u-redove-cityjevog-rivala\/#primaryimage"},"thumbnailUrl":"https:\/\/radioljubuski.ba\/wp-content\/uploads\/2021\/04\/guardiola-hrlj.png","datePublished":"2021-04-10T21:21:27+00:00","dateModified":"2021-04-10T21:21:29+00:00","breadcrumb":{"@id":"https:\/\/radioljubuski.ba\/index.php\/2021\/04\/10\/guardiola-ce-biti-sretan-ako-aguero-ode-u-redove-cityjevog-rivala\/#breadcrumb"},"inLanguage":"hr","potentialAction":[{"@type":"ReadAction","target":["https:\/\/radioljubuski.ba\/index.php\/2021\/04\/10\/guardiola-ce-biti-sretan-ako-aguero-ode-u-redove-cityjevog-rivala\/"]}]},{"@type":"ImageObject","inLanguage":"hr","@id":"https:\/\/radioljubuski.ba\/index.php\/2021\/04\/10\/guardiola-ce-biti-sretan-ako-aguero-ode-u-redove-cityjevog-rivala\/#primaryimage","url":"https:\/\/radioljubuski.ba\/wp-content\/uploads\/2021\/04\/guardiola-hrlj.png","contentUrl":"https:\/\/radioljubuski.ba\/wp-content\/uploads\/2021\/04\/guardiola-hrlj.png","width":645,"height":362},{"@type":"BreadcrumbList","@id":"https:\/\/radioljubuski.ba\/index.php\/2021\/04\/10\/guardiola-ce-biti-sretan-ako-aguero-ode-u-redove-cityjevog-rivala\/#breadcrumb","itemListElement":[{"@type":"ListItem","position":1,"name":"Po\u010detna stranica","item":"https:\/\/radioljubuski.ba\/"},{"@type":"ListItem","position":2,"name":"Guardiola \u0107e biti sretan ako Aguero ode u redove Cityjevog rivala"}]},{"@type":"WebSite","@id":"https:\/\/radioljubuski.ba\/#website","url":"https:\/\/radioljubuski.ba\/","name":"Radio Ljubu\u0161ki","description":"Sun\u010dana frekvencija Hercegovine","publisher":{"@id":"https:\/\/radioljubuski.ba\/#organization"},"potentialAction":[{"@type":"SearchAction","target":{"@type":"EntryPoint","urlTemplate":"https:\/\/radioljubuski.ba\/?s={search_term_string}"},"query-input":{"@type":"PropertyValueSpecification","valueRequired":true,"valueName":"search_term_string"}}],"inLanguage":"hr"},{"@type":"Organization","@id":"https:\/\/radioljubuski.ba\/#organization","name":"Radio Ljubu\u0161ki","url":"https:\/\/radioljubuski.ba\/","logo":{"@type":"ImageObject","inLanguage":"hr","@id":"https:\/\/radioljubuski.ba\/#\/schema\/logo\/image\/","url":"https:\/\/radioljubuski.ba\/wp-content\/uploads\/2021\/02\/cropped-Radio_Ljubuski_logo1.jpg","contentUrl":"https:\/\/radioljubuski.ba\/wp-content\/uploads\/2021\/02\/cropped-Radio_Ljubuski_logo1.jpg","width":512,"height":512,"caption":"Radio Ljubu\u0161ki"},"image":{"@id":"https:\/\/radioljubuski.ba\/#\/schema\/logo\/image\/"},"sameAs":["https:\/\/www.facebook.com\/Radiio-Ljubuski-1490835324566332","https:\/\/x.com\/radioljubuski","https:\/\/hr.linkedin.com\/company\/radio-ljubuski","https:\/\/www.youtube.com\/channel\/UCHYaeO_n0Db3tjNGudGpXyw"]},{"@type":"Person","@id":"https:\/\/radioljubuski.ba\/#\/schema\/person\/19fc700381a780f69665d7956c469e3b","name":"Radio Ljubu\u0161ki"}]}},"_links":{"self":[{"href":"https:\/\/radioljubuski.ba\/index.php\/wp-json\/wp\/v2\/posts\/11561","targetHints":{"allow":["GET"]}}],"collection":[{"href":"https:\/\/radioljubuski.ba\/index.php\/wp-json\/wp\/v2\/posts"}],"about":[{"href":"https:\/\/radioljubuski.ba\/index.php\/wp-json\/wp\/v2\/types\/post"}],"author":[{"embeddable":true,"href":"https:\/\/radioljubuski.ba\/index.php\/wp-json\/wp\/v2\/users\/2"}],"replies":[{"embeddable":true,"href":"https:\/\/radioljubuski.ba\/index.php\/wp-json\/wp\/v2\/comments?post=11561"}],"version-history":[{"count":1,"href":"https:\/\/radioljubuski.ba\/index.php\/wp-json\/wp\/v2\/posts\/11561\/revisions"}],"predecessor-version":[{"id":11563,"href":"https:\/\/radioljubuski.ba\/index.php\/wp-json\/wp\/v2\/posts\/11561\/revisions\/11563"}],"wp:featuredmedia":[{"embeddable":true,"href":"https:\/\/radioljubuski.ba\/index.php\/wp-json\/wp\/v2\/media\/11562"}],"wp:attachment":[{"href":"https:\/\/radioljubuski.ba\/index.php\/wp-json\/wp\/v2\/media?parent=11561"}],"wp:term":[{"taxonomy":"category","embeddable":true,"href":"https:\/\/radioljubuski.ba\/index.php\/wp-json\/wp\/v2\/categories?post=11561"},{"taxonomy":"post_tag","embeddable":true,"href":"https:\/\/radioljubuski.ba\/index.php\/wp-json\/wp\/v2\/tags?post=11561"}],"curies":[{"name":"wp","href":"https:\/\/api.w.org\/{rel}","templated":true}]}}